{"id":385,"date":"2025-05-10T06:37:53","date_gmt":"2025-05-10T06:37:53","guid":{"rendered":"https:\/\/agrupacionespsoe.es\/pedroche\/?p=385"},"modified":"2025-05-10T06:37:56","modified_gmt":"2025-05-10T06:37:56","slug":"renovada-la-comision-ejecutiva-municipal-del-psoe-de-pedroche","status":"publish","type":"post","link":"https:\/\/agrupacionespsoe.es\/pedroche\/renovada-la-comision-ejecutiva-municipal-del-psoe-de-pedroche\/","title":{"rendered":"Renovada la Comisi\u00f3n Ejecutiva Municipal del PSOE de Pedroche"},"content":{"rendered":"\n<p><strong>En la asamblea de la agrupaci\u00f3n municipal socialista de Pedroche, celebrada este viernes d\u00eda 9 de mayo, ha tenido lugar la elecci\u00f3n de la Comisi\u00f3n Ejecutiva Municipal.<\/strong><\/p>\n\n\n\n<p>Aprobada por unanimidad, se han renovado los diferentes cargos donde <strong>Pedro de la Fuente Serrano<\/strong> vuelve a ser Secretario General, <strong>El\u00edas Moya Lozano<\/strong> repite como Presidente, <strong>Francisca Moya Moya<\/strong> como Secretaria de Organizaci\u00f3n y <strong>Miguel \u00c1ngel Le\u00f3n Moya<\/strong> como Secretario de Pol\u00edtica Municipal. <\/p>\n\n\n\n<p>Desde el PSOE de Pedroche vamos a seguir trabajando, como m\u00ednimo, igual que hasta ahora. No hemos bajado los brazos tras las elecciones municipales de hace dos a\u00f1os, al contrario. Escuchamos a nuestros vecinos y vecinas, fiscalizamos al equipo de gobierno del PP, proponemos mejoras, necesidades, y damos cuenta de todas aquellas cuestiones que todos y todas debemos saber, con transparencia y rigor.<\/p>\n\n\n\n<p>No podemos conformarnos con un gobierno municipal en pruebas como el que tenemos actualmente, tenemos que apostar por un ayuntamiento fuerte que no funcione a base de experimentos fallidos bajo la consigna del cambio por el cambio. Desde una pol\u00edtica constructiva y con responsabilidad, queremos conseguir la confianza necesaria para ganar las siguientes elecciones municipales. Esto se consigue trabajando cada d\u00eda por el bienestar y por una apuesta de futuro de las pedroche\u00f1as y pedroche\u00f1os, y as\u00ed lo estamos haciendo.<\/p>\n\n\n\n<p>Pedro de la Fuente Serrano ostenta el cargo de Secretario General de la agrupaci\u00f3n socialista de Pedroche desde 2015, cargo revalidado ya en tres ocasiones. Adem\u00e1s, con el PSOE ha formado parte del Equipo de Gobierno en el Ayuntamiento durante 16 a\u00f1os siendo concejal y portavoz socialista en las legislaturas de 2003, 2007, 2011 y 2019. Adem\u00e1s, entre diciembre de 2021 y abril de 2025, form\u00f3 parte de la ejecutiva provincial del PSOE de C\u00f3rdoba como secretario de Memoria Democr\u00e1tica. En 2023 pas\u00f3 a ser portavoz en la oposici\u00f3n tras ser candidato a la alcald\u00eda.<\/p>\n\n\n\n<p><\/p>\n","protected":false},"excerpt":{"rendered":"<p>En la asamblea de la agrupaci\u00f3n municipal socialista de Pedroche, celebrada este viernes d\u00eda 9 de mayo, ha tenido lugar la elecci\u00f3n de la Comisi\u00f3n Ejecutiva Municipal. Aprobada por unanimidad, se han renovado los diferentes cargos donde Pedro de la Fuente Serrano vuelve a ser Secretario General, El\u00edas Moya Lozano repite como Presidente, Francisca Moya &#8230;<\/p>\n","protected":false},"author":125,"featured_media":386,"comment_status":"closed","ping_status":"open","sticky":false,"template":"","format":"standard","meta":{"_jetpack_memberships_contains_paid_content":false,"footnotes":""},"categories":[6],"tags":[],"class_list":["post-385","post","type-post","status-publish","format-standard","has-post-thumbnail","hentry","category-pedroche"],"yoast_head":"<!-- This site is optimized with the Yoast SEO plugin v24.0 - https:\/\/yoast.com\/wordpress\/plugins\/seo\/ -->\n<title>Renovada la Comisi\u00f3n Ejecutiva Municipal del PSOE de Pedroche - Agrupaci\u00f3n Socialista de Pedroche<\/title>\n<meta name=\"robots\" content=\"index, follow, max-snippet:-1, max-image-preview:large, max-video-preview:-1\" \/>\n<link rel=\"canonical\" href=\"https:\/\/agrupacionespsoe.es\/pedroche\/renovada-la-comision-ejecutiva-municipal-del-psoe-de-pedroche\/\" \/>\n<meta property=\"og:locale\" content=\"es_ES\" \/>\n<meta property=\"og:type\" content=\"article\" \/>\n<meta property=\"og:title\" content=\"Renovada la Comisi\u00f3n Ejecutiva Municipal del PSOE de Pedroche - Agrupaci\u00f3n Socialista de Pedroche\" \/>\n<meta property=\"og:description\" content=\"En la asamblea de la agrupaci\u00f3n municipal socialista de Pedroche, celebrada este viernes d\u00eda 9 de mayo, ha tenido lugar la elecci\u00f3n de la Comisi\u00f3n Ejecutiva Municipal. Aprobada por unanimidad, se han renovado los diferentes cargos donde Pedro de la Fuente Serrano vuelve a ser Secretario General, El\u00edas Moya Lozano repite como Presidente, Francisca Moya ...\" \/>\n<meta property=\"og:url\" content=\"https:\/\/agrupacionespsoe.es\/pedroche\/renovada-la-comision-ejecutiva-municipal-del-psoe-de-pedroche\/\" \/>\n<meta property=\"og:site_name\" content=\"Agrupaci\u00f3n Socialista de Pedroche\" \/>\n<meta property=\"article:published_time\" content=\"2025-05-10T06:37:53+00:00\" \/>\n<meta property=\"article:modified_time\" content=\"2025-05-10T06:37:56+00:00\" \/>\n<meta property=\"og:image\" content=\"https:\/\/agrupacionespsoe.es\/pedroche\/wp-content\/uploads\/sites\/79\/2025\/05\/ejecutiva.jpg\" \/>\n\t<meta property=\"og:image:width\" content=\"1055\" \/>\n\t<meta property=\"og:image:height\" content=\"678\" \/>\n\t<meta property=\"og:image:type\" content=\"image\/jpeg\" \/>\n<meta name=\"author\" content=\"pedroche2\" \/>\n<meta name=\"twitter:card\" content=\"summary_large_image\" \/>\n<meta name=\"twitter:label1\" content=\"Escrito por\" \/>\n\t<meta name=\"twitter:data1\" content=\"pedroche2\" \/>\n\t<meta name=\"twitter:label2\" content=\"Tiempo de lectura\" \/>\n\t<meta name=\"twitter:data2\" content=\"2 minutos\" \/>\n<script type=\"application\/ld+json\" class=\"yoast-schema-graph\">{\"@context\":\"https:\/\/schema.org\",\"@graph\":[{\"@type\":\"Article\",\"@id\":\"https:\/\/agrupacionespsoe.es\/pedroche\/renovada-la-comision-ejecutiva-municipal-del-psoe-de-pedroche\/#article\",\"isPartOf\":{\"@id\":\"https:\/\/agrupacionespsoe.es\/pedroche\/renovada-la-comision-ejecutiva-municipal-del-psoe-de-pedroche\/\"},\"author\":{\"name\":\"pedroche2\",\"@id\":\"https:\/\/agrupacionespsoe.es\/pedroche\/#\/schema\/person\/acf80f35d39cc7f7bb29d731960fbbf6\"},\"headline\":\"Renovada la Comisi\u00f3n Ejecutiva Municipal del PSOE de Pedroche\",\"datePublished\":\"2025-05-10T06:37:53+00:00\",\"dateModified\":\"2025-05-10T06:37:56+00:00\",\"mainEntityOfPage\":{\"@id\":\"https:\/\/agrupacionespsoe.es\/pedroche\/renovada-la-comision-ejecutiva-municipal-del-psoe-de-pedroche\/\"},\"wordCount\":330,\"publisher\":{\"@id\":\"https:\/\/agrupacionespsoe.es\/pedroche\/#organization\"},\"image\":{\"@id\":\"https:\/\/agrupacionespsoe.es\/pedroche\/renovada-la-comision-ejecutiva-municipal-del-psoe-de-pedroche\/#primaryimage\"},\"thumbnailUrl\":\"https:\/\/agrupacionespsoe.es\/pedroche\/wp-content\/uploads\/sites\/79\/2025\/05\/ejecutiva.jpg\",\"articleSection\":[\"PEDROCHE\"],\"inLanguage\":\"es\"},{\"@type\":\"WebPage\",\"@id\":\"https:\/\/agrupacionespsoe.es\/pedroche\/renovada-la-comision-ejecutiva-municipal-del-psoe-de-pedroche\/\",\"url\":\"https:\/\/agrupacionespsoe.es\/pedroche\/renovada-la-comision-ejecutiva-municipal-del-psoe-de-pedroche\/\",\"name\":\"Renovada la Comisi\u00f3n Ejecutiva Municipal del PSOE de Pedroche - Agrupaci\u00f3n Socialista de Pedroche\",\"isPartOf\":{\"@id\":\"https:\/\/agrupacionespsoe.es\/pedroche\/#website\"},\"primaryImageOfPage\":{\"@id\":\"https:\/\/agrupacionespsoe.es\/pedroche\/renovada-la-comision-ejecutiva-municipal-del-psoe-de-pedroche\/#primaryimage\"},\"image\":{\"@id\":\"https:\/\/agrupacionespsoe.es\/pedroche\/renovada-la-comision-ejecutiva-municipal-del-psoe-de-pedroche\/#primaryimage\"},\"thumbnailUrl\":\"https:\/\/agrupacionespsoe.es\/pedroche\/wp-content\/uploads\/sites\/79\/2025\/05\/ejecutiva.jpg\",\"datePublished\":\"2025-05-10T06:37:53+00:00\",\"dateModified\":\"2025-05-10T06:37:56+00:00\",\"breadcrumb\":{\"@id\":\"https:\/\/agrupacionespsoe.es\/pedroche\/renovada-la-comision-ejecutiva-municipal-del-psoe-de-pedroche\/#breadcrumb\"},\"inLanguage\":\"es\",\"potentialAction\":[{\"@type\":\"ReadAction\",\"target\":[\"https:\/\/agrupacionespsoe.es\/pedroche\/renovada-la-comision-ejecutiva-municipal-del-psoe-de-pedroche\/\"]}]},{\"@type\":\"ImageObject\",\"inLanguage\":\"es\",\"@id\":\"https:\/\/agrupacionespsoe.es\/pedroche\/renovada-la-comision-ejecutiva-municipal-del-psoe-de-pedroche\/#primaryimage\",\"url\":\"https:\/\/agrupacionespsoe.es\/pedroche\/wp-content\/uploads\/sites\/79\/2025\/05\/ejecutiva.jpg\",\"contentUrl\":\"https:\/\/agrupacionespsoe.es\/pedroche\/wp-content\/uploads\/sites\/79\/2025\/05\/ejecutiva.jpg\",\"width\":1055,\"height\":678,\"caption\":\"Renovada la Comisi\u00f3n Ejecutiva Municipal del PSOE de Pedroche\"},{\"@type\":\"BreadcrumbList\",\"@id\":\"https:\/\/agrupacionespsoe.es\/pedroche\/renovada-la-comision-ejecutiva-municipal-del-psoe-de-pedroche\/#breadcrumb\",\"itemListElement\":[{\"@type\":\"ListItem\",\"position\":1,\"name\":\"Portada\",\"item\":\"https:\/\/agrupacionespsoe.es\/pedroche\/\"},{\"@type\":\"ListItem\",\"position\":2,\"name\":\"Renovada la Comisi\u00f3n Ejecutiva Municipal del PSOE de Pedroche\"}]},{\"@type\":\"WebSite\",\"@id\":\"https:\/\/agrupacionespsoe.es\/pedroche\/#website\",\"url\":\"https:\/\/agrupacionespsoe.es\/pedroche\/\",\"name\":\"Agrupaci\u00f3n Socialista de Pedroche\",\"description\":\"Agrupaci\u00f3n Socialista de Pedroche\",\"publisher\":{\"@id\":\"https:\/\/agrupacionespsoe.es\/pedroche\/#organization\"},\"potentialAction\":[{\"@type\":\"SearchAction\",\"target\":{\"@type\":\"EntryPoint\",\"urlTemplate\":\"https:\/\/agrupacionespsoe.es\/pedroche\/?s={search_term_string}\"},\"query-input\":{\"@type\":\"PropertyValueSpecification\",\"valueRequired\":true,\"valueName\":\"search_term_string\"}}],\"inLanguage\":\"es\"},{\"@type\":\"Organization\",\"@id\":\"https:\/\/agrupacionespsoe.es\/pedroche\/#organization\",\"name\":\"Agrupaci\u00f3n Socialista de Pedroche\",\"url\":\"https:\/\/agrupacionespsoe.es\/pedroche\/\",\"logo\":{\"@type\":\"ImageObject\",\"inLanguage\":\"es\",\"@id\":\"https:\/\/agrupacionespsoe.es\/pedroche\/#\/schema\/logo\/image\/\",\"url\":\"https:\/\/agrupacionespsoe.es\/wp-content\/uploads\/2022\/07\/Logotipo_electoral_del_PSOE.png\",\"contentUrl\":\"https:\/\/agrupacionespsoe.es\/wp-content\/uploads\/2022\/07\/Logotipo_electoral_del_PSOE.png\",\"width\":422,\"height\":422,\"caption\":\"Agrupaci\u00f3n Socialista de Pedroche\"},\"image\":{\"@id\":\"https:\/\/agrupacionespsoe.es\/pedroche\/#\/schema\/logo\/image\/\"}},{\"@type\":\"Person\",\"@id\":\"https:\/\/agrupacionespsoe.es\/pedroche\/#\/schema\/person\/acf80f35d39cc7f7bb29d731960fbbf6\",\"name\":\"pedroche2\",\"image\":{\"@type\":\"ImageObject\",\"inLanguage\":\"es\",\"@id\":\"https:\/\/agrupacionespsoe.es\/pedroche\/#\/schema\/person\/image\/\",\"url\":\"https:\/\/secure.gravatar.com\/avatar\/1f410c7932c1a650bc65aef28226ac2d?s=96&d=mm&r=g\",\"contentUrl\":\"https:\/\/secure.gravatar.com\/avatar\/1f410c7932c1a650bc65aef28226ac2d?s=96&d=mm&r=g\",\"caption\":\"pedroche2\"},\"url\":\"https:\/\/agrupacionespsoe.es\/pedroche\/author\/pedroche2\/\"}]}<\/script>\n<!-- \/ Yoast SEO plugin. -->","yoast_head_json":{"title":"Renovada la Comisi\u00f3n Ejecutiva Municipal del PSOE de Pedroche - Agrupaci\u00f3n Socialista de Pedroche","robots":{"index":"index","follow":"follow","max-snippet":"max-snippet:-1","max-image-preview":"max-image-preview:large","max-video-preview":"max-video-preview:-1"},"canonical":"https:\/\/agrupacionespsoe.es\/pedroche\/renovada-la-comision-ejecutiva-municipal-del-psoe-de-pedroche\/","og_locale":"es_ES","og_type":"article","og_title":"Renovada la Comisi\u00f3n Ejecutiva Municipal del PSOE de Pedroche - Agrupaci\u00f3n Socialista de Pedroche","og_description":"En la asamblea de la agrupaci\u00f3n municipal socialista de Pedroche, celebrada este viernes d\u00eda 9 de mayo, ha tenido lugar la elecci\u00f3n de la Comisi\u00f3n Ejecutiva Municipal. Aprobada por unanimidad, se han renovado los diferentes cargos donde Pedro de la Fuente Serrano vuelve a ser Secretario General, El\u00edas Moya Lozano repite como Presidente, Francisca Moya ...","og_url":"https:\/\/agrupacionespsoe.es\/pedroche\/renovada-la-comision-ejecutiva-municipal-del-psoe-de-pedroche\/","og_site_name":"Agrupaci\u00f3n Socialista de Pedroche","article_published_time":"2025-05-10T06:37:53+00:00","article_modified_time":"2025-05-10T06:37:56+00:00","og_image":[{"width":1055,"height":678,"url":"https:\/\/agrupacionespsoe.es\/pedroche\/wp-content\/uploads\/sites\/79\/2025\/05\/ejecutiva.jpg","type":"image\/jpeg"}],"author":"pedroche2","twitter_card":"summary_large_image","twitter_misc":{"Escrito por":"pedroche2","Tiempo de lectura":"2 minutos"},"schema":{"@context":"https:\/\/schema.org","@graph":[{"@type":"Article","@id":"https:\/\/agrupacionespsoe.es\/pedroche\/renovada-la-comision-ejecutiva-municipal-del-psoe-de-pedroche\/#article","isPartOf":{"@id":"https:\/\/agrupacionespsoe.es\/pedroche\/renovada-la-comision-ejecutiva-municipal-del-psoe-de-pedroche\/"},"author":{"name":"pedroche2","@id":"https:\/\/agrupacionespsoe.es\/pedroche\/#\/schema\/person\/acf80f35d39cc7f7bb29d731960fbbf6"},"headline":"Renovada la Comisi\u00f3n Ejecutiva Municipal del PSOE de Pedroche","datePublished":"2025-05-10T06:37:53+00:00","dateModified":"2025-05-10T06:37:56+00:00","mainEntityOfPage":{"@id":"https:\/\/agrupacionespsoe.es\/pedroche\/renovada-la-comision-ejecutiva-municipal-del-psoe-de-pedroche\/"},"wordCount":330,"publisher":{"@id":"https:\/\/agrupacionespsoe.es\/pedroche\/#organization"},"image":{"@id":"https:\/\/agrupacionespsoe.es\/pedroche\/renovada-la-comision-ejecutiva-municipal-del-psoe-de-pedroche\/#primaryimage"},"thumbnailUrl":"https:\/\/agrupacionespsoe.es\/pedroche\/wp-content\/uploads\/sites\/79\/2025\/05\/ejecutiva.jpg","articleSection":["PEDROCHE"],"inLanguage":"es"},{"@type":"WebPage","@id":"https:\/\/agrupacionespsoe.es\/pedroche\/renovada-la-comision-ejecutiva-municipal-del-psoe-de-pedroche\/","url":"https:\/\/agrupacionespsoe.es\/pedroche\/renovada-la-comision-ejecutiva-municipal-del-psoe-de-pedroche\/","name":"Renovada la Comisi\u00f3n Ejecutiva Municipal del PSOE de Pedroche - Agrupaci\u00f3n Socialista de Pedroche","isPartOf":{"@id":"https:\/\/agrupacionespsoe.es\/pedroche\/#website"},"primaryImageOfPage":{"@id":"https:\/\/agrupacionespsoe.es\/pedroche\/renovada-la-comision-ejecutiva-municipal-del-psoe-de-pedroche\/#primaryimage"},"image":{"@id":"https:\/\/agrupacionespsoe.es\/pedroche\/renovada-la-comision-ejecutiva-municipal-del-psoe-de-pedroche\/#primaryimage"},"thumbnailUrl":"https:\/\/agrupacionespsoe.es\/pedroche\/wp-content\/uploads\/sites\/79\/2025\/05\/ejecutiva.jpg","datePublished":"2025-05-10T06:37:53+00:00","dateModified":"2025-05-10T06:37:56+00:00","breadcrumb":{"@id":"https:\/\/agrupacionespsoe.es\/pedroche\/renovada-la-comision-ejecutiva-municipal-del-psoe-de-pedroche\/#breadcrumb"},"inLanguage":"es","potentialAction":[{"@type":"ReadAction","target":["https:\/\/agrupacionespsoe.es\/pedroche\/renovada-la-comision-ejecutiva-municipal-del-psoe-de-pedroche\/"]}]},{"@type":"ImageObject","inLanguage":"es","@id":"https:\/\/agrupacionespsoe.es\/pedroche\/renovada-la-comision-ejecutiva-municipal-del-psoe-de-pedroche\/#primaryimage","url":"https:\/\/agrupacionespsoe.es\/pedroche\/wp-content\/uploads\/sites\/79\/2025\/05\/ejecutiva.jpg","contentUrl":"https:\/\/agrupacionespsoe.es\/pedroche\/wp-content\/uploads\/sites\/79\/2025\/05\/ejecutiva.jpg","width":1055,"height":678,"caption":"Renovada la Comisi\u00f3n Ejecutiva Municipal del PSOE de Pedroche"},{"@type":"BreadcrumbList","@id":"https:\/\/agrupacionespsoe.es\/pedroche\/renovada-la-comision-ejecutiva-municipal-del-psoe-de-pedroche\/#breadcrumb","itemListElement":[{"@type":"ListItem","position":1,"name":"Portada","item":"https:\/\/agrupacionespsoe.es\/pedroche\/"},{"@type":"ListItem","position":2,"name":"Renovada la Comisi\u00f3n Ejecutiva Municipal del PSOE de Pedroche"}]},{"@type":"WebSite","@id":"https:\/\/agrupacionespsoe.es\/pedroche\/#website","url":"https:\/\/agrupacionespsoe.es\/pedroche\/","name":"Agrupaci\u00f3n Socialista de Pedroche","description":"Agrupaci\u00f3n Socialista de Pedroche","publisher":{"@id":"https:\/\/agrupacionespsoe.es\/pedroche\/#organization"},"potentialAction":[{"@type":"SearchAction","target":{"@type":"EntryPoint","urlTemplate":"https:\/\/agrupacionespsoe.es\/pedroche\/?s={search_term_string}"},"query-input":{"@type":"PropertyValueSpecification","valueRequired":true,"valueName":"search_term_string"}}],"inLanguage":"es"},{"@type":"Organization","@id":"https:\/\/agrupacionespsoe.es\/pedroche\/#organization","name":"Agrupaci\u00f3n Socialista de Pedroche","url":"https:\/\/agrupacionespsoe.es\/pedroche\/","logo":{"@type":"ImageObject","inLanguage":"es","@id":"https:\/\/agrupacionespsoe.es\/pedroche\/#\/schema\/logo\/image\/","url":"https:\/\/agrupacionespsoe.es\/wp-content\/uploads\/2022\/07\/Logotipo_electoral_del_PSOE.png","contentUrl":"https:\/\/agrupacionespsoe.es\/wp-content\/uploads\/2022\/07\/Logotipo_electoral_del_PSOE.png","width":422,"height":422,"caption":"Agrupaci\u00f3n Socialista de Pedroche"},"image":{"@id":"https:\/\/agrupacionespsoe.es\/pedroche\/#\/schema\/logo\/image\/"}},{"@type":"Person","@id":"https:\/\/agrupacionespsoe.es\/pedroche\/#\/schema\/person\/acf80f35d39cc7f7bb29d731960fbbf6","name":"pedroche2","image":{"@type":"ImageObject","inLanguage":"es","@id":"https:\/\/agrupacionespsoe.es\/pedroche\/#\/schema\/person\/image\/","url":"https:\/\/secure.gravatar.com\/avatar\/1f410c7932c1a650bc65aef28226ac2d?s=96&d=mm&r=g","contentUrl":"https:\/\/secure.gravatar.com\/avatar\/1f410c7932c1a650bc65aef28226ac2d?s=96&d=mm&r=g","caption":"pedroche2"},"url":"https:\/\/agrupacionespsoe.es\/pedroche\/author\/pedroche2\/"}]}},"jetpack_featured_media_url":"https:\/\/agrupacionespsoe.es\/pedroche\/wp-content\/uploads\/sites\/79\/2025\/05\/ejecutiva.jpg","jetpack_sharing_enabled":true,"_links":{"self":[{"href":"https:\/\/agrupacionespsoe.es\/pedroche\/wp-json\/wp\/v2\/posts\/385","targetHints":{"allow":["GET"]}}],"collection":[{"href":"https:\/\/agrupacionespsoe.es\/pedroche\/wp-json\/wp\/v2\/posts"}],"about":[{"href":"https:\/\/agrupacionespsoe.es\/pedroche\/wp-json\/wp\/v2\/types\/post"}],"author":[{"embeddable":true,"href":"https:\/\/agrupacionespsoe.es\/pedroche\/wp-json\/wp\/v2\/users\/125"}],"replies":[{"embeddable":true,"href":"https:\/\/agrupacionespsoe.es\/pedroche\/wp-json\/wp\/v2\/comments?post=385"}],"version-history":[{"count":1,"href":"https:\/\/agrupacionespsoe.es\/pedroche\/wp-json\/wp\/v2\/posts\/385\/revisions"}],"predecessor-version":[{"id":387,"href":"https:\/\/agrupacionespsoe.es\/pedroche\/wp-json\/wp\/v2\/posts\/385\/revisions\/387"}],"wp:featuredmedia":[{"embeddable":true,"href":"https:\/\/agrupacionespsoe.es\/pedroche\/wp-json\/wp\/v2\/media\/386"}],"wp:attachment":[{"href":"https:\/\/agrupacionespsoe.es\/pedroche\/wp-json\/wp\/v2\/media?parent=385"}],"wp:term":[{"taxonomy":"category","embeddable":true,"href":"https:\/\/agrupacionespsoe.es\/pedroche\/wp-json\/wp\/v2\/categories?post=385"},{"taxonomy":"post_tag","embeddable":true,"href":"https:\/\/agrupacionespsoe.es\/pedroche\/wp-json\/wp\/v2\/tags?post=385"}],"curies":[{"name":"wp","href":"https:\/\/api.w.org\/{rel}","templated":true}]}}