{"id":314,"date":"2023-05-21T08:13:18","date_gmt":"2023-05-21T08:13:18","guid":{"rendered":"https:\/\/agrupacionespsoe.es\/pedroche\/?p=314"},"modified":"2023-05-21T08:25:58","modified_gmt":"2023-05-21T08:25:58","slug":"presentacion-del-programa-electoral-del-psoe-de-pedroche","status":"publish","type":"post","link":"https:\/\/agrupacionespsoe.es\/pedroche\/presentacion-del-programa-electoral-del-psoe-de-pedroche\/","title":{"rendered":"Presentaci\u00f3n del programa electoral del PSOE de Pedroche"},"content":{"rendered":"\n<p><strong>El PSOE de Pedroche se presenta a las pr\u00f3ximas elecciones municipales con un equipo con experiencia, que ha escuchado las inquietudes, comprendido las necesidades y est\u00e1 buscando soluci\u00f3n a los problemas.<\/strong><\/p>\n\n\n\n<p>Nuestro candidato a la alcald\u00eda es Pedro de la Fuente, honesto, leal y comprometido con su pueblo desde muy joven. Una persona capacitada para continuar con un proyecto de un Pedroche moderno y abierto que conserve la esencia de la tradici\u00f3n, de los que de verdad est\u00e1n en pol\u00edtica para mejorar la sociedad pedroche\u00f1a y la calidad de vida de todos nuestros vecinos y vecinas.<\/p>\n\n\n\n<p>Acompa\u00f1an a Pedro de la Fuente, M\u00aa \u00c1ngeles Tirado, Manuel Belvis, Roc\u00edo Sanchis, Rafael Cano, Paqui Moya, Jos\u00e9 Manuel Moya, Azahara Ruiz, Santiago Ruiz, Miguel \u00c1ngel Le\u00f3n y El\u00edas Moya.<\/p>\n\n\n\n<p>Nos presentamos por el cari\u00f1o a nuestro pueblo, y nuestros a\u00f1os de trabajo dentro y fuera de la pol\u00edtica nos avalan.<\/p>\n\n\n\n<p>Somos un grupo de hombres y mujeres cercanas, preparadas y responsabilizadas con nuestro pueblo y con ganas de trabajar por y para la gente. Ofrecemos garant\u00edas y certezas, porque Pedroche debe estar gestionado por la experiencia y por la ilusi\u00f3n para que el progreso no pierda ni un minuto.\u00a0<\/p>\n\n\n\n<p class=\"has-text-align-center\"><strong>PROGRAMA ELECTORAL<\/strong><\/p>\n\n\n\n<p class=\"has-text-align-center\"><em>[<a href=\"https:\/\/agrupacionespsoe.es\/pedroche\/wp-content\/uploads\/sites\/79\/2023\/05\/Elecciones-2023.pdf\">Descargar en formato PDF<\/a>]<\/em><\/p>\n\n\n\n<ul class=\"wp-block-list\">\n<li>La continua mejora de la accesibilidad en Pedroche ha sido una de nuestras inquietudes y no hemos dejado de trabajar en ella.Trabajaremos por el <strong>cambio de ubicaci\u00f3n del consultorio m\u00e9dico<\/strong> por un lugar mejor adaptado para su uso.<\/li>\n\n\n\n<li>Nuestra apuesta por las infraestructuras deportivas es innegable, con la reforma total del campo de f\u00fatbol, de la piscina municipal, con el arreglo del suelo del pabell\u00f3n deportivo y pista polideportiva, y con la construcci\u00f3n de la pista de p\u00e1del.Seguiremos con las mejoras, renovaremos los <strong>vestuarios del campo de f\u00fatbol<\/strong>, <strong>techaremos la pista de p\u00e1del<\/strong> e instalaremos <strong>una pista multideporte en el colegio<\/strong>.<\/li>\n\n\n\n<li>Nos comprometemos a que en 2025 tendremos <strong>la tercera edici\u00f3n de la representaci\u00f3n teatral \u201cAsonada\u201d<\/strong>. Un importante revulsivo cultural, tur\u00edstico y econ\u00f3mico para Pedroche. Mientras, seguiremos con <strong>talleres de teatro<\/strong>, visitas teatralizadas y con el II Concurso Nacional de Mon\u00f3logos.<\/li>\n\n\n\n<li>Trabajaremos por <strong>eliminar los problemas de cobertura de televisi\u00f3n y tel\u00e9fono<\/strong> en diferentes puntos del municipio.<\/li>\n\n\n\n<li>Crearemos <strong>la concejal\u00eda de Desarrollo Local y Empleo<\/strong>, con estrategias y programas de apoyo al sector empresarial y ganadero, ayudas y bonificaciones para emprendedores y aut\u00f3nomos, y apostando por <strong>la creaci\u00f3n de una asociaci\u00f3n de empresarios<\/strong>.<\/li>\n\n\n\n<li>Trabajaremos por <strong>un eficiente sistema de movilidad entre municipios<\/strong> para cubrir las necesidades de personas mayores o dependientes. Sabemos del problema que existe para desplazarse a Pozoblanco para realizar cualquier tr\u00e1mite, cita m\u00e9dica, etc. y lo queremos solucionar.<\/li>\n\n\n\n<li>Vamos a fortalecer el tejido asociativo de Pedroche. Crearemos un \u201c<strong>Centro de Asociaciones<\/strong>\u201d en la antigua casa cuartel con sedes independientes para cada una de ellas y espacios amplios para reuniones, talleres, ensayos, etc., totalmente acondicionados para realizar cualquier tipo de actividad.<\/li>\n\n\n\n<li><strong>Mejoraremos los parques infantiles<\/strong>, pondremos en marcha <strong>una ludoteca<\/strong> y colaboraremos con el colegio y la guarder\u00eda en actividades y proyectos que repercutan positivamente en nuestros ni\u00f1os y ni\u00f1as.<\/li>\n\n\n\n<li>Trabajaremos por un turismo de calidad que genere emprendimiento y riqueza, con nuevas experiencias, apostando por <strong>el proyecto Cuevas del Vino<\/strong>, <strong>el hostal en el antiguo Convento<\/strong> y la recuperaci\u00f3n del resto del edificio y <strong>el Espacio Cultural Santa Luc\u00eda<\/strong>.<\/li>\n\n\n\n<li>Hemos apoyado al sector empresarial de Pedroche consiguiendo solidez y creaci\u00f3n de empleo. Creemos y apostamos por la colaboraci\u00f3n p\u00fablico-privada. Seguiremos con <strong>la ampliaci\u00f3n del Pol\u00edgono Industrial<\/strong>, con la <strong>construcci\u00f3n del Punto Limpio<\/strong>, y con todas aquellas mejoras y necesidades que hagan un sector empresarial de Pedroche fuerte y estable.<\/li>\n\n\n\n<li>Apostaremos por la creaci\u00f3n de la \u201c<strong>Semana de la Juventud<\/strong>\u201d. Adem\u00e1s, pondremos en marcha <strong>el Festival \u201cHaz noche en Pedroche\u201d<\/strong>, con espect\u00e1culos en la calle y fomentando a los artistas locales y comarcales.Apostamos por la Juventud, mejorando cada d\u00eda los servicios y las instalaciones de ocio, cultura y deporte, con programas de empleo y ayudas, fomentando el asociacionismo y desarrollando actividades de ocio y cultura.<\/li>\n\n\n\n<li>Nuestra historia, el turismo y nuestra econom\u00eda van de la mano. Se subvencionar\u00e1 <strong>la construcci\u00f3n y rehabilitaci\u00f3n de muros y paredes de piedra seca<\/strong>. Se recuperar\u00e1n y se pondr\u00e1n en valor <strong>los molinos harineros<\/strong>. Se crear\u00e1n nuevas rutas con una visi\u00f3n tur\u00edstica y divulgativa.<\/li>\n\n\n\n<li>Apostamos <strong>por la dehesa boyal como motor econ\u00f3mico<\/strong> de Pedroche, adem\u00e1s del incalculable valor medioambiental, haciendo hincapi\u00e9 en su conservaci\u00f3n. Lucharemos contra la desaparici\u00f3n del encinar, mantendremos infraestructuras, seguiremos arreglando caminos.<\/li>\n\n\n\n<li>Pondremos a disposici\u00f3n de colectivos y asociaciones <strong>un asesoramiento continuado y reuniones peri\u00f3dicas<\/strong> para incentivar la colaboraci\u00f3n y la puesta en marcha de proyectos comunes.<\/li>\n\n\n\n<li>Apostaremos por las <strong>energ\u00edas limpias y renovables<\/strong>, abasteceremos con energ\u00eda solar los edificios y espacios p\u00fablicos.<\/li>\n\n\n\n<li>Seguiremos con el proyecto que tenemos en marcha en la actual legislatura de <strong>crear zonas de aparcamientos<\/strong>, aprovechando solares y otros espacios, para <strong>mejorar la movilidad vial y de la ciudadan\u00eda<\/strong>. Adem\u00e1s, seguiremos apostando por tener una Polic\u00eda Local Agrupada, y hasta poder conseguir este objetivo, estableceremos acuerdos con otros cuerpos de la <strong>Polic\u00eda Local para aumentar el control y la seguridad<\/strong> en el casco urbano a lo largo de todo el a\u00f1o.<\/li>\n\n\n\n<li>Apostaremos por la rehabilitaci\u00f3n de viviendas, daremos ayudas para la <strong>eliminaci\u00f3n de tejados de uralita<\/strong>, <strong>bonificaremos las nuevas construcciones<\/strong>.<\/li>\n\n\n\n<li>Realizaremos mejoras en <strong>el Cementerio Municipal<\/strong>, construiremos nuevos nichos y lo <strong>dotaremos de aseos<\/strong>.<\/li>\n\n\n\n<li>Pondremos en marcha un plan de <strong>revitalizaci\u00f3n de zonas verdes<\/strong>, mejorando parques y jardines, y <strong>dotando de \u00e1rboles el casco urbano y senderos<\/strong>. Hacer frente a las altas temperaturas a lo largo del a\u00f1o es una necesidad en la que trabajaremos, siendo uno de los retos rebajarlas en lo posible con sombras y arboleda.<\/li>\n\n\n\n<li>Ampliaremos <strong>el espacio del Recinto Ferial<\/strong> y lo dotaremos con <strong>cubiertas multiusos<\/strong> para su utilizaci\u00f3n como casetas en feria y para actividades el resto del a\u00f1o.<\/li>\n\n\n\n<li>Fomentaremos la Feria, potenciando <strong>el uso del recinto ferial<\/strong>, y recuperaremos fiestas tradicionales como <strong>Santa Marta <\/strong>y <strong>San Isidro<\/strong>.<\/li>\n\n\n\n<li>Crearemos <strong>un paseo saludable con zonas para ejercicios f\u00edsicos para j\u00f3venes y mayores<\/strong>, y crearemos m\u00e1s <strong>paseos peatonales<\/strong> fuera del casco urbano.<\/li>\n\n\n\n<li>Apostaremos por la ampliaci\u00f3n y mejora, tanto para trabajadores y usuarios, de los <strong>Servicios de Ayuda a Domicilio<\/strong>.<\/li>\n\n\n\n<li>Continuaremos con las pol\u00edticas de <strong>ayudas a la natalidad<\/strong>.<\/li>\n\n\n\n<li>Seguiremos apostando por el sector ecuestre, mejorando <strong>la nueva pista ecuestre<\/strong>, organizando eventos y trabajando a su lado en iniciativas y nuevas propuestas.<\/li>\n\n\n\n<li>Impulsaremos <strong>pol\u00edticas de Diversidad<\/strong>. Realizaremos campa\u00f1as de sensibilizaci\u00f3n contra el acoso escolar, contra discriminaciones, de prevenci\u00f3n de adicciones, de promoci\u00f3n de valores de igualdad, respeto y solidaridad.<\/li>\n\n\n\n<li>Comenzaremos con la <strong>renovaci\u00f3n total del edificio del ayuntamiento<\/strong>, ampli\u00e1ndolo con la uni\u00f3n de la vivienda colindante, para dar un mejor servicio a la ciudadan\u00eda.<\/li>\n\n\n\n<li>Apostaremos por <strong>una comarca de Los Pedroches unida<\/strong>, sin localismos, luchando por mejorar las v\u00edas de comunicaci\u00f3n y por revitalizar su econom\u00eda con proyectos comunes.<\/li>\n<\/ul>\n\n\n\n<figure class=\"wp-block-image size-large\"><img loading=\"lazy\" decoding=\"async\" width=\"1024\" height=\"355\" src=\"https:\/\/agrupacionespsoe.es\/pedroche\/wp-content\/uploads\/sites\/79\/2023\/05\/foto02-recortada-1024x355.jpg\" alt=\"\" class=\"wp-image-316\" srcset=\"https:\/\/agrupacionespsoe.es\/pedroche\/wp-content\/uploads\/sites\/79\/2023\/05\/foto02-recortada-1024x355.jpg 1024w, https:\/\/agrupacionespsoe.es\/pedroche\/wp-content\/uploads\/sites\/79\/2023\/05\/foto02-recortada-300x104.jpg 300w, https:\/\/agrupacionespsoe.es\/pedroche\/wp-content\/uploads\/sites\/79\/2023\/05\/foto02-recortada-768x266.jpg 768w, https:\/\/agrupacionespsoe.es\/pedroche\/wp-content\/uploads\/sites\/79\/2023\/05\/foto02-recortada.jpg 1300w\" sizes=\"auto, (max-width: 1024px) 100vw, 1024px\" \/><\/figure>\n","protected":false},"excerpt":{"rendered":"<p>El PSOE de Pedroche se presenta a las pr\u00f3ximas elecciones municipales con un equipo con experiencia, que ha escuchado las inquietudes, comprendido las necesidades y est\u00e1 buscando soluci\u00f3n a los problemas.<\/p>\n","protected":false},"author":125,"featured_media":315,"comment_status":"closed","ping_status":"open","sticky":false,"template":"","format":"standard","meta":{"_jetpack_memberships_contains_paid_content":false,"footnotes":""},"categories":[6,7],"tags":[],"class_list":["post-314","post","type-post","status-publish","format-standard","has-post-thumbnail","hentry","category-pedroche","category-psoe-pedroche"],"yoast_head":"<!-- This site is optimized with the Yoast SEO plugin v24.0 - https:\/\/yoast.com\/wordpress\/plugins\/seo\/ -->\n<title>Presentaci\u00f3n del programa electoral del PSOE de Pedroche - Agrupaci\u00f3n Socialista de Pedroche<\/title>\n<meta name=\"description\" content=\"El PSOE de Pedroche se presenta a las pr\u00f3ximas elecciones municipales con un equipo con experiencia que busca soluciones a los problemas.\" \/>\n<meta name=\"robots\" content=\"index, follow, max-snippet:-1, max-image-preview:large, max-video-preview:-1\" \/>\n<link rel=\"canonical\" href=\"https:\/\/agrupacionespsoe.es\/pedroche\/presentacion-del-programa-electoral-del-psoe-de-pedroche\/\" \/>\n<meta property=\"og:locale\" content=\"es_ES\" \/>\n<meta property=\"og:type\" content=\"article\" \/>\n<meta property=\"og:title\" content=\"Presentaci\u00f3n del programa electoral del PSOE de Pedroche - Agrupaci\u00f3n Socialista de Pedroche\" \/>\n<meta property=\"og:description\" content=\"El PSOE de Pedroche se presenta a las pr\u00f3ximas elecciones municipales con un equipo con experiencia que busca soluciones a los problemas.\" \/>\n<meta property=\"og:url\" content=\"https:\/\/agrupacionespsoe.es\/pedroche\/presentacion-del-programa-electoral-del-psoe-de-pedroche\/\" \/>\n<meta property=\"og:site_name\" content=\"Agrupaci\u00f3n Socialista de Pedroche\" \/>\n<meta property=\"article:published_time\" content=\"2023-05-21T08:13:18+00:00\" \/>\n<meta property=\"article:modified_time\" content=\"2023-05-21T08:25:58+00:00\" \/>\n<meta property=\"og:image\" content=\"https:\/\/agrupacionespsoe.es\/pedroche\/wp-content\/uploads\/sites\/79\/2023\/05\/CARTEL-ELECTORAL-1300PX.jpg\" \/>\n\t<meta property=\"og:image:width\" content=\"1300\" \/>\n\t<meta property=\"og:image:height\" content=\"1810\" \/>\n\t<meta property=\"og:image:type\" content=\"image\/jpeg\" \/>\n<meta name=\"author\" content=\"pedroche2\" \/>\n<meta name=\"twitter:card\" content=\"summary_large_image\" \/>\n<meta name=\"twitter:label1\" content=\"Escrito por\" \/>\n\t<meta name=\"twitter:data1\" content=\"pedroche2\" \/>\n\t<meta name=\"twitter:label2\" content=\"Tiempo de lectura\" \/>\n\t<meta name=\"twitter:data2\" content=\"6 minutos\" \/>\n<script type=\"application\/ld+json\" class=\"yoast-schema-graph\">{\"@context\":\"https:\/\/schema.org\",\"@graph\":[{\"@type\":\"Article\",\"@id\":\"https:\/\/agrupacionespsoe.es\/pedroche\/presentacion-del-programa-electoral-del-psoe-de-pedroche\/#article\",\"isPartOf\":{\"@id\":\"https:\/\/agrupacionespsoe.es\/pedroche\/presentacion-del-programa-electoral-del-psoe-de-pedroche\/\"},\"author\":{\"name\":\"pedroche2\",\"@id\":\"https:\/\/agrupacionespsoe.es\/pedroche\/#\/schema\/person\/acf80f35d39cc7f7bb29d731960fbbf6\"},\"headline\":\"Presentaci\u00f3n del programa electoral del PSOE de Pedroche\",\"datePublished\":\"2023-05-21T08:13:18+00:00\",\"dateModified\":\"2023-05-21T08:25:58+00:00\",\"mainEntityOfPage\":{\"@id\":\"https:\/\/agrupacionespsoe.es\/pedroche\/presentacion-del-programa-electoral-del-psoe-de-pedroche\/\"},\"wordCount\":1238,\"publisher\":{\"@id\":\"https:\/\/agrupacionespsoe.es\/pedroche\/#organization\"},\"image\":{\"@id\":\"https:\/\/agrupacionespsoe.es\/pedroche\/presentacion-del-programa-electoral-del-psoe-de-pedroche\/#primaryimage\"},\"thumbnailUrl\":\"https:\/\/agrupacionespsoe.es\/pedroche\/wp-content\/uploads\/sites\/79\/2023\/05\/CARTEL-ELECTORAL-1300PX.jpg\",\"articleSection\":[\"PEDROCHE\",\"PSOE PEDROCHE\"],\"inLanguage\":\"es\"},{\"@type\":\"WebPage\",\"@id\":\"https:\/\/agrupacionespsoe.es\/pedroche\/presentacion-del-programa-electoral-del-psoe-de-pedroche\/\",\"url\":\"https:\/\/agrupacionespsoe.es\/pedroche\/presentacion-del-programa-electoral-del-psoe-de-pedroche\/\",\"name\":\"Presentaci\u00f3n del programa electoral del PSOE de Pedroche - Agrupaci\u00f3n Socialista de Pedroche\",\"isPartOf\":{\"@id\":\"https:\/\/agrupacionespsoe.es\/pedroche\/#website\"},\"primaryImageOfPage\":{\"@id\":\"https:\/\/agrupacionespsoe.es\/pedroche\/presentacion-del-programa-electoral-del-psoe-de-pedroche\/#primaryimage\"},\"image\":{\"@id\":\"https:\/\/agrupacionespsoe.es\/pedroche\/presentacion-del-programa-electoral-del-psoe-de-pedroche\/#primaryimage\"},\"thumbnailUrl\":\"https:\/\/agrupacionespsoe.es\/pedroche\/wp-content\/uploads\/sites\/79\/2023\/05\/CARTEL-ELECTORAL-1300PX.jpg\",\"datePublished\":\"2023-05-21T08:13:18+00:00\",\"dateModified\":\"2023-05-21T08:25:58+00:00\",\"description\":\"El PSOE de Pedroche se presenta a las pr\u00f3ximas elecciones municipales con un equipo con experiencia que busca soluciones a los problemas.\",\"breadcrumb\":{\"@id\":\"https:\/\/agrupacionespsoe.es\/pedroche\/presentacion-del-programa-electoral-del-psoe-de-pedroche\/#breadcrumb\"},\"inLanguage\":\"es\",\"potentialAction\":[{\"@type\":\"ReadAction\",\"target\":[\"https:\/\/agrupacionespsoe.es\/pedroche\/presentacion-del-programa-electoral-del-psoe-de-pedroche\/\"]}]},{\"@type\":\"ImageObject\",\"inLanguage\":\"es\",\"@id\":\"https:\/\/agrupacionespsoe.es\/pedroche\/presentacion-del-programa-electoral-del-psoe-de-pedroche\/#primaryimage\",\"url\":\"https:\/\/agrupacionespsoe.es\/pedroche\/wp-content\/uploads\/sites\/79\/2023\/05\/CARTEL-ELECTORAL-1300PX.jpg\",\"contentUrl\":\"https:\/\/agrupacionespsoe.es\/pedroche\/wp-content\/uploads\/sites\/79\/2023\/05\/CARTEL-ELECTORAL-1300PX.jpg\",\"width\":1300,\"height\":1810},{\"@type\":\"BreadcrumbList\",\"@id\":\"https:\/\/agrupacionespsoe.es\/pedroche\/presentacion-del-programa-electoral-del-psoe-de-pedroche\/#breadcrumb\",\"itemListElement\":[{\"@type\":\"ListItem\",\"position\":1,\"name\":\"Portada\",\"item\":\"https:\/\/agrupacionespsoe.es\/pedroche\/\"},{\"@type\":\"ListItem\",\"position\":2,\"name\":\"Presentaci\u00f3n del programa electoral del PSOE de Pedroche\"}]},{\"@type\":\"WebSite\",\"@id\":\"https:\/\/agrupacionespsoe.es\/pedroche\/#website\",\"url\":\"https:\/\/agrupacionespsoe.es\/pedroche\/\",\"name\":\"Agrupaci\u00f3n Socialista de Pedroche\",\"description\":\"Agrupaci\u00f3n Socialista de Pedroche\",\"publisher\":{\"@id\":\"https:\/\/agrupacionespsoe.es\/pedroche\/#organization\"},\"potentialAction\":[{\"@type\":\"SearchAction\",\"target\":{\"@type\":\"EntryPoint\",\"urlTemplate\":\"https:\/\/agrupacionespsoe.es\/pedroche\/?s={search_term_string}\"},\"query-input\":{\"@type\":\"PropertyValueSpecification\",\"valueRequired\":true,\"valueName\":\"search_term_string\"}}],\"inLanguage\":\"es\"},{\"@type\":\"Organization\",\"@id\":\"https:\/\/agrupacionespsoe.es\/pedroche\/#organization\",\"name\":\"Agrupaci\u00f3n Socialista de Pedroche\",\"url\":\"https:\/\/agrupacionespsoe.es\/pedroche\/\",\"logo\":{\"@type\":\"ImageObject\",\"inLanguage\":\"es\",\"@id\":\"https:\/\/agrupacionespsoe.es\/pedroche\/#\/schema\/logo\/image\/\",\"url\":\"https:\/\/agrupacionespsoe.es\/wp-content\/uploads\/2022\/07\/Logotipo_electoral_del_PSOE.png\",\"contentUrl\":\"https:\/\/agrupacionespsoe.es\/wp-content\/uploads\/2022\/07\/Logotipo_electoral_del_PSOE.png\",\"width\":422,\"height\":422,\"caption\":\"Agrupaci\u00f3n Socialista de Pedroche\"},\"image\":{\"@id\":\"https:\/\/agrupacionespsoe.es\/pedroche\/#\/schema\/logo\/image\/\"}},{\"@type\":\"Person\",\"@id\":\"https:\/\/agrupacionespsoe.es\/pedroche\/#\/schema\/person\/acf80f35d39cc7f7bb29d731960fbbf6\",\"name\":\"pedroche2\",\"image\":{\"@type\":\"ImageObject\",\"inLanguage\":\"es\",\"@id\":\"https:\/\/agrupacionespsoe.es\/pedroche\/#\/schema\/person\/image\/\",\"url\":\"https:\/\/secure.gravatar.com\/avatar\/1f410c7932c1a650bc65aef28226ac2d?s=96&d=mm&r=g\",\"contentUrl\":\"https:\/\/secure.gravatar.com\/avatar\/1f410c7932c1a650bc65aef28226ac2d?s=96&d=mm&r=g\",\"caption\":\"pedroche2\"},\"url\":\"https:\/\/agrupacionespsoe.es\/pedroche\/author\/pedroche2\/\"}]}<\/script>\n<!-- \/ Yoast SEO plugin. -->","yoast_head_json":{"title":"Presentaci\u00f3n del programa electoral del PSOE de Pedroche - Agrupaci\u00f3n Socialista de Pedroche","description":"El PSOE de Pedroche se presenta a las pr\u00f3ximas elecciones municipales con un equipo con experiencia que busca soluciones a los problemas.","robots":{"index":"index","follow":"follow","max-snippet":"max-snippet:-1","max-image-preview":"max-image-preview:large","max-video-preview":"max-video-preview:-1"},"canonical":"https:\/\/agrupacionespsoe.es\/pedroche\/presentacion-del-programa-electoral-del-psoe-de-pedroche\/","og_locale":"es_ES","og_type":"article","og_title":"Presentaci\u00f3n del programa electoral del PSOE de Pedroche - Agrupaci\u00f3n Socialista de Pedroche","og_description":"El PSOE de Pedroche se presenta a las pr\u00f3ximas elecciones municipales con un equipo con experiencia que busca soluciones a los problemas.","og_url":"https:\/\/agrupacionespsoe.es\/pedroche\/presentacion-del-programa-electoral-del-psoe-de-pedroche\/","og_site_name":"Agrupaci\u00f3n Socialista de Pedroche","article_published_time":"2023-05-21T08:13:18+00:00","article_modified_time":"2023-05-21T08:25:58+00:00","og_image":[{"width":1300,"height":1810,"url":"https:\/\/agrupacionespsoe.es\/pedroche\/wp-content\/uploads\/sites\/79\/2023\/05\/CARTEL-ELECTORAL-1300PX.jpg","type":"image\/jpeg"}],"author":"pedroche2","twitter_card":"summary_large_image","twitter_misc":{"Escrito por":"pedroche2","Tiempo de lectura":"6 minutos"},"schema":{"@context":"https:\/\/schema.org","@graph":[{"@type":"Article","@id":"https:\/\/agrupacionespsoe.es\/pedroche\/presentacion-del-programa-electoral-del-psoe-de-pedroche\/#article","isPartOf":{"@id":"https:\/\/agrupacionespsoe.es\/pedroche\/presentacion-del-programa-electoral-del-psoe-de-pedroche\/"},"author":{"name":"pedroche2","@id":"https:\/\/agrupacionespsoe.es\/pedroche\/#\/schema\/person\/acf80f35d39cc7f7bb29d731960fbbf6"},"headline":"Presentaci\u00f3n del programa electoral del PSOE de Pedroche","datePublished":"2023-05-21T08:13:18+00:00","dateModified":"2023-05-21T08:25:58+00:00","mainEntityOfPage":{"@id":"https:\/\/agrupacionespsoe.es\/pedroche\/presentacion-del-programa-electoral-del-psoe-de-pedroche\/"},"wordCount":1238,"publisher":{"@id":"https:\/\/agrupacionespsoe.es\/pedroche\/#organization"},"image":{"@id":"https:\/\/agrupacionespsoe.es\/pedroche\/presentacion-del-programa-electoral-del-psoe-de-pedroche\/#primaryimage"},"thumbnailUrl":"https:\/\/agrupacionespsoe.es\/pedroche\/wp-content\/uploads\/sites\/79\/2023\/05\/CARTEL-ELECTORAL-1300PX.jpg","articleSection":["PEDROCHE","PSOE PEDROCHE"],"inLanguage":"es"},{"@type":"WebPage","@id":"https:\/\/agrupacionespsoe.es\/pedroche\/presentacion-del-programa-electoral-del-psoe-de-pedroche\/","url":"https:\/\/agrupacionespsoe.es\/pedroche\/presentacion-del-programa-electoral-del-psoe-de-pedroche\/","name":"Presentaci\u00f3n del programa electoral del PSOE de Pedroche - Agrupaci\u00f3n Socialista de Pedroche","isPartOf":{"@id":"https:\/\/agrupacionespsoe.es\/pedroche\/#website"},"primaryImageOfPage":{"@id":"https:\/\/agrupacionespsoe.es\/pedroche\/presentacion-del-programa-electoral-del-psoe-de-pedroche\/#primaryimage"},"image":{"@id":"https:\/\/agrupacionespsoe.es\/pedroche\/presentacion-del-programa-electoral-del-psoe-de-pedroche\/#primaryimage"},"thumbnailUrl":"https:\/\/agrupacionespsoe.es\/pedroche\/wp-content\/uploads\/sites\/79\/2023\/05\/CARTEL-ELECTORAL-1300PX.jpg","datePublished":"2023-05-21T08:13:18+00:00","dateModified":"2023-05-21T08:25:58+00:00","description":"El PSOE de Pedroche se presenta a las pr\u00f3ximas elecciones municipales con un equipo con experiencia que busca soluciones a los problemas.","breadcrumb":{"@id":"https:\/\/agrupacionespsoe.es\/pedroche\/presentacion-del-programa-electoral-del-psoe-de-pedroche\/#breadcrumb"},"inLanguage":"es","potentialAction":[{"@type":"ReadAction","target":["https:\/\/agrupacionespsoe.es\/pedroche\/presentacion-del-programa-electoral-del-psoe-de-pedroche\/"]}]},{"@type":"ImageObject","inLanguage":"es","@id":"https:\/\/agrupacionespsoe.es\/pedroche\/presentacion-del-programa-electoral-del-psoe-de-pedroche\/#primaryimage","url":"https:\/\/agrupacionespsoe.es\/pedroche\/wp-content\/uploads\/sites\/79\/2023\/05\/CARTEL-ELECTORAL-1300PX.jpg","contentUrl":"https:\/\/agrupacionespsoe.es\/pedroche\/wp-content\/uploads\/sites\/79\/2023\/05\/CARTEL-ELECTORAL-1300PX.jpg","width":1300,"height":1810},{"@type":"BreadcrumbList","@id":"https:\/\/agrupacionespsoe.es\/pedroche\/presentacion-del-programa-electoral-del-psoe-de-pedroche\/#breadcrumb","itemListElement":[{"@type":"ListItem","position":1,"name":"Portada","item":"https:\/\/agrupacionespsoe.es\/pedroche\/"},{"@type":"ListItem","position":2,"name":"Presentaci\u00f3n del programa electoral del PSOE de Pedroche"}]},{"@type":"WebSite","@id":"https:\/\/agrupacionespsoe.es\/pedroche\/#website","url":"https:\/\/agrupacionespsoe.es\/pedroche\/","name":"Agrupaci\u00f3n Socialista de Pedroche","description":"Agrupaci\u00f3n Socialista de Pedroche","publisher":{"@id":"https:\/\/agrupacionespsoe.es\/pedroche\/#organization"},"potentialAction":[{"@type":"SearchAction","target":{"@type":"EntryPoint","urlTemplate":"https:\/\/agrupacionespsoe.es\/pedroche\/?s={search_term_string}"},"query-input":{"@type":"PropertyValueSpecification","valueRequired":true,"valueName":"search_term_string"}}],"inLanguage":"es"},{"@type":"Organization","@id":"https:\/\/agrupacionespsoe.es\/pedroche\/#organization","name":"Agrupaci\u00f3n Socialista de Pedroche","url":"https:\/\/agrupacionespsoe.es\/pedroche\/","logo":{"@type":"ImageObject","inLanguage":"es","@id":"https:\/\/agrupacionespsoe.es\/pedroche\/#\/schema\/logo\/image\/","url":"https:\/\/agrupacionespsoe.es\/wp-content\/uploads\/2022\/07\/Logotipo_electoral_del_PSOE.png","contentUrl":"https:\/\/agrupacionespsoe.es\/wp-content\/uploads\/2022\/07\/Logotipo_electoral_del_PSOE.png","width":422,"height":422,"caption":"Agrupaci\u00f3n Socialista de Pedroche"},"image":{"@id":"https:\/\/agrupacionespsoe.es\/pedroche\/#\/schema\/logo\/image\/"}},{"@type":"Person","@id":"https:\/\/agrupacionespsoe.es\/pedroche\/#\/schema\/person\/acf80f35d39cc7f7bb29d731960fbbf6","name":"pedroche2","image":{"@type":"ImageObject","inLanguage":"es","@id":"https:\/\/agrupacionespsoe.es\/pedroche\/#\/schema\/person\/image\/","url":"https:\/\/secure.gravatar.com\/avatar\/1f410c7932c1a650bc65aef28226ac2d?s=96&d=mm&r=g","contentUrl":"https:\/\/secure.gravatar.com\/avatar\/1f410c7932c1a650bc65aef28226ac2d?s=96&d=mm&r=g","caption":"pedroche2"},"url":"https:\/\/agrupacionespsoe.es\/pedroche\/author\/pedroche2\/"}]}},"jetpack_featured_media_url":"https:\/\/agrupacionespsoe.es\/pedroche\/wp-content\/uploads\/sites\/79\/2023\/05\/CARTEL-ELECTORAL-1300PX.jpg","jetpack_sharing_enabled":true,"_links":{"self":[{"href":"https:\/\/agrupacionespsoe.es\/pedroche\/wp-json\/wp\/v2\/posts\/314","targetHints":{"allow":["GET"]}}],"collection":[{"href":"https:\/\/agrupacionespsoe.es\/pedroche\/wp-json\/wp\/v2\/posts"}],"about":[{"href":"https:\/\/agrupacionespsoe.es\/pedroche\/wp-json\/wp\/v2\/types\/post"}],"author":[{"embeddable":true,"href":"https:\/\/agrupacionespsoe.es\/pedroche\/wp-json\/wp\/v2\/users\/125"}],"replies":[{"embeddable":true,"href":"https:\/\/agrupacionespsoe.es\/pedroche\/wp-json\/wp\/v2\/comments?post=314"}],"version-history":[{"count":2,"href":"https:\/\/agrupacionespsoe.es\/pedroche\/wp-json\/wp\/v2\/posts\/314\/revisions"}],"predecessor-version":[{"id":321,"href":"https:\/\/agrupacionespsoe.es\/pedroche\/wp-json\/wp\/v2\/posts\/314\/revisions\/321"}],"wp:featuredmedia":[{"embeddable":true,"href":"https:\/\/agrupacionespsoe.es\/pedroche\/wp-json\/wp\/v2\/media\/315"}],"wp:attachment":[{"href":"https:\/\/agrupacionespsoe.es\/pedroche\/wp-json\/wp\/v2\/media?parent=314"}],"wp:term":[{"taxonomy":"category","embeddable":true,"href":"https:\/\/agrupacionespsoe.es\/pedroche\/wp-json\/wp\/v2\/categories?post=314"},{"taxonomy":"post_tag","embeddable":true,"href":"https:\/\/agrupacionespsoe.es\/pedroche\/wp-json\/wp\/v2\/tags?post=314"}],"curies":[{"name":"wp","href":"https:\/\/api.w.org\/{rel}","templated":true}]}}