{"id":235,"date":"2019-10-13T15:37:00","date_gmt":"2019-10-13T15:37:00","guid":{"rendered":"https:\/\/agrupacionespsoe.es\/pedroche\/?p=235"},"modified":"2023-02-22T15:38:05","modified_gmt":"2023-02-22T15:38:05","slug":"casa-de-la-juventud-de-pedroche","status":"publish","type":"post","link":"https:\/\/agrupacionespsoe.es\/pedroche\/casa-de-la-juventud-de-pedroche\/","title":{"rendered":"Casa de la Juventud de Pedroche"},"content":{"rendered":"\n<p>En Pedroche disponemos de una Casa de la Juventud, pero&nbsp;<strong>\u00bfqu\u00e9 es una Casa de la Juventud?<\/strong>&nbsp;Seg\u00fan la Ley de Juventud de Andaluc\u00eda, \u00ab<em>las Casas de Juventud son instalaciones juveniles de car\u00e1cter fijo cuya finalidad es el desarrollo de actividades formativas y de ocio de car\u00e1cter cultural, educativo, social, l\u00fadico, deportivo y medioambiental espec\u00edficas para personas j\u00f3venes<\/em>\u00ab.<a><\/a><\/p>\n\n\n\n<p>Y, \u00bfqui\u00e9nes son j\u00f3venes? Seg\u00fan la ley,&nbsp;<strong>JUVENTUD&nbsp;<\/strong>es el \u00ab<em>periodo vital de toda persona comprendido entre los 14 y 30 a\u00f1os, ambos inclusive<\/em>\u00ab, y&nbsp;<strong>PERSONAS J\u00d3VENES<\/strong>&nbsp;son aquellas \u00ab<em>con edades comprendidas entre los 14 y 30 a\u00f1os, ambas inclusive<\/em>\u00ab.<\/p>\n\n\n\n<p>En Pedroche, disponemos de ese lugar, un lugar para que los j\u00f3venes puedan desarrollar todas aquellas actividades que organice el propio Ayuntamiento, asociaciones o colectivos, o cualquier otra iniciativa p\u00fablica o privada que lo solicite y sea aprobada.<\/p>\n\n\n\n<p>Adem\u00e1s de los usos que se le pueda dar, durante 6 meses al a\u00f1o, la Casa de la Juventud tiene un horario de apertura para que se pueda acceder, sin necesidad de existir alguna actividad programada. \u00bfPor qu\u00e9 no m\u00e1s tiempo? Porque los recursos presupuestarios de un Ayuntamiento de 1500 habitantes son limitados, los servicios obligatorios o prioritarios son muchos y, en contra de nuestra voluntad, por supuesto, todo no se puede cubrir como nos gustar\u00eda. Sin embargo, ahora mismo dos puestos de trabajo se hacen cargo de este servicio.<\/p>\n\n\n\n<p>Independientemente de ese medio a\u00f1o que se mantiene un horario de apertura, en dicha Casa de la Juventud tienen lugar m\u00e1s actividades, incluso no solo para j\u00f3venes sino para quien lo solicite y su finalidad vaya en la l\u00ednea de dicho lugar, cultural, formativo o de ocio.<\/p>\n\n\n\n<p>Durante el horario de apertura, existe una persona responsable del centro y del correcto uso de su equipamiento, pero no es educadora, monitora o persona al cuidado de las personas que all\u00ed asisten. Fundamentalmente porque no estamos hablando de una guarder\u00eda. Por ello, la limitaci\u00f3n de edad es necesaria. No es comprensible que en el local pueda haber un grupo de j\u00f3venes de 15 o 20 a\u00f1os jugando al futbol\u00edn o ping-pong, por ejemplo, junto con ni\u00f1os de 3 o 5 a\u00f1os solos, sin nadie que se responsabilice de ellos.<\/p>\n\n\n\n<p>En el pleno ordinario de septiembre, se aprob\u00f3 un reglamento que regula el uso de la Casa de la Juventud, donde, siendo conscientes que en un pueblo peque\u00f1o no existen todas las oportunidades de ocio deseables, en ella hemos abierto bastante m\u00e1s el abanico de edades de las personas que pueden estar en ella. De los 14 a\u00f1os que marca la Ley de Juventud, se ha ampliado hasta los 8 a\u00f1os.<\/p>\n\n\n\n<p>Dicho reglamento fue&nbsp;<strong>APROBADO POR UNANIMIDAD<\/strong>, tanto el grupo socialista como el grupo popular votaron a favor de su aprobaci\u00f3n. Dicen los populares que muestran \u00ab<em>el desacuerdo en el reglamento de funcionamiento<\/em>\u00ab.&nbsp;<strong>Pues votaron a favor.<\/strong><\/p>\n\n\n\n<p>Por \u00faltimo, para ese tramo de edad, entre los 3 y los 7 a\u00f1os, perfectamente ser\u00eda \u00fatil un servicio de Ludoteca. Para ello, ya que no existen a d\u00eda de hoy iniciativas privadas para llevarlas a cabo, las instalaciones id\u00f3neas y ya preparadas son las que nos encontramos en el Centro de Educaci\u00f3n Infantil Sim\u00f3n Obejo y Valera. De hecho, hace unos a\u00f1os ya prest\u00f3 este servicio, no es algo nuevo.<\/p>\n\n\n\n<p>Desde el Ayuntamiento de Pedroche, a la vez que se est\u00e1 regulando la Casa de la Juventud, para un mejor funcionamiento y mayor seguridad para sus usuarios, se est\u00e1 entablando conversaciones con el CEI Sim\u00f3n Obejo y Valera para ver la posibilidad de la puesta en marcha de este servicio de ludoteca.<\/p>\n\n\n\n<p>El Equipo de Gobierno es consciente de los problemas y de las necesidades de nuestros m\u00e1s peque\u00f1os y, por supuesto, de los j\u00f3venes. Pero, tambi\u00e9n sabe que la seguridad y el buen funcionamiento son fundamentales para el normal desarrollo de los diferentes servicios p\u00fablicos que ofrece.&nbsp;<strong>No todo vale.<\/strong><\/p>\n","protected":false},"excerpt":{"rendered":"<p>En Pedroche disponemos de una Casa de la Juventud, pero&nbsp;\u00bfqu\u00e9 es una Casa de la Juventud?&nbsp;Seg\u00fan la Ley de Juventud de Andaluc\u00eda, \u00ablas Casas de Juventud son instalaciones juveniles de car\u00e1cter fijo cuya finalidad es el desarrollo de actividades formativas y de ocio de car\u00e1cter cultural, educativo, social, l\u00fadico, deportivo y medioambiental espec\u00edficas para personas &#8230;<\/p>\n","protected":false},"author":125,"featured_media":142,"comment_status":"open","ping_status":"open","sticky":false,"template":"","format":"standard","meta":{"_jetpack_memberships_contains_paid_content":false,"footnotes":""},"categories":[6],"tags":[],"class_list":["post-235","post","type-post","status-publish","format-standard","has-post-thumbnail","hentry","category-pedroche"],"yoast_head":"<!-- This site is optimized with the Yoast SEO plugin v24.0 - https:\/\/yoast.com\/wordpress\/plugins\/seo\/ -->\n<title>Casa de la Juventud de Pedroche - Agrupaci\u00f3n Socialista de Pedroche<\/title>\n<meta name=\"robots\" content=\"index, follow, max-snippet:-1, max-image-preview:large, max-video-preview:-1\" \/>\n<link rel=\"canonical\" href=\"https:\/\/agrupacionespsoe.es\/pedroche\/casa-de-la-juventud-de-pedroche\/\" \/>\n<meta property=\"og:locale\" content=\"es_ES\" \/>\n<meta property=\"og:type\" content=\"article\" \/>\n<meta property=\"og:title\" content=\"Casa de la Juventud de Pedroche - Agrupaci\u00f3n Socialista de Pedroche\" \/>\n<meta property=\"og:description\" content=\"En Pedroche disponemos de una Casa de la Juventud, pero&nbsp;\u00bfqu\u00e9 es una Casa de la Juventud?&nbsp;Seg\u00fan la Ley de Juventud de Andaluc\u00eda, \u00ablas Casas de Juventud son instalaciones juveniles de car\u00e1cter fijo cuya finalidad es el desarrollo de actividades formativas y de ocio de car\u00e1cter cultural, educativo, social, l\u00fadico, deportivo y medioambiental espec\u00edficas para personas ...\" \/>\n<meta property=\"og:url\" content=\"https:\/\/agrupacionespsoe.es\/pedroche\/casa-de-la-juventud-de-pedroche\/\" \/>\n<meta property=\"og:site_name\" content=\"Agrupaci\u00f3n Socialista de Pedroche\" \/>\n<meta property=\"article:published_time\" content=\"2019-10-13T15:37:00+00:00\" \/>\n<meta property=\"article:modified_time\" content=\"2023-02-22T15:38:05+00:00\" \/>\n<meta property=\"og:image\" content=\"https:\/\/agrupacionespsoe.es\/pedroche\/wp-content\/uploads\/sites\/79\/2023\/02\/pedroche-grande.jpg\" \/>\n\t<meta property=\"og:image:width\" content=\"1197\" \/>\n\t<meta property=\"og:image:height\" content=\"450\" \/>\n\t<meta property=\"og:image:type\" content=\"image\/jpeg\" \/>\n<meta name=\"author\" content=\"pedroche2\" \/>\n<meta name=\"twitter:card\" content=\"summary_large_image\" \/>\n<meta name=\"twitter:label1\" content=\"Escrito por\" \/>\n\t<meta name=\"twitter:data1\" content=\"pedroche2\" \/>\n\t<meta name=\"twitter:label2\" content=\"Tiempo de lectura\" \/>\n\t<meta name=\"twitter:data2\" content=\"3 minutos\" \/>\n<script type=\"application\/ld+json\" class=\"yoast-schema-graph\">{\"@context\":\"https:\/\/schema.org\",\"@graph\":[{\"@type\":\"Article\",\"@id\":\"https:\/\/agrupacionespsoe.es\/pedroche\/casa-de-la-juventud-de-pedroche\/#article\",\"isPartOf\":{\"@id\":\"https:\/\/agrupacionespsoe.es\/pedroche\/casa-de-la-juventud-de-pedroche\/\"},\"author\":{\"name\":\"pedroche2\",\"@id\":\"https:\/\/agrupacionespsoe.es\/pedroche\/#\/schema\/person\/acf80f35d39cc7f7bb29d731960fbbf6\"},\"headline\":\"Casa de la Juventud de Pedroche\",\"datePublished\":\"2019-10-13T15:37:00+00:00\",\"dateModified\":\"2023-02-22T15:38:05+00:00\",\"mainEntityOfPage\":{\"@id\":\"https:\/\/agrupacionespsoe.es\/pedroche\/casa-de-la-juventud-de-pedroche\/\"},\"wordCount\":691,\"commentCount\":0,\"publisher\":{\"@id\":\"https:\/\/agrupacionespsoe.es\/pedroche\/#organization\"},\"image\":{\"@id\":\"https:\/\/agrupacionespsoe.es\/pedroche\/casa-de-la-juventud-de-pedroche\/#primaryimage\"},\"thumbnailUrl\":\"https:\/\/agrupacionespsoe.es\/pedroche\/wp-content\/uploads\/sites\/79\/2023\/02\/pedroche-grande.jpg\",\"articleSection\":[\"PEDROCHE\"],\"inLanguage\":\"es\",\"potentialAction\":[{\"@type\":\"CommentAction\",\"name\":\"Comment\",\"target\":[\"https:\/\/agrupacionespsoe.es\/pedroche\/casa-de-la-juventud-de-pedroche\/#respond\"]}]},{\"@type\":\"WebPage\",\"@id\":\"https:\/\/agrupacionespsoe.es\/pedroche\/casa-de-la-juventud-de-pedroche\/\",\"url\":\"https:\/\/agrupacionespsoe.es\/pedroche\/casa-de-la-juventud-de-pedroche\/\",\"name\":\"Casa de la Juventud de Pedroche - Agrupaci\u00f3n Socialista de Pedroche\",\"isPartOf\":{\"@id\":\"https:\/\/agrupacionespsoe.es\/pedroche\/#website\"},\"primaryImageOfPage\":{\"@id\":\"https:\/\/agrupacionespsoe.es\/pedroche\/casa-de-la-juventud-de-pedroche\/#primaryimage\"},\"image\":{\"@id\":\"https:\/\/agrupacionespsoe.es\/pedroche\/casa-de-la-juventud-de-pedroche\/#primaryimage\"},\"thumbnailUrl\":\"https:\/\/agrupacionespsoe.es\/pedroche\/wp-content\/uploads\/sites\/79\/2023\/02\/pedroche-grande.jpg\",\"datePublished\":\"2019-10-13T15:37:00+00:00\",\"dateModified\":\"2023-02-22T15:38:05+00:00\",\"breadcrumb\":{\"@id\":\"https:\/\/agrupacionespsoe.es\/pedroche\/casa-de-la-juventud-de-pedroche\/#breadcrumb\"},\"inLanguage\":\"es\",\"potentialAction\":[{\"@type\":\"ReadAction\",\"target\":[\"https:\/\/agrupacionespsoe.es\/pedroche\/casa-de-la-juventud-de-pedroche\/\"]}]},{\"@type\":\"ImageObject\",\"inLanguage\":\"es\",\"@id\":\"https:\/\/agrupacionespsoe.es\/pedroche\/casa-de-la-juventud-de-pedroche\/#primaryimage\",\"url\":\"https:\/\/agrupacionespsoe.es\/pedroche\/wp-content\/uploads\/sites\/79\/2023\/02\/pedroche-grande.jpg\",\"contentUrl\":\"https:\/\/agrupacionespsoe.es\/pedroche\/wp-content\/uploads\/sites\/79\/2023\/02\/pedroche-grande.jpg\",\"width\":1197,\"height\":450},{\"@type\":\"BreadcrumbList\",\"@id\":\"https:\/\/agrupacionespsoe.es\/pedroche\/casa-de-la-juventud-de-pedroche\/#breadcrumb\",\"itemListElement\":[{\"@type\":\"ListItem\",\"position\":1,\"name\":\"Portada\",\"item\":\"https:\/\/agrupacionespsoe.es\/pedroche\/\"},{\"@type\":\"ListItem\",\"position\":2,\"name\":\"Casa de la Juventud de Pedroche\"}]},{\"@type\":\"WebSite\",\"@id\":\"https:\/\/agrupacionespsoe.es\/pedroche\/#website\",\"url\":\"https:\/\/agrupacionespsoe.es\/pedroche\/\",\"name\":\"Agrupaci\u00f3n Socialista de Pedroche\",\"description\":\"Agrupaci\u00f3n Socialista de Pedroche\",\"publisher\":{\"@id\":\"https:\/\/agrupacionespsoe.es\/pedroche\/#organization\"},\"potentialAction\":[{\"@type\":\"SearchAction\",\"target\":{\"@type\":\"EntryPoint\",\"urlTemplate\":\"https:\/\/agrupacionespsoe.es\/pedroche\/?s={search_term_string}\"},\"query-input\":{\"@type\":\"PropertyValueSpecification\",\"valueRequired\":true,\"valueName\":\"search_term_string\"}}],\"inLanguage\":\"es\"},{\"@type\":\"Organization\",\"@id\":\"https:\/\/agrupacionespsoe.es\/pedroche\/#organization\",\"name\":\"Agrupaci\u00f3n Socialista de Pedroche\",\"url\":\"https:\/\/agrupacionespsoe.es\/pedroche\/\",\"logo\":{\"@type\":\"ImageObject\",\"inLanguage\":\"es\",\"@id\":\"https:\/\/agrupacionespsoe.es\/pedroche\/#\/schema\/logo\/image\/\",\"url\":\"https:\/\/agrupacionespsoe.es\/wp-content\/uploads\/2022\/07\/Logotipo_electoral_del_PSOE.png\",\"contentUrl\":\"https:\/\/agrupacionespsoe.es\/wp-content\/uploads\/2022\/07\/Logotipo_electoral_del_PSOE.png\",\"width\":422,\"height\":422,\"caption\":\"Agrupaci\u00f3n Socialista de Pedroche\"},\"image\":{\"@id\":\"https:\/\/agrupacionespsoe.es\/pedroche\/#\/schema\/logo\/image\/\"}},{\"@type\":\"Person\",\"@id\":\"https:\/\/agrupacionespsoe.es\/pedroche\/#\/schema\/person\/acf80f35d39cc7f7bb29d731960fbbf6\",\"name\":\"pedroche2\",\"image\":{\"@type\":\"ImageObject\",\"inLanguage\":\"es\",\"@id\":\"https:\/\/agrupacionespsoe.es\/pedroche\/#\/schema\/person\/image\/\",\"url\":\"https:\/\/secure.gravatar.com\/avatar\/1f410c7932c1a650bc65aef28226ac2d?s=96&d=mm&r=g\",\"contentUrl\":\"https:\/\/secure.gravatar.com\/avatar\/1f410c7932c1a650bc65aef28226ac2d?s=96&d=mm&r=g\",\"caption\":\"pedroche2\"},\"url\":\"https:\/\/agrupacionespsoe.es\/pedroche\/author\/pedroche2\/\"}]}<\/script>\n<!-- \/ Yoast SEO plugin. -->","yoast_head_json":{"title":"Casa de la Juventud de Pedroche - Agrupaci\u00f3n Socialista de Pedroche","robots":{"index":"index","follow":"follow","max-snippet":"max-snippet:-1","max-image-preview":"max-image-preview:large","max-video-preview":"max-video-preview:-1"},"canonical":"https:\/\/agrupacionespsoe.es\/pedroche\/casa-de-la-juventud-de-pedroche\/","og_locale":"es_ES","og_type":"article","og_title":"Casa de la Juventud de Pedroche - Agrupaci\u00f3n Socialista de Pedroche","og_description":"En Pedroche disponemos de una Casa de la Juventud, pero&nbsp;\u00bfqu\u00e9 es una Casa de la Juventud?&nbsp;Seg\u00fan la Ley de Juventud de Andaluc\u00eda, \u00ablas Casas de Juventud son instalaciones juveniles de car\u00e1cter fijo cuya finalidad es el desarrollo de actividades formativas y de ocio de car\u00e1cter cultural, educativo, social, l\u00fadico, deportivo y medioambiental espec\u00edficas para personas ...","og_url":"https:\/\/agrupacionespsoe.es\/pedroche\/casa-de-la-juventud-de-pedroche\/","og_site_name":"Agrupaci\u00f3n Socialista de Pedroche","article_published_time":"2019-10-13T15:37:00+00:00","article_modified_time":"2023-02-22T15:38:05+00:00","og_image":[{"width":1197,"height":450,"url":"https:\/\/agrupacionespsoe.es\/pedroche\/wp-content\/uploads\/sites\/79\/2023\/02\/pedroche-grande.jpg","type":"image\/jpeg"}],"author":"pedroche2","twitter_card":"summary_large_image","twitter_misc":{"Escrito por":"pedroche2","Tiempo de lectura":"3 minutos"},"schema":{"@context":"https:\/\/schema.org","@graph":[{"@type":"Article","@id":"https:\/\/agrupacionespsoe.es\/pedroche\/casa-de-la-juventud-de-pedroche\/#article","isPartOf":{"@id":"https:\/\/agrupacionespsoe.es\/pedroche\/casa-de-la-juventud-de-pedroche\/"},"author":{"name":"pedroche2","@id":"https:\/\/agrupacionespsoe.es\/pedroche\/#\/schema\/person\/acf80f35d39cc7f7bb29d731960fbbf6"},"headline":"Casa de la Juventud de Pedroche","datePublished":"2019-10-13T15:37:00+00:00","dateModified":"2023-02-22T15:38:05+00:00","mainEntityOfPage":{"@id":"https:\/\/agrupacionespsoe.es\/pedroche\/casa-de-la-juventud-de-pedroche\/"},"wordCount":691,"commentCount":0,"publisher":{"@id":"https:\/\/agrupacionespsoe.es\/pedroche\/#organization"},"image":{"@id":"https:\/\/agrupacionespsoe.es\/pedroche\/casa-de-la-juventud-de-pedroche\/#primaryimage"},"thumbnailUrl":"https:\/\/agrupacionespsoe.es\/pedroche\/wp-content\/uploads\/sites\/79\/2023\/02\/pedroche-grande.jpg","articleSection":["PEDROCHE"],"inLanguage":"es","potentialAction":[{"@type":"CommentAction","name":"Comment","target":["https:\/\/agrupacionespsoe.es\/pedroche\/casa-de-la-juventud-de-pedroche\/#respond"]}]},{"@type":"WebPage","@id":"https:\/\/agrupacionespsoe.es\/pedroche\/casa-de-la-juventud-de-pedroche\/","url":"https:\/\/agrupacionespsoe.es\/pedroche\/casa-de-la-juventud-de-pedroche\/","name":"Casa de la Juventud de Pedroche - Agrupaci\u00f3n Socialista de Pedroche","isPartOf":{"@id":"https:\/\/agrupacionespsoe.es\/pedroche\/#website"},"primaryImageOfPage":{"@id":"https:\/\/agrupacionespsoe.es\/pedroche\/casa-de-la-juventud-de-pedroche\/#primaryimage"},"image":{"@id":"https:\/\/agrupacionespsoe.es\/pedroche\/casa-de-la-juventud-de-pedroche\/#primaryimage"},"thumbnailUrl":"https:\/\/agrupacionespsoe.es\/pedroche\/wp-content\/uploads\/sites\/79\/2023\/02\/pedroche-grande.jpg","datePublished":"2019-10-13T15:37:00+00:00","dateModified":"2023-02-22T15:38:05+00:00","breadcrumb":{"@id":"https:\/\/agrupacionespsoe.es\/pedroche\/casa-de-la-juventud-de-pedroche\/#breadcrumb"},"inLanguage":"es","potentialAction":[{"@type":"ReadAction","target":["https:\/\/agrupacionespsoe.es\/pedroche\/casa-de-la-juventud-de-pedroche\/"]}]},{"@type":"ImageObject","inLanguage":"es","@id":"https:\/\/agrupacionespsoe.es\/pedroche\/casa-de-la-juventud-de-pedroche\/#primaryimage","url":"https:\/\/agrupacionespsoe.es\/pedroche\/wp-content\/uploads\/sites\/79\/2023\/02\/pedroche-grande.jpg","contentUrl":"https:\/\/agrupacionespsoe.es\/pedroche\/wp-content\/uploads\/sites\/79\/2023\/02\/pedroche-grande.jpg","width":1197,"height":450},{"@type":"BreadcrumbList","@id":"https:\/\/agrupacionespsoe.es\/pedroche\/casa-de-la-juventud-de-pedroche\/#breadcrumb","itemListElement":[{"@type":"ListItem","position":1,"name":"Portada","item":"https:\/\/agrupacionespsoe.es\/pedroche\/"},{"@type":"ListItem","position":2,"name":"Casa de la Juventud de Pedroche"}]},{"@type":"WebSite","@id":"https:\/\/agrupacionespsoe.es\/pedroche\/#website","url":"https:\/\/agrupacionespsoe.es\/pedroche\/","name":"Agrupaci\u00f3n Socialista de Pedroche","description":"Agrupaci\u00f3n Socialista de Pedroche","publisher":{"@id":"https:\/\/agrupacionespsoe.es\/pedroche\/#organization"},"potentialAction":[{"@type":"SearchAction","target":{"@type":"EntryPoint","urlTemplate":"https:\/\/agrupacionespsoe.es\/pedroche\/?s={search_term_string}"},"query-input":{"@type":"PropertyValueSpecification","valueRequired":true,"valueName":"search_term_string"}}],"inLanguage":"es"},{"@type":"Organization","@id":"https:\/\/agrupacionespsoe.es\/pedroche\/#organization","name":"Agrupaci\u00f3n Socialista de Pedroche","url":"https:\/\/agrupacionespsoe.es\/pedroche\/","logo":{"@type":"ImageObject","inLanguage":"es","@id":"https:\/\/agrupacionespsoe.es\/pedroche\/#\/schema\/logo\/image\/","url":"https:\/\/agrupacionespsoe.es\/wp-content\/uploads\/2022\/07\/Logotipo_electoral_del_PSOE.png","contentUrl":"https:\/\/agrupacionespsoe.es\/wp-content\/uploads\/2022\/07\/Logotipo_electoral_del_PSOE.png","width":422,"height":422,"caption":"Agrupaci\u00f3n Socialista de Pedroche"},"image":{"@id":"https:\/\/agrupacionespsoe.es\/pedroche\/#\/schema\/logo\/image\/"}},{"@type":"Person","@id":"https:\/\/agrupacionespsoe.es\/pedroche\/#\/schema\/person\/acf80f35d39cc7f7bb29d731960fbbf6","name":"pedroche2","image":{"@type":"ImageObject","inLanguage":"es","@id":"https:\/\/agrupacionespsoe.es\/pedroche\/#\/schema\/person\/image\/","url":"https:\/\/secure.gravatar.com\/avatar\/1f410c7932c1a650bc65aef28226ac2d?s=96&d=mm&r=g","contentUrl":"https:\/\/secure.gravatar.com\/avatar\/1f410c7932c1a650bc65aef28226ac2d?s=96&d=mm&r=g","caption":"pedroche2"},"url":"https:\/\/agrupacionespsoe.es\/pedroche\/author\/pedroche2\/"}]}},"jetpack_featured_media_url":"https:\/\/agrupacionespsoe.es\/pedroche\/wp-content\/uploads\/sites\/79\/2023\/02\/pedroche-grande.jpg","jetpack_sharing_enabled":true,"_links":{"self":[{"href":"https:\/\/agrupacionespsoe.es\/pedroche\/wp-json\/wp\/v2\/posts\/235","targetHints":{"allow":["GET"]}}],"collection":[{"href":"https:\/\/agrupacionespsoe.es\/pedroche\/wp-json\/wp\/v2\/posts"}],"about":[{"href":"https:\/\/agrupacionespsoe.es\/pedroche\/wp-json\/wp\/v2\/types\/post"}],"author":[{"embeddable":true,"href":"https:\/\/agrupacionespsoe.es\/pedroche\/wp-json\/wp\/v2\/users\/125"}],"replies":[{"embeddable":true,"href":"https:\/\/agrupacionespsoe.es\/pedroche\/wp-json\/wp\/v2\/comments?post=235"}],"version-history":[{"count":1,"href":"https:\/\/agrupacionespsoe.es\/pedroche\/wp-json\/wp\/v2\/posts\/235\/revisions"}],"predecessor-version":[{"id":236,"href":"https:\/\/agrupacionespsoe.es\/pedroche\/wp-json\/wp\/v2\/posts\/235\/revisions\/236"}],"wp:featuredmedia":[{"embeddable":true,"href":"https:\/\/agrupacionespsoe.es\/pedroche\/wp-json\/wp\/v2\/media\/142"}],"wp:attachment":[{"href":"https:\/\/agrupacionespsoe.es\/pedroche\/wp-json\/wp\/v2\/media?parent=235"}],"wp:term":[{"taxonomy":"category","embeddable":true,"href":"https:\/\/agrupacionespsoe.es\/pedroche\/wp-json\/wp\/v2\/categories?post=235"},{"taxonomy":"post_tag","embeddable":true,"href":"https:\/\/agrupacionespsoe.es\/pedroche\/wp-json\/wp\/v2\/tags?post=235"}],"curies":[{"name":"wp","href":"https:\/\/api.w.org\/{rel}","templated":true}]}}