{"id":203,"date":"2022-01-02T10:33:00","date_gmt":"2022-01-02T10:33:00","guid":{"rendered":"https:\/\/agrupacionespsoe.es\/pedroche\/?p=203"},"modified":"2023-02-22T10:34:44","modified_gmt":"2023-02-22T10:34:44","slug":"renovada-la-ejecutiva-municipal-del-psoe-de-pedroche","status":"publish","type":"post","link":"https:\/\/agrupacionespsoe.es\/pedroche\/renovada-la-ejecutiva-municipal-del-psoe-de-pedroche\/","title":{"rendered":"Renovada la Ejecutiva Municipal del PSOE de Pedroche"},"content":{"rendered":"\n<p>En la asamblea extraordinaria celebrada hoy, se ha aprobado con el 100% de los votos la candidatura presentada a la Comisi\u00f3n Ejecutiva Municipal de la agrupaci\u00f3n municipal de Pedroche del PSOE-A, quedando de la siguiente forma:<\/p>\n\n\n\n<ul class=\"wp-block-list\">\n<li>Presidente: El\u00edas Moya Lozano<\/li>\n\n\n\n<li>Secretario General: Pedro de la Fuente Serrano<\/li>\n\n\n\n<li>Secretaria de Organizaci\u00f3n: Paqui Moya Moya<\/li>\n\n\n\n<li>Secretario de Pol\u00edtica Municipal: Miguel \u00c1ngel Le\u00f3n Moya<\/li>\n<\/ul>\n","protected":false},"excerpt":{"rendered":"<p>En la asamblea extraordinaria celebrada hoy, se ha aprobado con el 100% de los votos la candidatura presentada a la Comisi\u00f3n Ejecutiva Municipal de la agrupaci\u00f3n municipal de Pedroche del PSOE-A, quedando de la siguiente forma:<\/p>\n","protected":false},"author":125,"featured_media":204,"comment_status":"open","ping_status":"open","sticky":false,"template":"","format":"standard","meta":{"_jetpack_memberships_contains_paid_content":false,"footnotes":""},"categories":[7],"tags":[],"class_list":["post-203","post","type-post","status-publish","format-standard","has-post-thumbnail","hentry","category-psoe-pedroche"],"yoast_head":"<!-- This site is optimized with the Yoast SEO plugin v24.0 - https:\/\/yoast.com\/wordpress\/plugins\/seo\/ -->\n<title>Renovada la Ejecutiva Municipal del PSOE de Pedroche - Agrupaci\u00f3n Socialista de Pedroche<\/title>\n<meta name=\"robots\" content=\"index, follow, max-snippet:-1, max-image-preview:large, max-video-preview:-1\" \/>\n<link rel=\"canonical\" href=\"https:\/\/agrupacionespsoe.es\/pedroche\/renovada-la-ejecutiva-municipal-del-psoe-de-pedroche\/\" \/>\n<meta property=\"og:locale\" content=\"es_ES\" \/>\n<meta property=\"og:type\" content=\"article\" \/>\n<meta property=\"og:title\" content=\"Renovada la Ejecutiva Municipal del PSOE de Pedroche - Agrupaci\u00f3n Socialista de Pedroche\" \/>\n<meta property=\"og:description\" content=\"En la asamblea extraordinaria celebrada hoy, se ha aprobado con el 100% de los votos la candidatura presentada a la Comisi\u00f3n Ejecutiva Municipal de la agrupaci\u00f3n municipal de Pedroche del PSOE-A, quedando de la siguiente forma:\" \/>\n<meta property=\"og:url\" content=\"https:\/\/agrupacionespsoe.es\/pedroche\/renovada-la-ejecutiva-municipal-del-psoe-de-pedroche\/\" \/>\n<meta property=\"og:site_name\" content=\"Agrupaci\u00f3n Socialista de Pedroche\" \/>\n<meta property=\"article:published_time\" content=\"2022-01-02T10:33:00+00:00\" \/>\n<meta property=\"article:modified_time\" content=\"2023-02-22T10:34:44+00:00\" \/>\n<meta property=\"og:image\" content=\"https:\/\/agrupacionespsoe.es\/pedroche\/wp-content\/uploads\/sites\/79\/2023\/02\/asamblea.jpg\" \/>\n\t<meta property=\"og:image:width\" content=\"1000\" \/>\n\t<meta property=\"og:image:height\" content=\"748\" \/>\n\t<meta property=\"og:image:type\" content=\"image\/jpeg\" \/>\n<meta name=\"author\" content=\"pedroche2\" \/>\n<meta name=\"twitter:card\" content=\"summary_large_image\" \/>\n<meta name=\"twitter:label1\" content=\"Escrito por\" \/>\n\t<meta name=\"twitter:data1\" content=\"pedroche2\" \/>\n\t<meta name=\"twitter:label2\" content=\"Tiempo de lectura\" \/>\n\t<meta name=\"twitter:data2\" content=\"1 minuto\" \/>\n<script type=\"application\/ld+json\" class=\"yoast-schema-graph\">{\"@context\":\"https:\/\/schema.org\",\"@graph\":[{\"@type\":\"Article\",\"@id\":\"https:\/\/agrupacionespsoe.es\/pedroche\/renovada-la-ejecutiva-municipal-del-psoe-de-pedroche\/#article\",\"isPartOf\":{\"@id\":\"https:\/\/agrupacionespsoe.es\/pedroche\/renovada-la-ejecutiva-municipal-del-psoe-de-pedroche\/\"},\"author\":{\"name\":\"pedroche2\",\"@id\":\"https:\/\/agrupacionespsoe.es\/pedroche\/#\/schema\/person\/acf80f35d39cc7f7bb29d731960fbbf6\"},\"headline\":\"Renovada la Ejecutiva Municipal del PSOE de Pedroche\",\"datePublished\":\"2022-01-02T10:33:00+00:00\",\"dateModified\":\"2023-02-22T10:34:44+00:00\",\"mainEntityOfPage\":{\"@id\":\"https:\/\/agrupacionespsoe.es\/pedroche\/renovada-la-ejecutiva-municipal-del-psoe-de-pedroche\/\"},\"wordCount\":74,\"commentCount\":0,\"publisher\":{\"@id\":\"https:\/\/agrupacionespsoe.es\/pedroche\/#organization\"},\"image\":{\"@id\":\"https:\/\/agrupacionespsoe.es\/pedroche\/renovada-la-ejecutiva-municipal-del-psoe-de-pedroche\/#primaryimage\"},\"thumbnailUrl\":\"https:\/\/agrupacionespsoe.es\/pedroche\/wp-content\/uploads\/sites\/79\/2023\/02\/asamblea.jpg\",\"articleSection\":[\"PSOE PEDROCHE\"],\"inLanguage\":\"es\",\"potentialAction\":[{\"@type\":\"CommentAction\",\"name\":\"Comment\",\"target\":[\"https:\/\/agrupacionespsoe.es\/pedroche\/renovada-la-ejecutiva-municipal-del-psoe-de-pedroche\/#respond\"]}]},{\"@type\":\"WebPage\",\"@id\":\"https:\/\/agrupacionespsoe.es\/pedroche\/renovada-la-ejecutiva-municipal-del-psoe-de-pedroche\/\",\"url\":\"https:\/\/agrupacionespsoe.es\/pedroche\/renovada-la-ejecutiva-municipal-del-psoe-de-pedroche\/\",\"name\":\"Renovada la Ejecutiva Municipal del PSOE de Pedroche - Agrupaci\u00f3n Socialista de Pedroche\",\"isPartOf\":{\"@id\":\"https:\/\/agrupacionespsoe.es\/pedroche\/#website\"},\"primaryImageOfPage\":{\"@id\":\"https:\/\/agrupacionespsoe.es\/pedroche\/renovada-la-ejecutiva-municipal-del-psoe-de-pedroche\/#primaryimage\"},\"image\":{\"@id\":\"https:\/\/agrupacionespsoe.es\/pedroche\/renovada-la-ejecutiva-municipal-del-psoe-de-pedroche\/#primaryimage\"},\"thumbnailUrl\":\"https:\/\/agrupacionespsoe.es\/pedroche\/wp-content\/uploads\/sites\/79\/2023\/02\/asamblea.jpg\",\"datePublished\":\"2022-01-02T10:33:00+00:00\",\"dateModified\":\"2023-02-22T10:34:44+00:00\",\"breadcrumb\":{\"@id\":\"https:\/\/agrupacionespsoe.es\/pedroche\/renovada-la-ejecutiva-municipal-del-psoe-de-pedroche\/#breadcrumb\"},\"inLanguage\":\"es\",\"potentialAction\":[{\"@type\":\"ReadAction\",\"target\":[\"https:\/\/agrupacionespsoe.es\/pedroche\/renovada-la-ejecutiva-municipal-del-psoe-de-pedroche\/\"]}]},{\"@type\":\"ImageObject\",\"inLanguage\":\"es\",\"@id\":\"https:\/\/agrupacionespsoe.es\/pedroche\/renovada-la-ejecutiva-municipal-del-psoe-de-pedroche\/#primaryimage\",\"url\":\"https:\/\/agrupacionespsoe.es\/pedroche\/wp-content\/uploads\/sites\/79\/2023\/02\/asamblea.jpg\",\"contentUrl\":\"https:\/\/agrupacionespsoe.es\/pedroche\/wp-content\/uploads\/sites\/79\/2023\/02\/asamblea.jpg\",\"width\":1000,\"height\":748},{\"@type\":\"BreadcrumbList\",\"@id\":\"https:\/\/agrupacionespsoe.es\/pedroche\/renovada-la-ejecutiva-municipal-del-psoe-de-pedroche\/#breadcrumb\",\"itemListElement\":[{\"@type\":\"ListItem\",\"position\":1,\"name\":\"Portada\",\"item\":\"https:\/\/agrupacionespsoe.es\/pedroche\/\"},{\"@type\":\"ListItem\",\"position\":2,\"name\":\"Renovada la Ejecutiva Municipal del PSOE de Pedroche\"}]},{\"@type\":\"WebSite\",\"@id\":\"https:\/\/agrupacionespsoe.es\/pedroche\/#website\",\"url\":\"https:\/\/agrupacionespsoe.es\/pedroche\/\",\"name\":\"Agrupaci\u00f3n Socialista de Pedroche\",\"description\":\"Agrupaci\u00f3n Socialista de Pedroche\",\"publisher\":{\"@id\":\"https:\/\/agrupacionespsoe.es\/pedroche\/#organization\"},\"potentialAction\":[{\"@type\":\"SearchAction\",\"target\":{\"@type\":\"EntryPoint\",\"urlTemplate\":\"https:\/\/agrupacionespsoe.es\/pedroche\/?s={search_term_string}\"},\"query-input\":{\"@type\":\"PropertyValueSpecification\",\"valueRequired\":true,\"valueName\":\"search_term_string\"}}],\"inLanguage\":\"es\"},{\"@type\":\"Organization\",\"@id\":\"https:\/\/agrupacionespsoe.es\/pedroche\/#organization\",\"name\":\"Agrupaci\u00f3n Socialista de Pedroche\",\"url\":\"https:\/\/agrupacionespsoe.es\/pedroche\/\",\"logo\":{\"@type\":\"ImageObject\",\"inLanguage\":\"es\",\"@id\":\"https:\/\/agrupacionespsoe.es\/pedroche\/#\/schema\/logo\/image\/\",\"url\":\"https:\/\/agrupacionespsoe.es\/wp-content\/uploads\/2022\/07\/Logotipo_electoral_del_PSOE.png\",\"contentUrl\":\"https:\/\/agrupacionespsoe.es\/wp-content\/uploads\/2022\/07\/Logotipo_electoral_del_PSOE.png\",\"width\":422,\"height\":422,\"caption\":\"Agrupaci\u00f3n Socialista de Pedroche\"},\"image\":{\"@id\":\"https:\/\/agrupacionespsoe.es\/pedroche\/#\/schema\/logo\/image\/\"}},{\"@type\":\"Person\",\"@id\":\"https:\/\/agrupacionespsoe.es\/pedroche\/#\/schema\/person\/acf80f35d39cc7f7bb29d731960fbbf6\",\"name\":\"pedroche2\",\"image\":{\"@type\":\"ImageObject\",\"inLanguage\":\"es\",\"@id\":\"https:\/\/agrupacionespsoe.es\/pedroche\/#\/schema\/person\/image\/\",\"url\":\"https:\/\/secure.gravatar.com\/avatar\/1f410c7932c1a650bc65aef28226ac2d?s=96&d=mm&r=g\",\"contentUrl\":\"https:\/\/secure.gravatar.com\/avatar\/1f410c7932c1a650bc65aef28226ac2d?s=96&d=mm&r=g\",\"caption\":\"pedroche2\"},\"url\":\"https:\/\/agrupacionespsoe.es\/pedroche\/author\/pedroche2\/\"}]}<\/script>\n<!-- \/ Yoast SEO plugin. -->","yoast_head_json":{"title":"Renovada la Ejecutiva Municipal del PSOE de Pedroche - Agrupaci\u00f3n Socialista de Pedroche","robots":{"index":"index","follow":"follow","max-snippet":"max-snippet:-1","max-image-preview":"max-image-preview:large","max-video-preview":"max-video-preview:-1"},"canonical":"https:\/\/agrupacionespsoe.es\/pedroche\/renovada-la-ejecutiva-municipal-del-psoe-de-pedroche\/","og_locale":"es_ES","og_type":"article","og_title":"Renovada la Ejecutiva Municipal del PSOE de Pedroche - Agrupaci\u00f3n Socialista de Pedroche","og_description":"En la asamblea extraordinaria celebrada hoy, se ha aprobado con el 100% de los votos la candidatura presentada a la Comisi\u00f3n Ejecutiva Municipal de la agrupaci\u00f3n municipal de Pedroche del PSOE-A, quedando de la siguiente forma:","og_url":"https:\/\/agrupacionespsoe.es\/pedroche\/renovada-la-ejecutiva-municipal-del-psoe-de-pedroche\/","og_site_name":"Agrupaci\u00f3n Socialista de Pedroche","article_published_time":"2022-01-02T10:33:00+00:00","article_modified_time":"2023-02-22T10:34:44+00:00","og_image":[{"width":1000,"height":748,"url":"https:\/\/agrupacionespsoe.es\/pedroche\/wp-content\/uploads\/sites\/79\/2023\/02\/asamblea.jpg","type":"image\/jpeg"}],"author":"pedroche2","twitter_card":"summary_large_image","twitter_misc":{"Escrito por":"pedroche2","Tiempo de lectura":"1 minuto"},"schema":{"@context":"https:\/\/schema.org","@graph":[{"@type":"Article","@id":"https:\/\/agrupacionespsoe.es\/pedroche\/renovada-la-ejecutiva-municipal-del-psoe-de-pedroche\/#article","isPartOf":{"@id":"https:\/\/agrupacionespsoe.es\/pedroche\/renovada-la-ejecutiva-municipal-del-psoe-de-pedroche\/"},"author":{"name":"pedroche2","@id":"https:\/\/agrupacionespsoe.es\/pedroche\/#\/schema\/person\/acf80f35d39cc7f7bb29d731960fbbf6"},"headline":"Renovada la Ejecutiva Municipal del PSOE de Pedroche","datePublished":"2022-01-02T10:33:00+00:00","dateModified":"2023-02-22T10:34:44+00:00","mainEntityOfPage":{"@id":"https:\/\/agrupacionespsoe.es\/pedroche\/renovada-la-ejecutiva-municipal-del-psoe-de-pedroche\/"},"wordCount":74,"commentCount":0,"publisher":{"@id":"https:\/\/agrupacionespsoe.es\/pedroche\/#organization"},"image":{"@id":"https:\/\/agrupacionespsoe.es\/pedroche\/renovada-la-ejecutiva-municipal-del-psoe-de-pedroche\/#primaryimage"},"thumbnailUrl":"https:\/\/agrupacionespsoe.es\/pedroche\/wp-content\/uploads\/sites\/79\/2023\/02\/asamblea.jpg","articleSection":["PSOE PEDROCHE"],"inLanguage":"es","potentialAction":[{"@type":"CommentAction","name":"Comment","target":["https:\/\/agrupacionespsoe.es\/pedroche\/renovada-la-ejecutiva-municipal-del-psoe-de-pedroche\/#respond"]}]},{"@type":"WebPage","@id":"https:\/\/agrupacionespsoe.es\/pedroche\/renovada-la-ejecutiva-municipal-del-psoe-de-pedroche\/","url":"https:\/\/agrupacionespsoe.es\/pedroche\/renovada-la-ejecutiva-municipal-del-psoe-de-pedroche\/","name":"Renovada la Ejecutiva Municipal del PSOE de Pedroche - Agrupaci\u00f3n Socialista de Pedroche","isPartOf":{"@id":"https:\/\/agrupacionespsoe.es\/pedroche\/#website"},"primaryImageOfPage":{"@id":"https:\/\/agrupacionespsoe.es\/pedroche\/renovada-la-ejecutiva-municipal-del-psoe-de-pedroche\/#primaryimage"},"image":{"@id":"https:\/\/agrupacionespsoe.es\/pedroche\/renovada-la-ejecutiva-municipal-del-psoe-de-pedroche\/#primaryimage"},"thumbnailUrl":"https:\/\/agrupacionespsoe.es\/pedroche\/wp-content\/uploads\/sites\/79\/2023\/02\/asamblea.jpg","datePublished":"2022-01-02T10:33:00+00:00","dateModified":"2023-02-22T10:34:44+00:00","breadcrumb":{"@id":"https:\/\/agrupacionespsoe.es\/pedroche\/renovada-la-ejecutiva-municipal-del-psoe-de-pedroche\/#breadcrumb"},"inLanguage":"es","potentialAction":[{"@type":"ReadAction","target":["https:\/\/agrupacionespsoe.es\/pedroche\/renovada-la-ejecutiva-municipal-del-psoe-de-pedroche\/"]}]},{"@type":"ImageObject","inLanguage":"es","@id":"https:\/\/agrupacionespsoe.es\/pedroche\/renovada-la-ejecutiva-municipal-del-psoe-de-pedroche\/#primaryimage","url":"https:\/\/agrupacionespsoe.es\/pedroche\/wp-content\/uploads\/sites\/79\/2023\/02\/asamblea.jpg","contentUrl":"https:\/\/agrupacionespsoe.es\/pedroche\/wp-content\/uploads\/sites\/79\/2023\/02\/asamblea.jpg","width":1000,"height":748},{"@type":"BreadcrumbList","@id":"https:\/\/agrupacionespsoe.es\/pedroche\/renovada-la-ejecutiva-municipal-del-psoe-de-pedroche\/#breadcrumb","itemListElement":[{"@type":"ListItem","position":1,"name":"Portada","item":"https:\/\/agrupacionespsoe.es\/pedroche\/"},{"@type":"ListItem","position":2,"name":"Renovada la Ejecutiva Municipal del PSOE de Pedroche"}]},{"@type":"WebSite","@id":"https:\/\/agrupacionespsoe.es\/pedroche\/#website","url":"https:\/\/agrupacionespsoe.es\/pedroche\/","name":"Agrupaci\u00f3n Socialista de Pedroche","description":"Agrupaci\u00f3n Socialista de Pedroche","publisher":{"@id":"https:\/\/agrupacionespsoe.es\/pedroche\/#organization"},"potentialAction":[{"@type":"SearchAction","target":{"@type":"EntryPoint","urlTemplate":"https:\/\/agrupacionespsoe.es\/pedroche\/?s={search_term_string}"},"query-input":{"@type":"PropertyValueSpecification","valueRequired":true,"valueName":"search_term_string"}}],"inLanguage":"es"},{"@type":"Organization","@id":"https:\/\/agrupacionespsoe.es\/pedroche\/#organization","name":"Agrupaci\u00f3n Socialista de Pedroche","url":"https:\/\/agrupacionespsoe.es\/pedroche\/","logo":{"@type":"ImageObject","inLanguage":"es","@id":"https:\/\/agrupacionespsoe.es\/pedroche\/#\/schema\/logo\/image\/","url":"https:\/\/agrupacionespsoe.es\/wp-content\/uploads\/2022\/07\/Logotipo_electoral_del_PSOE.png","contentUrl":"https:\/\/agrupacionespsoe.es\/wp-content\/uploads\/2022\/07\/Logotipo_electoral_del_PSOE.png","width":422,"height":422,"caption":"Agrupaci\u00f3n Socialista de Pedroche"},"image":{"@id":"https:\/\/agrupacionespsoe.es\/pedroche\/#\/schema\/logo\/image\/"}},{"@type":"Person","@id":"https:\/\/agrupacionespsoe.es\/pedroche\/#\/schema\/person\/acf80f35d39cc7f7bb29d731960fbbf6","name":"pedroche2","image":{"@type":"ImageObject","inLanguage":"es","@id":"https:\/\/agrupacionespsoe.es\/pedroche\/#\/schema\/person\/image\/","url":"https:\/\/secure.gravatar.com\/avatar\/1f410c7932c1a650bc65aef28226ac2d?s=96&d=mm&r=g","contentUrl":"https:\/\/secure.gravatar.com\/avatar\/1f410c7932c1a650bc65aef28226ac2d?s=96&d=mm&r=g","caption":"pedroche2"},"url":"https:\/\/agrupacionespsoe.es\/pedroche\/author\/pedroche2\/"}]}},"jetpack_featured_media_url":"https:\/\/agrupacionespsoe.es\/pedroche\/wp-content\/uploads\/sites\/79\/2023\/02\/asamblea.jpg","jetpack_sharing_enabled":true,"_links":{"self":[{"href":"https:\/\/agrupacionespsoe.es\/pedroche\/wp-json\/wp\/v2\/posts\/203","targetHints":{"allow":["GET"]}}],"collection":[{"href":"https:\/\/agrupacionespsoe.es\/pedroche\/wp-json\/wp\/v2\/posts"}],"about":[{"href":"https:\/\/agrupacionespsoe.es\/pedroche\/wp-json\/wp\/v2\/types\/post"}],"author":[{"embeddable":true,"href":"https:\/\/agrupacionespsoe.es\/pedroche\/wp-json\/wp\/v2\/users\/125"}],"replies":[{"embeddable":true,"href":"https:\/\/agrupacionespsoe.es\/pedroche\/wp-json\/wp\/v2\/comments?post=203"}],"version-history":[{"count":1,"href":"https:\/\/agrupacionespsoe.es\/pedroche\/wp-json\/wp\/v2\/posts\/203\/revisions"}],"predecessor-version":[{"id":205,"href":"https:\/\/agrupacionespsoe.es\/pedroche\/wp-json\/wp\/v2\/posts\/203\/revisions\/205"}],"wp:featuredmedia":[{"embeddable":true,"href":"https:\/\/agrupacionespsoe.es\/pedroche\/wp-json\/wp\/v2\/media\/204"}],"wp:attachment":[{"href":"https:\/\/agrupacionespsoe.es\/pedroche\/wp-json\/wp\/v2\/media?parent=203"}],"wp:term":[{"taxonomy":"category","embeddable":true,"href":"https:\/\/agrupacionespsoe.es\/pedroche\/wp-json\/wp\/v2\/categories?post=203"},{"taxonomy":"post_tag","embeddable":true,"href":"https:\/\/agrupacionespsoe.es\/pedroche\/wp-json\/wp\/v2\/tags?post=203"}],"curies":[{"name":"wp","href":"https:\/\/api.w.org\/{rel}","templated":true}]}}