{"id":181,"date":"2022-06-11T23:28:00","date_gmt":"2022-06-11T23:28:00","guid":{"rendered":"https:\/\/agrupacionespsoe.es\/pedroche\/?p=181"},"modified":"2023-02-22T09:29:45","modified_gmt":"2023-02-22T09:29:45","slug":"las-mentiras-de-los-populares-de-pedroche","status":"publish","type":"post","link":"https:\/\/agrupacionespsoe.es\/pedroche\/las-mentiras-de-los-populares-de-pedroche\/","title":{"rendered":"Las mentiras de los populares de Pedroche"},"content":{"rendered":"\n<p><strong>No s\u00e9 si el PP de Pedroche lo hace por ignorancia o por el simple hecho de mentir, mentir con total descaro. Estamos viendo como casi semanalmente hay actividades en Pedroche y, sin embargo, mienten cuando hablan de \u00abfalta de iniciativa e insuficiente respaldo\u00bb.<\/strong><\/p>\n\n\n\n<p>Mienten porque, como no participan, muchas de las actividades no sabr\u00e1n ni que han existido.<\/p>\n\n\n\n<p>Mienten porque desconocen lo que significa \u00abapoyo a colectivos\u00bb o \u00abparticipaci\u00f3n ciudadana\u00bb.<\/p>\n\n\n\n<p>Mienten cuando confunden a conciencia fiestas de la Patrona con otras fiestas.<\/p>\n\n\n\n<p>Mienten en p\u00fablico cuando en privado tienen otra opini\u00f3n de algunas fiestas.<\/p>\n\n\n\n<p>Mienten cuando hablan de falta de compromiso cuando hoy en d\u00eda el Ayuntamiento est\u00e1 volcado totalmente con cualquier iniciativa.<\/p>\n\n\n\n<p>Mienten cuando ocultan eventos como Nuestras Tradiciones, Los Mayos o Asonada.<\/p>\n\n\n\n<p>Mienten cuando, curiosamente, hablan del D\u00eda de las Migas. \u00bfCon qu\u00e9 colabor\u00f3 este a\u00f1o el Ayuntamiento con los bares, que son quienes lo organizan? con publicidad en medios comarcales (anuncio en El Quincenal , anuncio en Radio Luna, anuncio en Cope Pozoblanco, entrevista en Radio Luna, entrevista en Ser Los Pedroches), con publicidad en redes sociales, con el alquiler de carpas para los bares que las solicitasen, con la compra de los platos utilizados, con la contrataci\u00f3n de un tren tur\u00edstico los dos d\u00edas del evento, con la contrataci\u00f3n del coro rociero los dos d\u00edas del evento, con la distribuci\u00f3n de 1000 folletos para los bares, con la organizaci\u00f3n como complemento de una visita tur\u00edstica guiada, con la apertura de la torre parroquial, con una obra de teatro, y con la aportaci\u00f3n de dos lotes de productos para un sorteo. \u00bfA esto se refieren cuando hablan de insuficiente respaldo? Mienten.<\/p>\n\n\n\n<p>Dicen que cada a\u00f1o cuesta m\u00e1s organizar la cabalga de Reyes&#8230; \u00bfC\u00f3mo? \u00bfDe verdad dec\u00eds eso? \u00bfLa organiz\u00e1is vosotros, quiz\u00e1s, y as\u00ed lo sab\u00e9is? Ment\u00eds solo buscando la crispaci\u00f3n.<\/p>\n\n\n\n<p>Dicen que la candelaria \u00abha perdido protagonismo\u00bb&#8230; \u00bfCu\u00e1ndo? \u00bfHace 30 a\u00f1os?<\/p>\n\n\n\n<p>Dicen que no hay asistencia en la celebraci\u00f3n del D\u00eda de Andaluc\u00eda&#8230; Supongo que os lo habr\u00e1n contado, \u00bfno? No sab\u00e9is lo que es la convivencia, no particip\u00e1is en ella, y ment\u00eds de nuevo.<\/p>\n\n\n\n<p>Comparan la Funci\u00f3n de los Soldados con las fiestas patronales de otros pueblos. La fiesta patronal de Pedroche es el 7 y 8 de septiembre, \u00bfos suena? Confund\u00eds para crispar.<\/p>\n\n\n\n<p>Y la feria&#8230; Os recuerdo que vosotros hab\u00e9is formado parte de la comisi\u00f3n de festejos, ya sab\u00e9is, quienes organizan&#8230;<\/p>\n\n\n\n<p>Vale, haced oposici\u00f3n, pero por favor, no se\u00e1is mentirosos a conciencia.<\/p>\n\n\n\n<p><strong>No sois ajenos al Ayuntamiento, en los eventos no hay Gobierno y oposici\u00f3n, solo participaci\u00f3n. ESA QUE NO PRACTIC\u00c1IS (excepto en las procesiones)<\/strong><\/p>\n","protected":false},"excerpt":{"rendered":"<p>No s\u00e9 si el PP de Pedroche lo hace por ignorancia o por el simple hecho de mentir, mentir con total descaro. Estamos viendo como casi semanalmente hay actividades en Pedroche y, sin embargo, mienten cuando hablan de \u00abfalta de iniciativa e insuficiente respaldo\u00bb. Mienten porque, como no participan, muchas de las actividades no sabr\u00e1n &#8230;<\/p>\n","protected":false},"author":125,"featured_media":182,"comment_status":"open","ping_status":"open","sticky":false,"template":"","format":"standard","meta":{"_jetpack_memberships_contains_paid_content":false,"footnotes":""},"categories":[6],"tags":[],"class_list":["post-181","post","type-post","status-publish","format-standard","has-post-thumbnail","hentry","category-pedroche"],"yoast_head":"<!-- This site is optimized with the Yoast SEO plugin v24.0 - https:\/\/yoast.com\/wordpress\/plugins\/seo\/ -->\n<title>Las mentiras de los populares de Pedroche - Agrupaci\u00f3n Socialista de Pedroche<\/title>\n<meta name=\"robots\" content=\"index, follow, max-snippet:-1, max-image-preview:large, max-video-preview:-1\" \/>\n<link rel=\"canonical\" href=\"https:\/\/agrupacionespsoe.es\/pedroche\/las-mentiras-de-los-populares-de-pedroche\/\" \/>\n<meta property=\"og:locale\" content=\"es_ES\" \/>\n<meta property=\"og:type\" content=\"article\" \/>\n<meta property=\"og:title\" content=\"Las mentiras de los populares de Pedroche - Agrupaci\u00f3n Socialista de Pedroche\" \/>\n<meta property=\"og:description\" content=\"No s\u00e9 si el PP de Pedroche lo hace por ignorancia o por el simple hecho de mentir, mentir con total descaro. Estamos viendo como casi semanalmente hay actividades en Pedroche y, sin embargo, mienten cuando hablan de \u00abfalta de iniciativa e insuficiente respaldo\u00bb. Mienten porque, como no participan, muchas de las actividades no sabr\u00e1n ...\" \/>\n<meta property=\"og:url\" content=\"https:\/\/agrupacionespsoe.es\/pedroche\/las-mentiras-de-los-populares-de-pedroche\/\" \/>\n<meta property=\"og:site_name\" content=\"Agrupaci\u00f3n Socialista de Pedroche\" \/>\n<meta property=\"article:published_time\" content=\"2022-06-11T23:28:00+00:00\" \/>\n<meta property=\"article:modified_time\" content=\"2023-02-22T09:29:45+00:00\" \/>\n<meta property=\"og:image\" content=\"https:\/\/agrupacionespsoe.es\/pedroche\/wp-content\/uploads\/sites\/79\/2023\/02\/eventos.jpg\" \/>\n\t<meta property=\"og:image:width\" content=\"1663\" \/>\n\t<meta property=\"og:image:height\" content=\"2048\" \/>\n\t<meta property=\"og:image:type\" content=\"image\/jpeg\" \/>\n<meta name=\"author\" content=\"pedroche2\" \/>\n<meta name=\"twitter:card\" content=\"summary_large_image\" \/>\n<meta name=\"twitter:label1\" content=\"Escrito por\" \/>\n\t<meta name=\"twitter:data1\" content=\"pedroche2\" \/>\n\t<meta name=\"twitter:label2\" content=\"Tiempo de lectura\" \/>\n\t<meta name=\"twitter:data2\" content=\"2 minutos\" \/>\n<script type=\"application\/ld+json\" class=\"yoast-schema-graph\">{\"@context\":\"https:\/\/schema.org\",\"@graph\":[{\"@type\":\"Article\",\"@id\":\"https:\/\/agrupacionespsoe.es\/pedroche\/las-mentiras-de-los-populares-de-pedroche\/#article\",\"isPartOf\":{\"@id\":\"https:\/\/agrupacionespsoe.es\/pedroche\/las-mentiras-de-los-populares-de-pedroche\/\"},\"author\":{\"name\":\"pedroche2\",\"@id\":\"https:\/\/agrupacionespsoe.es\/pedroche\/#\/schema\/person\/acf80f35d39cc7f7bb29d731960fbbf6\"},\"headline\":\"Las mentiras de los populares de Pedroche\",\"datePublished\":\"2022-06-11T23:28:00+00:00\",\"dateModified\":\"2023-02-22T09:29:45+00:00\",\"mainEntityOfPage\":{\"@id\":\"https:\/\/agrupacionespsoe.es\/pedroche\/las-mentiras-de-los-populares-de-pedroche\/\"},\"wordCount\":478,\"commentCount\":0,\"publisher\":{\"@id\":\"https:\/\/agrupacionespsoe.es\/pedroche\/#organization\"},\"image\":{\"@id\":\"https:\/\/agrupacionespsoe.es\/pedroche\/las-mentiras-de-los-populares-de-pedroche\/#primaryimage\"},\"thumbnailUrl\":\"https:\/\/agrupacionespsoe.es\/pedroche\/wp-content\/uploads\/sites\/79\/2023\/02\/eventos.jpg\",\"articleSection\":[\"PEDROCHE\"],\"inLanguage\":\"es\",\"potentialAction\":[{\"@type\":\"CommentAction\",\"name\":\"Comment\",\"target\":[\"https:\/\/agrupacionespsoe.es\/pedroche\/las-mentiras-de-los-populares-de-pedroche\/#respond\"]}]},{\"@type\":\"WebPage\",\"@id\":\"https:\/\/agrupacionespsoe.es\/pedroche\/las-mentiras-de-los-populares-de-pedroche\/\",\"url\":\"https:\/\/agrupacionespsoe.es\/pedroche\/las-mentiras-de-los-populares-de-pedroche\/\",\"name\":\"Las mentiras de los populares de Pedroche - Agrupaci\u00f3n Socialista de Pedroche\",\"isPartOf\":{\"@id\":\"https:\/\/agrupacionespsoe.es\/pedroche\/#website\"},\"primaryImageOfPage\":{\"@id\":\"https:\/\/agrupacionespsoe.es\/pedroche\/las-mentiras-de-los-populares-de-pedroche\/#primaryimage\"},\"image\":{\"@id\":\"https:\/\/agrupacionespsoe.es\/pedroche\/las-mentiras-de-los-populares-de-pedroche\/#primaryimage\"},\"thumbnailUrl\":\"https:\/\/agrupacionespsoe.es\/pedroche\/wp-content\/uploads\/sites\/79\/2023\/02\/eventos.jpg\",\"datePublished\":\"2022-06-11T23:28:00+00:00\",\"dateModified\":\"2023-02-22T09:29:45+00:00\",\"breadcrumb\":{\"@id\":\"https:\/\/agrupacionespsoe.es\/pedroche\/las-mentiras-de-los-populares-de-pedroche\/#breadcrumb\"},\"inLanguage\":\"es\",\"potentialAction\":[{\"@type\":\"ReadAction\",\"target\":[\"https:\/\/agrupacionespsoe.es\/pedroche\/las-mentiras-de-los-populares-de-pedroche\/\"]}]},{\"@type\":\"ImageObject\",\"inLanguage\":\"es\",\"@id\":\"https:\/\/agrupacionespsoe.es\/pedroche\/las-mentiras-de-los-populares-de-pedroche\/#primaryimage\",\"url\":\"https:\/\/agrupacionespsoe.es\/pedroche\/wp-content\/uploads\/sites\/79\/2023\/02\/eventos.jpg\",\"contentUrl\":\"https:\/\/agrupacionespsoe.es\/pedroche\/wp-content\/uploads\/sites\/79\/2023\/02\/eventos.jpg\",\"width\":1663,\"height\":2048},{\"@type\":\"BreadcrumbList\",\"@id\":\"https:\/\/agrupacionespsoe.es\/pedroche\/las-mentiras-de-los-populares-de-pedroche\/#breadcrumb\",\"itemListElement\":[{\"@type\":\"ListItem\",\"position\":1,\"name\":\"Portada\",\"item\":\"https:\/\/agrupacionespsoe.es\/pedroche\/\"},{\"@type\":\"ListItem\",\"position\":2,\"name\":\"Las mentiras de los populares de Pedroche\"}]},{\"@type\":\"WebSite\",\"@id\":\"https:\/\/agrupacionespsoe.es\/pedroche\/#website\",\"url\":\"https:\/\/agrupacionespsoe.es\/pedroche\/\",\"name\":\"Agrupaci\u00f3n Socialista de Pedroche\",\"description\":\"Agrupaci\u00f3n Socialista de Pedroche\",\"publisher\":{\"@id\":\"https:\/\/agrupacionespsoe.es\/pedroche\/#organization\"},\"potentialAction\":[{\"@type\":\"SearchAction\",\"target\":{\"@type\":\"EntryPoint\",\"urlTemplate\":\"https:\/\/agrupacionespsoe.es\/pedroche\/?s={search_term_string}\"},\"query-input\":{\"@type\":\"PropertyValueSpecification\",\"valueRequired\":true,\"valueName\":\"search_term_string\"}}],\"inLanguage\":\"es\"},{\"@type\":\"Organization\",\"@id\":\"https:\/\/agrupacionespsoe.es\/pedroche\/#organization\",\"name\":\"Agrupaci\u00f3n Socialista de Pedroche\",\"url\":\"https:\/\/agrupacionespsoe.es\/pedroche\/\",\"logo\":{\"@type\":\"ImageObject\",\"inLanguage\":\"es\",\"@id\":\"https:\/\/agrupacionespsoe.es\/pedroche\/#\/schema\/logo\/image\/\",\"url\":\"https:\/\/agrupacionespsoe.es\/wp-content\/uploads\/2022\/07\/Logotipo_electoral_del_PSOE.png\",\"contentUrl\":\"https:\/\/agrupacionespsoe.es\/wp-content\/uploads\/2022\/07\/Logotipo_electoral_del_PSOE.png\",\"width\":422,\"height\":422,\"caption\":\"Agrupaci\u00f3n Socialista de Pedroche\"},\"image\":{\"@id\":\"https:\/\/agrupacionespsoe.es\/pedroche\/#\/schema\/logo\/image\/\"}},{\"@type\":\"Person\",\"@id\":\"https:\/\/agrupacionespsoe.es\/pedroche\/#\/schema\/person\/acf80f35d39cc7f7bb29d731960fbbf6\",\"name\":\"pedroche2\",\"image\":{\"@type\":\"ImageObject\",\"inLanguage\":\"es\",\"@id\":\"https:\/\/agrupacionespsoe.es\/pedroche\/#\/schema\/person\/image\/\",\"url\":\"https:\/\/secure.gravatar.com\/avatar\/1f410c7932c1a650bc65aef28226ac2d?s=96&d=mm&r=g\",\"contentUrl\":\"https:\/\/secure.gravatar.com\/avatar\/1f410c7932c1a650bc65aef28226ac2d?s=96&d=mm&r=g\",\"caption\":\"pedroche2\"},\"url\":\"https:\/\/agrupacionespsoe.es\/pedroche\/author\/pedroche2\/\"}]}<\/script>\n<!-- \/ Yoast SEO plugin. -->","yoast_head_json":{"title":"Las mentiras de los populares de Pedroche - Agrupaci\u00f3n Socialista de Pedroche","robots":{"index":"index","follow":"follow","max-snippet":"max-snippet:-1","max-image-preview":"max-image-preview:large","max-video-preview":"max-video-preview:-1"},"canonical":"https:\/\/agrupacionespsoe.es\/pedroche\/las-mentiras-de-los-populares-de-pedroche\/","og_locale":"es_ES","og_type":"article","og_title":"Las mentiras de los populares de Pedroche - Agrupaci\u00f3n Socialista de Pedroche","og_description":"No s\u00e9 si el PP de Pedroche lo hace por ignorancia o por el simple hecho de mentir, mentir con total descaro. Estamos viendo como casi semanalmente hay actividades en Pedroche y, sin embargo, mienten cuando hablan de \u00abfalta de iniciativa e insuficiente respaldo\u00bb. Mienten porque, como no participan, muchas de las actividades no sabr\u00e1n ...","og_url":"https:\/\/agrupacionespsoe.es\/pedroche\/las-mentiras-de-los-populares-de-pedroche\/","og_site_name":"Agrupaci\u00f3n Socialista de Pedroche","article_published_time":"2022-06-11T23:28:00+00:00","article_modified_time":"2023-02-22T09:29:45+00:00","og_image":[{"width":1663,"height":2048,"url":"https:\/\/agrupacionespsoe.es\/pedroche\/wp-content\/uploads\/sites\/79\/2023\/02\/eventos.jpg","type":"image\/jpeg"}],"author":"pedroche2","twitter_card":"summary_large_image","twitter_misc":{"Escrito por":"pedroche2","Tiempo de lectura":"2 minutos"},"schema":{"@context":"https:\/\/schema.org","@graph":[{"@type":"Article","@id":"https:\/\/agrupacionespsoe.es\/pedroche\/las-mentiras-de-los-populares-de-pedroche\/#article","isPartOf":{"@id":"https:\/\/agrupacionespsoe.es\/pedroche\/las-mentiras-de-los-populares-de-pedroche\/"},"author":{"name":"pedroche2","@id":"https:\/\/agrupacionespsoe.es\/pedroche\/#\/schema\/person\/acf80f35d39cc7f7bb29d731960fbbf6"},"headline":"Las mentiras de los populares de Pedroche","datePublished":"2022-06-11T23:28:00+00:00","dateModified":"2023-02-22T09:29:45+00:00","mainEntityOfPage":{"@id":"https:\/\/agrupacionespsoe.es\/pedroche\/las-mentiras-de-los-populares-de-pedroche\/"},"wordCount":478,"commentCount":0,"publisher":{"@id":"https:\/\/agrupacionespsoe.es\/pedroche\/#organization"},"image":{"@id":"https:\/\/agrupacionespsoe.es\/pedroche\/las-mentiras-de-los-populares-de-pedroche\/#primaryimage"},"thumbnailUrl":"https:\/\/agrupacionespsoe.es\/pedroche\/wp-content\/uploads\/sites\/79\/2023\/02\/eventos.jpg","articleSection":["PEDROCHE"],"inLanguage":"es","potentialAction":[{"@type":"CommentAction","name":"Comment","target":["https:\/\/agrupacionespsoe.es\/pedroche\/las-mentiras-de-los-populares-de-pedroche\/#respond"]}]},{"@type":"WebPage","@id":"https:\/\/agrupacionespsoe.es\/pedroche\/las-mentiras-de-los-populares-de-pedroche\/","url":"https:\/\/agrupacionespsoe.es\/pedroche\/las-mentiras-de-los-populares-de-pedroche\/","name":"Las mentiras de los populares de Pedroche - Agrupaci\u00f3n Socialista de Pedroche","isPartOf":{"@id":"https:\/\/agrupacionespsoe.es\/pedroche\/#website"},"primaryImageOfPage":{"@id":"https:\/\/agrupacionespsoe.es\/pedroche\/las-mentiras-de-los-populares-de-pedroche\/#primaryimage"},"image":{"@id":"https:\/\/agrupacionespsoe.es\/pedroche\/las-mentiras-de-los-populares-de-pedroche\/#primaryimage"},"thumbnailUrl":"https:\/\/agrupacionespsoe.es\/pedroche\/wp-content\/uploads\/sites\/79\/2023\/02\/eventos.jpg","datePublished":"2022-06-11T23:28:00+00:00","dateModified":"2023-02-22T09:29:45+00:00","breadcrumb":{"@id":"https:\/\/agrupacionespsoe.es\/pedroche\/las-mentiras-de-los-populares-de-pedroche\/#breadcrumb"},"inLanguage":"es","potentialAction":[{"@type":"ReadAction","target":["https:\/\/agrupacionespsoe.es\/pedroche\/las-mentiras-de-los-populares-de-pedroche\/"]}]},{"@type":"ImageObject","inLanguage":"es","@id":"https:\/\/agrupacionespsoe.es\/pedroche\/las-mentiras-de-los-populares-de-pedroche\/#primaryimage","url":"https:\/\/agrupacionespsoe.es\/pedroche\/wp-content\/uploads\/sites\/79\/2023\/02\/eventos.jpg","contentUrl":"https:\/\/agrupacionespsoe.es\/pedroche\/wp-content\/uploads\/sites\/79\/2023\/02\/eventos.jpg","width":1663,"height":2048},{"@type":"BreadcrumbList","@id":"https:\/\/agrupacionespsoe.es\/pedroche\/las-mentiras-de-los-populares-de-pedroche\/#breadcrumb","itemListElement":[{"@type":"ListItem","position":1,"name":"Portada","item":"https:\/\/agrupacionespsoe.es\/pedroche\/"},{"@type":"ListItem","position":2,"name":"Las mentiras de los populares de Pedroche"}]},{"@type":"WebSite","@id":"https:\/\/agrupacionespsoe.es\/pedroche\/#website","url":"https:\/\/agrupacionespsoe.es\/pedroche\/","name":"Agrupaci\u00f3n Socialista de Pedroche","description":"Agrupaci\u00f3n Socialista de Pedroche","publisher":{"@id":"https:\/\/agrupacionespsoe.es\/pedroche\/#organization"},"potentialAction":[{"@type":"SearchAction","target":{"@type":"EntryPoint","urlTemplate":"https:\/\/agrupacionespsoe.es\/pedroche\/?s={search_term_string}"},"query-input":{"@type":"PropertyValueSpecification","valueRequired":true,"valueName":"search_term_string"}}],"inLanguage":"es"},{"@type":"Organization","@id":"https:\/\/agrupacionespsoe.es\/pedroche\/#organization","name":"Agrupaci\u00f3n Socialista de Pedroche","url":"https:\/\/agrupacionespsoe.es\/pedroche\/","logo":{"@type":"ImageObject","inLanguage":"es","@id":"https:\/\/agrupacionespsoe.es\/pedroche\/#\/schema\/logo\/image\/","url":"https:\/\/agrupacionespsoe.es\/wp-content\/uploads\/2022\/07\/Logotipo_electoral_del_PSOE.png","contentUrl":"https:\/\/agrupacionespsoe.es\/wp-content\/uploads\/2022\/07\/Logotipo_electoral_del_PSOE.png","width":422,"height":422,"caption":"Agrupaci\u00f3n Socialista de Pedroche"},"image":{"@id":"https:\/\/agrupacionespsoe.es\/pedroche\/#\/schema\/logo\/image\/"}},{"@type":"Person","@id":"https:\/\/agrupacionespsoe.es\/pedroche\/#\/schema\/person\/acf80f35d39cc7f7bb29d731960fbbf6","name":"pedroche2","image":{"@type":"ImageObject","inLanguage":"es","@id":"https:\/\/agrupacionespsoe.es\/pedroche\/#\/schema\/person\/image\/","url":"https:\/\/secure.gravatar.com\/avatar\/1f410c7932c1a650bc65aef28226ac2d?s=96&d=mm&r=g","contentUrl":"https:\/\/secure.gravatar.com\/avatar\/1f410c7932c1a650bc65aef28226ac2d?s=96&d=mm&r=g","caption":"pedroche2"},"url":"https:\/\/agrupacionespsoe.es\/pedroche\/author\/pedroche2\/"}]}},"jetpack_featured_media_url":"https:\/\/agrupacionespsoe.es\/pedroche\/wp-content\/uploads\/sites\/79\/2023\/02\/eventos.jpg","jetpack_sharing_enabled":true,"_links":{"self":[{"href":"https:\/\/agrupacionespsoe.es\/pedroche\/wp-json\/wp\/v2\/posts\/181","targetHints":{"allow":["GET"]}}],"collection":[{"href":"https:\/\/agrupacionespsoe.es\/pedroche\/wp-json\/wp\/v2\/posts"}],"about":[{"href":"https:\/\/agrupacionespsoe.es\/pedroche\/wp-json\/wp\/v2\/types\/post"}],"author":[{"embeddable":true,"href":"https:\/\/agrupacionespsoe.es\/pedroche\/wp-json\/wp\/v2\/users\/125"}],"replies":[{"embeddable":true,"href":"https:\/\/agrupacionespsoe.es\/pedroche\/wp-json\/wp\/v2\/comments?post=181"}],"version-history":[{"count":1,"href":"https:\/\/agrupacionespsoe.es\/pedroche\/wp-json\/wp\/v2\/posts\/181\/revisions"}],"predecessor-version":[{"id":183,"href":"https:\/\/agrupacionespsoe.es\/pedroche\/wp-json\/wp\/v2\/posts\/181\/revisions\/183"}],"wp:featuredmedia":[{"embeddable":true,"href":"https:\/\/agrupacionespsoe.es\/pedroche\/wp-json\/wp\/v2\/media\/182"}],"wp:attachment":[{"href":"https:\/\/agrupacionespsoe.es\/pedroche\/wp-json\/wp\/v2\/media?parent=181"}],"wp:term":[{"taxonomy":"category","embeddable":true,"href":"https:\/\/agrupacionespsoe.es\/pedroche\/wp-json\/wp\/v2\/categories?post=181"},{"taxonomy":"post_tag","embeddable":true,"href":"https:\/\/agrupacionespsoe.es\/pedroche\/wp-json\/wp\/v2\/tags?post=181"}],"curies":[{"name":"wp","href":"https:\/\/api.w.org\/{rel}","templated":true}]}}