{"id":955,"date":"2024-05-21T12:39:25","date_gmt":"2024-05-21T12:39:25","guid":{"rendered":"https:\/\/agrupacionespsoe.es\/melilla\/?p=955"},"modified":"2024-05-21T12:39:36","modified_gmt":"2024-05-21T12:39:36","slug":"robles-muchas-inversiones-que-esta-vendiendo-el-pp-son-de-fondos-conseguidos-por-el-gobierno-de-sanchez","status":"publish","type":"post","link":"https:\/\/agrupacionespsoe.es\/melilla\/robles-muchas-inversiones-que-esta-vendiendo-el-pp-son-de-fondos-conseguidos-por-el-gobierno-de-sanchez\/","title":{"rendered":"Robles: \u201cMuchas inversiones que est\u00e1 vendiendo el PP son de fondos conseguidos por el Gobierno de S\u00e1nchez\u201d"},"content":{"rendered":"\n<p><strong>\u201cMelilla le debe mucho a la Uni\u00f3n Europea, un alt\u00edsimo porcentaje de las inversiones de la Ciudad provienen de fondos europeos\u201d, asegura<\/strong><\/p>\n\n\n\n<p>\u201cMuchas de las inversiones que est\u00e1 vendiendo ahora mismo el Gobierno del Partido Popular son gracias a esos fondos europeos conseguidos por el Gobierno Socialista de Pedro S\u00e1nchez\u201d.<\/p>\n\n\n\n<p>El diputado de la Asamblea y portavoz de la Comisi\u00f3n Ejecutiva Regional del PSOE de Melilla, Rafael Robles, en la tertulia de PlayMelTV, ha puesto en valor las partidas europeas de las que se ha beneficiado Espa\u00f1a y Melilla, como son los Fondos Next Generation o los derivados del Plan de Recuperaci\u00f3n, Transformaci\u00f3n y Resiliencia (PRTR).<\/p>\n\n\n\n<p>\u201cNosotros como ciudad le debemos mucho a la Uni\u00f3n Europea, porque un porcentaje alt\u00edsimo de las inversiones en esta ciudad son gracias a los fondos europeos\u201d, ha se\u00f1alado.<\/p>\n\n\n\n<p>\u201cEl liderazgo de Pedro S\u00e1nchez a nivel internacional se debe gracias a su labor diplom\u00e1tica durante la crisis y posterior a la crisis que nos ha permitido estar en los momentos econ\u00f3micos en los que ahora nos encontramos y que, en comparaci\u00f3n con el resto del espacio europeo, nos convierte en una de las econom\u00edas que m\u00e1s est\u00e1 creciendo\u201d, ha destacado.<\/p>\n\n\n\n<p><strong>Elecciones europeas<\/strong><\/p>\n\n\n\n<p>\u201cNos estamos jugando mucho en estas elecciones europeas. Nos estamos jugando que crezca la ultraderecha, como est\u00e1 creciendo en todas partes\u201d, ha avanzado. \u201cHemos podido de momento conseguir que no crezca de la manera que lo est\u00e1 haciendo en otros pa\u00edses\u201d, ha celebrado.<\/p>\n\n\n\n<p>En este sentido, el dirigente socialista ha referido a los problemas que est\u00e1n sucediendo en los gobiernos auton\u00f3micos del PP y Vox, \u201cproblemas a niveles de cultura, a niveles de memoria democr\u00e1tica, a niveles de medidas que se toman y que la ciudadan\u00eda no entiende\u201d.<\/p>\n\n\n\n<p>Robles ha asegurado que el PP \u201cse encuentra ideol\u00f3gicamente secuestrado por una ultraderecha que le exige escorarse cada vez m\u00e1s hacia la extrema derecha\u201d. \u201cCuando no hace ese discurso de extrema derecha piensa que pierde votos, porque su m\u00e1ximo competidor ahora mismo es Vox\u201d, ha subrayado.<\/p>\n\n\n\n<p>Por ello, ha aventurado que \u201ces un peligro que la derecha, m\u00e1s moderada, m\u00e1s liberal, se vea condicionada por esa ultraderecha con la que tienen que pactar y tienen que gobernar\u201d. \u201cEn el resto de Europa se est\u00e1n viendo los resultados que tiene cuando gobierna la ultraderecha. Lo vemos en Hungr\u00eda, lo vemos en pa\u00edses donde los retrocesos son evidentes\u201d, ha lamentado.<\/p>\n\n\n\n<p>\u201cEsperemos que la Uni\u00f3n Europea se mantenga fuerte para evitar realmente este ascenso de la ultraderecha\u201d, ha enunciado. \u201cYa estamos viendo qu\u00e9 es la ultraderecha en el continente europeo, que ya vivi\u00f3 durante los a\u00f1os 30 lo que es el crecimiento del fascismo que nos llev\u00f3 a la destrucci\u00f3n total de nuestro continente en una guerra\u201d, ha aseverado.<\/p>\n\n\n\n<p>El portavoz de los socialistas locales ha asegurado que \u201ceso es lo que estamos viviendo y esa es la amenaza que realmente estamos viendo con mucho peligro todos los actores sociales\u201d. Asimismo, ha insistido en la importancia de poner \u201cl\u00edneas rojas\u201d a los l\u00edderes de la ultraderecha para que \u201cno lleguen al poder\u201d, haciendo referencia a Trump, Bolsonaro o Milei. \u201cTodo el mundo est\u00e1 viendo lo peligrosos que son\u201d, ha finalizado.<\/p>\n","protected":false},"excerpt":{"rendered":"<p>\u201cMelilla le debe mucho a la Uni\u00f3n Europea, un alt\u00edsimo porcentaje de las inversiones de la Ciudad provienen de fondos europeos\u201d, asegura \u201cMuchas de las inversiones que est\u00e1 vendiendo ahora mismo el Gobierno del Partido Popular son gracias a esos fondos europeos conseguidos por el Gobierno Socialista de Pedro S\u00e1nchez\u201d. El diputado de la Asamblea &#8230;<\/p>\n","protected":false},"author":187,"featured_media":956,"comment_status":"open","ping_status":"open","sticky":false,"template":"","format":"standard","meta":{"_jetpack_memberships_contains_paid_content":false,"footnotes":""},"categories":[1],"tags":[],"class_list":["post-955","post","type-post","status-publish","format-standard","has-post-thumbnail","hentry","category-sin-categoria"],"yoast_head":"<!-- This site is optimized with the Yoast SEO plugin v24.0 - https:\/\/yoast.com\/wordpress\/plugins\/seo\/ -->\n<title>Robles: \u201cMuchas inversiones que est\u00e1 vendiendo el PP son de fondos conseguidos por el Gobierno de S\u00e1nchez\u201d - Agrupaci\u00f3n Socialista de Melilla<\/title>\n<meta name=\"robots\" content=\"index, follow, max-snippet:-1, max-image-preview:large, max-video-preview:-1\" \/>\n<link rel=\"canonical\" href=\"https:\/\/agrupacionespsoe.es\/melilla\/robles-muchas-inversiones-que-esta-vendiendo-el-pp-son-de-fondos-conseguidos-por-el-gobierno-de-sanchez\/\" \/>\n<meta property=\"og:locale\" content=\"es_ES\" \/>\n<meta property=\"og:type\" content=\"article\" \/>\n<meta property=\"og:title\" content=\"Robles: \u201cMuchas inversiones que est\u00e1 vendiendo el PP son de fondos conseguidos por el Gobierno de S\u00e1nchez\u201d - Agrupaci\u00f3n Socialista de Melilla\" \/>\n<meta property=\"og:description\" content=\"\u201cMelilla le debe mucho a la Uni\u00f3n Europea, un alt\u00edsimo porcentaje de las inversiones de la Ciudad provienen de fondos europeos\u201d, asegura \u201cMuchas de las inversiones que est\u00e1 vendiendo ahora mismo el Gobierno del Partido Popular son gracias a esos fondos europeos conseguidos por el Gobierno Socialista de Pedro S\u00e1nchez\u201d. El diputado de la Asamblea ...\" \/>\n<meta property=\"og:url\" content=\"https:\/\/agrupacionespsoe.es\/melilla\/robles-muchas-inversiones-que-esta-vendiendo-el-pp-son-de-fondos-conseguidos-por-el-gobierno-de-sanchez\/\" \/>\n<meta property=\"og:site_name\" content=\"Agrupaci\u00f3n Socialista de Melilla\" \/>\n<meta property=\"article:published_time\" content=\"2024-05-21T12:39:25+00:00\" \/>\n<meta property=\"article:modified_time\" content=\"2024-05-21T12:39:36+00:00\" \/>\n<meta property=\"og:image\" content=\"https:\/\/agrupacionespsoe.es\/melilla\/wp-content\/uploads\/sites\/120\/2024\/05\/RRobles_21Mayo.jpeg\" \/>\n\t<meta property=\"og:image:width\" content=\"1600\" \/>\n\t<meta property=\"og:image:height\" content=\"900\" \/>\n\t<meta property=\"og:image:type\" content=\"image\/jpeg\" \/>\n<meta name=\"author\" content=\"melilla2\" \/>\n<meta name=\"twitter:card\" content=\"summary_large_image\" \/>\n<meta name=\"twitter:label1\" content=\"Escrito por\" \/>\n\t<meta name=\"twitter:data1\" content=\"melilla2\" \/>\n\t<meta name=\"twitter:label2\" content=\"Tiempo de lectura\" \/>\n\t<meta name=\"twitter:data2\" content=\"3 minutos\" \/>\n<script type=\"application\/ld+json\" class=\"yoast-schema-graph\">{\"@context\":\"https:\/\/schema.org\",\"@graph\":[{\"@type\":\"Article\",\"@id\":\"https:\/\/agrupacionespsoe.es\/melilla\/robles-muchas-inversiones-que-esta-vendiendo-el-pp-son-de-fondos-conseguidos-por-el-gobierno-de-sanchez\/#article\",\"isPartOf\":{\"@id\":\"https:\/\/agrupacionespsoe.es\/melilla\/robles-muchas-inversiones-que-esta-vendiendo-el-pp-son-de-fondos-conseguidos-por-el-gobierno-de-sanchez\/\"},\"author\":{\"name\":\"melilla2\",\"@id\":\"https:\/\/agrupacionespsoe.es\/melilla\/#\/schema\/person\/72bb3075a827d0ed0623682b96c92bd6\"},\"headline\":\"Robles: \u201cMuchas inversiones que est\u00e1 vendiendo el PP son de fondos conseguidos por el Gobierno de S\u00e1nchez\u201d\",\"datePublished\":\"2024-05-21T12:39:25+00:00\",\"dateModified\":\"2024-05-21T12:39:36+00:00\",\"mainEntityOfPage\":{\"@id\":\"https:\/\/agrupacionespsoe.es\/melilla\/robles-muchas-inversiones-que-esta-vendiendo-el-pp-son-de-fondos-conseguidos-por-el-gobierno-de-sanchez\/\"},\"wordCount\":573,\"commentCount\":0,\"publisher\":{\"@id\":\"https:\/\/agrupacionespsoe.es\/melilla\/#organization\"},\"image\":{\"@id\":\"https:\/\/agrupacionespsoe.es\/melilla\/robles-muchas-inversiones-que-esta-vendiendo-el-pp-son-de-fondos-conseguidos-por-el-gobierno-de-sanchez\/#primaryimage\"},\"thumbnailUrl\":\"https:\/\/agrupacionespsoe.es\/melilla\/wp-content\/uploads\/sites\/120\/2024\/05\/RRobles_21Mayo.jpeg\",\"inLanguage\":\"es\",\"potentialAction\":[{\"@type\":\"CommentAction\",\"name\":\"Comment\",\"target\":[\"https:\/\/agrupacionespsoe.es\/melilla\/robles-muchas-inversiones-que-esta-vendiendo-el-pp-son-de-fondos-conseguidos-por-el-gobierno-de-sanchez\/#respond\"]}]},{\"@type\":\"WebPage\",\"@id\":\"https:\/\/agrupacionespsoe.es\/melilla\/robles-muchas-inversiones-que-esta-vendiendo-el-pp-son-de-fondos-conseguidos-por-el-gobierno-de-sanchez\/\",\"url\":\"https:\/\/agrupacionespsoe.es\/melilla\/robles-muchas-inversiones-que-esta-vendiendo-el-pp-son-de-fondos-conseguidos-por-el-gobierno-de-sanchez\/\",\"name\":\"Robles: \u201cMuchas inversiones que est\u00e1 vendiendo el PP son de fondos conseguidos por el Gobierno de S\u00e1nchez\u201d - Agrupaci\u00f3n Socialista de Melilla\",\"isPartOf\":{\"@id\":\"https:\/\/agrupacionespsoe.es\/melilla\/#website\"},\"primaryImageOfPage\":{\"@id\":\"https:\/\/agrupacionespsoe.es\/melilla\/robles-muchas-inversiones-que-esta-vendiendo-el-pp-son-de-fondos-conseguidos-por-el-gobierno-de-sanchez\/#primaryimage\"},\"image\":{\"@id\":\"https:\/\/agrupacionespsoe.es\/melilla\/robles-muchas-inversiones-que-esta-vendiendo-el-pp-son-de-fondos-conseguidos-por-el-gobierno-de-sanchez\/#primaryimage\"},\"thumbnailUrl\":\"https:\/\/agrupacionespsoe.es\/melilla\/wp-content\/uploads\/sites\/120\/2024\/05\/RRobles_21Mayo.jpeg\",\"datePublished\":\"2024-05-21T12:39:25+00:00\",\"dateModified\":\"2024-05-21T12:39:36+00:00\",\"breadcrumb\":{\"@id\":\"https:\/\/agrupacionespsoe.es\/melilla\/robles-muchas-inversiones-que-esta-vendiendo-el-pp-son-de-fondos-conseguidos-por-el-gobierno-de-sanchez\/#breadcrumb\"},\"inLanguage\":\"es\",\"potentialAction\":[{\"@type\":\"ReadAction\",\"target\":[\"https:\/\/agrupacionespsoe.es\/melilla\/robles-muchas-inversiones-que-esta-vendiendo-el-pp-son-de-fondos-conseguidos-por-el-gobierno-de-sanchez\/\"]}]},{\"@type\":\"ImageObject\",\"inLanguage\":\"es\",\"@id\":\"https:\/\/agrupacionespsoe.es\/melilla\/robles-muchas-inversiones-que-esta-vendiendo-el-pp-son-de-fondos-conseguidos-por-el-gobierno-de-sanchez\/#primaryimage\",\"url\":\"https:\/\/agrupacionespsoe.es\/melilla\/wp-content\/uploads\/sites\/120\/2024\/05\/RRobles_21Mayo.jpeg\",\"contentUrl\":\"https:\/\/agrupacionespsoe.es\/melilla\/wp-content\/uploads\/sites\/120\/2024\/05\/RRobles_21Mayo.jpeg\",\"width\":1600,\"height\":900},{\"@type\":\"BreadcrumbList\",\"@id\":\"https:\/\/agrupacionespsoe.es\/melilla\/robles-muchas-inversiones-que-esta-vendiendo-el-pp-son-de-fondos-conseguidos-por-el-gobierno-de-sanchez\/#breadcrumb\",\"itemListElement\":[{\"@type\":\"ListItem\",\"position\":1,\"name\":\"Portada\",\"item\":\"https:\/\/agrupacionespsoe.es\/melilla\/\"},{\"@type\":\"ListItem\",\"position\":2,\"name\":\"Robles: \u201cMuchas inversiones que est\u00e1 vendiendo el PP son de fondos conseguidos por el Gobierno de S\u00e1nchez\u201d\"}]},{\"@type\":\"WebSite\",\"@id\":\"https:\/\/agrupacionespsoe.es\/melilla\/#website\",\"url\":\"https:\/\/agrupacionespsoe.es\/melilla\/\",\"name\":\"Agrupaci\u00f3n Socialista de Melilla\",\"description\":\"Agrupaci\u00f3n Socialista de Melilla\",\"publisher\":{\"@id\":\"https:\/\/agrupacionespsoe.es\/melilla\/#organization\"},\"potentialAction\":[{\"@type\":\"SearchAction\",\"target\":{\"@type\":\"EntryPoint\",\"urlTemplate\":\"https:\/\/agrupacionespsoe.es\/melilla\/?s={search_term_string}\"},\"query-input\":{\"@type\":\"PropertyValueSpecification\",\"valueRequired\":true,\"valueName\":\"search_term_string\"}}],\"inLanguage\":\"es\"},{\"@type\":\"Organization\",\"@id\":\"https:\/\/agrupacionespsoe.es\/melilla\/#organization\",\"name\":\"Agrupaci\u00f3n Socialista de Melilla\",\"url\":\"https:\/\/agrupacionespsoe.es\/melilla\/\",\"logo\":{\"@type\":\"ImageObject\",\"inLanguage\":\"es\",\"@id\":\"https:\/\/agrupacionespsoe.es\/melilla\/#\/schema\/logo\/image\/\",\"url\":\"https:\/\/agrupacionespsoe.es\/wp-content\/uploads\/2022\/07\/Logotipo_electoral_del_PSOE.png\",\"contentUrl\":\"https:\/\/agrupacionespsoe.es\/wp-content\/uploads\/2022\/07\/Logotipo_electoral_del_PSOE.png\",\"width\":422,\"height\":422,\"caption\":\"Agrupaci\u00f3n Socialista de Melilla\"},\"image\":{\"@id\":\"https:\/\/agrupacionespsoe.es\/melilla\/#\/schema\/logo\/image\/\"}},{\"@type\":\"Person\",\"@id\":\"https:\/\/agrupacionespsoe.es\/melilla\/#\/schema\/person\/72bb3075a827d0ed0623682b96c92bd6\",\"name\":\"melilla2\",\"image\":{\"@type\":\"ImageObject\",\"inLanguage\":\"es\",\"@id\":\"https:\/\/agrupacionespsoe.es\/melilla\/#\/schema\/person\/image\/\",\"url\":\"https:\/\/secure.gravatar.com\/avatar\/489a178e794e59f00db13a448aabca16?s=96&d=mm&r=g\",\"contentUrl\":\"https:\/\/secure.gravatar.com\/avatar\/489a178e794e59f00db13a448aabca16?s=96&d=mm&r=g\",\"caption\":\"melilla2\"},\"url\":\"https:\/\/agrupacionespsoe.es\/melilla\/author\/melilla2\/\"}]}<\/script>\n<!-- \/ Yoast SEO plugin. -->","yoast_head_json":{"title":"Robles: \u201cMuchas inversiones que est\u00e1 vendiendo el PP son de fondos conseguidos por el Gobierno de S\u00e1nchez\u201d - Agrupaci\u00f3n Socialista de Melilla","robots":{"index":"index","follow":"follow","max-snippet":"max-snippet:-1","max-image-preview":"max-image-preview:large","max-video-preview":"max-video-preview:-1"},"canonical":"https:\/\/agrupacionespsoe.es\/melilla\/robles-muchas-inversiones-que-esta-vendiendo-el-pp-son-de-fondos-conseguidos-por-el-gobierno-de-sanchez\/","og_locale":"es_ES","og_type":"article","og_title":"Robles: \u201cMuchas inversiones que est\u00e1 vendiendo el PP son de fondos conseguidos por el Gobierno de S\u00e1nchez\u201d - Agrupaci\u00f3n Socialista de Melilla","og_description":"\u201cMelilla le debe mucho a la Uni\u00f3n Europea, un alt\u00edsimo porcentaje de las inversiones de la Ciudad provienen de fondos europeos\u201d, asegura \u201cMuchas de las inversiones que est\u00e1 vendiendo ahora mismo el Gobierno del Partido Popular son gracias a esos fondos europeos conseguidos por el Gobierno Socialista de Pedro S\u00e1nchez\u201d. El diputado de la Asamblea ...","og_url":"https:\/\/agrupacionespsoe.es\/melilla\/robles-muchas-inversiones-que-esta-vendiendo-el-pp-son-de-fondos-conseguidos-por-el-gobierno-de-sanchez\/","og_site_name":"Agrupaci\u00f3n Socialista de Melilla","article_published_time":"2024-05-21T12:39:25+00:00","article_modified_time":"2024-05-21T12:39:36+00:00","og_image":[{"width":1600,"height":900,"url":"https:\/\/agrupacionespsoe.es\/melilla\/wp-content\/uploads\/sites\/120\/2024\/05\/RRobles_21Mayo.jpeg","type":"image\/jpeg"}],"author":"melilla2","twitter_card":"summary_large_image","twitter_misc":{"Escrito por":"melilla2","Tiempo de lectura":"3 minutos"},"schema":{"@context":"https:\/\/schema.org","@graph":[{"@type":"Article","@id":"https:\/\/agrupacionespsoe.es\/melilla\/robles-muchas-inversiones-que-esta-vendiendo-el-pp-son-de-fondos-conseguidos-por-el-gobierno-de-sanchez\/#article","isPartOf":{"@id":"https:\/\/agrupacionespsoe.es\/melilla\/robles-muchas-inversiones-que-esta-vendiendo-el-pp-son-de-fondos-conseguidos-por-el-gobierno-de-sanchez\/"},"author":{"name":"melilla2","@id":"https:\/\/agrupacionespsoe.es\/melilla\/#\/schema\/person\/72bb3075a827d0ed0623682b96c92bd6"},"headline":"Robles: \u201cMuchas inversiones que est\u00e1 vendiendo el PP son de fondos conseguidos por el Gobierno de S\u00e1nchez\u201d","datePublished":"2024-05-21T12:39:25+00:00","dateModified":"2024-05-21T12:39:36+00:00","mainEntityOfPage":{"@id":"https:\/\/agrupacionespsoe.es\/melilla\/robles-muchas-inversiones-que-esta-vendiendo-el-pp-son-de-fondos-conseguidos-por-el-gobierno-de-sanchez\/"},"wordCount":573,"commentCount":0,"publisher":{"@id":"https:\/\/agrupacionespsoe.es\/melilla\/#organization"},"image":{"@id":"https:\/\/agrupacionespsoe.es\/melilla\/robles-muchas-inversiones-que-esta-vendiendo-el-pp-son-de-fondos-conseguidos-por-el-gobierno-de-sanchez\/#primaryimage"},"thumbnailUrl":"https:\/\/agrupacionespsoe.es\/melilla\/wp-content\/uploads\/sites\/120\/2024\/05\/RRobles_21Mayo.jpeg","inLanguage":"es","potentialAction":[{"@type":"CommentAction","name":"Comment","target":["https:\/\/agrupacionespsoe.es\/melilla\/robles-muchas-inversiones-que-esta-vendiendo-el-pp-son-de-fondos-conseguidos-por-el-gobierno-de-sanchez\/#respond"]}]},{"@type":"WebPage","@id":"https:\/\/agrupacionespsoe.es\/melilla\/robles-muchas-inversiones-que-esta-vendiendo-el-pp-son-de-fondos-conseguidos-por-el-gobierno-de-sanchez\/","url":"https:\/\/agrupacionespsoe.es\/melilla\/robles-muchas-inversiones-que-esta-vendiendo-el-pp-son-de-fondos-conseguidos-por-el-gobierno-de-sanchez\/","name":"Robles: \u201cMuchas inversiones que est\u00e1 vendiendo el PP son de fondos conseguidos por el Gobierno de S\u00e1nchez\u201d - Agrupaci\u00f3n Socialista de Melilla","isPartOf":{"@id":"https:\/\/agrupacionespsoe.es\/melilla\/#website"},"primaryImageOfPage":{"@id":"https:\/\/agrupacionespsoe.es\/melilla\/robles-muchas-inversiones-que-esta-vendiendo-el-pp-son-de-fondos-conseguidos-por-el-gobierno-de-sanchez\/#primaryimage"},"image":{"@id":"https:\/\/agrupacionespsoe.es\/melilla\/robles-muchas-inversiones-que-esta-vendiendo-el-pp-son-de-fondos-conseguidos-por-el-gobierno-de-sanchez\/#primaryimage"},"thumbnailUrl":"https:\/\/agrupacionespsoe.es\/melilla\/wp-content\/uploads\/sites\/120\/2024\/05\/RRobles_21Mayo.jpeg","datePublished":"2024-05-21T12:39:25+00:00","dateModified":"2024-05-21T12:39:36+00:00","breadcrumb":{"@id":"https:\/\/agrupacionespsoe.es\/melilla\/robles-muchas-inversiones-que-esta-vendiendo-el-pp-son-de-fondos-conseguidos-por-el-gobierno-de-sanchez\/#breadcrumb"},"inLanguage":"es","potentialAction":[{"@type":"ReadAction","target":["https:\/\/agrupacionespsoe.es\/melilla\/robles-muchas-inversiones-que-esta-vendiendo-el-pp-son-de-fondos-conseguidos-por-el-gobierno-de-sanchez\/"]}]},{"@type":"ImageObject","inLanguage":"es","@id":"https:\/\/agrupacionespsoe.es\/melilla\/robles-muchas-inversiones-que-esta-vendiendo-el-pp-son-de-fondos-conseguidos-por-el-gobierno-de-sanchez\/#primaryimage","url":"https:\/\/agrupacionespsoe.es\/melilla\/wp-content\/uploads\/sites\/120\/2024\/05\/RRobles_21Mayo.jpeg","contentUrl":"https:\/\/agrupacionespsoe.es\/melilla\/wp-content\/uploads\/sites\/120\/2024\/05\/RRobles_21Mayo.jpeg","width":1600,"height":900},{"@type":"BreadcrumbList","@id":"https:\/\/agrupacionespsoe.es\/melilla\/robles-muchas-inversiones-que-esta-vendiendo-el-pp-son-de-fondos-conseguidos-por-el-gobierno-de-sanchez\/#breadcrumb","itemListElement":[{"@type":"ListItem","position":1,"name":"Portada","item":"https:\/\/agrupacionespsoe.es\/melilla\/"},{"@type":"ListItem","position":2,"name":"Robles: \u201cMuchas inversiones que est\u00e1 vendiendo el PP son de fondos conseguidos por el Gobierno de S\u00e1nchez\u201d"}]},{"@type":"WebSite","@id":"https:\/\/agrupacionespsoe.es\/melilla\/#website","url":"https:\/\/agrupacionespsoe.es\/melilla\/","name":"Agrupaci\u00f3n Socialista de Melilla","description":"Agrupaci\u00f3n Socialista de Melilla","publisher":{"@id":"https:\/\/agrupacionespsoe.es\/melilla\/#organization"},"potentialAction":[{"@type":"SearchAction","target":{"@type":"EntryPoint","urlTemplate":"https:\/\/agrupacionespsoe.es\/melilla\/?s={search_term_string}"},"query-input":{"@type":"PropertyValueSpecification","valueRequired":true,"valueName":"search_term_string"}}],"inLanguage":"es"},{"@type":"Organization","@id":"https:\/\/agrupacionespsoe.es\/melilla\/#organization","name":"Agrupaci\u00f3n Socialista de Melilla","url":"https:\/\/agrupacionespsoe.es\/melilla\/","logo":{"@type":"ImageObject","inLanguage":"es","@id":"https:\/\/agrupacionespsoe.es\/melilla\/#\/schema\/logo\/image\/","url":"https:\/\/agrupacionespsoe.es\/wp-content\/uploads\/2022\/07\/Logotipo_electoral_del_PSOE.png","contentUrl":"https:\/\/agrupacionespsoe.es\/wp-content\/uploads\/2022\/07\/Logotipo_electoral_del_PSOE.png","width":422,"height":422,"caption":"Agrupaci\u00f3n Socialista de Melilla"},"image":{"@id":"https:\/\/agrupacionespsoe.es\/melilla\/#\/schema\/logo\/image\/"}},{"@type":"Person","@id":"https:\/\/agrupacionespsoe.es\/melilla\/#\/schema\/person\/72bb3075a827d0ed0623682b96c92bd6","name":"melilla2","image":{"@type":"ImageObject","inLanguage":"es","@id":"https:\/\/agrupacionespsoe.es\/melilla\/#\/schema\/person\/image\/","url":"https:\/\/secure.gravatar.com\/avatar\/489a178e794e59f00db13a448aabca16?s=96&d=mm&r=g","contentUrl":"https:\/\/secure.gravatar.com\/avatar\/489a178e794e59f00db13a448aabca16?s=96&d=mm&r=g","caption":"melilla2"},"url":"https:\/\/agrupacionespsoe.es\/melilla\/author\/melilla2\/"}]}},"jetpack_featured_media_url":"https:\/\/agrupacionespsoe.es\/melilla\/wp-content\/uploads\/sites\/120\/2024\/05\/RRobles_21Mayo.jpeg","jetpack_sharing_enabled":true,"_links":{"self":[{"href":"https:\/\/agrupacionespsoe.es\/melilla\/wp-json\/wp\/v2\/posts\/955","targetHints":{"allow":["GET"]}}],"collection":[{"href":"https:\/\/agrupacionespsoe.es\/melilla\/wp-json\/wp\/v2\/posts"}],"about":[{"href":"https:\/\/agrupacionespsoe.es\/melilla\/wp-json\/wp\/v2\/types\/post"}],"author":[{"embeddable":true,"href":"https:\/\/agrupacionespsoe.es\/melilla\/wp-json\/wp\/v2\/users\/187"}],"replies":[{"embeddable":true,"href":"https:\/\/agrupacionespsoe.es\/melilla\/wp-json\/wp\/v2\/comments?post=955"}],"version-history":[{"count":1,"href":"https:\/\/agrupacionespsoe.es\/melilla\/wp-json\/wp\/v2\/posts\/955\/revisions"}],"predecessor-version":[{"id":957,"href":"https:\/\/agrupacionespsoe.es\/melilla\/wp-json\/wp\/v2\/posts\/955\/revisions\/957"}],"wp:featuredmedia":[{"embeddable":true,"href":"https:\/\/agrupacionespsoe.es\/melilla\/wp-json\/wp\/v2\/media\/956"}],"wp:attachment":[{"href":"https:\/\/agrupacionespsoe.es\/melilla\/wp-json\/wp\/v2\/media?parent=955"}],"wp:term":[{"taxonomy":"category","embeddable":true,"href":"https:\/\/agrupacionespsoe.es\/melilla\/wp-json\/wp\/v2\/categories?post=955"},{"taxonomy":"post_tag","embeddable":true,"href":"https:\/\/agrupacionespsoe.es\/melilla\/wp-json\/wp\/v2\/tags?post=955"}],"curies":[{"name":"wp","href":"https:\/\/api.w.org\/{rel}","templated":true}]}}