{"id":895,"date":"2024-05-02T13:20:02","date_gmt":"2024-05-02T13:20:02","guid":{"rendered":"https:\/\/agrupacionespsoe.es\/melilla\/?p=895"},"modified":"2024-05-05T11:19:30","modified_gmt":"2024-05-05T11:19:30","slug":"moh-vamos-a-hacer-una-oposicion-constructiva-abordando-temas-que-importan-a-la-ciudadania","status":"publish","type":"post","link":"https:\/\/agrupacionespsoe.es\/melilla\/moh-vamos-a-hacer-una-oposicion-constructiva-abordando-temas-que-importan-a-la-ciudadania\/","title":{"rendered":"Moh: \u201cVamos a hacer una oposici\u00f3n constructiva, abordando temas que importan a la ciudadan\u00eda\u201d"},"content":{"rendered":"\n<p><strong>Sobre las cr\u00edticas de los populares por su asistencia a un Pleno se\u00f1ala que \u201cparece que el PP solo trabaja en horario de ma\u00f1ana\u201d<\/strong><\/p>\n\n\n\n<figure class=\"wp-block-image size-large\"><img loading=\"lazy\" decoding=\"async\" width=\"1024\" height=\"683\" src=\"https:\/\/agrupacionespsoe.es\/melilla\/wp-content\/uploads\/sites\/120\/2024\/05\/SMoh_cadenaCOPE-1024x683.jpg\" alt=\"\" class=\"wp-image-896\" srcset=\"https:\/\/agrupacionespsoe.es\/melilla\/wp-content\/uploads\/sites\/120\/2024\/05\/SMoh_cadenaCOPE-1024x683.jpg 1024w, https:\/\/agrupacionespsoe.es\/melilla\/wp-content\/uploads\/sites\/120\/2024\/05\/SMoh_cadenaCOPE-300x200.jpg 300w, https:\/\/agrupacionespsoe.es\/melilla\/wp-content\/uploads\/sites\/120\/2024\/05\/SMoh_cadenaCOPE-768x512.jpg 768w, https:\/\/agrupacionespsoe.es\/melilla\/wp-content\/uploads\/sites\/120\/2024\/05\/SMoh_cadenaCOPE-1536x1024.jpg 1536w, https:\/\/agrupacionespsoe.es\/melilla\/wp-content\/uploads\/sites\/120\/2024\/05\/SMoh_cadenaCOPE-2048x1365.jpg 2048w\" sizes=\"auto, (max-width: 1024px) 100vw, 1024px\" \/><\/figure>\n\n\n\n<p>\u201cVamos a hacer en la ciudad una oposici\u00f3n constructiva, donde la ciudadan\u00eda melillense vean en el Partido Socialista una herramienta, un aliado para poner sobre la mesa y trabajar los problemas que realmente importan a los ciudadanos y ciudadanas melillenses\u201d.<\/p>\n\n\n\n<p>La Secretaria General del PSOE de Melilla, Sabrina Moh, ha abordado en una entrevista concedida este mediod\u00eda en la cadena COPE, c\u00f3mo afronta esta nueva etapa al frente de la formaci\u00f3n local.<\/p>\n\n\n\n<p>As\u00ed, la l\u00edder de los socialistas melillenses ha explicado que, en el \u00e1mbito local, van a seguir con la escucha activa, como siempre ha hecho, tanto en reuniones con entidades y ciudadanos, como en la visita de los diferentes barrios de la ciudad, al tiempo que, desde el \u00e1mbito estatal, desde la Delegaci\u00f3n de Gobierno, \u201cvamos a seguir poniendo en marcha las pol\u00edticas sociales y esas pol\u00edticas que ayuden a seguir mejorando los servicios p\u00fablicos, en definitiva, vamos a seguir trabajando por la mayor\u00eda social de nuestra ciudad\u201d.<\/p>\n\n\n\n<p>La n\u00famero uno del PSOE melillense, que ha explicado que estar tarde la Comisi\u00f3n Ejecutiva Regional (CER) va a mantener una nueva reuni\u00f3n de trabajo, en la que se va a empezar a coordinar las l\u00edneas de trabajo . \u201cQueremos empezar a trabajar desde ya,&nbsp; desde la honradez, desde la humildad y con la escucha activa\u201d, ha expuesto. As\u00ed, ha explicado que \u201cdesde cada una de las \u00e1reas, estamos preparando un plan de trabajo\u201d, y es que \u201cllevamos tiempo, tanto en la gesti\u00f3n como tambi\u00e9n en la oposici\u00f3n, y eso nos ha dado una visi\u00f3n amplia de qu\u00e9 es lo que quiere la ciudadan\u00eda\u201d.<\/p>\n\n\n\n<p>\u201cQueremos impulsar por una parte, desde la oposici\u00f3n en la Asamblea, y, por otra parte desde el Gobierno de la Naci\u00f3n, tanto lo estatal como lo local, para seguir mejorando Melilla y que utilicemos la pol\u00edtica para lo que est\u00e1, una herramienta \u00fatil al servicio de la ciudadan\u00eda\u201d, ha subrayado.<\/p>\n\n\n\n<p><strong>Plenos de la Asamblea<\/strong><\/p>\n\n\n\n<p>Durante la entrevista radiof\u00f3nica, Moh ha sido preguntada por las cr\u00edticas vertidas por el PP sobre su presencia en un Pleno de Control porque, a entender de los populares,&nbsp; \u201cdeber\u00eda estar cumpliendo con sus funciones como Delegada en ese tiempo\u201d.<\/p>\n\n\n\n<p>Sabrina Moh ha avanzado que volver\u00e1 a estar presente en m\u00e1s Plenos de Control, dado que \u201cson un foro muy importante a los que el PSOE lleva los temas que realmente le importan a la ciudadan\u00eda\u201d.<\/p>\n\n\n\n<p><br>\u201cQuiz\u00e1 el PP tenga horario de ma\u00f1ana y solo trabaja en esa franja, pero esta Delegada del Gobierno no tiene hora y, al igual que puedo asistir a la inauguraci\u00f3n de una exposici\u00f3n o a la presentaci\u00f3n de un libro o a cualquier tipo de acto en horario de ma\u00f1ana, me parece importante, siempre y cuando mi agenda me lo permita, asistir a estos Plenos de Control, donde se llevan temas importantes para la ciudadan\u00eda melillense\u201d, ha se\u00f1alado.<\/p>\n\n\n\n<p>\u201cLamento estas cr\u00edticas porque parece que ellos solo trabajan en horario de ma\u00f1ana y lo que no puedan hacer en horario de ma\u00f1ana, pues ya no lo hacen\u201d, ha se\u00f1alado. \u201cAfortunadamente, no es mi caso\u201d, ha dejado claro, dado que \u201cpuedo trabajar en ma\u00f1ana, tarde o fines de semana, que es lo que hago, y dentro de mi agenda van a seguir estando la asistencia a los Plenos de Control\u201d.<\/p>\n","protected":false},"excerpt":{"rendered":"<p>Sobre las cr\u00edticas de los populares por su asistencia a un Pleno se\u00f1ala que \u201cparece que el PP solo trabaja en horario de ma\u00f1ana\u201d \u201cVamos a hacer en la ciudad una oposici\u00f3n constructiva, donde la ciudadan\u00eda melillense vean en el Partido Socialista una herramienta, un aliado para poner sobre la mesa y trabajar los problemas &#8230;<\/p>\n","protected":false},"author":187,"featured_media":896,"comment_status":"open","ping_status":"open","sticky":false,"template":"","format":"standard","meta":{"_jetpack_memberships_contains_paid_content":false,"footnotes":""},"categories":[1],"tags":[],"class_list":["post-895","post","type-post","status-publish","format-standard","has-post-thumbnail","hentry","category-sin-categoria"],"yoast_head":"<!-- This site is optimized with the Yoast SEO plugin v24.0 - https:\/\/yoast.com\/wordpress\/plugins\/seo\/ -->\n<title>Moh: \u201cVamos a hacer una oposici\u00f3n constructiva, abordando temas que importan a la ciudadan\u00eda\u201d - Agrupaci\u00f3n Socialista de Melilla<\/title>\n<meta name=\"robots\" content=\"index, follow, max-snippet:-1, max-image-preview:large, max-video-preview:-1\" \/>\n<link rel=\"canonical\" href=\"https:\/\/agrupacionespsoe.es\/melilla\/moh-vamos-a-hacer-una-oposicion-constructiva-abordando-temas-que-importan-a-la-ciudadania\/\" \/>\n<meta property=\"og:locale\" content=\"es_ES\" \/>\n<meta property=\"og:type\" content=\"article\" \/>\n<meta property=\"og:title\" content=\"Moh: \u201cVamos a hacer una oposici\u00f3n constructiva, abordando temas que importan a la ciudadan\u00eda\u201d - Agrupaci\u00f3n Socialista de Melilla\" \/>\n<meta property=\"og:description\" content=\"Sobre las cr\u00edticas de los populares por su asistencia a un Pleno se\u00f1ala que \u201cparece que el PP solo trabaja en horario de ma\u00f1ana\u201d \u201cVamos a hacer en la ciudad una oposici\u00f3n constructiva, donde la ciudadan\u00eda melillense vean en el Partido Socialista una herramienta, un aliado para poner sobre la mesa y trabajar los problemas ...\" \/>\n<meta property=\"og:url\" content=\"https:\/\/agrupacionespsoe.es\/melilla\/moh-vamos-a-hacer-una-oposicion-constructiva-abordando-temas-que-importan-a-la-ciudadania\/\" \/>\n<meta property=\"og:site_name\" content=\"Agrupaci\u00f3n Socialista de Melilla\" \/>\n<meta property=\"article:published_time\" content=\"2024-05-02T13:20:02+00:00\" \/>\n<meta property=\"article:modified_time\" content=\"2024-05-05T11:19:30+00:00\" \/>\n<meta property=\"og:image\" content=\"https:\/\/agrupacionespsoe.es\/melilla\/wp-content\/uploads\/sites\/120\/2024\/05\/SMoh_cadenaCOPE-scaled.jpg\" \/>\n\t<meta property=\"og:image:width\" content=\"2560\" \/>\n\t<meta property=\"og:image:height\" content=\"1707\" \/>\n\t<meta property=\"og:image:type\" content=\"image\/jpeg\" \/>\n<meta name=\"author\" content=\"melilla2\" \/>\n<meta name=\"twitter:card\" content=\"summary_large_image\" \/>\n<meta name=\"twitter:label1\" content=\"Escrito por\" \/>\n\t<meta name=\"twitter:data1\" content=\"melilla2\" \/>\n\t<meta name=\"twitter:label2\" content=\"Tiempo de lectura\" \/>\n\t<meta name=\"twitter:data2\" content=\"3 minutos\" \/>\n<script type=\"application\/ld+json\" class=\"yoast-schema-graph\">{\"@context\":\"https:\/\/schema.org\",\"@graph\":[{\"@type\":\"Article\",\"@id\":\"https:\/\/agrupacionespsoe.es\/melilla\/moh-vamos-a-hacer-una-oposicion-constructiva-abordando-temas-que-importan-a-la-ciudadania\/#article\",\"isPartOf\":{\"@id\":\"https:\/\/agrupacionespsoe.es\/melilla\/moh-vamos-a-hacer-una-oposicion-constructiva-abordando-temas-que-importan-a-la-ciudadania\/\"},\"author\":{\"name\":\"melilla2\",\"@id\":\"https:\/\/agrupacionespsoe.es\/melilla\/#\/schema\/person\/72bb3075a827d0ed0623682b96c92bd6\"},\"headline\":\"Moh: \u201cVamos a hacer una oposici\u00f3n constructiva, abordando temas que importan a la ciudadan\u00eda\u201d\",\"datePublished\":\"2024-05-02T13:20:02+00:00\",\"dateModified\":\"2024-05-05T11:19:30+00:00\",\"mainEntityOfPage\":{\"@id\":\"https:\/\/agrupacionespsoe.es\/melilla\/moh-vamos-a-hacer-una-oposicion-constructiva-abordando-temas-que-importan-a-la-ciudadania\/\"},\"wordCount\":627,\"commentCount\":0,\"publisher\":{\"@id\":\"https:\/\/agrupacionespsoe.es\/melilla\/#organization\"},\"image\":{\"@id\":\"https:\/\/agrupacionespsoe.es\/melilla\/moh-vamos-a-hacer-una-oposicion-constructiva-abordando-temas-que-importan-a-la-ciudadania\/#primaryimage\"},\"thumbnailUrl\":\"https:\/\/agrupacionespsoe.es\/melilla\/wp-content\/uploads\/sites\/120\/2024\/05\/SMoh_cadenaCOPE-scaled.jpg\",\"inLanguage\":\"es\",\"potentialAction\":[{\"@type\":\"CommentAction\",\"name\":\"Comment\",\"target\":[\"https:\/\/agrupacionespsoe.es\/melilla\/moh-vamos-a-hacer-una-oposicion-constructiva-abordando-temas-que-importan-a-la-ciudadania\/#respond\"]}]},{\"@type\":\"WebPage\",\"@id\":\"https:\/\/agrupacionespsoe.es\/melilla\/moh-vamos-a-hacer-una-oposicion-constructiva-abordando-temas-que-importan-a-la-ciudadania\/\",\"url\":\"https:\/\/agrupacionespsoe.es\/melilla\/moh-vamos-a-hacer-una-oposicion-constructiva-abordando-temas-que-importan-a-la-ciudadania\/\",\"name\":\"Moh: \u201cVamos a hacer una oposici\u00f3n constructiva, abordando temas que importan a la ciudadan\u00eda\u201d - Agrupaci\u00f3n Socialista de Melilla\",\"isPartOf\":{\"@id\":\"https:\/\/agrupacionespsoe.es\/melilla\/#website\"},\"primaryImageOfPage\":{\"@id\":\"https:\/\/agrupacionespsoe.es\/melilla\/moh-vamos-a-hacer-una-oposicion-constructiva-abordando-temas-que-importan-a-la-ciudadania\/#primaryimage\"},\"image\":{\"@id\":\"https:\/\/agrupacionespsoe.es\/melilla\/moh-vamos-a-hacer-una-oposicion-constructiva-abordando-temas-que-importan-a-la-ciudadania\/#primaryimage\"},\"thumbnailUrl\":\"https:\/\/agrupacionespsoe.es\/melilla\/wp-content\/uploads\/sites\/120\/2024\/05\/SMoh_cadenaCOPE-scaled.jpg\",\"datePublished\":\"2024-05-02T13:20:02+00:00\",\"dateModified\":\"2024-05-05T11:19:30+00:00\",\"breadcrumb\":{\"@id\":\"https:\/\/agrupacionespsoe.es\/melilla\/moh-vamos-a-hacer-una-oposicion-constructiva-abordando-temas-que-importan-a-la-ciudadania\/#breadcrumb\"},\"inLanguage\":\"es\",\"potentialAction\":[{\"@type\":\"ReadAction\",\"target\":[\"https:\/\/agrupacionespsoe.es\/melilla\/moh-vamos-a-hacer-una-oposicion-constructiva-abordando-temas-que-importan-a-la-ciudadania\/\"]}]},{\"@type\":\"ImageObject\",\"inLanguage\":\"es\",\"@id\":\"https:\/\/agrupacionespsoe.es\/melilla\/moh-vamos-a-hacer-una-oposicion-constructiva-abordando-temas-que-importan-a-la-ciudadania\/#primaryimage\",\"url\":\"https:\/\/agrupacionespsoe.es\/melilla\/wp-content\/uploads\/sites\/120\/2024\/05\/SMoh_cadenaCOPE-scaled.jpg\",\"contentUrl\":\"https:\/\/agrupacionespsoe.es\/melilla\/wp-content\/uploads\/sites\/120\/2024\/05\/SMoh_cadenaCOPE-scaled.jpg\",\"width\":2560,\"height\":1707},{\"@type\":\"BreadcrumbList\",\"@id\":\"https:\/\/agrupacionespsoe.es\/melilla\/moh-vamos-a-hacer-una-oposicion-constructiva-abordando-temas-que-importan-a-la-ciudadania\/#breadcrumb\",\"itemListElement\":[{\"@type\":\"ListItem\",\"position\":1,\"name\":\"Portada\",\"item\":\"https:\/\/agrupacionespsoe.es\/melilla\/\"},{\"@type\":\"ListItem\",\"position\":2,\"name\":\"Moh: \u201cVamos a hacer una oposici\u00f3n constructiva, abordando temas que importan a la ciudadan\u00eda\u201d\"}]},{\"@type\":\"WebSite\",\"@id\":\"https:\/\/agrupacionespsoe.es\/melilla\/#website\",\"url\":\"https:\/\/agrupacionespsoe.es\/melilla\/\",\"name\":\"Agrupaci\u00f3n Socialista de Melilla\",\"description\":\"Agrupaci\u00f3n Socialista de Melilla\",\"publisher\":{\"@id\":\"https:\/\/agrupacionespsoe.es\/melilla\/#organization\"},\"potentialAction\":[{\"@type\":\"SearchAction\",\"target\":{\"@type\":\"EntryPoint\",\"urlTemplate\":\"https:\/\/agrupacionespsoe.es\/melilla\/?s={search_term_string}\"},\"query-input\":{\"@type\":\"PropertyValueSpecification\",\"valueRequired\":true,\"valueName\":\"search_term_string\"}}],\"inLanguage\":\"es\"},{\"@type\":\"Organization\",\"@id\":\"https:\/\/agrupacionespsoe.es\/melilla\/#organization\",\"name\":\"Agrupaci\u00f3n Socialista de Melilla\",\"url\":\"https:\/\/agrupacionespsoe.es\/melilla\/\",\"logo\":{\"@type\":\"ImageObject\",\"inLanguage\":\"es\",\"@id\":\"https:\/\/agrupacionespsoe.es\/melilla\/#\/schema\/logo\/image\/\",\"url\":\"https:\/\/agrupacionespsoe.es\/wp-content\/uploads\/2022\/07\/Logotipo_electoral_del_PSOE.png\",\"contentUrl\":\"https:\/\/agrupacionespsoe.es\/wp-content\/uploads\/2022\/07\/Logotipo_electoral_del_PSOE.png\",\"width\":422,\"height\":422,\"caption\":\"Agrupaci\u00f3n Socialista de Melilla\"},\"image\":{\"@id\":\"https:\/\/agrupacionespsoe.es\/melilla\/#\/schema\/logo\/image\/\"}},{\"@type\":\"Person\",\"@id\":\"https:\/\/agrupacionespsoe.es\/melilla\/#\/schema\/person\/72bb3075a827d0ed0623682b96c92bd6\",\"name\":\"melilla2\",\"image\":{\"@type\":\"ImageObject\",\"inLanguage\":\"es\",\"@id\":\"https:\/\/agrupacionespsoe.es\/melilla\/#\/schema\/person\/image\/\",\"url\":\"https:\/\/secure.gravatar.com\/avatar\/489a178e794e59f00db13a448aabca16?s=96&d=mm&r=g\",\"contentUrl\":\"https:\/\/secure.gravatar.com\/avatar\/489a178e794e59f00db13a448aabca16?s=96&d=mm&r=g\",\"caption\":\"melilla2\"},\"url\":\"https:\/\/agrupacionespsoe.es\/melilla\/author\/melilla2\/\"}]}<\/script>\n<!-- \/ Yoast SEO plugin. -->","yoast_head_json":{"title":"Moh: \u201cVamos a hacer una oposici\u00f3n constructiva, abordando temas que importan a la ciudadan\u00eda\u201d - Agrupaci\u00f3n Socialista de Melilla","robots":{"index":"index","follow":"follow","max-snippet":"max-snippet:-1","max-image-preview":"max-image-preview:large","max-video-preview":"max-video-preview:-1"},"canonical":"https:\/\/agrupacionespsoe.es\/melilla\/moh-vamos-a-hacer-una-oposicion-constructiva-abordando-temas-que-importan-a-la-ciudadania\/","og_locale":"es_ES","og_type":"article","og_title":"Moh: \u201cVamos a hacer una oposici\u00f3n constructiva, abordando temas que importan a la ciudadan\u00eda\u201d - Agrupaci\u00f3n Socialista de Melilla","og_description":"Sobre las cr\u00edticas de los populares por su asistencia a un Pleno se\u00f1ala que \u201cparece que el PP solo trabaja en horario de ma\u00f1ana\u201d \u201cVamos a hacer en la ciudad una oposici\u00f3n constructiva, donde la ciudadan\u00eda melillense vean en el Partido Socialista una herramienta, un aliado para poner sobre la mesa y trabajar los problemas ...","og_url":"https:\/\/agrupacionespsoe.es\/melilla\/moh-vamos-a-hacer-una-oposicion-constructiva-abordando-temas-que-importan-a-la-ciudadania\/","og_site_name":"Agrupaci\u00f3n Socialista de Melilla","article_published_time":"2024-05-02T13:20:02+00:00","article_modified_time":"2024-05-05T11:19:30+00:00","og_image":[{"width":2560,"height":1707,"url":"https:\/\/agrupacionespsoe.es\/melilla\/wp-content\/uploads\/sites\/120\/2024\/05\/SMoh_cadenaCOPE-scaled.jpg","type":"image\/jpeg"}],"author":"melilla2","twitter_card":"summary_large_image","twitter_misc":{"Escrito por":"melilla2","Tiempo de lectura":"3 minutos"},"schema":{"@context":"https:\/\/schema.org","@graph":[{"@type":"Article","@id":"https:\/\/agrupacionespsoe.es\/melilla\/moh-vamos-a-hacer-una-oposicion-constructiva-abordando-temas-que-importan-a-la-ciudadania\/#article","isPartOf":{"@id":"https:\/\/agrupacionespsoe.es\/melilla\/moh-vamos-a-hacer-una-oposicion-constructiva-abordando-temas-que-importan-a-la-ciudadania\/"},"author":{"name":"melilla2","@id":"https:\/\/agrupacionespsoe.es\/melilla\/#\/schema\/person\/72bb3075a827d0ed0623682b96c92bd6"},"headline":"Moh: \u201cVamos a hacer una oposici\u00f3n constructiva, abordando temas que importan a la ciudadan\u00eda\u201d","datePublished":"2024-05-02T13:20:02+00:00","dateModified":"2024-05-05T11:19:30+00:00","mainEntityOfPage":{"@id":"https:\/\/agrupacionespsoe.es\/melilla\/moh-vamos-a-hacer-una-oposicion-constructiva-abordando-temas-que-importan-a-la-ciudadania\/"},"wordCount":627,"commentCount":0,"publisher":{"@id":"https:\/\/agrupacionespsoe.es\/melilla\/#organization"},"image":{"@id":"https:\/\/agrupacionespsoe.es\/melilla\/moh-vamos-a-hacer-una-oposicion-constructiva-abordando-temas-que-importan-a-la-ciudadania\/#primaryimage"},"thumbnailUrl":"https:\/\/agrupacionespsoe.es\/melilla\/wp-content\/uploads\/sites\/120\/2024\/05\/SMoh_cadenaCOPE-scaled.jpg","inLanguage":"es","potentialAction":[{"@type":"CommentAction","name":"Comment","target":["https:\/\/agrupacionespsoe.es\/melilla\/moh-vamos-a-hacer-una-oposicion-constructiva-abordando-temas-que-importan-a-la-ciudadania\/#respond"]}]},{"@type":"WebPage","@id":"https:\/\/agrupacionespsoe.es\/melilla\/moh-vamos-a-hacer-una-oposicion-constructiva-abordando-temas-que-importan-a-la-ciudadania\/","url":"https:\/\/agrupacionespsoe.es\/melilla\/moh-vamos-a-hacer-una-oposicion-constructiva-abordando-temas-que-importan-a-la-ciudadania\/","name":"Moh: \u201cVamos a hacer una oposici\u00f3n constructiva, abordando temas que importan a la ciudadan\u00eda\u201d - Agrupaci\u00f3n Socialista de Melilla","isPartOf":{"@id":"https:\/\/agrupacionespsoe.es\/melilla\/#website"},"primaryImageOfPage":{"@id":"https:\/\/agrupacionespsoe.es\/melilla\/moh-vamos-a-hacer-una-oposicion-constructiva-abordando-temas-que-importan-a-la-ciudadania\/#primaryimage"},"image":{"@id":"https:\/\/agrupacionespsoe.es\/melilla\/moh-vamos-a-hacer-una-oposicion-constructiva-abordando-temas-que-importan-a-la-ciudadania\/#primaryimage"},"thumbnailUrl":"https:\/\/agrupacionespsoe.es\/melilla\/wp-content\/uploads\/sites\/120\/2024\/05\/SMoh_cadenaCOPE-scaled.jpg","datePublished":"2024-05-02T13:20:02+00:00","dateModified":"2024-05-05T11:19:30+00:00","breadcrumb":{"@id":"https:\/\/agrupacionespsoe.es\/melilla\/moh-vamos-a-hacer-una-oposicion-constructiva-abordando-temas-que-importan-a-la-ciudadania\/#breadcrumb"},"inLanguage":"es","potentialAction":[{"@type":"ReadAction","target":["https:\/\/agrupacionespsoe.es\/melilla\/moh-vamos-a-hacer-una-oposicion-constructiva-abordando-temas-que-importan-a-la-ciudadania\/"]}]},{"@type":"ImageObject","inLanguage":"es","@id":"https:\/\/agrupacionespsoe.es\/melilla\/moh-vamos-a-hacer-una-oposicion-constructiva-abordando-temas-que-importan-a-la-ciudadania\/#primaryimage","url":"https:\/\/agrupacionespsoe.es\/melilla\/wp-content\/uploads\/sites\/120\/2024\/05\/SMoh_cadenaCOPE-scaled.jpg","contentUrl":"https:\/\/agrupacionespsoe.es\/melilla\/wp-content\/uploads\/sites\/120\/2024\/05\/SMoh_cadenaCOPE-scaled.jpg","width":2560,"height":1707},{"@type":"BreadcrumbList","@id":"https:\/\/agrupacionespsoe.es\/melilla\/moh-vamos-a-hacer-una-oposicion-constructiva-abordando-temas-que-importan-a-la-ciudadania\/#breadcrumb","itemListElement":[{"@type":"ListItem","position":1,"name":"Portada","item":"https:\/\/agrupacionespsoe.es\/melilla\/"},{"@type":"ListItem","position":2,"name":"Moh: \u201cVamos a hacer una oposici\u00f3n constructiva, abordando temas que importan a la ciudadan\u00eda\u201d"}]},{"@type":"WebSite","@id":"https:\/\/agrupacionespsoe.es\/melilla\/#website","url":"https:\/\/agrupacionespsoe.es\/melilla\/","name":"Agrupaci\u00f3n Socialista de Melilla","description":"Agrupaci\u00f3n Socialista de Melilla","publisher":{"@id":"https:\/\/agrupacionespsoe.es\/melilla\/#organization"},"potentialAction":[{"@type":"SearchAction","target":{"@type":"EntryPoint","urlTemplate":"https:\/\/agrupacionespsoe.es\/melilla\/?s={search_term_string}"},"query-input":{"@type":"PropertyValueSpecification","valueRequired":true,"valueName":"search_term_string"}}],"inLanguage":"es"},{"@type":"Organization","@id":"https:\/\/agrupacionespsoe.es\/melilla\/#organization","name":"Agrupaci\u00f3n Socialista de Melilla","url":"https:\/\/agrupacionespsoe.es\/melilla\/","logo":{"@type":"ImageObject","inLanguage":"es","@id":"https:\/\/agrupacionespsoe.es\/melilla\/#\/schema\/logo\/image\/","url":"https:\/\/agrupacionespsoe.es\/wp-content\/uploads\/2022\/07\/Logotipo_electoral_del_PSOE.png","contentUrl":"https:\/\/agrupacionespsoe.es\/wp-content\/uploads\/2022\/07\/Logotipo_electoral_del_PSOE.png","width":422,"height":422,"caption":"Agrupaci\u00f3n Socialista de Melilla"},"image":{"@id":"https:\/\/agrupacionespsoe.es\/melilla\/#\/schema\/logo\/image\/"}},{"@type":"Person","@id":"https:\/\/agrupacionespsoe.es\/melilla\/#\/schema\/person\/72bb3075a827d0ed0623682b96c92bd6","name":"melilla2","image":{"@type":"ImageObject","inLanguage":"es","@id":"https:\/\/agrupacionespsoe.es\/melilla\/#\/schema\/person\/image\/","url":"https:\/\/secure.gravatar.com\/avatar\/489a178e794e59f00db13a448aabca16?s=96&d=mm&r=g","contentUrl":"https:\/\/secure.gravatar.com\/avatar\/489a178e794e59f00db13a448aabca16?s=96&d=mm&r=g","caption":"melilla2"},"url":"https:\/\/agrupacionespsoe.es\/melilla\/author\/melilla2\/"}]}},"jetpack_featured_media_url":"https:\/\/agrupacionespsoe.es\/melilla\/wp-content\/uploads\/sites\/120\/2024\/05\/SMoh_cadenaCOPE-scaled.jpg","jetpack_sharing_enabled":true,"_links":{"self":[{"href":"https:\/\/agrupacionespsoe.es\/melilla\/wp-json\/wp\/v2\/posts\/895","targetHints":{"allow":["GET"]}}],"collection":[{"href":"https:\/\/agrupacionespsoe.es\/melilla\/wp-json\/wp\/v2\/posts"}],"about":[{"href":"https:\/\/agrupacionespsoe.es\/melilla\/wp-json\/wp\/v2\/types\/post"}],"author":[{"embeddable":true,"href":"https:\/\/agrupacionespsoe.es\/melilla\/wp-json\/wp\/v2\/users\/187"}],"replies":[{"embeddable":true,"href":"https:\/\/agrupacionespsoe.es\/melilla\/wp-json\/wp\/v2\/comments?post=895"}],"version-history":[{"count":1,"href":"https:\/\/agrupacionespsoe.es\/melilla\/wp-json\/wp\/v2\/posts\/895\/revisions"}],"predecessor-version":[{"id":897,"href":"https:\/\/agrupacionespsoe.es\/melilla\/wp-json\/wp\/v2\/posts\/895\/revisions\/897"}],"wp:featuredmedia":[{"embeddable":true,"href":"https:\/\/agrupacionespsoe.es\/melilla\/wp-json\/wp\/v2\/media\/896"}],"wp:attachment":[{"href":"https:\/\/agrupacionespsoe.es\/melilla\/wp-json\/wp\/v2\/media?parent=895"}],"wp:term":[{"taxonomy":"category","embeddable":true,"href":"https:\/\/agrupacionespsoe.es\/melilla\/wp-json\/wp\/v2\/categories?post=895"},{"taxonomy":"post_tag","embeddable":true,"href":"https:\/\/agrupacionespsoe.es\/melilla\/wp-json\/wp\/v2\/tags?post=895"}],"curies":[{"name":"wp","href":"https:\/\/api.w.org\/{rel}","templated":true}]}}