{"id":746,"date":"2024-03-17T09:12:52","date_gmt":"2024-03-17T09:12:52","guid":{"rendered":"https:\/\/agrupacionespsoe.es\/melilla\/?p=746"},"modified":"2024-03-19T13:32:54","modified_gmt":"2024-03-19T13:32:54","slug":"el-psoe-pregunta-por-sus-mociones-para-reducir-la-obesidad-infantil-y-el-desperdicio-de-alimentos","status":"publish","type":"post","link":"https:\/\/agrupacionespsoe.es\/melilla\/el-psoe-pregunta-por-sus-mociones-para-reducir-la-obesidad-infantil-y-el-desperdicio-de-alimentos\/","title":{"rendered":"El PSOE pregunta por sus mociones para reducir la obesidad infantil y el desperdicio de alimentos"},"content":{"rendered":"\n<p><strong>Robles: \u201cDespu\u00e9s de cinco meses no han sido debatidas en el seno de la comisi\u00f3n\u201d<\/strong><\/p>\n\n\n\n<figure class=\"wp-block-image size-large\"><img loading=\"lazy\" decoding=\"async\" width=\"1024\" height=\"683\" src=\"https:\/\/agrupacionespsoe.es\/melilla\/wp-content\/uploads\/sites\/120\/2024\/03\/RRobles_17M-1024x683.jpg\" alt=\"\" class=\"wp-image-747\" srcset=\"https:\/\/agrupacionespsoe.es\/melilla\/wp-content\/uploads\/sites\/120\/2024\/03\/RRobles_17M-1024x683.jpg 1024w, https:\/\/agrupacionespsoe.es\/melilla\/wp-content\/uploads\/sites\/120\/2024\/03\/RRobles_17M-300x200.jpg 300w, https:\/\/agrupacionespsoe.es\/melilla\/wp-content\/uploads\/sites\/120\/2024\/03\/RRobles_17M-768x512.jpg 768w, https:\/\/agrupacionespsoe.es\/melilla\/wp-content\/uploads\/sites\/120\/2024\/03\/RRobles_17M-1536x1024.jpg 1536w, https:\/\/agrupacionespsoe.es\/melilla\/wp-content\/uploads\/sites\/120\/2024\/03\/RRobles_17M-2048x1365.jpg 2048w\" sizes=\"auto, (max-width: 1024px) 100vw, 1024px\" \/><\/figure>\n\n\n\n<p>El Diputado del Grupo Socialista, Rafael Robles, ha expresado su preocupaci\u00f3n por la falta de progreso en dos mociones presentadas hace ya cinco meses. Estas mociones abordan asuntos tan importantes como la salud infanto-juvenil y la prevenci\u00f3n del desperdicio alimentario.<\/p>\n\n\n\n<p>\u201cDespu\u00e9s de cinco meses no entendemos por qu\u00e9 estas dos mociones ni siquiera han sido debatidas en el seno de la comisi\u00f3n para que pudi\u00e9ramos aportar soluciones y poder seguir avanzando en estas cuestiones\u201d, ha lamentado.<\/p>\n\n\n\n<p>En concreto se refiere a las dos \u00faltimas mociones presentadas por el Grupo Socialista en materia de Pol\u00edticas Sociales. La primera de ellas, registrada en octubre, se trata de una moci\u00f3n para mejorar la salud de nuestros j\u00f3venes y que pretende, junto con una estrategia nacional, luchar contra la obesidad infantil: \u2018En Plan Bien\u2019.<\/p>\n\n\n\n<p>La otra moci\u00f3n por la que tambi\u00e9n preguntaron los socialistas, registrada en enero de este a\u00f1o, pretende que Melilla se sume a la prevenci\u00f3n de las p\u00e9rdidas y del desperdicio alimentario, ello tras la puesta en marcha del proyecto de ley de prevenci\u00f3n de las p\u00e9rdidas y el desperdicio alimentario del Gobierno de Pedro S\u00e1nchez.<\/p>\n\n\n\n<p>\u201cEn cuanto a la primera moci\u00f3n, la de en plan bien, que no ten\u00edan recursos para llevarlas a cabo, pero hay un informe t\u00e9cnico de la consejer\u00eda que considera que es positivo y favorable tomar las medidas que nosotros plante\u00e1bamos en la moci\u00f3n\u201d, ha explicado. \u201cNosotros creemos que se podr\u00eda haber puesto en marca el grupo de trabajo de coordinaci\u00f3n con la Direcci\u00f3n Provincial de Educaci\u00f3n o el INGESA\u201d, ha valorado.<\/p>\n\n\n\n<p>En relaci\u00f3n con la segunda moci\u00f3n, ha se\u00f1alado que la respuesta del Gobierno fue que se hab\u00edan reunido con el Banco de Alimentos, tal&nbsp; y como ya hab\u00edan hecho previamente los socialistas. Por tanto, Robles ha lamentado que no se haya avanzado en estas cuestiones \u201cque para el Grupo Municipal Socialista son de m\u00e1xima relevancia por la importancia de los temas que se plantean\u201d.<\/p>\n\n\n\n<p><strong>Delegaci\u00f3n de competencias Imserso<\/strong><\/p>\n\n\n\n<p>Robles ha valorado muy positivamente la delegaci\u00f3n competencias del servicio de ayuda a domicilio y teleasistencia en su modalidad b\u00e1sica a asumir por la Ciudad Aut\u00f3noma de Melilla por resoluci\u00f3n del Imserso, cuesti\u00f3n que tras tratarse en la Comisi\u00f3n y aprobarse por unanimidad en el Pleno, este viernes se hac\u00eda efectiva tras su publicaci\u00f3n en el BOME.<\/p>\n\n\n\n<p>\u201cValoramos que es una noticia magn\u00edfica que, sin duda, va a beneficiar al conjunto de la ciudadan\u00eda\u201d, ha asegurado al tiempo que ha destacado que \u201ces el resultado de una buena y continua coordinaci\u00f3n que se ha llevado a cabo entre las diferentes administraciones p\u00fablicas implicadas\u201d.<\/p>\n\n\n\n<p>\u201cCelebramos que con esta delegaci\u00f3n de competencias se vaya a mejorar la calidad de vida y la autonom\u00eda de cerca de 300 personas en Melilla y 70 trabajadores\u201d, ha enfatizado. Entre las mejoras ha destacado la creaci\u00f3n de una Ventanilla \u00danica para el registro de solicitudes y la implementaci\u00f3n de una aplicaci\u00f3n inform\u00e1tica interoperable para favorecer el intercambio de informaci\u00f3n y expedientes entre el Imserso y los centros de la ciudad.<\/p>\n\n\n\n<p>\u201cEntendemos, y as\u00ed se ha visto reflejado, que las administraciones tienen que ser m\u00e1s r\u00e1pidas y \u00e1giles, procurando trabajar con el tiempo suficiente para no llegar al punto al que se ha llegado en esta ocasi\u00f3n\u201d, ha subrayado.<\/p>\n\n\n\n<p>Por otro lado, ha aclarado que las cr\u00edticas del Grupo Socialista \u201ciban encaminadas hacia la necesidad y urgencia de abordar esta cuesti\u00f3n en tan poco&nbsp; tiempo\u201d. \u201cYa comentamos que este punto se trat\u00f3 en la Comisi\u00f3n del martes, fuera del orden del d\u00eda. Esta cuesti\u00f3n se incluy\u00f3 de forma urgente y al d\u00eda siguiente fue aprobado por unanimidad en el Pleno de la Asamblea\u201d, ha explicado.<\/p>\n\n\n\n<p>En este sentido, ha cuestionado la falta de planificaci\u00f3n de la Ciudad Aut\u00f3noma, \u201clo que nosotros pedimos era que se nos informara realmente del por qu\u00e9 esto se hab\u00eda llegado a tener que llevar a una Asamblea extraordinaria\u201d. \u201cQueremos que nos expliquen por qu\u00e9 las cosas no se hacen con una cierta planificaci\u00f3n\u201d, ha finalizado.<\/p>\n","protected":false},"excerpt":{"rendered":"<p>Robles: \u201cDespu\u00e9s de cinco meses no han sido debatidas en el seno de la comisi\u00f3n\u201d El Diputado del Grupo Socialista, Rafael Robles, ha expresado su preocupaci\u00f3n por la falta de progreso en dos mociones presentadas hace ya cinco meses. Estas mociones abordan asuntos tan importantes como la salud infanto-juvenil y la prevenci\u00f3n del desperdicio alimentario. &#8230;<\/p>\n","protected":false},"author":187,"featured_media":747,"comment_status":"open","ping_status":"open","sticky":false,"template":"","format":"standard","meta":{"_jetpack_memberships_contains_paid_content":false,"footnotes":""},"categories":[1],"tags":[],"class_list":["post-746","post","type-post","status-publish","format-standard","has-post-thumbnail","hentry","category-sin-categoria"],"yoast_head":"<!-- This site is optimized with the Yoast SEO plugin v24.0 - https:\/\/yoast.com\/wordpress\/plugins\/seo\/ -->\n<title>El PSOE pregunta por sus mociones para reducir la obesidad infantil y el desperdicio de alimentos - Agrupaci\u00f3n Socialista de Melilla<\/title>\n<meta name=\"robots\" content=\"index, follow, max-snippet:-1, max-image-preview:large, max-video-preview:-1\" \/>\n<link rel=\"canonical\" href=\"https:\/\/agrupacionespsoe.es\/melilla\/el-psoe-pregunta-por-sus-mociones-para-reducir-la-obesidad-infantil-y-el-desperdicio-de-alimentos\/\" \/>\n<meta property=\"og:locale\" content=\"es_ES\" \/>\n<meta property=\"og:type\" content=\"article\" \/>\n<meta property=\"og:title\" content=\"El PSOE pregunta por sus mociones para reducir la obesidad infantil y el desperdicio de alimentos - Agrupaci\u00f3n Socialista de Melilla\" \/>\n<meta property=\"og:description\" content=\"Robles: \u201cDespu\u00e9s de cinco meses no han sido debatidas en el seno de la comisi\u00f3n\u201d El Diputado del Grupo Socialista, Rafael Robles, ha expresado su preocupaci\u00f3n por la falta de progreso en dos mociones presentadas hace ya cinco meses. Estas mociones abordan asuntos tan importantes como la salud infanto-juvenil y la prevenci\u00f3n del desperdicio alimentario. ...\" \/>\n<meta property=\"og:url\" content=\"https:\/\/agrupacionespsoe.es\/melilla\/el-psoe-pregunta-por-sus-mociones-para-reducir-la-obesidad-infantil-y-el-desperdicio-de-alimentos\/\" \/>\n<meta property=\"og:site_name\" content=\"Agrupaci\u00f3n Socialista de Melilla\" \/>\n<meta property=\"article:published_time\" content=\"2024-03-17T09:12:52+00:00\" \/>\n<meta property=\"article:modified_time\" content=\"2024-03-19T13:32:54+00:00\" \/>\n<meta property=\"og:image\" content=\"https:\/\/agrupacionespsoe.es\/melilla\/wp-content\/uploads\/sites\/120\/2024\/03\/RRobles_17M-scaled.jpg\" \/>\n\t<meta property=\"og:image:width\" content=\"2560\" \/>\n\t<meta property=\"og:image:height\" content=\"1707\" \/>\n\t<meta property=\"og:image:type\" content=\"image\/jpeg\" \/>\n<meta name=\"author\" content=\"melilla2\" \/>\n<meta name=\"twitter:card\" content=\"summary_large_image\" \/>\n<meta name=\"twitter:label1\" content=\"Escrito por\" \/>\n\t<meta name=\"twitter:data1\" content=\"melilla2\" \/>\n\t<meta name=\"twitter:label2\" content=\"Tiempo de lectura\" \/>\n\t<meta name=\"twitter:data2\" content=\"4 minutos\" \/>\n<script type=\"application\/ld+json\" class=\"yoast-schema-graph\">{\"@context\":\"https:\/\/schema.org\",\"@graph\":[{\"@type\":\"Article\",\"@id\":\"https:\/\/agrupacionespsoe.es\/melilla\/el-psoe-pregunta-por-sus-mociones-para-reducir-la-obesidad-infantil-y-el-desperdicio-de-alimentos\/#article\",\"isPartOf\":{\"@id\":\"https:\/\/agrupacionespsoe.es\/melilla\/el-psoe-pregunta-por-sus-mociones-para-reducir-la-obesidad-infantil-y-el-desperdicio-de-alimentos\/\"},\"author\":{\"name\":\"melilla2\",\"@id\":\"https:\/\/agrupacionespsoe.es\/melilla\/#\/schema\/person\/72bb3075a827d0ed0623682b96c92bd6\"},\"headline\":\"El PSOE pregunta por sus mociones para reducir la obesidad infantil y el desperdicio de alimentos\",\"datePublished\":\"2024-03-17T09:12:52+00:00\",\"dateModified\":\"2024-03-19T13:32:54+00:00\",\"mainEntityOfPage\":{\"@id\":\"https:\/\/agrupacionespsoe.es\/melilla\/el-psoe-pregunta-por-sus-mociones-para-reducir-la-obesidad-infantil-y-el-desperdicio-de-alimentos\/\"},\"wordCount\":755,\"commentCount\":0,\"publisher\":{\"@id\":\"https:\/\/agrupacionespsoe.es\/melilla\/#organization\"},\"image\":{\"@id\":\"https:\/\/agrupacionespsoe.es\/melilla\/el-psoe-pregunta-por-sus-mociones-para-reducir-la-obesidad-infantil-y-el-desperdicio-de-alimentos\/#primaryimage\"},\"thumbnailUrl\":\"https:\/\/agrupacionespsoe.es\/melilla\/wp-content\/uploads\/sites\/120\/2024\/03\/RRobles_17M-scaled.jpg\",\"inLanguage\":\"es\",\"potentialAction\":[{\"@type\":\"CommentAction\",\"name\":\"Comment\",\"target\":[\"https:\/\/agrupacionespsoe.es\/melilla\/el-psoe-pregunta-por-sus-mociones-para-reducir-la-obesidad-infantil-y-el-desperdicio-de-alimentos\/#respond\"]}]},{\"@type\":\"WebPage\",\"@id\":\"https:\/\/agrupacionespsoe.es\/melilla\/el-psoe-pregunta-por-sus-mociones-para-reducir-la-obesidad-infantil-y-el-desperdicio-de-alimentos\/\",\"url\":\"https:\/\/agrupacionespsoe.es\/melilla\/el-psoe-pregunta-por-sus-mociones-para-reducir-la-obesidad-infantil-y-el-desperdicio-de-alimentos\/\",\"name\":\"El PSOE pregunta por sus mociones para reducir la obesidad infantil y el desperdicio de alimentos - Agrupaci\u00f3n Socialista de Melilla\",\"isPartOf\":{\"@id\":\"https:\/\/agrupacionespsoe.es\/melilla\/#website\"},\"primaryImageOfPage\":{\"@id\":\"https:\/\/agrupacionespsoe.es\/melilla\/el-psoe-pregunta-por-sus-mociones-para-reducir-la-obesidad-infantil-y-el-desperdicio-de-alimentos\/#primaryimage\"},\"image\":{\"@id\":\"https:\/\/agrupacionespsoe.es\/melilla\/el-psoe-pregunta-por-sus-mociones-para-reducir-la-obesidad-infantil-y-el-desperdicio-de-alimentos\/#primaryimage\"},\"thumbnailUrl\":\"https:\/\/agrupacionespsoe.es\/melilla\/wp-content\/uploads\/sites\/120\/2024\/03\/RRobles_17M-scaled.jpg\",\"datePublished\":\"2024-03-17T09:12:52+00:00\",\"dateModified\":\"2024-03-19T13:32:54+00:00\",\"breadcrumb\":{\"@id\":\"https:\/\/agrupacionespsoe.es\/melilla\/el-psoe-pregunta-por-sus-mociones-para-reducir-la-obesidad-infantil-y-el-desperdicio-de-alimentos\/#breadcrumb\"},\"inLanguage\":\"es\",\"potentialAction\":[{\"@type\":\"ReadAction\",\"target\":[\"https:\/\/agrupacionespsoe.es\/melilla\/el-psoe-pregunta-por-sus-mociones-para-reducir-la-obesidad-infantil-y-el-desperdicio-de-alimentos\/\"]}]},{\"@type\":\"ImageObject\",\"inLanguage\":\"es\",\"@id\":\"https:\/\/agrupacionespsoe.es\/melilla\/el-psoe-pregunta-por-sus-mociones-para-reducir-la-obesidad-infantil-y-el-desperdicio-de-alimentos\/#primaryimage\",\"url\":\"https:\/\/agrupacionespsoe.es\/melilla\/wp-content\/uploads\/sites\/120\/2024\/03\/RRobles_17M-scaled.jpg\",\"contentUrl\":\"https:\/\/agrupacionespsoe.es\/melilla\/wp-content\/uploads\/sites\/120\/2024\/03\/RRobles_17M-scaled.jpg\",\"width\":2560,\"height\":1707},{\"@type\":\"BreadcrumbList\",\"@id\":\"https:\/\/agrupacionespsoe.es\/melilla\/el-psoe-pregunta-por-sus-mociones-para-reducir-la-obesidad-infantil-y-el-desperdicio-de-alimentos\/#breadcrumb\",\"itemListElement\":[{\"@type\":\"ListItem\",\"position\":1,\"name\":\"Portada\",\"item\":\"https:\/\/agrupacionespsoe.es\/melilla\/\"},{\"@type\":\"ListItem\",\"position\":2,\"name\":\"El PSOE pregunta por sus mociones para reducir la obesidad infantil y el desperdicio de alimentos\"}]},{\"@type\":\"WebSite\",\"@id\":\"https:\/\/agrupacionespsoe.es\/melilla\/#website\",\"url\":\"https:\/\/agrupacionespsoe.es\/melilla\/\",\"name\":\"Agrupaci\u00f3n Socialista de Melilla\",\"description\":\"Agrupaci\u00f3n Socialista de Melilla\",\"publisher\":{\"@id\":\"https:\/\/agrupacionespsoe.es\/melilla\/#organization\"},\"potentialAction\":[{\"@type\":\"SearchAction\",\"target\":{\"@type\":\"EntryPoint\",\"urlTemplate\":\"https:\/\/agrupacionespsoe.es\/melilla\/?s={search_term_string}\"},\"query-input\":{\"@type\":\"PropertyValueSpecification\",\"valueRequired\":true,\"valueName\":\"search_term_string\"}}],\"inLanguage\":\"es\"},{\"@type\":\"Organization\",\"@id\":\"https:\/\/agrupacionespsoe.es\/melilla\/#organization\",\"name\":\"Agrupaci\u00f3n Socialista de Melilla\",\"url\":\"https:\/\/agrupacionespsoe.es\/melilla\/\",\"logo\":{\"@type\":\"ImageObject\",\"inLanguage\":\"es\",\"@id\":\"https:\/\/agrupacionespsoe.es\/melilla\/#\/schema\/logo\/image\/\",\"url\":\"https:\/\/agrupacionespsoe.es\/wp-content\/uploads\/2022\/07\/Logotipo_electoral_del_PSOE.png\",\"contentUrl\":\"https:\/\/agrupacionespsoe.es\/wp-content\/uploads\/2022\/07\/Logotipo_electoral_del_PSOE.png\",\"width\":422,\"height\":422,\"caption\":\"Agrupaci\u00f3n Socialista de Melilla\"},\"image\":{\"@id\":\"https:\/\/agrupacionespsoe.es\/melilla\/#\/schema\/logo\/image\/\"}},{\"@type\":\"Person\",\"@id\":\"https:\/\/agrupacionespsoe.es\/melilla\/#\/schema\/person\/72bb3075a827d0ed0623682b96c92bd6\",\"name\":\"melilla2\",\"image\":{\"@type\":\"ImageObject\",\"inLanguage\":\"es\",\"@id\":\"https:\/\/agrupacionespsoe.es\/melilla\/#\/schema\/person\/image\/\",\"url\":\"https:\/\/secure.gravatar.com\/avatar\/489a178e794e59f00db13a448aabca16?s=96&d=mm&r=g\",\"contentUrl\":\"https:\/\/secure.gravatar.com\/avatar\/489a178e794e59f00db13a448aabca16?s=96&d=mm&r=g\",\"caption\":\"melilla2\"},\"url\":\"https:\/\/agrupacionespsoe.es\/melilla\/author\/melilla2\/\"}]}<\/script>\n<!-- \/ Yoast SEO plugin. -->","yoast_head_json":{"title":"El PSOE pregunta por sus mociones para reducir la obesidad infantil y el desperdicio de alimentos - Agrupaci\u00f3n Socialista de Melilla","robots":{"index":"index","follow":"follow","max-snippet":"max-snippet:-1","max-image-preview":"max-image-preview:large","max-video-preview":"max-video-preview:-1"},"canonical":"https:\/\/agrupacionespsoe.es\/melilla\/el-psoe-pregunta-por-sus-mociones-para-reducir-la-obesidad-infantil-y-el-desperdicio-de-alimentos\/","og_locale":"es_ES","og_type":"article","og_title":"El PSOE pregunta por sus mociones para reducir la obesidad infantil y el desperdicio de alimentos - Agrupaci\u00f3n Socialista de Melilla","og_description":"Robles: \u201cDespu\u00e9s de cinco meses no han sido debatidas en el seno de la comisi\u00f3n\u201d El Diputado del Grupo Socialista, Rafael Robles, ha expresado su preocupaci\u00f3n por la falta de progreso en dos mociones presentadas hace ya cinco meses. Estas mociones abordan asuntos tan importantes como la salud infanto-juvenil y la prevenci\u00f3n del desperdicio alimentario. ...","og_url":"https:\/\/agrupacionespsoe.es\/melilla\/el-psoe-pregunta-por-sus-mociones-para-reducir-la-obesidad-infantil-y-el-desperdicio-de-alimentos\/","og_site_name":"Agrupaci\u00f3n Socialista de Melilla","article_published_time":"2024-03-17T09:12:52+00:00","article_modified_time":"2024-03-19T13:32:54+00:00","og_image":[{"width":2560,"height":1707,"url":"https:\/\/agrupacionespsoe.es\/melilla\/wp-content\/uploads\/sites\/120\/2024\/03\/RRobles_17M-scaled.jpg","type":"image\/jpeg"}],"author":"melilla2","twitter_card":"summary_large_image","twitter_misc":{"Escrito por":"melilla2","Tiempo de lectura":"4 minutos"},"schema":{"@context":"https:\/\/schema.org","@graph":[{"@type":"Article","@id":"https:\/\/agrupacionespsoe.es\/melilla\/el-psoe-pregunta-por-sus-mociones-para-reducir-la-obesidad-infantil-y-el-desperdicio-de-alimentos\/#article","isPartOf":{"@id":"https:\/\/agrupacionespsoe.es\/melilla\/el-psoe-pregunta-por-sus-mociones-para-reducir-la-obesidad-infantil-y-el-desperdicio-de-alimentos\/"},"author":{"name":"melilla2","@id":"https:\/\/agrupacionespsoe.es\/melilla\/#\/schema\/person\/72bb3075a827d0ed0623682b96c92bd6"},"headline":"El PSOE pregunta por sus mociones para reducir la obesidad infantil y el desperdicio de alimentos","datePublished":"2024-03-17T09:12:52+00:00","dateModified":"2024-03-19T13:32:54+00:00","mainEntityOfPage":{"@id":"https:\/\/agrupacionespsoe.es\/melilla\/el-psoe-pregunta-por-sus-mociones-para-reducir-la-obesidad-infantil-y-el-desperdicio-de-alimentos\/"},"wordCount":755,"commentCount":0,"publisher":{"@id":"https:\/\/agrupacionespsoe.es\/melilla\/#organization"},"image":{"@id":"https:\/\/agrupacionespsoe.es\/melilla\/el-psoe-pregunta-por-sus-mociones-para-reducir-la-obesidad-infantil-y-el-desperdicio-de-alimentos\/#primaryimage"},"thumbnailUrl":"https:\/\/agrupacionespsoe.es\/melilla\/wp-content\/uploads\/sites\/120\/2024\/03\/RRobles_17M-scaled.jpg","inLanguage":"es","potentialAction":[{"@type":"CommentAction","name":"Comment","target":["https:\/\/agrupacionespsoe.es\/melilla\/el-psoe-pregunta-por-sus-mociones-para-reducir-la-obesidad-infantil-y-el-desperdicio-de-alimentos\/#respond"]}]},{"@type":"WebPage","@id":"https:\/\/agrupacionespsoe.es\/melilla\/el-psoe-pregunta-por-sus-mociones-para-reducir-la-obesidad-infantil-y-el-desperdicio-de-alimentos\/","url":"https:\/\/agrupacionespsoe.es\/melilla\/el-psoe-pregunta-por-sus-mociones-para-reducir-la-obesidad-infantil-y-el-desperdicio-de-alimentos\/","name":"El PSOE pregunta por sus mociones para reducir la obesidad infantil y el desperdicio de alimentos - Agrupaci\u00f3n Socialista de Melilla","isPartOf":{"@id":"https:\/\/agrupacionespsoe.es\/melilla\/#website"},"primaryImageOfPage":{"@id":"https:\/\/agrupacionespsoe.es\/melilla\/el-psoe-pregunta-por-sus-mociones-para-reducir-la-obesidad-infantil-y-el-desperdicio-de-alimentos\/#primaryimage"},"image":{"@id":"https:\/\/agrupacionespsoe.es\/melilla\/el-psoe-pregunta-por-sus-mociones-para-reducir-la-obesidad-infantil-y-el-desperdicio-de-alimentos\/#primaryimage"},"thumbnailUrl":"https:\/\/agrupacionespsoe.es\/melilla\/wp-content\/uploads\/sites\/120\/2024\/03\/RRobles_17M-scaled.jpg","datePublished":"2024-03-17T09:12:52+00:00","dateModified":"2024-03-19T13:32:54+00:00","breadcrumb":{"@id":"https:\/\/agrupacionespsoe.es\/melilla\/el-psoe-pregunta-por-sus-mociones-para-reducir-la-obesidad-infantil-y-el-desperdicio-de-alimentos\/#breadcrumb"},"inLanguage":"es","potentialAction":[{"@type":"ReadAction","target":["https:\/\/agrupacionespsoe.es\/melilla\/el-psoe-pregunta-por-sus-mociones-para-reducir-la-obesidad-infantil-y-el-desperdicio-de-alimentos\/"]}]},{"@type":"ImageObject","inLanguage":"es","@id":"https:\/\/agrupacionespsoe.es\/melilla\/el-psoe-pregunta-por-sus-mociones-para-reducir-la-obesidad-infantil-y-el-desperdicio-de-alimentos\/#primaryimage","url":"https:\/\/agrupacionespsoe.es\/melilla\/wp-content\/uploads\/sites\/120\/2024\/03\/RRobles_17M-scaled.jpg","contentUrl":"https:\/\/agrupacionespsoe.es\/melilla\/wp-content\/uploads\/sites\/120\/2024\/03\/RRobles_17M-scaled.jpg","width":2560,"height":1707},{"@type":"BreadcrumbList","@id":"https:\/\/agrupacionespsoe.es\/melilla\/el-psoe-pregunta-por-sus-mociones-para-reducir-la-obesidad-infantil-y-el-desperdicio-de-alimentos\/#breadcrumb","itemListElement":[{"@type":"ListItem","position":1,"name":"Portada","item":"https:\/\/agrupacionespsoe.es\/melilla\/"},{"@type":"ListItem","position":2,"name":"El PSOE pregunta por sus mociones para reducir la obesidad infantil y el desperdicio de alimentos"}]},{"@type":"WebSite","@id":"https:\/\/agrupacionespsoe.es\/melilla\/#website","url":"https:\/\/agrupacionespsoe.es\/melilla\/","name":"Agrupaci\u00f3n Socialista de Melilla","description":"Agrupaci\u00f3n Socialista de Melilla","publisher":{"@id":"https:\/\/agrupacionespsoe.es\/melilla\/#organization"},"potentialAction":[{"@type":"SearchAction","target":{"@type":"EntryPoint","urlTemplate":"https:\/\/agrupacionespsoe.es\/melilla\/?s={search_term_string}"},"query-input":{"@type":"PropertyValueSpecification","valueRequired":true,"valueName":"search_term_string"}}],"inLanguage":"es"},{"@type":"Organization","@id":"https:\/\/agrupacionespsoe.es\/melilla\/#organization","name":"Agrupaci\u00f3n Socialista de Melilla","url":"https:\/\/agrupacionespsoe.es\/melilla\/","logo":{"@type":"ImageObject","inLanguage":"es","@id":"https:\/\/agrupacionespsoe.es\/melilla\/#\/schema\/logo\/image\/","url":"https:\/\/agrupacionespsoe.es\/wp-content\/uploads\/2022\/07\/Logotipo_electoral_del_PSOE.png","contentUrl":"https:\/\/agrupacionespsoe.es\/wp-content\/uploads\/2022\/07\/Logotipo_electoral_del_PSOE.png","width":422,"height":422,"caption":"Agrupaci\u00f3n Socialista de Melilla"},"image":{"@id":"https:\/\/agrupacionespsoe.es\/melilla\/#\/schema\/logo\/image\/"}},{"@type":"Person","@id":"https:\/\/agrupacionespsoe.es\/melilla\/#\/schema\/person\/72bb3075a827d0ed0623682b96c92bd6","name":"melilla2","image":{"@type":"ImageObject","inLanguage":"es","@id":"https:\/\/agrupacionespsoe.es\/melilla\/#\/schema\/person\/image\/","url":"https:\/\/secure.gravatar.com\/avatar\/489a178e794e59f00db13a448aabca16?s=96&d=mm&r=g","contentUrl":"https:\/\/secure.gravatar.com\/avatar\/489a178e794e59f00db13a448aabca16?s=96&d=mm&r=g","caption":"melilla2"},"url":"https:\/\/agrupacionespsoe.es\/melilla\/author\/melilla2\/"}]}},"jetpack_featured_media_url":"https:\/\/agrupacionespsoe.es\/melilla\/wp-content\/uploads\/sites\/120\/2024\/03\/RRobles_17M-scaled.jpg","jetpack_sharing_enabled":true,"_links":{"self":[{"href":"https:\/\/agrupacionespsoe.es\/melilla\/wp-json\/wp\/v2\/posts\/746","targetHints":{"allow":["GET"]}}],"collection":[{"href":"https:\/\/agrupacionespsoe.es\/melilla\/wp-json\/wp\/v2\/posts"}],"about":[{"href":"https:\/\/agrupacionespsoe.es\/melilla\/wp-json\/wp\/v2\/types\/post"}],"author":[{"embeddable":true,"href":"https:\/\/agrupacionespsoe.es\/melilla\/wp-json\/wp\/v2\/users\/187"}],"replies":[{"embeddable":true,"href":"https:\/\/agrupacionespsoe.es\/melilla\/wp-json\/wp\/v2\/comments?post=746"}],"version-history":[{"count":1,"href":"https:\/\/agrupacionespsoe.es\/melilla\/wp-json\/wp\/v2\/posts\/746\/revisions"}],"predecessor-version":[{"id":748,"href":"https:\/\/agrupacionespsoe.es\/melilla\/wp-json\/wp\/v2\/posts\/746\/revisions\/748"}],"wp:featuredmedia":[{"embeddable":true,"href":"https:\/\/agrupacionespsoe.es\/melilla\/wp-json\/wp\/v2\/media\/747"}],"wp:attachment":[{"href":"https:\/\/agrupacionespsoe.es\/melilla\/wp-json\/wp\/v2\/media?parent=746"}],"wp:term":[{"taxonomy":"category","embeddable":true,"href":"https:\/\/agrupacionespsoe.es\/melilla\/wp-json\/wp\/v2\/categories?post=746"},{"taxonomy":"post_tag","embeddable":true,"href":"https:\/\/agrupacionespsoe.es\/melilla\/wp-json\/wp\/v2\/tags?post=746"}],"curies":[{"name":"wp","href":"https:\/\/api.w.org\/{rel}","templated":true}]}}