{"id":701,"date":"2024-03-07T11:39:56","date_gmt":"2024-03-07T11:39:56","guid":{"rendered":"https:\/\/agrupacionespsoe.es\/melilla\/?p=701"},"modified":"2024-03-07T11:39:58","modified_gmt":"2024-03-07T11:39:58","slug":"rojas-la-actuacion-del-psoe-durante-la-anterior-legislatura-esta-fuera-de-toda-duda-y-sospecha","status":"publish","type":"post","link":"https:\/\/agrupacionespsoe.es\/melilla\/rojas-la-actuacion-del-psoe-durante-la-anterior-legislatura-esta-fuera-de-toda-duda-y-sospecha\/","title":{"rendered":"Rojas: \u201cLa actuaci\u00f3n del PSOE durante la anterior legislatura est\u00e1 fuera de toda duda y sospecha\u201d"},"content":{"rendered":"\n<p><strong>\u201cHemos llevado a cabo una gesti\u00f3n honrada e impecable, quien diga lo contrario lo tendr\u00e1 que demostrar ante un juez\u201d, se\u00f1ala<\/strong><\/p>\n\n\n\n<figure class=\"wp-block-image size-large\"><img loading=\"lazy\" decoding=\"async\" width=\"1024\" height=\"683\" src=\"https:\/\/agrupacionespsoe.es\/melilla\/wp-content\/uploads\/sites\/120\/2024\/03\/GRojas_7M-1024x683.jpg\" alt=\"\" class=\"wp-image-702\" srcset=\"https:\/\/agrupacionespsoe.es\/melilla\/wp-content\/uploads\/sites\/120\/2024\/03\/GRojas_7M-1024x683.jpg 1024w, https:\/\/agrupacionespsoe.es\/melilla\/wp-content\/uploads\/sites\/120\/2024\/03\/GRojas_7M-300x200.jpg 300w, https:\/\/agrupacionespsoe.es\/melilla\/wp-content\/uploads\/sites\/120\/2024\/03\/GRojas_7M-768x512.jpg 768w, https:\/\/agrupacionespsoe.es\/melilla\/wp-content\/uploads\/sites\/120\/2024\/03\/GRojas_7M-1536x1024.jpg 1536w, https:\/\/agrupacionespsoe.es\/melilla\/wp-content\/uploads\/sites\/120\/2024\/03\/GRojas_7M-2048x1365.jpg 2048w\" sizes=\"auto, (max-width: 1024px) 100vw, 1024px\" \/><\/figure>\n\n\n\n<p>\u201cLos socialistas somos implacables con la corrupci\u00f3n y estamos total y absolutamente en contra de cualquier tipo actividad il\u00edcita, ilegal o que atente contra la \u00e9tica. Y nuestra colaboraci\u00f3n con la Justicia, cuando nos encontramos con un caso, es total\u201d.<\/p>\n\n\n\n<p>La Secretaria General del PSOE de Melilla y Portavoz del Grupo Socialista, Gloria Rojas, en una comparecencia ante los medios de comunicaci\u00f3n, ha comparecido hoy ante los medios de comunicaci\u00f3n y, en el marco de las \u00faltimas informaciones en relaci\u00f3n con la operaci\u00f3n Santiago-Rusadir, ha dejado claro que no se erigen \u201cen jueces ni inquisidores\u201d y ha insistido en que hay que dejar \u201cque sean las Fuerzas y Cuerpos de Seguridad del Estado los que act\u00faen y que sean los jueces lo que hagan su trabajo\u201d.<\/p>\n\n\n\n<p>\u201cEstamos en contra de la corrupci\u00f3n sea quien sea el que la cometa, da igual qu\u00e9 partido o qu\u00e9 persona. Condenamos cualquier actuaci\u00f3n il\u00edcita o ilegal. Venga de la mano de CpM, del PP, o de qui\u00e9n sea\u201d, ha subrayado y ha agregado que, \u201ccuando dentro de nuestra formaci\u00f3n se ha dado un caso, hemos actuado con rapidez y con total y absoluta contundencia y en todos los casos con m\u00e1xima trasparencia\u201d.<\/p>\n\n\n\n<p>Asimismo, ha reconocido que habr\u00e1n podido cometer alg\u00fan error, \u201ccomo cualquier persona que est\u00e1 al frente de un \u00e1rea de gesti\u00f3n, o se podr\u00e1 compartir m\u00e1s o menos alguna decisi\u00f3n o iniciativa que hemos llevado a cabo\u201d, pero ha sostenido que \u201ctodas ellas han estado dentro del marco de la m\u00e1s absoluta legalidad y han sido gestionadas con la m\u00e1xima honradez\u201d.<\/p>\n\n\n\n<p><strong>Intento de fraude electoral<\/strong><\/p>\n\n\n\n<p>Por ello, ha puesto de relieve que fue la Delegaci\u00f3n del Gobierno de Melilla, en estrecha coordinaci\u00f3n con el Ministerio de Interior, junto con la Sociedad Estatal Correos y Tel\u00e9grafos, la Junta Electoral y el las Fuerzas y Cuerpos de Seguridad del Estado, la que impidi\u00f3 el intento de fraude del proceso electoral en Melilla.<\/p>\n\n\n\n<p>\u201cLes recuerdo que el PSOE le pidi\u00f3 a la Junta Electoral la medida de que fuese necesario de mostrar el DNI o cualquier documento v\u00e1lido, a la hora de entregar el voto en la oficina de correos, tanto en nuestra ciudad como en todas las oficinas de correos del territorio nacional cuando se tratase de documentaci\u00f3n electoral dirigida a Melilla\u201d, ha subrayado.<\/p>\n\n\n\n<p>Ante las declaraciones que estos d\u00edas han venido realizando distintos miembros del PP de Melilla, entre ellos su presidente, Juan Jos\u00e9 Imbroda, Rojas ha avanzado que ya est\u00e1n en manos de los servicios jur\u00eddicos \u201cy tendr\u00e1 que demostrar todas esas acusaciones que ha hecho contra mi formaci\u00f3n en un Juzgado\u201d.<\/p>\n\n\n\n<p>La n\u00famero uno de los socialistas locales ha condenado \u201cesa sarta de falsedades\u201d a las que ha tildado de \u201cindignas de alguien que ostenta ning\u00fan tipo de representaci\u00f3n\u201d, y ha apuntado que \u201csobrepasan cualquier l\u00ednea roja de decencia y de \u00e9tica\u201d. Asimismo, ha manifestado que las declaraciones \u201cson f\u00e1cilmente desmontables\u201d.<\/p>\n\n\n\n<p>\u201cEl halo de sospecha sobre un posible uso fraudulento del voto por correo no se retrotrae a las elecciones de mayo del 2023. Llevamos muchas elecciones con el ruido y la sospecha. Quiero recordar aquellos v\u00eddeos que circularon de agentes del PP entregando tacos enteros de votos en correos en el a\u00f1o 2015, por ponerles tan solo un ejemplo\u201d, ha recordado.<\/p>\n\n\n\n<p>\u201cSi el PP estaba tan preocupado por este tema, y dado que viene de lejos, \u00bfPor qu\u00e9 nunca act\u00fao? \u00bfPor qu\u00e9, a pesar de ostentar responsabilidades de Gobierno en el pa\u00eds y en la Delegaci\u00f3n del Gobierno de Melilla, no hicieron absolutamente nada? \u00bfNo les conven\u00eda acabar con ello?\u201d, ha cuestionado.<\/p>\n\n\n\n<p>As\u00ed, ha asegurado que \u201cde honradez y de lucha contra la corrupci\u00f3n no hay ning\u00fan partido que nos pueda dar lecciones\u201d. \u201cSi hay un partido en este pa\u00eds que deber\u00eda estar callado es el PP. Son los que menos pueden hablar de lucha contra la corrupci\u00f3n\u201d, ha insistido.<\/p>\n\n\n\n<p>\u201cLos socialistas hemos sido y somos implacables contra la corrupci\u00f3n; hemos llevado a cabo una gesti\u00f3n honrada e impecable desde las Consejer\u00edas que dirigimos la pasada legislatura y el Gobierno Socialista ha sido el que ha puesto todos los mecanismos a su disposici\u00f3n para acabar con el fraude electoral en nuestra ciudad\u201d, ha aseverado. \u201cTodo lo dem\u00e1s es falso y quien diga lo contrario, lo tendr\u00e1 que demostrar delante de un juez\u201d, ha concluido.<\/p>\n","protected":false},"excerpt":{"rendered":"<p>\u201cHemos llevado a cabo una gesti\u00f3n honrada e impecable, quien diga lo contrario lo tendr\u00e1 que demostrar ante un juez\u201d, se\u00f1ala \u201cLos socialistas somos implacables con la corrupci\u00f3n y estamos total y absolutamente en contra de cualquier tipo actividad il\u00edcita, ilegal o que atente contra la \u00e9tica. Y nuestra colaboraci\u00f3n con la Justicia, cuando nos &#8230;<\/p>\n","protected":false},"author":187,"featured_media":702,"comment_status":"open","ping_status":"open","sticky":false,"template":"","format":"standard","meta":{"_jetpack_memberships_contains_paid_content":false,"footnotes":""},"categories":[1],"tags":[],"class_list":["post-701","post","type-post","status-publish","format-standard","has-post-thumbnail","hentry","category-sin-categoria"],"yoast_head":"<!-- This site is optimized with the Yoast SEO plugin v24.0 - https:\/\/yoast.com\/wordpress\/plugins\/seo\/ -->\n<title>Rojas: \u201cLa actuaci\u00f3n del PSOE durante la anterior legislatura est\u00e1 fuera de toda duda y sospecha\u201d - Agrupaci\u00f3n Socialista de Melilla<\/title>\n<meta name=\"robots\" content=\"index, follow, max-snippet:-1, max-image-preview:large, max-video-preview:-1\" \/>\n<link rel=\"canonical\" href=\"https:\/\/agrupacionespsoe.es\/melilla\/rojas-la-actuacion-del-psoe-durante-la-anterior-legislatura-esta-fuera-de-toda-duda-y-sospecha\/\" \/>\n<meta property=\"og:locale\" content=\"es_ES\" \/>\n<meta property=\"og:type\" content=\"article\" \/>\n<meta property=\"og:title\" content=\"Rojas: \u201cLa actuaci\u00f3n del PSOE durante la anterior legislatura est\u00e1 fuera de toda duda y sospecha\u201d - Agrupaci\u00f3n Socialista de Melilla\" \/>\n<meta property=\"og:description\" content=\"\u201cHemos llevado a cabo una gesti\u00f3n honrada e impecable, quien diga lo contrario lo tendr\u00e1 que demostrar ante un juez\u201d, se\u00f1ala \u201cLos socialistas somos implacables con la corrupci\u00f3n y estamos total y absolutamente en contra de cualquier tipo actividad il\u00edcita, ilegal o que atente contra la \u00e9tica. Y nuestra colaboraci\u00f3n con la Justicia, cuando nos ...\" \/>\n<meta property=\"og:url\" content=\"https:\/\/agrupacionespsoe.es\/melilla\/rojas-la-actuacion-del-psoe-durante-la-anterior-legislatura-esta-fuera-de-toda-duda-y-sospecha\/\" \/>\n<meta property=\"og:site_name\" content=\"Agrupaci\u00f3n Socialista de Melilla\" \/>\n<meta property=\"article:published_time\" content=\"2024-03-07T11:39:56+00:00\" \/>\n<meta property=\"article:modified_time\" content=\"2024-03-07T11:39:58+00:00\" \/>\n<meta property=\"og:image\" content=\"https:\/\/agrupacionespsoe.es\/melilla\/wp-content\/uploads\/sites\/120\/2024\/03\/GRojas_7M-scaled.jpg\" \/>\n\t<meta property=\"og:image:width\" content=\"2560\" \/>\n\t<meta property=\"og:image:height\" content=\"1707\" \/>\n\t<meta property=\"og:image:type\" content=\"image\/jpeg\" \/>\n<meta name=\"author\" content=\"melilla2\" \/>\n<meta name=\"twitter:card\" content=\"summary_large_image\" \/>\n<meta name=\"twitter:label1\" content=\"Escrito por\" \/>\n\t<meta name=\"twitter:data1\" content=\"melilla2\" \/>\n\t<meta name=\"twitter:label2\" content=\"Tiempo de lectura\" \/>\n\t<meta name=\"twitter:data2\" content=\"4 minutos\" \/>\n<script type=\"application\/ld+json\" class=\"yoast-schema-graph\">{\"@context\":\"https:\/\/schema.org\",\"@graph\":[{\"@type\":\"Article\",\"@id\":\"https:\/\/agrupacionespsoe.es\/melilla\/rojas-la-actuacion-del-psoe-durante-la-anterior-legislatura-esta-fuera-de-toda-duda-y-sospecha\/#article\",\"isPartOf\":{\"@id\":\"https:\/\/agrupacionespsoe.es\/melilla\/rojas-la-actuacion-del-psoe-durante-la-anterior-legislatura-esta-fuera-de-toda-duda-y-sospecha\/\"},\"author\":{\"name\":\"melilla2\",\"@id\":\"https:\/\/agrupacionespsoe.es\/melilla\/#\/schema\/person\/72bb3075a827d0ed0623682b96c92bd6\"},\"headline\":\"Rojas: \u201cLa actuaci\u00f3n del PSOE durante la anterior legislatura est\u00e1 fuera de toda duda y sospecha\u201d\",\"datePublished\":\"2024-03-07T11:39:56+00:00\",\"dateModified\":\"2024-03-07T11:39:58+00:00\",\"mainEntityOfPage\":{\"@id\":\"https:\/\/agrupacionespsoe.es\/melilla\/rojas-la-actuacion-del-psoe-durante-la-anterior-legislatura-esta-fuera-de-toda-duda-y-sospecha\/\"},\"wordCount\":803,\"commentCount\":0,\"publisher\":{\"@id\":\"https:\/\/agrupacionespsoe.es\/melilla\/#organization\"},\"image\":{\"@id\":\"https:\/\/agrupacionespsoe.es\/melilla\/rojas-la-actuacion-del-psoe-durante-la-anterior-legislatura-esta-fuera-de-toda-duda-y-sospecha\/#primaryimage\"},\"thumbnailUrl\":\"https:\/\/agrupacionespsoe.es\/melilla\/wp-content\/uploads\/sites\/120\/2024\/03\/GRojas_7M-scaled.jpg\",\"inLanguage\":\"es\",\"potentialAction\":[{\"@type\":\"CommentAction\",\"name\":\"Comment\",\"target\":[\"https:\/\/agrupacionespsoe.es\/melilla\/rojas-la-actuacion-del-psoe-durante-la-anterior-legislatura-esta-fuera-de-toda-duda-y-sospecha\/#respond\"]}]},{\"@type\":\"WebPage\",\"@id\":\"https:\/\/agrupacionespsoe.es\/melilla\/rojas-la-actuacion-del-psoe-durante-la-anterior-legislatura-esta-fuera-de-toda-duda-y-sospecha\/\",\"url\":\"https:\/\/agrupacionespsoe.es\/melilla\/rojas-la-actuacion-del-psoe-durante-la-anterior-legislatura-esta-fuera-de-toda-duda-y-sospecha\/\",\"name\":\"Rojas: \u201cLa actuaci\u00f3n del PSOE durante la anterior legislatura est\u00e1 fuera de toda duda y sospecha\u201d - Agrupaci\u00f3n Socialista de Melilla\",\"isPartOf\":{\"@id\":\"https:\/\/agrupacionespsoe.es\/melilla\/#website\"},\"primaryImageOfPage\":{\"@id\":\"https:\/\/agrupacionespsoe.es\/melilla\/rojas-la-actuacion-del-psoe-durante-la-anterior-legislatura-esta-fuera-de-toda-duda-y-sospecha\/#primaryimage\"},\"image\":{\"@id\":\"https:\/\/agrupacionespsoe.es\/melilla\/rojas-la-actuacion-del-psoe-durante-la-anterior-legislatura-esta-fuera-de-toda-duda-y-sospecha\/#primaryimage\"},\"thumbnailUrl\":\"https:\/\/agrupacionespsoe.es\/melilla\/wp-content\/uploads\/sites\/120\/2024\/03\/GRojas_7M-scaled.jpg\",\"datePublished\":\"2024-03-07T11:39:56+00:00\",\"dateModified\":\"2024-03-07T11:39:58+00:00\",\"breadcrumb\":{\"@id\":\"https:\/\/agrupacionespsoe.es\/melilla\/rojas-la-actuacion-del-psoe-durante-la-anterior-legislatura-esta-fuera-de-toda-duda-y-sospecha\/#breadcrumb\"},\"inLanguage\":\"es\",\"potentialAction\":[{\"@type\":\"ReadAction\",\"target\":[\"https:\/\/agrupacionespsoe.es\/melilla\/rojas-la-actuacion-del-psoe-durante-la-anterior-legislatura-esta-fuera-de-toda-duda-y-sospecha\/\"]}]},{\"@type\":\"ImageObject\",\"inLanguage\":\"es\",\"@id\":\"https:\/\/agrupacionespsoe.es\/melilla\/rojas-la-actuacion-del-psoe-durante-la-anterior-legislatura-esta-fuera-de-toda-duda-y-sospecha\/#primaryimage\",\"url\":\"https:\/\/agrupacionespsoe.es\/melilla\/wp-content\/uploads\/sites\/120\/2024\/03\/GRojas_7M-scaled.jpg\",\"contentUrl\":\"https:\/\/agrupacionespsoe.es\/melilla\/wp-content\/uploads\/sites\/120\/2024\/03\/GRojas_7M-scaled.jpg\",\"width\":2560,\"height\":1707},{\"@type\":\"BreadcrumbList\",\"@id\":\"https:\/\/agrupacionespsoe.es\/melilla\/rojas-la-actuacion-del-psoe-durante-la-anterior-legislatura-esta-fuera-de-toda-duda-y-sospecha\/#breadcrumb\",\"itemListElement\":[{\"@type\":\"ListItem\",\"position\":1,\"name\":\"Portada\",\"item\":\"https:\/\/agrupacionespsoe.es\/melilla\/\"},{\"@type\":\"ListItem\",\"position\":2,\"name\":\"Rojas: \u201cLa actuaci\u00f3n del PSOE durante la anterior legislatura est\u00e1 fuera de toda duda y sospecha\u201d\"}]},{\"@type\":\"WebSite\",\"@id\":\"https:\/\/agrupacionespsoe.es\/melilla\/#website\",\"url\":\"https:\/\/agrupacionespsoe.es\/melilla\/\",\"name\":\"Agrupaci\u00f3n Socialista de Melilla\",\"description\":\"Agrupaci\u00f3n Socialista de Melilla\",\"publisher\":{\"@id\":\"https:\/\/agrupacionespsoe.es\/melilla\/#organization\"},\"potentialAction\":[{\"@type\":\"SearchAction\",\"target\":{\"@type\":\"EntryPoint\",\"urlTemplate\":\"https:\/\/agrupacionespsoe.es\/melilla\/?s={search_term_string}\"},\"query-input\":{\"@type\":\"PropertyValueSpecification\",\"valueRequired\":true,\"valueName\":\"search_term_string\"}}],\"inLanguage\":\"es\"},{\"@type\":\"Organization\",\"@id\":\"https:\/\/agrupacionespsoe.es\/melilla\/#organization\",\"name\":\"Agrupaci\u00f3n Socialista de Melilla\",\"url\":\"https:\/\/agrupacionespsoe.es\/melilla\/\",\"logo\":{\"@type\":\"ImageObject\",\"inLanguage\":\"es\",\"@id\":\"https:\/\/agrupacionespsoe.es\/melilla\/#\/schema\/logo\/image\/\",\"url\":\"https:\/\/agrupacionespsoe.es\/wp-content\/uploads\/2022\/07\/Logotipo_electoral_del_PSOE.png\",\"contentUrl\":\"https:\/\/agrupacionespsoe.es\/wp-content\/uploads\/2022\/07\/Logotipo_electoral_del_PSOE.png\",\"width\":422,\"height\":422,\"caption\":\"Agrupaci\u00f3n Socialista de Melilla\"},\"image\":{\"@id\":\"https:\/\/agrupacionespsoe.es\/melilla\/#\/schema\/logo\/image\/\"}},{\"@type\":\"Person\",\"@id\":\"https:\/\/agrupacionespsoe.es\/melilla\/#\/schema\/person\/72bb3075a827d0ed0623682b96c92bd6\",\"name\":\"melilla2\",\"image\":{\"@type\":\"ImageObject\",\"inLanguage\":\"es\",\"@id\":\"https:\/\/agrupacionespsoe.es\/melilla\/#\/schema\/person\/image\/\",\"url\":\"https:\/\/secure.gravatar.com\/avatar\/489a178e794e59f00db13a448aabca16?s=96&d=mm&r=g\",\"contentUrl\":\"https:\/\/secure.gravatar.com\/avatar\/489a178e794e59f00db13a448aabca16?s=96&d=mm&r=g\",\"caption\":\"melilla2\"},\"url\":\"https:\/\/agrupacionespsoe.es\/melilla\/author\/melilla2\/\"}]}<\/script>\n<!-- \/ Yoast SEO plugin. -->","yoast_head_json":{"title":"Rojas: \u201cLa actuaci\u00f3n del PSOE durante la anterior legislatura est\u00e1 fuera de toda duda y sospecha\u201d - Agrupaci\u00f3n Socialista de Melilla","robots":{"index":"index","follow":"follow","max-snippet":"max-snippet:-1","max-image-preview":"max-image-preview:large","max-video-preview":"max-video-preview:-1"},"canonical":"https:\/\/agrupacionespsoe.es\/melilla\/rojas-la-actuacion-del-psoe-durante-la-anterior-legislatura-esta-fuera-de-toda-duda-y-sospecha\/","og_locale":"es_ES","og_type":"article","og_title":"Rojas: \u201cLa actuaci\u00f3n del PSOE durante la anterior legislatura est\u00e1 fuera de toda duda y sospecha\u201d - Agrupaci\u00f3n Socialista de Melilla","og_description":"\u201cHemos llevado a cabo una gesti\u00f3n honrada e impecable, quien diga lo contrario lo tendr\u00e1 que demostrar ante un juez\u201d, se\u00f1ala \u201cLos socialistas somos implacables con la corrupci\u00f3n y estamos total y absolutamente en contra de cualquier tipo actividad il\u00edcita, ilegal o que atente contra la \u00e9tica. Y nuestra colaboraci\u00f3n con la Justicia, cuando nos ...","og_url":"https:\/\/agrupacionespsoe.es\/melilla\/rojas-la-actuacion-del-psoe-durante-la-anterior-legislatura-esta-fuera-de-toda-duda-y-sospecha\/","og_site_name":"Agrupaci\u00f3n Socialista de Melilla","article_published_time":"2024-03-07T11:39:56+00:00","article_modified_time":"2024-03-07T11:39:58+00:00","og_image":[{"width":2560,"height":1707,"url":"https:\/\/agrupacionespsoe.es\/melilla\/wp-content\/uploads\/sites\/120\/2024\/03\/GRojas_7M-scaled.jpg","type":"image\/jpeg"}],"author":"melilla2","twitter_card":"summary_large_image","twitter_misc":{"Escrito por":"melilla2","Tiempo de lectura":"4 minutos"},"schema":{"@context":"https:\/\/schema.org","@graph":[{"@type":"Article","@id":"https:\/\/agrupacionespsoe.es\/melilla\/rojas-la-actuacion-del-psoe-durante-la-anterior-legislatura-esta-fuera-de-toda-duda-y-sospecha\/#article","isPartOf":{"@id":"https:\/\/agrupacionespsoe.es\/melilla\/rojas-la-actuacion-del-psoe-durante-la-anterior-legislatura-esta-fuera-de-toda-duda-y-sospecha\/"},"author":{"name":"melilla2","@id":"https:\/\/agrupacionespsoe.es\/melilla\/#\/schema\/person\/72bb3075a827d0ed0623682b96c92bd6"},"headline":"Rojas: \u201cLa actuaci\u00f3n del PSOE durante la anterior legislatura est\u00e1 fuera de toda duda y sospecha\u201d","datePublished":"2024-03-07T11:39:56+00:00","dateModified":"2024-03-07T11:39:58+00:00","mainEntityOfPage":{"@id":"https:\/\/agrupacionespsoe.es\/melilla\/rojas-la-actuacion-del-psoe-durante-la-anterior-legislatura-esta-fuera-de-toda-duda-y-sospecha\/"},"wordCount":803,"commentCount":0,"publisher":{"@id":"https:\/\/agrupacionespsoe.es\/melilla\/#organization"},"image":{"@id":"https:\/\/agrupacionespsoe.es\/melilla\/rojas-la-actuacion-del-psoe-durante-la-anterior-legislatura-esta-fuera-de-toda-duda-y-sospecha\/#primaryimage"},"thumbnailUrl":"https:\/\/agrupacionespsoe.es\/melilla\/wp-content\/uploads\/sites\/120\/2024\/03\/GRojas_7M-scaled.jpg","inLanguage":"es","potentialAction":[{"@type":"CommentAction","name":"Comment","target":["https:\/\/agrupacionespsoe.es\/melilla\/rojas-la-actuacion-del-psoe-durante-la-anterior-legislatura-esta-fuera-de-toda-duda-y-sospecha\/#respond"]}]},{"@type":"WebPage","@id":"https:\/\/agrupacionespsoe.es\/melilla\/rojas-la-actuacion-del-psoe-durante-la-anterior-legislatura-esta-fuera-de-toda-duda-y-sospecha\/","url":"https:\/\/agrupacionespsoe.es\/melilla\/rojas-la-actuacion-del-psoe-durante-la-anterior-legislatura-esta-fuera-de-toda-duda-y-sospecha\/","name":"Rojas: \u201cLa actuaci\u00f3n del PSOE durante la anterior legislatura est\u00e1 fuera de toda duda y sospecha\u201d - Agrupaci\u00f3n Socialista de Melilla","isPartOf":{"@id":"https:\/\/agrupacionespsoe.es\/melilla\/#website"},"primaryImageOfPage":{"@id":"https:\/\/agrupacionespsoe.es\/melilla\/rojas-la-actuacion-del-psoe-durante-la-anterior-legislatura-esta-fuera-de-toda-duda-y-sospecha\/#primaryimage"},"image":{"@id":"https:\/\/agrupacionespsoe.es\/melilla\/rojas-la-actuacion-del-psoe-durante-la-anterior-legislatura-esta-fuera-de-toda-duda-y-sospecha\/#primaryimage"},"thumbnailUrl":"https:\/\/agrupacionespsoe.es\/melilla\/wp-content\/uploads\/sites\/120\/2024\/03\/GRojas_7M-scaled.jpg","datePublished":"2024-03-07T11:39:56+00:00","dateModified":"2024-03-07T11:39:58+00:00","breadcrumb":{"@id":"https:\/\/agrupacionespsoe.es\/melilla\/rojas-la-actuacion-del-psoe-durante-la-anterior-legislatura-esta-fuera-de-toda-duda-y-sospecha\/#breadcrumb"},"inLanguage":"es","potentialAction":[{"@type":"ReadAction","target":["https:\/\/agrupacionespsoe.es\/melilla\/rojas-la-actuacion-del-psoe-durante-la-anterior-legislatura-esta-fuera-de-toda-duda-y-sospecha\/"]}]},{"@type":"ImageObject","inLanguage":"es","@id":"https:\/\/agrupacionespsoe.es\/melilla\/rojas-la-actuacion-del-psoe-durante-la-anterior-legislatura-esta-fuera-de-toda-duda-y-sospecha\/#primaryimage","url":"https:\/\/agrupacionespsoe.es\/melilla\/wp-content\/uploads\/sites\/120\/2024\/03\/GRojas_7M-scaled.jpg","contentUrl":"https:\/\/agrupacionespsoe.es\/melilla\/wp-content\/uploads\/sites\/120\/2024\/03\/GRojas_7M-scaled.jpg","width":2560,"height":1707},{"@type":"BreadcrumbList","@id":"https:\/\/agrupacionespsoe.es\/melilla\/rojas-la-actuacion-del-psoe-durante-la-anterior-legislatura-esta-fuera-de-toda-duda-y-sospecha\/#breadcrumb","itemListElement":[{"@type":"ListItem","position":1,"name":"Portada","item":"https:\/\/agrupacionespsoe.es\/melilla\/"},{"@type":"ListItem","position":2,"name":"Rojas: \u201cLa actuaci\u00f3n del PSOE durante la anterior legislatura est\u00e1 fuera de toda duda y sospecha\u201d"}]},{"@type":"WebSite","@id":"https:\/\/agrupacionespsoe.es\/melilla\/#website","url":"https:\/\/agrupacionespsoe.es\/melilla\/","name":"Agrupaci\u00f3n Socialista de Melilla","description":"Agrupaci\u00f3n Socialista de Melilla","publisher":{"@id":"https:\/\/agrupacionespsoe.es\/melilla\/#organization"},"potentialAction":[{"@type":"SearchAction","target":{"@type":"EntryPoint","urlTemplate":"https:\/\/agrupacionespsoe.es\/melilla\/?s={search_term_string}"},"query-input":{"@type":"PropertyValueSpecification","valueRequired":true,"valueName":"search_term_string"}}],"inLanguage":"es"},{"@type":"Organization","@id":"https:\/\/agrupacionespsoe.es\/melilla\/#organization","name":"Agrupaci\u00f3n Socialista de Melilla","url":"https:\/\/agrupacionespsoe.es\/melilla\/","logo":{"@type":"ImageObject","inLanguage":"es","@id":"https:\/\/agrupacionespsoe.es\/melilla\/#\/schema\/logo\/image\/","url":"https:\/\/agrupacionespsoe.es\/wp-content\/uploads\/2022\/07\/Logotipo_electoral_del_PSOE.png","contentUrl":"https:\/\/agrupacionespsoe.es\/wp-content\/uploads\/2022\/07\/Logotipo_electoral_del_PSOE.png","width":422,"height":422,"caption":"Agrupaci\u00f3n Socialista de Melilla"},"image":{"@id":"https:\/\/agrupacionespsoe.es\/melilla\/#\/schema\/logo\/image\/"}},{"@type":"Person","@id":"https:\/\/agrupacionespsoe.es\/melilla\/#\/schema\/person\/72bb3075a827d0ed0623682b96c92bd6","name":"melilla2","image":{"@type":"ImageObject","inLanguage":"es","@id":"https:\/\/agrupacionespsoe.es\/melilla\/#\/schema\/person\/image\/","url":"https:\/\/secure.gravatar.com\/avatar\/489a178e794e59f00db13a448aabca16?s=96&d=mm&r=g","contentUrl":"https:\/\/secure.gravatar.com\/avatar\/489a178e794e59f00db13a448aabca16?s=96&d=mm&r=g","caption":"melilla2"},"url":"https:\/\/agrupacionespsoe.es\/melilla\/author\/melilla2\/"}]}},"jetpack_featured_media_url":"https:\/\/agrupacionespsoe.es\/melilla\/wp-content\/uploads\/sites\/120\/2024\/03\/GRojas_7M-scaled.jpg","jetpack_sharing_enabled":true,"_links":{"self":[{"href":"https:\/\/agrupacionespsoe.es\/melilla\/wp-json\/wp\/v2\/posts\/701","targetHints":{"allow":["GET"]}}],"collection":[{"href":"https:\/\/agrupacionespsoe.es\/melilla\/wp-json\/wp\/v2\/posts"}],"about":[{"href":"https:\/\/agrupacionespsoe.es\/melilla\/wp-json\/wp\/v2\/types\/post"}],"author":[{"embeddable":true,"href":"https:\/\/agrupacionespsoe.es\/melilla\/wp-json\/wp\/v2\/users\/187"}],"replies":[{"embeddable":true,"href":"https:\/\/agrupacionespsoe.es\/melilla\/wp-json\/wp\/v2\/comments?post=701"}],"version-history":[{"count":1,"href":"https:\/\/agrupacionespsoe.es\/melilla\/wp-json\/wp\/v2\/posts\/701\/revisions"}],"predecessor-version":[{"id":703,"href":"https:\/\/agrupacionespsoe.es\/melilla\/wp-json\/wp\/v2\/posts\/701\/revisions\/703"}],"wp:featuredmedia":[{"embeddable":true,"href":"https:\/\/agrupacionespsoe.es\/melilla\/wp-json\/wp\/v2\/media\/702"}],"wp:attachment":[{"href":"https:\/\/agrupacionespsoe.es\/melilla\/wp-json\/wp\/v2\/media?parent=701"}],"wp:term":[{"taxonomy":"category","embeddable":true,"href":"https:\/\/agrupacionespsoe.es\/melilla\/wp-json\/wp\/v2\/categories?post=701"},{"taxonomy":"post_tag","embeddable":true,"href":"https:\/\/agrupacionespsoe.es\/melilla\/wp-json\/wp\/v2\/tags?post=701"}],"curies":[{"name":"wp","href":"https:\/\/api.w.org\/{rel}","templated":true}]}}