{"id":698,"date":"2024-03-05T13:56:38","date_gmt":"2024-03-05T13:56:38","guid":{"rendered":"https:\/\/agrupacionespsoe.es\/melilla\/?p=698"},"modified":"2024-03-05T13:56:39","modified_gmt":"2024-03-05T13:56:39","slug":"el-psoe-denunciara-a-imbroda-por-sus-declaraciones-contra-gloria-rojas","status":"publish","type":"post","link":"https:\/\/agrupacionespsoe.es\/melilla\/el-psoe-denunciara-a-imbroda-por-sus-declaraciones-contra-gloria-rojas\/","title":{"rendered":"El PSOE denunciar\u00e1 a Imbroda por sus declaraciones contra Gloria Rojas"},"content":{"rendered":"\n<p><strong>Las Consejer\u00edas que dirigieron est\u00e1n fuera de toda duda y el Gobierno Socialista fue el que impidi\u00f3 el intento de fraude electoral<\/strong><\/p>\n\n\n\n<p>El PSOE de Melilla va a llevar al Presidente local y l\u00edder del PP, Juan Jos\u00e9 Imbroda, a los Juzgados por las declaraciones que ha realizado hoy contra la formaci\u00f3n socialista y la que ha sido la Vicepresidenta de la Ciudad durante la pasada legislara, Gloria Rojas, con motivo de la operaci\u00f3n Santiago-Rusadir que la Polic\u00eda Nacional ha llevado a cabo en el d\u00eda de hoy.<\/p>\n\n\n\n<p><br>Los socialistas melillenses han recalcado que todas las \u00e1reas de Gobierno gestionadas por el PSOE y los diputados de esta formaci\u00f3n que tuvieron responsabilidades de Gobierno el anterior mandato est\u00e1n fuera de toda duda y sospecha y han recordado que, en pol\u00edtica no todo vale.<\/p>\n\n\n\n<p>Es m\u00e1s, desde el PSOE han recordado que ha sido precisamente la Delegaci\u00f3n del Gobierno que dirige Sabrina Moh, en estrecha coordinaci\u00f3n con el Ministerio de Interior, junto con la Sociedad Estatal Correos y Tel\u00e9grafos, la Junta Electoral y las Fuerzas y Cuerpos de Seguridad del Estado los que impidieron el intento de fraude del proceso electoral en Melilla el pasado mayo.<\/p>\n\n\n\n<p>\u201cLos socialistas hemos llevado a cabo una gesti\u00f3n impecable desde las Consejer\u00edas que dirigimos la pasada legislatura y el Gobierno Socialista ha sido el que ha puesto todos los mecanismos a su disposici\u00f3n para acabar con el fraude electoral\u201d, han subrayado.<\/p>\n\n\n\n<p>Por tanto consideran que las declaraciones de Imbroda sobrepasan cualquier l\u00ednea roja de la \u00e9tica y la moralidad y han avanzado que el popular \u201ctendr\u00e1 que explicar en sede judicial sus acusaciones\u201d.<\/p>\n","protected":false},"excerpt":{"rendered":"<p>Las Consejer\u00edas que dirigieron est\u00e1n fuera de toda duda y el Gobierno Socialista fue el que impidi\u00f3 el intento de fraude electoral El PSOE de Melilla va a llevar al Presidente local y l\u00edder del PP, Juan Jos\u00e9 Imbroda, a los Juzgados por las declaraciones que ha realizado hoy contra la formaci\u00f3n socialista y la &#8230;<\/p>\n","protected":false},"author":187,"featured_media":699,"comment_status":"open","ping_status":"open","sticky":false,"template":"","format":"standard","meta":{"_jetpack_memberships_contains_paid_content":false,"footnotes":""},"categories":[1],"tags":[],"class_list":["post-698","post","type-post","status-publish","format-standard","has-post-thumbnail","hentry","category-sin-categoria"],"yoast_head":"<!-- This site is optimized with the Yoast SEO plugin v24.0 - https:\/\/yoast.com\/wordpress\/plugins\/seo\/ -->\n<title>El PSOE denunciar\u00e1 a Imbroda por sus declaraciones contra Gloria Rojas - Agrupaci\u00f3n Socialista de Melilla<\/title>\n<meta name=\"robots\" content=\"index, follow, max-snippet:-1, max-image-preview:large, max-video-preview:-1\" \/>\n<link rel=\"canonical\" href=\"https:\/\/agrupacionespsoe.es\/melilla\/el-psoe-denunciara-a-imbroda-por-sus-declaraciones-contra-gloria-rojas\/\" \/>\n<meta property=\"og:locale\" content=\"es_ES\" \/>\n<meta property=\"og:type\" content=\"article\" \/>\n<meta property=\"og:title\" content=\"El PSOE denunciar\u00e1 a Imbroda por sus declaraciones contra Gloria Rojas - Agrupaci\u00f3n Socialista de Melilla\" \/>\n<meta property=\"og:description\" content=\"Las Consejer\u00edas que dirigieron est\u00e1n fuera de toda duda y el Gobierno Socialista fue el que impidi\u00f3 el intento de fraude electoral El PSOE de Melilla va a llevar al Presidente local y l\u00edder del PP, Juan Jos\u00e9 Imbroda, a los Juzgados por las declaraciones que ha realizado hoy contra la formaci\u00f3n socialista y la ...\" \/>\n<meta property=\"og:url\" content=\"https:\/\/agrupacionespsoe.es\/melilla\/el-psoe-denunciara-a-imbroda-por-sus-declaraciones-contra-gloria-rojas\/\" \/>\n<meta property=\"og:site_name\" content=\"Agrupaci\u00f3n Socialista de Melilla\" \/>\n<meta property=\"article:published_time\" content=\"2024-03-05T13:56:38+00:00\" \/>\n<meta property=\"article:modified_time\" content=\"2024-03-05T13:56:39+00:00\" \/>\n<meta property=\"og:image\" content=\"https:\/\/agrupacionespsoe.es\/melilla\/wp-content\/uploads\/sites\/120\/2024\/03\/melilla_borde-blanco-horizontal-relleno-rojo.png\" \/>\n\t<meta property=\"og:image:width\" content=\"4400\" \/>\n\t<meta property=\"og:image:height\" content=\"2158\" \/>\n\t<meta property=\"og:image:type\" content=\"image\/png\" \/>\n<meta name=\"author\" content=\"melilla2\" \/>\n<meta name=\"twitter:card\" content=\"summary_large_image\" \/>\n<meta name=\"twitter:label1\" content=\"Escrito por\" \/>\n\t<meta name=\"twitter:data1\" content=\"melilla2\" \/>\n\t<meta name=\"twitter:label2\" content=\"Tiempo de lectura\" \/>\n\t<meta name=\"twitter:data2\" content=\"2 minutos\" \/>\n<script type=\"application\/ld+json\" class=\"yoast-schema-graph\">{\"@context\":\"https:\/\/schema.org\",\"@graph\":[{\"@type\":\"Article\",\"@id\":\"https:\/\/agrupacionespsoe.es\/melilla\/el-psoe-denunciara-a-imbroda-por-sus-declaraciones-contra-gloria-rojas\/#article\",\"isPartOf\":{\"@id\":\"https:\/\/agrupacionespsoe.es\/melilla\/el-psoe-denunciara-a-imbroda-por-sus-declaraciones-contra-gloria-rojas\/\"},\"author\":{\"name\":\"melilla2\",\"@id\":\"https:\/\/agrupacionespsoe.es\/melilla\/#\/schema\/person\/72bb3075a827d0ed0623682b96c92bd6\"},\"headline\":\"El PSOE denunciar\u00e1 a Imbroda por sus declaraciones contra Gloria Rojas\",\"datePublished\":\"2024-03-05T13:56:38+00:00\",\"dateModified\":\"2024-03-05T13:56:39+00:00\",\"mainEntityOfPage\":{\"@id\":\"https:\/\/agrupacionespsoe.es\/melilla\/el-psoe-denunciara-a-imbroda-por-sus-declaraciones-contra-gloria-rojas\/\"},\"wordCount\":297,\"commentCount\":0,\"publisher\":{\"@id\":\"https:\/\/agrupacionespsoe.es\/melilla\/#organization\"},\"image\":{\"@id\":\"https:\/\/agrupacionespsoe.es\/melilla\/el-psoe-denunciara-a-imbroda-por-sus-declaraciones-contra-gloria-rojas\/#primaryimage\"},\"thumbnailUrl\":\"https:\/\/agrupacionespsoe.es\/melilla\/wp-content\/uploads\/sites\/120\/2024\/03\/melilla_borde-blanco-horizontal-relleno-rojo.png\",\"inLanguage\":\"es\",\"potentialAction\":[{\"@type\":\"CommentAction\",\"name\":\"Comment\",\"target\":[\"https:\/\/agrupacionespsoe.es\/melilla\/el-psoe-denunciara-a-imbroda-por-sus-declaraciones-contra-gloria-rojas\/#respond\"]}]},{\"@type\":\"WebPage\",\"@id\":\"https:\/\/agrupacionespsoe.es\/melilla\/el-psoe-denunciara-a-imbroda-por-sus-declaraciones-contra-gloria-rojas\/\",\"url\":\"https:\/\/agrupacionespsoe.es\/melilla\/el-psoe-denunciara-a-imbroda-por-sus-declaraciones-contra-gloria-rojas\/\",\"name\":\"El PSOE denunciar\u00e1 a Imbroda por sus declaraciones contra Gloria Rojas - Agrupaci\u00f3n Socialista de Melilla\",\"isPartOf\":{\"@id\":\"https:\/\/agrupacionespsoe.es\/melilla\/#website\"},\"primaryImageOfPage\":{\"@id\":\"https:\/\/agrupacionespsoe.es\/melilla\/el-psoe-denunciara-a-imbroda-por-sus-declaraciones-contra-gloria-rojas\/#primaryimage\"},\"image\":{\"@id\":\"https:\/\/agrupacionespsoe.es\/melilla\/el-psoe-denunciara-a-imbroda-por-sus-declaraciones-contra-gloria-rojas\/#primaryimage\"},\"thumbnailUrl\":\"https:\/\/agrupacionespsoe.es\/melilla\/wp-content\/uploads\/sites\/120\/2024\/03\/melilla_borde-blanco-horizontal-relleno-rojo.png\",\"datePublished\":\"2024-03-05T13:56:38+00:00\",\"dateModified\":\"2024-03-05T13:56:39+00:00\",\"breadcrumb\":{\"@id\":\"https:\/\/agrupacionespsoe.es\/melilla\/el-psoe-denunciara-a-imbroda-por-sus-declaraciones-contra-gloria-rojas\/#breadcrumb\"},\"inLanguage\":\"es\",\"potentialAction\":[{\"@type\":\"ReadAction\",\"target\":[\"https:\/\/agrupacionespsoe.es\/melilla\/el-psoe-denunciara-a-imbroda-por-sus-declaraciones-contra-gloria-rojas\/\"]}]},{\"@type\":\"ImageObject\",\"inLanguage\":\"es\",\"@id\":\"https:\/\/agrupacionespsoe.es\/melilla\/el-psoe-denunciara-a-imbroda-por-sus-declaraciones-contra-gloria-rojas\/#primaryimage\",\"url\":\"https:\/\/agrupacionespsoe.es\/melilla\/wp-content\/uploads\/sites\/120\/2024\/03\/melilla_borde-blanco-horizontal-relleno-rojo.png\",\"contentUrl\":\"https:\/\/agrupacionespsoe.es\/melilla\/wp-content\/uploads\/sites\/120\/2024\/03\/melilla_borde-blanco-horizontal-relleno-rojo.png\",\"width\":4400,\"height\":2158},{\"@type\":\"BreadcrumbList\",\"@id\":\"https:\/\/agrupacionespsoe.es\/melilla\/el-psoe-denunciara-a-imbroda-por-sus-declaraciones-contra-gloria-rojas\/#breadcrumb\",\"itemListElement\":[{\"@type\":\"ListItem\",\"position\":1,\"name\":\"Portada\",\"item\":\"https:\/\/agrupacionespsoe.es\/melilla\/\"},{\"@type\":\"ListItem\",\"position\":2,\"name\":\"El PSOE denunciar\u00e1 a Imbroda por sus declaraciones contra Gloria Rojas\"}]},{\"@type\":\"WebSite\",\"@id\":\"https:\/\/agrupacionespsoe.es\/melilla\/#website\",\"url\":\"https:\/\/agrupacionespsoe.es\/melilla\/\",\"name\":\"Agrupaci\u00f3n Socialista de Melilla\",\"description\":\"Agrupaci\u00f3n Socialista de Melilla\",\"publisher\":{\"@id\":\"https:\/\/agrupacionespsoe.es\/melilla\/#organization\"},\"potentialAction\":[{\"@type\":\"SearchAction\",\"target\":{\"@type\":\"EntryPoint\",\"urlTemplate\":\"https:\/\/agrupacionespsoe.es\/melilla\/?s={search_term_string}\"},\"query-input\":{\"@type\":\"PropertyValueSpecification\",\"valueRequired\":true,\"valueName\":\"search_term_string\"}}],\"inLanguage\":\"es\"},{\"@type\":\"Organization\",\"@id\":\"https:\/\/agrupacionespsoe.es\/melilla\/#organization\",\"name\":\"Agrupaci\u00f3n Socialista de Melilla\",\"url\":\"https:\/\/agrupacionespsoe.es\/melilla\/\",\"logo\":{\"@type\":\"ImageObject\",\"inLanguage\":\"es\",\"@id\":\"https:\/\/agrupacionespsoe.es\/melilla\/#\/schema\/logo\/image\/\",\"url\":\"https:\/\/agrupacionespsoe.es\/wp-content\/uploads\/2022\/07\/Logotipo_electoral_del_PSOE.png\",\"contentUrl\":\"https:\/\/agrupacionespsoe.es\/wp-content\/uploads\/2022\/07\/Logotipo_electoral_del_PSOE.png\",\"width\":422,\"height\":422,\"caption\":\"Agrupaci\u00f3n Socialista de Melilla\"},\"image\":{\"@id\":\"https:\/\/agrupacionespsoe.es\/melilla\/#\/schema\/logo\/image\/\"}},{\"@type\":\"Person\",\"@id\":\"https:\/\/agrupacionespsoe.es\/melilla\/#\/schema\/person\/72bb3075a827d0ed0623682b96c92bd6\",\"name\":\"melilla2\",\"image\":{\"@type\":\"ImageObject\",\"inLanguage\":\"es\",\"@id\":\"https:\/\/agrupacionespsoe.es\/melilla\/#\/schema\/person\/image\/\",\"url\":\"https:\/\/secure.gravatar.com\/avatar\/489a178e794e59f00db13a448aabca16?s=96&d=mm&r=g\",\"contentUrl\":\"https:\/\/secure.gravatar.com\/avatar\/489a178e794e59f00db13a448aabca16?s=96&d=mm&r=g\",\"caption\":\"melilla2\"},\"url\":\"https:\/\/agrupacionespsoe.es\/melilla\/author\/melilla2\/\"}]}<\/script>\n<!-- \/ Yoast SEO plugin. -->","yoast_head_json":{"title":"El PSOE denunciar\u00e1 a Imbroda por sus declaraciones contra Gloria Rojas - Agrupaci\u00f3n Socialista de Melilla","robots":{"index":"index","follow":"follow","max-snippet":"max-snippet:-1","max-image-preview":"max-image-preview:large","max-video-preview":"max-video-preview:-1"},"canonical":"https:\/\/agrupacionespsoe.es\/melilla\/el-psoe-denunciara-a-imbroda-por-sus-declaraciones-contra-gloria-rojas\/","og_locale":"es_ES","og_type":"article","og_title":"El PSOE denunciar\u00e1 a Imbroda por sus declaraciones contra Gloria Rojas - Agrupaci\u00f3n Socialista de Melilla","og_description":"Las Consejer\u00edas que dirigieron est\u00e1n fuera de toda duda y el Gobierno Socialista fue el que impidi\u00f3 el intento de fraude electoral El PSOE de Melilla va a llevar al Presidente local y l\u00edder del PP, Juan Jos\u00e9 Imbroda, a los Juzgados por las declaraciones que ha realizado hoy contra la formaci\u00f3n socialista y la ...","og_url":"https:\/\/agrupacionespsoe.es\/melilla\/el-psoe-denunciara-a-imbroda-por-sus-declaraciones-contra-gloria-rojas\/","og_site_name":"Agrupaci\u00f3n Socialista de Melilla","article_published_time":"2024-03-05T13:56:38+00:00","article_modified_time":"2024-03-05T13:56:39+00:00","og_image":[{"width":4400,"height":2158,"url":"https:\/\/agrupacionespsoe.es\/melilla\/wp-content\/uploads\/sites\/120\/2024\/03\/melilla_borde-blanco-horizontal-relleno-rojo.png","type":"image\/png"}],"author":"melilla2","twitter_card":"summary_large_image","twitter_misc":{"Escrito por":"melilla2","Tiempo de lectura":"2 minutos"},"schema":{"@context":"https:\/\/schema.org","@graph":[{"@type":"Article","@id":"https:\/\/agrupacionespsoe.es\/melilla\/el-psoe-denunciara-a-imbroda-por-sus-declaraciones-contra-gloria-rojas\/#article","isPartOf":{"@id":"https:\/\/agrupacionespsoe.es\/melilla\/el-psoe-denunciara-a-imbroda-por-sus-declaraciones-contra-gloria-rojas\/"},"author":{"name":"melilla2","@id":"https:\/\/agrupacionespsoe.es\/melilla\/#\/schema\/person\/72bb3075a827d0ed0623682b96c92bd6"},"headline":"El PSOE denunciar\u00e1 a Imbroda por sus declaraciones contra Gloria Rojas","datePublished":"2024-03-05T13:56:38+00:00","dateModified":"2024-03-05T13:56:39+00:00","mainEntityOfPage":{"@id":"https:\/\/agrupacionespsoe.es\/melilla\/el-psoe-denunciara-a-imbroda-por-sus-declaraciones-contra-gloria-rojas\/"},"wordCount":297,"commentCount":0,"publisher":{"@id":"https:\/\/agrupacionespsoe.es\/melilla\/#organization"},"image":{"@id":"https:\/\/agrupacionespsoe.es\/melilla\/el-psoe-denunciara-a-imbroda-por-sus-declaraciones-contra-gloria-rojas\/#primaryimage"},"thumbnailUrl":"https:\/\/agrupacionespsoe.es\/melilla\/wp-content\/uploads\/sites\/120\/2024\/03\/melilla_borde-blanco-horizontal-relleno-rojo.png","inLanguage":"es","potentialAction":[{"@type":"CommentAction","name":"Comment","target":["https:\/\/agrupacionespsoe.es\/melilla\/el-psoe-denunciara-a-imbroda-por-sus-declaraciones-contra-gloria-rojas\/#respond"]}]},{"@type":"WebPage","@id":"https:\/\/agrupacionespsoe.es\/melilla\/el-psoe-denunciara-a-imbroda-por-sus-declaraciones-contra-gloria-rojas\/","url":"https:\/\/agrupacionespsoe.es\/melilla\/el-psoe-denunciara-a-imbroda-por-sus-declaraciones-contra-gloria-rojas\/","name":"El PSOE denunciar\u00e1 a Imbroda por sus declaraciones contra Gloria Rojas - Agrupaci\u00f3n Socialista de Melilla","isPartOf":{"@id":"https:\/\/agrupacionespsoe.es\/melilla\/#website"},"primaryImageOfPage":{"@id":"https:\/\/agrupacionespsoe.es\/melilla\/el-psoe-denunciara-a-imbroda-por-sus-declaraciones-contra-gloria-rojas\/#primaryimage"},"image":{"@id":"https:\/\/agrupacionespsoe.es\/melilla\/el-psoe-denunciara-a-imbroda-por-sus-declaraciones-contra-gloria-rojas\/#primaryimage"},"thumbnailUrl":"https:\/\/agrupacionespsoe.es\/melilla\/wp-content\/uploads\/sites\/120\/2024\/03\/melilla_borde-blanco-horizontal-relleno-rojo.png","datePublished":"2024-03-05T13:56:38+00:00","dateModified":"2024-03-05T13:56:39+00:00","breadcrumb":{"@id":"https:\/\/agrupacionespsoe.es\/melilla\/el-psoe-denunciara-a-imbroda-por-sus-declaraciones-contra-gloria-rojas\/#breadcrumb"},"inLanguage":"es","potentialAction":[{"@type":"ReadAction","target":["https:\/\/agrupacionespsoe.es\/melilla\/el-psoe-denunciara-a-imbroda-por-sus-declaraciones-contra-gloria-rojas\/"]}]},{"@type":"ImageObject","inLanguage":"es","@id":"https:\/\/agrupacionespsoe.es\/melilla\/el-psoe-denunciara-a-imbroda-por-sus-declaraciones-contra-gloria-rojas\/#primaryimage","url":"https:\/\/agrupacionespsoe.es\/melilla\/wp-content\/uploads\/sites\/120\/2024\/03\/melilla_borde-blanco-horizontal-relleno-rojo.png","contentUrl":"https:\/\/agrupacionespsoe.es\/melilla\/wp-content\/uploads\/sites\/120\/2024\/03\/melilla_borde-blanco-horizontal-relleno-rojo.png","width":4400,"height":2158},{"@type":"BreadcrumbList","@id":"https:\/\/agrupacionespsoe.es\/melilla\/el-psoe-denunciara-a-imbroda-por-sus-declaraciones-contra-gloria-rojas\/#breadcrumb","itemListElement":[{"@type":"ListItem","position":1,"name":"Portada","item":"https:\/\/agrupacionespsoe.es\/melilla\/"},{"@type":"ListItem","position":2,"name":"El PSOE denunciar\u00e1 a Imbroda por sus declaraciones contra Gloria Rojas"}]},{"@type":"WebSite","@id":"https:\/\/agrupacionespsoe.es\/melilla\/#website","url":"https:\/\/agrupacionespsoe.es\/melilla\/","name":"Agrupaci\u00f3n Socialista de Melilla","description":"Agrupaci\u00f3n Socialista de Melilla","publisher":{"@id":"https:\/\/agrupacionespsoe.es\/melilla\/#organization"},"potentialAction":[{"@type":"SearchAction","target":{"@type":"EntryPoint","urlTemplate":"https:\/\/agrupacionespsoe.es\/melilla\/?s={search_term_string}"},"query-input":{"@type":"PropertyValueSpecification","valueRequired":true,"valueName":"search_term_string"}}],"inLanguage":"es"},{"@type":"Organization","@id":"https:\/\/agrupacionespsoe.es\/melilla\/#organization","name":"Agrupaci\u00f3n Socialista de Melilla","url":"https:\/\/agrupacionespsoe.es\/melilla\/","logo":{"@type":"ImageObject","inLanguage":"es","@id":"https:\/\/agrupacionespsoe.es\/melilla\/#\/schema\/logo\/image\/","url":"https:\/\/agrupacionespsoe.es\/wp-content\/uploads\/2022\/07\/Logotipo_electoral_del_PSOE.png","contentUrl":"https:\/\/agrupacionespsoe.es\/wp-content\/uploads\/2022\/07\/Logotipo_electoral_del_PSOE.png","width":422,"height":422,"caption":"Agrupaci\u00f3n Socialista de Melilla"},"image":{"@id":"https:\/\/agrupacionespsoe.es\/melilla\/#\/schema\/logo\/image\/"}},{"@type":"Person","@id":"https:\/\/agrupacionespsoe.es\/melilla\/#\/schema\/person\/72bb3075a827d0ed0623682b96c92bd6","name":"melilla2","image":{"@type":"ImageObject","inLanguage":"es","@id":"https:\/\/agrupacionespsoe.es\/melilla\/#\/schema\/person\/image\/","url":"https:\/\/secure.gravatar.com\/avatar\/489a178e794e59f00db13a448aabca16?s=96&d=mm&r=g","contentUrl":"https:\/\/secure.gravatar.com\/avatar\/489a178e794e59f00db13a448aabca16?s=96&d=mm&r=g","caption":"melilla2"},"url":"https:\/\/agrupacionespsoe.es\/melilla\/author\/melilla2\/"}]}},"jetpack_featured_media_url":"https:\/\/agrupacionespsoe.es\/melilla\/wp-content\/uploads\/sites\/120\/2024\/03\/melilla_borde-blanco-horizontal-relleno-rojo.png","jetpack_sharing_enabled":true,"_links":{"self":[{"href":"https:\/\/agrupacionespsoe.es\/melilla\/wp-json\/wp\/v2\/posts\/698","targetHints":{"allow":["GET"]}}],"collection":[{"href":"https:\/\/agrupacionespsoe.es\/melilla\/wp-json\/wp\/v2\/posts"}],"about":[{"href":"https:\/\/agrupacionespsoe.es\/melilla\/wp-json\/wp\/v2\/types\/post"}],"author":[{"embeddable":true,"href":"https:\/\/agrupacionespsoe.es\/melilla\/wp-json\/wp\/v2\/users\/187"}],"replies":[{"embeddable":true,"href":"https:\/\/agrupacionespsoe.es\/melilla\/wp-json\/wp\/v2\/comments?post=698"}],"version-history":[{"count":1,"href":"https:\/\/agrupacionespsoe.es\/melilla\/wp-json\/wp\/v2\/posts\/698\/revisions"}],"predecessor-version":[{"id":700,"href":"https:\/\/agrupacionespsoe.es\/melilla\/wp-json\/wp\/v2\/posts\/698\/revisions\/700"}],"wp:featuredmedia":[{"embeddable":true,"href":"https:\/\/agrupacionespsoe.es\/melilla\/wp-json\/wp\/v2\/media\/699"}],"wp:attachment":[{"href":"https:\/\/agrupacionespsoe.es\/melilla\/wp-json\/wp\/v2\/media?parent=698"}],"wp:term":[{"taxonomy":"category","embeddable":true,"href":"https:\/\/agrupacionespsoe.es\/melilla\/wp-json\/wp\/v2\/categories?post=698"},{"taxonomy":"post_tag","embeddable":true,"href":"https:\/\/agrupacionespsoe.es\/melilla\/wp-json\/wp\/v2\/tags?post=698"}],"curies":[{"name":"wp","href":"https:\/\/api.w.org\/{rel}","templated":true}]}}