{"id":669,"date":"2024-02-26T10:03:08","date_gmt":"2024-02-26T10:03:08","guid":{"rendered":"https:\/\/agrupacionespsoe.es\/melilla\/?p=669"},"modified":"2024-03-04T10:51:05","modified_gmt":"2024-03-04T10:51:05","slug":"el-proceso-de-primarias-cumple-escrupulosamente-con-la-normativa-del-psoe","status":"publish","type":"post","link":"https:\/\/agrupacionespsoe.es\/melilla\/el-proceso-de-primarias-cumple-escrupulosamente-con-la-normativa-del-psoe\/","title":{"rendered":"El proceso de primarias cumple escrupulosamente con la normativa del PSOE"},"content":{"rendered":"\n<p>La Comisi\u00f3n Ejecutiva Regional (CER) ha querido aclarar que todo el proceso de primarias que ha convocado el Partido Socialista de Melilla cumple escrupulosamente con la normativa de la formaci\u00f3n local y Federal<\/p>\n\n\n\n<figure class=\"wp-block-image size-large\"><img loading=\"lazy\" decoding=\"async\" width=\"1024\" height=\"683\" src=\"https:\/\/agrupacionespsoe.es\/melilla\/wp-content\/uploads\/sites\/120\/2024\/02\/SEDE-1-1024x683.jpg\" alt=\"\" class=\"wp-image-670\" srcset=\"https:\/\/agrupacionespsoe.es\/melilla\/wp-content\/uploads\/sites\/120\/2024\/02\/SEDE-1-1024x683.jpg 1024w, https:\/\/agrupacionespsoe.es\/melilla\/wp-content\/uploads\/sites\/120\/2024\/02\/SEDE-1-300x200.jpg 300w, https:\/\/agrupacionespsoe.es\/melilla\/wp-content\/uploads\/sites\/120\/2024\/02\/SEDE-1-768x512.jpg 768w, https:\/\/agrupacionespsoe.es\/melilla\/wp-content\/uploads\/sites\/120\/2024\/02\/SEDE-1-1536x1024.jpg 1536w, https:\/\/agrupacionespsoe.es\/melilla\/wp-content\/uploads\/sites\/120\/2024\/02\/SEDE-1-2048x1365.jpg 2048w\" sizes=\"auto, (max-width: 1024px) 100vw, 1024px\" \/><\/figure>\n\n\n\n<p>En primer lugar, recordar que, una vez que la Secretaria General, Gloria Rojas, traslada su deseo de abandonar la primera l\u00ednea pol\u00edtica, la Comisi\u00f3n Ejecutiva Regional toma la decisi\u00f3n de convocar un Congreso Extraordinario, potestad que recogen los Estatutos Regionales, en su art\u00edculo 26.j.<\/p>\n\n\n\n<p>Tal y como recogen las bases de la convocatoria, existe un Comit\u00e9 Organizador (compuesto por una Coordinadora General, Vicecoordinadora y tres vocales) que es el encargado de promulgar instrucciones, certificados y resoluciones necesarias para el correcto desarrollo del proceso congresual.<\/p>\n\n\n\n<p>La Secretar\u00eda de Organizaci\u00f3n ostenta la Coordinaci\u00f3n General en cada uno de los procesos. Tambi\u00e9n hay que recordar que, cuando se convoca la Comisi\u00f3n, la Secretaria de Organizaci\u00f3n no hab\u00eda presentado su precandidatura.<\/p>\n\n\n\n<p>Una vez presenta dicha precandidatura, y a\u00fan no extiendo ning\u00fan tipo de incompatibilidad, Sabrina Moh ha manifestado ante la Comisi\u00f3n de Primarias (\u00f3rgano del que forman parte los representantes de ambos precandidatos) que se abstendr\u00e1 en todo aquello que est\u00e9 relacionado con las precandidaturas y posibles candidaturas -ya sea distribuci\u00f3n de espacios, organizaci\u00f3n de debates\u2026- quedando todo esto en manos de esta comisi\u00f3n.<\/p>\n\n\n\n<p>En todo caso, recalcar que no hay nada en lo que ning\u00fan miembro pueda influir puesto que es un proceso completamente regulado por los Estatutos Regionales y Federales y cuyo cumplimento depende de una Comisi\u00f3n en la que los representantes de ambas candidaturas y la Comisi\u00f3n de \u00c9tica est\u00e1n presentes para garantizar en todo momento un proceso transparente y objetivo.<\/p>\n\n\n\n<p>No obstante, la Comisi\u00f3n Ejecutiva Regional recuerda que los \u00f3rganos superiores est\u00e1n para dirimir cualquier cuesti\u00f3n de inter\u00e9s.<\/p>\n","protected":false},"excerpt":{"rendered":"<p>La Comisi\u00f3n Ejecutiva Regional (CER) ha querido aclarar que todo el proceso de primarias que ha convocado el Partido Socialista de Melilla cumple escrupulosamente con la normativa de la formaci\u00f3n local y Federal En primer lugar, recordar que, una vez que la Secretaria General, Gloria Rojas, traslada su deseo de abandonar la primera l\u00ednea pol\u00edtica, &#8230;<\/p>\n","protected":false},"author":187,"featured_media":670,"comment_status":"open","ping_status":"open","sticky":false,"template":"","format":"standard","meta":{"_jetpack_memberships_contains_paid_content":false,"footnotes":""},"categories":[1],"tags":[],"class_list":["post-669","post","type-post","status-publish","format-standard","has-post-thumbnail","hentry","category-sin-categoria"],"yoast_head":"<!-- This site is optimized with the Yoast SEO plugin v24.0 - https:\/\/yoast.com\/wordpress\/plugins\/seo\/ -->\n<title>El proceso de primarias cumple escrupulosamente con la normativa del PSOE - Agrupaci\u00f3n Socialista de Melilla<\/title>\n<meta name=\"robots\" content=\"index, follow, max-snippet:-1, max-image-preview:large, max-video-preview:-1\" \/>\n<link rel=\"canonical\" href=\"https:\/\/agrupacionespsoe.es\/melilla\/el-proceso-de-primarias-cumple-escrupulosamente-con-la-normativa-del-psoe\/\" \/>\n<meta property=\"og:locale\" content=\"es_ES\" \/>\n<meta property=\"og:type\" content=\"article\" \/>\n<meta property=\"og:title\" content=\"El proceso de primarias cumple escrupulosamente con la normativa del PSOE - Agrupaci\u00f3n Socialista de Melilla\" \/>\n<meta property=\"og:description\" content=\"La Comisi\u00f3n Ejecutiva Regional (CER) ha querido aclarar que todo el proceso de primarias que ha convocado el Partido Socialista de Melilla cumple escrupulosamente con la normativa de la formaci\u00f3n local y Federal En primer lugar, recordar que, una vez que la Secretaria General, Gloria Rojas, traslada su deseo de abandonar la primera l\u00ednea pol\u00edtica, ...\" \/>\n<meta property=\"og:url\" content=\"https:\/\/agrupacionespsoe.es\/melilla\/el-proceso-de-primarias-cumple-escrupulosamente-con-la-normativa-del-psoe\/\" \/>\n<meta property=\"og:site_name\" content=\"Agrupaci\u00f3n Socialista de Melilla\" \/>\n<meta property=\"article:published_time\" content=\"2024-02-26T10:03:08+00:00\" \/>\n<meta property=\"article:modified_time\" content=\"2024-03-04T10:51:05+00:00\" \/>\n<meta property=\"og:image\" content=\"https:\/\/agrupacionespsoe.es\/melilla\/wp-content\/uploads\/sites\/120\/2024\/02\/SEDE-1-scaled.jpg\" \/>\n\t<meta property=\"og:image:width\" content=\"2560\" \/>\n\t<meta property=\"og:image:height\" content=\"1707\" \/>\n\t<meta property=\"og:image:type\" content=\"image\/jpeg\" \/>\n<meta name=\"author\" content=\"melilla2\" \/>\n<meta name=\"twitter:card\" content=\"summary_large_image\" \/>\n<meta name=\"twitter:label1\" content=\"Escrito por\" \/>\n\t<meta name=\"twitter:data1\" content=\"melilla2\" \/>\n\t<meta name=\"twitter:label2\" content=\"Tiempo de lectura\" \/>\n\t<meta name=\"twitter:data2\" content=\"2 minutos\" \/>\n<script type=\"application\/ld+json\" class=\"yoast-schema-graph\">{\"@context\":\"https:\/\/schema.org\",\"@graph\":[{\"@type\":\"Article\",\"@id\":\"https:\/\/agrupacionespsoe.es\/melilla\/el-proceso-de-primarias-cumple-escrupulosamente-con-la-normativa-del-psoe\/#article\",\"isPartOf\":{\"@id\":\"https:\/\/agrupacionespsoe.es\/melilla\/el-proceso-de-primarias-cumple-escrupulosamente-con-la-normativa-del-psoe\/\"},\"author\":{\"name\":\"melilla2\",\"@id\":\"https:\/\/agrupacionespsoe.es\/melilla\/#\/schema\/person\/72bb3075a827d0ed0623682b96c92bd6\"},\"headline\":\"El proceso de primarias cumple escrupulosamente con la normativa del PSOE\",\"datePublished\":\"2024-02-26T10:03:08+00:00\",\"dateModified\":\"2024-03-04T10:51:05+00:00\",\"mainEntityOfPage\":{\"@id\":\"https:\/\/agrupacionespsoe.es\/melilla\/el-proceso-de-primarias-cumple-escrupulosamente-con-la-normativa-del-psoe\/\"},\"wordCount\":331,\"commentCount\":0,\"publisher\":{\"@id\":\"https:\/\/agrupacionespsoe.es\/melilla\/#organization\"},\"image\":{\"@id\":\"https:\/\/agrupacionespsoe.es\/melilla\/el-proceso-de-primarias-cumple-escrupulosamente-con-la-normativa-del-psoe\/#primaryimage\"},\"thumbnailUrl\":\"https:\/\/agrupacionespsoe.es\/melilla\/wp-content\/uploads\/sites\/120\/2024\/02\/SEDE-1-scaled.jpg\",\"inLanguage\":\"es\",\"potentialAction\":[{\"@type\":\"CommentAction\",\"name\":\"Comment\",\"target\":[\"https:\/\/agrupacionespsoe.es\/melilla\/el-proceso-de-primarias-cumple-escrupulosamente-con-la-normativa-del-psoe\/#respond\"]}]},{\"@type\":\"WebPage\",\"@id\":\"https:\/\/agrupacionespsoe.es\/melilla\/el-proceso-de-primarias-cumple-escrupulosamente-con-la-normativa-del-psoe\/\",\"url\":\"https:\/\/agrupacionespsoe.es\/melilla\/el-proceso-de-primarias-cumple-escrupulosamente-con-la-normativa-del-psoe\/\",\"name\":\"El proceso de primarias cumple escrupulosamente con la normativa del PSOE - Agrupaci\u00f3n Socialista de Melilla\",\"isPartOf\":{\"@id\":\"https:\/\/agrupacionespsoe.es\/melilla\/#website\"},\"primaryImageOfPage\":{\"@id\":\"https:\/\/agrupacionespsoe.es\/melilla\/el-proceso-de-primarias-cumple-escrupulosamente-con-la-normativa-del-psoe\/#primaryimage\"},\"image\":{\"@id\":\"https:\/\/agrupacionespsoe.es\/melilla\/el-proceso-de-primarias-cumple-escrupulosamente-con-la-normativa-del-psoe\/#primaryimage\"},\"thumbnailUrl\":\"https:\/\/agrupacionespsoe.es\/melilla\/wp-content\/uploads\/sites\/120\/2024\/02\/SEDE-1-scaled.jpg\",\"datePublished\":\"2024-02-26T10:03:08+00:00\",\"dateModified\":\"2024-03-04T10:51:05+00:00\",\"breadcrumb\":{\"@id\":\"https:\/\/agrupacionespsoe.es\/melilla\/el-proceso-de-primarias-cumple-escrupulosamente-con-la-normativa-del-psoe\/#breadcrumb\"},\"inLanguage\":\"es\",\"potentialAction\":[{\"@type\":\"ReadAction\",\"target\":[\"https:\/\/agrupacionespsoe.es\/melilla\/el-proceso-de-primarias-cumple-escrupulosamente-con-la-normativa-del-psoe\/\"]}]},{\"@type\":\"ImageObject\",\"inLanguage\":\"es\",\"@id\":\"https:\/\/agrupacionespsoe.es\/melilla\/el-proceso-de-primarias-cumple-escrupulosamente-con-la-normativa-del-psoe\/#primaryimage\",\"url\":\"https:\/\/agrupacionespsoe.es\/melilla\/wp-content\/uploads\/sites\/120\/2024\/02\/SEDE-1-scaled.jpg\",\"contentUrl\":\"https:\/\/agrupacionespsoe.es\/melilla\/wp-content\/uploads\/sites\/120\/2024\/02\/SEDE-1-scaled.jpg\",\"width\":2560,\"height\":1707},{\"@type\":\"BreadcrumbList\",\"@id\":\"https:\/\/agrupacionespsoe.es\/melilla\/el-proceso-de-primarias-cumple-escrupulosamente-con-la-normativa-del-psoe\/#breadcrumb\",\"itemListElement\":[{\"@type\":\"ListItem\",\"position\":1,\"name\":\"Portada\",\"item\":\"https:\/\/agrupacionespsoe.es\/melilla\/\"},{\"@type\":\"ListItem\",\"position\":2,\"name\":\"El proceso de primarias cumple escrupulosamente con la normativa del PSOE\"}]},{\"@type\":\"WebSite\",\"@id\":\"https:\/\/agrupacionespsoe.es\/melilla\/#website\",\"url\":\"https:\/\/agrupacionespsoe.es\/melilla\/\",\"name\":\"Agrupaci\u00f3n Socialista de Melilla\",\"description\":\"Agrupaci\u00f3n Socialista de Melilla\",\"publisher\":{\"@id\":\"https:\/\/agrupacionespsoe.es\/melilla\/#organization\"},\"potentialAction\":[{\"@type\":\"SearchAction\",\"target\":{\"@type\":\"EntryPoint\",\"urlTemplate\":\"https:\/\/agrupacionespsoe.es\/melilla\/?s={search_term_string}\"},\"query-input\":{\"@type\":\"PropertyValueSpecification\",\"valueRequired\":true,\"valueName\":\"search_term_string\"}}],\"inLanguage\":\"es\"},{\"@type\":\"Organization\",\"@id\":\"https:\/\/agrupacionespsoe.es\/melilla\/#organization\",\"name\":\"Agrupaci\u00f3n Socialista de Melilla\",\"url\":\"https:\/\/agrupacionespsoe.es\/melilla\/\",\"logo\":{\"@type\":\"ImageObject\",\"inLanguage\":\"es\",\"@id\":\"https:\/\/agrupacionespsoe.es\/melilla\/#\/schema\/logo\/image\/\",\"url\":\"https:\/\/agrupacionespsoe.es\/wp-content\/uploads\/2022\/07\/Logotipo_electoral_del_PSOE.png\",\"contentUrl\":\"https:\/\/agrupacionespsoe.es\/wp-content\/uploads\/2022\/07\/Logotipo_electoral_del_PSOE.png\",\"width\":422,\"height\":422,\"caption\":\"Agrupaci\u00f3n Socialista de Melilla\"},\"image\":{\"@id\":\"https:\/\/agrupacionespsoe.es\/melilla\/#\/schema\/logo\/image\/\"}},{\"@type\":\"Person\",\"@id\":\"https:\/\/agrupacionespsoe.es\/melilla\/#\/schema\/person\/72bb3075a827d0ed0623682b96c92bd6\",\"name\":\"melilla2\",\"image\":{\"@type\":\"ImageObject\",\"inLanguage\":\"es\",\"@id\":\"https:\/\/agrupacionespsoe.es\/melilla\/#\/schema\/person\/image\/\",\"url\":\"https:\/\/secure.gravatar.com\/avatar\/489a178e794e59f00db13a448aabca16?s=96&d=mm&r=g\",\"contentUrl\":\"https:\/\/secure.gravatar.com\/avatar\/489a178e794e59f00db13a448aabca16?s=96&d=mm&r=g\",\"caption\":\"melilla2\"},\"url\":\"https:\/\/agrupacionespsoe.es\/melilla\/author\/melilla2\/\"}]}<\/script>\n<!-- \/ Yoast SEO plugin. -->","yoast_head_json":{"title":"El proceso de primarias cumple escrupulosamente con la normativa del PSOE - Agrupaci\u00f3n Socialista de Melilla","robots":{"index":"index","follow":"follow","max-snippet":"max-snippet:-1","max-image-preview":"max-image-preview:large","max-video-preview":"max-video-preview:-1"},"canonical":"https:\/\/agrupacionespsoe.es\/melilla\/el-proceso-de-primarias-cumple-escrupulosamente-con-la-normativa-del-psoe\/","og_locale":"es_ES","og_type":"article","og_title":"El proceso de primarias cumple escrupulosamente con la normativa del PSOE - Agrupaci\u00f3n Socialista de Melilla","og_description":"La Comisi\u00f3n Ejecutiva Regional (CER) ha querido aclarar que todo el proceso de primarias que ha convocado el Partido Socialista de Melilla cumple escrupulosamente con la normativa de la formaci\u00f3n local y Federal En primer lugar, recordar que, una vez que la Secretaria General, Gloria Rojas, traslada su deseo de abandonar la primera l\u00ednea pol\u00edtica, ...","og_url":"https:\/\/agrupacionespsoe.es\/melilla\/el-proceso-de-primarias-cumple-escrupulosamente-con-la-normativa-del-psoe\/","og_site_name":"Agrupaci\u00f3n Socialista de Melilla","article_published_time":"2024-02-26T10:03:08+00:00","article_modified_time":"2024-03-04T10:51:05+00:00","og_image":[{"width":2560,"height":1707,"url":"https:\/\/agrupacionespsoe.es\/melilla\/wp-content\/uploads\/sites\/120\/2024\/02\/SEDE-1-scaled.jpg","type":"image\/jpeg"}],"author":"melilla2","twitter_card":"summary_large_image","twitter_misc":{"Escrito por":"melilla2","Tiempo de lectura":"2 minutos"},"schema":{"@context":"https:\/\/schema.org","@graph":[{"@type":"Article","@id":"https:\/\/agrupacionespsoe.es\/melilla\/el-proceso-de-primarias-cumple-escrupulosamente-con-la-normativa-del-psoe\/#article","isPartOf":{"@id":"https:\/\/agrupacionespsoe.es\/melilla\/el-proceso-de-primarias-cumple-escrupulosamente-con-la-normativa-del-psoe\/"},"author":{"name":"melilla2","@id":"https:\/\/agrupacionespsoe.es\/melilla\/#\/schema\/person\/72bb3075a827d0ed0623682b96c92bd6"},"headline":"El proceso de primarias cumple escrupulosamente con la normativa del PSOE","datePublished":"2024-02-26T10:03:08+00:00","dateModified":"2024-03-04T10:51:05+00:00","mainEntityOfPage":{"@id":"https:\/\/agrupacionespsoe.es\/melilla\/el-proceso-de-primarias-cumple-escrupulosamente-con-la-normativa-del-psoe\/"},"wordCount":331,"commentCount":0,"publisher":{"@id":"https:\/\/agrupacionespsoe.es\/melilla\/#organization"},"image":{"@id":"https:\/\/agrupacionespsoe.es\/melilla\/el-proceso-de-primarias-cumple-escrupulosamente-con-la-normativa-del-psoe\/#primaryimage"},"thumbnailUrl":"https:\/\/agrupacionespsoe.es\/melilla\/wp-content\/uploads\/sites\/120\/2024\/02\/SEDE-1-scaled.jpg","inLanguage":"es","potentialAction":[{"@type":"CommentAction","name":"Comment","target":["https:\/\/agrupacionespsoe.es\/melilla\/el-proceso-de-primarias-cumple-escrupulosamente-con-la-normativa-del-psoe\/#respond"]}]},{"@type":"WebPage","@id":"https:\/\/agrupacionespsoe.es\/melilla\/el-proceso-de-primarias-cumple-escrupulosamente-con-la-normativa-del-psoe\/","url":"https:\/\/agrupacionespsoe.es\/melilla\/el-proceso-de-primarias-cumple-escrupulosamente-con-la-normativa-del-psoe\/","name":"El proceso de primarias cumple escrupulosamente con la normativa del PSOE - Agrupaci\u00f3n Socialista de Melilla","isPartOf":{"@id":"https:\/\/agrupacionespsoe.es\/melilla\/#website"},"primaryImageOfPage":{"@id":"https:\/\/agrupacionespsoe.es\/melilla\/el-proceso-de-primarias-cumple-escrupulosamente-con-la-normativa-del-psoe\/#primaryimage"},"image":{"@id":"https:\/\/agrupacionespsoe.es\/melilla\/el-proceso-de-primarias-cumple-escrupulosamente-con-la-normativa-del-psoe\/#primaryimage"},"thumbnailUrl":"https:\/\/agrupacionespsoe.es\/melilla\/wp-content\/uploads\/sites\/120\/2024\/02\/SEDE-1-scaled.jpg","datePublished":"2024-02-26T10:03:08+00:00","dateModified":"2024-03-04T10:51:05+00:00","breadcrumb":{"@id":"https:\/\/agrupacionespsoe.es\/melilla\/el-proceso-de-primarias-cumple-escrupulosamente-con-la-normativa-del-psoe\/#breadcrumb"},"inLanguage":"es","potentialAction":[{"@type":"ReadAction","target":["https:\/\/agrupacionespsoe.es\/melilla\/el-proceso-de-primarias-cumple-escrupulosamente-con-la-normativa-del-psoe\/"]}]},{"@type":"ImageObject","inLanguage":"es","@id":"https:\/\/agrupacionespsoe.es\/melilla\/el-proceso-de-primarias-cumple-escrupulosamente-con-la-normativa-del-psoe\/#primaryimage","url":"https:\/\/agrupacionespsoe.es\/melilla\/wp-content\/uploads\/sites\/120\/2024\/02\/SEDE-1-scaled.jpg","contentUrl":"https:\/\/agrupacionespsoe.es\/melilla\/wp-content\/uploads\/sites\/120\/2024\/02\/SEDE-1-scaled.jpg","width":2560,"height":1707},{"@type":"BreadcrumbList","@id":"https:\/\/agrupacionespsoe.es\/melilla\/el-proceso-de-primarias-cumple-escrupulosamente-con-la-normativa-del-psoe\/#breadcrumb","itemListElement":[{"@type":"ListItem","position":1,"name":"Portada","item":"https:\/\/agrupacionespsoe.es\/melilla\/"},{"@type":"ListItem","position":2,"name":"El proceso de primarias cumple escrupulosamente con la normativa del PSOE"}]},{"@type":"WebSite","@id":"https:\/\/agrupacionespsoe.es\/melilla\/#website","url":"https:\/\/agrupacionespsoe.es\/melilla\/","name":"Agrupaci\u00f3n Socialista de Melilla","description":"Agrupaci\u00f3n Socialista de Melilla","publisher":{"@id":"https:\/\/agrupacionespsoe.es\/melilla\/#organization"},"potentialAction":[{"@type":"SearchAction","target":{"@type":"EntryPoint","urlTemplate":"https:\/\/agrupacionespsoe.es\/melilla\/?s={search_term_string}"},"query-input":{"@type":"PropertyValueSpecification","valueRequired":true,"valueName":"search_term_string"}}],"inLanguage":"es"},{"@type":"Organization","@id":"https:\/\/agrupacionespsoe.es\/melilla\/#organization","name":"Agrupaci\u00f3n Socialista de Melilla","url":"https:\/\/agrupacionespsoe.es\/melilla\/","logo":{"@type":"ImageObject","inLanguage":"es","@id":"https:\/\/agrupacionespsoe.es\/melilla\/#\/schema\/logo\/image\/","url":"https:\/\/agrupacionespsoe.es\/wp-content\/uploads\/2022\/07\/Logotipo_electoral_del_PSOE.png","contentUrl":"https:\/\/agrupacionespsoe.es\/wp-content\/uploads\/2022\/07\/Logotipo_electoral_del_PSOE.png","width":422,"height":422,"caption":"Agrupaci\u00f3n Socialista de Melilla"},"image":{"@id":"https:\/\/agrupacionespsoe.es\/melilla\/#\/schema\/logo\/image\/"}},{"@type":"Person","@id":"https:\/\/agrupacionespsoe.es\/melilla\/#\/schema\/person\/72bb3075a827d0ed0623682b96c92bd6","name":"melilla2","image":{"@type":"ImageObject","inLanguage":"es","@id":"https:\/\/agrupacionespsoe.es\/melilla\/#\/schema\/person\/image\/","url":"https:\/\/secure.gravatar.com\/avatar\/489a178e794e59f00db13a448aabca16?s=96&d=mm&r=g","contentUrl":"https:\/\/secure.gravatar.com\/avatar\/489a178e794e59f00db13a448aabca16?s=96&d=mm&r=g","caption":"melilla2"},"url":"https:\/\/agrupacionespsoe.es\/melilla\/author\/melilla2\/"}]}},"jetpack_featured_media_url":"https:\/\/agrupacionespsoe.es\/melilla\/wp-content\/uploads\/sites\/120\/2024\/02\/SEDE-1-scaled.jpg","jetpack_sharing_enabled":true,"_links":{"self":[{"href":"https:\/\/agrupacionespsoe.es\/melilla\/wp-json\/wp\/v2\/posts\/669","targetHints":{"allow":["GET"]}}],"collection":[{"href":"https:\/\/agrupacionespsoe.es\/melilla\/wp-json\/wp\/v2\/posts"}],"about":[{"href":"https:\/\/agrupacionespsoe.es\/melilla\/wp-json\/wp\/v2\/types\/post"}],"author":[{"embeddable":true,"href":"https:\/\/agrupacionespsoe.es\/melilla\/wp-json\/wp\/v2\/users\/187"}],"replies":[{"embeddable":true,"href":"https:\/\/agrupacionespsoe.es\/melilla\/wp-json\/wp\/v2\/comments?post=669"}],"version-history":[{"count":2,"href":"https:\/\/agrupacionespsoe.es\/melilla\/wp-json\/wp\/v2\/posts\/669\/revisions"}],"predecessor-version":[{"id":672,"href":"https:\/\/agrupacionespsoe.es\/melilla\/wp-json\/wp\/v2\/posts\/669\/revisions\/672"}],"wp:featuredmedia":[{"embeddable":true,"href":"https:\/\/agrupacionespsoe.es\/melilla\/wp-json\/wp\/v2\/media\/670"}],"wp:attachment":[{"href":"https:\/\/agrupacionespsoe.es\/melilla\/wp-json\/wp\/v2\/media?parent=669"}],"wp:term":[{"taxonomy":"category","embeddable":true,"href":"https:\/\/agrupacionespsoe.es\/melilla\/wp-json\/wp\/v2\/categories?post=669"},{"taxonomy":"post_tag","embeddable":true,"href":"https:\/\/agrupacionespsoe.es\/melilla\/wp-json\/wp\/v2\/tags?post=669"}],"curies":[{"name":"wp","href":"https:\/\/api.w.org\/{rel}","templated":true}]}}