{"id":654,"date":"2024-02-22T12:27:34","date_gmt":"2024-02-22T12:27:34","guid":{"rendered":"https:\/\/agrupacionespsoe.es\/melilla\/?p=654"},"modified":"2024-03-04T11:01:38","modified_gmt":"2024-03-04T11:01:38","slug":"rojas-pide-al-gobierno-que-aumente-las-ayudas-a-los-comerciantes-del-rastro-son-insuficientes","status":"publish","type":"post","link":"https:\/\/agrupacionespsoe.es\/melilla\/rojas-pide-al-gobierno-que-aumente-las-ayudas-a-los-comerciantes-del-rastro-son-insuficientes\/","title":{"rendered":"Rojas pide al Gobierno que aumente las\u00a0 ayudas a los comerciantes del Rastro: \u201cSon insuficientes\u201d"},"content":{"rendered":"\n<p><strong>\u201cLos empresarios han tasado en 3 millones de euros las p\u00e9rdidas por las obras y la Ciudad va a destinar 500.000 euros\u201d, lamenta<\/strong><\/p>\n\n\n\n<figure class=\"wp-block-image size-large\"><img loading=\"lazy\" decoding=\"async\" width=\"1024\" height=\"683\" src=\"https:\/\/agrupacionespsoe.es\/melilla\/wp-content\/uploads\/sites\/120\/2024\/02\/GRojas_22F-2-1024x683.jpg\" alt=\"\" class=\"wp-image-655\" srcset=\"https:\/\/agrupacionespsoe.es\/melilla\/wp-content\/uploads\/sites\/120\/2024\/02\/GRojas_22F-2-1024x683.jpg 1024w, https:\/\/agrupacionespsoe.es\/melilla\/wp-content\/uploads\/sites\/120\/2024\/02\/GRojas_22F-2-300x200.jpg 300w, https:\/\/agrupacionespsoe.es\/melilla\/wp-content\/uploads\/sites\/120\/2024\/02\/GRojas_22F-2-768x512.jpg 768w, https:\/\/agrupacionespsoe.es\/melilla\/wp-content\/uploads\/sites\/120\/2024\/02\/GRojas_22F-2-1536x1024.jpg 1536w, https:\/\/agrupacionespsoe.es\/melilla\/wp-content\/uploads\/sites\/120\/2024\/02\/GRojas_22F-2-2048x1365.jpg 2048w\" sizes=\"auto, (max-width: 1024px) 100vw, 1024px\" \/><\/figure>\n\n\n\n<p>\u201cHay que ser muy conscientes de la dif\u00edcil situaci\u00f3n que est\u00e1n pasando los comerciantes del Rastro y la ciudadan\u00eda tambi\u00e9n, porque todas las obras que est\u00e1n haciendo en el barrio realmente son una molestia para todos\u201d, tal y como ha se\u00f1alado la Secretaria General del PSOE de Melilla y Portavoz del Grupo Socialista, Gloria Rojas, en declaraciones a los medios de comunicaci\u00f3n.<\/p>\n\n\n\n<p>En la ma\u00f1ana de hoy se ha celebrado una sesi\u00f3n extraordinaria del Pleno de la Asamblea, donde finalmente se han aprobado los Presupuestos Generales de la Ciudad (PGCAM) de forma definitiva tras la desestimaci\u00f3n de las tres alegaciones presentadas. Precisamente Rojas ha defendido la alegaci\u00f3n presentada por la Asociaci\u00f3n CEPROMEL. \u201cNos parece insuficiente la cantidad de dinero que tienen destinados para compensar todas las p\u00e9rdidas de los comerciantes del Rastro. 500.000 euros es poco\u201d, ha se\u00f1alado m\u00e1xime cuando los empresarios han tasado las p\u00e9rdidas por las obras en 3 millones de euros.<\/p>\n\n\n\n<p>\u201cQueremos que aumenten esas ayudas que el Gobierno tiene presupuestado para compensar esas p\u00e9rdidas\u201d, ha insistido. \u201cLo que queremos de verdad es que terminen las obras ya y que en abril est\u00e9 terminada la primera fase\u201d, ha solicitado, esperando que se cumpla el plazo anunciado por el Consejero de Medio Ambiente.<\/p>\n\n\n\n<p>La Portavoz del Grupo Socialista ha preguntado al Ejecutivo local si se han reunido con los comerciantes del Rastro afectados por el retraso en las obras en Garc\u00eda Cabrelles. \u201cNosotros lo que le hemos pedido al Gobierno local es que se den prisa. Que se den prisa en las ayudas, que se den prisa en terminar las obras\u201d, ha subrayado.<\/p>\n\n\n\n<p>\u201cLes pedimos que escuchen, que los escuchen, que se sienten con ellos y que los escuchen de verdad. Por favor, ayuden a ese barrio, a todos los barrios de la ciudad, pero ahora mismo la situaci\u00f3n de los comerciantes del centro es realmente terrible\u201d, ha insistido.<\/p>\n\n\n\n<p><strong>Visita al barrio<\/strong><\/p>\n\n\n\n<p>Asimismo, la l\u00edder socialista ha agradecido la labor de CEPROMEL en el barrio y ha se\u00f1alado que durante la tarde de ayer pudieron constatar de primera mano la \u201cdif\u00edcil situaci\u00f3n\u201d que atraviesan los comerciantes y la ciudadan\u00eda de esta zona.<\/p>\n\n\n\n<p>En la tarde de ayer, miembros de la Ejecutiva de la formaci\u00f3n Socialista realizaron una visita al Rastro acompa\u00f1ados por los miembros de la Junta Directiva de CEPROMEL, donde pudieron constatar en primera persona la realidad y necesidades de los comerciantes de dicha zona.<\/p>\n\n\n\n<p>\u201cQuiero agradecer la enorme labor que est\u00e1n haciendo por este barrio y durante la visita que tuvimos ayer, barrio al que hemos visitado ya muchas veces, &nbsp;qued\u00f3 patente el agradecimiento de los comerciantes de ese barrio por esta asociaci\u00f3n que est\u00e1 haciendo que se oiga la voz de los perjudicados\u201d, ha subrayado.<\/p>\n\n\n\n<figure class=\"wp-block-gallery has-nested-images columns-default is-cropped wp-block-gallery-1 is-layout-flex wp-block-gallery-is-layout-flex\">\n<figure class=\"wp-block-image size-large\"><img loading=\"lazy\" decoding=\"async\" width=\"1024\" height=\"683\" data-id=\"656\" src=\"https:\/\/agrupacionespsoe.es\/melilla\/wp-content\/uploads\/sites\/120\/2024\/02\/P1722759-1024x683.jpg\" alt=\"\" class=\"wp-image-656\" srcset=\"https:\/\/agrupacionespsoe.es\/melilla\/wp-content\/uploads\/sites\/120\/2024\/02\/P1722759-1024x683.jpg 1024w, https:\/\/agrupacionespsoe.es\/melilla\/wp-content\/uploads\/sites\/120\/2024\/02\/P1722759-300x200.jpg 300w, https:\/\/agrupacionespsoe.es\/melilla\/wp-content\/uploads\/sites\/120\/2024\/02\/P1722759-768x512.jpg 768w, https:\/\/agrupacionespsoe.es\/melilla\/wp-content\/uploads\/sites\/120\/2024\/02\/P1722759-1536x1024.jpg 1536w, https:\/\/agrupacionespsoe.es\/melilla\/wp-content\/uploads\/sites\/120\/2024\/02\/P1722759-2048x1365.jpg 2048w\" sizes=\"auto, (max-width: 1024px) 100vw, 1024px\" \/><\/figure>\n\n\n\n<figure class=\"wp-block-image size-large\"><img loading=\"lazy\" decoding=\"async\" width=\"1024\" height=\"683\" data-id=\"657\" src=\"https:\/\/agrupacionespsoe.es\/melilla\/wp-content\/uploads\/sites\/120\/2024\/02\/P1722793-1024x683.jpg\" alt=\"\" class=\"wp-image-657\" srcset=\"https:\/\/agrupacionespsoe.es\/melilla\/wp-content\/uploads\/sites\/120\/2024\/02\/P1722793-1024x683.jpg 1024w, https:\/\/agrupacionespsoe.es\/melilla\/wp-content\/uploads\/sites\/120\/2024\/02\/P1722793-300x200.jpg 300w, https:\/\/agrupacionespsoe.es\/melilla\/wp-content\/uploads\/sites\/120\/2024\/02\/P1722793-768x512.jpg 768w, https:\/\/agrupacionespsoe.es\/melilla\/wp-content\/uploads\/sites\/120\/2024\/02\/P1722793-1536x1024.jpg 1536w, https:\/\/agrupacionespsoe.es\/melilla\/wp-content\/uploads\/sites\/120\/2024\/02\/P1722793-2048x1365.jpg 2048w\" sizes=\"auto, (max-width: 1024px) 100vw, 1024px\" \/><\/figure>\n\n\n\n<figure class=\"wp-block-image size-large\"><img loading=\"lazy\" decoding=\"async\" width=\"1024\" height=\"683\" data-id=\"658\" src=\"https:\/\/agrupacionespsoe.es\/melilla\/wp-content\/uploads\/sites\/120\/2024\/02\/P1733039-1024x683.jpg\" alt=\"\" class=\"wp-image-658\" srcset=\"https:\/\/agrupacionespsoe.es\/melilla\/wp-content\/uploads\/sites\/120\/2024\/02\/P1733039-1024x683.jpg 1024w, https:\/\/agrupacionespsoe.es\/melilla\/wp-content\/uploads\/sites\/120\/2024\/02\/P1733039-300x200.jpg 300w, https:\/\/agrupacionespsoe.es\/melilla\/wp-content\/uploads\/sites\/120\/2024\/02\/P1733039-768x512.jpg 768w, https:\/\/agrupacionespsoe.es\/melilla\/wp-content\/uploads\/sites\/120\/2024\/02\/P1733039-1536x1024.jpg 1536w, https:\/\/agrupacionespsoe.es\/melilla\/wp-content\/uploads\/sites\/120\/2024\/02\/P1733039-2048x1365.jpg 2048w\" sizes=\"auto, (max-width: 1024px) 100vw, 1024px\" \/><\/figure>\n\n\n\n<figure class=\"wp-block-image size-large\"><img loading=\"lazy\" decoding=\"async\" width=\"1024\" height=\"683\" data-id=\"659\" src=\"https:\/\/agrupacionespsoe.es\/melilla\/wp-content\/uploads\/sites\/120\/2024\/02\/P1733066-1024x683.jpg\" alt=\"\" class=\"wp-image-659\" srcset=\"https:\/\/agrupacionespsoe.es\/melilla\/wp-content\/uploads\/sites\/120\/2024\/02\/P1733066-1024x683.jpg 1024w, https:\/\/agrupacionespsoe.es\/melilla\/wp-content\/uploads\/sites\/120\/2024\/02\/P1733066-300x200.jpg 300w, https:\/\/agrupacionespsoe.es\/melilla\/wp-content\/uploads\/sites\/120\/2024\/02\/P1733066-768x512.jpg 768w, https:\/\/agrupacionespsoe.es\/melilla\/wp-content\/uploads\/sites\/120\/2024\/02\/P1733066-1536x1024.jpg 1536w, https:\/\/agrupacionespsoe.es\/melilla\/wp-content\/uploads\/sites\/120\/2024\/02\/P1733066-2048x1365.jpg 2048w\" sizes=\"auto, (max-width: 1024px) 100vw, 1024px\" \/><\/figure>\n\n\n\n<figure class=\"wp-block-image size-large\"><img loading=\"lazy\" decoding=\"async\" width=\"1024\" height=\"683\" data-id=\"660\" src=\"https:\/\/agrupacionespsoe.es\/melilla\/wp-content\/uploads\/sites\/120\/2024\/02\/P1733122-1024x683.jpg\" alt=\"\" class=\"wp-image-660\" srcset=\"https:\/\/agrupacionespsoe.es\/melilla\/wp-content\/uploads\/sites\/120\/2024\/02\/P1733122-1024x683.jpg 1024w, https:\/\/agrupacionespsoe.es\/melilla\/wp-content\/uploads\/sites\/120\/2024\/02\/P1733122-300x200.jpg 300w, https:\/\/agrupacionespsoe.es\/melilla\/wp-content\/uploads\/sites\/120\/2024\/02\/P1733122-768x512.jpg 768w, https:\/\/agrupacionespsoe.es\/melilla\/wp-content\/uploads\/sites\/120\/2024\/02\/P1733122-1536x1024.jpg 1536w, https:\/\/agrupacionespsoe.es\/melilla\/wp-content\/uploads\/sites\/120\/2024\/02\/P1733122-2048x1365.jpg 2048w\" sizes=\"auto, (max-width: 1024px) 100vw, 1024px\" \/><\/figure>\n\n\n\n<figure class=\"wp-block-image size-large\"><img loading=\"lazy\" decoding=\"async\" width=\"1024\" height=\"683\" data-id=\"662\" src=\"https:\/\/agrupacionespsoe.es\/melilla\/wp-content\/uploads\/sites\/120\/2024\/02\/P1733319-1024x683.jpg\" alt=\"\" class=\"wp-image-662\" srcset=\"https:\/\/agrupacionespsoe.es\/melilla\/wp-content\/uploads\/sites\/120\/2024\/02\/P1733319-1024x683.jpg 1024w, https:\/\/agrupacionespsoe.es\/melilla\/wp-content\/uploads\/sites\/120\/2024\/02\/P1733319-300x200.jpg 300w, https:\/\/agrupacionespsoe.es\/melilla\/wp-content\/uploads\/sites\/120\/2024\/02\/P1733319-768x512.jpg 768w, https:\/\/agrupacionespsoe.es\/melilla\/wp-content\/uploads\/sites\/120\/2024\/02\/P1733319-1536x1024.jpg 1536w, https:\/\/agrupacionespsoe.es\/melilla\/wp-content\/uploads\/sites\/120\/2024\/02\/P1733319-2048x1365.jpg 2048w\" sizes=\"auto, (max-width: 1024px) 100vw, 1024px\" \/><\/figure>\n\n\n\n<figure class=\"wp-block-image size-large\"><img loading=\"lazy\" decoding=\"async\" width=\"1024\" height=\"683\" data-id=\"661\" src=\"https:\/\/agrupacionespsoe.es\/melilla\/wp-content\/uploads\/sites\/120\/2024\/02\/P1733168-1024x683.jpg\" alt=\"\" class=\"wp-image-661\" srcset=\"https:\/\/agrupacionespsoe.es\/melilla\/wp-content\/uploads\/sites\/120\/2024\/02\/P1733168-1024x683.jpg 1024w, https:\/\/agrupacionespsoe.es\/melilla\/wp-content\/uploads\/sites\/120\/2024\/02\/P1733168-300x200.jpg 300w, https:\/\/agrupacionespsoe.es\/melilla\/wp-content\/uploads\/sites\/120\/2024\/02\/P1733168-768x512.jpg 768w, https:\/\/agrupacionespsoe.es\/melilla\/wp-content\/uploads\/sites\/120\/2024\/02\/P1733168-1536x1024.jpg 1536w, https:\/\/agrupacionespsoe.es\/melilla\/wp-content\/uploads\/sites\/120\/2024\/02\/P1733168-2048x1365.jpg 2048w\" sizes=\"auto, (max-width: 1024px) 100vw, 1024px\" \/><\/figure>\n<\/figure>\n","protected":false},"excerpt":{"rendered":"<p>\u201cLos empresarios han tasado en 3 millones de euros las p\u00e9rdidas por las obras y la Ciudad va a destinar 500.000 euros\u201d, lamenta \u201cHay que ser muy conscientes de la dif\u00edcil situaci\u00f3n que est\u00e1n pasando los comerciantes del Rastro y la ciudadan\u00eda tambi\u00e9n, porque todas las obras que est\u00e1n haciendo en el barrio realmente son &#8230;<\/p>\n","protected":false},"author":187,"featured_media":655,"comment_status":"open","ping_status":"open","sticky":false,"template":"","format":"standard","meta":{"_jetpack_memberships_contains_paid_content":false,"footnotes":""},"categories":[1],"tags":[],"class_list":["post-654","post","type-post","status-publish","format-standard","has-post-thumbnail","hentry","category-sin-categoria"],"yoast_head":"<!-- This site is optimized with the Yoast SEO plugin v24.0 - https:\/\/yoast.com\/wordpress\/plugins\/seo\/ -->\n<title>Rojas pide al Gobierno que aumente las\u00a0 ayudas a los comerciantes del Rastro: \u201cSon insuficientes\u201d - Agrupaci\u00f3n Socialista de Melilla<\/title>\n<meta name=\"robots\" content=\"index, follow, max-snippet:-1, max-image-preview:large, max-video-preview:-1\" \/>\n<link rel=\"canonical\" href=\"https:\/\/agrupacionespsoe.es\/melilla\/rojas-pide-al-gobierno-que-aumente-las-ayudas-a-los-comerciantes-del-rastro-son-insuficientes\/\" \/>\n<meta property=\"og:locale\" content=\"es_ES\" \/>\n<meta property=\"og:type\" content=\"article\" \/>\n<meta property=\"og:title\" content=\"Rojas pide al Gobierno que aumente las\u00a0 ayudas a los comerciantes del Rastro: \u201cSon insuficientes\u201d - Agrupaci\u00f3n Socialista de Melilla\" \/>\n<meta property=\"og:description\" content=\"\u201cLos empresarios han tasado en 3 millones de euros las p\u00e9rdidas por las obras y la Ciudad va a destinar 500.000 euros\u201d, lamenta \u201cHay que ser muy conscientes de la dif\u00edcil situaci\u00f3n que est\u00e1n pasando los comerciantes del Rastro y la ciudadan\u00eda tambi\u00e9n, porque todas las obras que est\u00e1n haciendo en el barrio realmente son ...\" \/>\n<meta property=\"og:url\" content=\"https:\/\/agrupacionespsoe.es\/melilla\/rojas-pide-al-gobierno-que-aumente-las-ayudas-a-los-comerciantes-del-rastro-son-insuficientes\/\" \/>\n<meta property=\"og:site_name\" content=\"Agrupaci\u00f3n Socialista de Melilla\" \/>\n<meta property=\"article:published_time\" content=\"2024-02-22T12:27:34+00:00\" \/>\n<meta property=\"article:modified_time\" content=\"2024-03-04T11:01:38+00:00\" \/>\n<meta property=\"og:image\" content=\"https:\/\/agrupacionespsoe.es\/melilla\/wp-content\/uploads\/sites\/120\/2024\/02\/GRojas_22F-2-scaled.jpg\" \/>\n\t<meta property=\"og:image:width\" content=\"2560\" \/>\n\t<meta property=\"og:image:height\" content=\"1707\" \/>\n\t<meta property=\"og:image:type\" content=\"image\/jpeg\" \/>\n<meta name=\"author\" content=\"melilla2\" \/>\n<meta name=\"twitter:card\" content=\"summary_large_image\" \/>\n<meta name=\"twitter:label1\" content=\"Escrito por\" \/>\n\t<meta name=\"twitter:data1\" content=\"melilla2\" \/>\n\t<meta name=\"twitter:label2\" content=\"Tiempo de lectura\" \/>\n\t<meta name=\"twitter:data2\" content=\"4 minutos\" \/>\n<script type=\"application\/ld+json\" class=\"yoast-schema-graph\">{\"@context\":\"https:\/\/schema.org\",\"@graph\":[{\"@type\":\"Article\",\"@id\":\"https:\/\/agrupacionespsoe.es\/melilla\/rojas-pide-al-gobierno-que-aumente-las-ayudas-a-los-comerciantes-del-rastro-son-insuficientes\/#article\",\"isPartOf\":{\"@id\":\"https:\/\/agrupacionespsoe.es\/melilla\/rojas-pide-al-gobierno-que-aumente-las-ayudas-a-los-comerciantes-del-rastro-son-insuficientes\/\"},\"author\":{\"name\":\"melilla2\",\"@id\":\"https:\/\/agrupacionespsoe.es\/melilla\/#\/schema\/person\/72bb3075a827d0ed0623682b96c92bd6\"},\"headline\":\"Rojas pide al Gobierno que aumente las\u00a0 ayudas a los comerciantes del Rastro: \u201cSon insuficientes\u201d\",\"datePublished\":\"2024-02-22T12:27:34+00:00\",\"dateModified\":\"2024-03-04T11:01:38+00:00\",\"mainEntityOfPage\":{\"@id\":\"https:\/\/agrupacionespsoe.es\/melilla\/rojas-pide-al-gobierno-que-aumente-las-ayudas-a-los-comerciantes-del-rastro-son-insuficientes\/\"},\"wordCount\":515,\"commentCount\":0,\"publisher\":{\"@id\":\"https:\/\/agrupacionespsoe.es\/melilla\/#organization\"},\"image\":{\"@id\":\"https:\/\/agrupacionespsoe.es\/melilla\/rojas-pide-al-gobierno-que-aumente-las-ayudas-a-los-comerciantes-del-rastro-son-insuficientes\/#primaryimage\"},\"thumbnailUrl\":\"https:\/\/agrupacionespsoe.es\/melilla\/wp-content\/uploads\/sites\/120\/2024\/02\/GRojas_22F-2-scaled.jpg\",\"inLanguage\":\"es\",\"potentialAction\":[{\"@type\":\"CommentAction\",\"name\":\"Comment\",\"target\":[\"https:\/\/agrupacionespsoe.es\/melilla\/rojas-pide-al-gobierno-que-aumente-las-ayudas-a-los-comerciantes-del-rastro-son-insuficientes\/#respond\"]}]},{\"@type\":\"WebPage\",\"@id\":\"https:\/\/agrupacionespsoe.es\/melilla\/rojas-pide-al-gobierno-que-aumente-las-ayudas-a-los-comerciantes-del-rastro-son-insuficientes\/\",\"url\":\"https:\/\/agrupacionespsoe.es\/melilla\/rojas-pide-al-gobierno-que-aumente-las-ayudas-a-los-comerciantes-del-rastro-son-insuficientes\/\",\"name\":\"Rojas pide al Gobierno que aumente las\u00a0 ayudas a los comerciantes del Rastro: \u201cSon insuficientes\u201d - Agrupaci\u00f3n Socialista de Melilla\",\"isPartOf\":{\"@id\":\"https:\/\/agrupacionespsoe.es\/melilla\/#website\"},\"primaryImageOfPage\":{\"@id\":\"https:\/\/agrupacionespsoe.es\/melilla\/rojas-pide-al-gobierno-que-aumente-las-ayudas-a-los-comerciantes-del-rastro-son-insuficientes\/#primaryimage\"},\"image\":{\"@id\":\"https:\/\/agrupacionespsoe.es\/melilla\/rojas-pide-al-gobierno-que-aumente-las-ayudas-a-los-comerciantes-del-rastro-son-insuficientes\/#primaryimage\"},\"thumbnailUrl\":\"https:\/\/agrupacionespsoe.es\/melilla\/wp-content\/uploads\/sites\/120\/2024\/02\/GRojas_22F-2-scaled.jpg\",\"datePublished\":\"2024-02-22T12:27:34+00:00\",\"dateModified\":\"2024-03-04T11:01:38+00:00\",\"breadcrumb\":{\"@id\":\"https:\/\/agrupacionespsoe.es\/melilla\/rojas-pide-al-gobierno-que-aumente-las-ayudas-a-los-comerciantes-del-rastro-son-insuficientes\/#breadcrumb\"},\"inLanguage\":\"es\",\"potentialAction\":[{\"@type\":\"ReadAction\",\"target\":[\"https:\/\/agrupacionespsoe.es\/melilla\/rojas-pide-al-gobierno-que-aumente-las-ayudas-a-los-comerciantes-del-rastro-son-insuficientes\/\"]}]},{\"@type\":\"ImageObject\",\"inLanguage\":\"es\",\"@id\":\"https:\/\/agrupacionespsoe.es\/melilla\/rojas-pide-al-gobierno-que-aumente-las-ayudas-a-los-comerciantes-del-rastro-son-insuficientes\/#primaryimage\",\"url\":\"https:\/\/agrupacionespsoe.es\/melilla\/wp-content\/uploads\/sites\/120\/2024\/02\/GRojas_22F-2-scaled.jpg\",\"contentUrl\":\"https:\/\/agrupacionespsoe.es\/melilla\/wp-content\/uploads\/sites\/120\/2024\/02\/GRojas_22F-2-scaled.jpg\",\"width\":2560,\"height\":1707},{\"@type\":\"BreadcrumbList\",\"@id\":\"https:\/\/agrupacionespsoe.es\/melilla\/rojas-pide-al-gobierno-que-aumente-las-ayudas-a-los-comerciantes-del-rastro-son-insuficientes\/#breadcrumb\",\"itemListElement\":[{\"@type\":\"ListItem\",\"position\":1,\"name\":\"Portada\",\"item\":\"https:\/\/agrupacionespsoe.es\/melilla\/\"},{\"@type\":\"ListItem\",\"position\":2,\"name\":\"Rojas pide al Gobierno que aumente las\u00a0 ayudas a los comerciantes del Rastro: \u201cSon insuficientes\u201d\"}]},{\"@type\":\"WebSite\",\"@id\":\"https:\/\/agrupacionespsoe.es\/melilla\/#website\",\"url\":\"https:\/\/agrupacionespsoe.es\/melilla\/\",\"name\":\"Agrupaci\u00f3n Socialista de Melilla\",\"description\":\"Agrupaci\u00f3n Socialista de Melilla\",\"publisher\":{\"@id\":\"https:\/\/agrupacionespsoe.es\/melilla\/#organization\"},\"potentialAction\":[{\"@type\":\"SearchAction\",\"target\":{\"@type\":\"EntryPoint\",\"urlTemplate\":\"https:\/\/agrupacionespsoe.es\/melilla\/?s={search_term_string}\"},\"query-input\":{\"@type\":\"PropertyValueSpecification\",\"valueRequired\":true,\"valueName\":\"search_term_string\"}}],\"inLanguage\":\"es\"},{\"@type\":\"Organization\",\"@id\":\"https:\/\/agrupacionespsoe.es\/melilla\/#organization\",\"name\":\"Agrupaci\u00f3n Socialista de Melilla\",\"url\":\"https:\/\/agrupacionespsoe.es\/melilla\/\",\"logo\":{\"@type\":\"ImageObject\",\"inLanguage\":\"es\",\"@id\":\"https:\/\/agrupacionespsoe.es\/melilla\/#\/schema\/logo\/image\/\",\"url\":\"https:\/\/agrupacionespsoe.es\/wp-content\/uploads\/2022\/07\/Logotipo_electoral_del_PSOE.png\",\"contentUrl\":\"https:\/\/agrupacionespsoe.es\/wp-content\/uploads\/2022\/07\/Logotipo_electoral_del_PSOE.png\",\"width\":422,\"height\":422,\"caption\":\"Agrupaci\u00f3n Socialista de Melilla\"},\"image\":{\"@id\":\"https:\/\/agrupacionespsoe.es\/melilla\/#\/schema\/logo\/image\/\"}},{\"@type\":\"Person\",\"@id\":\"https:\/\/agrupacionespsoe.es\/melilla\/#\/schema\/person\/72bb3075a827d0ed0623682b96c92bd6\",\"name\":\"melilla2\",\"image\":{\"@type\":\"ImageObject\",\"inLanguage\":\"es\",\"@id\":\"https:\/\/agrupacionespsoe.es\/melilla\/#\/schema\/person\/image\/\",\"url\":\"https:\/\/secure.gravatar.com\/avatar\/489a178e794e59f00db13a448aabca16?s=96&d=mm&r=g\",\"contentUrl\":\"https:\/\/secure.gravatar.com\/avatar\/489a178e794e59f00db13a448aabca16?s=96&d=mm&r=g\",\"caption\":\"melilla2\"},\"url\":\"https:\/\/agrupacionespsoe.es\/melilla\/author\/melilla2\/\"}]}<\/script>\n<!-- \/ Yoast SEO plugin. -->","yoast_head_json":{"title":"Rojas pide al Gobierno que aumente las\u00a0 ayudas a los comerciantes del Rastro: \u201cSon insuficientes\u201d - Agrupaci\u00f3n Socialista de Melilla","robots":{"index":"index","follow":"follow","max-snippet":"max-snippet:-1","max-image-preview":"max-image-preview:large","max-video-preview":"max-video-preview:-1"},"canonical":"https:\/\/agrupacionespsoe.es\/melilla\/rojas-pide-al-gobierno-que-aumente-las-ayudas-a-los-comerciantes-del-rastro-son-insuficientes\/","og_locale":"es_ES","og_type":"article","og_title":"Rojas pide al Gobierno que aumente las\u00a0 ayudas a los comerciantes del Rastro: \u201cSon insuficientes\u201d - Agrupaci\u00f3n Socialista de Melilla","og_description":"\u201cLos empresarios han tasado en 3 millones de euros las p\u00e9rdidas por las obras y la Ciudad va a destinar 500.000 euros\u201d, lamenta \u201cHay que ser muy conscientes de la dif\u00edcil situaci\u00f3n que est\u00e1n pasando los comerciantes del Rastro y la ciudadan\u00eda tambi\u00e9n, porque todas las obras que est\u00e1n haciendo en el barrio realmente son ...","og_url":"https:\/\/agrupacionespsoe.es\/melilla\/rojas-pide-al-gobierno-que-aumente-las-ayudas-a-los-comerciantes-del-rastro-son-insuficientes\/","og_site_name":"Agrupaci\u00f3n Socialista de Melilla","article_published_time":"2024-02-22T12:27:34+00:00","article_modified_time":"2024-03-04T11:01:38+00:00","og_image":[{"width":2560,"height":1707,"url":"https:\/\/agrupacionespsoe.es\/melilla\/wp-content\/uploads\/sites\/120\/2024\/02\/GRojas_22F-2-scaled.jpg","type":"image\/jpeg"}],"author":"melilla2","twitter_card":"summary_large_image","twitter_misc":{"Escrito por":"melilla2","Tiempo de lectura":"4 minutos"},"schema":{"@context":"https:\/\/schema.org","@graph":[{"@type":"Article","@id":"https:\/\/agrupacionespsoe.es\/melilla\/rojas-pide-al-gobierno-que-aumente-las-ayudas-a-los-comerciantes-del-rastro-son-insuficientes\/#article","isPartOf":{"@id":"https:\/\/agrupacionespsoe.es\/melilla\/rojas-pide-al-gobierno-que-aumente-las-ayudas-a-los-comerciantes-del-rastro-son-insuficientes\/"},"author":{"name":"melilla2","@id":"https:\/\/agrupacionespsoe.es\/melilla\/#\/schema\/person\/72bb3075a827d0ed0623682b96c92bd6"},"headline":"Rojas pide al Gobierno que aumente las\u00a0 ayudas a los comerciantes del Rastro: \u201cSon insuficientes\u201d","datePublished":"2024-02-22T12:27:34+00:00","dateModified":"2024-03-04T11:01:38+00:00","mainEntityOfPage":{"@id":"https:\/\/agrupacionespsoe.es\/melilla\/rojas-pide-al-gobierno-que-aumente-las-ayudas-a-los-comerciantes-del-rastro-son-insuficientes\/"},"wordCount":515,"commentCount":0,"publisher":{"@id":"https:\/\/agrupacionespsoe.es\/melilla\/#organization"},"image":{"@id":"https:\/\/agrupacionespsoe.es\/melilla\/rojas-pide-al-gobierno-que-aumente-las-ayudas-a-los-comerciantes-del-rastro-son-insuficientes\/#primaryimage"},"thumbnailUrl":"https:\/\/agrupacionespsoe.es\/melilla\/wp-content\/uploads\/sites\/120\/2024\/02\/GRojas_22F-2-scaled.jpg","inLanguage":"es","potentialAction":[{"@type":"CommentAction","name":"Comment","target":["https:\/\/agrupacionespsoe.es\/melilla\/rojas-pide-al-gobierno-que-aumente-las-ayudas-a-los-comerciantes-del-rastro-son-insuficientes\/#respond"]}]},{"@type":"WebPage","@id":"https:\/\/agrupacionespsoe.es\/melilla\/rojas-pide-al-gobierno-que-aumente-las-ayudas-a-los-comerciantes-del-rastro-son-insuficientes\/","url":"https:\/\/agrupacionespsoe.es\/melilla\/rojas-pide-al-gobierno-que-aumente-las-ayudas-a-los-comerciantes-del-rastro-son-insuficientes\/","name":"Rojas pide al Gobierno que aumente las\u00a0 ayudas a los comerciantes del Rastro: \u201cSon insuficientes\u201d - Agrupaci\u00f3n Socialista de Melilla","isPartOf":{"@id":"https:\/\/agrupacionespsoe.es\/melilla\/#website"},"primaryImageOfPage":{"@id":"https:\/\/agrupacionespsoe.es\/melilla\/rojas-pide-al-gobierno-que-aumente-las-ayudas-a-los-comerciantes-del-rastro-son-insuficientes\/#primaryimage"},"image":{"@id":"https:\/\/agrupacionespsoe.es\/melilla\/rojas-pide-al-gobierno-que-aumente-las-ayudas-a-los-comerciantes-del-rastro-son-insuficientes\/#primaryimage"},"thumbnailUrl":"https:\/\/agrupacionespsoe.es\/melilla\/wp-content\/uploads\/sites\/120\/2024\/02\/GRojas_22F-2-scaled.jpg","datePublished":"2024-02-22T12:27:34+00:00","dateModified":"2024-03-04T11:01:38+00:00","breadcrumb":{"@id":"https:\/\/agrupacionespsoe.es\/melilla\/rojas-pide-al-gobierno-que-aumente-las-ayudas-a-los-comerciantes-del-rastro-son-insuficientes\/#breadcrumb"},"inLanguage":"es","potentialAction":[{"@type":"ReadAction","target":["https:\/\/agrupacionespsoe.es\/melilla\/rojas-pide-al-gobierno-que-aumente-las-ayudas-a-los-comerciantes-del-rastro-son-insuficientes\/"]}]},{"@type":"ImageObject","inLanguage":"es","@id":"https:\/\/agrupacionespsoe.es\/melilla\/rojas-pide-al-gobierno-que-aumente-las-ayudas-a-los-comerciantes-del-rastro-son-insuficientes\/#primaryimage","url":"https:\/\/agrupacionespsoe.es\/melilla\/wp-content\/uploads\/sites\/120\/2024\/02\/GRojas_22F-2-scaled.jpg","contentUrl":"https:\/\/agrupacionespsoe.es\/melilla\/wp-content\/uploads\/sites\/120\/2024\/02\/GRojas_22F-2-scaled.jpg","width":2560,"height":1707},{"@type":"BreadcrumbList","@id":"https:\/\/agrupacionespsoe.es\/melilla\/rojas-pide-al-gobierno-que-aumente-las-ayudas-a-los-comerciantes-del-rastro-son-insuficientes\/#breadcrumb","itemListElement":[{"@type":"ListItem","position":1,"name":"Portada","item":"https:\/\/agrupacionespsoe.es\/melilla\/"},{"@type":"ListItem","position":2,"name":"Rojas pide al Gobierno que aumente las\u00a0 ayudas a los comerciantes del Rastro: \u201cSon insuficientes\u201d"}]},{"@type":"WebSite","@id":"https:\/\/agrupacionespsoe.es\/melilla\/#website","url":"https:\/\/agrupacionespsoe.es\/melilla\/","name":"Agrupaci\u00f3n Socialista de Melilla","description":"Agrupaci\u00f3n Socialista de Melilla","publisher":{"@id":"https:\/\/agrupacionespsoe.es\/melilla\/#organization"},"potentialAction":[{"@type":"SearchAction","target":{"@type":"EntryPoint","urlTemplate":"https:\/\/agrupacionespsoe.es\/melilla\/?s={search_term_string}"},"query-input":{"@type":"PropertyValueSpecification","valueRequired":true,"valueName":"search_term_string"}}],"inLanguage":"es"},{"@type":"Organization","@id":"https:\/\/agrupacionespsoe.es\/melilla\/#organization","name":"Agrupaci\u00f3n Socialista de Melilla","url":"https:\/\/agrupacionespsoe.es\/melilla\/","logo":{"@type":"ImageObject","inLanguage":"es","@id":"https:\/\/agrupacionespsoe.es\/melilla\/#\/schema\/logo\/image\/","url":"https:\/\/agrupacionespsoe.es\/wp-content\/uploads\/2022\/07\/Logotipo_electoral_del_PSOE.png","contentUrl":"https:\/\/agrupacionespsoe.es\/wp-content\/uploads\/2022\/07\/Logotipo_electoral_del_PSOE.png","width":422,"height":422,"caption":"Agrupaci\u00f3n Socialista de Melilla"},"image":{"@id":"https:\/\/agrupacionespsoe.es\/melilla\/#\/schema\/logo\/image\/"}},{"@type":"Person","@id":"https:\/\/agrupacionespsoe.es\/melilla\/#\/schema\/person\/72bb3075a827d0ed0623682b96c92bd6","name":"melilla2","image":{"@type":"ImageObject","inLanguage":"es","@id":"https:\/\/agrupacionespsoe.es\/melilla\/#\/schema\/person\/image\/","url":"https:\/\/secure.gravatar.com\/avatar\/489a178e794e59f00db13a448aabca16?s=96&d=mm&r=g","contentUrl":"https:\/\/secure.gravatar.com\/avatar\/489a178e794e59f00db13a448aabca16?s=96&d=mm&r=g","caption":"melilla2"},"url":"https:\/\/agrupacionespsoe.es\/melilla\/author\/melilla2\/"}]}},"jetpack_featured_media_url":"https:\/\/agrupacionespsoe.es\/melilla\/wp-content\/uploads\/sites\/120\/2024\/02\/GRojas_22F-2-scaled.jpg","jetpack_sharing_enabled":true,"_links":{"self":[{"href":"https:\/\/agrupacionespsoe.es\/melilla\/wp-json\/wp\/v2\/posts\/654","targetHints":{"allow":["GET"]}}],"collection":[{"href":"https:\/\/agrupacionespsoe.es\/melilla\/wp-json\/wp\/v2\/posts"}],"about":[{"href":"https:\/\/agrupacionespsoe.es\/melilla\/wp-json\/wp\/v2\/types\/post"}],"author":[{"embeddable":true,"href":"https:\/\/agrupacionespsoe.es\/melilla\/wp-json\/wp\/v2\/users\/187"}],"replies":[{"embeddable":true,"href":"https:\/\/agrupacionespsoe.es\/melilla\/wp-json\/wp\/v2\/comments?post=654"}],"version-history":[{"count":2,"href":"https:\/\/agrupacionespsoe.es\/melilla\/wp-json\/wp\/v2\/posts\/654\/revisions"}],"predecessor-version":[{"id":664,"href":"https:\/\/agrupacionespsoe.es\/melilla\/wp-json\/wp\/v2\/posts\/654\/revisions\/664"}],"wp:featuredmedia":[{"embeddable":true,"href":"https:\/\/agrupacionespsoe.es\/melilla\/wp-json\/wp\/v2\/media\/655"}],"wp:attachment":[{"href":"https:\/\/agrupacionespsoe.es\/melilla\/wp-json\/wp\/v2\/media?parent=654"}],"wp:term":[{"taxonomy":"category","embeddable":true,"href":"https:\/\/agrupacionespsoe.es\/melilla\/wp-json\/wp\/v2\/categories?post=654"},{"taxonomy":"post_tag","embeddable":true,"href":"https:\/\/agrupacionespsoe.es\/melilla\/wp-json\/wp\/v2\/tags?post=654"}],"curies":[{"name":"wp","href":"https:\/\/api.w.org\/{rel}","templated":true}]}}