{"id":639,"date":"2024-02-18T11:04:49","date_gmt":"2024-02-18T11:04:49","guid":{"rendered":"https:\/\/agrupacionespsoe.es\/melilla\/?p=639"},"modified":"2024-03-04T11:04:49","modified_gmt":"2024-03-04T11:04:49","slug":"rojas-el-pp-ha-superado-ya-las-facturas-por-comidas-de-toda-la-pasada-legislatura","status":"publish","type":"post","link":"https:\/\/agrupacionespsoe.es\/melilla\/rojas-el-pp-ha-superado-ya-las-facturas-por-comidas-de-toda-la-pasada-legislatura\/","title":{"rendered":"Rojas: \u201cEl PP ha superado ya las facturas por comidas de toda la pasada legislatura\u201d"},"content":{"rendered":"\n<p><strong>Se\u00f1ala la hipocres\u00eda del PP: \u201cDespu\u00e9s de criticar durante 4 a\u00f1os el sueldo de Eduardo De Castro, Imbroda se ha dejado el mismo\u201d<\/strong><\/p>\n\n\n\n<figure class=\"wp-block-image size-full\"><img loading=\"lazy\" decoding=\"async\" width=\"932\" height=\"526\" src=\"https:\/\/agrupacionespsoe.es\/melilla\/wp-content\/uploads\/sites\/120\/2024\/02\/GRojas_Encerrados.jpeg\" alt=\"\" class=\"wp-image-640\" srcset=\"https:\/\/agrupacionespsoe.es\/melilla\/wp-content\/uploads\/sites\/120\/2024\/02\/GRojas_Encerrados.jpeg 932w, https:\/\/agrupacionespsoe.es\/melilla\/wp-content\/uploads\/sites\/120\/2024\/02\/GRojas_Encerrados-300x169.jpeg 300w, https:\/\/agrupacionespsoe.es\/melilla\/wp-content\/uploads\/sites\/120\/2024\/02\/GRojas_Encerrados-768x433.jpeg 768w\" sizes=\"auto, (max-width: 932px) 100vw, 932px\" \/><\/figure>\n\n\n\n<p>\u201cEl PP, en estos pocos meses que lleva al frente del Gobierno ya ha superado las facturas por comidas y por celebraciones de toda la pasada legislatura\u201d. La Secretaria General del PSOE de Melilla y Portavoz del Grupo Socialista, Gloria Rojas, en una entrevista concedida a PlayMelTV ha &nbsp;criticado la hipocres\u00eda del PP local en cuanto a la contrataci\u00f3n menor, \u201clos contratos menores han superado ya con creces los contratos menores que hicimos nosotros y las comidas ya ni les cuento\u201d.<\/p>\n\n\n\n<p>En este sentido, tambi\u00e9n ha reprochado que el PP durante su etapa en la oposici\u00f3n arremetiera duramente contra el sueldo del anterior presidente de la Ciudad Aut\u00f3noma. \u201cYo lo que critico es el ataque tan brutal que se le hizo a Eduardo de Castro por ese tema. Despu\u00e9s de los cuatro a\u00f1os que le han dado con ese tema, ahora Imbroda no modifica su sueldo, mantiene el sueldo m\u00e1ximo posible, y no pasa nada\u201d, ha censurado.<\/p>\n\n\n\n<p>Adem\u00e1s, ha se\u00f1alado el exceso de asesores con que cuenta el actual Gobierno local y ha puesto de relieve que est\u00e9n adaptando las bases de las Direcciones Generales \u201ca lo que quieren y del tir\u00f3n\u201d. \u201cA lo mejor nos tenemos que sentar y tenemos que ver, de forma consensuada, c\u00f3mo se puede modificar la elecci\u00f3n de los directores generales. Hacerlo transparente y no que se est\u00e9 cambiando los requisitos de los directores generales en funci\u00f3n de lo que viene bien\u201d\u201d, ha subrayado.<\/p>\n\n\n\n<p><strong>Protocolo Junta de Andaluc\u00eda<\/strong><\/p>\n\n\n\n<p>En lo que respecta la firma del Protocolo General de Colaboraci\u00f3n entre la Junta de Andaluc\u00eda y la Ciudad Aut\u00f3noma de Melilla, la l\u00edder de los socialistas locales ha salido al paso de las cr\u00edticas del PP, recordando que estuvo dos meses intentando ponerse en contacto con su hom\u00f3nimo andaluz para tratar esta cuesti\u00f3n. \u201cDespu\u00e9s de dos meses entend\u00ed que no era un convenio para mejorar Melilla, era un convenio para mayor gloria del Partido Popular\u201d, ha sentenciado.<\/p>\n\n\n\n<p>Rojas ha animado a la ciudadan\u00eda a leerse el Protocolo General de Colaboraci\u00f3n que &nbsp;\u201ctiene por objeto sentar las bases para el establecimiento de un estrecho espacio de colaboraci\u00f3n entre la Junta de Andaluc\u00eda y la Ciudad Aut\u00f3noma de Melilla para la realizaci\u00f3n de actuaciones conjuntas en \u00e1mbitos de inter\u00e9s com\u00fan\u201d, seg\u00fan se puede leer en dicho documento. As\u00ed, ha cuestionado a qu\u00e9 se refieren con \u201cestrecho espacio de colaboraci\u00f3n\u201d.<\/p>\n\n\n\n<p>La n\u00famero uno de los socialistas melillenses ha vuelto a criticar que se desplazaran nueve personas para la firma de un protocolo general que, a su entender, \u201ctiene validez jur\u00eddica cero\u201d. \u201cEs como si usted y yo firmamos un acuerdo por el que nos vamos a llevar muy bien\u201d, ha ironizado. En este sentido ha adelantado que pedir\u00e1n las cuentas y gastos de dicho viaje a Sevilla.<\/p>\n\n\n\n<p><strong>\u201cNefasta\u201d gesti\u00f3n cultural<\/strong><\/p>\n\n\n\n<p>Rojas ha valorado la \u201cnefasta gesti\u00f3n\u201d de la actual Consejera de Cultura y la falta de colaboraci\u00f3n entre Fadela Mohatar y Francisco D\u00edaz. \u201cAh\u00ed hay un problema de competencias que est\u00e1 generando una serie de dificultades dentro de los t\u00e9cnicos, que hacen una labor maravillosa, y eso repercute en la ciudadan\u00eda melillense\u201d, ha advertido. \u201cHay un problema aqu\u00ed de gesti\u00f3n gordo en cultura, hay un problema de gesti\u00f3n pol\u00edtica muy importante\u201d, ha insistido.<\/p>\n\n\n\n<p>A este respecto, ha denunciado que el Kursaal se mantuviera cerrado desde que el PP llegara al Gobierno por una obra de reparaci\u00f3n del escenario que ha durado 15 d\u00edas, \u201cy mientras tanto, nos hemos quedado sin temporada de teatro en el Kursaal y sin un mont\u00f3n de actividades que disfruta la ciudadan\u00eda melillense\u201d.<\/p>\n\n\n\n<p>En lo referente a las restricciones en el suministro de agua sucedidas en esta semana ha aclarado que \u201ces un problema que es verdad que viene de lejos, que no es nuevo, que hay que ponerle soluci\u00f3n ya, lo que no se puede es echar balones fuera\u201d. \u201cAhora tienen que asumir su responsabilidad porque son ellos\u201d, ha subrayado.<\/p>\n\n\n\n<p><strong>Cortinas de humo<\/strong><\/p>\n\n\n\n<p>Finalmente, ha manifestado que las solicitudes de encomienda de gesti\u00f3n de Sanidad, Educaci\u00f3n o el IMSERSO son \u201ccortinas de humo\u201d porque los populares locales \u201cno pueden soportar\u201d que el CEIP Encarna Le\u00f3n y el Hospital Universitario lo vaya a inaugurar un Gobierno estatal socialista. Asimismo, ha se\u00f1alado que \u201cson cortinas de humo que van sacando para tapar toda la mala gesti\u00f3n\u201d.<\/p>\n\n\n\n<p>En este sentido, ha enfatizado que el PP no ha hecho nada en materia de infraestructuras p\u00fablicas para Melilla. \u201cEl Partido Popular nacional tiene un grave problema porque no han empezado nada y no han terminado nada. Nada. Ninguna infraestructura p\u00fablica\u201d, ha recordado. \u201cCuando viene el Partido Popular al Estado, se carga todo lo que hay en Melilla\u201d, ha censurado.<\/p>\n","protected":false},"excerpt":{"rendered":"<p>Se\u00f1ala la hipocres\u00eda del PP: \u201cDespu\u00e9s de criticar durante 4 a\u00f1os el sueldo de Eduardo De Castro, Imbroda se ha dejado el mismo\u201d \u201cEl PP, en estos pocos meses que lleva al frente del Gobierno ya ha superado las facturas por comidas y por celebraciones de toda la pasada legislatura\u201d. La Secretaria General del PSOE &#8230;<\/p>\n","protected":false},"author":187,"featured_media":640,"comment_status":"open","ping_status":"open","sticky":false,"template":"","format":"standard","meta":{"_jetpack_memberships_contains_paid_content":false,"footnotes":""},"categories":[1],"tags":[],"class_list":["post-639","post","type-post","status-publish","format-standard","has-post-thumbnail","hentry","category-sin-categoria"],"yoast_head":"<!-- This site is optimized with the Yoast SEO plugin v24.0 - https:\/\/yoast.com\/wordpress\/plugins\/seo\/ -->\n<title>Rojas: \u201cEl PP ha superado ya las facturas por comidas de toda la pasada legislatura\u201d - Agrupaci\u00f3n Socialista de Melilla<\/title>\n<meta name=\"robots\" content=\"index, follow, max-snippet:-1, max-image-preview:large, max-video-preview:-1\" \/>\n<link rel=\"canonical\" href=\"https:\/\/agrupacionespsoe.es\/melilla\/rojas-el-pp-ha-superado-ya-las-facturas-por-comidas-de-toda-la-pasada-legislatura\/\" \/>\n<meta property=\"og:locale\" content=\"es_ES\" \/>\n<meta property=\"og:type\" content=\"article\" \/>\n<meta property=\"og:title\" content=\"Rojas: \u201cEl PP ha superado ya las facturas por comidas de toda la pasada legislatura\u201d - Agrupaci\u00f3n Socialista de Melilla\" \/>\n<meta property=\"og:description\" content=\"Se\u00f1ala la hipocres\u00eda del PP: \u201cDespu\u00e9s de criticar durante 4 a\u00f1os el sueldo de Eduardo De Castro, Imbroda se ha dejado el mismo\u201d \u201cEl PP, en estos pocos meses que lleva al frente del Gobierno ya ha superado las facturas por comidas y por celebraciones de toda la pasada legislatura\u201d. La Secretaria General del PSOE ...\" \/>\n<meta property=\"og:url\" content=\"https:\/\/agrupacionespsoe.es\/melilla\/rojas-el-pp-ha-superado-ya-las-facturas-por-comidas-de-toda-la-pasada-legislatura\/\" \/>\n<meta property=\"og:site_name\" content=\"Agrupaci\u00f3n Socialista de Melilla\" \/>\n<meta property=\"article:published_time\" content=\"2024-02-18T11:04:49+00:00\" \/>\n<meta property=\"article:modified_time\" content=\"2024-03-04T11:04:49+00:00\" \/>\n<meta property=\"og:image\" content=\"https:\/\/agrupacionespsoe.es\/melilla\/wp-content\/uploads\/sites\/120\/2024\/02\/GRojas_Encerrados.jpeg\" \/>\n\t<meta property=\"og:image:width\" content=\"932\" \/>\n\t<meta property=\"og:image:height\" content=\"526\" \/>\n\t<meta property=\"og:image:type\" content=\"image\/jpeg\" \/>\n<meta name=\"author\" content=\"melilla2\" \/>\n<meta name=\"twitter:card\" content=\"summary_large_image\" \/>\n<meta name=\"twitter:label1\" content=\"Escrito por\" \/>\n\t<meta name=\"twitter:data1\" content=\"melilla2\" \/>\n\t<meta name=\"twitter:label2\" content=\"Tiempo de lectura\" \/>\n\t<meta name=\"twitter:data2\" content=\"4 minutos\" \/>\n<script type=\"application\/ld+json\" class=\"yoast-schema-graph\">{\"@context\":\"https:\/\/schema.org\",\"@graph\":[{\"@type\":\"Article\",\"@id\":\"https:\/\/agrupacionespsoe.es\/melilla\/rojas-el-pp-ha-superado-ya-las-facturas-por-comidas-de-toda-la-pasada-legislatura\/#article\",\"isPartOf\":{\"@id\":\"https:\/\/agrupacionespsoe.es\/melilla\/rojas-el-pp-ha-superado-ya-las-facturas-por-comidas-de-toda-la-pasada-legislatura\/\"},\"author\":{\"name\":\"melilla2\",\"@id\":\"https:\/\/agrupacionespsoe.es\/melilla\/#\/schema\/person\/72bb3075a827d0ed0623682b96c92bd6\"},\"headline\":\"Rojas: \u201cEl PP ha superado ya las facturas por comidas de toda la pasada legislatura\u201d\",\"datePublished\":\"2024-02-18T11:04:49+00:00\",\"dateModified\":\"2024-03-04T11:04:49+00:00\",\"mainEntityOfPage\":{\"@id\":\"https:\/\/agrupacionespsoe.es\/melilla\/rojas-el-pp-ha-superado-ya-las-facturas-por-comidas-de-toda-la-pasada-legislatura\/\"},\"wordCount\":870,\"commentCount\":0,\"publisher\":{\"@id\":\"https:\/\/agrupacionespsoe.es\/melilla\/#organization\"},\"image\":{\"@id\":\"https:\/\/agrupacionespsoe.es\/melilla\/rojas-el-pp-ha-superado-ya-las-facturas-por-comidas-de-toda-la-pasada-legislatura\/#primaryimage\"},\"thumbnailUrl\":\"https:\/\/agrupacionespsoe.es\/melilla\/wp-content\/uploads\/sites\/120\/2024\/02\/GRojas_Encerrados.jpeg\",\"inLanguage\":\"es\",\"potentialAction\":[{\"@type\":\"CommentAction\",\"name\":\"Comment\",\"target\":[\"https:\/\/agrupacionespsoe.es\/melilla\/rojas-el-pp-ha-superado-ya-las-facturas-por-comidas-de-toda-la-pasada-legislatura\/#respond\"]}]},{\"@type\":\"WebPage\",\"@id\":\"https:\/\/agrupacionespsoe.es\/melilla\/rojas-el-pp-ha-superado-ya-las-facturas-por-comidas-de-toda-la-pasada-legislatura\/\",\"url\":\"https:\/\/agrupacionespsoe.es\/melilla\/rojas-el-pp-ha-superado-ya-las-facturas-por-comidas-de-toda-la-pasada-legislatura\/\",\"name\":\"Rojas: \u201cEl PP ha superado ya las facturas por comidas de toda la pasada legislatura\u201d - Agrupaci\u00f3n Socialista de Melilla\",\"isPartOf\":{\"@id\":\"https:\/\/agrupacionespsoe.es\/melilla\/#website\"},\"primaryImageOfPage\":{\"@id\":\"https:\/\/agrupacionespsoe.es\/melilla\/rojas-el-pp-ha-superado-ya-las-facturas-por-comidas-de-toda-la-pasada-legislatura\/#primaryimage\"},\"image\":{\"@id\":\"https:\/\/agrupacionespsoe.es\/melilla\/rojas-el-pp-ha-superado-ya-las-facturas-por-comidas-de-toda-la-pasada-legislatura\/#primaryimage\"},\"thumbnailUrl\":\"https:\/\/agrupacionespsoe.es\/melilla\/wp-content\/uploads\/sites\/120\/2024\/02\/GRojas_Encerrados.jpeg\",\"datePublished\":\"2024-02-18T11:04:49+00:00\",\"dateModified\":\"2024-03-04T11:04:49+00:00\",\"breadcrumb\":{\"@id\":\"https:\/\/agrupacionespsoe.es\/melilla\/rojas-el-pp-ha-superado-ya-las-facturas-por-comidas-de-toda-la-pasada-legislatura\/#breadcrumb\"},\"inLanguage\":\"es\",\"potentialAction\":[{\"@type\":\"ReadAction\",\"target\":[\"https:\/\/agrupacionespsoe.es\/melilla\/rojas-el-pp-ha-superado-ya-las-facturas-por-comidas-de-toda-la-pasada-legislatura\/\"]}]},{\"@type\":\"ImageObject\",\"inLanguage\":\"es\",\"@id\":\"https:\/\/agrupacionespsoe.es\/melilla\/rojas-el-pp-ha-superado-ya-las-facturas-por-comidas-de-toda-la-pasada-legislatura\/#primaryimage\",\"url\":\"https:\/\/agrupacionespsoe.es\/melilla\/wp-content\/uploads\/sites\/120\/2024\/02\/GRojas_Encerrados.jpeg\",\"contentUrl\":\"https:\/\/agrupacionespsoe.es\/melilla\/wp-content\/uploads\/sites\/120\/2024\/02\/GRojas_Encerrados.jpeg\",\"width\":932,\"height\":526},{\"@type\":\"BreadcrumbList\",\"@id\":\"https:\/\/agrupacionespsoe.es\/melilla\/rojas-el-pp-ha-superado-ya-las-facturas-por-comidas-de-toda-la-pasada-legislatura\/#breadcrumb\",\"itemListElement\":[{\"@type\":\"ListItem\",\"position\":1,\"name\":\"Portada\",\"item\":\"https:\/\/agrupacionespsoe.es\/melilla\/\"},{\"@type\":\"ListItem\",\"position\":2,\"name\":\"Rojas: \u201cEl PP ha superado ya las facturas por comidas de toda la pasada legislatura\u201d\"}]},{\"@type\":\"WebSite\",\"@id\":\"https:\/\/agrupacionespsoe.es\/melilla\/#website\",\"url\":\"https:\/\/agrupacionespsoe.es\/melilla\/\",\"name\":\"Agrupaci\u00f3n Socialista de Melilla\",\"description\":\"Agrupaci\u00f3n Socialista de Melilla\",\"publisher\":{\"@id\":\"https:\/\/agrupacionespsoe.es\/melilla\/#organization\"},\"potentialAction\":[{\"@type\":\"SearchAction\",\"target\":{\"@type\":\"EntryPoint\",\"urlTemplate\":\"https:\/\/agrupacionespsoe.es\/melilla\/?s={search_term_string}\"},\"query-input\":{\"@type\":\"PropertyValueSpecification\",\"valueRequired\":true,\"valueName\":\"search_term_string\"}}],\"inLanguage\":\"es\"},{\"@type\":\"Organization\",\"@id\":\"https:\/\/agrupacionespsoe.es\/melilla\/#organization\",\"name\":\"Agrupaci\u00f3n Socialista de Melilla\",\"url\":\"https:\/\/agrupacionespsoe.es\/melilla\/\",\"logo\":{\"@type\":\"ImageObject\",\"inLanguage\":\"es\",\"@id\":\"https:\/\/agrupacionespsoe.es\/melilla\/#\/schema\/logo\/image\/\",\"url\":\"https:\/\/agrupacionespsoe.es\/wp-content\/uploads\/2022\/07\/Logotipo_electoral_del_PSOE.png\",\"contentUrl\":\"https:\/\/agrupacionespsoe.es\/wp-content\/uploads\/2022\/07\/Logotipo_electoral_del_PSOE.png\",\"width\":422,\"height\":422,\"caption\":\"Agrupaci\u00f3n Socialista de Melilla\"},\"image\":{\"@id\":\"https:\/\/agrupacionespsoe.es\/melilla\/#\/schema\/logo\/image\/\"}},{\"@type\":\"Person\",\"@id\":\"https:\/\/agrupacionespsoe.es\/melilla\/#\/schema\/person\/72bb3075a827d0ed0623682b96c92bd6\",\"name\":\"melilla2\",\"image\":{\"@type\":\"ImageObject\",\"inLanguage\":\"es\",\"@id\":\"https:\/\/agrupacionespsoe.es\/melilla\/#\/schema\/person\/image\/\",\"url\":\"https:\/\/secure.gravatar.com\/avatar\/489a178e794e59f00db13a448aabca16?s=96&d=mm&r=g\",\"contentUrl\":\"https:\/\/secure.gravatar.com\/avatar\/489a178e794e59f00db13a448aabca16?s=96&d=mm&r=g\",\"caption\":\"melilla2\"},\"url\":\"https:\/\/agrupacionespsoe.es\/melilla\/author\/melilla2\/\"}]}<\/script>\n<!-- \/ Yoast SEO plugin. -->","yoast_head_json":{"title":"Rojas: \u201cEl PP ha superado ya las facturas por comidas de toda la pasada legislatura\u201d - Agrupaci\u00f3n Socialista de Melilla","robots":{"index":"index","follow":"follow","max-snippet":"max-snippet:-1","max-image-preview":"max-image-preview:large","max-video-preview":"max-video-preview:-1"},"canonical":"https:\/\/agrupacionespsoe.es\/melilla\/rojas-el-pp-ha-superado-ya-las-facturas-por-comidas-de-toda-la-pasada-legislatura\/","og_locale":"es_ES","og_type":"article","og_title":"Rojas: \u201cEl PP ha superado ya las facturas por comidas de toda la pasada legislatura\u201d - Agrupaci\u00f3n Socialista de Melilla","og_description":"Se\u00f1ala la hipocres\u00eda del PP: \u201cDespu\u00e9s de criticar durante 4 a\u00f1os el sueldo de Eduardo De Castro, Imbroda se ha dejado el mismo\u201d \u201cEl PP, en estos pocos meses que lleva al frente del Gobierno ya ha superado las facturas por comidas y por celebraciones de toda la pasada legislatura\u201d. La Secretaria General del PSOE ...","og_url":"https:\/\/agrupacionespsoe.es\/melilla\/rojas-el-pp-ha-superado-ya-las-facturas-por-comidas-de-toda-la-pasada-legislatura\/","og_site_name":"Agrupaci\u00f3n Socialista de Melilla","article_published_time":"2024-02-18T11:04:49+00:00","article_modified_time":"2024-03-04T11:04:49+00:00","og_image":[{"width":932,"height":526,"url":"https:\/\/agrupacionespsoe.es\/melilla\/wp-content\/uploads\/sites\/120\/2024\/02\/GRojas_Encerrados.jpeg","type":"image\/jpeg"}],"author":"melilla2","twitter_card":"summary_large_image","twitter_misc":{"Escrito por":"melilla2","Tiempo de lectura":"4 minutos"},"schema":{"@context":"https:\/\/schema.org","@graph":[{"@type":"Article","@id":"https:\/\/agrupacionespsoe.es\/melilla\/rojas-el-pp-ha-superado-ya-las-facturas-por-comidas-de-toda-la-pasada-legislatura\/#article","isPartOf":{"@id":"https:\/\/agrupacionespsoe.es\/melilla\/rojas-el-pp-ha-superado-ya-las-facturas-por-comidas-de-toda-la-pasada-legislatura\/"},"author":{"name":"melilla2","@id":"https:\/\/agrupacionespsoe.es\/melilla\/#\/schema\/person\/72bb3075a827d0ed0623682b96c92bd6"},"headline":"Rojas: \u201cEl PP ha superado ya las facturas por comidas de toda la pasada legislatura\u201d","datePublished":"2024-02-18T11:04:49+00:00","dateModified":"2024-03-04T11:04:49+00:00","mainEntityOfPage":{"@id":"https:\/\/agrupacionespsoe.es\/melilla\/rojas-el-pp-ha-superado-ya-las-facturas-por-comidas-de-toda-la-pasada-legislatura\/"},"wordCount":870,"commentCount":0,"publisher":{"@id":"https:\/\/agrupacionespsoe.es\/melilla\/#organization"},"image":{"@id":"https:\/\/agrupacionespsoe.es\/melilla\/rojas-el-pp-ha-superado-ya-las-facturas-por-comidas-de-toda-la-pasada-legislatura\/#primaryimage"},"thumbnailUrl":"https:\/\/agrupacionespsoe.es\/melilla\/wp-content\/uploads\/sites\/120\/2024\/02\/GRojas_Encerrados.jpeg","inLanguage":"es","potentialAction":[{"@type":"CommentAction","name":"Comment","target":["https:\/\/agrupacionespsoe.es\/melilla\/rojas-el-pp-ha-superado-ya-las-facturas-por-comidas-de-toda-la-pasada-legislatura\/#respond"]}]},{"@type":"WebPage","@id":"https:\/\/agrupacionespsoe.es\/melilla\/rojas-el-pp-ha-superado-ya-las-facturas-por-comidas-de-toda-la-pasada-legislatura\/","url":"https:\/\/agrupacionespsoe.es\/melilla\/rojas-el-pp-ha-superado-ya-las-facturas-por-comidas-de-toda-la-pasada-legislatura\/","name":"Rojas: \u201cEl PP ha superado ya las facturas por comidas de toda la pasada legislatura\u201d - Agrupaci\u00f3n Socialista de Melilla","isPartOf":{"@id":"https:\/\/agrupacionespsoe.es\/melilla\/#website"},"primaryImageOfPage":{"@id":"https:\/\/agrupacionespsoe.es\/melilla\/rojas-el-pp-ha-superado-ya-las-facturas-por-comidas-de-toda-la-pasada-legislatura\/#primaryimage"},"image":{"@id":"https:\/\/agrupacionespsoe.es\/melilla\/rojas-el-pp-ha-superado-ya-las-facturas-por-comidas-de-toda-la-pasada-legislatura\/#primaryimage"},"thumbnailUrl":"https:\/\/agrupacionespsoe.es\/melilla\/wp-content\/uploads\/sites\/120\/2024\/02\/GRojas_Encerrados.jpeg","datePublished":"2024-02-18T11:04:49+00:00","dateModified":"2024-03-04T11:04:49+00:00","breadcrumb":{"@id":"https:\/\/agrupacionespsoe.es\/melilla\/rojas-el-pp-ha-superado-ya-las-facturas-por-comidas-de-toda-la-pasada-legislatura\/#breadcrumb"},"inLanguage":"es","potentialAction":[{"@type":"ReadAction","target":["https:\/\/agrupacionespsoe.es\/melilla\/rojas-el-pp-ha-superado-ya-las-facturas-por-comidas-de-toda-la-pasada-legislatura\/"]}]},{"@type":"ImageObject","inLanguage":"es","@id":"https:\/\/agrupacionespsoe.es\/melilla\/rojas-el-pp-ha-superado-ya-las-facturas-por-comidas-de-toda-la-pasada-legislatura\/#primaryimage","url":"https:\/\/agrupacionespsoe.es\/melilla\/wp-content\/uploads\/sites\/120\/2024\/02\/GRojas_Encerrados.jpeg","contentUrl":"https:\/\/agrupacionespsoe.es\/melilla\/wp-content\/uploads\/sites\/120\/2024\/02\/GRojas_Encerrados.jpeg","width":932,"height":526},{"@type":"BreadcrumbList","@id":"https:\/\/agrupacionespsoe.es\/melilla\/rojas-el-pp-ha-superado-ya-las-facturas-por-comidas-de-toda-la-pasada-legislatura\/#breadcrumb","itemListElement":[{"@type":"ListItem","position":1,"name":"Portada","item":"https:\/\/agrupacionespsoe.es\/melilla\/"},{"@type":"ListItem","position":2,"name":"Rojas: \u201cEl PP ha superado ya las facturas por comidas de toda la pasada legislatura\u201d"}]},{"@type":"WebSite","@id":"https:\/\/agrupacionespsoe.es\/melilla\/#website","url":"https:\/\/agrupacionespsoe.es\/melilla\/","name":"Agrupaci\u00f3n Socialista de Melilla","description":"Agrupaci\u00f3n Socialista de Melilla","publisher":{"@id":"https:\/\/agrupacionespsoe.es\/melilla\/#organization"},"potentialAction":[{"@type":"SearchAction","target":{"@type":"EntryPoint","urlTemplate":"https:\/\/agrupacionespsoe.es\/melilla\/?s={search_term_string}"},"query-input":{"@type":"PropertyValueSpecification","valueRequired":true,"valueName":"search_term_string"}}],"inLanguage":"es"},{"@type":"Organization","@id":"https:\/\/agrupacionespsoe.es\/melilla\/#organization","name":"Agrupaci\u00f3n Socialista de Melilla","url":"https:\/\/agrupacionespsoe.es\/melilla\/","logo":{"@type":"ImageObject","inLanguage":"es","@id":"https:\/\/agrupacionespsoe.es\/melilla\/#\/schema\/logo\/image\/","url":"https:\/\/agrupacionespsoe.es\/wp-content\/uploads\/2022\/07\/Logotipo_electoral_del_PSOE.png","contentUrl":"https:\/\/agrupacionespsoe.es\/wp-content\/uploads\/2022\/07\/Logotipo_electoral_del_PSOE.png","width":422,"height":422,"caption":"Agrupaci\u00f3n Socialista de Melilla"},"image":{"@id":"https:\/\/agrupacionespsoe.es\/melilla\/#\/schema\/logo\/image\/"}},{"@type":"Person","@id":"https:\/\/agrupacionespsoe.es\/melilla\/#\/schema\/person\/72bb3075a827d0ed0623682b96c92bd6","name":"melilla2","image":{"@type":"ImageObject","inLanguage":"es","@id":"https:\/\/agrupacionespsoe.es\/melilla\/#\/schema\/person\/image\/","url":"https:\/\/secure.gravatar.com\/avatar\/489a178e794e59f00db13a448aabca16?s=96&d=mm&r=g","contentUrl":"https:\/\/secure.gravatar.com\/avatar\/489a178e794e59f00db13a448aabca16?s=96&d=mm&r=g","caption":"melilla2"},"url":"https:\/\/agrupacionespsoe.es\/melilla\/author\/melilla2\/"}]}},"jetpack_featured_media_url":"https:\/\/agrupacionespsoe.es\/melilla\/wp-content\/uploads\/sites\/120\/2024\/02\/GRojas_Encerrados.jpeg","jetpack_sharing_enabled":true,"_links":{"self":[{"href":"https:\/\/agrupacionespsoe.es\/melilla\/wp-json\/wp\/v2\/posts\/639","targetHints":{"allow":["GET"]}}],"collection":[{"href":"https:\/\/agrupacionespsoe.es\/melilla\/wp-json\/wp\/v2\/posts"}],"about":[{"href":"https:\/\/agrupacionespsoe.es\/melilla\/wp-json\/wp\/v2\/types\/post"}],"author":[{"embeddable":true,"href":"https:\/\/agrupacionespsoe.es\/melilla\/wp-json\/wp\/v2\/users\/187"}],"replies":[{"embeddable":true,"href":"https:\/\/agrupacionespsoe.es\/melilla\/wp-json\/wp\/v2\/comments?post=639"}],"version-history":[{"count":1,"href":"https:\/\/agrupacionespsoe.es\/melilla\/wp-json\/wp\/v2\/posts\/639\/revisions"}],"predecessor-version":[{"id":641,"href":"https:\/\/agrupacionespsoe.es\/melilla\/wp-json\/wp\/v2\/posts\/639\/revisions\/641"}],"wp:featuredmedia":[{"embeddable":true,"href":"https:\/\/agrupacionespsoe.es\/melilla\/wp-json\/wp\/v2\/media\/640"}],"wp:attachment":[{"href":"https:\/\/agrupacionespsoe.es\/melilla\/wp-json\/wp\/v2\/media?parent=639"}],"wp:term":[{"taxonomy":"category","embeddable":true,"href":"https:\/\/agrupacionespsoe.es\/melilla\/wp-json\/wp\/v2\/categories?post=639"},{"taxonomy":"post_tag","embeddable":true,"href":"https:\/\/agrupacionespsoe.es\/melilla\/wp-json\/wp\/v2\/tags?post=639"}],"curies":[{"name":"wp","href":"https:\/\/api.w.org\/{rel}","templated":true}]}}