{"id":624,"date":"2024-02-12T14:31:08","date_gmt":"2024-02-12T14:31:08","guid":{"rendered":"https:\/\/agrupacionespsoe.es\/melilla\/?p=624"},"modified":"2024-03-04T11:24:20","modified_gmt":"2024-03-04T11:24:20","slug":"moh-los-comerciantes-del-rastro-se-han-querido-reunir-con-la-ciudad-y-no-han-tenido-respuesta","status":"publish","type":"post","link":"https:\/\/agrupacionespsoe.es\/melilla\/moh-los-comerciantes-del-rastro-se-han-querido-reunir-con-la-ciudad-y-no-han-tenido-respuesta\/","title":{"rendered":"Moh: \u201cLos comerciantes del Rastro se han querido reunir con la Ciudad y no han tenido respuesta\u201d"},"content":{"rendered":"\n<p><strong>\u201cEl Gobierno local lo que tiene que hacer es ponerse a trabajar, hay cuestiones prioritarias a las que deben dar soluci\u00f3n\u201d, se\u00f1ala<\/strong><\/p>\n\n\n\n<figure class=\"wp-block-image size-large is-resized\"><img loading=\"lazy\" decoding=\"async\" width=\"1024\" height=\"576\" src=\"https:\/\/agrupacionespsoe.es\/melilla\/wp-content\/uploads\/sites\/120\/2024\/02\/SMoh_12F-1024x576.jpeg\" alt=\"\" class=\"wp-image-625\" style=\"width:631px;height:auto\" srcset=\"https:\/\/agrupacionespsoe.es\/melilla\/wp-content\/uploads\/sites\/120\/2024\/02\/SMoh_12F-1024x576.jpeg 1024w, https:\/\/agrupacionespsoe.es\/melilla\/wp-content\/uploads\/sites\/120\/2024\/02\/SMoh_12F-300x169.jpeg 300w, https:\/\/agrupacionespsoe.es\/melilla\/wp-content\/uploads\/sites\/120\/2024\/02\/SMoh_12F-768x432.jpeg 768w, https:\/\/agrupacionespsoe.es\/melilla\/wp-content\/uploads\/sites\/120\/2024\/02\/SMoh_12F-1536x864.jpeg 1536w, https:\/\/agrupacionespsoe.es\/melilla\/wp-content\/uploads\/sites\/120\/2024\/02\/SMoh_12F.jpeg 1600w\" sizes=\"auto, (max-width: 1024px) 100vw, 1024px\" \/><\/figure>\n\n\n\n<p>La Secretaria de Organizaci\u00f3n &nbsp;del PSOE de Melilla, Sabrina Moh, ha revelado que los comerciantes de la zona del Rastro, han presentado m\u00faltiples quejas a la Ciudad y han querido reunirse en varias ocasiones con la Ciudad Aut\u00f3noma de Melilla \u201cy todav\u00eda no han tenido respuesta\u201d.<\/p>\n\n\n\n<p>La n\u00famero dos de los socialistas locales ha explicado que su formaci\u00f3n mantuvo una reuni\u00f3n con los empresarios de esta zona hace unos d\u00edas. Un encuentro en el que constataron que el PP, a pesar de que ya lleva 8 meses al frente del Gobierno local, ha incumplido su programa electoral.<\/p>\n\n\n\n<p>\u201cEl PP, en la medida 40 de su programa electoral, hablaba de que, cuando se produzca una obra, hablar e informar a los comerciantes de la zona y afectados, de cuales iban a ser las actuaciones, algo que no se ha llevado a cabo\u201d, ha se\u00f1alado.<\/p>\n\n\n\n<p>\u201cDesde el Gobierno local lo que deben hacer es, ya que tanto critican lo de hacerse fotos, ponerse a trabajar, porque hay unas cuestiones en nuestra ciudad, prioritarias que deben atajar y a las que deben dar soluci\u00f3n\u201d, ha se\u00f1alado<\/p>\n\n\n\n<p>As\u00ed, Moh ha hecho referencia a la adecuaci\u00f3n de los barrios y a obras que estaban proyectadas y que no van a llevarse a cabo. As\u00ed, por ejemplo, ha mencionado la del Monte Mar\u00eda Cristina, \u201cque ten\u00eda un proyecto para ejecutarse y que, finalmente, no sabemos qu\u00e9 va a pasar con esa obra\u201d.<\/p>\n","protected":false},"excerpt":{"rendered":"<p>\u201cEl Gobierno local lo que tiene que hacer es ponerse a trabajar, hay cuestiones prioritarias a las que deben dar soluci\u00f3n\u201d, se\u00f1ala La Secretaria de Organizaci\u00f3n &nbsp;del PSOE de Melilla, Sabrina Moh, ha revelado que los comerciantes de la zona del Rastro, han presentado m\u00faltiples quejas a la Ciudad y han querido reunirse en varias &#8230;<\/p>\n","protected":false},"author":187,"featured_media":625,"comment_status":"open","ping_status":"open","sticky":false,"template":"","format":"standard","meta":{"_jetpack_memberships_contains_paid_content":false,"footnotes":""},"categories":[1],"tags":[],"class_list":["post-624","post","type-post","status-publish","format-standard","has-post-thumbnail","hentry","category-sin-categoria"],"yoast_head":"<!-- This site is optimized with the Yoast SEO plugin v24.0 - https:\/\/yoast.com\/wordpress\/plugins\/seo\/ -->\n<title>Moh: \u201cLos comerciantes del Rastro se han querido reunir con la Ciudad y no han tenido respuesta\u201d - Agrupaci\u00f3n Socialista de Melilla<\/title>\n<meta name=\"robots\" content=\"index, follow, max-snippet:-1, max-image-preview:large, max-video-preview:-1\" \/>\n<link rel=\"canonical\" href=\"https:\/\/agrupacionespsoe.es\/melilla\/moh-los-comerciantes-del-rastro-se-han-querido-reunir-con-la-ciudad-y-no-han-tenido-respuesta\/\" \/>\n<meta property=\"og:locale\" content=\"es_ES\" \/>\n<meta property=\"og:type\" content=\"article\" \/>\n<meta property=\"og:title\" content=\"Moh: \u201cLos comerciantes del Rastro se han querido reunir con la Ciudad y no han tenido respuesta\u201d - Agrupaci\u00f3n Socialista de Melilla\" \/>\n<meta property=\"og:description\" content=\"\u201cEl Gobierno local lo que tiene que hacer es ponerse a trabajar, hay cuestiones prioritarias a las que deben dar soluci\u00f3n\u201d, se\u00f1ala La Secretaria de Organizaci\u00f3n &nbsp;del PSOE de Melilla, Sabrina Moh, ha revelado que los comerciantes de la zona del Rastro, han presentado m\u00faltiples quejas a la Ciudad y han querido reunirse en varias ...\" \/>\n<meta property=\"og:url\" content=\"https:\/\/agrupacionespsoe.es\/melilla\/moh-los-comerciantes-del-rastro-se-han-querido-reunir-con-la-ciudad-y-no-han-tenido-respuesta\/\" \/>\n<meta property=\"og:site_name\" content=\"Agrupaci\u00f3n Socialista de Melilla\" \/>\n<meta property=\"article:published_time\" content=\"2024-02-12T14:31:08+00:00\" \/>\n<meta property=\"article:modified_time\" content=\"2024-03-04T11:24:20+00:00\" \/>\n<meta property=\"og:image\" content=\"https:\/\/agrupacionespsoe.es\/melilla\/wp-content\/uploads\/sites\/120\/2024\/02\/SMoh_12F.jpeg\" \/>\n\t<meta property=\"og:image:width\" content=\"1600\" \/>\n\t<meta property=\"og:image:height\" content=\"900\" \/>\n\t<meta property=\"og:image:type\" content=\"image\/jpeg\" \/>\n<meta name=\"author\" content=\"melilla2\" \/>\n<meta name=\"twitter:card\" content=\"summary_large_image\" \/>\n<meta name=\"twitter:label1\" content=\"Escrito por\" \/>\n\t<meta name=\"twitter:data1\" content=\"melilla2\" \/>\n\t<meta name=\"twitter:label2\" content=\"Tiempo de lectura\" \/>\n\t<meta name=\"twitter:data2\" content=\"2 minutos\" \/>\n<script type=\"application\/ld+json\" class=\"yoast-schema-graph\">{\"@context\":\"https:\/\/schema.org\",\"@graph\":[{\"@type\":\"Article\",\"@id\":\"https:\/\/agrupacionespsoe.es\/melilla\/moh-los-comerciantes-del-rastro-se-han-querido-reunir-con-la-ciudad-y-no-han-tenido-respuesta\/#article\",\"isPartOf\":{\"@id\":\"https:\/\/agrupacionespsoe.es\/melilla\/moh-los-comerciantes-del-rastro-se-han-querido-reunir-con-la-ciudad-y-no-han-tenido-respuesta\/\"},\"author\":{\"name\":\"melilla2\",\"@id\":\"https:\/\/agrupacionespsoe.es\/melilla\/#\/schema\/person\/72bb3075a827d0ed0623682b96c92bd6\"},\"headline\":\"Moh: \u201cLos comerciantes del Rastro se han querido reunir con la Ciudad y no han tenido respuesta\u201d\",\"datePublished\":\"2024-02-12T14:31:08+00:00\",\"dateModified\":\"2024-03-04T11:24:20+00:00\",\"mainEntityOfPage\":{\"@id\":\"https:\/\/agrupacionespsoe.es\/melilla\/moh-los-comerciantes-del-rastro-se-han-querido-reunir-con-la-ciudad-y-no-han-tenido-respuesta\/\"},\"wordCount\":290,\"commentCount\":0,\"publisher\":{\"@id\":\"https:\/\/agrupacionespsoe.es\/melilla\/#organization\"},\"image\":{\"@id\":\"https:\/\/agrupacionespsoe.es\/melilla\/moh-los-comerciantes-del-rastro-se-han-querido-reunir-con-la-ciudad-y-no-han-tenido-respuesta\/#primaryimage\"},\"thumbnailUrl\":\"https:\/\/agrupacionespsoe.es\/melilla\/wp-content\/uploads\/sites\/120\/2024\/02\/SMoh_12F.jpeg\",\"inLanguage\":\"es\",\"potentialAction\":[{\"@type\":\"CommentAction\",\"name\":\"Comment\",\"target\":[\"https:\/\/agrupacionespsoe.es\/melilla\/moh-los-comerciantes-del-rastro-se-han-querido-reunir-con-la-ciudad-y-no-han-tenido-respuesta\/#respond\"]}]},{\"@type\":\"WebPage\",\"@id\":\"https:\/\/agrupacionespsoe.es\/melilla\/moh-los-comerciantes-del-rastro-se-han-querido-reunir-con-la-ciudad-y-no-han-tenido-respuesta\/\",\"url\":\"https:\/\/agrupacionespsoe.es\/melilla\/moh-los-comerciantes-del-rastro-se-han-querido-reunir-con-la-ciudad-y-no-han-tenido-respuesta\/\",\"name\":\"Moh: \u201cLos comerciantes del Rastro se han querido reunir con la Ciudad y no han tenido respuesta\u201d - Agrupaci\u00f3n Socialista de Melilla\",\"isPartOf\":{\"@id\":\"https:\/\/agrupacionespsoe.es\/melilla\/#website\"},\"primaryImageOfPage\":{\"@id\":\"https:\/\/agrupacionespsoe.es\/melilla\/moh-los-comerciantes-del-rastro-se-han-querido-reunir-con-la-ciudad-y-no-han-tenido-respuesta\/#primaryimage\"},\"image\":{\"@id\":\"https:\/\/agrupacionespsoe.es\/melilla\/moh-los-comerciantes-del-rastro-se-han-querido-reunir-con-la-ciudad-y-no-han-tenido-respuesta\/#primaryimage\"},\"thumbnailUrl\":\"https:\/\/agrupacionespsoe.es\/melilla\/wp-content\/uploads\/sites\/120\/2024\/02\/SMoh_12F.jpeg\",\"datePublished\":\"2024-02-12T14:31:08+00:00\",\"dateModified\":\"2024-03-04T11:24:20+00:00\",\"breadcrumb\":{\"@id\":\"https:\/\/agrupacionespsoe.es\/melilla\/moh-los-comerciantes-del-rastro-se-han-querido-reunir-con-la-ciudad-y-no-han-tenido-respuesta\/#breadcrumb\"},\"inLanguage\":\"es\",\"potentialAction\":[{\"@type\":\"ReadAction\",\"target\":[\"https:\/\/agrupacionespsoe.es\/melilla\/moh-los-comerciantes-del-rastro-se-han-querido-reunir-con-la-ciudad-y-no-han-tenido-respuesta\/\"]}]},{\"@type\":\"ImageObject\",\"inLanguage\":\"es\",\"@id\":\"https:\/\/agrupacionespsoe.es\/melilla\/moh-los-comerciantes-del-rastro-se-han-querido-reunir-con-la-ciudad-y-no-han-tenido-respuesta\/#primaryimage\",\"url\":\"https:\/\/agrupacionespsoe.es\/melilla\/wp-content\/uploads\/sites\/120\/2024\/02\/SMoh_12F.jpeg\",\"contentUrl\":\"https:\/\/agrupacionespsoe.es\/melilla\/wp-content\/uploads\/sites\/120\/2024\/02\/SMoh_12F.jpeg\",\"width\":1600,\"height\":900},{\"@type\":\"BreadcrumbList\",\"@id\":\"https:\/\/agrupacionespsoe.es\/melilla\/moh-los-comerciantes-del-rastro-se-han-querido-reunir-con-la-ciudad-y-no-han-tenido-respuesta\/#breadcrumb\",\"itemListElement\":[{\"@type\":\"ListItem\",\"position\":1,\"name\":\"Portada\",\"item\":\"https:\/\/agrupacionespsoe.es\/melilla\/\"},{\"@type\":\"ListItem\",\"position\":2,\"name\":\"Moh: \u201cLos comerciantes del Rastro se han querido reunir con la Ciudad y no han tenido respuesta\u201d\"}]},{\"@type\":\"WebSite\",\"@id\":\"https:\/\/agrupacionespsoe.es\/melilla\/#website\",\"url\":\"https:\/\/agrupacionespsoe.es\/melilla\/\",\"name\":\"Agrupaci\u00f3n Socialista de Melilla\",\"description\":\"Agrupaci\u00f3n Socialista de Melilla\",\"publisher\":{\"@id\":\"https:\/\/agrupacionespsoe.es\/melilla\/#organization\"},\"potentialAction\":[{\"@type\":\"SearchAction\",\"target\":{\"@type\":\"EntryPoint\",\"urlTemplate\":\"https:\/\/agrupacionespsoe.es\/melilla\/?s={search_term_string}\"},\"query-input\":{\"@type\":\"PropertyValueSpecification\",\"valueRequired\":true,\"valueName\":\"search_term_string\"}}],\"inLanguage\":\"es\"},{\"@type\":\"Organization\",\"@id\":\"https:\/\/agrupacionespsoe.es\/melilla\/#organization\",\"name\":\"Agrupaci\u00f3n Socialista de Melilla\",\"url\":\"https:\/\/agrupacionespsoe.es\/melilla\/\",\"logo\":{\"@type\":\"ImageObject\",\"inLanguage\":\"es\",\"@id\":\"https:\/\/agrupacionespsoe.es\/melilla\/#\/schema\/logo\/image\/\",\"url\":\"https:\/\/agrupacionespsoe.es\/wp-content\/uploads\/2022\/07\/Logotipo_electoral_del_PSOE.png\",\"contentUrl\":\"https:\/\/agrupacionespsoe.es\/wp-content\/uploads\/2022\/07\/Logotipo_electoral_del_PSOE.png\",\"width\":422,\"height\":422,\"caption\":\"Agrupaci\u00f3n Socialista de Melilla\"},\"image\":{\"@id\":\"https:\/\/agrupacionespsoe.es\/melilla\/#\/schema\/logo\/image\/\"}},{\"@type\":\"Person\",\"@id\":\"https:\/\/agrupacionespsoe.es\/melilla\/#\/schema\/person\/72bb3075a827d0ed0623682b96c92bd6\",\"name\":\"melilla2\",\"image\":{\"@type\":\"ImageObject\",\"inLanguage\":\"es\",\"@id\":\"https:\/\/agrupacionespsoe.es\/melilla\/#\/schema\/person\/image\/\",\"url\":\"https:\/\/secure.gravatar.com\/avatar\/489a178e794e59f00db13a448aabca16?s=96&d=mm&r=g\",\"contentUrl\":\"https:\/\/secure.gravatar.com\/avatar\/489a178e794e59f00db13a448aabca16?s=96&d=mm&r=g\",\"caption\":\"melilla2\"},\"url\":\"https:\/\/agrupacionespsoe.es\/melilla\/author\/melilla2\/\"}]}<\/script>\n<!-- \/ Yoast SEO plugin. -->","yoast_head_json":{"title":"Moh: \u201cLos comerciantes del Rastro se han querido reunir con la Ciudad y no han tenido respuesta\u201d - Agrupaci\u00f3n Socialista de Melilla","robots":{"index":"index","follow":"follow","max-snippet":"max-snippet:-1","max-image-preview":"max-image-preview:large","max-video-preview":"max-video-preview:-1"},"canonical":"https:\/\/agrupacionespsoe.es\/melilla\/moh-los-comerciantes-del-rastro-se-han-querido-reunir-con-la-ciudad-y-no-han-tenido-respuesta\/","og_locale":"es_ES","og_type":"article","og_title":"Moh: \u201cLos comerciantes del Rastro se han querido reunir con la Ciudad y no han tenido respuesta\u201d - Agrupaci\u00f3n Socialista de Melilla","og_description":"\u201cEl Gobierno local lo que tiene que hacer es ponerse a trabajar, hay cuestiones prioritarias a las que deben dar soluci\u00f3n\u201d, se\u00f1ala La Secretaria de Organizaci\u00f3n &nbsp;del PSOE de Melilla, Sabrina Moh, ha revelado que los comerciantes de la zona del Rastro, han presentado m\u00faltiples quejas a la Ciudad y han querido reunirse en varias ...","og_url":"https:\/\/agrupacionespsoe.es\/melilla\/moh-los-comerciantes-del-rastro-se-han-querido-reunir-con-la-ciudad-y-no-han-tenido-respuesta\/","og_site_name":"Agrupaci\u00f3n Socialista de Melilla","article_published_time":"2024-02-12T14:31:08+00:00","article_modified_time":"2024-03-04T11:24:20+00:00","og_image":[{"width":1600,"height":900,"url":"https:\/\/agrupacionespsoe.es\/melilla\/wp-content\/uploads\/sites\/120\/2024\/02\/SMoh_12F.jpeg","type":"image\/jpeg"}],"author":"melilla2","twitter_card":"summary_large_image","twitter_misc":{"Escrito por":"melilla2","Tiempo de lectura":"2 minutos"},"schema":{"@context":"https:\/\/schema.org","@graph":[{"@type":"Article","@id":"https:\/\/agrupacionespsoe.es\/melilla\/moh-los-comerciantes-del-rastro-se-han-querido-reunir-con-la-ciudad-y-no-han-tenido-respuesta\/#article","isPartOf":{"@id":"https:\/\/agrupacionespsoe.es\/melilla\/moh-los-comerciantes-del-rastro-se-han-querido-reunir-con-la-ciudad-y-no-han-tenido-respuesta\/"},"author":{"name":"melilla2","@id":"https:\/\/agrupacionespsoe.es\/melilla\/#\/schema\/person\/72bb3075a827d0ed0623682b96c92bd6"},"headline":"Moh: \u201cLos comerciantes del Rastro se han querido reunir con la Ciudad y no han tenido respuesta\u201d","datePublished":"2024-02-12T14:31:08+00:00","dateModified":"2024-03-04T11:24:20+00:00","mainEntityOfPage":{"@id":"https:\/\/agrupacionespsoe.es\/melilla\/moh-los-comerciantes-del-rastro-se-han-querido-reunir-con-la-ciudad-y-no-han-tenido-respuesta\/"},"wordCount":290,"commentCount":0,"publisher":{"@id":"https:\/\/agrupacionespsoe.es\/melilla\/#organization"},"image":{"@id":"https:\/\/agrupacionespsoe.es\/melilla\/moh-los-comerciantes-del-rastro-se-han-querido-reunir-con-la-ciudad-y-no-han-tenido-respuesta\/#primaryimage"},"thumbnailUrl":"https:\/\/agrupacionespsoe.es\/melilla\/wp-content\/uploads\/sites\/120\/2024\/02\/SMoh_12F.jpeg","inLanguage":"es","potentialAction":[{"@type":"CommentAction","name":"Comment","target":["https:\/\/agrupacionespsoe.es\/melilla\/moh-los-comerciantes-del-rastro-se-han-querido-reunir-con-la-ciudad-y-no-han-tenido-respuesta\/#respond"]}]},{"@type":"WebPage","@id":"https:\/\/agrupacionespsoe.es\/melilla\/moh-los-comerciantes-del-rastro-se-han-querido-reunir-con-la-ciudad-y-no-han-tenido-respuesta\/","url":"https:\/\/agrupacionespsoe.es\/melilla\/moh-los-comerciantes-del-rastro-se-han-querido-reunir-con-la-ciudad-y-no-han-tenido-respuesta\/","name":"Moh: \u201cLos comerciantes del Rastro se han querido reunir con la Ciudad y no han tenido respuesta\u201d - Agrupaci\u00f3n Socialista de Melilla","isPartOf":{"@id":"https:\/\/agrupacionespsoe.es\/melilla\/#website"},"primaryImageOfPage":{"@id":"https:\/\/agrupacionespsoe.es\/melilla\/moh-los-comerciantes-del-rastro-se-han-querido-reunir-con-la-ciudad-y-no-han-tenido-respuesta\/#primaryimage"},"image":{"@id":"https:\/\/agrupacionespsoe.es\/melilla\/moh-los-comerciantes-del-rastro-se-han-querido-reunir-con-la-ciudad-y-no-han-tenido-respuesta\/#primaryimage"},"thumbnailUrl":"https:\/\/agrupacionespsoe.es\/melilla\/wp-content\/uploads\/sites\/120\/2024\/02\/SMoh_12F.jpeg","datePublished":"2024-02-12T14:31:08+00:00","dateModified":"2024-03-04T11:24:20+00:00","breadcrumb":{"@id":"https:\/\/agrupacionespsoe.es\/melilla\/moh-los-comerciantes-del-rastro-se-han-querido-reunir-con-la-ciudad-y-no-han-tenido-respuesta\/#breadcrumb"},"inLanguage":"es","potentialAction":[{"@type":"ReadAction","target":["https:\/\/agrupacionespsoe.es\/melilla\/moh-los-comerciantes-del-rastro-se-han-querido-reunir-con-la-ciudad-y-no-han-tenido-respuesta\/"]}]},{"@type":"ImageObject","inLanguage":"es","@id":"https:\/\/agrupacionespsoe.es\/melilla\/moh-los-comerciantes-del-rastro-se-han-querido-reunir-con-la-ciudad-y-no-han-tenido-respuesta\/#primaryimage","url":"https:\/\/agrupacionespsoe.es\/melilla\/wp-content\/uploads\/sites\/120\/2024\/02\/SMoh_12F.jpeg","contentUrl":"https:\/\/agrupacionespsoe.es\/melilla\/wp-content\/uploads\/sites\/120\/2024\/02\/SMoh_12F.jpeg","width":1600,"height":900},{"@type":"BreadcrumbList","@id":"https:\/\/agrupacionespsoe.es\/melilla\/moh-los-comerciantes-del-rastro-se-han-querido-reunir-con-la-ciudad-y-no-han-tenido-respuesta\/#breadcrumb","itemListElement":[{"@type":"ListItem","position":1,"name":"Portada","item":"https:\/\/agrupacionespsoe.es\/melilla\/"},{"@type":"ListItem","position":2,"name":"Moh: \u201cLos comerciantes del Rastro se han querido reunir con la Ciudad y no han tenido respuesta\u201d"}]},{"@type":"WebSite","@id":"https:\/\/agrupacionespsoe.es\/melilla\/#website","url":"https:\/\/agrupacionespsoe.es\/melilla\/","name":"Agrupaci\u00f3n Socialista de Melilla","description":"Agrupaci\u00f3n Socialista de Melilla","publisher":{"@id":"https:\/\/agrupacionespsoe.es\/melilla\/#organization"},"potentialAction":[{"@type":"SearchAction","target":{"@type":"EntryPoint","urlTemplate":"https:\/\/agrupacionespsoe.es\/melilla\/?s={search_term_string}"},"query-input":{"@type":"PropertyValueSpecification","valueRequired":true,"valueName":"search_term_string"}}],"inLanguage":"es"},{"@type":"Organization","@id":"https:\/\/agrupacionespsoe.es\/melilla\/#organization","name":"Agrupaci\u00f3n Socialista de Melilla","url":"https:\/\/agrupacionespsoe.es\/melilla\/","logo":{"@type":"ImageObject","inLanguage":"es","@id":"https:\/\/agrupacionespsoe.es\/melilla\/#\/schema\/logo\/image\/","url":"https:\/\/agrupacionespsoe.es\/wp-content\/uploads\/2022\/07\/Logotipo_electoral_del_PSOE.png","contentUrl":"https:\/\/agrupacionespsoe.es\/wp-content\/uploads\/2022\/07\/Logotipo_electoral_del_PSOE.png","width":422,"height":422,"caption":"Agrupaci\u00f3n Socialista de Melilla"},"image":{"@id":"https:\/\/agrupacionespsoe.es\/melilla\/#\/schema\/logo\/image\/"}},{"@type":"Person","@id":"https:\/\/agrupacionespsoe.es\/melilla\/#\/schema\/person\/72bb3075a827d0ed0623682b96c92bd6","name":"melilla2","image":{"@type":"ImageObject","inLanguage":"es","@id":"https:\/\/agrupacionespsoe.es\/melilla\/#\/schema\/person\/image\/","url":"https:\/\/secure.gravatar.com\/avatar\/489a178e794e59f00db13a448aabca16?s=96&d=mm&r=g","contentUrl":"https:\/\/secure.gravatar.com\/avatar\/489a178e794e59f00db13a448aabca16?s=96&d=mm&r=g","caption":"melilla2"},"url":"https:\/\/agrupacionespsoe.es\/melilla\/author\/melilla2\/"}]}},"jetpack_featured_media_url":"https:\/\/agrupacionespsoe.es\/melilla\/wp-content\/uploads\/sites\/120\/2024\/02\/SMoh_12F.jpeg","jetpack_sharing_enabled":true,"_links":{"self":[{"href":"https:\/\/agrupacionespsoe.es\/melilla\/wp-json\/wp\/v2\/posts\/624","targetHints":{"allow":["GET"]}}],"collection":[{"href":"https:\/\/agrupacionespsoe.es\/melilla\/wp-json\/wp\/v2\/posts"}],"about":[{"href":"https:\/\/agrupacionespsoe.es\/melilla\/wp-json\/wp\/v2\/types\/post"}],"author":[{"embeddable":true,"href":"https:\/\/agrupacionespsoe.es\/melilla\/wp-json\/wp\/v2\/users\/187"}],"replies":[{"embeddable":true,"href":"https:\/\/agrupacionespsoe.es\/melilla\/wp-json\/wp\/v2\/comments?post=624"}],"version-history":[{"count":1,"href":"https:\/\/agrupacionespsoe.es\/melilla\/wp-json\/wp\/v2\/posts\/624\/revisions"}],"predecessor-version":[{"id":626,"href":"https:\/\/agrupacionespsoe.es\/melilla\/wp-json\/wp\/v2\/posts\/624\/revisions\/626"}],"wp:featuredmedia":[{"embeddable":true,"href":"https:\/\/agrupacionespsoe.es\/melilla\/wp-json\/wp\/v2\/media\/625"}],"wp:attachment":[{"href":"https:\/\/agrupacionespsoe.es\/melilla\/wp-json\/wp\/v2\/media?parent=624"}],"wp:term":[{"taxonomy":"category","embeddable":true,"href":"https:\/\/agrupacionespsoe.es\/melilla\/wp-json\/wp\/v2\/categories?post=624"},{"taxonomy":"post_tag","embeddable":true,"href":"https:\/\/agrupacionespsoe.es\/melilla\/wp-json\/wp\/v2\/tags?post=624"}],"curies":[{"name":"wp","href":"https:\/\/api.w.org\/{rel}","templated":true}]}}