{"id":580,"date":"2024-01-22T13:14:09","date_gmt":"2024-01-22T13:14:09","guid":{"rendered":"https:\/\/agrupacionespsoe.es\/melilla\/?p=580"},"modified":"2024-03-04T11:28:41","modified_gmt":"2024-03-04T11:28:41","slug":"moh-las-politicas-del-gobierno-de-pedro-sanchez-han-permitido-5-anos-de-avances-en-un-contexto-muy-dificil","status":"publish","type":"post","link":"https:\/\/agrupacionespsoe.es\/melilla\/moh-las-politicas-del-gobierno-de-pedro-sanchez-han-permitido-5-anos-de-avances-en-un-contexto-muy-dificil\/","title":{"rendered":"Moh: \u201cLas pol\u00edticas del Gobierno de Pedro S\u00e1nchez han permitido 5 a\u00f1os de avances en un contexto muy dif\u00edcil\u201d"},"content":{"rendered":"\n<p><strong>\u201cFrente a los mensajes de odio, damos respuesta a los problemas reales: el empleo, becas, pensiones o el acceso a la vivienda\u201d, se\u00f1ala <\/strong><\/p>\n\n\n\n<figure class=\"wp-block-image size-large is-resized\"><img loading=\"lazy\" decoding=\"async\" width=\"1024\" height=\"683\" src=\"https:\/\/agrupacionespsoe.es\/melilla\/wp-content\/uploads\/sites\/120\/2024\/01\/420075438_780846717418341_996682867207267362_n-1024x683.jpg\" alt=\"\" class=\"wp-image-581\" style=\"width:631px;height:auto\" srcset=\"https:\/\/agrupacionespsoe.es\/melilla\/wp-content\/uploads\/sites\/120\/2024\/01\/420075438_780846717418341_996682867207267362_n-1024x683.jpg 1024w, https:\/\/agrupacionespsoe.es\/melilla\/wp-content\/uploads\/sites\/120\/2024\/01\/420075438_780846717418341_996682867207267362_n-300x200.jpg 300w, https:\/\/agrupacionespsoe.es\/melilla\/wp-content\/uploads\/sites\/120\/2024\/01\/420075438_780846717418341_996682867207267362_n-768x512.jpg 768w, https:\/\/agrupacionespsoe.es\/melilla\/wp-content\/uploads\/sites\/120\/2024\/01\/420075438_780846717418341_996682867207267362_n-1536x1024.jpg 1536w, https:\/\/agrupacionespsoe.es\/melilla\/wp-content\/uploads\/sites\/120\/2024\/01\/420075438_780846717418341_996682867207267362_n.jpg 2048w\" sizes=\"auto, (max-width: 1024px) 100vw, 1024px\" \/><\/figure>\n\n\n\n<p>\u201cLas pol\u00edticas que ha desarrollado el Gobierno de Pedro S\u00e1nchez durante estos cinco a\u00f1os han permitido que Espa\u00f1a avance en un contexto muy complejo\u201d. La Secretaria de Organizaci\u00f3n de los socialistas melillenses y vocal Comisi\u00f3n Ejecutiva Federal del PSOE, Sabrina Moh, ha participado esta ma\u00f1ana en la reuni\u00f3n que el \u00f3rgano ejecutivo ha \u00a0tenido en la madrile\u00f1a sede de Ferraz.<\/p>\n\n\n\n<p>La dirigente socialista ha subrayado que, en un contexto muy duro, marcado por una pandemia y conflictos b\u00e9licos en varios puntos del planeta, \u201chemos protegido a los trabajadores, a las empresas, al sector productivo, a las familias y a los m\u00e1s vulnerables\u201d.<\/p>\n\n\n\n<p>\u201cVamos a seguir este camino\u201d, ha apuntado Moh, que ha puesto en valor que el Gobierno de Espa\u00f1a \u201cest\u00e1 ya trabajando a plena m\u00e1quina\u201d con leyes como la Ley de Paridad, la inversi\u00f3n en ciencia, la pol\u00edtica de vivienda, la gesti\u00f3n de los fondos europeos o el plan de refuerzo en matem\u00e1ticas, anunciado por el Presidente Espa\u00f1a, Pedro S\u00e1nchez, este domingo.<\/p>\n\n\n\n<p>\u201cLos socialistas vamos a seguir trabajando para que Espa\u00f1a siga avanzando en creaci\u00f3n de empleo, conquistando derechos y apostando por la convivencia\u201d, ha se\u00f1alado. No solo eso, ha recalcado que el PSOE \u201ces un partido fuerte con un liderazgo s\u00f3lido y que tiene un proyecto asentado y actualizado para dar respuesta a las necesidades y retos de la sociedad actual\u201d.<\/p>\n\n\n\n<p>\u201cLos socialistas damos respuesta a los problemas reales de los ciudadanos: las becas, las pensiones, el acceso a la vivienda, la creaci\u00f3n de empleo\u2026\u201d, ha apuntado, frente a los que solo saben generar \u201cmensajes de odio y crispaci\u00f3n en un intento de romper la sociedad\u201d.<\/p>\n\n\n\n<p>Por ello, Moh ha avanzado que, gracias a las pol\u00edticas del Gobierno Socialista, \u201cEspa\u00f1a va a seguir avanzando, la econom\u00eda va a seguir creciendo y el empleo, dignific\u00e1ndose\u201d. \u201cVamos a seguir trabajando para que los j\u00f3venes tengan m\u00e1s oportunidades y mejor acceso a una vivienda y para que nuestros mayores tengan una vida mejor, que es lo que se merecen\u201d, ha concluido.<\/p>\n","protected":false},"excerpt":{"rendered":"<p>\u201cFrente a los mensajes de odio, damos respuesta a los problemas reales: el empleo, becas, pensiones o el acceso a la vivienda\u201d, se\u00f1ala \u201cLas pol\u00edticas que ha desarrollado el Gobierno de Pedro S\u00e1nchez durante estos cinco a\u00f1os han permitido que Espa\u00f1a avance en un contexto muy complejo\u201d. La Secretaria de Organizaci\u00f3n de los socialistas melillenses &#8230;<\/p>\n","protected":false},"author":187,"featured_media":581,"comment_status":"open","ping_status":"open","sticky":false,"template":"","format":"standard","meta":{"_jetpack_memberships_contains_paid_content":false,"footnotes":""},"categories":[1],"tags":[],"class_list":["post-580","post","type-post","status-publish","format-standard","has-post-thumbnail","hentry","category-sin-categoria"],"yoast_head":"<!-- This site is optimized with the Yoast SEO plugin v24.0 - https:\/\/yoast.com\/wordpress\/plugins\/seo\/ -->\n<title>Moh: \u201cLas pol\u00edticas del Gobierno de Pedro S\u00e1nchez han permitido 5 a\u00f1os de avances en un contexto muy dif\u00edcil\u201d - Agrupaci\u00f3n Socialista de Melilla<\/title>\n<meta name=\"robots\" content=\"index, follow, max-snippet:-1, max-image-preview:large, max-video-preview:-1\" \/>\n<link rel=\"canonical\" href=\"https:\/\/agrupacionespsoe.es\/melilla\/moh-las-politicas-del-gobierno-de-pedro-sanchez-han-permitido-5-anos-de-avances-en-un-contexto-muy-dificil\/\" \/>\n<meta property=\"og:locale\" content=\"es_ES\" \/>\n<meta property=\"og:type\" content=\"article\" \/>\n<meta property=\"og:title\" content=\"Moh: \u201cLas pol\u00edticas del Gobierno de Pedro S\u00e1nchez han permitido 5 a\u00f1os de avances en un contexto muy dif\u00edcil\u201d - Agrupaci\u00f3n Socialista de Melilla\" \/>\n<meta property=\"og:description\" content=\"\u201cFrente a los mensajes de odio, damos respuesta a los problemas reales: el empleo, becas, pensiones o el acceso a la vivienda\u201d, se\u00f1ala \u201cLas pol\u00edticas que ha desarrollado el Gobierno de Pedro S\u00e1nchez durante estos cinco a\u00f1os han permitido que Espa\u00f1a avance en un contexto muy complejo\u201d. La Secretaria de Organizaci\u00f3n de los socialistas melillenses ...\" \/>\n<meta property=\"og:url\" content=\"https:\/\/agrupacionespsoe.es\/melilla\/moh-las-politicas-del-gobierno-de-pedro-sanchez-han-permitido-5-anos-de-avances-en-un-contexto-muy-dificil\/\" \/>\n<meta property=\"og:site_name\" content=\"Agrupaci\u00f3n Socialista de Melilla\" \/>\n<meta property=\"article:published_time\" content=\"2024-01-22T13:14:09+00:00\" \/>\n<meta property=\"article:modified_time\" content=\"2024-03-04T11:28:41+00:00\" \/>\n<meta property=\"og:image\" content=\"https:\/\/agrupacionespsoe.es\/melilla\/wp-content\/uploads\/sites\/120\/2024\/01\/420075438_780846717418341_996682867207267362_n.jpg\" \/>\n\t<meta property=\"og:image:width\" content=\"2048\" \/>\n\t<meta property=\"og:image:height\" content=\"1365\" \/>\n\t<meta property=\"og:image:type\" content=\"image\/jpeg\" \/>\n<meta name=\"author\" content=\"melilla2\" \/>\n<meta name=\"twitter:card\" content=\"summary_large_image\" \/>\n<meta name=\"twitter:label1\" content=\"Escrito por\" \/>\n\t<meta name=\"twitter:data1\" content=\"melilla2\" \/>\n\t<meta name=\"twitter:label2\" content=\"Tiempo de lectura\" \/>\n\t<meta name=\"twitter:data2\" content=\"2 minutos\" \/>\n<script type=\"application\/ld+json\" class=\"yoast-schema-graph\">{\"@context\":\"https:\/\/schema.org\",\"@graph\":[{\"@type\":\"Article\",\"@id\":\"https:\/\/agrupacionespsoe.es\/melilla\/moh-las-politicas-del-gobierno-de-pedro-sanchez-han-permitido-5-anos-de-avances-en-un-contexto-muy-dificil\/#article\",\"isPartOf\":{\"@id\":\"https:\/\/agrupacionespsoe.es\/melilla\/moh-las-politicas-del-gobierno-de-pedro-sanchez-han-permitido-5-anos-de-avances-en-un-contexto-muy-dificil\/\"},\"author\":{\"name\":\"melilla2\",\"@id\":\"https:\/\/agrupacionespsoe.es\/melilla\/#\/schema\/person\/72bb3075a827d0ed0623682b96c92bd6\"},\"headline\":\"Moh: \u201cLas pol\u00edticas del Gobierno de Pedro S\u00e1nchez han permitido 5 a\u00f1os de avances en un contexto muy dif\u00edcil\u201d\",\"datePublished\":\"2024-01-22T13:14:09+00:00\",\"dateModified\":\"2024-03-04T11:28:41+00:00\",\"mainEntityOfPage\":{\"@id\":\"https:\/\/agrupacionespsoe.es\/melilla\/moh-las-politicas-del-gobierno-de-pedro-sanchez-han-permitido-5-anos-de-avances-en-un-contexto-muy-dificil\/\"},\"wordCount\":407,\"commentCount\":0,\"publisher\":{\"@id\":\"https:\/\/agrupacionespsoe.es\/melilla\/#organization\"},\"image\":{\"@id\":\"https:\/\/agrupacionespsoe.es\/melilla\/moh-las-politicas-del-gobierno-de-pedro-sanchez-han-permitido-5-anos-de-avances-en-un-contexto-muy-dificil\/#primaryimage\"},\"thumbnailUrl\":\"https:\/\/agrupacionespsoe.es\/melilla\/wp-content\/uploads\/sites\/120\/2024\/01\/420075438_780846717418341_996682867207267362_n.jpg\",\"inLanguage\":\"es\",\"potentialAction\":[{\"@type\":\"CommentAction\",\"name\":\"Comment\",\"target\":[\"https:\/\/agrupacionespsoe.es\/melilla\/moh-las-politicas-del-gobierno-de-pedro-sanchez-han-permitido-5-anos-de-avances-en-un-contexto-muy-dificil\/#respond\"]}]},{\"@type\":\"WebPage\",\"@id\":\"https:\/\/agrupacionespsoe.es\/melilla\/moh-las-politicas-del-gobierno-de-pedro-sanchez-han-permitido-5-anos-de-avances-en-un-contexto-muy-dificil\/\",\"url\":\"https:\/\/agrupacionespsoe.es\/melilla\/moh-las-politicas-del-gobierno-de-pedro-sanchez-han-permitido-5-anos-de-avances-en-un-contexto-muy-dificil\/\",\"name\":\"Moh: \u201cLas pol\u00edticas del Gobierno de Pedro S\u00e1nchez han permitido 5 a\u00f1os de avances en un contexto muy dif\u00edcil\u201d - Agrupaci\u00f3n Socialista de Melilla\",\"isPartOf\":{\"@id\":\"https:\/\/agrupacionespsoe.es\/melilla\/#website\"},\"primaryImageOfPage\":{\"@id\":\"https:\/\/agrupacionespsoe.es\/melilla\/moh-las-politicas-del-gobierno-de-pedro-sanchez-han-permitido-5-anos-de-avances-en-un-contexto-muy-dificil\/#primaryimage\"},\"image\":{\"@id\":\"https:\/\/agrupacionespsoe.es\/melilla\/moh-las-politicas-del-gobierno-de-pedro-sanchez-han-permitido-5-anos-de-avances-en-un-contexto-muy-dificil\/#primaryimage\"},\"thumbnailUrl\":\"https:\/\/agrupacionespsoe.es\/melilla\/wp-content\/uploads\/sites\/120\/2024\/01\/420075438_780846717418341_996682867207267362_n.jpg\",\"datePublished\":\"2024-01-22T13:14:09+00:00\",\"dateModified\":\"2024-03-04T11:28:41+00:00\",\"breadcrumb\":{\"@id\":\"https:\/\/agrupacionespsoe.es\/melilla\/moh-las-politicas-del-gobierno-de-pedro-sanchez-han-permitido-5-anos-de-avances-en-un-contexto-muy-dificil\/#breadcrumb\"},\"inLanguage\":\"es\",\"potentialAction\":[{\"@type\":\"ReadAction\",\"target\":[\"https:\/\/agrupacionespsoe.es\/melilla\/moh-las-politicas-del-gobierno-de-pedro-sanchez-han-permitido-5-anos-de-avances-en-un-contexto-muy-dificil\/\"]}]},{\"@type\":\"ImageObject\",\"inLanguage\":\"es\",\"@id\":\"https:\/\/agrupacionespsoe.es\/melilla\/moh-las-politicas-del-gobierno-de-pedro-sanchez-han-permitido-5-anos-de-avances-en-un-contexto-muy-dificil\/#primaryimage\",\"url\":\"https:\/\/agrupacionespsoe.es\/melilla\/wp-content\/uploads\/sites\/120\/2024\/01\/420075438_780846717418341_996682867207267362_n.jpg\",\"contentUrl\":\"https:\/\/agrupacionespsoe.es\/melilla\/wp-content\/uploads\/sites\/120\/2024\/01\/420075438_780846717418341_996682867207267362_n.jpg\",\"width\":2048,\"height\":1365},{\"@type\":\"BreadcrumbList\",\"@id\":\"https:\/\/agrupacionespsoe.es\/melilla\/moh-las-politicas-del-gobierno-de-pedro-sanchez-han-permitido-5-anos-de-avances-en-un-contexto-muy-dificil\/#breadcrumb\",\"itemListElement\":[{\"@type\":\"ListItem\",\"position\":1,\"name\":\"Portada\",\"item\":\"https:\/\/agrupacionespsoe.es\/melilla\/\"},{\"@type\":\"ListItem\",\"position\":2,\"name\":\"Moh: \u201cLas pol\u00edticas del Gobierno de Pedro S\u00e1nchez han permitido 5 a\u00f1os de avances en un contexto muy dif\u00edcil\u201d\"}]},{\"@type\":\"WebSite\",\"@id\":\"https:\/\/agrupacionespsoe.es\/melilla\/#website\",\"url\":\"https:\/\/agrupacionespsoe.es\/melilla\/\",\"name\":\"Agrupaci\u00f3n Socialista de Melilla\",\"description\":\"Agrupaci\u00f3n Socialista de Melilla\",\"publisher\":{\"@id\":\"https:\/\/agrupacionespsoe.es\/melilla\/#organization\"},\"potentialAction\":[{\"@type\":\"SearchAction\",\"target\":{\"@type\":\"EntryPoint\",\"urlTemplate\":\"https:\/\/agrupacionespsoe.es\/melilla\/?s={search_term_string}\"},\"query-input\":{\"@type\":\"PropertyValueSpecification\",\"valueRequired\":true,\"valueName\":\"search_term_string\"}}],\"inLanguage\":\"es\"},{\"@type\":\"Organization\",\"@id\":\"https:\/\/agrupacionespsoe.es\/melilla\/#organization\",\"name\":\"Agrupaci\u00f3n Socialista de Melilla\",\"url\":\"https:\/\/agrupacionespsoe.es\/melilla\/\",\"logo\":{\"@type\":\"ImageObject\",\"inLanguage\":\"es\",\"@id\":\"https:\/\/agrupacionespsoe.es\/melilla\/#\/schema\/logo\/image\/\",\"url\":\"https:\/\/agrupacionespsoe.es\/wp-content\/uploads\/2022\/07\/Logotipo_electoral_del_PSOE.png\",\"contentUrl\":\"https:\/\/agrupacionespsoe.es\/wp-content\/uploads\/2022\/07\/Logotipo_electoral_del_PSOE.png\",\"width\":422,\"height\":422,\"caption\":\"Agrupaci\u00f3n Socialista de Melilla\"},\"image\":{\"@id\":\"https:\/\/agrupacionespsoe.es\/melilla\/#\/schema\/logo\/image\/\"}},{\"@type\":\"Person\",\"@id\":\"https:\/\/agrupacionespsoe.es\/melilla\/#\/schema\/person\/72bb3075a827d0ed0623682b96c92bd6\",\"name\":\"melilla2\",\"image\":{\"@type\":\"ImageObject\",\"inLanguage\":\"es\",\"@id\":\"https:\/\/agrupacionespsoe.es\/melilla\/#\/schema\/person\/image\/\",\"url\":\"https:\/\/secure.gravatar.com\/avatar\/489a178e794e59f00db13a448aabca16?s=96&d=mm&r=g\",\"contentUrl\":\"https:\/\/secure.gravatar.com\/avatar\/489a178e794e59f00db13a448aabca16?s=96&d=mm&r=g\",\"caption\":\"melilla2\"},\"url\":\"https:\/\/agrupacionespsoe.es\/melilla\/author\/melilla2\/\"}]}<\/script>\n<!-- \/ Yoast SEO plugin. -->","yoast_head_json":{"title":"Moh: \u201cLas pol\u00edticas del Gobierno de Pedro S\u00e1nchez han permitido 5 a\u00f1os de avances en un contexto muy dif\u00edcil\u201d - Agrupaci\u00f3n Socialista de Melilla","robots":{"index":"index","follow":"follow","max-snippet":"max-snippet:-1","max-image-preview":"max-image-preview:large","max-video-preview":"max-video-preview:-1"},"canonical":"https:\/\/agrupacionespsoe.es\/melilla\/moh-las-politicas-del-gobierno-de-pedro-sanchez-han-permitido-5-anos-de-avances-en-un-contexto-muy-dificil\/","og_locale":"es_ES","og_type":"article","og_title":"Moh: \u201cLas pol\u00edticas del Gobierno de Pedro S\u00e1nchez han permitido 5 a\u00f1os de avances en un contexto muy dif\u00edcil\u201d - Agrupaci\u00f3n Socialista de Melilla","og_description":"\u201cFrente a los mensajes de odio, damos respuesta a los problemas reales: el empleo, becas, pensiones o el acceso a la vivienda\u201d, se\u00f1ala \u201cLas pol\u00edticas que ha desarrollado el Gobierno de Pedro S\u00e1nchez durante estos cinco a\u00f1os han permitido que Espa\u00f1a avance en un contexto muy complejo\u201d. La Secretaria de Organizaci\u00f3n de los socialistas melillenses ...","og_url":"https:\/\/agrupacionespsoe.es\/melilla\/moh-las-politicas-del-gobierno-de-pedro-sanchez-han-permitido-5-anos-de-avances-en-un-contexto-muy-dificil\/","og_site_name":"Agrupaci\u00f3n Socialista de Melilla","article_published_time":"2024-01-22T13:14:09+00:00","article_modified_time":"2024-03-04T11:28:41+00:00","og_image":[{"width":2048,"height":1365,"url":"https:\/\/agrupacionespsoe.es\/melilla\/wp-content\/uploads\/sites\/120\/2024\/01\/420075438_780846717418341_996682867207267362_n.jpg","type":"image\/jpeg"}],"author":"melilla2","twitter_card":"summary_large_image","twitter_misc":{"Escrito por":"melilla2","Tiempo de lectura":"2 minutos"},"schema":{"@context":"https:\/\/schema.org","@graph":[{"@type":"Article","@id":"https:\/\/agrupacionespsoe.es\/melilla\/moh-las-politicas-del-gobierno-de-pedro-sanchez-han-permitido-5-anos-de-avances-en-un-contexto-muy-dificil\/#article","isPartOf":{"@id":"https:\/\/agrupacionespsoe.es\/melilla\/moh-las-politicas-del-gobierno-de-pedro-sanchez-han-permitido-5-anos-de-avances-en-un-contexto-muy-dificil\/"},"author":{"name":"melilla2","@id":"https:\/\/agrupacionespsoe.es\/melilla\/#\/schema\/person\/72bb3075a827d0ed0623682b96c92bd6"},"headline":"Moh: \u201cLas pol\u00edticas del Gobierno de Pedro S\u00e1nchez han permitido 5 a\u00f1os de avances en un contexto muy dif\u00edcil\u201d","datePublished":"2024-01-22T13:14:09+00:00","dateModified":"2024-03-04T11:28:41+00:00","mainEntityOfPage":{"@id":"https:\/\/agrupacionespsoe.es\/melilla\/moh-las-politicas-del-gobierno-de-pedro-sanchez-han-permitido-5-anos-de-avances-en-un-contexto-muy-dificil\/"},"wordCount":407,"commentCount":0,"publisher":{"@id":"https:\/\/agrupacionespsoe.es\/melilla\/#organization"},"image":{"@id":"https:\/\/agrupacionespsoe.es\/melilla\/moh-las-politicas-del-gobierno-de-pedro-sanchez-han-permitido-5-anos-de-avances-en-un-contexto-muy-dificil\/#primaryimage"},"thumbnailUrl":"https:\/\/agrupacionespsoe.es\/melilla\/wp-content\/uploads\/sites\/120\/2024\/01\/420075438_780846717418341_996682867207267362_n.jpg","inLanguage":"es","potentialAction":[{"@type":"CommentAction","name":"Comment","target":["https:\/\/agrupacionespsoe.es\/melilla\/moh-las-politicas-del-gobierno-de-pedro-sanchez-han-permitido-5-anos-de-avances-en-un-contexto-muy-dificil\/#respond"]}]},{"@type":"WebPage","@id":"https:\/\/agrupacionespsoe.es\/melilla\/moh-las-politicas-del-gobierno-de-pedro-sanchez-han-permitido-5-anos-de-avances-en-un-contexto-muy-dificil\/","url":"https:\/\/agrupacionespsoe.es\/melilla\/moh-las-politicas-del-gobierno-de-pedro-sanchez-han-permitido-5-anos-de-avances-en-un-contexto-muy-dificil\/","name":"Moh: \u201cLas pol\u00edticas del Gobierno de Pedro S\u00e1nchez han permitido 5 a\u00f1os de avances en un contexto muy dif\u00edcil\u201d - Agrupaci\u00f3n Socialista de Melilla","isPartOf":{"@id":"https:\/\/agrupacionespsoe.es\/melilla\/#website"},"primaryImageOfPage":{"@id":"https:\/\/agrupacionespsoe.es\/melilla\/moh-las-politicas-del-gobierno-de-pedro-sanchez-han-permitido-5-anos-de-avances-en-un-contexto-muy-dificil\/#primaryimage"},"image":{"@id":"https:\/\/agrupacionespsoe.es\/melilla\/moh-las-politicas-del-gobierno-de-pedro-sanchez-han-permitido-5-anos-de-avances-en-un-contexto-muy-dificil\/#primaryimage"},"thumbnailUrl":"https:\/\/agrupacionespsoe.es\/melilla\/wp-content\/uploads\/sites\/120\/2024\/01\/420075438_780846717418341_996682867207267362_n.jpg","datePublished":"2024-01-22T13:14:09+00:00","dateModified":"2024-03-04T11:28:41+00:00","breadcrumb":{"@id":"https:\/\/agrupacionespsoe.es\/melilla\/moh-las-politicas-del-gobierno-de-pedro-sanchez-han-permitido-5-anos-de-avances-en-un-contexto-muy-dificil\/#breadcrumb"},"inLanguage":"es","potentialAction":[{"@type":"ReadAction","target":["https:\/\/agrupacionespsoe.es\/melilla\/moh-las-politicas-del-gobierno-de-pedro-sanchez-han-permitido-5-anos-de-avances-en-un-contexto-muy-dificil\/"]}]},{"@type":"ImageObject","inLanguage":"es","@id":"https:\/\/agrupacionespsoe.es\/melilla\/moh-las-politicas-del-gobierno-de-pedro-sanchez-han-permitido-5-anos-de-avances-en-un-contexto-muy-dificil\/#primaryimage","url":"https:\/\/agrupacionespsoe.es\/melilla\/wp-content\/uploads\/sites\/120\/2024\/01\/420075438_780846717418341_996682867207267362_n.jpg","contentUrl":"https:\/\/agrupacionespsoe.es\/melilla\/wp-content\/uploads\/sites\/120\/2024\/01\/420075438_780846717418341_996682867207267362_n.jpg","width":2048,"height":1365},{"@type":"BreadcrumbList","@id":"https:\/\/agrupacionespsoe.es\/melilla\/moh-las-politicas-del-gobierno-de-pedro-sanchez-han-permitido-5-anos-de-avances-en-un-contexto-muy-dificil\/#breadcrumb","itemListElement":[{"@type":"ListItem","position":1,"name":"Portada","item":"https:\/\/agrupacionespsoe.es\/melilla\/"},{"@type":"ListItem","position":2,"name":"Moh: \u201cLas pol\u00edticas del Gobierno de Pedro S\u00e1nchez han permitido 5 a\u00f1os de avances en un contexto muy dif\u00edcil\u201d"}]},{"@type":"WebSite","@id":"https:\/\/agrupacionespsoe.es\/melilla\/#website","url":"https:\/\/agrupacionespsoe.es\/melilla\/","name":"Agrupaci\u00f3n Socialista de Melilla","description":"Agrupaci\u00f3n Socialista de Melilla","publisher":{"@id":"https:\/\/agrupacionespsoe.es\/melilla\/#organization"},"potentialAction":[{"@type":"SearchAction","target":{"@type":"EntryPoint","urlTemplate":"https:\/\/agrupacionespsoe.es\/melilla\/?s={search_term_string}"},"query-input":{"@type":"PropertyValueSpecification","valueRequired":true,"valueName":"search_term_string"}}],"inLanguage":"es"},{"@type":"Organization","@id":"https:\/\/agrupacionespsoe.es\/melilla\/#organization","name":"Agrupaci\u00f3n Socialista de Melilla","url":"https:\/\/agrupacionespsoe.es\/melilla\/","logo":{"@type":"ImageObject","inLanguage":"es","@id":"https:\/\/agrupacionespsoe.es\/melilla\/#\/schema\/logo\/image\/","url":"https:\/\/agrupacionespsoe.es\/wp-content\/uploads\/2022\/07\/Logotipo_electoral_del_PSOE.png","contentUrl":"https:\/\/agrupacionespsoe.es\/wp-content\/uploads\/2022\/07\/Logotipo_electoral_del_PSOE.png","width":422,"height":422,"caption":"Agrupaci\u00f3n Socialista de Melilla"},"image":{"@id":"https:\/\/agrupacionespsoe.es\/melilla\/#\/schema\/logo\/image\/"}},{"@type":"Person","@id":"https:\/\/agrupacionespsoe.es\/melilla\/#\/schema\/person\/72bb3075a827d0ed0623682b96c92bd6","name":"melilla2","image":{"@type":"ImageObject","inLanguage":"es","@id":"https:\/\/agrupacionespsoe.es\/melilla\/#\/schema\/person\/image\/","url":"https:\/\/secure.gravatar.com\/avatar\/489a178e794e59f00db13a448aabca16?s=96&d=mm&r=g","contentUrl":"https:\/\/secure.gravatar.com\/avatar\/489a178e794e59f00db13a448aabca16?s=96&d=mm&r=g","caption":"melilla2"},"url":"https:\/\/agrupacionespsoe.es\/melilla\/author\/melilla2\/"}]}},"jetpack_featured_media_url":"https:\/\/agrupacionespsoe.es\/melilla\/wp-content\/uploads\/sites\/120\/2024\/01\/420075438_780846717418341_996682867207267362_n.jpg","jetpack_sharing_enabled":true,"_links":{"self":[{"href":"https:\/\/agrupacionespsoe.es\/melilla\/wp-json\/wp\/v2\/posts\/580","targetHints":{"allow":["GET"]}}],"collection":[{"href":"https:\/\/agrupacionespsoe.es\/melilla\/wp-json\/wp\/v2\/posts"}],"about":[{"href":"https:\/\/agrupacionespsoe.es\/melilla\/wp-json\/wp\/v2\/types\/post"}],"author":[{"embeddable":true,"href":"https:\/\/agrupacionespsoe.es\/melilla\/wp-json\/wp\/v2\/users\/187"}],"replies":[{"embeddable":true,"href":"https:\/\/agrupacionespsoe.es\/melilla\/wp-json\/wp\/v2\/comments?post=580"}],"version-history":[{"count":1,"href":"https:\/\/agrupacionespsoe.es\/melilla\/wp-json\/wp\/v2\/posts\/580\/revisions"}],"predecessor-version":[{"id":582,"href":"https:\/\/agrupacionespsoe.es\/melilla\/wp-json\/wp\/v2\/posts\/580\/revisions\/582"}],"wp:featuredmedia":[{"embeddable":true,"href":"https:\/\/agrupacionespsoe.es\/melilla\/wp-json\/wp\/v2\/media\/581"}],"wp:attachment":[{"href":"https:\/\/agrupacionespsoe.es\/melilla\/wp-json\/wp\/v2\/media?parent=580"}],"wp:term":[{"taxonomy":"category","embeddable":true,"href":"https:\/\/agrupacionespsoe.es\/melilla\/wp-json\/wp\/v2\/categories?post=580"},{"taxonomy":"post_tag","embeddable":true,"href":"https:\/\/agrupacionespsoe.es\/melilla\/wp-json\/wp\/v2\/tags?post=580"}],"curies":[{"name":"wp","href":"https:\/\/api.w.org\/{rel}","templated":true}]}}