{"id":575,"date":"2024-01-21T16:04:19","date_gmt":"2024-01-21T16:04:19","guid":{"rendered":"https:\/\/agrupacionespsoe.es\/melilla\/?p=575"},"modified":"2024-03-04T11:29:02","modified_gmt":"2024-03-04T11:29:02","slug":"moh-espana-se-une-con-derechos-progreso-y-convivencia","status":"publish","type":"post","link":"https:\/\/agrupacionespsoe.es\/melilla\/moh-espana-se-une-con-derechos-progreso-y-convivencia\/","title":{"rendered":"Moh: \u201cEspa\u00f1a se une con derechos, progreso y convivencia\u201d"},"content":{"rendered":"\n<p><strong>La n\u00famero dos del PSOE local se pregunta por qu\u00e9 hay partidos que votan en contra de revalorizar las pensiones o rebajar la factura de la luz<\/strong><\/p>\n\n\n\n<figure class=\"wp-block-image size-large\"><img loading=\"lazy\" decoding=\"async\" width=\"895\" height=\"1024\" src=\"https:\/\/agrupacionespsoe.es\/melilla\/wp-content\/uploads\/sites\/120\/2024\/01\/ConPS-895x1024.jpg\" alt=\"\" class=\"wp-image-577\" srcset=\"https:\/\/agrupacionespsoe.es\/melilla\/wp-content\/uploads\/sites\/120\/2024\/01\/ConPS-895x1024.jpg 895w, https:\/\/agrupacionespsoe.es\/melilla\/wp-content\/uploads\/sites\/120\/2024\/01\/ConPS-262x300.jpg 262w, https:\/\/agrupacionespsoe.es\/melilla\/wp-content\/uploads\/sites\/120\/2024\/01\/ConPS-768x879.jpg 768w, https:\/\/agrupacionespsoe.es\/melilla\/wp-content\/uploads\/sites\/120\/2024\/01\/ConPS-1342x1536.jpg 1342w, https:\/\/agrupacionespsoe.es\/melilla\/wp-content\/uploads\/sites\/120\/2024\/01\/ConPS.jpg 1536w\" sizes=\"auto, (max-width: 895px) 100vw, 895px\" \/><\/figure>\n\n\n\n<p>\u201cEspa\u00f1a, al igual que sucede con Melilla, se une con derechos, con progreso, con avances sociales, con convivencia y con respeto, que es lo que lleva m\u00e1s de 5 a\u00f1os haciendo el Gobierno de Pedro S\u00e1nchez\u201d.<\/p>\n\n\n\n<p>La Secretaria de Organizaci\u00f3n de los socialistas melillenses, Sabrina Moh, que junto con el Secretario de Estudios y Programas, Rafael Robles, se encuentra en A Coru\u00f1a en la Convenci\u00f3n Pol\u00edtica del PSOE, ha subrayado que, \u201cla realidad ha echado por tierra los mensajes de odio y catastr\u00f3fistas de los que llevan 5 a\u00f1os diciendo que Espa\u00f1a se rompe\u201d.<\/p>\n\n\n\n<p>\u201cMelilla y toda Espa\u00f1a van en la buena direcci\u00f3n: hoy tenemos m\u00e1s empleos, m\u00e1s convivencia y menos desigualdad que hace 5 a\u00f1os cuando llegamos al Gobierno de Espa\u00f1a\u201d, ha dejado claro.<\/p>\n\n\n\n<p>Por eso, ha apostillado Moh, lo relevante de cada iniciativa que se aprueba en el Congreso \u201ces el objetivo de la misma, que no es otro que materializar medidas en pro de la ciudadan\u00eda\u201d.<\/p>\n\n\n\n<p>\u201cLa pregunta es por qu\u00e9 hay partidos que votan en contra de revalorizar las pensiones, rebajar la factura de la luz o que los j\u00f3venes tengan el transporte bonificado para ir a estudiar\u201d, ha dejado claro la dirigente socialista.<\/p>\n\n\n\n<p>La Convenci\u00f3n Pol\u00edtica desarrollada este fin de semana en A Coru\u00f1a ha servido \u201cpara actualizar nuestro proyecto pol\u00edtico y seguir trabajando para dar respuesta a las necesidades de la ciudadan\u00eda\u201d, ha explicado Moh, que ha avanzado que los socialistas&nbsp; van a seguir reforzando el di\u00e1logo social, las pol\u00edticas de igualdad, los derechos y la convivencia \u201cporque el Gobierno de Pedro S\u00e1nchez es garant\u00eda de derechos, convivencia y avances\u201d.<\/p>\n\n\n\n<p>As\u00ed, ha destacado el anuncio realizado hoy por S\u00e1nchez seg\u00fan el cual, en los Presupuestos Generales del Estado, se incluir\u00e1 un plan de refuerzo en matem\u00e1ticas y comprensi\u00f3n lectora. \u201cLa Educaci\u00f3n ha sido y va a seguir siendo una prioridad para este Gobierno\u201d, ha subrayado.<\/p>\n","protected":false},"excerpt":{"rendered":"<p>La n\u00famero dos del PSOE local se pregunta por qu\u00e9 hay partidos que votan en contra de revalorizar las pensiones o rebajar la factura de la luz \u201cEspa\u00f1a, al igual que sucede con Melilla, se une con derechos, con progreso, con avances sociales, con convivencia y con respeto, que es lo que lleva m\u00e1s de &#8230;<\/p>\n","protected":false},"author":187,"featured_media":577,"comment_status":"open","ping_status":"open","sticky":false,"template":"","format":"standard","meta":{"_jetpack_memberships_contains_paid_content":false,"footnotes":""},"categories":[1],"tags":[],"class_list":["post-575","post","type-post","status-publish","format-standard","has-post-thumbnail","hentry","category-sin-categoria"],"yoast_head":"<!-- This site is optimized with the Yoast SEO plugin v24.0 - https:\/\/yoast.com\/wordpress\/plugins\/seo\/ -->\n<title>Moh: \u201cEspa\u00f1a se une con derechos, progreso y convivencia\u201d - Agrupaci\u00f3n Socialista de Melilla<\/title>\n<meta name=\"robots\" content=\"index, follow, max-snippet:-1, max-image-preview:large, max-video-preview:-1\" \/>\n<link rel=\"canonical\" href=\"https:\/\/agrupacionespsoe.es\/melilla\/moh-espana-se-une-con-derechos-progreso-y-convivencia\/\" \/>\n<meta property=\"og:locale\" content=\"es_ES\" \/>\n<meta property=\"og:type\" content=\"article\" \/>\n<meta property=\"og:title\" content=\"Moh: \u201cEspa\u00f1a se une con derechos, progreso y convivencia\u201d - Agrupaci\u00f3n Socialista de Melilla\" \/>\n<meta property=\"og:description\" content=\"La n\u00famero dos del PSOE local se pregunta por qu\u00e9 hay partidos que votan en contra de revalorizar las pensiones o rebajar la factura de la luz \u201cEspa\u00f1a, al igual que sucede con Melilla, se une con derechos, con progreso, con avances sociales, con convivencia y con respeto, que es lo que lleva m\u00e1s de ...\" \/>\n<meta property=\"og:url\" content=\"https:\/\/agrupacionespsoe.es\/melilla\/moh-espana-se-une-con-derechos-progreso-y-convivencia\/\" \/>\n<meta property=\"og:site_name\" content=\"Agrupaci\u00f3n Socialista de Melilla\" \/>\n<meta property=\"article:published_time\" content=\"2024-01-21T16:04:19+00:00\" \/>\n<meta property=\"article:modified_time\" content=\"2024-03-04T11:29:02+00:00\" \/>\n<meta property=\"og:image\" content=\"https:\/\/agrupacionespsoe.es\/melilla\/wp-content\/uploads\/sites\/120\/2024\/01\/ConPS.jpg\" \/>\n\t<meta property=\"og:image:width\" content=\"1536\" \/>\n\t<meta property=\"og:image:height\" content=\"1758\" \/>\n\t<meta property=\"og:image:type\" content=\"image\/jpeg\" \/>\n<meta name=\"author\" content=\"melilla2\" \/>\n<meta name=\"twitter:card\" content=\"summary_large_image\" \/>\n<meta name=\"twitter:label1\" content=\"Escrito por\" \/>\n\t<meta name=\"twitter:data1\" content=\"melilla2\" \/>\n\t<meta name=\"twitter:label2\" content=\"Tiempo de lectura\" \/>\n\t<meta name=\"twitter:data2\" content=\"2 minutos\" \/>\n<script type=\"application\/ld+json\" class=\"yoast-schema-graph\">{\"@context\":\"https:\/\/schema.org\",\"@graph\":[{\"@type\":\"Article\",\"@id\":\"https:\/\/agrupacionespsoe.es\/melilla\/moh-espana-se-une-con-derechos-progreso-y-convivencia\/#article\",\"isPartOf\":{\"@id\":\"https:\/\/agrupacionespsoe.es\/melilla\/moh-espana-se-une-con-derechos-progreso-y-convivencia\/\"},\"author\":{\"name\":\"melilla2\",\"@id\":\"https:\/\/agrupacionespsoe.es\/melilla\/#\/schema\/person\/72bb3075a827d0ed0623682b96c92bd6\"},\"headline\":\"Moh: \u201cEspa\u00f1a se une con derechos, progreso y convivencia\u201d\",\"datePublished\":\"2024-01-21T16:04:19+00:00\",\"dateModified\":\"2024-03-04T11:29:02+00:00\",\"mainEntityOfPage\":{\"@id\":\"https:\/\/agrupacionespsoe.es\/melilla\/moh-espana-se-une-con-derechos-progreso-y-convivencia\/\"},\"wordCount\":380,\"commentCount\":0,\"publisher\":{\"@id\":\"https:\/\/agrupacionespsoe.es\/melilla\/#organization\"},\"image\":{\"@id\":\"https:\/\/agrupacionespsoe.es\/melilla\/moh-espana-se-une-con-derechos-progreso-y-convivencia\/#primaryimage\"},\"thumbnailUrl\":\"https:\/\/agrupacionespsoe.es\/melilla\/wp-content\/uploads\/sites\/120\/2024\/01\/ConPS.jpg\",\"inLanguage\":\"es\",\"potentialAction\":[{\"@type\":\"CommentAction\",\"name\":\"Comment\",\"target\":[\"https:\/\/agrupacionespsoe.es\/melilla\/moh-espana-se-une-con-derechos-progreso-y-convivencia\/#respond\"]}]},{\"@type\":\"WebPage\",\"@id\":\"https:\/\/agrupacionespsoe.es\/melilla\/moh-espana-se-une-con-derechos-progreso-y-convivencia\/\",\"url\":\"https:\/\/agrupacionespsoe.es\/melilla\/moh-espana-se-une-con-derechos-progreso-y-convivencia\/\",\"name\":\"Moh: \u201cEspa\u00f1a se une con derechos, progreso y convivencia\u201d - Agrupaci\u00f3n Socialista de Melilla\",\"isPartOf\":{\"@id\":\"https:\/\/agrupacionespsoe.es\/melilla\/#website\"},\"primaryImageOfPage\":{\"@id\":\"https:\/\/agrupacionespsoe.es\/melilla\/moh-espana-se-une-con-derechos-progreso-y-convivencia\/#primaryimage\"},\"image\":{\"@id\":\"https:\/\/agrupacionespsoe.es\/melilla\/moh-espana-se-une-con-derechos-progreso-y-convivencia\/#primaryimage\"},\"thumbnailUrl\":\"https:\/\/agrupacionespsoe.es\/melilla\/wp-content\/uploads\/sites\/120\/2024\/01\/ConPS.jpg\",\"datePublished\":\"2024-01-21T16:04:19+00:00\",\"dateModified\":\"2024-03-04T11:29:02+00:00\",\"breadcrumb\":{\"@id\":\"https:\/\/agrupacionespsoe.es\/melilla\/moh-espana-se-une-con-derechos-progreso-y-convivencia\/#breadcrumb\"},\"inLanguage\":\"es\",\"potentialAction\":[{\"@type\":\"ReadAction\",\"target\":[\"https:\/\/agrupacionespsoe.es\/melilla\/moh-espana-se-une-con-derechos-progreso-y-convivencia\/\"]}]},{\"@type\":\"ImageObject\",\"inLanguage\":\"es\",\"@id\":\"https:\/\/agrupacionespsoe.es\/melilla\/moh-espana-se-une-con-derechos-progreso-y-convivencia\/#primaryimage\",\"url\":\"https:\/\/agrupacionespsoe.es\/melilla\/wp-content\/uploads\/sites\/120\/2024\/01\/ConPS.jpg\",\"contentUrl\":\"https:\/\/agrupacionespsoe.es\/melilla\/wp-content\/uploads\/sites\/120\/2024\/01\/ConPS.jpg\",\"width\":1536,\"height\":1758},{\"@type\":\"BreadcrumbList\",\"@id\":\"https:\/\/agrupacionespsoe.es\/melilla\/moh-espana-se-une-con-derechos-progreso-y-convivencia\/#breadcrumb\",\"itemListElement\":[{\"@type\":\"ListItem\",\"position\":1,\"name\":\"Portada\",\"item\":\"https:\/\/agrupacionespsoe.es\/melilla\/\"},{\"@type\":\"ListItem\",\"position\":2,\"name\":\"Moh: \u201cEspa\u00f1a se une con derechos, progreso y convivencia\u201d\"}]},{\"@type\":\"WebSite\",\"@id\":\"https:\/\/agrupacionespsoe.es\/melilla\/#website\",\"url\":\"https:\/\/agrupacionespsoe.es\/melilla\/\",\"name\":\"Agrupaci\u00f3n Socialista de Melilla\",\"description\":\"Agrupaci\u00f3n Socialista de Melilla\",\"publisher\":{\"@id\":\"https:\/\/agrupacionespsoe.es\/melilla\/#organization\"},\"potentialAction\":[{\"@type\":\"SearchAction\",\"target\":{\"@type\":\"EntryPoint\",\"urlTemplate\":\"https:\/\/agrupacionespsoe.es\/melilla\/?s={search_term_string}\"},\"query-input\":{\"@type\":\"PropertyValueSpecification\",\"valueRequired\":true,\"valueName\":\"search_term_string\"}}],\"inLanguage\":\"es\"},{\"@type\":\"Organization\",\"@id\":\"https:\/\/agrupacionespsoe.es\/melilla\/#organization\",\"name\":\"Agrupaci\u00f3n Socialista de Melilla\",\"url\":\"https:\/\/agrupacionespsoe.es\/melilla\/\",\"logo\":{\"@type\":\"ImageObject\",\"inLanguage\":\"es\",\"@id\":\"https:\/\/agrupacionespsoe.es\/melilla\/#\/schema\/logo\/image\/\",\"url\":\"https:\/\/agrupacionespsoe.es\/wp-content\/uploads\/2022\/07\/Logotipo_electoral_del_PSOE.png\",\"contentUrl\":\"https:\/\/agrupacionespsoe.es\/wp-content\/uploads\/2022\/07\/Logotipo_electoral_del_PSOE.png\",\"width\":422,\"height\":422,\"caption\":\"Agrupaci\u00f3n Socialista de Melilla\"},\"image\":{\"@id\":\"https:\/\/agrupacionespsoe.es\/melilla\/#\/schema\/logo\/image\/\"}},{\"@type\":\"Person\",\"@id\":\"https:\/\/agrupacionespsoe.es\/melilla\/#\/schema\/person\/72bb3075a827d0ed0623682b96c92bd6\",\"name\":\"melilla2\",\"image\":{\"@type\":\"ImageObject\",\"inLanguage\":\"es\",\"@id\":\"https:\/\/agrupacionespsoe.es\/melilla\/#\/schema\/person\/image\/\",\"url\":\"https:\/\/secure.gravatar.com\/avatar\/489a178e794e59f00db13a448aabca16?s=96&d=mm&r=g\",\"contentUrl\":\"https:\/\/secure.gravatar.com\/avatar\/489a178e794e59f00db13a448aabca16?s=96&d=mm&r=g\",\"caption\":\"melilla2\"},\"url\":\"https:\/\/agrupacionespsoe.es\/melilla\/author\/melilla2\/\"}]}<\/script>\n<!-- \/ Yoast SEO plugin. -->","yoast_head_json":{"title":"Moh: \u201cEspa\u00f1a se une con derechos, progreso y convivencia\u201d - Agrupaci\u00f3n Socialista de Melilla","robots":{"index":"index","follow":"follow","max-snippet":"max-snippet:-1","max-image-preview":"max-image-preview:large","max-video-preview":"max-video-preview:-1"},"canonical":"https:\/\/agrupacionespsoe.es\/melilla\/moh-espana-se-une-con-derechos-progreso-y-convivencia\/","og_locale":"es_ES","og_type":"article","og_title":"Moh: \u201cEspa\u00f1a se une con derechos, progreso y convivencia\u201d - Agrupaci\u00f3n Socialista de Melilla","og_description":"La n\u00famero dos del PSOE local se pregunta por qu\u00e9 hay partidos que votan en contra de revalorizar las pensiones o rebajar la factura de la luz \u201cEspa\u00f1a, al igual que sucede con Melilla, se une con derechos, con progreso, con avances sociales, con convivencia y con respeto, que es lo que lleva m\u00e1s de ...","og_url":"https:\/\/agrupacionespsoe.es\/melilla\/moh-espana-se-une-con-derechos-progreso-y-convivencia\/","og_site_name":"Agrupaci\u00f3n Socialista de Melilla","article_published_time":"2024-01-21T16:04:19+00:00","article_modified_time":"2024-03-04T11:29:02+00:00","og_image":[{"width":1536,"height":1758,"url":"https:\/\/agrupacionespsoe.es\/melilla\/wp-content\/uploads\/sites\/120\/2024\/01\/ConPS.jpg","type":"image\/jpeg"}],"author":"melilla2","twitter_card":"summary_large_image","twitter_misc":{"Escrito por":"melilla2","Tiempo de lectura":"2 minutos"},"schema":{"@context":"https:\/\/schema.org","@graph":[{"@type":"Article","@id":"https:\/\/agrupacionespsoe.es\/melilla\/moh-espana-se-une-con-derechos-progreso-y-convivencia\/#article","isPartOf":{"@id":"https:\/\/agrupacionespsoe.es\/melilla\/moh-espana-se-une-con-derechos-progreso-y-convivencia\/"},"author":{"name":"melilla2","@id":"https:\/\/agrupacionespsoe.es\/melilla\/#\/schema\/person\/72bb3075a827d0ed0623682b96c92bd6"},"headline":"Moh: \u201cEspa\u00f1a se une con derechos, progreso y convivencia\u201d","datePublished":"2024-01-21T16:04:19+00:00","dateModified":"2024-03-04T11:29:02+00:00","mainEntityOfPage":{"@id":"https:\/\/agrupacionespsoe.es\/melilla\/moh-espana-se-une-con-derechos-progreso-y-convivencia\/"},"wordCount":380,"commentCount":0,"publisher":{"@id":"https:\/\/agrupacionespsoe.es\/melilla\/#organization"},"image":{"@id":"https:\/\/agrupacionespsoe.es\/melilla\/moh-espana-se-une-con-derechos-progreso-y-convivencia\/#primaryimage"},"thumbnailUrl":"https:\/\/agrupacionespsoe.es\/melilla\/wp-content\/uploads\/sites\/120\/2024\/01\/ConPS.jpg","inLanguage":"es","potentialAction":[{"@type":"CommentAction","name":"Comment","target":["https:\/\/agrupacionespsoe.es\/melilla\/moh-espana-se-une-con-derechos-progreso-y-convivencia\/#respond"]}]},{"@type":"WebPage","@id":"https:\/\/agrupacionespsoe.es\/melilla\/moh-espana-se-une-con-derechos-progreso-y-convivencia\/","url":"https:\/\/agrupacionespsoe.es\/melilla\/moh-espana-se-une-con-derechos-progreso-y-convivencia\/","name":"Moh: \u201cEspa\u00f1a se une con derechos, progreso y convivencia\u201d - Agrupaci\u00f3n Socialista de Melilla","isPartOf":{"@id":"https:\/\/agrupacionespsoe.es\/melilla\/#website"},"primaryImageOfPage":{"@id":"https:\/\/agrupacionespsoe.es\/melilla\/moh-espana-se-une-con-derechos-progreso-y-convivencia\/#primaryimage"},"image":{"@id":"https:\/\/agrupacionespsoe.es\/melilla\/moh-espana-se-une-con-derechos-progreso-y-convivencia\/#primaryimage"},"thumbnailUrl":"https:\/\/agrupacionespsoe.es\/melilla\/wp-content\/uploads\/sites\/120\/2024\/01\/ConPS.jpg","datePublished":"2024-01-21T16:04:19+00:00","dateModified":"2024-03-04T11:29:02+00:00","breadcrumb":{"@id":"https:\/\/agrupacionespsoe.es\/melilla\/moh-espana-se-une-con-derechos-progreso-y-convivencia\/#breadcrumb"},"inLanguage":"es","potentialAction":[{"@type":"ReadAction","target":["https:\/\/agrupacionespsoe.es\/melilla\/moh-espana-se-une-con-derechos-progreso-y-convivencia\/"]}]},{"@type":"ImageObject","inLanguage":"es","@id":"https:\/\/agrupacionespsoe.es\/melilla\/moh-espana-se-une-con-derechos-progreso-y-convivencia\/#primaryimage","url":"https:\/\/agrupacionespsoe.es\/melilla\/wp-content\/uploads\/sites\/120\/2024\/01\/ConPS.jpg","contentUrl":"https:\/\/agrupacionespsoe.es\/melilla\/wp-content\/uploads\/sites\/120\/2024\/01\/ConPS.jpg","width":1536,"height":1758},{"@type":"BreadcrumbList","@id":"https:\/\/agrupacionespsoe.es\/melilla\/moh-espana-se-une-con-derechos-progreso-y-convivencia\/#breadcrumb","itemListElement":[{"@type":"ListItem","position":1,"name":"Portada","item":"https:\/\/agrupacionespsoe.es\/melilla\/"},{"@type":"ListItem","position":2,"name":"Moh: \u201cEspa\u00f1a se une con derechos, progreso y convivencia\u201d"}]},{"@type":"WebSite","@id":"https:\/\/agrupacionespsoe.es\/melilla\/#website","url":"https:\/\/agrupacionespsoe.es\/melilla\/","name":"Agrupaci\u00f3n Socialista de Melilla","description":"Agrupaci\u00f3n Socialista de Melilla","publisher":{"@id":"https:\/\/agrupacionespsoe.es\/melilla\/#organization"},"potentialAction":[{"@type":"SearchAction","target":{"@type":"EntryPoint","urlTemplate":"https:\/\/agrupacionespsoe.es\/melilla\/?s={search_term_string}"},"query-input":{"@type":"PropertyValueSpecification","valueRequired":true,"valueName":"search_term_string"}}],"inLanguage":"es"},{"@type":"Organization","@id":"https:\/\/agrupacionespsoe.es\/melilla\/#organization","name":"Agrupaci\u00f3n Socialista de Melilla","url":"https:\/\/agrupacionespsoe.es\/melilla\/","logo":{"@type":"ImageObject","inLanguage":"es","@id":"https:\/\/agrupacionespsoe.es\/melilla\/#\/schema\/logo\/image\/","url":"https:\/\/agrupacionespsoe.es\/wp-content\/uploads\/2022\/07\/Logotipo_electoral_del_PSOE.png","contentUrl":"https:\/\/agrupacionespsoe.es\/wp-content\/uploads\/2022\/07\/Logotipo_electoral_del_PSOE.png","width":422,"height":422,"caption":"Agrupaci\u00f3n Socialista de Melilla"},"image":{"@id":"https:\/\/agrupacionespsoe.es\/melilla\/#\/schema\/logo\/image\/"}},{"@type":"Person","@id":"https:\/\/agrupacionespsoe.es\/melilla\/#\/schema\/person\/72bb3075a827d0ed0623682b96c92bd6","name":"melilla2","image":{"@type":"ImageObject","inLanguage":"es","@id":"https:\/\/agrupacionespsoe.es\/melilla\/#\/schema\/person\/image\/","url":"https:\/\/secure.gravatar.com\/avatar\/489a178e794e59f00db13a448aabca16?s=96&d=mm&r=g","contentUrl":"https:\/\/secure.gravatar.com\/avatar\/489a178e794e59f00db13a448aabca16?s=96&d=mm&r=g","caption":"melilla2"},"url":"https:\/\/agrupacionespsoe.es\/melilla\/author\/melilla2\/"}]}},"jetpack_featured_media_url":"https:\/\/agrupacionespsoe.es\/melilla\/wp-content\/uploads\/sites\/120\/2024\/01\/ConPS.jpg","jetpack_sharing_enabled":true,"_links":{"self":[{"href":"https:\/\/agrupacionespsoe.es\/melilla\/wp-json\/wp\/v2\/posts\/575","targetHints":{"allow":["GET"]}}],"collection":[{"href":"https:\/\/agrupacionespsoe.es\/melilla\/wp-json\/wp\/v2\/posts"}],"about":[{"href":"https:\/\/agrupacionespsoe.es\/melilla\/wp-json\/wp\/v2\/types\/post"}],"author":[{"embeddable":true,"href":"https:\/\/agrupacionespsoe.es\/melilla\/wp-json\/wp\/v2\/users\/187"}],"replies":[{"embeddable":true,"href":"https:\/\/agrupacionespsoe.es\/melilla\/wp-json\/wp\/v2\/comments?post=575"}],"version-history":[{"count":2,"href":"https:\/\/agrupacionespsoe.es\/melilla\/wp-json\/wp\/v2\/posts\/575\/revisions"}],"predecessor-version":[{"id":579,"href":"https:\/\/agrupacionespsoe.es\/melilla\/wp-json\/wp\/v2\/posts\/575\/revisions\/579"}],"wp:featuredmedia":[{"embeddable":true,"href":"https:\/\/agrupacionespsoe.es\/melilla\/wp-json\/wp\/v2\/media\/577"}],"wp:attachment":[{"href":"https:\/\/agrupacionespsoe.es\/melilla\/wp-json\/wp\/v2\/media?parent=575"}],"wp:term":[{"taxonomy":"category","embeddable":true,"href":"https:\/\/agrupacionespsoe.es\/melilla\/wp-json\/wp\/v2\/categories?post=575"},{"taxonomy":"post_tag","embeddable":true,"href":"https:\/\/agrupacionespsoe.es\/melilla\/wp-json\/wp\/v2\/tags?post=575"}],"curies":[{"name":"wp","href":"https:\/\/api.w.org\/{rel}","templated":true}]}}