{"id":569,"date":"2024-01-17T14:03:59","date_gmt":"2024-01-17T14:03:59","guid":{"rendered":"https:\/\/agrupacionespsoe.es\/melilla\/?p=569"},"modified":"2024-03-04T11:29:44","modified_gmt":"2024-03-04T11:29:44","slug":"el-psoe-celebra-la-eliminacion-del-termino-disminuido-de-la-constitucion-espanola","status":"publish","type":"post","link":"https:\/\/agrupacionespsoe.es\/melilla\/el-psoe-celebra-la-eliminacion-del-termino-disminuido-de-la-constitucion-espanola\/","title":{"rendered":"El PSOE celebra la eliminaci\u00f3n del t\u00e9rmino \u2018disminuido\u2019 de la Constituci\u00f3n Espa\u00f1ola"},"content":{"rendered":"\n<p><strong>Rojas: \u201cSe hace justicia con las personas que tienen alg\u00fan tipo de discapacidad y se da un paso m\u00e1s para lograr la igualdad real y plena\u201d <\/strong><\/p>\n\n\n\n<figure class=\"wp-block-image size-large is-resized\"><img loading=\"lazy\" decoding=\"async\" width=\"1024\" height=\"682\" src=\"https:\/\/agrupacionespsoe.es\/melilla\/wp-content\/uploads\/sites\/120\/2024\/01\/134d0380-8da2-452f-9498-d1cd80d3790f-1024x682.jpeg\" alt=\"\" class=\"wp-image-570\" style=\"width:631px;height:auto\" srcset=\"https:\/\/agrupacionespsoe.es\/melilla\/wp-content\/uploads\/sites\/120\/2024\/01\/134d0380-8da2-452f-9498-d1cd80d3790f-1024x682.jpeg 1024w, https:\/\/agrupacionespsoe.es\/melilla\/wp-content\/uploads\/sites\/120\/2024\/01\/134d0380-8da2-452f-9498-d1cd80d3790f-300x200.jpeg 300w, https:\/\/agrupacionespsoe.es\/melilla\/wp-content\/uploads\/sites\/120\/2024\/01\/134d0380-8da2-452f-9498-d1cd80d3790f-768x512.jpeg 768w, https:\/\/agrupacionespsoe.es\/melilla\/wp-content\/uploads\/sites\/120\/2024\/01\/134d0380-8da2-452f-9498-d1cd80d3790f-1536x1023.jpeg 1536w, https:\/\/agrupacionespsoe.es\/melilla\/wp-content\/uploads\/sites\/120\/2024\/01\/134d0380-8da2-452f-9498-d1cd80d3790f.jpeg 1600w\" sizes=\"auto, (max-width: 1024px) 100vw, 1024px\" \/><\/figure>\n\n\n\n<p>La Secretaria General del PSOE de Melilla y Portavoz del Grupo Socialista, Gloria Rojas, se ha congratulado por la eliminaci\u00f3n del t\u00e9rmino \u2018disminuido\u2019 del art\u00edculo 49 de la Constituci\u00f3n Espa\u00f1ola, que ser\u00e1 sustituido por \u2018personas con discapacidad\u2019.<\/p>\n\n\n\n<p>En palabras de la n\u00famero uno de los socialistas melillenses, gracias a esta modificaci\u00f3n de la Carta Magna, se hace justicia con las personas que tienen alg\u00fan tipo de discapacidad.<\/p>\n\n\n\n<p>Seg\u00fan Rojas, modificar este t\u00e9rmino es un avance para todos dado que, \u201cnos dignificar\u00e1 como sociedad, porque las palabras que empleamos importan. La manera en la que identificamos a un colectivo afecta a su identidad y autoestima, pero tambi\u00e9n nos define a quienes la empleamos\u201d.<\/p>\n\n\n\n<p>La l\u00edder de los socialistas locales ha dejado claro que la modificaci\u00f3n de la terminolog\u00eda de nuestra Carta Magna es esencial no solo porque supone la designaci\u00f3n de forma digna y justa a las personas con discapacidad, sino porque, adem\u00e1s, la modificaci\u00f3n implica que se recoger\u00e1 expl\u00edcitamente que las personas con discapacidad tendr\u00e1n el derecho constitucional de exigir a los poderes p\u00fablicos pol\u00edticas que garanticen la plena autonom\u00eda personal y la inclusi\u00f3n social, expresamente en entornos universalmente accesibles.<\/p>\n\n\n\n<p>Por todo ello, Rojas ha apuntado que se trata de \u201cun paso m\u00e1s en la eliminaci\u00f3n de barreras y a favor de la igualdad real y plena\u201d y ha avanzado que el PSOE seguir\u00e1 trabajando en esta direcci\u00f3n para conseguir la plena inclusi\u00f3n en todas las \u00e1reas de la sociedad.<\/p>\n\n\n\n<p>Rojas ha querido poner en valor la magn\u00edfica labor que realiza el Comit\u00e9 Espa\u00f1ol de Representantes de Personas con Discapacidad (CERMI), al que ha gradecido su esfuerzo y trabajo que hacen en pro de los derechos de las personas con discapacidad.<\/p>\n","protected":false},"excerpt":{"rendered":"<p>Rojas: \u201cSe hace justicia con las personas que tienen alg\u00fan tipo de discapacidad y se da un paso m\u00e1s para lograr la igualdad real y plena\u201d La Secretaria General del PSOE de Melilla y Portavoz del Grupo Socialista, Gloria Rojas, se ha congratulado por la eliminaci\u00f3n del t\u00e9rmino \u2018disminuido\u2019 del art\u00edculo 49 de la Constituci\u00f3n &#8230;<\/p>\n","protected":false},"author":187,"featured_media":570,"comment_status":"open","ping_status":"open","sticky":false,"template":"","format":"standard","meta":{"_jetpack_memberships_contains_paid_content":false,"footnotes":""},"categories":[1],"tags":[],"class_list":["post-569","post","type-post","status-publish","format-standard","has-post-thumbnail","hentry","category-sin-categoria"],"yoast_head":"<!-- This site is optimized with the Yoast SEO plugin v24.0 - https:\/\/yoast.com\/wordpress\/plugins\/seo\/ -->\n<title>El PSOE celebra la eliminaci\u00f3n del t\u00e9rmino \u2018disminuido\u2019 de la Constituci\u00f3n Espa\u00f1ola - Agrupaci\u00f3n Socialista de Melilla<\/title>\n<meta name=\"robots\" content=\"index, follow, max-snippet:-1, max-image-preview:large, max-video-preview:-1\" \/>\n<link rel=\"canonical\" href=\"https:\/\/agrupacionespsoe.es\/melilla\/el-psoe-celebra-la-eliminacion-del-termino-disminuido-de-la-constitucion-espanola\/\" \/>\n<meta property=\"og:locale\" content=\"es_ES\" \/>\n<meta property=\"og:type\" content=\"article\" \/>\n<meta property=\"og:title\" content=\"El PSOE celebra la eliminaci\u00f3n del t\u00e9rmino \u2018disminuido\u2019 de la Constituci\u00f3n Espa\u00f1ola - Agrupaci\u00f3n Socialista de Melilla\" \/>\n<meta property=\"og:description\" content=\"Rojas: \u201cSe hace justicia con las personas que tienen alg\u00fan tipo de discapacidad y se da un paso m\u00e1s para lograr la igualdad real y plena\u201d La Secretaria General del PSOE de Melilla y Portavoz del Grupo Socialista, Gloria Rojas, se ha congratulado por la eliminaci\u00f3n del t\u00e9rmino \u2018disminuido\u2019 del art\u00edculo 49 de la Constituci\u00f3n ...\" \/>\n<meta property=\"og:url\" content=\"https:\/\/agrupacionespsoe.es\/melilla\/el-psoe-celebra-la-eliminacion-del-termino-disminuido-de-la-constitucion-espanola\/\" \/>\n<meta property=\"og:site_name\" content=\"Agrupaci\u00f3n Socialista de Melilla\" \/>\n<meta property=\"article:published_time\" content=\"2024-01-17T14:03:59+00:00\" \/>\n<meta property=\"article:modified_time\" content=\"2024-03-04T11:29:44+00:00\" \/>\n<meta property=\"og:image\" content=\"https:\/\/agrupacionespsoe.es\/melilla\/wp-content\/uploads\/sites\/120\/2024\/01\/134d0380-8da2-452f-9498-d1cd80d3790f.jpeg\" \/>\n\t<meta property=\"og:image:width\" content=\"1600\" \/>\n\t<meta property=\"og:image:height\" content=\"1066\" \/>\n\t<meta property=\"og:image:type\" content=\"image\/jpeg\" \/>\n<meta name=\"author\" content=\"melilla2\" \/>\n<meta name=\"twitter:card\" content=\"summary_large_image\" \/>\n<meta name=\"twitter:label1\" content=\"Escrito por\" \/>\n\t<meta name=\"twitter:data1\" content=\"melilla2\" \/>\n\t<meta name=\"twitter:label2\" content=\"Tiempo de lectura\" \/>\n\t<meta name=\"twitter:data2\" content=\"2 minutos\" \/>\n<script type=\"application\/ld+json\" class=\"yoast-schema-graph\">{\"@context\":\"https:\/\/schema.org\",\"@graph\":[{\"@type\":\"Article\",\"@id\":\"https:\/\/agrupacionespsoe.es\/melilla\/el-psoe-celebra-la-eliminacion-del-termino-disminuido-de-la-constitucion-espanola\/#article\",\"isPartOf\":{\"@id\":\"https:\/\/agrupacionespsoe.es\/melilla\/el-psoe-celebra-la-eliminacion-del-termino-disminuido-de-la-constitucion-espanola\/\"},\"author\":{\"name\":\"melilla2\",\"@id\":\"https:\/\/agrupacionespsoe.es\/melilla\/#\/schema\/person\/72bb3075a827d0ed0623682b96c92bd6\"},\"headline\":\"El PSOE celebra la eliminaci\u00f3n del t\u00e9rmino \u2018disminuido\u2019 de la Constituci\u00f3n Espa\u00f1ola\",\"datePublished\":\"2024-01-17T14:03:59+00:00\",\"dateModified\":\"2024-03-04T11:29:44+00:00\",\"mainEntityOfPage\":{\"@id\":\"https:\/\/agrupacionespsoe.es\/melilla\/el-psoe-celebra-la-eliminacion-del-termino-disminuido-de-la-constitucion-espanola\/\"},\"wordCount\":353,\"commentCount\":0,\"publisher\":{\"@id\":\"https:\/\/agrupacionespsoe.es\/melilla\/#organization\"},\"image\":{\"@id\":\"https:\/\/agrupacionespsoe.es\/melilla\/el-psoe-celebra-la-eliminacion-del-termino-disminuido-de-la-constitucion-espanola\/#primaryimage\"},\"thumbnailUrl\":\"https:\/\/agrupacionespsoe.es\/melilla\/wp-content\/uploads\/sites\/120\/2024\/01\/134d0380-8da2-452f-9498-d1cd80d3790f.jpeg\",\"inLanguage\":\"es\",\"potentialAction\":[{\"@type\":\"CommentAction\",\"name\":\"Comment\",\"target\":[\"https:\/\/agrupacionespsoe.es\/melilla\/el-psoe-celebra-la-eliminacion-del-termino-disminuido-de-la-constitucion-espanola\/#respond\"]}]},{\"@type\":\"WebPage\",\"@id\":\"https:\/\/agrupacionespsoe.es\/melilla\/el-psoe-celebra-la-eliminacion-del-termino-disminuido-de-la-constitucion-espanola\/\",\"url\":\"https:\/\/agrupacionespsoe.es\/melilla\/el-psoe-celebra-la-eliminacion-del-termino-disminuido-de-la-constitucion-espanola\/\",\"name\":\"El PSOE celebra la eliminaci\u00f3n del t\u00e9rmino \u2018disminuido\u2019 de la Constituci\u00f3n Espa\u00f1ola - Agrupaci\u00f3n Socialista de Melilla\",\"isPartOf\":{\"@id\":\"https:\/\/agrupacionespsoe.es\/melilla\/#website\"},\"primaryImageOfPage\":{\"@id\":\"https:\/\/agrupacionespsoe.es\/melilla\/el-psoe-celebra-la-eliminacion-del-termino-disminuido-de-la-constitucion-espanola\/#primaryimage\"},\"image\":{\"@id\":\"https:\/\/agrupacionespsoe.es\/melilla\/el-psoe-celebra-la-eliminacion-del-termino-disminuido-de-la-constitucion-espanola\/#primaryimage\"},\"thumbnailUrl\":\"https:\/\/agrupacionespsoe.es\/melilla\/wp-content\/uploads\/sites\/120\/2024\/01\/134d0380-8da2-452f-9498-d1cd80d3790f.jpeg\",\"datePublished\":\"2024-01-17T14:03:59+00:00\",\"dateModified\":\"2024-03-04T11:29:44+00:00\",\"breadcrumb\":{\"@id\":\"https:\/\/agrupacionespsoe.es\/melilla\/el-psoe-celebra-la-eliminacion-del-termino-disminuido-de-la-constitucion-espanola\/#breadcrumb\"},\"inLanguage\":\"es\",\"potentialAction\":[{\"@type\":\"ReadAction\",\"target\":[\"https:\/\/agrupacionespsoe.es\/melilla\/el-psoe-celebra-la-eliminacion-del-termino-disminuido-de-la-constitucion-espanola\/\"]}]},{\"@type\":\"ImageObject\",\"inLanguage\":\"es\",\"@id\":\"https:\/\/agrupacionespsoe.es\/melilla\/el-psoe-celebra-la-eliminacion-del-termino-disminuido-de-la-constitucion-espanola\/#primaryimage\",\"url\":\"https:\/\/agrupacionespsoe.es\/melilla\/wp-content\/uploads\/sites\/120\/2024\/01\/134d0380-8da2-452f-9498-d1cd80d3790f.jpeg\",\"contentUrl\":\"https:\/\/agrupacionespsoe.es\/melilla\/wp-content\/uploads\/sites\/120\/2024\/01\/134d0380-8da2-452f-9498-d1cd80d3790f.jpeg\",\"width\":1600,\"height\":1066},{\"@type\":\"BreadcrumbList\",\"@id\":\"https:\/\/agrupacionespsoe.es\/melilla\/el-psoe-celebra-la-eliminacion-del-termino-disminuido-de-la-constitucion-espanola\/#breadcrumb\",\"itemListElement\":[{\"@type\":\"ListItem\",\"position\":1,\"name\":\"Portada\",\"item\":\"https:\/\/agrupacionespsoe.es\/melilla\/\"},{\"@type\":\"ListItem\",\"position\":2,\"name\":\"El PSOE celebra la eliminaci\u00f3n del t\u00e9rmino \u2018disminuido\u2019 de la Constituci\u00f3n Espa\u00f1ola\"}]},{\"@type\":\"WebSite\",\"@id\":\"https:\/\/agrupacionespsoe.es\/melilla\/#website\",\"url\":\"https:\/\/agrupacionespsoe.es\/melilla\/\",\"name\":\"Agrupaci\u00f3n Socialista de Melilla\",\"description\":\"Agrupaci\u00f3n Socialista de Melilla\",\"publisher\":{\"@id\":\"https:\/\/agrupacionespsoe.es\/melilla\/#organization\"},\"potentialAction\":[{\"@type\":\"SearchAction\",\"target\":{\"@type\":\"EntryPoint\",\"urlTemplate\":\"https:\/\/agrupacionespsoe.es\/melilla\/?s={search_term_string}\"},\"query-input\":{\"@type\":\"PropertyValueSpecification\",\"valueRequired\":true,\"valueName\":\"search_term_string\"}}],\"inLanguage\":\"es\"},{\"@type\":\"Organization\",\"@id\":\"https:\/\/agrupacionespsoe.es\/melilla\/#organization\",\"name\":\"Agrupaci\u00f3n Socialista de Melilla\",\"url\":\"https:\/\/agrupacionespsoe.es\/melilla\/\",\"logo\":{\"@type\":\"ImageObject\",\"inLanguage\":\"es\",\"@id\":\"https:\/\/agrupacionespsoe.es\/melilla\/#\/schema\/logo\/image\/\",\"url\":\"https:\/\/agrupacionespsoe.es\/wp-content\/uploads\/2022\/07\/Logotipo_electoral_del_PSOE.png\",\"contentUrl\":\"https:\/\/agrupacionespsoe.es\/wp-content\/uploads\/2022\/07\/Logotipo_electoral_del_PSOE.png\",\"width\":422,\"height\":422,\"caption\":\"Agrupaci\u00f3n Socialista de Melilla\"},\"image\":{\"@id\":\"https:\/\/agrupacionespsoe.es\/melilla\/#\/schema\/logo\/image\/\"}},{\"@type\":\"Person\",\"@id\":\"https:\/\/agrupacionespsoe.es\/melilla\/#\/schema\/person\/72bb3075a827d0ed0623682b96c92bd6\",\"name\":\"melilla2\",\"image\":{\"@type\":\"ImageObject\",\"inLanguage\":\"es\",\"@id\":\"https:\/\/agrupacionespsoe.es\/melilla\/#\/schema\/person\/image\/\",\"url\":\"https:\/\/secure.gravatar.com\/avatar\/489a178e794e59f00db13a448aabca16?s=96&d=mm&r=g\",\"contentUrl\":\"https:\/\/secure.gravatar.com\/avatar\/489a178e794e59f00db13a448aabca16?s=96&d=mm&r=g\",\"caption\":\"melilla2\"},\"url\":\"https:\/\/agrupacionespsoe.es\/melilla\/author\/melilla2\/\"}]}<\/script>\n<!-- \/ Yoast SEO plugin. -->","yoast_head_json":{"title":"El PSOE celebra la eliminaci\u00f3n del t\u00e9rmino \u2018disminuido\u2019 de la Constituci\u00f3n Espa\u00f1ola - Agrupaci\u00f3n Socialista de Melilla","robots":{"index":"index","follow":"follow","max-snippet":"max-snippet:-1","max-image-preview":"max-image-preview:large","max-video-preview":"max-video-preview:-1"},"canonical":"https:\/\/agrupacionespsoe.es\/melilla\/el-psoe-celebra-la-eliminacion-del-termino-disminuido-de-la-constitucion-espanola\/","og_locale":"es_ES","og_type":"article","og_title":"El PSOE celebra la eliminaci\u00f3n del t\u00e9rmino \u2018disminuido\u2019 de la Constituci\u00f3n Espa\u00f1ola - Agrupaci\u00f3n Socialista de Melilla","og_description":"Rojas: \u201cSe hace justicia con las personas que tienen alg\u00fan tipo de discapacidad y se da un paso m\u00e1s para lograr la igualdad real y plena\u201d La Secretaria General del PSOE de Melilla y Portavoz del Grupo Socialista, Gloria Rojas, se ha congratulado por la eliminaci\u00f3n del t\u00e9rmino \u2018disminuido\u2019 del art\u00edculo 49 de la Constituci\u00f3n ...","og_url":"https:\/\/agrupacionespsoe.es\/melilla\/el-psoe-celebra-la-eliminacion-del-termino-disminuido-de-la-constitucion-espanola\/","og_site_name":"Agrupaci\u00f3n Socialista de Melilla","article_published_time":"2024-01-17T14:03:59+00:00","article_modified_time":"2024-03-04T11:29:44+00:00","og_image":[{"width":1600,"height":1066,"url":"https:\/\/agrupacionespsoe.es\/melilla\/wp-content\/uploads\/sites\/120\/2024\/01\/134d0380-8da2-452f-9498-d1cd80d3790f.jpeg","type":"image\/jpeg"}],"author":"melilla2","twitter_card":"summary_large_image","twitter_misc":{"Escrito por":"melilla2","Tiempo de lectura":"2 minutos"},"schema":{"@context":"https:\/\/schema.org","@graph":[{"@type":"Article","@id":"https:\/\/agrupacionespsoe.es\/melilla\/el-psoe-celebra-la-eliminacion-del-termino-disminuido-de-la-constitucion-espanola\/#article","isPartOf":{"@id":"https:\/\/agrupacionespsoe.es\/melilla\/el-psoe-celebra-la-eliminacion-del-termino-disminuido-de-la-constitucion-espanola\/"},"author":{"name":"melilla2","@id":"https:\/\/agrupacionespsoe.es\/melilla\/#\/schema\/person\/72bb3075a827d0ed0623682b96c92bd6"},"headline":"El PSOE celebra la eliminaci\u00f3n del t\u00e9rmino \u2018disminuido\u2019 de la Constituci\u00f3n Espa\u00f1ola","datePublished":"2024-01-17T14:03:59+00:00","dateModified":"2024-03-04T11:29:44+00:00","mainEntityOfPage":{"@id":"https:\/\/agrupacionespsoe.es\/melilla\/el-psoe-celebra-la-eliminacion-del-termino-disminuido-de-la-constitucion-espanola\/"},"wordCount":353,"commentCount":0,"publisher":{"@id":"https:\/\/agrupacionespsoe.es\/melilla\/#organization"},"image":{"@id":"https:\/\/agrupacionespsoe.es\/melilla\/el-psoe-celebra-la-eliminacion-del-termino-disminuido-de-la-constitucion-espanola\/#primaryimage"},"thumbnailUrl":"https:\/\/agrupacionespsoe.es\/melilla\/wp-content\/uploads\/sites\/120\/2024\/01\/134d0380-8da2-452f-9498-d1cd80d3790f.jpeg","inLanguage":"es","potentialAction":[{"@type":"CommentAction","name":"Comment","target":["https:\/\/agrupacionespsoe.es\/melilla\/el-psoe-celebra-la-eliminacion-del-termino-disminuido-de-la-constitucion-espanola\/#respond"]}]},{"@type":"WebPage","@id":"https:\/\/agrupacionespsoe.es\/melilla\/el-psoe-celebra-la-eliminacion-del-termino-disminuido-de-la-constitucion-espanola\/","url":"https:\/\/agrupacionespsoe.es\/melilla\/el-psoe-celebra-la-eliminacion-del-termino-disminuido-de-la-constitucion-espanola\/","name":"El PSOE celebra la eliminaci\u00f3n del t\u00e9rmino \u2018disminuido\u2019 de la Constituci\u00f3n Espa\u00f1ola - Agrupaci\u00f3n Socialista de Melilla","isPartOf":{"@id":"https:\/\/agrupacionespsoe.es\/melilla\/#website"},"primaryImageOfPage":{"@id":"https:\/\/agrupacionespsoe.es\/melilla\/el-psoe-celebra-la-eliminacion-del-termino-disminuido-de-la-constitucion-espanola\/#primaryimage"},"image":{"@id":"https:\/\/agrupacionespsoe.es\/melilla\/el-psoe-celebra-la-eliminacion-del-termino-disminuido-de-la-constitucion-espanola\/#primaryimage"},"thumbnailUrl":"https:\/\/agrupacionespsoe.es\/melilla\/wp-content\/uploads\/sites\/120\/2024\/01\/134d0380-8da2-452f-9498-d1cd80d3790f.jpeg","datePublished":"2024-01-17T14:03:59+00:00","dateModified":"2024-03-04T11:29:44+00:00","breadcrumb":{"@id":"https:\/\/agrupacionespsoe.es\/melilla\/el-psoe-celebra-la-eliminacion-del-termino-disminuido-de-la-constitucion-espanola\/#breadcrumb"},"inLanguage":"es","potentialAction":[{"@type":"ReadAction","target":["https:\/\/agrupacionespsoe.es\/melilla\/el-psoe-celebra-la-eliminacion-del-termino-disminuido-de-la-constitucion-espanola\/"]}]},{"@type":"ImageObject","inLanguage":"es","@id":"https:\/\/agrupacionespsoe.es\/melilla\/el-psoe-celebra-la-eliminacion-del-termino-disminuido-de-la-constitucion-espanola\/#primaryimage","url":"https:\/\/agrupacionespsoe.es\/melilla\/wp-content\/uploads\/sites\/120\/2024\/01\/134d0380-8da2-452f-9498-d1cd80d3790f.jpeg","contentUrl":"https:\/\/agrupacionespsoe.es\/melilla\/wp-content\/uploads\/sites\/120\/2024\/01\/134d0380-8da2-452f-9498-d1cd80d3790f.jpeg","width":1600,"height":1066},{"@type":"BreadcrumbList","@id":"https:\/\/agrupacionespsoe.es\/melilla\/el-psoe-celebra-la-eliminacion-del-termino-disminuido-de-la-constitucion-espanola\/#breadcrumb","itemListElement":[{"@type":"ListItem","position":1,"name":"Portada","item":"https:\/\/agrupacionespsoe.es\/melilla\/"},{"@type":"ListItem","position":2,"name":"El PSOE celebra la eliminaci\u00f3n del t\u00e9rmino \u2018disminuido\u2019 de la Constituci\u00f3n Espa\u00f1ola"}]},{"@type":"WebSite","@id":"https:\/\/agrupacionespsoe.es\/melilla\/#website","url":"https:\/\/agrupacionespsoe.es\/melilla\/","name":"Agrupaci\u00f3n Socialista de Melilla","description":"Agrupaci\u00f3n Socialista de Melilla","publisher":{"@id":"https:\/\/agrupacionespsoe.es\/melilla\/#organization"},"potentialAction":[{"@type":"SearchAction","target":{"@type":"EntryPoint","urlTemplate":"https:\/\/agrupacionespsoe.es\/melilla\/?s={search_term_string}"},"query-input":{"@type":"PropertyValueSpecification","valueRequired":true,"valueName":"search_term_string"}}],"inLanguage":"es"},{"@type":"Organization","@id":"https:\/\/agrupacionespsoe.es\/melilla\/#organization","name":"Agrupaci\u00f3n Socialista de Melilla","url":"https:\/\/agrupacionespsoe.es\/melilla\/","logo":{"@type":"ImageObject","inLanguage":"es","@id":"https:\/\/agrupacionespsoe.es\/melilla\/#\/schema\/logo\/image\/","url":"https:\/\/agrupacionespsoe.es\/wp-content\/uploads\/2022\/07\/Logotipo_electoral_del_PSOE.png","contentUrl":"https:\/\/agrupacionespsoe.es\/wp-content\/uploads\/2022\/07\/Logotipo_electoral_del_PSOE.png","width":422,"height":422,"caption":"Agrupaci\u00f3n Socialista de Melilla"},"image":{"@id":"https:\/\/agrupacionespsoe.es\/melilla\/#\/schema\/logo\/image\/"}},{"@type":"Person","@id":"https:\/\/agrupacionespsoe.es\/melilla\/#\/schema\/person\/72bb3075a827d0ed0623682b96c92bd6","name":"melilla2","image":{"@type":"ImageObject","inLanguage":"es","@id":"https:\/\/agrupacionespsoe.es\/melilla\/#\/schema\/person\/image\/","url":"https:\/\/secure.gravatar.com\/avatar\/489a178e794e59f00db13a448aabca16?s=96&d=mm&r=g","contentUrl":"https:\/\/secure.gravatar.com\/avatar\/489a178e794e59f00db13a448aabca16?s=96&d=mm&r=g","caption":"melilla2"},"url":"https:\/\/agrupacionespsoe.es\/melilla\/author\/melilla2\/"}]}},"jetpack_featured_media_url":"https:\/\/agrupacionespsoe.es\/melilla\/wp-content\/uploads\/sites\/120\/2024\/01\/134d0380-8da2-452f-9498-d1cd80d3790f.jpeg","jetpack_sharing_enabled":true,"_links":{"self":[{"href":"https:\/\/agrupacionespsoe.es\/melilla\/wp-json\/wp\/v2\/posts\/569","targetHints":{"allow":["GET"]}}],"collection":[{"href":"https:\/\/agrupacionespsoe.es\/melilla\/wp-json\/wp\/v2\/posts"}],"about":[{"href":"https:\/\/agrupacionespsoe.es\/melilla\/wp-json\/wp\/v2\/types\/post"}],"author":[{"embeddable":true,"href":"https:\/\/agrupacionespsoe.es\/melilla\/wp-json\/wp\/v2\/users\/187"}],"replies":[{"embeddable":true,"href":"https:\/\/agrupacionespsoe.es\/melilla\/wp-json\/wp\/v2\/comments?post=569"}],"version-history":[{"count":1,"href":"https:\/\/agrupacionespsoe.es\/melilla\/wp-json\/wp\/v2\/posts\/569\/revisions"}],"predecessor-version":[{"id":571,"href":"https:\/\/agrupacionespsoe.es\/melilla\/wp-json\/wp\/v2\/posts\/569\/revisions\/571"}],"wp:featuredmedia":[{"embeddable":true,"href":"https:\/\/agrupacionespsoe.es\/melilla\/wp-json\/wp\/v2\/media\/570"}],"wp:attachment":[{"href":"https:\/\/agrupacionespsoe.es\/melilla\/wp-json\/wp\/v2\/media?parent=569"}],"wp:term":[{"taxonomy":"category","embeddable":true,"href":"https:\/\/agrupacionespsoe.es\/melilla\/wp-json\/wp\/v2\/categories?post=569"},{"taxonomy":"post_tag","embeddable":true,"href":"https:\/\/agrupacionespsoe.es\/melilla\/wp-json\/wp\/v2\/tags?post=569"}],"curies":[{"name":"wp","href":"https:\/\/api.w.org\/{rel}","templated":true}]}}