{"id":553,"date":"2023-11-07T14:29:59","date_gmt":"2023-11-07T14:29:59","guid":{"rendered":"https:\/\/agrupacionespsoe.es\/melilla\/?p=553"},"modified":"2024-03-04T11:30:54","modified_gmt":"2024-03-04T11:30:54","slug":"rojas-pide-a-la-derecha-que-ponga-fin-a-insultos-y-ataques-solo-se-rompe-espana-cuando-gobierna-el-pp","status":"publish","type":"post","link":"https:\/\/agrupacionespsoe.es\/melilla\/rojas-pide-a-la-derecha-que-ponga-fin-a-insultos-y-ataques-solo-se-rompe-espana-cuando-gobierna-el-pp\/","title":{"rendered":"Rojas pide a la derecha que ponga fin a insultos y ataques: \u201cSolo se rompe Espa\u00f1a cuando gobierna el PP\u201d\u00a0"},"content":{"rendered":"\n<p><strong>\u201cAl PP y Vox no les importa la amnist\u00eda, ni Espa\u00f1a, ni la Constituci\u00f3n. No van a gobernar este pa\u00eds y no lo pueden soportar\u201d, deja claro<\/strong><\/p>\n\n\n\n<figure class=\"wp-block-image size-large\"><img loading=\"lazy\" decoding=\"async\" width=\"1024\" height=\"577\" src=\"https:\/\/agrupacionespsoe.es\/melilla\/wp-content\/uploads\/sites\/120\/2023\/11\/6ca85967-4224-4dac-85e9-0122900434c0-1024x577.jpeg\" alt=\"\" class=\"wp-image-554\" srcset=\"https:\/\/agrupacionespsoe.es\/melilla\/wp-content\/uploads\/sites\/120\/2023\/11\/6ca85967-4224-4dac-85e9-0122900434c0-1024x577.jpeg 1024w, https:\/\/agrupacionespsoe.es\/melilla\/wp-content\/uploads\/sites\/120\/2023\/11\/6ca85967-4224-4dac-85e9-0122900434c0-300x169.jpeg 300w, https:\/\/agrupacionespsoe.es\/melilla\/wp-content\/uploads\/sites\/120\/2023\/11\/6ca85967-4224-4dac-85e9-0122900434c0-768x432.jpeg 768w, https:\/\/agrupacionespsoe.es\/melilla\/wp-content\/uploads\/sites\/120\/2023\/11\/6ca85967-4224-4dac-85e9-0122900434c0-1536x865.jpeg 1536w, https:\/\/agrupacionespsoe.es\/melilla\/wp-content\/uploads\/sites\/120\/2023\/11\/6ca85967-4224-4dac-85e9-0122900434c0.jpeg 1600w\" sizes=\"auto, (max-width: 1024px) 100vw, 1024px\" \/><\/figure>\n\n\n\n<p>La Secretaria General del PSOE de Melilla, Gloria Rojas, ha instado a la derecha y&nbsp; a la ultraderecha, \u201cque van de la mano\u201d, que pongan fin a los insultos y ataques que est\u00e1n llevando a cabo contra los militantes y sedes socialistas en los diferentes puntos del pa\u00eds y ha recordado que Espa\u00f1a \u201csolo se rompe cuando gobierna el PP\u201d.<\/p>\n\n\n\n<p>En comparecencia p\u00fablica, la l\u00edder de los socialistas locales, ha denunciado la estrategia que est\u00e1n llevando a cabo PP y Vox de \u201ccalle, insulto y descalificaci\u00f3n\u201d a pesar de que no les importa \u201cni la amnist\u00eda, ni Espa\u00f1a, ni la Constituci\u00f3n\u201d y que toda esta campa\u00f1a se debe exclusivamente a que se han truncado las expectativas de PP y de Vox de ostentar el Gobierno. \u201cNo van a gobernar este pa\u00eds y eso no lo pueden soportar y, al no poder hacerlo, est\u00e1n totalmente frustrados\u201d, ha se\u00f1alado.<\/p>\n\n\n\n<p>Sin embargo, Rojas ha apuntado que la actitud del PP y de Vox es muy peligrosa. \u201cTodas estas declaraciones, todas estas hip\u00e9rboles, exageraciones, miedos\u2026 est\u00e1n llevando a ataques en algunas sedes del PSOE de nuestro pa\u00eds\u201d, ha advertido, y ha recordado que se ha visto a la mism\u00edsima Esperanza Aguirre \u201ccortando el tr\u00e1fico en la puerta de Ferraz y acompa\u00f1ando a esos gritos de \u2018Viva Franco\u2019 e incluso insultando al Rey de Espa\u00f1a\u201d.<\/p>\n\n\n\n<p>\u201c\u00bfRealmente esto es lo que quiere el Partido Popular?\u201d, se ha preguntado Rojas, m\u00e1xime cuando los populares se dicen de s\u00ed mismos que son un partido de Estado y leal a Espa\u00f1a y a la Constituci\u00f3n.<\/p>\n\n\n\n<p>La Secretaria General de los socialistas locales ha dejado claro que esa lealtad de la que presumen los populares es mentira, dado que todo lo que est\u00e1 ocurriendo \u201cest\u00e1 amparado por el Partido Popular, que no le importa ni la amnist\u00eda, ni Espa\u00f1a, ni nada\u201d. \u201cSolo le importa hacer todo lo posible para que en Espa\u00f1a no haya un nuevo gobierno progresista, incluso estropeando la convivencia de Espa\u00f1a y tambi\u00e9n de Melilla\u201d, ha censurado.<\/p>\n\n\n\n<p>Rojas ha recordado que la derecha nunca acepta los resultados democr\u00e1ticos cuando no les son favorables. \u201cEl PP no quiere la democracia y, por lo tanto, no quiere a Espa\u00f1a\u201d, ha subrayado. Por ello, ha recalcado que, \u201csi hay una agresi\u00f3n o un incidente por este motivo, el responsable va a ser el Partido Popular\u201d.<\/p>\n\n\n\n<p><br>Es m\u00e1s, Rojas ha instado p\u00fablicamente al PP a condenar los insultos y agresiones que los ultras est\u00e1n llevando a cabo ante las sedes del Partido Socialista por los diferentes territorios. \u201c\u00bfLo van a condenar? Porque yo no lo he visto. No he visto ning\u00fan tweet ni ninguna declaraci\u00f3n de condena a todos estos insultos, agresiones o incidentes que se est\u00e1n viviendo en algunas sedes del Partido Socialista por todo el Estado\u201d, ha se\u00f1alado.<\/p>\n\n\n\n<p>\u201cQue sepa el Partido Popular que, amparando, apoyando y, por supuesto, alentando todo este tipo de declaraciones y de manifestaciones, est\u00e1n destrozando la convivencia y avivando el odio en nuestra sociedad\u201d, ha advertido.<\/p>\n\n\n\n<p><strong>Una historia que se repite<\/strong><\/p>\n\n\n\n<p>\u201cEl Partido Popular no cree en la democracia, ni en la Constituci\u00f3n, ni en la pluralidad del pa\u00eds\u201d, ha aseverado la n\u00famero uno del PSOE melillense, no solo en referencia a lo que se est\u00e1 viviendo estos d\u00edas sino \u201ca lo que hemos vivido en Espa\u00f1a siempre que ha habido un Gobierno del PSOE, porque el PP siempre se han comportado igual\u201d.<\/p>\n\n\n\n<p>As\u00ed, ha recordado que cuando se vot\u00f3 la Constituci\u00f3n, la mitad de los diputados de la entonces Alianza Popular, el origen del Partido Popular, no la apoyaron. Y que, adem\u00e1s, el Partido Popular de ahora lleva cinco a\u00f1os incumpliendo esa Constituci\u00f3n, impidiendo la renovaci\u00f3n del Consejo General del Poder Judicial.<\/p>\n\n\n\n<p>Adem\u00e1s, se ha referido a la doble moral del Partido Popular y a las cesiones que Aznar realiz\u00f3 ante Jordi Pujol para ser Presidente. \u201cLas mayores cesiones a Catalu\u00f1a que se han hecho en la historia de este pa\u00eds las firm\u00f3 Aznar en los pactos del Majestic para ser investido presidente\u201d, ha recordado y, sin embargo \u201cen aquel momento nadie habl\u00f3 de repetir elecciones\u201d.<\/p>\n\n\n\n<p>No solo eso, Rojas ha explicado que lo que la Constituci\u00f3n no permite son los indultos generales sobre condenas penales firmes. Sin embargo, Aznar, \u201cese se\u00f1or que ahora se escandaliza tanto, en el a\u00f1o 2000, en un Consejo de Ministros aprob\u00f3 del tir\u00f3n, en un mismo d\u00eda, 1.443 indultos sin argumentar ning\u00fan tema de inter\u00e9s general y de todo tipo de delitos. Y no pas\u00f3 nada\u201d. Aznar, adem\u00e1s, en 1996, indult\u00f3 a 15 terroristas de Terra Lliure y ha sido el que m\u00e1s presos de ETA ha acercado al Pa\u00eds Vasco.<\/p>\n\n\n\n<p>En su intervenci\u00f3n, la l\u00edder del PSOE tambi\u00e9n ha recordado que Mariano Rajoy exigi\u00f3 a Rodr\u00edguez Zapatero un refer\u00e9ndum en Catalu\u00f1a, pero \u201cde eso no se acuerdan\u201d. Como tampoco recuerdan que Rajoy aprob\u00f3 una amnist\u00eda fiscal que perdon\u00f3 a m\u00e1s de 30.000 defraudadores pagar sus deudas a Espa\u00f1a, entre ellos a Rodrigo Rato, a B\u00e1rcenas y a familiares de los Pujol.<\/p>\n\n\n\n<p>Y, por si fuera poco, Rajoy, en el a\u00f1o 2017, ofreci\u00f3 una posible amnist\u00eda a Carles Puigdemont si no segu\u00eda adelante con su proyecto independentista, tal y como recogi\u00f3 la portada del ABC de aquel momento.<\/p>\n\n\n\n<p>Pero no solo han sido l\u00edderes del PP hist\u00f3ricos, Alberto N\u00fa\u00f1ez Feij\u00f3o, despu\u00e9s de las elecciones del 23 de julio, ha mantenido conversaciones de cara a su investidura con el partido de Puigdemont. Unas conversaciones que no han llegado a ning\u00fan acuerdo porque Vox les habr\u00eda retirado el apoyo para ser presidente del Gobierno.<\/p>\n\n\n\n<p><strong>Doble moral<\/strong><\/p>\n\n\n\n<p>Gloria Rojas ha puesto todos estos ejemplos para evidenciar la doble mora de los populares y ha recordado que cuando el PP llega a acuerdos con los nacionalistas \u201ces por la estabilidad del pa\u00eds\u201d, pero si lo hace el PSOE \u201cse rompe Espa\u00f1a y se rompe el mundo\u201d.<\/p>\n\n\n\n<p>\u201cEspa\u00f1a se rompe cuando gobierna el Partido Popular en el pa\u00eds\u201d, ha recordado y se ha referido a lo acontecido en Catalu\u00f1a en el a\u00f1o 2017, siendo Mariano Rajoy Presidente. Un momento en el que el PSOE \u201cvolvi\u00f3 a ser un partido responsable de oposici\u00f3n, apoyando el 155\u201d.<\/p>\n\n\n\n<p>\u201cCon la llegada de Pedro S\u00e1nchez, con la llegada del PSOE al Gobierno, a trav\u00e9s de di\u00e1logos y de acuerdos, el independentismo ha bajado en Catalu\u00f1a m\u00e1s de un 15%\u201d, ha expuesto, por lo que ha apuntado que \u201cs\u00f3lo se rompe Espa\u00f1a cuando gobierna la derecha\u201d.<\/p>\n\n\n\n<p>Por ello, le ha pedido al Partido Popular nacional y local que acepten los resultados y la realidad y que paren el insulto, la confrontaci\u00f3n y la descalificaci\u00f3n hacia los socialistas de Espa\u00f1a y de esta ciudad. \u201cSomos una ciudad peque\u00f1a y este tipo de actitudes son muy perjudiciales para la convivencia\u201d, ha advertido.<\/p>\n\n\n\n<p>Y es que, Rojas ha se\u00f1alado que la discrepancia pol\u00edtica es necesaria pero no as\u00ed los insultos, las descalificaciones y las provocaciones \u201cque no deben tener cabida en una democracia\u201d.<\/p>\n","protected":false},"excerpt":{"rendered":"<p>\u201cAl PP y Vox no les importa la amnist\u00eda, ni Espa\u00f1a, ni la Constituci\u00f3n. No van a gobernar este pa\u00eds y no lo pueden soportar\u201d, deja claro La Secretaria General del PSOE de Melilla, Gloria Rojas, ha instado a la derecha y&nbsp; a la ultraderecha, \u201cque van de la mano\u201d, que pongan fin a los &#8230;<\/p>\n","protected":false},"author":187,"featured_media":554,"comment_status":"open","ping_status":"open","sticky":false,"template":"","format":"standard","meta":{"_jetpack_memberships_contains_paid_content":false,"footnotes":""},"categories":[1],"tags":[],"class_list":["post-553","post","type-post","status-publish","format-standard","has-post-thumbnail","hentry","category-sin-categoria"],"yoast_head":"<!-- This site is optimized with the Yoast SEO plugin v24.0 - https:\/\/yoast.com\/wordpress\/plugins\/seo\/ -->\n<title>Rojas pide a la derecha que ponga fin a insultos y ataques: \u201cSolo se rompe Espa\u00f1a cuando gobierna el PP\u201d\u00a0 - Agrupaci\u00f3n Socialista de Melilla<\/title>\n<meta name=\"robots\" content=\"index, follow, max-snippet:-1, max-image-preview:large, max-video-preview:-1\" \/>\n<link rel=\"canonical\" href=\"https:\/\/agrupacionespsoe.es\/melilla\/rojas-pide-a-la-derecha-que-ponga-fin-a-insultos-y-ataques-solo-se-rompe-espana-cuando-gobierna-el-pp\/\" \/>\n<meta property=\"og:locale\" content=\"es_ES\" \/>\n<meta property=\"og:type\" content=\"article\" \/>\n<meta property=\"og:title\" content=\"Rojas pide a la derecha que ponga fin a insultos y ataques: \u201cSolo se rompe Espa\u00f1a cuando gobierna el PP\u201d\u00a0 - Agrupaci\u00f3n Socialista de Melilla\" \/>\n<meta property=\"og:description\" content=\"\u201cAl PP y Vox no les importa la amnist\u00eda, ni Espa\u00f1a, ni la Constituci\u00f3n. No van a gobernar este pa\u00eds y no lo pueden soportar\u201d, deja claro La Secretaria General del PSOE de Melilla, Gloria Rojas, ha instado a la derecha y&nbsp; a la ultraderecha, \u201cque van de la mano\u201d, que pongan fin a los ...\" \/>\n<meta property=\"og:url\" content=\"https:\/\/agrupacionespsoe.es\/melilla\/rojas-pide-a-la-derecha-que-ponga-fin-a-insultos-y-ataques-solo-se-rompe-espana-cuando-gobierna-el-pp\/\" \/>\n<meta property=\"og:site_name\" content=\"Agrupaci\u00f3n Socialista de Melilla\" \/>\n<meta property=\"article:published_time\" content=\"2023-11-07T14:29:59+00:00\" \/>\n<meta property=\"article:modified_time\" content=\"2024-03-04T11:30:54+00:00\" \/>\n<meta property=\"og:image\" content=\"https:\/\/agrupacionespsoe.es\/melilla\/wp-content\/uploads\/sites\/120\/2023\/11\/6ca85967-4224-4dac-85e9-0122900434c0.jpeg\" \/>\n\t<meta property=\"og:image:width\" content=\"1600\" \/>\n\t<meta property=\"og:image:height\" content=\"901\" \/>\n\t<meta property=\"og:image:type\" content=\"image\/jpeg\" \/>\n<meta name=\"author\" content=\"melilla2\" \/>\n<meta name=\"twitter:card\" content=\"summary_large_image\" \/>\n<meta name=\"twitter:label1\" content=\"Escrito por\" \/>\n\t<meta name=\"twitter:data1\" content=\"melilla2\" \/>\n\t<meta name=\"twitter:label2\" content=\"Tiempo de lectura\" \/>\n\t<meta name=\"twitter:data2\" content=\"6 minutos\" \/>\n<script type=\"application\/ld+json\" class=\"yoast-schema-graph\">{\"@context\":\"https:\/\/schema.org\",\"@graph\":[{\"@type\":\"Article\",\"@id\":\"https:\/\/agrupacionespsoe.es\/melilla\/rojas-pide-a-la-derecha-que-ponga-fin-a-insultos-y-ataques-solo-se-rompe-espana-cuando-gobierna-el-pp\/#article\",\"isPartOf\":{\"@id\":\"https:\/\/agrupacionespsoe.es\/melilla\/rojas-pide-a-la-derecha-que-ponga-fin-a-insultos-y-ataques-solo-se-rompe-espana-cuando-gobierna-el-pp\/\"},\"author\":{\"name\":\"melilla2\",\"@id\":\"https:\/\/agrupacionespsoe.es\/melilla\/#\/schema\/person\/72bb3075a827d0ed0623682b96c92bd6\"},\"headline\":\"Rojas pide a la derecha que ponga fin a insultos y ataques: \u201cSolo se rompe Espa\u00f1a cuando gobierna el PP\u201d\u00a0\",\"datePublished\":\"2023-11-07T14:29:59+00:00\",\"dateModified\":\"2024-03-04T11:30:54+00:00\",\"mainEntityOfPage\":{\"@id\":\"https:\/\/agrupacionespsoe.es\/melilla\/rojas-pide-a-la-derecha-que-ponga-fin-a-insultos-y-ataques-solo-se-rompe-espana-cuando-gobierna-el-pp\/\"},\"wordCount\":1289,\"commentCount\":0,\"publisher\":{\"@id\":\"https:\/\/agrupacionespsoe.es\/melilla\/#organization\"},\"image\":{\"@id\":\"https:\/\/agrupacionespsoe.es\/melilla\/rojas-pide-a-la-derecha-que-ponga-fin-a-insultos-y-ataques-solo-se-rompe-espana-cuando-gobierna-el-pp\/#primaryimage\"},\"thumbnailUrl\":\"https:\/\/agrupacionespsoe.es\/melilla\/wp-content\/uploads\/sites\/120\/2023\/11\/6ca85967-4224-4dac-85e9-0122900434c0.jpeg\",\"inLanguage\":\"es\",\"potentialAction\":[{\"@type\":\"CommentAction\",\"name\":\"Comment\",\"target\":[\"https:\/\/agrupacionespsoe.es\/melilla\/rojas-pide-a-la-derecha-que-ponga-fin-a-insultos-y-ataques-solo-se-rompe-espana-cuando-gobierna-el-pp\/#respond\"]}]},{\"@type\":\"WebPage\",\"@id\":\"https:\/\/agrupacionespsoe.es\/melilla\/rojas-pide-a-la-derecha-que-ponga-fin-a-insultos-y-ataques-solo-se-rompe-espana-cuando-gobierna-el-pp\/\",\"url\":\"https:\/\/agrupacionespsoe.es\/melilla\/rojas-pide-a-la-derecha-que-ponga-fin-a-insultos-y-ataques-solo-se-rompe-espana-cuando-gobierna-el-pp\/\",\"name\":\"Rojas pide a la derecha que ponga fin a insultos y ataques: \u201cSolo se rompe Espa\u00f1a cuando gobierna el PP\u201d\u00a0 - Agrupaci\u00f3n Socialista de Melilla\",\"isPartOf\":{\"@id\":\"https:\/\/agrupacionespsoe.es\/melilla\/#website\"},\"primaryImageOfPage\":{\"@id\":\"https:\/\/agrupacionespsoe.es\/melilla\/rojas-pide-a-la-derecha-que-ponga-fin-a-insultos-y-ataques-solo-se-rompe-espana-cuando-gobierna-el-pp\/#primaryimage\"},\"image\":{\"@id\":\"https:\/\/agrupacionespsoe.es\/melilla\/rojas-pide-a-la-derecha-que-ponga-fin-a-insultos-y-ataques-solo-se-rompe-espana-cuando-gobierna-el-pp\/#primaryimage\"},\"thumbnailUrl\":\"https:\/\/agrupacionespsoe.es\/melilla\/wp-content\/uploads\/sites\/120\/2023\/11\/6ca85967-4224-4dac-85e9-0122900434c0.jpeg\",\"datePublished\":\"2023-11-07T14:29:59+00:00\",\"dateModified\":\"2024-03-04T11:30:54+00:00\",\"breadcrumb\":{\"@id\":\"https:\/\/agrupacionespsoe.es\/melilla\/rojas-pide-a-la-derecha-que-ponga-fin-a-insultos-y-ataques-solo-se-rompe-espana-cuando-gobierna-el-pp\/#breadcrumb\"},\"inLanguage\":\"es\",\"potentialAction\":[{\"@type\":\"ReadAction\",\"target\":[\"https:\/\/agrupacionespsoe.es\/melilla\/rojas-pide-a-la-derecha-que-ponga-fin-a-insultos-y-ataques-solo-se-rompe-espana-cuando-gobierna-el-pp\/\"]}]},{\"@type\":\"ImageObject\",\"inLanguage\":\"es\",\"@id\":\"https:\/\/agrupacionespsoe.es\/melilla\/rojas-pide-a-la-derecha-que-ponga-fin-a-insultos-y-ataques-solo-se-rompe-espana-cuando-gobierna-el-pp\/#primaryimage\",\"url\":\"https:\/\/agrupacionespsoe.es\/melilla\/wp-content\/uploads\/sites\/120\/2023\/11\/6ca85967-4224-4dac-85e9-0122900434c0.jpeg\",\"contentUrl\":\"https:\/\/agrupacionespsoe.es\/melilla\/wp-content\/uploads\/sites\/120\/2023\/11\/6ca85967-4224-4dac-85e9-0122900434c0.jpeg\",\"width\":1600,\"height\":901},{\"@type\":\"BreadcrumbList\",\"@id\":\"https:\/\/agrupacionespsoe.es\/melilla\/rojas-pide-a-la-derecha-que-ponga-fin-a-insultos-y-ataques-solo-se-rompe-espana-cuando-gobierna-el-pp\/#breadcrumb\",\"itemListElement\":[{\"@type\":\"ListItem\",\"position\":1,\"name\":\"Portada\",\"item\":\"https:\/\/agrupacionespsoe.es\/melilla\/\"},{\"@type\":\"ListItem\",\"position\":2,\"name\":\"Rojas pide a la derecha que ponga fin a insultos y ataques: \u201cSolo se rompe Espa\u00f1a cuando gobierna el PP\u201d\u00a0\"}]},{\"@type\":\"WebSite\",\"@id\":\"https:\/\/agrupacionespsoe.es\/melilla\/#website\",\"url\":\"https:\/\/agrupacionespsoe.es\/melilla\/\",\"name\":\"Agrupaci\u00f3n Socialista de Melilla\",\"description\":\"Agrupaci\u00f3n Socialista de Melilla\",\"publisher\":{\"@id\":\"https:\/\/agrupacionespsoe.es\/melilla\/#organization\"},\"potentialAction\":[{\"@type\":\"SearchAction\",\"target\":{\"@type\":\"EntryPoint\",\"urlTemplate\":\"https:\/\/agrupacionespsoe.es\/melilla\/?s={search_term_string}\"},\"query-input\":{\"@type\":\"PropertyValueSpecification\",\"valueRequired\":true,\"valueName\":\"search_term_string\"}}],\"inLanguage\":\"es\"},{\"@type\":\"Organization\",\"@id\":\"https:\/\/agrupacionespsoe.es\/melilla\/#organization\",\"name\":\"Agrupaci\u00f3n Socialista de Melilla\",\"url\":\"https:\/\/agrupacionespsoe.es\/melilla\/\",\"logo\":{\"@type\":\"ImageObject\",\"inLanguage\":\"es\",\"@id\":\"https:\/\/agrupacionespsoe.es\/melilla\/#\/schema\/logo\/image\/\",\"url\":\"https:\/\/agrupacionespsoe.es\/wp-content\/uploads\/2022\/07\/Logotipo_electoral_del_PSOE.png\",\"contentUrl\":\"https:\/\/agrupacionespsoe.es\/wp-content\/uploads\/2022\/07\/Logotipo_electoral_del_PSOE.png\",\"width\":422,\"height\":422,\"caption\":\"Agrupaci\u00f3n Socialista de Melilla\"},\"image\":{\"@id\":\"https:\/\/agrupacionespsoe.es\/melilla\/#\/schema\/logo\/image\/\"}},{\"@type\":\"Person\",\"@id\":\"https:\/\/agrupacionespsoe.es\/melilla\/#\/schema\/person\/72bb3075a827d0ed0623682b96c92bd6\",\"name\":\"melilla2\",\"image\":{\"@type\":\"ImageObject\",\"inLanguage\":\"es\",\"@id\":\"https:\/\/agrupacionespsoe.es\/melilla\/#\/schema\/person\/image\/\",\"url\":\"https:\/\/secure.gravatar.com\/avatar\/489a178e794e59f00db13a448aabca16?s=96&d=mm&r=g\",\"contentUrl\":\"https:\/\/secure.gravatar.com\/avatar\/489a178e794e59f00db13a448aabca16?s=96&d=mm&r=g\",\"caption\":\"melilla2\"},\"url\":\"https:\/\/agrupacionespsoe.es\/melilla\/author\/melilla2\/\"}]}<\/script>\n<!-- \/ Yoast SEO plugin. -->","yoast_head_json":{"title":"Rojas pide a la derecha que ponga fin a insultos y ataques: \u201cSolo se rompe Espa\u00f1a cuando gobierna el PP\u201d\u00a0 - Agrupaci\u00f3n Socialista de Melilla","robots":{"index":"index","follow":"follow","max-snippet":"max-snippet:-1","max-image-preview":"max-image-preview:large","max-video-preview":"max-video-preview:-1"},"canonical":"https:\/\/agrupacionespsoe.es\/melilla\/rojas-pide-a-la-derecha-que-ponga-fin-a-insultos-y-ataques-solo-se-rompe-espana-cuando-gobierna-el-pp\/","og_locale":"es_ES","og_type":"article","og_title":"Rojas pide a la derecha que ponga fin a insultos y ataques: \u201cSolo se rompe Espa\u00f1a cuando gobierna el PP\u201d\u00a0 - Agrupaci\u00f3n Socialista de Melilla","og_description":"\u201cAl PP y Vox no les importa la amnist\u00eda, ni Espa\u00f1a, ni la Constituci\u00f3n. No van a gobernar este pa\u00eds y no lo pueden soportar\u201d, deja claro La Secretaria General del PSOE de Melilla, Gloria Rojas, ha instado a la derecha y&nbsp; a la ultraderecha, \u201cque van de la mano\u201d, que pongan fin a los ...","og_url":"https:\/\/agrupacionespsoe.es\/melilla\/rojas-pide-a-la-derecha-que-ponga-fin-a-insultos-y-ataques-solo-se-rompe-espana-cuando-gobierna-el-pp\/","og_site_name":"Agrupaci\u00f3n Socialista de Melilla","article_published_time":"2023-11-07T14:29:59+00:00","article_modified_time":"2024-03-04T11:30:54+00:00","og_image":[{"width":1600,"height":901,"url":"https:\/\/agrupacionespsoe.es\/melilla\/wp-content\/uploads\/sites\/120\/2023\/11\/6ca85967-4224-4dac-85e9-0122900434c0.jpeg","type":"image\/jpeg"}],"author":"melilla2","twitter_card":"summary_large_image","twitter_misc":{"Escrito por":"melilla2","Tiempo de lectura":"6 minutos"},"schema":{"@context":"https:\/\/schema.org","@graph":[{"@type":"Article","@id":"https:\/\/agrupacionespsoe.es\/melilla\/rojas-pide-a-la-derecha-que-ponga-fin-a-insultos-y-ataques-solo-se-rompe-espana-cuando-gobierna-el-pp\/#article","isPartOf":{"@id":"https:\/\/agrupacionespsoe.es\/melilla\/rojas-pide-a-la-derecha-que-ponga-fin-a-insultos-y-ataques-solo-se-rompe-espana-cuando-gobierna-el-pp\/"},"author":{"name":"melilla2","@id":"https:\/\/agrupacionespsoe.es\/melilla\/#\/schema\/person\/72bb3075a827d0ed0623682b96c92bd6"},"headline":"Rojas pide a la derecha que ponga fin a insultos y ataques: \u201cSolo se rompe Espa\u00f1a cuando gobierna el PP\u201d\u00a0","datePublished":"2023-11-07T14:29:59+00:00","dateModified":"2024-03-04T11:30:54+00:00","mainEntityOfPage":{"@id":"https:\/\/agrupacionespsoe.es\/melilla\/rojas-pide-a-la-derecha-que-ponga-fin-a-insultos-y-ataques-solo-se-rompe-espana-cuando-gobierna-el-pp\/"},"wordCount":1289,"commentCount":0,"publisher":{"@id":"https:\/\/agrupacionespsoe.es\/melilla\/#organization"},"image":{"@id":"https:\/\/agrupacionespsoe.es\/melilla\/rojas-pide-a-la-derecha-que-ponga-fin-a-insultos-y-ataques-solo-se-rompe-espana-cuando-gobierna-el-pp\/#primaryimage"},"thumbnailUrl":"https:\/\/agrupacionespsoe.es\/melilla\/wp-content\/uploads\/sites\/120\/2023\/11\/6ca85967-4224-4dac-85e9-0122900434c0.jpeg","inLanguage":"es","potentialAction":[{"@type":"CommentAction","name":"Comment","target":["https:\/\/agrupacionespsoe.es\/melilla\/rojas-pide-a-la-derecha-que-ponga-fin-a-insultos-y-ataques-solo-se-rompe-espana-cuando-gobierna-el-pp\/#respond"]}]},{"@type":"WebPage","@id":"https:\/\/agrupacionespsoe.es\/melilla\/rojas-pide-a-la-derecha-que-ponga-fin-a-insultos-y-ataques-solo-se-rompe-espana-cuando-gobierna-el-pp\/","url":"https:\/\/agrupacionespsoe.es\/melilla\/rojas-pide-a-la-derecha-que-ponga-fin-a-insultos-y-ataques-solo-se-rompe-espana-cuando-gobierna-el-pp\/","name":"Rojas pide a la derecha que ponga fin a insultos y ataques: \u201cSolo se rompe Espa\u00f1a cuando gobierna el PP\u201d\u00a0 - Agrupaci\u00f3n Socialista de Melilla","isPartOf":{"@id":"https:\/\/agrupacionespsoe.es\/melilla\/#website"},"primaryImageOfPage":{"@id":"https:\/\/agrupacionespsoe.es\/melilla\/rojas-pide-a-la-derecha-que-ponga-fin-a-insultos-y-ataques-solo-se-rompe-espana-cuando-gobierna-el-pp\/#primaryimage"},"image":{"@id":"https:\/\/agrupacionespsoe.es\/melilla\/rojas-pide-a-la-derecha-que-ponga-fin-a-insultos-y-ataques-solo-se-rompe-espana-cuando-gobierna-el-pp\/#primaryimage"},"thumbnailUrl":"https:\/\/agrupacionespsoe.es\/melilla\/wp-content\/uploads\/sites\/120\/2023\/11\/6ca85967-4224-4dac-85e9-0122900434c0.jpeg","datePublished":"2023-11-07T14:29:59+00:00","dateModified":"2024-03-04T11:30:54+00:00","breadcrumb":{"@id":"https:\/\/agrupacionespsoe.es\/melilla\/rojas-pide-a-la-derecha-que-ponga-fin-a-insultos-y-ataques-solo-se-rompe-espana-cuando-gobierna-el-pp\/#breadcrumb"},"inLanguage":"es","potentialAction":[{"@type":"ReadAction","target":["https:\/\/agrupacionespsoe.es\/melilla\/rojas-pide-a-la-derecha-que-ponga-fin-a-insultos-y-ataques-solo-se-rompe-espana-cuando-gobierna-el-pp\/"]}]},{"@type":"ImageObject","inLanguage":"es","@id":"https:\/\/agrupacionespsoe.es\/melilla\/rojas-pide-a-la-derecha-que-ponga-fin-a-insultos-y-ataques-solo-se-rompe-espana-cuando-gobierna-el-pp\/#primaryimage","url":"https:\/\/agrupacionespsoe.es\/melilla\/wp-content\/uploads\/sites\/120\/2023\/11\/6ca85967-4224-4dac-85e9-0122900434c0.jpeg","contentUrl":"https:\/\/agrupacionespsoe.es\/melilla\/wp-content\/uploads\/sites\/120\/2023\/11\/6ca85967-4224-4dac-85e9-0122900434c0.jpeg","width":1600,"height":901},{"@type":"BreadcrumbList","@id":"https:\/\/agrupacionespsoe.es\/melilla\/rojas-pide-a-la-derecha-que-ponga-fin-a-insultos-y-ataques-solo-se-rompe-espana-cuando-gobierna-el-pp\/#breadcrumb","itemListElement":[{"@type":"ListItem","position":1,"name":"Portada","item":"https:\/\/agrupacionespsoe.es\/melilla\/"},{"@type":"ListItem","position":2,"name":"Rojas pide a la derecha que ponga fin a insultos y ataques: \u201cSolo se rompe Espa\u00f1a cuando gobierna el PP\u201d\u00a0"}]},{"@type":"WebSite","@id":"https:\/\/agrupacionespsoe.es\/melilla\/#website","url":"https:\/\/agrupacionespsoe.es\/melilla\/","name":"Agrupaci\u00f3n Socialista de Melilla","description":"Agrupaci\u00f3n Socialista de Melilla","publisher":{"@id":"https:\/\/agrupacionespsoe.es\/melilla\/#organization"},"potentialAction":[{"@type":"SearchAction","target":{"@type":"EntryPoint","urlTemplate":"https:\/\/agrupacionespsoe.es\/melilla\/?s={search_term_string}"},"query-input":{"@type":"PropertyValueSpecification","valueRequired":true,"valueName":"search_term_string"}}],"inLanguage":"es"},{"@type":"Organization","@id":"https:\/\/agrupacionespsoe.es\/melilla\/#organization","name":"Agrupaci\u00f3n Socialista de Melilla","url":"https:\/\/agrupacionespsoe.es\/melilla\/","logo":{"@type":"ImageObject","inLanguage":"es","@id":"https:\/\/agrupacionespsoe.es\/melilla\/#\/schema\/logo\/image\/","url":"https:\/\/agrupacionespsoe.es\/wp-content\/uploads\/2022\/07\/Logotipo_electoral_del_PSOE.png","contentUrl":"https:\/\/agrupacionespsoe.es\/wp-content\/uploads\/2022\/07\/Logotipo_electoral_del_PSOE.png","width":422,"height":422,"caption":"Agrupaci\u00f3n Socialista de Melilla"},"image":{"@id":"https:\/\/agrupacionespsoe.es\/melilla\/#\/schema\/logo\/image\/"}},{"@type":"Person","@id":"https:\/\/agrupacionespsoe.es\/melilla\/#\/schema\/person\/72bb3075a827d0ed0623682b96c92bd6","name":"melilla2","image":{"@type":"ImageObject","inLanguage":"es","@id":"https:\/\/agrupacionespsoe.es\/melilla\/#\/schema\/person\/image\/","url":"https:\/\/secure.gravatar.com\/avatar\/489a178e794e59f00db13a448aabca16?s=96&d=mm&r=g","contentUrl":"https:\/\/secure.gravatar.com\/avatar\/489a178e794e59f00db13a448aabca16?s=96&d=mm&r=g","caption":"melilla2"},"url":"https:\/\/agrupacionespsoe.es\/melilla\/author\/melilla2\/"}]}},"jetpack_featured_media_url":"https:\/\/agrupacionespsoe.es\/melilla\/wp-content\/uploads\/sites\/120\/2023\/11\/6ca85967-4224-4dac-85e9-0122900434c0.jpeg","jetpack_sharing_enabled":true,"_links":{"self":[{"href":"https:\/\/agrupacionespsoe.es\/melilla\/wp-json\/wp\/v2\/posts\/553","targetHints":{"allow":["GET"]}}],"collection":[{"href":"https:\/\/agrupacionespsoe.es\/melilla\/wp-json\/wp\/v2\/posts"}],"about":[{"href":"https:\/\/agrupacionespsoe.es\/melilla\/wp-json\/wp\/v2\/types\/post"}],"author":[{"embeddable":true,"href":"https:\/\/agrupacionespsoe.es\/melilla\/wp-json\/wp\/v2\/users\/187"}],"replies":[{"embeddable":true,"href":"https:\/\/agrupacionespsoe.es\/melilla\/wp-json\/wp\/v2\/comments?post=553"}],"version-history":[{"count":1,"href":"https:\/\/agrupacionespsoe.es\/melilla\/wp-json\/wp\/v2\/posts\/553\/revisions"}],"predecessor-version":[{"id":555,"href":"https:\/\/agrupacionespsoe.es\/melilla\/wp-json\/wp\/v2\/posts\/553\/revisions\/555"}],"wp:featuredmedia":[{"embeddable":true,"href":"https:\/\/agrupacionespsoe.es\/melilla\/wp-json\/wp\/v2\/media\/554"}],"wp:attachment":[{"href":"https:\/\/agrupacionespsoe.es\/melilla\/wp-json\/wp\/v2\/media?parent=553"}],"wp:term":[{"taxonomy":"category","embeddable":true,"href":"https:\/\/agrupacionespsoe.es\/melilla\/wp-json\/wp\/v2\/categories?post=553"},{"taxonomy":"post_tag","embeddable":true,"href":"https:\/\/agrupacionespsoe.es\/melilla\/wp-json\/wp\/v2\/tags?post=553"}],"curies":[{"name":"wp","href":"https:\/\/api.w.org\/{rel}","templated":true}]}}