{"id":549,"date":"2023-11-03T11:08:31","date_gmt":"2023-11-03T11:08:31","guid":{"rendered":"https:\/\/agrupacionespsoe.es\/melilla\/?p=549"},"modified":"2023-11-03T11:08:32","modified_gmt":"2023-11-03T11:08:32","slug":"el-psoe-consulta-a-su-militancia-sus-pactos-para-la-investidura","status":"publish","type":"post","link":"https:\/\/agrupacionespsoe.es\/melilla\/el-psoe-consulta-a-su-militancia-sus-pactos-para-la-investidura\/","title":{"rendered":"El PSOE consulta a su militancia sus pactos para la investidura\u00a0"},"content":{"rendered":"\n<p><strong>Rojas y Moh explican, en una Asamblea informativa, el \u00faltimo Comit\u00e9 Federal del PSOE y la consulta convocada<\/strong><\/p>\n\n\n\n<figure class=\"wp-block-image size-large\"><img loading=\"lazy\" decoding=\"async\" width=\"1024\" height=\"682\" src=\"https:\/\/agrupacionespsoe.es\/melilla\/wp-content\/uploads\/sites\/120\/2023\/11\/1e7d82a3-ef75-40a3-9df1-67f8b05348e8-1024x682.jpeg\" alt=\"\" class=\"wp-image-550\" title=\"\" srcset=\"https:\/\/agrupacionespsoe.es\/melilla\/wp-content\/uploads\/sites\/120\/2023\/11\/1e7d82a3-ef75-40a3-9df1-67f8b05348e8-1024x682.jpeg 1024w, https:\/\/agrupacionespsoe.es\/melilla\/wp-content\/uploads\/sites\/120\/2023\/11\/1e7d82a3-ef75-40a3-9df1-67f8b05348e8-300x200.jpeg 300w, https:\/\/agrupacionespsoe.es\/melilla\/wp-content\/uploads\/sites\/120\/2023\/11\/1e7d82a3-ef75-40a3-9df1-67f8b05348e8-768x512.jpeg 768w, https:\/\/agrupacionespsoe.es\/melilla\/wp-content\/uploads\/sites\/120\/2023\/11\/1e7d82a3-ef75-40a3-9df1-67f8b05348e8-1536x1023.jpeg 1536w, https:\/\/agrupacionespsoe.es\/melilla\/wp-content\/uploads\/sites\/120\/2023\/11\/1e7d82a3-ef75-40a3-9df1-67f8b05348e8.jpeg 1600w\" sizes=\"auto, (max-width: 1024px) 100vw, 1024px\" \/><\/figure>\n\n\n\n<p>Los militantes del PSOE de Melilla podr\u00e1n votar este s\u00e1bado de forma presencial en la consulta que har\u00e1 el partido sobre el pacto de gobierno con Sumar y los pactos necesarios con el resto de partidos para la investidura de Pedro S\u00e1nchez.&nbsp;<\/p>\n\n\n\n<p>Para ello se habilitar\u00e1 la sede de la agrupaci\u00f3n melillense durante la jornada de ma\u00f1ana para que los afiliados puedan ejercer de forma directa su voto. Adem\u00e1s, aquellos militantes que no puedan materializar su voto de forma presencial pueden hacerlo de manera telem\u00e1tica hasta ma\u00f1ana.<\/p>\n\n\n\n<p>En la tarde de ayer, la sede de los socialistas melillenses acogi\u00f3 una asamblea informativa en la que la Secretaria General, Gloria Rojas, y la Secretaria de Organizaci\u00f3n, Sabrina Moh, dieron cuenta tanto de lo acontecido en el \u00faltimo Comit\u00e9 Federal como de la consulta que tendr\u00e1 lugar este s\u00e1bado.<\/p>\n\n\n\n<p>As\u00ed, la n\u00famero uno de los socialistas locales ha recordado que el pasado 23 de julio, la ciudadan\u00eda espa\u00f1ola eligi\u00f3, en las urnas, el rumbo que debe seguir nuestro pa\u00eds en los pr\u00f3ximos cuatro a\u00f1os. \u201cLa ciudadan\u00eda dijo s\u00ed a pluralidad y la diversidad territorial y s\u00ed a &nbsp;la pol\u00edtica del di\u00e1logo y el acuerdo\u201d, ha se\u00f1alado.<\/p>\n\n\n\n<p><strong>Transformaciones y nuevos derechos<\/strong><\/p>\n\n\n\n<p>Rojas ha defendido el acuerdo de investidura como \u00fanica f\u00f3rmula para que nuestra ciudad y nuestro pa\u00eds sigan con la agenda que necesita de grandes transformaciones y nuevos derechos, como la que ha liderado el PSOE desde el Gobierno de Espa\u00f1a en los \u00faltimos cinco a\u00f1os.<\/p>\n\n\n\n<p>\u201cLa ciudadan\u00eda, en las urnas, dijo no a la derogaci\u00f3n de los avances y conquistas sociales de la \u00faltima legislatura; no a la p\u00e9rdida de derechos y libertades y al retorno de pol\u00edticas injustas que solo traen retroceso, desigualdad y confrontaci\u00f3n territorial\u201d, ha subrayado.<\/p>\n\n\n\n<p>Es m\u00e1s, la l\u00edder socialista ha mostrado su confianza en el nuevo Gobierno que va presidir Pedro S\u00e1nchez como v\u00eda para avanzar hacia el pleno empleo y converger en poder adquisitivo con los pa\u00edses de nuestro entorno, para fortalecer el Estado del Bienestar y para materializar el derecho constitucional a una vivienda digna y convertirlo en el quinto pilar de nuestro estado del bienestar.<\/p>\n\n\n\n<p><strong>Decisi\u00f3n de la militancia<\/strong><\/p>\n\n\n\n<p>Por su parte la Secretaria de Organizaci\u00f3n puso en valor que ser\u00e1n los propios militantes lo que, con su voto, tomen la decisi\u00f3n y validen el acuerdo para reeditar un Gobierno progresista con el PSOE al frente.<\/p>\n\n\n\n<p>Moh, que ha invitado a todos los afiliados de Melilla a participar en la consulta convocada, ha hecho hincapi\u00e9 en que este tipo de plebiscitos \u201cnos define como el partido referente que somos en democracia interna en nuestro pa\u00eds\u201d.<\/p>\n","protected":false},"excerpt":{"rendered":"<p>Rojas y Moh explican, en una Asamblea informativa, el \u00faltimo Comit\u00e9 Federal del PSOE y la consulta convocada Los militantes del PSOE de Melilla podr\u00e1n votar este s\u00e1bado de forma presencial en la consulta que har\u00e1 el partido sobre el pacto de gobierno con Sumar y los pactos necesarios con el resto de partidos para &#8230;<\/p>\n","protected":false},"author":187,"featured_media":0,"comment_status":"open","ping_status":"open","sticky":false,"template":"","format":"standard","meta":{"_jetpack_memberships_contains_paid_content":false,"footnotes":""},"categories":[1],"tags":[],"class_list":["post-549","post","type-post","status-publish","format-standard","hentry","category-sin-categoria"],"yoast_head":"<!-- This site is optimized with the Yoast SEO plugin v24.0 - https:\/\/yoast.com\/wordpress\/plugins\/seo\/ -->\n<title>El PSOE consulta a su militancia sus pactos para la investidura\u00a0 - Agrupaci\u00f3n Socialista de Melilla<\/title>\n<meta name=\"robots\" content=\"index, follow, max-snippet:-1, max-image-preview:large, max-video-preview:-1\" \/>\n<link rel=\"canonical\" href=\"https:\/\/agrupacionespsoe.es\/melilla\/el-psoe-consulta-a-su-militancia-sus-pactos-para-la-investidura\/\" \/>\n<meta property=\"og:locale\" content=\"es_ES\" \/>\n<meta property=\"og:type\" content=\"article\" \/>\n<meta property=\"og:title\" content=\"El PSOE consulta a su militancia sus pactos para la investidura\u00a0 - Agrupaci\u00f3n Socialista de Melilla\" \/>\n<meta property=\"og:description\" content=\"Rojas y Moh explican, en una Asamblea informativa, el \u00faltimo Comit\u00e9 Federal del PSOE y la consulta convocada Los militantes del PSOE de Melilla podr\u00e1n votar este s\u00e1bado de forma presencial en la consulta que har\u00e1 el partido sobre el pacto de gobierno con Sumar y los pactos necesarios con el resto de partidos para ...\" \/>\n<meta property=\"og:url\" content=\"https:\/\/agrupacionespsoe.es\/melilla\/el-psoe-consulta-a-su-militancia-sus-pactos-para-la-investidura\/\" \/>\n<meta property=\"og:site_name\" content=\"Agrupaci\u00f3n Socialista de Melilla\" \/>\n<meta property=\"article:published_time\" content=\"2023-11-03T11:08:31+00:00\" \/>\n<meta property=\"article:modified_time\" content=\"2023-11-03T11:08:32+00:00\" \/>\n<meta property=\"og:image\" content=\"https:\/\/agrupacionespsoe.es\/melilla\/wp-content\/uploads\/sites\/120\/2023\/11\/1e7d82a3-ef75-40a3-9df1-67f8b05348e8-1024x682.jpeg\" \/>\n<meta name=\"author\" content=\"melilla2\" \/>\n<meta name=\"twitter:card\" content=\"summary_large_image\" \/>\n<meta name=\"twitter:label1\" content=\"Escrito por\" \/>\n\t<meta name=\"twitter:data1\" content=\"melilla2\" \/>\n\t<meta name=\"twitter:label2\" content=\"Tiempo de lectura\" \/>\n\t<meta name=\"twitter:data2\" content=\"3 minutos\" \/>\n<script type=\"application\/ld+json\" class=\"yoast-schema-graph\">{\"@context\":\"https:\/\/schema.org\",\"@graph\":[{\"@type\":\"Article\",\"@id\":\"https:\/\/agrupacionespsoe.es\/melilla\/el-psoe-consulta-a-su-militancia-sus-pactos-para-la-investidura\/#article\",\"isPartOf\":{\"@id\":\"https:\/\/agrupacionespsoe.es\/melilla\/el-psoe-consulta-a-su-militancia-sus-pactos-para-la-investidura\/\"},\"author\":{\"name\":\"melilla2\",\"@id\":\"https:\/\/agrupacionespsoe.es\/melilla\/#\/schema\/person\/72bb3075a827d0ed0623682b96c92bd6\"},\"headline\":\"El PSOE consulta a su militancia sus pactos para la investidura\u00a0\",\"datePublished\":\"2023-11-03T11:08:31+00:00\",\"dateModified\":\"2023-11-03T11:08:32+00:00\",\"mainEntityOfPage\":{\"@id\":\"https:\/\/agrupacionespsoe.es\/melilla\/el-psoe-consulta-a-su-militancia-sus-pactos-para-la-investidura\/\"},\"wordCount\":501,\"commentCount\":0,\"publisher\":{\"@id\":\"https:\/\/agrupacionespsoe.es\/melilla\/#organization\"},\"image\":{\"@id\":\"https:\/\/agrupacionespsoe.es\/melilla\/el-psoe-consulta-a-su-militancia-sus-pactos-para-la-investidura\/#primaryimage\"},\"thumbnailUrl\":\"https:\/\/agrupacionespsoe.es\/melilla\/wp-content\/uploads\/sites\/120\/2023\/11\/1e7d82a3-ef75-40a3-9df1-67f8b05348e8-1024x682.jpeg\",\"inLanguage\":\"es\",\"potentialAction\":[{\"@type\":\"CommentAction\",\"name\":\"Comment\",\"target\":[\"https:\/\/agrupacionespsoe.es\/melilla\/el-psoe-consulta-a-su-militancia-sus-pactos-para-la-investidura\/#respond\"]}]},{\"@type\":\"WebPage\",\"@id\":\"https:\/\/agrupacionespsoe.es\/melilla\/el-psoe-consulta-a-su-militancia-sus-pactos-para-la-investidura\/\",\"url\":\"https:\/\/agrupacionespsoe.es\/melilla\/el-psoe-consulta-a-su-militancia-sus-pactos-para-la-investidura\/\",\"name\":\"El PSOE consulta a su militancia sus pactos para la investidura\u00a0 - Agrupaci\u00f3n Socialista de Melilla\",\"isPartOf\":{\"@id\":\"https:\/\/agrupacionespsoe.es\/melilla\/#website\"},\"primaryImageOfPage\":{\"@id\":\"https:\/\/agrupacionespsoe.es\/melilla\/el-psoe-consulta-a-su-militancia-sus-pactos-para-la-investidura\/#primaryimage\"},\"image\":{\"@id\":\"https:\/\/agrupacionespsoe.es\/melilla\/el-psoe-consulta-a-su-militancia-sus-pactos-para-la-investidura\/#primaryimage\"},\"thumbnailUrl\":\"https:\/\/agrupacionespsoe.es\/melilla\/wp-content\/uploads\/sites\/120\/2023\/11\/1e7d82a3-ef75-40a3-9df1-67f8b05348e8-1024x682.jpeg\",\"datePublished\":\"2023-11-03T11:08:31+00:00\",\"dateModified\":\"2023-11-03T11:08:32+00:00\",\"breadcrumb\":{\"@id\":\"https:\/\/agrupacionespsoe.es\/melilla\/el-psoe-consulta-a-su-militancia-sus-pactos-para-la-investidura\/#breadcrumb\"},\"inLanguage\":\"es\",\"potentialAction\":[{\"@type\":\"ReadAction\",\"target\":[\"https:\/\/agrupacionespsoe.es\/melilla\/el-psoe-consulta-a-su-militancia-sus-pactos-para-la-investidura\/\"]}]},{\"@type\":\"ImageObject\",\"inLanguage\":\"es\",\"@id\":\"https:\/\/agrupacionespsoe.es\/melilla\/el-psoe-consulta-a-su-militancia-sus-pactos-para-la-investidura\/#primaryimage\",\"url\":\"https:\/\/agrupacionespsoe.es\/melilla\/wp-content\/uploads\/sites\/120\/2023\/11\/1e7d82a3-ef75-40a3-9df1-67f8b05348e8-1024x682.jpeg\",\"contentUrl\":\"https:\/\/agrupacionespsoe.es\/melilla\/wp-content\/uploads\/sites\/120\/2023\/11\/1e7d82a3-ef75-40a3-9df1-67f8b05348e8-1024x682.jpeg\"},{\"@type\":\"BreadcrumbList\",\"@id\":\"https:\/\/agrupacionespsoe.es\/melilla\/el-psoe-consulta-a-su-militancia-sus-pactos-para-la-investidura\/#breadcrumb\",\"itemListElement\":[{\"@type\":\"ListItem\",\"position\":1,\"name\":\"Portada\",\"item\":\"https:\/\/agrupacionespsoe.es\/melilla\/\"},{\"@type\":\"ListItem\",\"position\":2,\"name\":\"El PSOE consulta a su militancia sus pactos para la investidura\u00a0\"}]},{\"@type\":\"WebSite\",\"@id\":\"https:\/\/agrupacionespsoe.es\/melilla\/#website\",\"url\":\"https:\/\/agrupacionespsoe.es\/melilla\/\",\"name\":\"Agrupaci\u00f3n Socialista de Melilla\",\"description\":\"Agrupaci\u00f3n Socialista de Melilla\",\"publisher\":{\"@id\":\"https:\/\/agrupacionespsoe.es\/melilla\/#organization\"},\"potentialAction\":[{\"@type\":\"SearchAction\",\"target\":{\"@type\":\"EntryPoint\",\"urlTemplate\":\"https:\/\/agrupacionespsoe.es\/melilla\/?s={search_term_string}\"},\"query-input\":{\"@type\":\"PropertyValueSpecification\",\"valueRequired\":true,\"valueName\":\"search_term_string\"}}],\"inLanguage\":\"es\"},{\"@type\":\"Organization\",\"@id\":\"https:\/\/agrupacionespsoe.es\/melilla\/#organization\",\"name\":\"Agrupaci\u00f3n Socialista de Melilla\",\"url\":\"https:\/\/agrupacionespsoe.es\/melilla\/\",\"logo\":{\"@type\":\"ImageObject\",\"inLanguage\":\"es\",\"@id\":\"https:\/\/agrupacionespsoe.es\/melilla\/#\/schema\/logo\/image\/\",\"url\":\"https:\/\/agrupacionespsoe.es\/wp-content\/uploads\/2022\/07\/Logotipo_electoral_del_PSOE.png\",\"contentUrl\":\"https:\/\/agrupacionespsoe.es\/wp-content\/uploads\/2022\/07\/Logotipo_electoral_del_PSOE.png\",\"width\":422,\"height\":422,\"caption\":\"Agrupaci\u00f3n Socialista de Melilla\"},\"image\":{\"@id\":\"https:\/\/agrupacionespsoe.es\/melilla\/#\/schema\/logo\/image\/\"}},{\"@type\":\"Person\",\"@id\":\"https:\/\/agrupacionespsoe.es\/melilla\/#\/schema\/person\/72bb3075a827d0ed0623682b96c92bd6\",\"name\":\"melilla2\",\"image\":{\"@type\":\"ImageObject\",\"inLanguage\":\"es\",\"@id\":\"https:\/\/agrupacionespsoe.es\/melilla\/#\/schema\/person\/image\/\",\"url\":\"https:\/\/secure.gravatar.com\/avatar\/489a178e794e59f00db13a448aabca16?s=96&d=mm&r=g\",\"contentUrl\":\"https:\/\/secure.gravatar.com\/avatar\/489a178e794e59f00db13a448aabca16?s=96&d=mm&r=g\",\"caption\":\"melilla2\"},\"url\":\"https:\/\/agrupacionespsoe.es\/melilla\/author\/melilla2\/\"}]}<\/script>\n<!-- \/ Yoast SEO plugin. -->","yoast_head_json":{"title":"El PSOE consulta a su militancia sus pactos para la investidura\u00a0 - Agrupaci\u00f3n Socialista de Melilla","robots":{"index":"index","follow":"follow","max-snippet":"max-snippet:-1","max-image-preview":"max-image-preview:large","max-video-preview":"max-video-preview:-1"},"canonical":"https:\/\/agrupacionespsoe.es\/melilla\/el-psoe-consulta-a-su-militancia-sus-pactos-para-la-investidura\/","og_locale":"es_ES","og_type":"article","og_title":"El PSOE consulta a su militancia sus pactos para la investidura\u00a0 - Agrupaci\u00f3n Socialista de Melilla","og_description":"Rojas y Moh explican, en una Asamblea informativa, el \u00faltimo Comit\u00e9 Federal del PSOE y la consulta convocada Los militantes del PSOE de Melilla podr\u00e1n votar este s\u00e1bado de forma presencial en la consulta que har\u00e1 el partido sobre el pacto de gobierno con Sumar y los pactos necesarios con el resto de partidos para ...","og_url":"https:\/\/agrupacionespsoe.es\/melilla\/el-psoe-consulta-a-su-militancia-sus-pactos-para-la-investidura\/","og_site_name":"Agrupaci\u00f3n Socialista de Melilla","article_published_time":"2023-11-03T11:08:31+00:00","article_modified_time":"2023-11-03T11:08:32+00:00","og_image":[{"url":"https:\/\/agrupacionespsoe.es\/melilla\/wp-content\/uploads\/sites\/120\/2023\/11\/1e7d82a3-ef75-40a3-9df1-67f8b05348e8-1024x682.jpeg","type":"","width":"","height":""}],"author":"melilla2","twitter_card":"summary_large_image","twitter_misc":{"Escrito por":"melilla2","Tiempo de lectura":"3 minutos"},"schema":{"@context":"https:\/\/schema.org","@graph":[{"@type":"Article","@id":"https:\/\/agrupacionespsoe.es\/melilla\/el-psoe-consulta-a-su-militancia-sus-pactos-para-la-investidura\/#article","isPartOf":{"@id":"https:\/\/agrupacionespsoe.es\/melilla\/el-psoe-consulta-a-su-militancia-sus-pactos-para-la-investidura\/"},"author":{"name":"melilla2","@id":"https:\/\/agrupacionespsoe.es\/melilla\/#\/schema\/person\/72bb3075a827d0ed0623682b96c92bd6"},"headline":"El PSOE consulta a su militancia sus pactos para la investidura\u00a0","datePublished":"2023-11-03T11:08:31+00:00","dateModified":"2023-11-03T11:08:32+00:00","mainEntityOfPage":{"@id":"https:\/\/agrupacionespsoe.es\/melilla\/el-psoe-consulta-a-su-militancia-sus-pactos-para-la-investidura\/"},"wordCount":501,"commentCount":0,"publisher":{"@id":"https:\/\/agrupacionespsoe.es\/melilla\/#organization"},"image":{"@id":"https:\/\/agrupacionespsoe.es\/melilla\/el-psoe-consulta-a-su-militancia-sus-pactos-para-la-investidura\/#primaryimage"},"thumbnailUrl":"https:\/\/agrupacionespsoe.es\/melilla\/wp-content\/uploads\/sites\/120\/2023\/11\/1e7d82a3-ef75-40a3-9df1-67f8b05348e8-1024x682.jpeg","inLanguage":"es","potentialAction":[{"@type":"CommentAction","name":"Comment","target":["https:\/\/agrupacionespsoe.es\/melilla\/el-psoe-consulta-a-su-militancia-sus-pactos-para-la-investidura\/#respond"]}]},{"@type":"WebPage","@id":"https:\/\/agrupacionespsoe.es\/melilla\/el-psoe-consulta-a-su-militancia-sus-pactos-para-la-investidura\/","url":"https:\/\/agrupacionespsoe.es\/melilla\/el-psoe-consulta-a-su-militancia-sus-pactos-para-la-investidura\/","name":"El PSOE consulta a su militancia sus pactos para la investidura\u00a0 - Agrupaci\u00f3n Socialista de Melilla","isPartOf":{"@id":"https:\/\/agrupacionespsoe.es\/melilla\/#website"},"primaryImageOfPage":{"@id":"https:\/\/agrupacionespsoe.es\/melilla\/el-psoe-consulta-a-su-militancia-sus-pactos-para-la-investidura\/#primaryimage"},"image":{"@id":"https:\/\/agrupacionespsoe.es\/melilla\/el-psoe-consulta-a-su-militancia-sus-pactos-para-la-investidura\/#primaryimage"},"thumbnailUrl":"https:\/\/agrupacionespsoe.es\/melilla\/wp-content\/uploads\/sites\/120\/2023\/11\/1e7d82a3-ef75-40a3-9df1-67f8b05348e8-1024x682.jpeg","datePublished":"2023-11-03T11:08:31+00:00","dateModified":"2023-11-03T11:08:32+00:00","breadcrumb":{"@id":"https:\/\/agrupacionespsoe.es\/melilla\/el-psoe-consulta-a-su-militancia-sus-pactos-para-la-investidura\/#breadcrumb"},"inLanguage":"es","potentialAction":[{"@type":"ReadAction","target":["https:\/\/agrupacionespsoe.es\/melilla\/el-psoe-consulta-a-su-militancia-sus-pactos-para-la-investidura\/"]}]},{"@type":"ImageObject","inLanguage":"es","@id":"https:\/\/agrupacionespsoe.es\/melilla\/el-psoe-consulta-a-su-militancia-sus-pactos-para-la-investidura\/#primaryimage","url":"https:\/\/agrupacionespsoe.es\/melilla\/wp-content\/uploads\/sites\/120\/2023\/11\/1e7d82a3-ef75-40a3-9df1-67f8b05348e8-1024x682.jpeg","contentUrl":"https:\/\/agrupacionespsoe.es\/melilla\/wp-content\/uploads\/sites\/120\/2023\/11\/1e7d82a3-ef75-40a3-9df1-67f8b05348e8-1024x682.jpeg"},{"@type":"BreadcrumbList","@id":"https:\/\/agrupacionespsoe.es\/melilla\/el-psoe-consulta-a-su-militancia-sus-pactos-para-la-investidura\/#breadcrumb","itemListElement":[{"@type":"ListItem","position":1,"name":"Portada","item":"https:\/\/agrupacionespsoe.es\/melilla\/"},{"@type":"ListItem","position":2,"name":"El PSOE consulta a su militancia sus pactos para la investidura\u00a0"}]},{"@type":"WebSite","@id":"https:\/\/agrupacionespsoe.es\/melilla\/#website","url":"https:\/\/agrupacionespsoe.es\/melilla\/","name":"Agrupaci\u00f3n Socialista de Melilla","description":"Agrupaci\u00f3n Socialista de Melilla","publisher":{"@id":"https:\/\/agrupacionespsoe.es\/melilla\/#organization"},"potentialAction":[{"@type":"SearchAction","target":{"@type":"EntryPoint","urlTemplate":"https:\/\/agrupacionespsoe.es\/melilla\/?s={search_term_string}"},"query-input":{"@type":"PropertyValueSpecification","valueRequired":true,"valueName":"search_term_string"}}],"inLanguage":"es"},{"@type":"Organization","@id":"https:\/\/agrupacionespsoe.es\/melilla\/#organization","name":"Agrupaci\u00f3n Socialista de Melilla","url":"https:\/\/agrupacionespsoe.es\/melilla\/","logo":{"@type":"ImageObject","inLanguage":"es","@id":"https:\/\/agrupacionespsoe.es\/melilla\/#\/schema\/logo\/image\/","url":"https:\/\/agrupacionespsoe.es\/wp-content\/uploads\/2022\/07\/Logotipo_electoral_del_PSOE.png","contentUrl":"https:\/\/agrupacionespsoe.es\/wp-content\/uploads\/2022\/07\/Logotipo_electoral_del_PSOE.png","width":422,"height":422,"caption":"Agrupaci\u00f3n Socialista de Melilla"},"image":{"@id":"https:\/\/agrupacionespsoe.es\/melilla\/#\/schema\/logo\/image\/"}},{"@type":"Person","@id":"https:\/\/agrupacionespsoe.es\/melilla\/#\/schema\/person\/72bb3075a827d0ed0623682b96c92bd6","name":"melilla2","image":{"@type":"ImageObject","inLanguage":"es","@id":"https:\/\/agrupacionespsoe.es\/melilla\/#\/schema\/person\/image\/","url":"https:\/\/secure.gravatar.com\/avatar\/489a178e794e59f00db13a448aabca16?s=96&d=mm&r=g","contentUrl":"https:\/\/secure.gravatar.com\/avatar\/489a178e794e59f00db13a448aabca16?s=96&d=mm&r=g","caption":"melilla2"},"url":"https:\/\/agrupacionespsoe.es\/melilla\/author\/melilla2\/"}]}},"jetpack_featured_media_url":"","jetpack_sharing_enabled":true,"_links":{"self":[{"href":"https:\/\/agrupacionespsoe.es\/melilla\/wp-json\/wp\/v2\/posts\/549","targetHints":{"allow":["GET"]}}],"collection":[{"href":"https:\/\/agrupacionespsoe.es\/melilla\/wp-json\/wp\/v2\/posts"}],"about":[{"href":"https:\/\/agrupacionespsoe.es\/melilla\/wp-json\/wp\/v2\/types\/post"}],"author":[{"embeddable":true,"href":"https:\/\/agrupacionespsoe.es\/melilla\/wp-json\/wp\/v2\/users\/187"}],"replies":[{"embeddable":true,"href":"https:\/\/agrupacionespsoe.es\/melilla\/wp-json\/wp\/v2\/comments?post=549"}],"version-history":[{"count":1,"href":"https:\/\/agrupacionespsoe.es\/melilla\/wp-json\/wp\/v2\/posts\/549\/revisions"}],"predecessor-version":[{"id":551,"href":"https:\/\/agrupacionespsoe.es\/melilla\/wp-json\/wp\/v2\/posts\/549\/revisions\/551"}],"wp:attachment":[{"href":"https:\/\/agrupacionespsoe.es\/melilla\/wp-json\/wp\/v2\/media?parent=549"}],"wp:term":[{"taxonomy":"category","embeddable":true,"href":"https:\/\/agrupacionespsoe.es\/melilla\/wp-json\/wp\/v2\/categories?post=549"},{"taxonomy":"post_tag","embeddable":true,"href":"https:\/\/agrupacionespsoe.es\/melilla\/wp-json\/wp\/v2\/tags?post=549"}],"curies":[{"name":"wp","href":"https:\/\/api.w.org\/{rel}","templated":true}]}}