{"id":546,"date":"2023-11-02T16:02:52","date_gmt":"2023-11-02T16:02:52","guid":{"rendered":"https:\/\/agrupacionespsoe.es\/melilla\/?p=546"},"modified":"2023-11-02T16:02:53","modified_gmt":"2023-11-02T16:02:53","slug":"el-psoe-se-reune-con-los-trabajadores-para-interesarse-por-su-situacion-tras-el-anunciado-cierre-de-la-residencia","status":"publish","type":"post","link":"https:\/\/agrupacionespsoe.es\/melilla\/el-psoe-se-reune-con-los-trabajadores-para-interesarse-por-su-situacion-tras-el-anunciado-cierre-de-la-residencia\/","title":{"rendered":"El PSOE se re\u00fane con los trabajadores para interesarse por su situaci\u00f3n tras el anunciado cierre de la Residencia"},"content":{"rendered":"\n<p><strong>Los socialistas piden que el Consejero de Educaci\u00f3n y Deportes los reciba cuanto antes para explicarles la situaci\u00f3n <\/strong><\/p>\n\n\n\n<figure class=\"wp-block-image size-large\"><img loading=\"lazy\" decoding=\"async\" width=\"1024\" height=\"811\" src=\"https:\/\/agrupacionespsoe.es\/melilla\/wp-content\/uploads\/sites\/120\/2023\/11\/819d4b4a-35a2-4290-8ec6-9cc4ab2277ec-1024x811.jpeg\" alt=\"\" class=\"wp-image-547\" srcset=\"https:\/\/agrupacionespsoe.es\/melilla\/wp-content\/uploads\/sites\/120\/2023\/11\/819d4b4a-35a2-4290-8ec6-9cc4ab2277ec-1024x811.jpeg 1024w, https:\/\/agrupacionespsoe.es\/melilla\/wp-content\/uploads\/sites\/120\/2023\/11\/819d4b4a-35a2-4290-8ec6-9cc4ab2277ec-300x237.jpeg 300w, https:\/\/agrupacionespsoe.es\/melilla\/wp-content\/uploads\/sites\/120\/2023\/11\/819d4b4a-35a2-4290-8ec6-9cc4ab2277ec-768x608.jpeg 768w, https:\/\/agrupacionespsoe.es\/melilla\/wp-content\/uploads\/sites\/120\/2023\/11\/819d4b4a-35a2-4290-8ec6-9cc4ab2277ec.jpeg 1516w\" sizes=\"auto, (max-width: 1024px) 100vw, 1024px\" \/><\/figure>\n\n\n\n<p>Una delegaci\u00f3n de trabajadores de la Residencia de Estudiantes y Deportista de la ciudad mantuvo en la tarde de ayer una con la Secretaria General del PSOE y Portavoz del Grupo Socialista en la Asamblea, Gloria Rojas y varios miembros de su ejecutiva, para expresarles la honda preocupaci\u00f3n que tienen sobre su futuro laboral.<br><br>Una preocupaci\u00f3n que surge tras enterarse, de manera indirecta, de la intenci\u00f3n de la Ciudad Aut\u00f3noma de cerrar dicha residencia para someterla a una reforma integral una vez finalice el contrato de explotaci\u00f3n con la empresa Hostemel, el 27 de diciembre.<br><br>Y es que, aunque varios miembros del Gobierno han hecho declaraciones sobre la necesidad de cierre de la residencia para su reforma, los trabajadores no han sido informados, ni por el Gobierno, ni por la empresa adjudicataria.\u00a0<br><br>Los trabajadores han manifestado al PSOE la situaci\u00f3n de incertidumbre que est\u00e1n sufriendo ante el anunciado cierre de la residencia, porque, como explicaron, nadie les ha comunicado nada hasta la fecha. De hecho su conocimiento sobre este cierre proviene de los audios que el Consejero de Educaci\u00f3n y Deporte mand\u00f3 a las diferentes federaciones, explic\u00e1ndoles las razones del cierre y d\u00e1ndoles soluciones para los deportistas alojados.<br><br>Sin embargo no se ha tenido la misma deferencia con los trabajadores que pueden perder sus puestos de trabajo. Nadie, ni de la Ciudad Aut\u00f3noma, ni de la empresa adjudicataria, se ha dignado ponerse en contacto con los trabajadores para explicarles la situaci\u00f3n y despejar dudas sobre su situaci\u00f3n futura. \u00a0<br><br>La residencia es un centro especial de empleo que da trabajo a 26 personas con diversas discapacidades, en categor\u00edas que van desde recepcionistas, camareros de piso, mantenimiento, cocineros, pinches, administrativos\u2026 siendo el 80% de la plantilla personal con discapacidad.<\/p>\n\n\n\n<p>Todos estos trabajadores son personal fijo adscrito al centro de trabajo, de manera que cuando termina el contrato de explotaci\u00f3n, la empresa que gana la licitaci\u00f3n tiene la obligaci\u00f3n de subrogar a la plantilla. Sin embargo, se da la circunstancia de que el contrato de explotaci\u00f3n de la residencia es de cuatro a\u00f1os, con una pr\u00f3rroga de uno a\u00f1o que termina el pr\u00f3ximo 27 de diciembre y, seg\u00fan declaraciones del Presidente local, Juan Jos\u00e9 Imbroda, de manera extraordinaria puede prorrogarse hasta junio de 2024. Sin embargo, esta pr\u00f3rroga solo retrasa lo inevitable si no hay otra empresa adjudicataria para subrogarse de sus contrataciones, en cuyo caso ir\u00e1n irremisiblemente al paro.<\/p>\n\n\n\n<p>Los trabajadores han solicitado una reuni\u00f3n con el Consejero responsable pero, hasta ahora, no han obtenido respuesta.<\/p>\n\n\n\n<p>Por todo ello, el PSOE se solidariza con la situaci\u00f3n que est\u00e1n viviendo las 26 familias de estos trabajadores y trabajadoras y se ha comprometido a hacer lo posible por que se les escuche e instar al Gobierno para que se busque una soluci\u00f3n que les permita mantener sus puestos de trabajo.\u00a0<\/p>\n","protected":false},"excerpt":{"rendered":"<p>Los socialistas piden que el Consejero de Educaci\u00f3n y Deportes los reciba cuanto antes para explicarles la situaci\u00f3n Una delegaci\u00f3n de trabajadores de la Residencia de Estudiantes y Deportista de la ciudad mantuvo en la tarde de ayer una con la Secretaria General del PSOE y Portavoz del Grupo Socialista en la Asamblea, Gloria Rojas &#8230;<\/p>\n","protected":false},"author":187,"featured_media":0,"comment_status":"open","ping_status":"open","sticky":false,"template":"","format":"standard","meta":{"_jetpack_memberships_contains_paid_content":false,"footnotes":""},"categories":[1],"tags":[],"class_list":["post-546","post","type-post","status-publish","format-standard","hentry","category-sin-categoria"],"yoast_head":"<!-- This site is optimized with the Yoast SEO plugin v24.0 - https:\/\/yoast.com\/wordpress\/plugins\/seo\/ -->\n<title>El PSOE se re\u00fane con los trabajadores para interesarse por su situaci\u00f3n tras el anunciado cierre de la Residencia - Agrupaci\u00f3n Socialista de Melilla<\/title>\n<meta name=\"robots\" content=\"index, follow, max-snippet:-1, max-image-preview:large, max-video-preview:-1\" \/>\n<link rel=\"canonical\" href=\"https:\/\/agrupacionespsoe.es\/melilla\/el-psoe-se-reune-con-los-trabajadores-para-interesarse-por-su-situacion-tras-el-anunciado-cierre-de-la-residencia\/\" \/>\n<meta property=\"og:locale\" content=\"es_ES\" \/>\n<meta property=\"og:type\" content=\"article\" \/>\n<meta property=\"og:title\" content=\"El PSOE se re\u00fane con los trabajadores para interesarse por su situaci\u00f3n tras el anunciado cierre de la Residencia - Agrupaci\u00f3n Socialista de Melilla\" \/>\n<meta property=\"og:description\" content=\"Los socialistas piden que el Consejero de Educaci\u00f3n y Deportes los reciba cuanto antes para explicarles la situaci\u00f3n Una delegaci\u00f3n de trabajadores de la Residencia de Estudiantes y Deportista de la ciudad mantuvo en la tarde de ayer una con la Secretaria General del PSOE y Portavoz del Grupo Socialista en la Asamblea, Gloria Rojas ...\" \/>\n<meta property=\"og:url\" content=\"https:\/\/agrupacionespsoe.es\/melilla\/el-psoe-se-reune-con-los-trabajadores-para-interesarse-por-su-situacion-tras-el-anunciado-cierre-de-la-residencia\/\" \/>\n<meta property=\"og:site_name\" content=\"Agrupaci\u00f3n Socialista de Melilla\" \/>\n<meta property=\"article:published_time\" content=\"2023-11-02T16:02:52+00:00\" \/>\n<meta property=\"article:modified_time\" content=\"2023-11-02T16:02:53+00:00\" \/>\n<meta property=\"og:image\" content=\"https:\/\/agrupacionespsoe.es\/melilla\/wp-content\/uploads\/sites\/120\/2023\/11\/819d4b4a-35a2-4290-8ec6-9cc4ab2277ec-1024x811.jpeg\" \/>\n<meta name=\"author\" content=\"melilla2\" \/>\n<meta name=\"twitter:card\" content=\"summary_large_image\" \/>\n<meta name=\"twitter:label1\" content=\"Escrito por\" \/>\n\t<meta name=\"twitter:data1\" content=\"melilla2\" \/>\n\t<meta name=\"twitter:label2\" content=\"Tiempo de lectura\" \/>\n\t<meta name=\"twitter:data2\" content=\"3 minutos\" \/>\n<script type=\"application\/ld+json\" class=\"yoast-schema-graph\">{\"@context\":\"https:\/\/schema.org\",\"@graph\":[{\"@type\":\"Article\",\"@id\":\"https:\/\/agrupacionespsoe.es\/melilla\/el-psoe-se-reune-con-los-trabajadores-para-interesarse-por-su-situacion-tras-el-anunciado-cierre-de-la-residencia\/#article\",\"isPartOf\":{\"@id\":\"https:\/\/agrupacionespsoe.es\/melilla\/el-psoe-se-reune-con-los-trabajadores-para-interesarse-por-su-situacion-tras-el-anunciado-cierre-de-la-residencia\/\"},\"author\":{\"name\":\"melilla2\",\"@id\":\"https:\/\/agrupacionespsoe.es\/melilla\/#\/schema\/person\/72bb3075a827d0ed0623682b96c92bd6\"},\"headline\":\"El PSOE se re\u00fane con los trabajadores para interesarse por su situaci\u00f3n tras el anunciado cierre de la Residencia\",\"datePublished\":\"2023-11-02T16:02:52+00:00\",\"dateModified\":\"2023-11-02T16:02:53+00:00\",\"mainEntityOfPage\":{\"@id\":\"https:\/\/agrupacionespsoe.es\/melilla\/el-psoe-se-reune-con-los-trabajadores-para-interesarse-por-su-situacion-tras-el-anunciado-cierre-de-la-residencia\/\"},\"wordCount\":531,\"commentCount\":0,\"publisher\":{\"@id\":\"https:\/\/agrupacionespsoe.es\/melilla\/#organization\"},\"image\":{\"@id\":\"https:\/\/agrupacionespsoe.es\/melilla\/el-psoe-se-reune-con-los-trabajadores-para-interesarse-por-su-situacion-tras-el-anunciado-cierre-de-la-residencia\/#primaryimage\"},\"thumbnailUrl\":\"https:\/\/agrupacionespsoe.es\/melilla\/wp-content\/uploads\/sites\/120\/2023\/11\/819d4b4a-35a2-4290-8ec6-9cc4ab2277ec-1024x811.jpeg\",\"inLanguage\":\"es\",\"potentialAction\":[{\"@type\":\"CommentAction\",\"name\":\"Comment\",\"target\":[\"https:\/\/agrupacionespsoe.es\/melilla\/el-psoe-se-reune-con-los-trabajadores-para-interesarse-por-su-situacion-tras-el-anunciado-cierre-de-la-residencia\/#respond\"]}]},{\"@type\":\"WebPage\",\"@id\":\"https:\/\/agrupacionespsoe.es\/melilla\/el-psoe-se-reune-con-los-trabajadores-para-interesarse-por-su-situacion-tras-el-anunciado-cierre-de-la-residencia\/\",\"url\":\"https:\/\/agrupacionespsoe.es\/melilla\/el-psoe-se-reune-con-los-trabajadores-para-interesarse-por-su-situacion-tras-el-anunciado-cierre-de-la-residencia\/\",\"name\":\"El PSOE se re\u00fane con los trabajadores para interesarse por su situaci\u00f3n tras el anunciado cierre de la Residencia - Agrupaci\u00f3n Socialista de Melilla\",\"isPartOf\":{\"@id\":\"https:\/\/agrupacionespsoe.es\/melilla\/#website\"},\"primaryImageOfPage\":{\"@id\":\"https:\/\/agrupacionespsoe.es\/melilla\/el-psoe-se-reune-con-los-trabajadores-para-interesarse-por-su-situacion-tras-el-anunciado-cierre-de-la-residencia\/#primaryimage\"},\"image\":{\"@id\":\"https:\/\/agrupacionespsoe.es\/melilla\/el-psoe-se-reune-con-los-trabajadores-para-interesarse-por-su-situacion-tras-el-anunciado-cierre-de-la-residencia\/#primaryimage\"},\"thumbnailUrl\":\"https:\/\/agrupacionespsoe.es\/melilla\/wp-content\/uploads\/sites\/120\/2023\/11\/819d4b4a-35a2-4290-8ec6-9cc4ab2277ec-1024x811.jpeg\",\"datePublished\":\"2023-11-02T16:02:52+00:00\",\"dateModified\":\"2023-11-02T16:02:53+00:00\",\"breadcrumb\":{\"@id\":\"https:\/\/agrupacionespsoe.es\/melilla\/el-psoe-se-reune-con-los-trabajadores-para-interesarse-por-su-situacion-tras-el-anunciado-cierre-de-la-residencia\/#breadcrumb\"},\"inLanguage\":\"es\",\"potentialAction\":[{\"@type\":\"ReadAction\",\"target\":[\"https:\/\/agrupacionespsoe.es\/melilla\/el-psoe-se-reune-con-los-trabajadores-para-interesarse-por-su-situacion-tras-el-anunciado-cierre-de-la-residencia\/\"]}]},{\"@type\":\"ImageObject\",\"inLanguage\":\"es\",\"@id\":\"https:\/\/agrupacionespsoe.es\/melilla\/el-psoe-se-reune-con-los-trabajadores-para-interesarse-por-su-situacion-tras-el-anunciado-cierre-de-la-residencia\/#primaryimage\",\"url\":\"https:\/\/agrupacionespsoe.es\/melilla\/wp-content\/uploads\/sites\/120\/2023\/11\/819d4b4a-35a2-4290-8ec6-9cc4ab2277ec-1024x811.jpeg\",\"contentUrl\":\"https:\/\/agrupacionespsoe.es\/melilla\/wp-content\/uploads\/sites\/120\/2023\/11\/819d4b4a-35a2-4290-8ec6-9cc4ab2277ec-1024x811.jpeg\"},{\"@type\":\"BreadcrumbList\",\"@id\":\"https:\/\/agrupacionespsoe.es\/melilla\/el-psoe-se-reune-con-los-trabajadores-para-interesarse-por-su-situacion-tras-el-anunciado-cierre-de-la-residencia\/#breadcrumb\",\"itemListElement\":[{\"@type\":\"ListItem\",\"position\":1,\"name\":\"Portada\",\"item\":\"https:\/\/agrupacionespsoe.es\/melilla\/\"},{\"@type\":\"ListItem\",\"position\":2,\"name\":\"El PSOE se re\u00fane con los trabajadores para interesarse por su situaci\u00f3n tras el anunciado cierre de la Residencia\"}]},{\"@type\":\"WebSite\",\"@id\":\"https:\/\/agrupacionespsoe.es\/melilla\/#website\",\"url\":\"https:\/\/agrupacionespsoe.es\/melilla\/\",\"name\":\"Agrupaci\u00f3n Socialista de Melilla\",\"description\":\"Agrupaci\u00f3n Socialista de Melilla\",\"publisher\":{\"@id\":\"https:\/\/agrupacionespsoe.es\/melilla\/#organization\"},\"potentialAction\":[{\"@type\":\"SearchAction\",\"target\":{\"@type\":\"EntryPoint\",\"urlTemplate\":\"https:\/\/agrupacionespsoe.es\/melilla\/?s={search_term_string}\"},\"query-input\":{\"@type\":\"PropertyValueSpecification\",\"valueRequired\":true,\"valueName\":\"search_term_string\"}}],\"inLanguage\":\"es\"},{\"@type\":\"Organization\",\"@id\":\"https:\/\/agrupacionespsoe.es\/melilla\/#organization\",\"name\":\"Agrupaci\u00f3n Socialista de Melilla\",\"url\":\"https:\/\/agrupacionespsoe.es\/melilla\/\",\"logo\":{\"@type\":\"ImageObject\",\"inLanguage\":\"es\",\"@id\":\"https:\/\/agrupacionespsoe.es\/melilla\/#\/schema\/logo\/image\/\",\"url\":\"https:\/\/agrupacionespsoe.es\/wp-content\/uploads\/2022\/07\/Logotipo_electoral_del_PSOE.png\",\"contentUrl\":\"https:\/\/agrupacionespsoe.es\/wp-content\/uploads\/2022\/07\/Logotipo_electoral_del_PSOE.png\",\"width\":422,\"height\":422,\"caption\":\"Agrupaci\u00f3n Socialista de Melilla\"},\"image\":{\"@id\":\"https:\/\/agrupacionespsoe.es\/melilla\/#\/schema\/logo\/image\/\"}},{\"@type\":\"Person\",\"@id\":\"https:\/\/agrupacionespsoe.es\/melilla\/#\/schema\/person\/72bb3075a827d0ed0623682b96c92bd6\",\"name\":\"melilla2\",\"image\":{\"@type\":\"ImageObject\",\"inLanguage\":\"es\",\"@id\":\"https:\/\/agrupacionespsoe.es\/melilla\/#\/schema\/person\/image\/\",\"url\":\"https:\/\/secure.gravatar.com\/avatar\/489a178e794e59f00db13a448aabca16?s=96&d=mm&r=g\",\"contentUrl\":\"https:\/\/secure.gravatar.com\/avatar\/489a178e794e59f00db13a448aabca16?s=96&d=mm&r=g\",\"caption\":\"melilla2\"},\"url\":\"https:\/\/agrupacionespsoe.es\/melilla\/author\/melilla2\/\"}]}<\/script>\n<!-- \/ Yoast SEO plugin. -->","yoast_head_json":{"title":"El PSOE se re\u00fane con los trabajadores para interesarse por su situaci\u00f3n tras el anunciado cierre de la Residencia - Agrupaci\u00f3n Socialista de Melilla","robots":{"index":"index","follow":"follow","max-snippet":"max-snippet:-1","max-image-preview":"max-image-preview:large","max-video-preview":"max-video-preview:-1"},"canonical":"https:\/\/agrupacionespsoe.es\/melilla\/el-psoe-se-reune-con-los-trabajadores-para-interesarse-por-su-situacion-tras-el-anunciado-cierre-de-la-residencia\/","og_locale":"es_ES","og_type":"article","og_title":"El PSOE se re\u00fane con los trabajadores para interesarse por su situaci\u00f3n tras el anunciado cierre de la Residencia - Agrupaci\u00f3n Socialista de Melilla","og_description":"Los socialistas piden que el Consejero de Educaci\u00f3n y Deportes los reciba cuanto antes para explicarles la situaci\u00f3n Una delegaci\u00f3n de trabajadores de la Residencia de Estudiantes y Deportista de la ciudad mantuvo en la tarde de ayer una con la Secretaria General del PSOE y Portavoz del Grupo Socialista en la Asamblea, Gloria Rojas ...","og_url":"https:\/\/agrupacionespsoe.es\/melilla\/el-psoe-se-reune-con-los-trabajadores-para-interesarse-por-su-situacion-tras-el-anunciado-cierre-de-la-residencia\/","og_site_name":"Agrupaci\u00f3n Socialista de Melilla","article_published_time":"2023-11-02T16:02:52+00:00","article_modified_time":"2023-11-02T16:02:53+00:00","og_image":[{"url":"https:\/\/agrupacionespsoe.es\/melilla\/wp-content\/uploads\/sites\/120\/2023\/11\/819d4b4a-35a2-4290-8ec6-9cc4ab2277ec-1024x811.jpeg","type":"","width":"","height":""}],"author":"melilla2","twitter_card":"summary_large_image","twitter_misc":{"Escrito por":"melilla2","Tiempo de lectura":"3 minutos"},"schema":{"@context":"https:\/\/schema.org","@graph":[{"@type":"Article","@id":"https:\/\/agrupacionespsoe.es\/melilla\/el-psoe-se-reune-con-los-trabajadores-para-interesarse-por-su-situacion-tras-el-anunciado-cierre-de-la-residencia\/#article","isPartOf":{"@id":"https:\/\/agrupacionespsoe.es\/melilla\/el-psoe-se-reune-con-los-trabajadores-para-interesarse-por-su-situacion-tras-el-anunciado-cierre-de-la-residencia\/"},"author":{"name":"melilla2","@id":"https:\/\/agrupacionespsoe.es\/melilla\/#\/schema\/person\/72bb3075a827d0ed0623682b96c92bd6"},"headline":"El PSOE se re\u00fane con los trabajadores para interesarse por su situaci\u00f3n tras el anunciado cierre de la Residencia","datePublished":"2023-11-02T16:02:52+00:00","dateModified":"2023-11-02T16:02:53+00:00","mainEntityOfPage":{"@id":"https:\/\/agrupacionespsoe.es\/melilla\/el-psoe-se-reune-con-los-trabajadores-para-interesarse-por-su-situacion-tras-el-anunciado-cierre-de-la-residencia\/"},"wordCount":531,"commentCount":0,"publisher":{"@id":"https:\/\/agrupacionespsoe.es\/melilla\/#organization"},"image":{"@id":"https:\/\/agrupacionespsoe.es\/melilla\/el-psoe-se-reune-con-los-trabajadores-para-interesarse-por-su-situacion-tras-el-anunciado-cierre-de-la-residencia\/#primaryimage"},"thumbnailUrl":"https:\/\/agrupacionespsoe.es\/melilla\/wp-content\/uploads\/sites\/120\/2023\/11\/819d4b4a-35a2-4290-8ec6-9cc4ab2277ec-1024x811.jpeg","inLanguage":"es","potentialAction":[{"@type":"CommentAction","name":"Comment","target":["https:\/\/agrupacionespsoe.es\/melilla\/el-psoe-se-reune-con-los-trabajadores-para-interesarse-por-su-situacion-tras-el-anunciado-cierre-de-la-residencia\/#respond"]}]},{"@type":"WebPage","@id":"https:\/\/agrupacionespsoe.es\/melilla\/el-psoe-se-reune-con-los-trabajadores-para-interesarse-por-su-situacion-tras-el-anunciado-cierre-de-la-residencia\/","url":"https:\/\/agrupacionespsoe.es\/melilla\/el-psoe-se-reune-con-los-trabajadores-para-interesarse-por-su-situacion-tras-el-anunciado-cierre-de-la-residencia\/","name":"El PSOE se re\u00fane con los trabajadores para interesarse por su situaci\u00f3n tras el anunciado cierre de la Residencia - Agrupaci\u00f3n Socialista de Melilla","isPartOf":{"@id":"https:\/\/agrupacionespsoe.es\/melilla\/#website"},"primaryImageOfPage":{"@id":"https:\/\/agrupacionespsoe.es\/melilla\/el-psoe-se-reune-con-los-trabajadores-para-interesarse-por-su-situacion-tras-el-anunciado-cierre-de-la-residencia\/#primaryimage"},"image":{"@id":"https:\/\/agrupacionespsoe.es\/melilla\/el-psoe-se-reune-con-los-trabajadores-para-interesarse-por-su-situacion-tras-el-anunciado-cierre-de-la-residencia\/#primaryimage"},"thumbnailUrl":"https:\/\/agrupacionespsoe.es\/melilla\/wp-content\/uploads\/sites\/120\/2023\/11\/819d4b4a-35a2-4290-8ec6-9cc4ab2277ec-1024x811.jpeg","datePublished":"2023-11-02T16:02:52+00:00","dateModified":"2023-11-02T16:02:53+00:00","breadcrumb":{"@id":"https:\/\/agrupacionespsoe.es\/melilla\/el-psoe-se-reune-con-los-trabajadores-para-interesarse-por-su-situacion-tras-el-anunciado-cierre-de-la-residencia\/#breadcrumb"},"inLanguage":"es","potentialAction":[{"@type":"ReadAction","target":["https:\/\/agrupacionespsoe.es\/melilla\/el-psoe-se-reune-con-los-trabajadores-para-interesarse-por-su-situacion-tras-el-anunciado-cierre-de-la-residencia\/"]}]},{"@type":"ImageObject","inLanguage":"es","@id":"https:\/\/agrupacionespsoe.es\/melilla\/el-psoe-se-reune-con-los-trabajadores-para-interesarse-por-su-situacion-tras-el-anunciado-cierre-de-la-residencia\/#primaryimage","url":"https:\/\/agrupacionespsoe.es\/melilla\/wp-content\/uploads\/sites\/120\/2023\/11\/819d4b4a-35a2-4290-8ec6-9cc4ab2277ec-1024x811.jpeg","contentUrl":"https:\/\/agrupacionespsoe.es\/melilla\/wp-content\/uploads\/sites\/120\/2023\/11\/819d4b4a-35a2-4290-8ec6-9cc4ab2277ec-1024x811.jpeg"},{"@type":"BreadcrumbList","@id":"https:\/\/agrupacionespsoe.es\/melilla\/el-psoe-se-reune-con-los-trabajadores-para-interesarse-por-su-situacion-tras-el-anunciado-cierre-de-la-residencia\/#breadcrumb","itemListElement":[{"@type":"ListItem","position":1,"name":"Portada","item":"https:\/\/agrupacionespsoe.es\/melilla\/"},{"@type":"ListItem","position":2,"name":"El PSOE se re\u00fane con los trabajadores para interesarse por su situaci\u00f3n tras el anunciado cierre de la Residencia"}]},{"@type":"WebSite","@id":"https:\/\/agrupacionespsoe.es\/melilla\/#website","url":"https:\/\/agrupacionespsoe.es\/melilla\/","name":"Agrupaci\u00f3n Socialista de Melilla","description":"Agrupaci\u00f3n Socialista de Melilla","publisher":{"@id":"https:\/\/agrupacionespsoe.es\/melilla\/#organization"},"potentialAction":[{"@type":"SearchAction","target":{"@type":"EntryPoint","urlTemplate":"https:\/\/agrupacionespsoe.es\/melilla\/?s={search_term_string}"},"query-input":{"@type":"PropertyValueSpecification","valueRequired":true,"valueName":"search_term_string"}}],"inLanguage":"es"},{"@type":"Organization","@id":"https:\/\/agrupacionespsoe.es\/melilla\/#organization","name":"Agrupaci\u00f3n Socialista de Melilla","url":"https:\/\/agrupacionespsoe.es\/melilla\/","logo":{"@type":"ImageObject","inLanguage":"es","@id":"https:\/\/agrupacionespsoe.es\/melilla\/#\/schema\/logo\/image\/","url":"https:\/\/agrupacionespsoe.es\/wp-content\/uploads\/2022\/07\/Logotipo_electoral_del_PSOE.png","contentUrl":"https:\/\/agrupacionespsoe.es\/wp-content\/uploads\/2022\/07\/Logotipo_electoral_del_PSOE.png","width":422,"height":422,"caption":"Agrupaci\u00f3n Socialista de Melilla"},"image":{"@id":"https:\/\/agrupacionespsoe.es\/melilla\/#\/schema\/logo\/image\/"}},{"@type":"Person","@id":"https:\/\/agrupacionespsoe.es\/melilla\/#\/schema\/person\/72bb3075a827d0ed0623682b96c92bd6","name":"melilla2","image":{"@type":"ImageObject","inLanguage":"es","@id":"https:\/\/agrupacionespsoe.es\/melilla\/#\/schema\/person\/image\/","url":"https:\/\/secure.gravatar.com\/avatar\/489a178e794e59f00db13a448aabca16?s=96&d=mm&r=g","contentUrl":"https:\/\/secure.gravatar.com\/avatar\/489a178e794e59f00db13a448aabca16?s=96&d=mm&r=g","caption":"melilla2"},"url":"https:\/\/agrupacionespsoe.es\/melilla\/author\/melilla2\/"}]}},"jetpack_featured_media_url":"","jetpack_sharing_enabled":true,"_links":{"self":[{"href":"https:\/\/agrupacionespsoe.es\/melilla\/wp-json\/wp\/v2\/posts\/546","targetHints":{"allow":["GET"]}}],"collection":[{"href":"https:\/\/agrupacionespsoe.es\/melilla\/wp-json\/wp\/v2\/posts"}],"about":[{"href":"https:\/\/agrupacionespsoe.es\/melilla\/wp-json\/wp\/v2\/types\/post"}],"author":[{"embeddable":true,"href":"https:\/\/agrupacionespsoe.es\/melilla\/wp-json\/wp\/v2\/users\/187"}],"replies":[{"embeddable":true,"href":"https:\/\/agrupacionespsoe.es\/melilla\/wp-json\/wp\/v2\/comments?post=546"}],"version-history":[{"count":1,"href":"https:\/\/agrupacionespsoe.es\/melilla\/wp-json\/wp\/v2\/posts\/546\/revisions"}],"predecessor-version":[{"id":548,"href":"https:\/\/agrupacionespsoe.es\/melilla\/wp-json\/wp\/v2\/posts\/546\/revisions\/548"}],"wp:attachment":[{"href":"https:\/\/agrupacionespsoe.es\/melilla\/wp-json\/wp\/v2\/media?parent=546"}],"wp:term":[{"taxonomy":"category","embeddable":true,"href":"https:\/\/agrupacionespsoe.es\/melilla\/wp-json\/wp\/v2\/categories?post=546"},{"taxonomy":"post_tag","embeddable":true,"href":"https:\/\/agrupacionespsoe.es\/melilla\/wp-json\/wp\/v2\/tags?post=546"}],"curies":[{"name":"wp","href":"https:\/\/api.w.org\/{rel}","templated":true}]}}