{"id":536,"date":"2023-10-18T11:45:24","date_gmt":"2023-10-18T11:45:24","guid":{"rendered":"https:\/\/agrupacionespsoe.es\/melilla\/?p=536"},"modified":"2023-10-18T11:45:24","modified_gmt":"2023-10-18T11:45:24","slug":"trevino-no-se-ha-perdido-medio-millon-de-euros-se-ha-invertido-integro-en-la-restauracion-de-la-capilla-de-cristo-rey","status":"publish","type":"post","link":"https:\/\/agrupacionespsoe.es\/melilla\/trevino-no-se-ha-perdido-medio-millon-de-euros-se-ha-invertido-integro-en-la-restauracion-de-la-capilla-de-cristo-rey\/","title":{"rendered":"Trevi\u00f1o: \u201cNo se ha perdido medio mill\u00f3n de euros. Se ha invertido \u00edntegro en la restauraci\u00f3n de la capilla de Cristo Rey\u201d"},"content":{"rendered":"\n<p><strong>Pide a Imbroda que deje de decir cosas inciertas cuando el propio Mar\u00edn ha reconocido que la obra va a comenzar ya<\/strong><\/p>\n\n\n\n<figure class=\"wp-block-image size-large\"><img loading=\"lazy\" decoding=\"async\" width=\"1024\" height=\"683\" src=\"https:\/\/agrupacionespsoe.es\/melilla\/wp-content\/uploads\/sites\/120\/2023\/10\/E2-1024x683.jpg\" alt=\"\" class=\"wp-image-537\" srcset=\"https:\/\/agrupacionespsoe.es\/melilla\/wp-content\/uploads\/sites\/120\/2023\/10\/E2-1024x683.jpg 1024w, https:\/\/agrupacionespsoe.es\/melilla\/wp-content\/uploads\/sites\/120\/2023\/10\/E2-300x200.jpg 300w, https:\/\/agrupacionespsoe.es\/melilla\/wp-content\/uploads\/sites\/120\/2023\/10\/E2-768x512.jpg 768w, https:\/\/agrupacionespsoe.es\/melilla\/wp-content\/uploads\/sites\/120\/2023\/10\/E2-1536x1024.jpg 1536w, https:\/\/agrupacionespsoe.es\/melilla\/wp-content\/uploads\/sites\/120\/2023\/10\/E2-2048x1365.jpg 2048w\" sizes=\"auto, (max-width: 1024px) 100vw, 1024px\" \/><\/figure>\n\n\n\n<p>\u201cEl medio mill\u00f3n de euros que la Consejer\u00eda de Cultura recibi\u00f3 el a\u00f1o pasado para destinar a un edificio bien de inter\u00e9s cultural de uso p\u00fablico no solamente no se ha devuelto, sino que se ha invertido \u00edntegro en la obra de restauraci\u00f3n y recuperaci\u00f3n de la capilla de Cristo Rey\u201d.<\/p>\n\n\n\n<p>La Diputada del Grupo Socialista en la Asamblea de Melilla y Consejera de Cultura y Festejos de la Ciudad la pasada legislatura, Elena Fern\u00e1ndez Trevi\u00f1o, ha desmentido as\u00ed las declaraciones realizadas por el Presidente local, el popular Juan Jos\u00e9 Imbroda, que en el \u00faltimo pleno de control asegur\u00f3 que se hab\u00eda derivado medio mill\u00f3n de euros a la Consejer\u00eda de Cultura y que, como no se hab\u00eda gastado, se iba a tener que devolver.<\/p>\n\n\n\n<p>\u201cUna obra \u2013ha apostillado la diputada del PSOE- que el actual Consejero de Fomento, Miguel Mar\u00edn, nos dijo, en la \u00faltima Comisi\u00f3n en la que le preguntamos por este tema, que est\u00e1 a punto de comenzar\u201d.<\/p>\n\n\n\n<p>Y es que, tal y como ha explicado, Cultura dedic\u00f3 ese medio mill\u00f3n de euros \u00edntegros e Infraestructuras dedic\u00f3 700.000 euros para la recuperaci\u00f3n y rehabilitaci\u00f3n de la capilla de Cristo Rey de una obra que va a comenzar ya.<\/p>\n\n\n\n<p>Por lo tanto la socialista le ha preguntado a Imbroda cu\u00e1ndo se ha perdido ese medio mill\u00f3n de euros. \u201c\u00bfPor qu\u00e9 dice usted que ese medio mill\u00f3n no se ha usado?\u201d, ha querido saber. \u201cNo hemos perdido nada, no hay que devolver nada\u201d, ha subrayado al tiempo que le ha pedido que se informe y deje de decir cosas inciertas a la ciudadan\u00eda.<\/p>\n","protected":false},"excerpt":{"rendered":"<p>Pide a Imbroda que deje de decir cosas inciertas cuando el propio Mar\u00edn ha reconocido que la obra va a comenzar ya \u201cEl medio mill\u00f3n de euros que la Consejer\u00eda de Cultura recibi\u00f3 el a\u00f1o pasado para destinar a un edificio bien de inter\u00e9s cultural de uso p\u00fablico no solamente no se ha devuelto, sino &#8230;<\/p>\n","protected":false},"author":187,"featured_media":0,"comment_status":"open","ping_status":"open","sticky":false,"template":"","format":"standard","meta":{"_jetpack_memberships_contains_paid_content":false,"footnotes":""},"categories":[1],"tags":[37,13,14,18],"class_list":["post-536","post","type-post","status-publish","format-standard","hentry","category-sin-categoria","tag-cultura","tag-melilla","tag-psoe","tag-trevino"],"yoast_head":"<!-- This site is optimized with the Yoast SEO plugin v24.0 - https:\/\/yoast.com\/wordpress\/plugins\/seo\/ -->\n<title>Trevi\u00f1o: \u201cNo se ha perdido medio mill\u00f3n de euros. Se ha invertido \u00edntegro en la restauraci\u00f3n de la capilla de Cristo Rey\u201d - Agrupaci\u00f3n Socialista de Melilla<\/title>\n<meta name=\"robots\" content=\"index, follow, max-snippet:-1, max-image-preview:large, max-video-preview:-1\" \/>\n<link rel=\"canonical\" href=\"https:\/\/agrupacionespsoe.es\/melilla\/trevino-no-se-ha-perdido-medio-millon-de-euros-se-ha-invertido-integro-en-la-restauracion-de-la-capilla-de-cristo-rey\/\" \/>\n<meta property=\"og:locale\" content=\"es_ES\" \/>\n<meta property=\"og:type\" content=\"article\" \/>\n<meta property=\"og:title\" content=\"Trevi\u00f1o: \u201cNo se ha perdido medio mill\u00f3n de euros. Se ha invertido \u00edntegro en la restauraci\u00f3n de la capilla de Cristo Rey\u201d - Agrupaci\u00f3n Socialista de Melilla\" \/>\n<meta property=\"og:description\" content=\"Pide a Imbroda que deje de decir cosas inciertas cuando el propio Mar\u00edn ha reconocido que la obra va a comenzar ya \u201cEl medio mill\u00f3n de euros que la Consejer\u00eda de Cultura recibi\u00f3 el a\u00f1o pasado para destinar a un edificio bien de inter\u00e9s cultural de uso p\u00fablico no solamente no se ha devuelto, sino ...\" \/>\n<meta property=\"og:url\" content=\"https:\/\/agrupacionespsoe.es\/melilla\/trevino-no-se-ha-perdido-medio-millon-de-euros-se-ha-invertido-integro-en-la-restauracion-de-la-capilla-de-cristo-rey\/\" \/>\n<meta property=\"og:site_name\" content=\"Agrupaci\u00f3n Socialista de Melilla\" \/>\n<meta property=\"article:published_time\" content=\"2023-10-18T11:45:24+00:00\" \/>\n<meta property=\"og:image\" content=\"https:\/\/agrupacionespsoe.es\/melilla\/wp-content\/uploads\/sites\/120\/2023\/10\/E2-1024x683.jpg\" \/>\n<meta name=\"author\" content=\"melilla2\" \/>\n<meta name=\"twitter:card\" content=\"summary_large_image\" \/>\n<meta name=\"twitter:label1\" content=\"Escrito por\" \/>\n\t<meta name=\"twitter:data1\" content=\"melilla2\" \/>\n\t<meta name=\"twitter:label2\" content=\"Tiempo de lectura\" \/>\n\t<meta name=\"twitter:data2\" content=\"2 minutos\" \/>\n<script type=\"application\/ld+json\" class=\"yoast-schema-graph\">{\"@context\":\"https:\/\/schema.org\",\"@graph\":[{\"@type\":\"Article\",\"@id\":\"https:\/\/agrupacionespsoe.es\/melilla\/trevino-no-se-ha-perdido-medio-millon-de-euros-se-ha-invertido-integro-en-la-restauracion-de-la-capilla-de-cristo-rey\/#article\",\"isPartOf\":{\"@id\":\"https:\/\/agrupacionespsoe.es\/melilla\/trevino-no-se-ha-perdido-medio-millon-de-euros-se-ha-invertido-integro-en-la-restauracion-de-la-capilla-de-cristo-rey\/\"},\"author\":{\"name\":\"melilla2\",\"@id\":\"https:\/\/agrupacionespsoe.es\/melilla\/#\/schema\/person\/72bb3075a827d0ed0623682b96c92bd6\"},\"headline\":\"Trevi\u00f1o: \u201cNo se ha perdido medio mill\u00f3n de euros. Se ha invertido \u00edntegro en la restauraci\u00f3n de la capilla de Cristo Rey\u201d\",\"datePublished\":\"2023-10-18T11:45:24+00:00\",\"dateModified\":\"2023-10-18T11:45:24+00:00\",\"mainEntityOfPage\":{\"@id\":\"https:\/\/agrupacionespsoe.es\/melilla\/trevino-no-se-ha-perdido-medio-millon-de-euros-se-ha-invertido-integro-en-la-restauracion-de-la-capilla-de-cristo-rey\/\"},\"wordCount\":333,\"commentCount\":0,\"publisher\":{\"@id\":\"https:\/\/agrupacionespsoe.es\/melilla\/#organization\"},\"image\":{\"@id\":\"https:\/\/agrupacionespsoe.es\/melilla\/trevino-no-se-ha-perdido-medio-millon-de-euros-se-ha-invertido-integro-en-la-restauracion-de-la-capilla-de-cristo-rey\/#primaryimage\"},\"thumbnailUrl\":\"https:\/\/agrupacionespsoe.es\/melilla\/wp-content\/uploads\/sites\/120\/2023\/10\/E2-1024x683.jpg\",\"keywords\":[\"cultura\",\"melilla\",\"psoe\",\"trevi\u00f1o\"],\"inLanguage\":\"es\",\"potentialAction\":[{\"@type\":\"CommentAction\",\"name\":\"Comment\",\"target\":[\"https:\/\/agrupacionespsoe.es\/melilla\/trevino-no-se-ha-perdido-medio-millon-de-euros-se-ha-invertido-integro-en-la-restauracion-de-la-capilla-de-cristo-rey\/#respond\"]}]},{\"@type\":\"WebPage\",\"@id\":\"https:\/\/agrupacionespsoe.es\/melilla\/trevino-no-se-ha-perdido-medio-millon-de-euros-se-ha-invertido-integro-en-la-restauracion-de-la-capilla-de-cristo-rey\/\",\"url\":\"https:\/\/agrupacionespsoe.es\/melilla\/trevino-no-se-ha-perdido-medio-millon-de-euros-se-ha-invertido-integro-en-la-restauracion-de-la-capilla-de-cristo-rey\/\",\"name\":\"Trevi\u00f1o: \u201cNo se ha perdido medio mill\u00f3n de euros. Se ha invertido \u00edntegro en la restauraci\u00f3n de la capilla de Cristo Rey\u201d - Agrupaci\u00f3n Socialista de Melilla\",\"isPartOf\":{\"@id\":\"https:\/\/agrupacionespsoe.es\/melilla\/#website\"},\"primaryImageOfPage\":{\"@id\":\"https:\/\/agrupacionespsoe.es\/melilla\/trevino-no-se-ha-perdido-medio-millon-de-euros-se-ha-invertido-integro-en-la-restauracion-de-la-capilla-de-cristo-rey\/#primaryimage\"},\"image\":{\"@id\":\"https:\/\/agrupacionespsoe.es\/melilla\/trevino-no-se-ha-perdido-medio-millon-de-euros-se-ha-invertido-integro-en-la-restauracion-de-la-capilla-de-cristo-rey\/#primaryimage\"},\"thumbnailUrl\":\"https:\/\/agrupacionespsoe.es\/melilla\/wp-content\/uploads\/sites\/120\/2023\/10\/E2-1024x683.jpg\",\"datePublished\":\"2023-10-18T11:45:24+00:00\",\"dateModified\":\"2023-10-18T11:45:24+00:00\",\"breadcrumb\":{\"@id\":\"https:\/\/agrupacionespsoe.es\/melilla\/trevino-no-se-ha-perdido-medio-millon-de-euros-se-ha-invertido-integro-en-la-restauracion-de-la-capilla-de-cristo-rey\/#breadcrumb\"},\"inLanguage\":\"es\",\"potentialAction\":[{\"@type\":\"ReadAction\",\"target\":[\"https:\/\/agrupacionespsoe.es\/melilla\/trevino-no-se-ha-perdido-medio-millon-de-euros-se-ha-invertido-integro-en-la-restauracion-de-la-capilla-de-cristo-rey\/\"]}]},{\"@type\":\"ImageObject\",\"inLanguage\":\"es\",\"@id\":\"https:\/\/agrupacionespsoe.es\/melilla\/trevino-no-se-ha-perdido-medio-millon-de-euros-se-ha-invertido-integro-en-la-restauracion-de-la-capilla-de-cristo-rey\/#primaryimage\",\"url\":\"https:\/\/agrupacionespsoe.es\/melilla\/wp-content\/uploads\/sites\/120\/2023\/10\/E2-scaled.jpg\",\"contentUrl\":\"https:\/\/agrupacionespsoe.es\/melilla\/wp-content\/uploads\/sites\/120\/2023\/10\/E2-scaled.jpg\",\"width\":2560,\"height\":1707},{\"@type\":\"BreadcrumbList\",\"@id\":\"https:\/\/agrupacionespsoe.es\/melilla\/trevino-no-se-ha-perdido-medio-millon-de-euros-se-ha-invertido-integro-en-la-restauracion-de-la-capilla-de-cristo-rey\/#breadcrumb\",\"itemListElement\":[{\"@type\":\"ListItem\",\"position\":1,\"name\":\"Portada\",\"item\":\"https:\/\/agrupacionespsoe.es\/melilla\/\"},{\"@type\":\"ListItem\",\"position\":2,\"name\":\"Trevi\u00f1o: \u201cNo se ha perdido medio mill\u00f3n de euros. Se ha invertido \u00edntegro en la restauraci\u00f3n de la capilla de Cristo Rey\u201d\"}]},{\"@type\":\"WebSite\",\"@id\":\"https:\/\/agrupacionespsoe.es\/melilla\/#website\",\"url\":\"https:\/\/agrupacionespsoe.es\/melilla\/\",\"name\":\"Agrupaci\u00f3n Socialista de Melilla\",\"description\":\"Agrupaci\u00f3n Socialista de Melilla\",\"publisher\":{\"@id\":\"https:\/\/agrupacionespsoe.es\/melilla\/#organization\"},\"potentialAction\":[{\"@type\":\"SearchAction\",\"target\":{\"@type\":\"EntryPoint\",\"urlTemplate\":\"https:\/\/agrupacionespsoe.es\/melilla\/?s={search_term_string}\"},\"query-input\":{\"@type\":\"PropertyValueSpecification\",\"valueRequired\":true,\"valueName\":\"search_term_string\"}}],\"inLanguage\":\"es\"},{\"@type\":\"Organization\",\"@id\":\"https:\/\/agrupacionespsoe.es\/melilla\/#organization\",\"name\":\"Agrupaci\u00f3n Socialista de Melilla\",\"url\":\"https:\/\/agrupacionespsoe.es\/melilla\/\",\"logo\":{\"@type\":\"ImageObject\",\"inLanguage\":\"es\",\"@id\":\"https:\/\/agrupacionespsoe.es\/melilla\/#\/schema\/logo\/image\/\",\"url\":\"https:\/\/agrupacionespsoe.es\/wp-content\/uploads\/2022\/07\/Logotipo_electoral_del_PSOE.png\",\"contentUrl\":\"https:\/\/agrupacionespsoe.es\/wp-content\/uploads\/2022\/07\/Logotipo_electoral_del_PSOE.png\",\"width\":422,\"height\":422,\"caption\":\"Agrupaci\u00f3n Socialista de Melilla\"},\"image\":{\"@id\":\"https:\/\/agrupacionespsoe.es\/melilla\/#\/schema\/logo\/image\/\"}},{\"@type\":\"Person\",\"@id\":\"https:\/\/agrupacionespsoe.es\/melilla\/#\/schema\/person\/72bb3075a827d0ed0623682b96c92bd6\",\"name\":\"melilla2\",\"image\":{\"@type\":\"ImageObject\",\"inLanguage\":\"es\",\"@id\":\"https:\/\/agrupacionespsoe.es\/melilla\/#\/schema\/person\/image\/\",\"url\":\"https:\/\/secure.gravatar.com\/avatar\/489a178e794e59f00db13a448aabca16?s=96&d=mm&r=g\",\"contentUrl\":\"https:\/\/secure.gravatar.com\/avatar\/489a178e794e59f00db13a448aabca16?s=96&d=mm&r=g\",\"caption\":\"melilla2\"},\"url\":\"https:\/\/agrupacionespsoe.es\/melilla\/author\/melilla2\/\"}]}<\/script>\n<!-- \/ Yoast SEO plugin. -->","yoast_head_json":{"title":"Trevi\u00f1o: \u201cNo se ha perdido medio mill\u00f3n de euros. Se ha invertido \u00edntegro en la restauraci\u00f3n de la capilla de Cristo Rey\u201d - Agrupaci\u00f3n Socialista de Melilla","robots":{"index":"index","follow":"follow","max-snippet":"max-snippet:-1","max-image-preview":"max-image-preview:large","max-video-preview":"max-video-preview:-1"},"canonical":"https:\/\/agrupacionespsoe.es\/melilla\/trevino-no-se-ha-perdido-medio-millon-de-euros-se-ha-invertido-integro-en-la-restauracion-de-la-capilla-de-cristo-rey\/","og_locale":"es_ES","og_type":"article","og_title":"Trevi\u00f1o: \u201cNo se ha perdido medio mill\u00f3n de euros. Se ha invertido \u00edntegro en la restauraci\u00f3n de la capilla de Cristo Rey\u201d - Agrupaci\u00f3n Socialista de Melilla","og_description":"Pide a Imbroda que deje de decir cosas inciertas cuando el propio Mar\u00edn ha reconocido que la obra va a comenzar ya \u201cEl medio mill\u00f3n de euros que la Consejer\u00eda de Cultura recibi\u00f3 el a\u00f1o pasado para destinar a un edificio bien de inter\u00e9s cultural de uso p\u00fablico no solamente no se ha devuelto, sino ...","og_url":"https:\/\/agrupacionespsoe.es\/melilla\/trevino-no-se-ha-perdido-medio-millon-de-euros-se-ha-invertido-integro-en-la-restauracion-de-la-capilla-de-cristo-rey\/","og_site_name":"Agrupaci\u00f3n Socialista de Melilla","article_published_time":"2023-10-18T11:45:24+00:00","og_image":[{"url":"https:\/\/agrupacionespsoe.es\/melilla\/wp-content\/uploads\/sites\/120\/2023\/10\/E2-1024x683.jpg","type":"","width":"","height":""}],"author":"melilla2","twitter_card":"summary_large_image","twitter_misc":{"Escrito por":"melilla2","Tiempo de lectura":"2 minutos"},"schema":{"@context":"https:\/\/schema.org","@graph":[{"@type":"Article","@id":"https:\/\/agrupacionespsoe.es\/melilla\/trevino-no-se-ha-perdido-medio-millon-de-euros-se-ha-invertido-integro-en-la-restauracion-de-la-capilla-de-cristo-rey\/#article","isPartOf":{"@id":"https:\/\/agrupacionespsoe.es\/melilla\/trevino-no-se-ha-perdido-medio-millon-de-euros-se-ha-invertido-integro-en-la-restauracion-de-la-capilla-de-cristo-rey\/"},"author":{"name":"melilla2","@id":"https:\/\/agrupacionespsoe.es\/melilla\/#\/schema\/person\/72bb3075a827d0ed0623682b96c92bd6"},"headline":"Trevi\u00f1o: \u201cNo se ha perdido medio mill\u00f3n de euros. Se ha invertido \u00edntegro en la restauraci\u00f3n de la capilla de Cristo Rey\u201d","datePublished":"2023-10-18T11:45:24+00:00","dateModified":"2023-10-18T11:45:24+00:00","mainEntityOfPage":{"@id":"https:\/\/agrupacionespsoe.es\/melilla\/trevino-no-se-ha-perdido-medio-millon-de-euros-se-ha-invertido-integro-en-la-restauracion-de-la-capilla-de-cristo-rey\/"},"wordCount":333,"commentCount":0,"publisher":{"@id":"https:\/\/agrupacionespsoe.es\/melilla\/#organization"},"image":{"@id":"https:\/\/agrupacionespsoe.es\/melilla\/trevino-no-se-ha-perdido-medio-millon-de-euros-se-ha-invertido-integro-en-la-restauracion-de-la-capilla-de-cristo-rey\/#primaryimage"},"thumbnailUrl":"https:\/\/agrupacionespsoe.es\/melilla\/wp-content\/uploads\/sites\/120\/2023\/10\/E2-1024x683.jpg","keywords":["cultura","melilla","psoe","trevi\u00f1o"],"inLanguage":"es","potentialAction":[{"@type":"CommentAction","name":"Comment","target":["https:\/\/agrupacionespsoe.es\/melilla\/trevino-no-se-ha-perdido-medio-millon-de-euros-se-ha-invertido-integro-en-la-restauracion-de-la-capilla-de-cristo-rey\/#respond"]}]},{"@type":"WebPage","@id":"https:\/\/agrupacionespsoe.es\/melilla\/trevino-no-se-ha-perdido-medio-millon-de-euros-se-ha-invertido-integro-en-la-restauracion-de-la-capilla-de-cristo-rey\/","url":"https:\/\/agrupacionespsoe.es\/melilla\/trevino-no-se-ha-perdido-medio-millon-de-euros-se-ha-invertido-integro-en-la-restauracion-de-la-capilla-de-cristo-rey\/","name":"Trevi\u00f1o: \u201cNo se ha perdido medio mill\u00f3n de euros. Se ha invertido \u00edntegro en la restauraci\u00f3n de la capilla de Cristo Rey\u201d - Agrupaci\u00f3n Socialista de Melilla","isPartOf":{"@id":"https:\/\/agrupacionespsoe.es\/melilla\/#website"},"primaryImageOfPage":{"@id":"https:\/\/agrupacionespsoe.es\/melilla\/trevino-no-se-ha-perdido-medio-millon-de-euros-se-ha-invertido-integro-en-la-restauracion-de-la-capilla-de-cristo-rey\/#primaryimage"},"image":{"@id":"https:\/\/agrupacionespsoe.es\/melilla\/trevino-no-se-ha-perdido-medio-millon-de-euros-se-ha-invertido-integro-en-la-restauracion-de-la-capilla-de-cristo-rey\/#primaryimage"},"thumbnailUrl":"https:\/\/agrupacionespsoe.es\/melilla\/wp-content\/uploads\/sites\/120\/2023\/10\/E2-1024x683.jpg","datePublished":"2023-10-18T11:45:24+00:00","dateModified":"2023-10-18T11:45:24+00:00","breadcrumb":{"@id":"https:\/\/agrupacionespsoe.es\/melilla\/trevino-no-se-ha-perdido-medio-millon-de-euros-se-ha-invertido-integro-en-la-restauracion-de-la-capilla-de-cristo-rey\/#breadcrumb"},"inLanguage":"es","potentialAction":[{"@type":"ReadAction","target":["https:\/\/agrupacionespsoe.es\/melilla\/trevino-no-se-ha-perdido-medio-millon-de-euros-se-ha-invertido-integro-en-la-restauracion-de-la-capilla-de-cristo-rey\/"]}]},{"@type":"ImageObject","inLanguage":"es","@id":"https:\/\/agrupacionespsoe.es\/melilla\/trevino-no-se-ha-perdido-medio-millon-de-euros-se-ha-invertido-integro-en-la-restauracion-de-la-capilla-de-cristo-rey\/#primaryimage","url":"https:\/\/agrupacionespsoe.es\/melilla\/wp-content\/uploads\/sites\/120\/2023\/10\/E2-scaled.jpg","contentUrl":"https:\/\/agrupacionespsoe.es\/melilla\/wp-content\/uploads\/sites\/120\/2023\/10\/E2-scaled.jpg","width":2560,"height":1707},{"@type":"BreadcrumbList","@id":"https:\/\/agrupacionespsoe.es\/melilla\/trevino-no-se-ha-perdido-medio-millon-de-euros-se-ha-invertido-integro-en-la-restauracion-de-la-capilla-de-cristo-rey\/#breadcrumb","itemListElement":[{"@type":"ListItem","position":1,"name":"Portada","item":"https:\/\/agrupacionespsoe.es\/melilla\/"},{"@type":"ListItem","position":2,"name":"Trevi\u00f1o: \u201cNo se ha perdido medio mill\u00f3n de euros. Se ha invertido \u00edntegro en la restauraci\u00f3n de la capilla de Cristo Rey\u201d"}]},{"@type":"WebSite","@id":"https:\/\/agrupacionespsoe.es\/melilla\/#website","url":"https:\/\/agrupacionespsoe.es\/melilla\/","name":"Agrupaci\u00f3n Socialista de Melilla","description":"Agrupaci\u00f3n Socialista de Melilla","publisher":{"@id":"https:\/\/agrupacionespsoe.es\/melilla\/#organization"},"potentialAction":[{"@type":"SearchAction","target":{"@type":"EntryPoint","urlTemplate":"https:\/\/agrupacionespsoe.es\/melilla\/?s={search_term_string}"},"query-input":{"@type":"PropertyValueSpecification","valueRequired":true,"valueName":"search_term_string"}}],"inLanguage":"es"},{"@type":"Organization","@id":"https:\/\/agrupacionespsoe.es\/melilla\/#organization","name":"Agrupaci\u00f3n Socialista de Melilla","url":"https:\/\/agrupacionespsoe.es\/melilla\/","logo":{"@type":"ImageObject","inLanguage":"es","@id":"https:\/\/agrupacionespsoe.es\/melilla\/#\/schema\/logo\/image\/","url":"https:\/\/agrupacionespsoe.es\/wp-content\/uploads\/2022\/07\/Logotipo_electoral_del_PSOE.png","contentUrl":"https:\/\/agrupacionespsoe.es\/wp-content\/uploads\/2022\/07\/Logotipo_electoral_del_PSOE.png","width":422,"height":422,"caption":"Agrupaci\u00f3n Socialista de Melilla"},"image":{"@id":"https:\/\/agrupacionespsoe.es\/melilla\/#\/schema\/logo\/image\/"}},{"@type":"Person","@id":"https:\/\/agrupacionespsoe.es\/melilla\/#\/schema\/person\/72bb3075a827d0ed0623682b96c92bd6","name":"melilla2","image":{"@type":"ImageObject","inLanguage":"es","@id":"https:\/\/agrupacionespsoe.es\/melilla\/#\/schema\/person\/image\/","url":"https:\/\/secure.gravatar.com\/avatar\/489a178e794e59f00db13a448aabca16?s=96&d=mm&r=g","contentUrl":"https:\/\/secure.gravatar.com\/avatar\/489a178e794e59f00db13a448aabca16?s=96&d=mm&r=g","caption":"melilla2"},"url":"https:\/\/agrupacionespsoe.es\/melilla\/author\/melilla2\/"}]}},"jetpack_featured_media_url":"","jetpack_sharing_enabled":true,"_links":{"self":[{"href":"https:\/\/agrupacionespsoe.es\/melilla\/wp-json\/wp\/v2\/posts\/536","targetHints":{"allow":["GET"]}}],"collection":[{"href":"https:\/\/agrupacionespsoe.es\/melilla\/wp-json\/wp\/v2\/posts"}],"about":[{"href":"https:\/\/agrupacionespsoe.es\/melilla\/wp-json\/wp\/v2\/types\/post"}],"author":[{"embeddable":true,"href":"https:\/\/agrupacionespsoe.es\/melilla\/wp-json\/wp\/v2\/users\/187"}],"replies":[{"embeddable":true,"href":"https:\/\/agrupacionespsoe.es\/melilla\/wp-json\/wp\/v2\/comments?post=536"}],"version-history":[{"count":1,"href":"https:\/\/agrupacionespsoe.es\/melilla\/wp-json\/wp\/v2\/posts\/536\/revisions"}],"predecessor-version":[{"id":538,"href":"https:\/\/agrupacionespsoe.es\/melilla\/wp-json\/wp\/v2\/posts\/536\/revisions\/538"}],"wp:attachment":[{"href":"https:\/\/agrupacionespsoe.es\/melilla\/wp-json\/wp\/v2\/media?parent=536"}],"wp:term":[{"taxonomy":"category","embeddable":true,"href":"https:\/\/agrupacionespsoe.es\/melilla\/wp-json\/wp\/v2\/categories?post=536"},{"taxonomy":"post_tag","embeddable":true,"href":"https:\/\/agrupacionespsoe.es\/melilla\/wp-json\/wp\/v2\/tags?post=536"}],"curies":[{"name":"wp","href":"https:\/\/api.w.org\/{rel}","templated":true}]}}