{"id":533,"date":"2023-10-18T10:57:51","date_gmt":"2023-10-18T10:57:51","guid":{"rendered":"https:\/\/agrupacionespsoe.es\/melilla\/?p=533"},"modified":"2023-10-18T10:57:52","modified_gmt":"2023-10-18T10:57:52","slug":"trevino-desmiente-que-haya-gastado-la-partida-anual-de-cultura-y-festejos-en-5-meses-no-saben-leer-un-presupuesto","status":"publish","type":"post","link":"https:\/\/agrupacionespsoe.es\/melilla\/trevino-desmiente-que-haya-gastado-la-partida-anual-de-cultura-y-festejos-en-5-meses-no-saben-leer-un-presupuesto\/","title":{"rendered":"Trevi\u00f1o desmiente que haya gastado la partida anual de Cultura y Festejos en 5 meses: \u201cNo saben leer un presupuesto\u201d"},"content":{"rendered":"\n<p><strong>\u201cDicen que hab\u00eda dejado 2.900 euros y solamente la contrataci\u00f3n de los festejos taurinos ha costado de 200.000 euros\u201d, revela<\/strong><\/p>\n\n\n\n<figure class=\"wp-block-image size-large\"><img loading=\"lazy\" decoding=\"async\" width=\"1024\" height=\"683\" src=\"https:\/\/agrupacionespsoe.es\/melilla\/wp-content\/uploads\/sites\/120\/2023\/10\/E1-1024x683.jpg\" alt=\"\" class=\"wp-image-534\" srcset=\"https:\/\/agrupacionespsoe.es\/melilla\/wp-content\/uploads\/sites\/120\/2023\/10\/E1-1024x683.jpg 1024w, https:\/\/agrupacionespsoe.es\/melilla\/wp-content\/uploads\/sites\/120\/2023\/10\/E1-300x200.jpg 300w, https:\/\/agrupacionespsoe.es\/melilla\/wp-content\/uploads\/sites\/120\/2023\/10\/E1-768x512.jpg 768w, https:\/\/agrupacionespsoe.es\/melilla\/wp-content\/uploads\/sites\/120\/2023\/10\/E1-1536x1024.jpg 1536w, https:\/\/agrupacionespsoe.es\/melilla\/wp-content\/uploads\/sites\/120\/2023\/10\/E1-2048x1365.jpg 2048w\" sizes=\"auto, (max-width: 1024px) 100vw, 1024px\" \/><\/figure>\n\n\n\n<p>La Diputada del Grupo Socialista en la Asamblea de Melilla y Consejera de Cultura y Festejos de la Ciudad la pasada legislatura, Elena Fern\u00e1ndez Trevi\u00f1o, ha dejado en evidencia las mentiras vertidas por diferentes dirigentes del PP que la acusaban de haber gastado la partida presupuestaria del a\u00f1o de esta \u00e1rea en 5 meses. \u201cNo saben leer un presupuesto\u201d, ha dejado claro.<\/p>\n\n\n\n<p>\u201cDijeron que hab\u00eda dejado en Festejos lago as\u00ed como 2.900 euros. Solamente la contrataci\u00f3n de los festejos taurinos \u2013que ha llevado a cabo el Ejecutivo del PP y que salieron del \u00e1rea de Festejos- costaron cerca de 200.000 euros\u201d, ha se\u00f1alado la socialista.<\/p>\n\n\n\n<p>Es m\u00e1s, \u201ccosas que no han visto de Feria, estaban ya apalabradas o en retenci\u00f3n de cr\u00e9dito (RC) desde comienzo de a\u00f1o, otras se han derivado a otras \u00e1reas, como por ejemplo, la ambulancia o las videoc\u00e1maras a Sanidad o a Seguridad Ciudadana\u201d. En cualquier caso, \u201ces absolutamente imposible que afronten una Feria con esa cantidad que dicen que quedaba\u201d, ha dejado claro.<\/p>\n\n\n\n<p>Con respecto a Cultura, \u201cestaba programado pr\u00e1cticamente el resto de a\u00f1o cultural\u201d, ha explicado. De hecho, &nbsp;toda la actividad que ha habido hasta septiembre como M\u00fasica a la Luna y el ciclo del Hospital del Rey, ha salido del presupuesto de Cultura, a lo que se suma \u201ctodo lo que ten\u00edamos incluido de platea que iba en programaci\u00f3n hasta diciembre\u201d, ha apostillado.<\/p>\n\n\n\n<p><strong>Mentiras del PP<\/strong><strong><\/strong><\/p>\n\n\n\n<p>Llegados a este punto Trevi\u00f1o ha incidido en que los populares no saben leer un presupuesto. \u201cSi usted hace una fotograf\u00eda de un presupuesto en un momento dado, evidentemente es posible que otra Direcci\u00f3n General haya tirado de partidas vinculadas, por ejemplo, desde Educaci\u00f3n, como ha pasado otros a\u00f1os, y que haya dejado, a lo mejor, un \u00e1rea negativo y ese dinero luego, a lo largo de los meses, se devuelve\u201d, ha explicado.<\/p>\n\n\n\n<p>\u201cHacemos transvase entre las distintas \u00e1reas y es posible que en ese momento haya menos 60.000 euros, pero eso no quiere decir que ese sea el presupuesto real de Cultura\u201d, ha relatado.<\/p>\n\n\n\n<p>\u201cHay cosas que ya llevan su RC, cosas que ya est\u00e1n comprometidas anteriormente y, como digo, partidas vinculadas de otras \u00e1reas que piden dinero y luego lo devuelven porque necesitan adelantar para otras contrataciones por distintos motivos\u201d, ha explicado.<\/p>\n\n\n\n<p>Por ello, la ex Consejera de Cultura y Festejos ha hecho hincapi\u00e9 en que \u201cllevamos a\u00f1os haciendo un uso responsable del dinero p\u00fablico y gastando hasta el \u00faltimo euro, y adem\u00e1s con presupuesto real, tanto en Cultura como en el \u00e1rea de Festejo de la Ciudad\u201d.<\/p>\n\n\n\n<p>Llegados a este punto la diputada del PSOE les ha pedido a los populares que dejen de mentir. \u201cNi por responsabilidad, ni por la ciudadan\u00eda melillense, cuando yo estaba como Consejera, iba a gastar en cinco meses el presupuesto de un a\u00f1o entero\u201d, ha recalcado.<\/p>\n\n\n\n<p>Trevi\u00f1o les ha pedido que se informen y dejen de mentir a la ciudadan\u00eda. \u201cPidan informaci\u00f3n veraz y real a la Consejer\u00eda. Incluso les reto a que pidan un hist\u00f3rico del presupuesto desde que se iniciaron los mismos este a\u00f1o y comprueben que lo que le digo yo es verdad\u201d, ha concluido.<\/p>\n","protected":false},"excerpt":{"rendered":"<p>\u201cDicen que hab\u00eda dejado 2.900 euros y solamente la contrataci\u00f3n de los festejos taurinos ha costado de 200.000 euros\u201d, revela La Diputada del Grupo Socialista en la Asamblea de Melilla y Consejera de Cultura y Festejos de la Ciudad la pasada legislatura, Elena Fern\u00e1ndez Trevi\u00f1o, ha dejado en evidencia las mentiras vertidas por diferentes dirigentes &#8230;<\/p>\n","protected":false},"author":187,"featured_media":0,"comment_status":"open","ping_status":"open","sticky":false,"template":"","format":"standard","meta":{"_jetpack_memberships_contains_paid_content":false,"footnotes":""},"categories":[1],"tags":[],"class_list":["post-533","post","type-post","status-publish","format-standard","hentry","category-sin-categoria"],"yoast_head":"<!-- This site is optimized with the Yoast SEO plugin v24.0 - https:\/\/yoast.com\/wordpress\/plugins\/seo\/ -->\n<title>Trevi\u00f1o desmiente que haya gastado la partida anual de Cultura y Festejos en 5 meses: \u201cNo saben leer un presupuesto\u201d - Agrupaci\u00f3n Socialista de Melilla<\/title>\n<meta name=\"robots\" content=\"index, follow, max-snippet:-1, max-image-preview:large, max-video-preview:-1\" \/>\n<link rel=\"canonical\" href=\"https:\/\/agrupacionespsoe.es\/melilla\/trevino-desmiente-que-haya-gastado-la-partida-anual-de-cultura-y-festejos-en-5-meses-no-saben-leer-un-presupuesto\/\" \/>\n<meta property=\"og:locale\" content=\"es_ES\" \/>\n<meta property=\"og:type\" content=\"article\" \/>\n<meta property=\"og:title\" content=\"Trevi\u00f1o desmiente que haya gastado la partida anual de Cultura y Festejos en 5 meses: \u201cNo saben leer un presupuesto\u201d - Agrupaci\u00f3n Socialista de Melilla\" \/>\n<meta property=\"og:description\" content=\"\u201cDicen que hab\u00eda dejado 2.900 euros y solamente la contrataci\u00f3n de los festejos taurinos ha costado de 200.000 euros\u201d, revela La Diputada del Grupo Socialista en la Asamblea de Melilla y Consejera de Cultura y Festejos de la Ciudad la pasada legislatura, Elena Fern\u00e1ndez Trevi\u00f1o, ha dejado en evidencia las mentiras vertidas por diferentes dirigentes ...\" \/>\n<meta property=\"og:url\" content=\"https:\/\/agrupacionespsoe.es\/melilla\/trevino-desmiente-que-haya-gastado-la-partida-anual-de-cultura-y-festejos-en-5-meses-no-saben-leer-un-presupuesto\/\" \/>\n<meta property=\"og:site_name\" content=\"Agrupaci\u00f3n Socialista de Melilla\" \/>\n<meta property=\"article:published_time\" content=\"2023-10-18T10:57:51+00:00\" \/>\n<meta property=\"article:modified_time\" content=\"2023-10-18T10:57:52+00:00\" \/>\n<meta property=\"og:image\" content=\"https:\/\/agrupacionespsoe.es\/melilla\/wp-content\/uploads\/sites\/120\/2023\/10\/E1-1024x683.jpg\" \/>\n<meta name=\"author\" content=\"melilla2\" \/>\n<meta name=\"twitter:card\" content=\"summary_large_image\" \/>\n<meta name=\"twitter:label1\" content=\"Escrito por\" \/>\n\t<meta name=\"twitter:data1\" content=\"melilla2\" \/>\n\t<meta name=\"twitter:label2\" content=\"Tiempo de lectura\" \/>\n\t<meta name=\"twitter:data2\" content=\"3 minutos\" \/>\n<script type=\"application\/ld+json\" class=\"yoast-schema-graph\">{\"@context\":\"https:\/\/schema.org\",\"@graph\":[{\"@type\":\"Article\",\"@id\":\"https:\/\/agrupacionespsoe.es\/melilla\/trevino-desmiente-que-haya-gastado-la-partida-anual-de-cultura-y-festejos-en-5-meses-no-saben-leer-un-presupuesto\/#article\",\"isPartOf\":{\"@id\":\"https:\/\/agrupacionespsoe.es\/melilla\/trevino-desmiente-que-haya-gastado-la-partida-anual-de-cultura-y-festejos-en-5-meses-no-saben-leer-un-presupuesto\/\"},\"author\":{\"name\":\"melilla2\",\"@id\":\"https:\/\/agrupacionespsoe.es\/melilla\/#\/schema\/person\/72bb3075a827d0ed0623682b96c92bd6\"},\"headline\":\"Trevi\u00f1o desmiente que haya gastado la partida anual de Cultura y Festejos en 5 meses: \u201cNo saben leer un presupuesto\u201d\",\"datePublished\":\"2023-10-18T10:57:51+00:00\",\"dateModified\":\"2023-10-18T10:57:52+00:00\",\"mainEntityOfPage\":{\"@id\":\"https:\/\/agrupacionespsoe.es\/melilla\/trevino-desmiente-que-haya-gastado-la-partida-anual-de-cultura-y-festejos-en-5-meses-no-saben-leer-un-presupuesto\/\"},\"wordCount\":590,\"commentCount\":0,\"publisher\":{\"@id\":\"https:\/\/agrupacionespsoe.es\/melilla\/#organization\"},\"image\":{\"@id\":\"https:\/\/agrupacionespsoe.es\/melilla\/trevino-desmiente-que-haya-gastado-la-partida-anual-de-cultura-y-festejos-en-5-meses-no-saben-leer-un-presupuesto\/#primaryimage\"},\"thumbnailUrl\":\"https:\/\/agrupacionespsoe.es\/melilla\/wp-content\/uploads\/sites\/120\/2023\/10\/E1-1024x683.jpg\",\"inLanguage\":\"es\",\"potentialAction\":[{\"@type\":\"CommentAction\",\"name\":\"Comment\",\"target\":[\"https:\/\/agrupacionespsoe.es\/melilla\/trevino-desmiente-que-haya-gastado-la-partida-anual-de-cultura-y-festejos-en-5-meses-no-saben-leer-un-presupuesto\/#respond\"]}]},{\"@type\":\"WebPage\",\"@id\":\"https:\/\/agrupacionespsoe.es\/melilla\/trevino-desmiente-que-haya-gastado-la-partida-anual-de-cultura-y-festejos-en-5-meses-no-saben-leer-un-presupuesto\/\",\"url\":\"https:\/\/agrupacionespsoe.es\/melilla\/trevino-desmiente-que-haya-gastado-la-partida-anual-de-cultura-y-festejos-en-5-meses-no-saben-leer-un-presupuesto\/\",\"name\":\"Trevi\u00f1o desmiente que haya gastado la partida anual de Cultura y Festejos en 5 meses: \u201cNo saben leer un presupuesto\u201d - Agrupaci\u00f3n Socialista de Melilla\",\"isPartOf\":{\"@id\":\"https:\/\/agrupacionespsoe.es\/melilla\/#website\"},\"primaryImageOfPage\":{\"@id\":\"https:\/\/agrupacionespsoe.es\/melilla\/trevino-desmiente-que-haya-gastado-la-partida-anual-de-cultura-y-festejos-en-5-meses-no-saben-leer-un-presupuesto\/#primaryimage\"},\"image\":{\"@id\":\"https:\/\/agrupacionespsoe.es\/melilla\/trevino-desmiente-que-haya-gastado-la-partida-anual-de-cultura-y-festejos-en-5-meses-no-saben-leer-un-presupuesto\/#primaryimage\"},\"thumbnailUrl\":\"https:\/\/agrupacionespsoe.es\/melilla\/wp-content\/uploads\/sites\/120\/2023\/10\/E1-1024x683.jpg\",\"datePublished\":\"2023-10-18T10:57:51+00:00\",\"dateModified\":\"2023-10-18T10:57:52+00:00\",\"breadcrumb\":{\"@id\":\"https:\/\/agrupacionespsoe.es\/melilla\/trevino-desmiente-que-haya-gastado-la-partida-anual-de-cultura-y-festejos-en-5-meses-no-saben-leer-un-presupuesto\/#breadcrumb\"},\"inLanguage\":\"es\",\"potentialAction\":[{\"@type\":\"ReadAction\",\"target\":[\"https:\/\/agrupacionespsoe.es\/melilla\/trevino-desmiente-que-haya-gastado-la-partida-anual-de-cultura-y-festejos-en-5-meses-no-saben-leer-un-presupuesto\/\"]}]},{\"@type\":\"ImageObject\",\"inLanguage\":\"es\",\"@id\":\"https:\/\/agrupacionespsoe.es\/melilla\/trevino-desmiente-que-haya-gastado-la-partida-anual-de-cultura-y-festejos-en-5-meses-no-saben-leer-un-presupuesto\/#primaryimage\",\"url\":\"https:\/\/agrupacionespsoe.es\/melilla\/wp-content\/uploads\/sites\/120\/2023\/10\/E1-scaled.jpg\",\"contentUrl\":\"https:\/\/agrupacionespsoe.es\/melilla\/wp-content\/uploads\/sites\/120\/2023\/10\/E1-scaled.jpg\",\"width\":2560,\"height\":1707},{\"@type\":\"BreadcrumbList\",\"@id\":\"https:\/\/agrupacionespsoe.es\/melilla\/trevino-desmiente-que-haya-gastado-la-partida-anual-de-cultura-y-festejos-en-5-meses-no-saben-leer-un-presupuesto\/#breadcrumb\",\"itemListElement\":[{\"@type\":\"ListItem\",\"position\":1,\"name\":\"Portada\",\"item\":\"https:\/\/agrupacionespsoe.es\/melilla\/\"},{\"@type\":\"ListItem\",\"position\":2,\"name\":\"Trevi\u00f1o desmiente que haya gastado la partida anual de Cultura y Festejos en 5 meses: \u201cNo saben leer un presupuesto\u201d\"}]},{\"@type\":\"WebSite\",\"@id\":\"https:\/\/agrupacionespsoe.es\/melilla\/#website\",\"url\":\"https:\/\/agrupacionespsoe.es\/melilla\/\",\"name\":\"Agrupaci\u00f3n Socialista de Melilla\",\"description\":\"Agrupaci\u00f3n Socialista de Melilla\",\"publisher\":{\"@id\":\"https:\/\/agrupacionespsoe.es\/melilla\/#organization\"},\"potentialAction\":[{\"@type\":\"SearchAction\",\"target\":{\"@type\":\"EntryPoint\",\"urlTemplate\":\"https:\/\/agrupacionespsoe.es\/melilla\/?s={search_term_string}\"},\"query-input\":{\"@type\":\"PropertyValueSpecification\",\"valueRequired\":true,\"valueName\":\"search_term_string\"}}],\"inLanguage\":\"es\"},{\"@type\":\"Organization\",\"@id\":\"https:\/\/agrupacionespsoe.es\/melilla\/#organization\",\"name\":\"Agrupaci\u00f3n Socialista de Melilla\",\"url\":\"https:\/\/agrupacionespsoe.es\/melilla\/\",\"logo\":{\"@type\":\"ImageObject\",\"inLanguage\":\"es\",\"@id\":\"https:\/\/agrupacionespsoe.es\/melilla\/#\/schema\/logo\/image\/\",\"url\":\"https:\/\/agrupacionespsoe.es\/wp-content\/uploads\/2022\/07\/Logotipo_electoral_del_PSOE.png\",\"contentUrl\":\"https:\/\/agrupacionespsoe.es\/wp-content\/uploads\/2022\/07\/Logotipo_electoral_del_PSOE.png\",\"width\":422,\"height\":422,\"caption\":\"Agrupaci\u00f3n Socialista de Melilla\"},\"image\":{\"@id\":\"https:\/\/agrupacionespsoe.es\/melilla\/#\/schema\/logo\/image\/\"}},{\"@type\":\"Person\",\"@id\":\"https:\/\/agrupacionespsoe.es\/melilla\/#\/schema\/person\/72bb3075a827d0ed0623682b96c92bd6\",\"name\":\"melilla2\",\"image\":{\"@type\":\"ImageObject\",\"inLanguage\":\"es\",\"@id\":\"https:\/\/agrupacionespsoe.es\/melilla\/#\/schema\/person\/image\/\",\"url\":\"https:\/\/secure.gravatar.com\/avatar\/489a178e794e59f00db13a448aabca16?s=96&d=mm&r=g\",\"contentUrl\":\"https:\/\/secure.gravatar.com\/avatar\/489a178e794e59f00db13a448aabca16?s=96&d=mm&r=g\",\"caption\":\"melilla2\"},\"url\":\"https:\/\/agrupacionespsoe.es\/melilla\/author\/melilla2\/\"}]}<\/script>\n<!-- \/ Yoast SEO plugin. -->","yoast_head_json":{"title":"Trevi\u00f1o desmiente que haya gastado la partida anual de Cultura y Festejos en 5 meses: \u201cNo saben leer un presupuesto\u201d - Agrupaci\u00f3n Socialista de Melilla","robots":{"index":"index","follow":"follow","max-snippet":"max-snippet:-1","max-image-preview":"max-image-preview:large","max-video-preview":"max-video-preview:-1"},"canonical":"https:\/\/agrupacionespsoe.es\/melilla\/trevino-desmiente-que-haya-gastado-la-partida-anual-de-cultura-y-festejos-en-5-meses-no-saben-leer-un-presupuesto\/","og_locale":"es_ES","og_type":"article","og_title":"Trevi\u00f1o desmiente que haya gastado la partida anual de Cultura y Festejos en 5 meses: \u201cNo saben leer un presupuesto\u201d - Agrupaci\u00f3n Socialista de Melilla","og_description":"\u201cDicen que hab\u00eda dejado 2.900 euros y solamente la contrataci\u00f3n de los festejos taurinos ha costado de 200.000 euros\u201d, revela La Diputada del Grupo Socialista en la Asamblea de Melilla y Consejera de Cultura y Festejos de la Ciudad la pasada legislatura, Elena Fern\u00e1ndez Trevi\u00f1o, ha dejado en evidencia las mentiras vertidas por diferentes dirigentes ...","og_url":"https:\/\/agrupacionespsoe.es\/melilla\/trevino-desmiente-que-haya-gastado-la-partida-anual-de-cultura-y-festejos-en-5-meses-no-saben-leer-un-presupuesto\/","og_site_name":"Agrupaci\u00f3n Socialista de Melilla","article_published_time":"2023-10-18T10:57:51+00:00","article_modified_time":"2023-10-18T10:57:52+00:00","og_image":[{"url":"https:\/\/agrupacionespsoe.es\/melilla\/wp-content\/uploads\/sites\/120\/2023\/10\/E1-1024x683.jpg","type":"","width":"","height":""}],"author":"melilla2","twitter_card":"summary_large_image","twitter_misc":{"Escrito por":"melilla2","Tiempo de lectura":"3 minutos"},"schema":{"@context":"https:\/\/schema.org","@graph":[{"@type":"Article","@id":"https:\/\/agrupacionespsoe.es\/melilla\/trevino-desmiente-que-haya-gastado-la-partida-anual-de-cultura-y-festejos-en-5-meses-no-saben-leer-un-presupuesto\/#article","isPartOf":{"@id":"https:\/\/agrupacionespsoe.es\/melilla\/trevino-desmiente-que-haya-gastado-la-partida-anual-de-cultura-y-festejos-en-5-meses-no-saben-leer-un-presupuesto\/"},"author":{"name":"melilla2","@id":"https:\/\/agrupacionespsoe.es\/melilla\/#\/schema\/person\/72bb3075a827d0ed0623682b96c92bd6"},"headline":"Trevi\u00f1o desmiente que haya gastado la partida anual de Cultura y Festejos en 5 meses: \u201cNo saben leer un presupuesto\u201d","datePublished":"2023-10-18T10:57:51+00:00","dateModified":"2023-10-18T10:57:52+00:00","mainEntityOfPage":{"@id":"https:\/\/agrupacionespsoe.es\/melilla\/trevino-desmiente-que-haya-gastado-la-partida-anual-de-cultura-y-festejos-en-5-meses-no-saben-leer-un-presupuesto\/"},"wordCount":590,"commentCount":0,"publisher":{"@id":"https:\/\/agrupacionespsoe.es\/melilla\/#organization"},"image":{"@id":"https:\/\/agrupacionespsoe.es\/melilla\/trevino-desmiente-que-haya-gastado-la-partida-anual-de-cultura-y-festejos-en-5-meses-no-saben-leer-un-presupuesto\/#primaryimage"},"thumbnailUrl":"https:\/\/agrupacionespsoe.es\/melilla\/wp-content\/uploads\/sites\/120\/2023\/10\/E1-1024x683.jpg","inLanguage":"es","potentialAction":[{"@type":"CommentAction","name":"Comment","target":["https:\/\/agrupacionespsoe.es\/melilla\/trevino-desmiente-que-haya-gastado-la-partida-anual-de-cultura-y-festejos-en-5-meses-no-saben-leer-un-presupuesto\/#respond"]}]},{"@type":"WebPage","@id":"https:\/\/agrupacionespsoe.es\/melilla\/trevino-desmiente-que-haya-gastado-la-partida-anual-de-cultura-y-festejos-en-5-meses-no-saben-leer-un-presupuesto\/","url":"https:\/\/agrupacionespsoe.es\/melilla\/trevino-desmiente-que-haya-gastado-la-partida-anual-de-cultura-y-festejos-en-5-meses-no-saben-leer-un-presupuesto\/","name":"Trevi\u00f1o desmiente que haya gastado la partida anual de Cultura y Festejos en 5 meses: \u201cNo saben leer un presupuesto\u201d - Agrupaci\u00f3n Socialista de Melilla","isPartOf":{"@id":"https:\/\/agrupacionespsoe.es\/melilla\/#website"},"primaryImageOfPage":{"@id":"https:\/\/agrupacionespsoe.es\/melilla\/trevino-desmiente-que-haya-gastado-la-partida-anual-de-cultura-y-festejos-en-5-meses-no-saben-leer-un-presupuesto\/#primaryimage"},"image":{"@id":"https:\/\/agrupacionespsoe.es\/melilla\/trevino-desmiente-que-haya-gastado-la-partida-anual-de-cultura-y-festejos-en-5-meses-no-saben-leer-un-presupuesto\/#primaryimage"},"thumbnailUrl":"https:\/\/agrupacionespsoe.es\/melilla\/wp-content\/uploads\/sites\/120\/2023\/10\/E1-1024x683.jpg","datePublished":"2023-10-18T10:57:51+00:00","dateModified":"2023-10-18T10:57:52+00:00","breadcrumb":{"@id":"https:\/\/agrupacionespsoe.es\/melilla\/trevino-desmiente-que-haya-gastado-la-partida-anual-de-cultura-y-festejos-en-5-meses-no-saben-leer-un-presupuesto\/#breadcrumb"},"inLanguage":"es","potentialAction":[{"@type":"ReadAction","target":["https:\/\/agrupacionespsoe.es\/melilla\/trevino-desmiente-que-haya-gastado-la-partida-anual-de-cultura-y-festejos-en-5-meses-no-saben-leer-un-presupuesto\/"]}]},{"@type":"ImageObject","inLanguage":"es","@id":"https:\/\/agrupacionespsoe.es\/melilla\/trevino-desmiente-que-haya-gastado-la-partida-anual-de-cultura-y-festejos-en-5-meses-no-saben-leer-un-presupuesto\/#primaryimage","url":"https:\/\/agrupacionespsoe.es\/melilla\/wp-content\/uploads\/sites\/120\/2023\/10\/E1-scaled.jpg","contentUrl":"https:\/\/agrupacionespsoe.es\/melilla\/wp-content\/uploads\/sites\/120\/2023\/10\/E1-scaled.jpg","width":2560,"height":1707},{"@type":"BreadcrumbList","@id":"https:\/\/agrupacionespsoe.es\/melilla\/trevino-desmiente-que-haya-gastado-la-partida-anual-de-cultura-y-festejos-en-5-meses-no-saben-leer-un-presupuesto\/#breadcrumb","itemListElement":[{"@type":"ListItem","position":1,"name":"Portada","item":"https:\/\/agrupacionespsoe.es\/melilla\/"},{"@type":"ListItem","position":2,"name":"Trevi\u00f1o desmiente que haya gastado la partida anual de Cultura y Festejos en 5 meses: \u201cNo saben leer un presupuesto\u201d"}]},{"@type":"WebSite","@id":"https:\/\/agrupacionespsoe.es\/melilla\/#website","url":"https:\/\/agrupacionespsoe.es\/melilla\/","name":"Agrupaci\u00f3n Socialista de Melilla","description":"Agrupaci\u00f3n Socialista de Melilla","publisher":{"@id":"https:\/\/agrupacionespsoe.es\/melilla\/#organization"},"potentialAction":[{"@type":"SearchAction","target":{"@type":"EntryPoint","urlTemplate":"https:\/\/agrupacionespsoe.es\/melilla\/?s={search_term_string}"},"query-input":{"@type":"PropertyValueSpecification","valueRequired":true,"valueName":"search_term_string"}}],"inLanguage":"es"},{"@type":"Organization","@id":"https:\/\/agrupacionespsoe.es\/melilla\/#organization","name":"Agrupaci\u00f3n Socialista de Melilla","url":"https:\/\/agrupacionespsoe.es\/melilla\/","logo":{"@type":"ImageObject","inLanguage":"es","@id":"https:\/\/agrupacionespsoe.es\/melilla\/#\/schema\/logo\/image\/","url":"https:\/\/agrupacionespsoe.es\/wp-content\/uploads\/2022\/07\/Logotipo_electoral_del_PSOE.png","contentUrl":"https:\/\/agrupacionespsoe.es\/wp-content\/uploads\/2022\/07\/Logotipo_electoral_del_PSOE.png","width":422,"height":422,"caption":"Agrupaci\u00f3n Socialista de Melilla"},"image":{"@id":"https:\/\/agrupacionespsoe.es\/melilla\/#\/schema\/logo\/image\/"}},{"@type":"Person","@id":"https:\/\/agrupacionespsoe.es\/melilla\/#\/schema\/person\/72bb3075a827d0ed0623682b96c92bd6","name":"melilla2","image":{"@type":"ImageObject","inLanguage":"es","@id":"https:\/\/agrupacionespsoe.es\/melilla\/#\/schema\/person\/image\/","url":"https:\/\/secure.gravatar.com\/avatar\/489a178e794e59f00db13a448aabca16?s=96&d=mm&r=g","contentUrl":"https:\/\/secure.gravatar.com\/avatar\/489a178e794e59f00db13a448aabca16?s=96&d=mm&r=g","caption":"melilla2"},"url":"https:\/\/agrupacionespsoe.es\/melilla\/author\/melilla2\/"}]}},"jetpack_featured_media_url":"","jetpack_sharing_enabled":true,"_links":{"self":[{"href":"https:\/\/agrupacionespsoe.es\/melilla\/wp-json\/wp\/v2\/posts\/533","targetHints":{"allow":["GET"]}}],"collection":[{"href":"https:\/\/agrupacionespsoe.es\/melilla\/wp-json\/wp\/v2\/posts"}],"about":[{"href":"https:\/\/agrupacionespsoe.es\/melilla\/wp-json\/wp\/v2\/types\/post"}],"author":[{"embeddable":true,"href":"https:\/\/agrupacionespsoe.es\/melilla\/wp-json\/wp\/v2\/users\/187"}],"replies":[{"embeddable":true,"href":"https:\/\/agrupacionespsoe.es\/melilla\/wp-json\/wp\/v2\/comments?post=533"}],"version-history":[{"count":1,"href":"https:\/\/agrupacionespsoe.es\/melilla\/wp-json\/wp\/v2\/posts\/533\/revisions"}],"predecessor-version":[{"id":535,"href":"https:\/\/agrupacionespsoe.es\/melilla\/wp-json\/wp\/v2\/posts\/533\/revisions\/535"}],"wp:attachment":[{"href":"https:\/\/agrupacionespsoe.es\/melilla\/wp-json\/wp\/v2\/media?parent=533"}],"wp:term":[{"taxonomy":"category","embeddable":true,"href":"https:\/\/agrupacionespsoe.es\/melilla\/wp-json\/wp\/v2\/categories?post=533"},{"taxonomy":"post_tag","embeddable":true,"href":"https:\/\/agrupacionespsoe.es\/melilla\/wp-json\/wp\/v2\/tags?post=533"}],"curies":[{"name":"wp","href":"https:\/\/api.w.org\/{rel}","templated":true}]}}