{"id":530,"date":"2023-10-17T10:43:23","date_gmt":"2023-10-17T10:43:23","guid":{"rendered":"https:\/\/agrupacionespsoe.es\/melilla\/?p=530"},"modified":"2023-10-17T10:43:24","modified_gmt":"2023-10-17T10:43:24","slug":"el-psoe-pone-en-valor-el-incremento-del-05-en-las-retribuciones-de-los-empleados-publicos","status":"publish","type":"post","link":"https:\/\/agrupacionespsoe.es\/melilla\/el-psoe-pone-en-valor-el-incremento-del-05-en-las-retribuciones-de-los-empleados-publicos\/","title":{"rendered":"El PSOE pone en valor el incremento del 0,5% en las retribuciones de los empleados p\u00fablicos"},"content":{"rendered":"\n<p><strong>Menchacatorre: \u201cEl Gobierno cumple y da una respuesta social a una crisis econ\u00f3mica provocada por una fuerte inflaci\u00f3n con car\u00e1cter mundial\u201d<\/strong><\/p>\n\n\n\n<figure class=\"wp-block-image size-large\"><img loading=\"lazy\" decoding=\"async\" width=\"1024\" height=\"682\" src=\"https:\/\/agrupacionespsoe.es\/melilla\/wp-content\/uploads\/sites\/120\/2023\/10\/7a829906-0853-4c5f-945f-1dcb89a7a4fe-1024x682.jpeg\" alt=\"\" class=\"wp-image-531\" srcset=\"https:\/\/agrupacionespsoe.es\/melilla\/wp-content\/uploads\/sites\/120\/2023\/10\/7a829906-0853-4c5f-945f-1dcb89a7a4fe-1024x682.jpeg 1024w, https:\/\/agrupacionespsoe.es\/melilla\/wp-content\/uploads\/sites\/120\/2023\/10\/7a829906-0853-4c5f-945f-1dcb89a7a4fe-300x200.jpeg 300w, https:\/\/agrupacionespsoe.es\/melilla\/wp-content\/uploads\/sites\/120\/2023\/10\/7a829906-0853-4c5f-945f-1dcb89a7a4fe-768x512.jpeg 768w, https:\/\/agrupacionespsoe.es\/melilla\/wp-content\/uploads\/sites\/120\/2023\/10\/7a829906-0853-4c5f-945f-1dcb89a7a4fe-1536x1023.jpeg 1536w, https:\/\/agrupacionespsoe.es\/melilla\/wp-content\/uploads\/sites\/120\/2023\/10\/7a829906-0853-4c5f-945f-1dcb89a7a4fe.jpeg 1600w\" sizes=\"auto, (max-width: 1024px) 100vw, 1024px\" \/><\/figure>\n\n\n\n<p>La Secretaria de Relaciones Institucionales y Administraci\u00f3n P\u00fablica del PSOE de Melilla, Victoria Menchacatorre, ha puesto en valor el incremento del 0,5% en las retribuciones de los empleados p\u00fablicos para compensar los efectos de la inflaci\u00f3n y avanzar en la recuperaci\u00f3n de sus derechos aprobado por el Gobierno de Pedro S\u00e1nchez.<\/p>\n\n\n\n<p>\u201cA fecha de 3 de octubre de 2023, el Gobierno ha aprobado un incremento salarial del 0,5% para todos los empleados de la Administraci\u00f3n P\u00fablica como compensaci\u00f3n a la p\u00e9rdida de poder adquisitivo debido a la situaci\u00f3n de alta inflaci\u00f3n\u201d, ha se\u00f1alado la dirigente socialista.<\/p>\n\n\n\n<p>Una subida salarial, ha explicado, que tiene un car\u00e1cter retroactivo desde el 1 de enero de 2023 y que ser\u00e1 aplicable a partir de la pr\u00f3xima n\u00f3mina del mes de octubre.<\/p>\n\n\n\n<p>\u201cEn Melilla, m\u00e1s de 10.000 personas se van a poder beneficiar de esta subida salarial\u201d, se ha congratulado Menchacatorre, que ha subrayado que, con este acuerdo del Consejo de Ministros, el Gobierno Socialista \u201ccumple con uno de sus principales objetivos, como es el de dar una respuesta social a una crisis econ\u00f3mica provocada por una fuerte inflaci\u00f3n con car\u00e1cter mundial\u201d.<\/p>\n\n\n\n<p>\u201cNo se deja atr\u00e1s a los empleados y empleadas p\u00fablicas, que pasan de perder poder adquisitivo en crisis anteriores a contar con una actualizaci\u00f3n de sus remuneraciones con este Gobierno\u201d, ha subrayado.<\/p>\n\n\n\n<p>Un reconocimiento, ha apostillado, que se produce en un periodo como el actual, marcado por las consecuencias de la pandemia de coronavirus y el alza de la energ\u00eda y las materias primas provocado por la guerra en Ucrania.<\/p>\n\n\n\n<p>Esta medida, en palabras de la dirigente del PSOE melillense \u201cevidencia la predisposici\u00f3n del Ejecutivo Socialista a garantizar el poder adquisitivo del personal dedicado al servicio p\u00fablico\u201d.<\/p>\n\n\n\n<p>Algo que se ha traducido en que en los \u00faltimos cinco a\u00f1os se han producido subidas de las retribuciones para empleadas y empleados p\u00fablicos, incluso en un contexto de crisis y de inflaci\u00f3n extremadamente elevada. En 2020, a\u00f1o del coronavirus, el alza fue del 2%, mientras que en 2022 se alcanz\u00f3 una subida del 3,5%, tras el acuerdo firmado por Gobierno de Pedro S\u00e1nchez y los sindicatos.<\/p>\n\n\n\n<p>Que se lleve a cabo esta medida \u201cmuestra tambi\u00e9n la apuesta por el di\u00e1logo social del Gobierno del PSOE, que ha llegado a numerosos acuerdos con las centrales sindicales para dar el mayor reconocimiento posible a los empleados p\u00fablicos\u201d, ha a\u00f1adido.<\/p>\n","protected":false},"excerpt":{"rendered":"<p>Menchacatorre: \u201cEl Gobierno cumple y da una respuesta social a una crisis econ\u00f3mica provocada por una fuerte inflaci\u00f3n con car\u00e1cter mundial\u201d La Secretaria de Relaciones Institucionales y Administraci\u00f3n P\u00fablica del PSOE de Melilla, Victoria Menchacatorre, ha puesto en valor el incremento del 0,5% en las retribuciones de los empleados p\u00fablicos para compensar los efectos de &#8230;<\/p>\n","protected":false},"author":187,"featured_media":0,"comment_status":"open","ping_status":"open","sticky":false,"template":"","format":"standard","meta":{"_jetpack_memberships_contains_paid_content":false,"footnotes":""},"categories":[1],"tags":[],"class_list":["post-530","post","type-post","status-publish","format-standard","hentry","category-sin-categoria"],"yoast_head":"<!-- This site is optimized with the Yoast SEO plugin v24.0 - https:\/\/yoast.com\/wordpress\/plugins\/seo\/ -->\n<title>El PSOE pone en valor el incremento del 0,5% en las retribuciones de los empleados p\u00fablicos - Agrupaci\u00f3n Socialista de Melilla<\/title>\n<meta name=\"robots\" content=\"index, follow, max-snippet:-1, max-image-preview:large, max-video-preview:-1\" \/>\n<link rel=\"canonical\" href=\"https:\/\/agrupacionespsoe.es\/melilla\/el-psoe-pone-en-valor-el-incremento-del-05-en-las-retribuciones-de-los-empleados-publicos\/\" \/>\n<meta property=\"og:locale\" content=\"es_ES\" \/>\n<meta property=\"og:type\" content=\"article\" \/>\n<meta property=\"og:title\" content=\"El PSOE pone en valor el incremento del 0,5% en las retribuciones de los empleados p\u00fablicos - Agrupaci\u00f3n Socialista de Melilla\" \/>\n<meta property=\"og:description\" content=\"Menchacatorre: \u201cEl Gobierno cumple y da una respuesta social a una crisis econ\u00f3mica provocada por una fuerte inflaci\u00f3n con car\u00e1cter mundial\u201d La Secretaria de Relaciones Institucionales y Administraci\u00f3n P\u00fablica del PSOE de Melilla, Victoria Menchacatorre, ha puesto en valor el incremento del 0,5% en las retribuciones de los empleados p\u00fablicos para compensar los efectos de ...\" \/>\n<meta property=\"og:url\" content=\"https:\/\/agrupacionespsoe.es\/melilla\/el-psoe-pone-en-valor-el-incremento-del-05-en-las-retribuciones-de-los-empleados-publicos\/\" \/>\n<meta property=\"og:site_name\" content=\"Agrupaci\u00f3n Socialista de Melilla\" \/>\n<meta property=\"article:published_time\" content=\"2023-10-17T10:43:23+00:00\" \/>\n<meta property=\"article:modified_time\" content=\"2023-10-17T10:43:24+00:00\" \/>\n<meta property=\"og:image\" content=\"https:\/\/agrupacionespsoe.es\/melilla\/wp-content\/uploads\/sites\/120\/2023\/10\/7a829906-0853-4c5f-945f-1dcb89a7a4fe-1024x682.jpeg\" \/>\n<meta name=\"author\" content=\"melilla2\" \/>\n<meta name=\"twitter:card\" content=\"summary_large_image\" \/>\n<meta name=\"twitter:label1\" content=\"Escrito por\" \/>\n\t<meta name=\"twitter:data1\" content=\"melilla2\" \/>\n\t<meta name=\"twitter:label2\" content=\"Tiempo de lectura\" \/>\n\t<meta name=\"twitter:data2\" content=\"3 minutos\" \/>\n<script type=\"application\/ld+json\" class=\"yoast-schema-graph\">{\"@context\":\"https:\/\/schema.org\",\"@graph\":[{\"@type\":\"Article\",\"@id\":\"https:\/\/agrupacionespsoe.es\/melilla\/el-psoe-pone-en-valor-el-incremento-del-05-en-las-retribuciones-de-los-empleados-publicos\/#article\",\"isPartOf\":{\"@id\":\"https:\/\/agrupacionespsoe.es\/melilla\/el-psoe-pone-en-valor-el-incremento-del-05-en-las-retribuciones-de-los-empleados-publicos\/\"},\"author\":{\"name\":\"melilla2\",\"@id\":\"https:\/\/agrupacionespsoe.es\/melilla\/#\/schema\/person\/72bb3075a827d0ed0623682b96c92bd6\"},\"headline\":\"El PSOE pone en valor el incremento del 0,5% en las retribuciones de los empleados p\u00fablicos\",\"datePublished\":\"2023-10-17T10:43:23+00:00\",\"dateModified\":\"2023-10-17T10:43:24+00:00\",\"mainEntityOfPage\":{\"@id\":\"https:\/\/agrupacionespsoe.es\/melilla\/el-psoe-pone-en-valor-el-incremento-del-05-en-las-retribuciones-de-los-empleados-publicos\/\"},\"wordCount\":456,\"commentCount\":0,\"publisher\":{\"@id\":\"https:\/\/agrupacionespsoe.es\/melilla\/#organization\"},\"image\":{\"@id\":\"https:\/\/agrupacionespsoe.es\/melilla\/el-psoe-pone-en-valor-el-incremento-del-05-en-las-retribuciones-de-los-empleados-publicos\/#primaryimage\"},\"thumbnailUrl\":\"https:\/\/agrupacionespsoe.es\/melilla\/wp-content\/uploads\/sites\/120\/2023\/10\/7a829906-0853-4c5f-945f-1dcb89a7a4fe-1024x682.jpeg\",\"inLanguage\":\"es\",\"potentialAction\":[{\"@type\":\"CommentAction\",\"name\":\"Comment\",\"target\":[\"https:\/\/agrupacionespsoe.es\/melilla\/el-psoe-pone-en-valor-el-incremento-del-05-en-las-retribuciones-de-los-empleados-publicos\/#respond\"]}]},{\"@type\":\"WebPage\",\"@id\":\"https:\/\/agrupacionespsoe.es\/melilla\/el-psoe-pone-en-valor-el-incremento-del-05-en-las-retribuciones-de-los-empleados-publicos\/\",\"url\":\"https:\/\/agrupacionespsoe.es\/melilla\/el-psoe-pone-en-valor-el-incremento-del-05-en-las-retribuciones-de-los-empleados-publicos\/\",\"name\":\"El PSOE pone en valor el incremento del 0,5% en las retribuciones de los empleados p\u00fablicos - Agrupaci\u00f3n Socialista de Melilla\",\"isPartOf\":{\"@id\":\"https:\/\/agrupacionespsoe.es\/melilla\/#website\"},\"primaryImageOfPage\":{\"@id\":\"https:\/\/agrupacionespsoe.es\/melilla\/el-psoe-pone-en-valor-el-incremento-del-05-en-las-retribuciones-de-los-empleados-publicos\/#primaryimage\"},\"image\":{\"@id\":\"https:\/\/agrupacionespsoe.es\/melilla\/el-psoe-pone-en-valor-el-incremento-del-05-en-las-retribuciones-de-los-empleados-publicos\/#primaryimage\"},\"thumbnailUrl\":\"https:\/\/agrupacionespsoe.es\/melilla\/wp-content\/uploads\/sites\/120\/2023\/10\/7a829906-0853-4c5f-945f-1dcb89a7a4fe-1024x682.jpeg\",\"datePublished\":\"2023-10-17T10:43:23+00:00\",\"dateModified\":\"2023-10-17T10:43:24+00:00\",\"breadcrumb\":{\"@id\":\"https:\/\/agrupacionespsoe.es\/melilla\/el-psoe-pone-en-valor-el-incremento-del-05-en-las-retribuciones-de-los-empleados-publicos\/#breadcrumb\"},\"inLanguage\":\"es\",\"potentialAction\":[{\"@type\":\"ReadAction\",\"target\":[\"https:\/\/agrupacionespsoe.es\/melilla\/el-psoe-pone-en-valor-el-incremento-del-05-en-las-retribuciones-de-los-empleados-publicos\/\"]}]},{\"@type\":\"ImageObject\",\"inLanguage\":\"es\",\"@id\":\"https:\/\/agrupacionespsoe.es\/melilla\/el-psoe-pone-en-valor-el-incremento-del-05-en-las-retribuciones-de-los-empleados-publicos\/#primaryimage\",\"url\":\"https:\/\/agrupacionespsoe.es\/melilla\/wp-content\/uploads\/sites\/120\/2023\/10\/7a829906-0853-4c5f-945f-1dcb89a7a4fe-1024x682.jpeg\",\"contentUrl\":\"https:\/\/agrupacionespsoe.es\/melilla\/wp-content\/uploads\/sites\/120\/2023\/10\/7a829906-0853-4c5f-945f-1dcb89a7a4fe-1024x682.jpeg\"},{\"@type\":\"BreadcrumbList\",\"@id\":\"https:\/\/agrupacionespsoe.es\/melilla\/el-psoe-pone-en-valor-el-incremento-del-05-en-las-retribuciones-de-los-empleados-publicos\/#breadcrumb\",\"itemListElement\":[{\"@type\":\"ListItem\",\"position\":1,\"name\":\"Portada\",\"item\":\"https:\/\/agrupacionespsoe.es\/melilla\/\"},{\"@type\":\"ListItem\",\"position\":2,\"name\":\"El PSOE pone en valor el incremento del 0,5% en las retribuciones de los empleados p\u00fablicos\"}]},{\"@type\":\"WebSite\",\"@id\":\"https:\/\/agrupacionespsoe.es\/melilla\/#website\",\"url\":\"https:\/\/agrupacionespsoe.es\/melilla\/\",\"name\":\"Agrupaci\u00f3n Socialista de Melilla\",\"description\":\"Agrupaci\u00f3n Socialista de Melilla\",\"publisher\":{\"@id\":\"https:\/\/agrupacionespsoe.es\/melilla\/#organization\"},\"potentialAction\":[{\"@type\":\"SearchAction\",\"target\":{\"@type\":\"EntryPoint\",\"urlTemplate\":\"https:\/\/agrupacionespsoe.es\/melilla\/?s={search_term_string}\"},\"query-input\":{\"@type\":\"PropertyValueSpecification\",\"valueRequired\":true,\"valueName\":\"search_term_string\"}}],\"inLanguage\":\"es\"},{\"@type\":\"Organization\",\"@id\":\"https:\/\/agrupacionespsoe.es\/melilla\/#organization\",\"name\":\"Agrupaci\u00f3n Socialista de Melilla\",\"url\":\"https:\/\/agrupacionespsoe.es\/melilla\/\",\"logo\":{\"@type\":\"ImageObject\",\"inLanguage\":\"es\",\"@id\":\"https:\/\/agrupacionespsoe.es\/melilla\/#\/schema\/logo\/image\/\",\"url\":\"https:\/\/agrupacionespsoe.es\/wp-content\/uploads\/2022\/07\/Logotipo_electoral_del_PSOE.png\",\"contentUrl\":\"https:\/\/agrupacionespsoe.es\/wp-content\/uploads\/2022\/07\/Logotipo_electoral_del_PSOE.png\",\"width\":422,\"height\":422,\"caption\":\"Agrupaci\u00f3n Socialista de Melilla\"},\"image\":{\"@id\":\"https:\/\/agrupacionespsoe.es\/melilla\/#\/schema\/logo\/image\/\"}},{\"@type\":\"Person\",\"@id\":\"https:\/\/agrupacionespsoe.es\/melilla\/#\/schema\/person\/72bb3075a827d0ed0623682b96c92bd6\",\"name\":\"melilla2\",\"image\":{\"@type\":\"ImageObject\",\"inLanguage\":\"es\",\"@id\":\"https:\/\/agrupacionespsoe.es\/melilla\/#\/schema\/person\/image\/\",\"url\":\"https:\/\/secure.gravatar.com\/avatar\/489a178e794e59f00db13a448aabca16?s=96&d=mm&r=g\",\"contentUrl\":\"https:\/\/secure.gravatar.com\/avatar\/489a178e794e59f00db13a448aabca16?s=96&d=mm&r=g\",\"caption\":\"melilla2\"},\"url\":\"https:\/\/agrupacionespsoe.es\/melilla\/author\/melilla2\/\"}]}<\/script>\n<!-- \/ Yoast SEO plugin. -->","yoast_head_json":{"title":"El PSOE pone en valor el incremento del 0,5% en las retribuciones de los empleados p\u00fablicos - Agrupaci\u00f3n Socialista de Melilla","robots":{"index":"index","follow":"follow","max-snippet":"max-snippet:-1","max-image-preview":"max-image-preview:large","max-video-preview":"max-video-preview:-1"},"canonical":"https:\/\/agrupacionespsoe.es\/melilla\/el-psoe-pone-en-valor-el-incremento-del-05-en-las-retribuciones-de-los-empleados-publicos\/","og_locale":"es_ES","og_type":"article","og_title":"El PSOE pone en valor el incremento del 0,5% en las retribuciones de los empleados p\u00fablicos - Agrupaci\u00f3n Socialista de Melilla","og_description":"Menchacatorre: \u201cEl Gobierno cumple y da una respuesta social a una crisis econ\u00f3mica provocada por una fuerte inflaci\u00f3n con car\u00e1cter mundial\u201d La Secretaria de Relaciones Institucionales y Administraci\u00f3n P\u00fablica del PSOE de Melilla, Victoria Menchacatorre, ha puesto en valor el incremento del 0,5% en las retribuciones de los empleados p\u00fablicos para compensar los efectos de ...","og_url":"https:\/\/agrupacionespsoe.es\/melilla\/el-psoe-pone-en-valor-el-incremento-del-05-en-las-retribuciones-de-los-empleados-publicos\/","og_site_name":"Agrupaci\u00f3n Socialista de Melilla","article_published_time":"2023-10-17T10:43:23+00:00","article_modified_time":"2023-10-17T10:43:24+00:00","og_image":[{"url":"https:\/\/agrupacionespsoe.es\/melilla\/wp-content\/uploads\/sites\/120\/2023\/10\/7a829906-0853-4c5f-945f-1dcb89a7a4fe-1024x682.jpeg","type":"","width":"","height":""}],"author":"melilla2","twitter_card":"summary_large_image","twitter_misc":{"Escrito por":"melilla2","Tiempo de lectura":"3 minutos"},"schema":{"@context":"https:\/\/schema.org","@graph":[{"@type":"Article","@id":"https:\/\/agrupacionespsoe.es\/melilla\/el-psoe-pone-en-valor-el-incremento-del-05-en-las-retribuciones-de-los-empleados-publicos\/#article","isPartOf":{"@id":"https:\/\/agrupacionespsoe.es\/melilla\/el-psoe-pone-en-valor-el-incremento-del-05-en-las-retribuciones-de-los-empleados-publicos\/"},"author":{"name":"melilla2","@id":"https:\/\/agrupacionespsoe.es\/melilla\/#\/schema\/person\/72bb3075a827d0ed0623682b96c92bd6"},"headline":"El PSOE pone en valor el incremento del 0,5% en las retribuciones de los empleados p\u00fablicos","datePublished":"2023-10-17T10:43:23+00:00","dateModified":"2023-10-17T10:43:24+00:00","mainEntityOfPage":{"@id":"https:\/\/agrupacionespsoe.es\/melilla\/el-psoe-pone-en-valor-el-incremento-del-05-en-las-retribuciones-de-los-empleados-publicos\/"},"wordCount":456,"commentCount":0,"publisher":{"@id":"https:\/\/agrupacionespsoe.es\/melilla\/#organization"},"image":{"@id":"https:\/\/agrupacionespsoe.es\/melilla\/el-psoe-pone-en-valor-el-incremento-del-05-en-las-retribuciones-de-los-empleados-publicos\/#primaryimage"},"thumbnailUrl":"https:\/\/agrupacionespsoe.es\/melilla\/wp-content\/uploads\/sites\/120\/2023\/10\/7a829906-0853-4c5f-945f-1dcb89a7a4fe-1024x682.jpeg","inLanguage":"es","potentialAction":[{"@type":"CommentAction","name":"Comment","target":["https:\/\/agrupacionespsoe.es\/melilla\/el-psoe-pone-en-valor-el-incremento-del-05-en-las-retribuciones-de-los-empleados-publicos\/#respond"]}]},{"@type":"WebPage","@id":"https:\/\/agrupacionespsoe.es\/melilla\/el-psoe-pone-en-valor-el-incremento-del-05-en-las-retribuciones-de-los-empleados-publicos\/","url":"https:\/\/agrupacionespsoe.es\/melilla\/el-psoe-pone-en-valor-el-incremento-del-05-en-las-retribuciones-de-los-empleados-publicos\/","name":"El PSOE pone en valor el incremento del 0,5% en las retribuciones de los empleados p\u00fablicos - Agrupaci\u00f3n Socialista de Melilla","isPartOf":{"@id":"https:\/\/agrupacionespsoe.es\/melilla\/#website"},"primaryImageOfPage":{"@id":"https:\/\/agrupacionespsoe.es\/melilla\/el-psoe-pone-en-valor-el-incremento-del-05-en-las-retribuciones-de-los-empleados-publicos\/#primaryimage"},"image":{"@id":"https:\/\/agrupacionespsoe.es\/melilla\/el-psoe-pone-en-valor-el-incremento-del-05-en-las-retribuciones-de-los-empleados-publicos\/#primaryimage"},"thumbnailUrl":"https:\/\/agrupacionespsoe.es\/melilla\/wp-content\/uploads\/sites\/120\/2023\/10\/7a829906-0853-4c5f-945f-1dcb89a7a4fe-1024x682.jpeg","datePublished":"2023-10-17T10:43:23+00:00","dateModified":"2023-10-17T10:43:24+00:00","breadcrumb":{"@id":"https:\/\/agrupacionespsoe.es\/melilla\/el-psoe-pone-en-valor-el-incremento-del-05-en-las-retribuciones-de-los-empleados-publicos\/#breadcrumb"},"inLanguage":"es","potentialAction":[{"@type":"ReadAction","target":["https:\/\/agrupacionespsoe.es\/melilla\/el-psoe-pone-en-valor-el-incremento-del-05-en-las-retribuciones-de-los-empleados-publicos\/"]}]},{"@type":"ImageObject","inLanguage":"es","@id":"https:\/\/agrupacionespsoe.es\/melilla\/el-psoe-pone-en-valor-el-incremento-del-05-en-las-retribuciones-de-los-empleados-publicos\/#primaryimage","url":"https:\/\/agrupacionespsoe.es\/melilla\/wp-content\/uploads\/sites\/120\/2023\/10\/7a829906-0853-4c5f-945f-1dcb89a7a4fe-1024x682.jpeg","contentUrl":"https:\/\/agrupacionespsoe.es\/melilla\/wp-content\/uploads\/sites\/120\/2023\/10\/7a829906-0853-4c5f-945f-1dcb89a7a4fe-1024x682.jpeg"},{"@type":"BreadcrumbList","@id":"https:\/\/agrupacionespsoe.es\/melilla\/el-psoe-pone-en-valor-el-incremento-del-05-en-las-retribuciones-de-los-empleados-publicos\/#breadcrumb","itemListElement":[{"@type":"ListItem","position":1,"name":"Portada","item":"https:\/\/agrupacionespsoe.es\/melilla\/"},{"@type":"ListItem","position":2,"name":"El PSOE pone en valor el incremento del 0,5% en las retribuciones de los empleados p\u00fablicos"}]},{"@type":"WebSite","@id":"https:\/\/agrupacionespsoe.es\/melilla\/#website","url":"https:\/\/agrupacionespsoe.es\/melilla\/","name":"Agrupaci\u00f3n Socialista de Melilla","description":"Agrupaci\u00f3n Socialista de Melilla","publisher":{"@id":"https:\/\/agrupacionespsoe.es\/melilla\/#organization"},"potentialAction":[{"@type":"SearchAction","target":{"@type":"EntryPoint","urlTemplate":"https:\/\/agrupacionespsoe.es\/melilla\/?s={search_term_string}"},"query-input":{"@type":"PropertyValueSpecification","valueRequired":true,"valueName":"search_term_string"}}],"inLanguage":"es"},{"@type":"Organization","@id":"https:\/\/agrupacionespsoe.es\/melilla\/#organization","name":"Agrupaci\u00f3n Socialista de Melilla","url":"https:\/\/agrupacionespsoe.es\/melilla\/","logo":{"@type":"ImageObject","inLanguage":"es","@id":"https:\/\/agrupacionespsoe.es\/melilla\/#\/schema\/logo\/image\/","url":"https:\/\/agrupacionespsoe.es\/wp-content\/uploads\/2022\/07\/Logotipo_electoral_del_PSOE.png","contentUrl":"https:\/\/agrupacionespsoe.es\/wp-content\/uploads\/2022\/07\/Logotipo_electoral_del_PSOE.png","width":422,"height":422,"caption":"Agrupaci\u00f3n Socialista de Melilla"},"image":{"@id":"https:\/\/agrupacionespsoe.es\/melilla\/#\/schema\/logo\/image\/"}},{"@type":"Person","@id":"https:\/\/agrupacionespsoe.es\/melilla\/#\/schema\/person\/72bb3075a827d0ed0623682b96c92bd6","name":"melilla2","image":{"@type":"ImageObject","inLanguage":"es","@id":"https:\/\/agrupacionespsoe.es\/melilla\/#\/schema\/person\/image\/","url":"https:\/\/secure.gravatar.com\/avatar\/489a178e794e59f00db13a448aabca16?s=96&d=mm&r=g","contentUrl":"https:\/\/secure.gravatar.com\/avatar\/489a178e794e59f00db13a448aabca16?s=96&d=mm&r=g","caption":"melilla2"},"url":"https:\/\/agrupacionespsoe.es\/melilla\/author\/melilla2\/"}]}},"jetpack_featured_media_url":"","jetpack_sharing_enabled":true,"_links":{"self":[{"href":"https:\/\/agrupacionespsoe.es\/melilla\/wp-json\/wp\/v2\/posts\/530","targetHints":{"allow":["GET"]}}],"collection":[{"href":"https:\/\/agrupacionespsoe.es\/melilla\/wp-json\/wp\/v2\/posts"}],"about":[{"href":"https:\/\/agrupacionespsoe.es\/melilla\/wp-json\/wp\/v2\/types\/post"}],"author":[{"embeddable":true,"href":"https:\/\/agrupacionespsoe.es\/melilla\/wp-json\/wp\/v2\/users\/187"}],"replies":[{"embeddable":true,"href":"https:\/\/agrupacionespsoe.es\/melilla\/wp-json\/wp\/v2\/comments?post=530"}],"version-history":[{"count":1,"href":"https:\/\/agrupacionespsoe.es\/melilla\/wp-json\/wp\/v2\/posts\/530\/revisions"}],"predecessor-version":[{"id":532,"href":"https:\/\/agrupacionespsoe.es\/melilla\/wp-json\/wp\/v2\/posts\/530\/revisions\/532"}],"wp:attachment":[{"href":"https:\/\/agrupacionespsoe.es\/melilla\/wp-json\/wp\/v2\/media?parent=530"}],"wp:term":[{"taxonomy":"category","embeddable":true,"href":"https:\/\/agrupacionespsoe.es\/melilla\/wp-json\/wp\/v2\/categories?post=530"},{"taxonomy":"post_tag","embeddable":true,"href":"https:\/\/agrupacionespsoe.es\/melilla\/wp-json\/wp\/v2\/tags?post=530"}],"curies":[{"name":"wp","href":"https:\/\/api.w.org\/{rel}","templated":true}]}}