{"id":523,"date":"2023-10-11T12:22:07","date_gmt":"2023-10-11T12:22:07","guid":{"rendered":"https:\/\/agrupacionespsoe.es\/melilla\/?p=523"},"modified":"2023-10-11T12:22:08","modified_gmt":"2023-10-11T12:22:08","slug":"rojas-marin-en-el-tema-de-personal-recurre-a-las-descalificaciones-porque-no-sabe-que-decir","status":"publish","type":"post","link":"https:\/\/agrupacionespsoe.es\/melilla\/rojas-marin-en-el-tema-de-personal-recurre-a-las-descalificaciones-porque-no-sabe-que-decir\/","title":{"rendered":"Rojas: \u201cMar\u00edn, en el tema de personal, recurre a las descalificaciones porque no sabe qu\u00e9 decir\u201d"},"content":{"rendered":"\n<p><strong>\u201cA los populares les molesta el gran trabajo que hizo Garc\u00eda Maeso en materia de bienestar animal, por eso el ataque fue brutal en el Pleno\u201d, se\u00f1ala<\/strong><\/p>\n\n\n\n<figure class=\"wp-block-image size-large\"><img loading=\"lazy\" decoding=\"async\" width=\"1024\" height=\"683\" src=\"https:\/\/agrupacionespsoe.es\/melilla\/wp-content\/uploads\/sites\/120\/2023\/10\/GRojas_11-1024x683.jpg\" alt=\"\" class=\"wp-image-524\" srcset=\"https:\/\/agrupacionespsoe.es\/melilla\/wp-content\/uploads\/sites\/120\/2023\/10\/GRojas_11-1024x683.jpg 1024w, https:\/\/agrupacionespsoe.es\/melilla\/wp-content\/uploads\/sites\/120\/2023\/10\/GRojas_11-300x200.jpg 300w, https:\/\/agrupacionespsoe.es\/melilla\/wp-content\/uploads\/sites\/120\/2023\/10\/GRojas_11-768x512.jpg 768w, https:\/\/agrupacionespsoe.es\/melilla\/wp-content\/uploads\/sites\/120\/2023\/10\/GRojas_11-1536x1024.jpg 1536w, https:\/\/agrupacionespsoe.es\/melilla\/wp-content\/uploads\/sites\/120\/2023\/10\/GRojas_11-2048x1365.jpg 2048w\" sizes=\"auto, (max-width: 1024px) 100vw, 1024px\" \/><\/figure>\n\n\n\n<p>\u201cMiguel Mar\u00edn no contest\u00f3 a nada. Es un se\u00f1or previsible y no sale del guion de ataque y desprestigio porque no sabe qu\u00e9 decir\u201d. La Secretaria General del PSOE y Portavoz del Grupo Socialista en la Asamblea de Melilla, Gloria Rojas, se ha referido a la interpelaci\u00f3n sobre personal defendida por ella en el Pleno de Control que tuvo lugar en el d\u00eda de ayer as\u00ed como a la r\u00e9plica del Consejero de Econom\u00eda.<\/p>\n\n\n\n<p>La l\u00edder de los socialistas locales ha recordado que el Consejero \u201cno contest\u00f3 a absolutamente nada que tuviera que ver con mi interpelaci\u00f3n\u201d. Algo que se debe a que \u201csabe que tengo raz\u00f3n, sabe que hay una opacidad y un desconcierto en la gesti\u00f3n del Partido Popular, en los miembros del Gobierno y del equipo de Gobierno que est\u00e1n intentando crear a su alrededor\u201d.<\/p>\n\n\n\n<p>Rojas ha hecho balance de este primer Pleno de esta nueva legislatura y ha lamentado las \u201cdescalificaciones y mentiras\u201d vertidas tanto por el PP, como por CpM y el Grupo Mixto y ha adelantado que, en sucesivas ruedas de prensa, ir\u00e1n desmotando todas esas falsedades.<\/p>\n\n\n\n<p>Eso s\u00ed, la n\u00famero uno del PSOE ha querido dejar claro que tanto los Consejeros de Medio Ambiente y Naturaleza, Manuel \u00c1ngel Quevedo, y de Hacienda, Daniel Conesa, \u201cmantuvieron un tono educado y correcto de discrepancia\u201d, no as\u00ed ni Mar\u00edn ni el propio Presidente local, Juan Jos\u00e9 Imbroda.<\/p>\n\n\n\n<p>El hecho de que el Consejero de Seguridad, Daniel Conesa, constara una interpelaci\u00f3n sobre pol\u00edticas sociales es una muestra m\u00e1s, ha a\u00f1adido, de esa \u201copacidad y mala gesti\u00f3n\u201d del Ejecutivo local, as\u00ed como de la \u201ccero claridad que est\u00e1n llevando con el tema del personal que compone y que previsiblemente puede componer el resto del equipo de Gobierno\u201d.<\/p>\n\n\n\n<p>\u201cYo les dije que, en vez de buscar y retorcer esa figura de coordinadores que, presumiblemente, van a sacar, gasten ese dinero en empleo p\u00fablico\u201d, ha recordado Rojas.<\/p>\n\n\n\n<p><strong>Bienestar Animal<\/strong><\/p>\n\n\n\n<p>En su intervenci\u00f3n ante los medios de comunicaci\u00f3n la n\u00famero uno del PSOE local tambi\u00e9n se ha a la Consejera de Pol\u00edticas Sociales y Salud P\u00fablica, Randa Mohamed, y su respuesta a una interpelaci\u00f3n de Vox sobre el bienestar animal.<\/p>\n\n\n\n<p>\u201cEl Partido Popular no tiene ning\u00fan inter\u00e9s en el bienestar animal\u201d, ha subrayado. \u201cNo lo ha tenido nunca jam\u00e1s en los 20 a\u00f1o que han gobernado ni lo van a tener en estos cuatro a\u00f1os de gobierno que tienen por delante\u201d, ha dejado claro.<\/p>\n\n\n\n<p>Rojas ha se\u00f1alado que lo primero que han hecho los populares es quitar el nombre de la Consejer\u00eda de Bienestar Animal y \u201celiminar de un plumazo la Direcci\u00f3n General de Bienestar Animal\u201d.<\/p>\n\n\n\n<p>Pero es m\u00e1s, \u201cno tenemos m\u00e1s que escuchar las declaraciones de Rajoy cuando vino a Melilla y dijo que ni la ley animal ni la ley trans le importa absolutamente a nadie en Espa\u00f1a\u201d.<\/p>\n\n\n\n<p>\u201cLes molesta el gran trabajo que ha hecho la legislatura anterior mi compa\u00f1era, Francisca Garc\u00eda Maeso\u201d, ha apuntado Rojas y, por eso, ha agregado \u201cel ataque fue brutal\u201d.<\/p>\n\n\n\n<p>No obstante, ha adelantado que desmontar\u00e1n en comparecencia p\u00fablica esas y \u201cotras de las grand\u00edsimas mentiras\u201d que se dijeron sobre el PSOE y su gesti\u00f3n en el Pleno de Control.<\/p>\n","protected":false},"excerpt":{"rendered":"<p>\u201cA los populares les molesta el gran trabajo que hizo Garc\u00eda Maeso en materia de bienestar animal, por eso el ataque fue brutal en el Pleno\u201d, se\u00f1ala \u201cMiguel Mar\u00edn no contest\u00f3 a nada. Es un se\u00f1or previsible y no sale del guion de ataque y desprestigio porque no sabe qu\u00e9 decir\u201d. La Secretaria General del &#8230;<\/p>\n","protected":false},"author":187,"featured_media":0,"comment_status":"open","ping_status":"open","sticky":false,"template":"","format":"standard","meta":{"_jetpack_memberships_contains_paid_content":false,"footnotes":""},"categories":[1],"tags":[],"class_list":["post-523","post","type-post","status-publish","format-standard","hentry","category-sin-categoria"],"yoast_head":"<!-- This site is optimized with the Yoast SEO plugin v24.0 - https:\/\/yoast.com\/wordpress\/plugins\/seo\/ -->\n<title>Rojas: \u201cMar\u00edn, en el tema de personal, recurre a las descalificaciones porque no sabe qu\u00e9 decir\u201d - Agrupaci\u00f3n Socialista de Melilla<\/title>\n<meta name=\"robots\" content=\"index, follow, max-snippet:-1, max-image-preview:large, max-video-preview:-1\" \/>\n<link rel=\"canonical\" href=\"https:\/\/agrupacionespsoe.es\/melilla\/rojas-marin-en-el-tema-de-personal-recurre-a-las-descalificaciones-porque-no-sabe-que-decir\/\" \/>\n<meta property=\"og:locale\" content=\"es_ES\" \/>\n<meta property=\"og:type\" content=\"article\" \/>\n<meta property=\"og:title\" content=\"Rojas: \u201cMar\u00edn, en el tema de personal, recurre a las descalificaciones porque no sabe qu\u00e9 decir\u201d - Agrupaci\u00f3n Socialista de Melilla\" \/>\n<meta property=\"og:description\" content=\"\u201cA los populares les molesta el gran trabajo que hizo Garc\u00eda Maeso en materia de bienestar animal, por eso el ataque fue brutal en el Pleno\u201d, se\u00f1ala \u201cMiguel Mar\u00edn no contest\u00f3 a nada. Es un se\u00f1or previsible y no sale del guion de ataque y desprestigio porque no sabe qu\u00e9 decir\u201d. La Secretaria General del ...\" \/>\n<meta property=\"og:url\" content=\"https:\/\/agrupacionespsoe.es\/melilla\/rojas-marin-en-el-tema-de-personal-recurre-a-las-descalificaciones-porque-no-sabe-que-decir\/\" \/>\n<meta property=\"og:site_name\" content=\"Agrupaci\u00f3n Socialista de Melilla\" \/>\n<meta property=\"article:published_time\" content=\"2023-10-11T12:22:07+00:00\" \/>\n<meta property=\"article:modified_time\" content=\"2023-10-11T12:22:08+00:00\" \/>\n<meta property=\"og:image\" content=\"https:\/\/agrupacionespsoe.es\/melilla\/wp-content\/uploads\/sites\/120\/2023\/10\/GRojas_11-1024x683.jpg\" \/>\n<meta name=\"author\" content=\"melilla2\" \/>\n<meta name=\"twitter:card\" content=\"summary_large_image\" \/>\n<meta name=\"twitter:label1\" content=\"Escrito por\" \/>\n\t<meta name=\"twitter:data1\" content=\"melilla2\" \/>\n\t<meta name=\"twitter:label2\" content=\"Tiempo de lectura\" \/>\n\t<meta name=\"twitter:data2\" content=\"3 minutos\" \/>\n<script type=\"application\/ld+json\" class=\"yoast-schema-graph\">{\"@context\":\"https:\/\/schema.org\",\"@graph\":[{\"@type\":\"Article\",\"@id\":\"https:\/\/agrupacionespsoe.es\/melilla\/rojas-marin-en-el-tema-de-personal-recurre-a-las-descalificaciones-porque-no-sabe-que-decir\/#article\",\"isPartOf\":{\"@id\":\"https:\/\/agrupacionespsoe.es\/melilla\/rojas-marin-en-el-tema-de-personal-recurre-a-las-descalificaciones-porque-no-sabe-que-decir\/\"},\"author\":{\"name\":\"melilla2\",\"@id\":\"https:\/\/agrupacionespsoe.es\/melilla\/#\/schema\/person\/72bb3075a827d0ed0623682b96c92bd6\"},\"headline\":\"Rojas: \u201cMar\u00edn, en el tema de personal, recurre a las descalificaciones porque no sabe qu\u00e9 decir\u201d\",\"datePublished\":\"2023-10-11T12:22:07+00:00\",\"dateModified\":\"2023-10-11T12:22:08+00:00\",\"mainEntityOfPage\":{\"@id\":\"https:\/\/agrupacionespsoe.es\/melilla\/rojas-marin-en-el-tema-de-personal-recurre-a-las-descalificaciones-porque-no-sabe-que-decir\/\"},\"wordCount\":617,\"commentCount\":0,\"publisher\":{\"@id\":\"https:\/\/agrupacionespsoe.es\/melilla\/#organization\"},\"image\":{\"@id\":\"https:\/\/agrupacionespsoe.es\/melilla\/rojas-marin-en-el-tema-de-personal-recurre-a-las-descalificaciones-porque-no-sabe-que-decir\/#primaryimage\"},\"thumbnailUrl\":\"https:\/\/agrupacionespsoe.es\/melilla\/wp-content\/uploads\/sites\/120\/2023\/10\/GRojas_11-1024x683.jpg\",\"inLanguage\":\"es\",\"potentialAction\":[{\"@type\":\"CommentAction\",\"name\":\"Comment\",\"target\":[\"https:\/\/agrupacionespsoe.es\/melilla\/rojas-marin-en-el-tema-de-personal-recurre-a-las-descalificaciones-porque-no-sabe-que-decir\/#respond\"]}]},{\"@type\":\"WebPage\",\"@id\":\"https:\/\/agrupacionespsoe.es\/melilla\/rojas-marin-en-el-tema-de-personal-recurre-a-las-descalificaciones-porque-no-sabe-que-decir\/\",\"url\":\"https:\/\/agrupacionespsoe.es\/melilla\/rojas-marin-en-el-tema-de-personal-recurre-a-las-descalificaciones-porque-no-sabe-que-decir\/\",\"name\":\"Rojas: \u201cMar\u00edn, en el tema de personal, recurre a las descalificaciones porque no sabe qu\u00e9 decir\u201d - Agrupaci\u00f3n Socialista de Melilla\",\"isPartOf\":{\"@id\":\"https:\/\/agrupacionespsoe.es\/melilla\/#website\"},\"primaryImageOfPage\":{\"@id\":\"https:\/\/agrupacionespsoe.es\/melilla\/rojas-marin-en-el-tema-de-personal-recurre-a-las-descalificaciones-porque-no-sabe-que-decir\/#primaryimage\"},\"image\":{\"@id\":\"https:\/\/agrupacionespsoe.es\/melilla\/rojas-marin-en-el-tema-de-personal-recurre-a-las-descalificaciones-porque-no-sabe-que-decir\/#primaryimage\"},\"thumbnailUrl\":\"https:\/\/agrupacionespsoe.es\/melilla\/wp-content\/uploads\/sites\/120\/2023\/10\/GRojas_11-1024x683.jpg\",\"datePublished\":\"2023-10-11T12:22:07+00:00\",\"dateModified\":\"2023-10-11T12:22:08+00:00\",\"breadcrumb\":{\"@id\":\"https:\/\/agrupacionespsoe.es\/melilla\/rojas-marin-en-el-tema-de-personal-recurre-a-las-descalificaciones-porque-no-sabe-que-decir\/#breadcrumb\"},\"inLanguage\":\"es\",\"potentialAction\":[{\"@type\":\"ReadAction\",\"target\":[\"https:\/\/agrupacionespsoe.es\/melilla\/rojas-marin-en-el-tema-de-personal-recurre-a-las-descalificaciones-porque-no-sabe-que-decir\/\"]}]},{\"@type\":\"ImageObject\",\"inLanguage\":\"es\",\"@id\":\"https:\/\/agrupacionespsoe.es\/melilla\/rojas-marin-en-el-tema-de-personal-recurre-a-las-descalificaciones-porque-no-sabe-que-decir\/#primaryimage\",\"url\":\"https:\/\/agrupacionespsoe.es\/melilla\/wp-content\/uploads\/sites\/120\/2023\/10\/GRojas_11-scaled.jpg\",\"contentUrl\":\"https:\/\/agrupacionespsoe.es\/melilla\/wp-content\/uploads\/sites\/120\/2023\/10\/GRojas_11-scaled.jpg\",\"width\":2560,\"height\":1707},{\"@type\":\"BreadcrumbList\",\"@id\":\"https:\/\/agrupacionespsoe.es\/melilla\/rojas-marin-en-el-tema-de-personal-recurre-a-las-descalificaciones-porque-no-sabe-que-decir\/#breadcrumb\",\"itemListElement\":[{\"@type\":\"ListItem\",\"position\":1,\"name\":\"Portada\",\"item\":\"https:\/\/agrupacionespsoe.es\/melilla\/\"},{\"@type\":\"ListItem\",\"position\":2,\"name\":\"Rojas: \u201cMar\u00edn, en el tema de personal, recurre a las descalificaciones porque no sabe qu\u00e9 decir\u201d\"}]},{\"@type\":\"WebSite\",\"@id\":\"https:\/\/agrupacionespsoe.es\/melilla\/#website\",\"url\":\"https:\/\/agrupacionespsoe.es\/melilla\/\",\"name\":\"Agrupaci\u00f3n Socialista de Melilla\",\"description\":\"Agrupaci\u00f3n Socialista de Melilla\",\"publisher\":{\"@id\":\"https:\/\/agrupacionespsoe.es\/melilla\/#organization\"},\"potentialAction\":[{\"@type\":\"SearchAction\",\"target\":{\"@type\":\"EntryPoint\",\"urlTemplate\":\"https:\/\/agrupacionespsoe.es\/melilla\/?s={search_term_string}\"},\"query-input\":{\"@type\":\"PropertyValueSpecification\",\"valueRequired\":true,\"valueName\":\"search_term_string\"}}],\"inLanguage\":\"es\"},{\"@type\":\"Organization\",\"@id\":\"https:\/\/agrupacionespsoe.es\/melilla\/#organization\",\"name\":\"Agrupaci\u00f3n Socialista de Melilla\",\"url\":\"https:\/\/agrupacionespsoe.es\/melilla\/\",\"logo\":{\"@type\":\"ImageObject\",\"inLanguage\":\"es\",\"@id\":\"https:\/\/agrupacionespsoe.es\/melilla\/#\/schema\/logo\/image\/\",\"url\":\"https:\/\/agrupacionespsoe.es\/wp-content\/uploads\/2022\/07\/Logotipo_electoral_del_PSOE.png\",\"contentUrl\":\"https:\/\/agrupacionespsoe.es\/wp-content\/uploads\/2022\/07\/Logotipo_electoral_del_PSOE.png\",\"width\":422,\"height\":422,\"caption\":\"Agrupaci\u00f3n Socialista de Melilla\"},\"image\":{\"@id\":\"https:\/\/agrupacionespsoe.es\/melilla\/#\/schema\/logo\/image\/\"}},{\"@type\":\"Person\",\"@id\":\"https:\/\/agrupacionespsoe.es\/melilla\/#\/schema\/person\/72bb3075a827d0ed0623682b96c92bd6\",\"name\":\"melilla2\",\"image\":{\"@type\":\"ImageObject\",\"inLanguage\":\"es\",\"@id\":\"https:\/\/agrupacionespsoe.es\/melilla\/#\/schema\/person\/image\/\",\"url\":\"https:\/\/secure.gravatar.com\/avatar\/489a178e794e59f00db13a448aabca16?s=96&d=mm&r=g\",\"contentUrl\":\"https:\/\/secure.gravatar.com\/avatar\/489a178e794e59f00db13a448aabca16?s=96&d=mm&r=g\",\"caption\":\"melilla2\"},\"url\":\"https:\/\/agrupacionespsoe.es\/melilla\/author\/melilla2\/\"}]}<\/script>\n<!-- \/ Yoast SEO plugin. -->","yoast_head_json":{"title":"Rojas: \u201cMar\u00edn, en el tema de personal, recurre a las descalificaciones porque no sabe qu\u00e9 decir\u201d - Agrupaci\u00f3n Socialista de Melilla","robots":{"index":"index","follow":"follow","max-snippet":"max-snippet:-1","max-image-preview":"max-image-preview:large","max-video-preview":"max-video-preview:-1"},"canonical":"https:\/\/agrupacionespsoe.es\/melilla\/rojas-marin-en-el-tema-de-personal-recurre-a-las-descalificaciones-porque-no-sabe-que-decir\/","og_locale":"es_ES","og_type":"article","og_title":"Rojas: \u201cMar\u00edn, en el tema de personal, recurre a las descalificaciones porque no sabe qu\u00e9 decir\u201d - Agrupaci\u00f3n Socialista de Melilla","og_description":"\u201cA los populares les molesta el gran trabajo que hizo Garc\u00eda Maeso en materia de bienestar animal, por eso el ataque fue brutal en el Pleno\u201d, se\u00f1ala \u201cMiguel Mar\u00edn no contest\u00f3 a nada. Es un se\u00f1or previsible y no sale del guion de ataque y desprestigio porque no sabe qu\u00e9 decir\u201d. La Secretaria General del ...","og_url":"https:\/\/agrupacionespsoe.es\/melilla\/rojas-marin-en-el-tema-de-personal-recurre-a-las-descalificaciones-porque-no-sabe-que-decir\/","og_site_name":"Agrupaci\u00f3n Socialista de Melilla","article_published_time":"2023-10-11T12:22:07+00:00","article_modified_time":"2023-10-11T12:22:08+00:00","og_image":[{"url":"https:\/\/agrupacionespsoe.es\/melilla\/wp-content\/uploads\/sites\/120\/2023\/10\/GRojas_11-1024x683.jpg","type":"","width":"","height":""}],"author":"melilla2","twitter_card":"summary_large_image","twitter_misc":{"Escrito por":"melilla2","Tiempo de lectura":"3 minutos"},"schema":{"@context":"https:\/\/schema.org","@graph":[{"@type":"Article","@id":"https:\/\/agrupacionespsoe.es\/melilla\/rojas-marin-en-el-tema-de-personal-recurre-a-las-descalificaciones-porque-no-sabe-que-decir\/#article","isPartOf":{"@id":"https:\/\/agrupacionespsoe.es\/melilla\/rojas-marin-en-el-tema-de-personal-recurre-a-las-descalificaciones-porque-no-sabe-que-decir\/"},"author":{"name":"melilla2","@id":"https:\/\/agrupacionespsoe.es\/melilla\/#\/schema\/person\/72bb3075a827d0ed0623682b96c92bd6"},"headline":"Rojas: \u201cMar\u00edn, en el tema de personal, recurre a las descalificaciones porque no sabe qu\u00e9 decir\u201d","datePublished":"2023-10-11T12:22:07+00:00","dateModified":"2023-10-11T12:22:08+00:00","mainEntityOfPage":{"@id":"https:\/\/agrupacionespsoe.es\/melilla\/rojas-marin-en-el-tema-de-personal-recurre-a-las-descalificaciones-porque-no-sabe-que-decir\/"},"wordCount":617,"commentCount":0,"publisher":{"@id":"https:\/\/agrupacionespsoe.es\/melilla\/#organization"},"image":{"@id":"https:\/\/agrupacionespsoe.es\/melilla\/rojas-marin-en-el-tema-de-personal-recurre-a-las-descalificaciones-porque-no-sabe-que-decir\/#primaryimage"},"thumbnailUrl":"https:\/\/agrupacionespsoe.es\/melilla\/wp-content\/uploads\/sites\/120\/2023\/10\/GRojas_11-1024x683.jpg","inLanguage":"es","potentialAction":[{"@type":"CommentAction","name":"Comment","target":["https:\/\/agrupacionespsoe.es\/melilla\/rojas-marin-en-el-tema-de-personal-recurre-a-las-descalificaciones-porque-no-sabe-que-decir\/#respond"]}]},{"@type":"WebPage","@id":"https:\/\/agrupacionespsoe.es\/melilla\/rojas-marin-en-el-tema-de-personal-recurre-a-las-descalificaciones-porque-no-sabe-que-decir\/","url":"https:\/\/agrupacionespsoe.es\/melilla\/rojas-marin-en-el-tema-de-personal-recurre-a-las-descalificaciones-porque-no-sabe-que-decir\/","name":"Rojas: \u201cMar\u00edn, en el tema de personal, recurre a las descalificaciones porque no sabe qu\u00e9 decir\u201d - Agrupaci\u00f3n Socialista de Melilla","isPartOf":{"@id":"https:\/\/agrupacionespsoe.es\/melilla\/#website"},"primaryImageOfPage":{"@id":"https:\/\/agrupacionespsoe.es\/melilla\/rojas-marin-en-el-tema-de-personal-recurre-a-las-descalificaciones-porque-no-sabe-que-decir\/#primaryimage"},"image":{"@id":"https:\/\/agrupacionespsoe.es\/melilla\/rojas-marin-en-el-tema-de-personal-recurre-a-las-descalificaciones-porque-no-sabe-que-decir\/#primaryimage"},"thumbnailUrl":"https:\/\/agrupacionespsoe.es\/melilla\/wp-content\/uploads\/sites\/120\/2023\/10\/GRojas_11-1024x683.jpg","datePublished":"2023-10-11T12:22:07+00:00","dateModified":"2023-10-11T12:22:08+00:00","breadcrumb":{"@id":"https:\/\/agrupacionespsoe.es\/melilla\/rojas-marin-en-el-tema-de-personal-recurre-a-las-descalificaciones-porque-no-sabe-que-decir\/#breadcrumb"},"inLanguage":"es","potentialAction":[{"@type":"ReadAction","target":["https:\/\/agrupacionespsoe.es\/melilla\/rojas-marin-en-el-tema-de-personal-recurre-a-las-descalificaciones-porque-no-sabe-que-decir\/"]}]},{"@type":"ImageObject","inLanguage":"es","@id":"https:\/\/agrupacionespsoe.es\/melilla\/rojas-marin-en-el-tema-de-personal-recurre-a-las-descalificaciones-porque-no-sabe-que-decir\/#primaryimage","url":"https:\/\/agrupacionespsoe.es\/melilla\/wp-content\/uploads\/sites\/120\/2023\/10\/GRojas_11-scaled.jpg","contentUrl":"https:\/\/agrupacionespsoe.es\/melilla\/wp-content\/uploads\/sites\/120\/2023\/10\/GRojas_11-scaled.jpg","width":2560,"height":1707},{"@type":"BreadcrumbList","@id":"https:\/\/agrupacionespsoe.es\/melilla\/rojas-marin-en-el-tema-de-personal-recurre-a-las-descalificaciones-porque-no-sabe-que-decir\/#breadcrumb","itemListElement":[{"@type":"ListItem","position":1,"name":"Portada","item":"https:\/\/agrupacionespsoe.es\/melilla\/"},{"@type":"ListItem","position":2,"name":"Rojas: \u201cMar\u00edn, en el tema de personal, recurre a las descalificaciones porque no sabe qu\u00e9 decir\u201d"}]},{"@type":"WebSite","@id":"https:\/\/agrupacionespsoe.es\/melilla\/#website","url":"https:\/\/agrupacionespsoe.es\/melilla\/","name":"Agrupaci\u00f3n Socialista de Melilla","description":"Agrupaci\u00f3n Socialista de Melilla","publisher":{"@id":"https:\/\/agrupacionespsoe.es\/melilla\/#organization"},"potentialAction":[{"@type":"SearchAction","target":{"@type":"EntryPoint","urlTemplate":"https:\/\/agrupacionespsoe.es\/melilla\/?s={search_term_string}"},"query-input":{"@type":"PropertyValueSpecification","valueRequired":true,"valueName":"search_term_string"}}],"inLanguage":"es"},{"@type":"Organization","@id":"https:\/\/agrupacionespsoe.es\/melilla\/#organization","name":"Agrupaci\u00f3n Socialista de Melilla","url":"https:\/\/agrupacionespsoe.es\/melilla\/","logo":{"@type":"ImageObject","inLanguage":"es","@id":"https:\/\/agrupacionespsoe.es\/melilla\/#\/schema\/logo\/image\/","url":"https:\/\/agrupacionespsoe.es\/wp-content\/uploads\/2022\/07\/Logotipo_electoral_del_PSOE.png","contentUrl":"https:\/\/agrupacionespsoe.es\/wp-content\/uploads\/2022\/07\/Logotipo_electoral_del_PSOE.png","width":422,"height":422,"caption":"Agrupaci\u00f3n Socialista de Melilla"},"image":{"@id":"https:\/\/agrupacionespsoe.es\/melilla\/#\/schema\/logo\/image\/"}},{"@type":"Person","@id":"https:\/\/agrupacionespsoe.es\/melilla\/#\/schema\/person\/72bb3075a827d0ed0623682b96c92bd6","name":"melilla2","image":{"@type":"ImageObject","inLanguage":"es","@id":"https:\/\/agrupacionespsoe.es\/melilla\/#\/schema\/person\/image\/","url":"https:\/\/secure.gravatar.com\/avatar\/489a178e794e59f00db13a448aabca16?s=96&d=mm&r=g","contentUrl":"https:\/\/secure.gravatar.com\/avatar\/489a178e794e59f00db13a448aabca16?s=96&d=mm&r=g","caption":"melilla2"},"url":"https:\/\/agrupacionespsoe.es\/melilla\/author\/melilla2\/"}]}},"jetpack_featured_media_url":"","jetpack_sharing_enabled":true,"_links":{"self":[{"href":"https:\/\/agrupacionespsoe.es\/melilla\/wp-json\/wp\/v2\/posts\/523","targetHints":{"allow":["GET"]}}],"collection":[{"href":"https:\/\/agrupacionespsoe.es\/melilla\/wp-json\/wp\/v2\/posts"}],"about":[{"href":"https:\/\/agrupacionespsoe.es\/melilla\/wp-json\/wp\/v2\/types\/post"}],"author":[{"embeddable":true,"href":"https:\/\/agrupacionespsoe.es\/melilla\/wp-json\/wp\/v2\/users\/187"}],"replies":[{"embeddable":true,"href":"https:\/\/agrupacionespsoe.es\/melilla\/wp-json\/wp\/v2\/comments?post=523"}],"version-history":[{"count":1,"href":"https:\/\/agrupacionespsoe.es\/melilla\/wp-json\/wp\/v2\/posts\/523\/revisions"}],"predecessor-version":[{"id":525,"href":"https:\/\/agrupacionespsoe.es\/melilla\/wp-json\/wp\/v2\/posts\/523\/revisions\/525"}],"wp:attachment":[{"href":"https:\/\/agrupacionespsoe.es\/melilla\/wp-json\/wp\/v2\/media?parent=523"}],"wp:term":[{"taxonomy":"category","embeddable":true,"href":"https:\/\/agrupacionespsoe.es\/melilla\/wp-json\/wp\/v2\/categories?post=523"},{"taxonomy":"post_tag","embeddable":true,"href":"https:\/\/agrupacionespsoe.es\/melilla\/wp-json\/wp\/v2\/tags?post=523"}],"curies":[{"name":"wp","href":"https:\/\/api.w.org\/{rel}","templated":true}]}}