{"id":520,"date":"2023-10-09T12:27:11","date_gmt":"2023-10-09T12:27:11","guid":{"rendered":"https:\/\/agrupacionespsoe.es\/melilla\/?p=520"},"modified":"2023-10-09T12:27:12","modified_gmt":"2023-10-09T12:27:12","slug":"rojas-tras-las-contradicciones-del-pp-pide-que-se-aclare-el-uso-del-antiguo-cuartel-de-la-policia-local","status":"publish","type":"post","link":"https:\/\/agrupacionespsoe.es\/melilla\/rojas-tras-las-contradicciones-del-pp-pide-que-se-aclare-el-uso-del-antiguo-cuartel-de-la-policia-local\/","title":{"rendered":"Rojas, tras las contradicciones del PP, pide que se aclare el uso del antiguo cuartel de la Polic\u00eda local"},"content":{"rendered":"\n<p><strong>Imbroda asegura que se erigir\u00e1 una residencia universitaria mientras que Mar\u00edn ha anunciado que all\u00ed ir\u00e1 un vivero de empresas tecnol\u00f3gicas<\/strong><\/p>\n\n\n\n<figure class=\"wp-block-image size-large\"><img loading=\"lazy\" decoding=\"async\" width=\"1024\" height=\"682\" src=\"https:\/\/agrupacionespsoe.es\/melilla\/wp-content\/uploads\/sites\/120\/2023\/10\/7cab1411-6b6a-406c-8303-88c22f01021a-1024x682.jpeg\" alt=\"\" class=\"wp-image-521\" srcset=\"https:\/\/agrupacionespsoe.es\/melilla\/wp-content\/uploads\/sites\/120\/2023\/10\/7cab1411-6b6a-406c-8303-88c22f01021a-1024x682.jpeg 1024w, https:\/\/agrupacionespsoe.es\/melilla\/wp-content\/uploads\/sites\/120\/2023\/10\/7cab1411-6b6a-406c-8303-88c22f01021a-300x200.jpeg 300w, https:\/\/agrupacionespsoe.es\/melilla\/wp-content\/uploads\/sites\/120\/2023\/10\/7cab1411-6b6a-406c-8303-88c22f01021a-768x512.jpeg 768w, https:\/\/agrupacionespsoe.es\/melilla\/wp-content\/uploads\/sites\/120\/2023\/10\/7cab1411-6b6a-406c-8303-88c22f01021a-1536x1023.jpeg 1536w, https:\/\/agrupacionespsoe.es\/melilla\/wp-content\/uploads\/sites\/120\/2023\/10\/7cab1411-6b6a-406c-8303-88c22f01021a.jpeg 1600w\" sizes=\"auto, (max-width: 1024px) 100vw, 1024px\" \/><\/figure>\n\n\n\n<p>La Secretaria General del PSOE y Portavoz del Grupo Socialista en la Asamblea de Melilla, Gloria Rojas, ha pedido al Ejecutivo local que aclaren cu\u00e1l va a ser el futuro del antiguo cuartel de la Polic\u00eda Local, despu\u00e9s de que el Presidente local, Juan Jos\u00e9 Imbroda, y el Vicepresidente Primero, Miguel Mar\u00edn, hayan ca\u00eddo en contradicciones sobre el uso de este inmueble.<\/p>\n\n\n\n<p>\u201cLos populares, que llevan casi 100 d\u00edas dentro del Gobierno, y ya est\u00e1n entrando en contradicciones entre ellos mismos\u201d, ha se\u00f1alado la l\u00edder de los socialistas.<\/p>\n\n\n\n<p>As\u00ed, ha recordado que hace unos d\u00edas Mar\u00edn hac\u00eda unas declaraciones a los medios de comunicaci\u00f3n anunciando que el antiguo cuartel de la Polic\u00eda Local se iba a dedicar, junto con Promesa, a hacer un vivero de empresas tecnol\u00f3gicas con una inversi\u00f3n de 4,2 millones de euros.<\/p>\n\n\n\n<p>\u201cPodemos estar m\u00e1s o menos de acuerdo, podemos discutir el uso, pero nos parece una buena inversi\u00f3n y para un buen objetivo\u201d, ha reconocido Rojas a prop\u00f3sito de este anuncio.<\/p>\n\n\n\n<p>Sin embargo, un d\u00eda despu\u00e9s, en la inauguraci\u00f3n del curso acad\u00e9mico de la Universidad de Granada, en el Campus Universitario de Melilla, al que la propia Rojas asisti\u00f3, el Presidente local, Juan Jos\u00e9 Imbroda, anunci\u00f3 que esa instalaci\u00f3n, es decir, el antiguo cuartel de la Polic\u00eda Local, se iba a destinar para una residencia universitaria.<\/p>\n\n\n\n<p>Llegados a este punto, Rojas ha pedido que se aclaren y explique cu\u00e1l va a ser el futuro de este edificio. \u201cEso que tanto nos criticaban de las contradicciones del Gobierno anterior, es lo que tenemos ahora, y eso que hablamos de un Gobierno monocolor, son todos del Partido Popular\u201d, ha se\u00f1alado.<\/p>\n\n\n\n<p>Rojas, que ha subrayado la contradicci\u00f3n importante entre el Presidente de la Ciudad y el Vicepresidente Primero, ha instado a los populares a que \u201cantes de hacer esos anuncios, que se pongan de acuerdo entre ellos\u201d.<\/p>\n","protected":false},"excerpt":{"rendered":"<p>Imbroda asegura que se erigir\u00e1 una residencia universitaria mientras que Mar\u00edn ha anunciado que all\u00ed ir\u00e1 un vivero de empresas tecnol\u00f3gicas La Secretaria General del PSOE y Portavoz del Grupo Socialista en la Asamblea de Melilla, Gloria Rojas, ha pedido al Ejecutivo local que aclaren cu\u00e1l va a ser el futuro del antiguo cuartel de &#8230;<\/p>\n","protected":false},"author":187,"featured_media":0,"comment_status":"open","ping_status":"open","sticky":false,"template":"","format":"standard","meta":{"_jetpack_memberships_contains_paid_content":false,"footnotes":""},"categories":[1],"tags":[],"class_list":["post-520","post","type-post","status-publish","format-standard","hentry","category-sin-categoria"],"yoast_head":"<!-- This site is optimized with the Yoast SEO plugin v24.0 - https:\/\/yoast.com\/wordpress\/plugins\/seo\/ -->\n<title>Rojas, tras las contradicciones del PP, pide que se aclare el uso del antiguo cuartel de la Polic\u00eda local - Agrupaci\u00f3n Socialista de Melilla<\/title>\n<meta name=\"robots\" content=\"index, follow, max-snippet:-1, max-image-preview:large, max-video-preview:-1\" \/>\n<link rel=\"canonical\" href=\"https:\/\/agrupacionespsoe.es\/melilla\/rojas-tras-las-contradicciones-del-pp-pide-que-se-aclare-el-uso-del-antiguo-cuartel-de-la-policia-local\/\" \/>\n<meta property=\"og:locale\" content=\"es_ES\" \/>\n<meta property=\"og:type\" content=\"article\" \/>\n<meta property=\"og:title\" content=\"Rojas, tras las contradicciones del PP, pide que se aclare el uso del antiguo cuartel de la Polic\u00eda local - Agrupaci\u00f3n Socialista de Melilla\" \/>\n<meta property=\"og:description\" content=\"Imbroda asegura que se erigir\u00e1 una residencia universitaria mientras que Mar\u00edn ha anunciado que all\u00ed ir\u00e1 un vivero de empresas tecnol\u00f3gicas La Secretaria General del PSOE y Portavoz del Grupo Socialista en la Asamblea de Melilla, Gloria Rojas, ha pedido al Ejecutivo local que aclaren cu\u00e1l va a ser el futuro del antiguo cuartel de ...\" \/>\n<meta property=\"og:url\" content=\"https:\/\/agrupacionespsoe.es\/melilla\/rojas-tras-las-contradicciones-del-pp-pide-que-se-aclare-el-uso-del-antiguo-cuartel-de-la-policia-local\/\" \/>\n<meta property=\"og:site_name\" content=\"Agrupaci\u00f3n Socialista de Melilla\" \/>\n<meta property=\"article:published_time\" content=\"2023-10-09T12:27:11+00:00\" \/>\n<meta property=\"article:modified_time\" content=\"2023-10-09T12:27:12+00:00\" \/>\n<meta property=\"og:image\" content=\"https:\/\/agrupacionespsoe.es\/melilla\/wp-content\/uploads\/sites\/120\/2023\/10\/7cab1411-6b6a-406c-8303-88c22f01021a-1024x682.jpeg\" \/>\n<meta name=\"author\" content=\"melilla2\" \/>\n<meta name=\"twitter:card\" content=\"summary_large_image\" \/>\n<meta name=\"twitter:label1\" content=\"Escrito por\" \/>\n\t<meta name=\"twitter:data1\" content=\"melilla2\" \/>\n\t<meta name=\"twitter:label2\" content=\"Tiempo de lectura\" \/>\n\t<meta name=\"twitter:data2\" content=\"2 minutos\" \/>\n<script type=\"application\/ld+json\" class=\"yoast-schema-graph\">{\"@context\":\"https:\/\/schema.org\",\"@graph\":[{\"@type\":\"Article\",\"@id\":\"https:\/\/agrupacionespsoe.es\/melilla\/rojas-tras-las-contradicciones-del-pp-pide-que-se-aclare-el-uso-del-antiguo-cuartel-de-la-policia-local\/#article\",\"isPartOf\":{\"@id\":\"https:\/\/agrupacionespsoe.es\/melilla\/rojas-tras-las-contradicciones-del-pp-pide-que-se-aclare-el-uso-del-antiguo-cuartel-de-la-policia-local\/\"},\"author\":{\"name\":\"melilla2\",\"@id\":\"https:\/\/agrupacionespsoe.es\/melilla\/#\/schema\/person\/72bb3075a827d0ed0623682b96c92bd6\"},\"headline\":\"Rojas, tras las contradicciones del PP, pide que se aclare el uso del antiguo cuartel de la Polic\u00eda local\",\"datePublished\":\"2023-10-09T12:27:11+00:00\",\"dateModified\":\"2023-10-09T12:27:12+00:00\",\"mainEntityOfPage\":{\"@id\":\"https:\/\/agrupacionespsoe.es\/melilla\/rojas-tras-las-contradicciones-del-pp-pide-que-se-aclare-el-uso-del-antiguo-cuartel-de-la-policia-local\/\"},\"wordCount\":377,\"commentCount\":0,\"publisher\":{\"@id\":\"https:\/\/agrupacionespsoe.es\/melilla\/#organization\"},\"image\":{\"@id\":\"https:\/\/agrupacionespsoe.es\/melilla\/rojas-tras-las-contradicciones-del-pp-pide-que-se-aclare-el-uso-del-antiguo-cuartel-de-la-policia-local\/#primaryimage\"},\"thumbnailUrl\":\"https:\/\/agrupacionespsoe.es\/melilla\/wp-content\/uploads\/sites\/120\/2023\/10\/7cab1411-6b6a-406c-8303-88c22f01021a-1024x682.jpeg\",\"inLanguage\":\"es\",\"potentialAction\":[{\"@type\":\"CommentAction\",\"name\":\"Comment\",\"target\":[\"https:\/\/agrupacionespsoe.es\/melilla\/rojas-tras-las-contradicciones-del-pp-pide-que-se-aclare-el-uso-del-antiguo-cuartel-de-la-policia-local\/#respond\"]}]},{\"@type\":\"WebPage\",\"@id\":\"https:\/\/agrupacionespsoe.es\/melilla\/rojas-tras-las-contradicciones-del-pp-pide-que-se-aclare-el-uso-del-antiguo-cuartel-de-la-policia-local\/\",\"url\":\"https:\/\/agrupacionespsoe.es\/melilla\/rojas-tras-las-contradicciones-del-pp-pide-que-se-aclare-el-uso-del-antiguo-cuartel-de-la-policia-local\/\",\"name\":\"Rojas, tras las contradicciones del PP, pide que se aclare el uso del antiguo cuartel de la Polic\u00eda local - Agrupaci\u00f3n Socialista de Melilla\",\"isPartOf\":{\"@id\":\"https:\/\/agrupacionespsoe.es\/melilla\/#website\"},\"primaryImageOfPage\":{\"@id\":\"https:\/\/agrupacionespsoe.es\/melilla\/rojas-tras-las-contradicciones-del-pp-pide-que-se-aclare-el-uso-del-antiguo-cuartel-de-la-policia-local\/#primaryimage\"},\"image\":{\"@id\":\"https:\/\/agrupacionespsoe.es\/melilla\/rojas-tras-las-contradicciones-del-pp-pide-que-se-aclare-el-uso-del-antiguo-cuartel-de-la-policia-local\/#primaryimage\"},\"thumbnailUrl\":\"https:\/\/agrupacionespsoe.es\/melilla\/wp-content\/uploads\/sites\/120\/2023\/10\/7cab1411-6b6a-406c-8303-88c22f01021a-1024x682.jpeg\",\"datePublished\":\"2023-10-09T12:27:11+00:00\",\"dateModified\":\"2023-10-09T12:27:12+00:00\",\"breadcrumb\":{\"@id\":\"https:\/\/agrupacionespsoe.es\/melilla\/rojas-tras-las-contradicciones-del-pp-pide-que-se-aclare-el-uso-del-antiguo-cuartel-de-la-policia-local\/#breadcrumb\"},\"inLanguage\":\"es\",\"potentialAction\":[{\"@type\":\"ReadAction\",\"target\":[\"https:\/\/agrupacionespsoe.es\/melilla\/rojas-tras-las-contradicciones-del-pp-pide-que-se-aclare-el-uso-del-antiguo-cuartel-de-la-policia-local\/\"]}]},{\"@type\":\"ImageObject\",\"inLanguage\":\"es\",\"@id\":\"https:\/\/agrupacionespsoe.es\/melilla\/rojas-tras-las-contradicciones-del-pp-pide-que-se-aclare-el-uso-del-antiguo-cuartel-de-la-policia-local\/#primaryimage\",\"url\":\"https:\/\/agrupacionespsoe.es\/melilla\/wp-content\/uploads\/sites\/120\/2023\/10\/7cab1411-6b6a-406c-8303-88c22f01021a-1024x682.jpeg\",\"contentUrl\":\"https:\/\/agrupacionespsoe.es\/melilla\/wp-content\/uploads\/sites\/120\/2023\/10\/7cab1411-6b6a-406c-8303-88c22f01021a-1024x682.jpeg\"},{\"@type\":\"BreadcrumbList\",\"@id\":\"https:\/\/agrupacionespsoe.es\/melilla\/rojas-tras-las-contradicciones-del-pp-pide-que-se-aclare-el-uso-del-antiguo-cuartel-de-la-policia-local\/#breadcrumb\",\"itemListElement\":[{\"@type\":\"ListItem\",\"position\":1,\"name\":\"Portada\",\"item\":\"https:\/\/agrupacionespsoe.es\/melilla\/\"},{\"@type\":\"ListItem\",\"position\":2,\"name\":\"Rojas, tras las contradicciones del PP, pide que se aclare el uso del antiguo cuartel de la Polic\u00eda local\"}]},{\"@type\":\"WebSite\",\"@id\":\"https:\/\/agrupacionespsoe.es\/melilla\/#website\",\"url\":\"https:\/\/agrupacionespsoe.es\/melilla\/\",\"name\":\"Agrupaci\u00f3n Socialista de Melilla\",\"description\":\"Agrupaci\u00f3n Socialista de Melilla\",\"publisher\":{\"@id\":\"https:\/\/agrupacionespsoe.es\/melilla\/#organization\"},\"potentialAction\":[{\"@type\":\"SearchAction\",\"target\":{\"@type\":\"EntryPoint\",\"urlTemplate\":\"https:\/\/agrupacionespsoe.es\/melilla\/?s={search_term_string}\"},\"query-input\":{\"@type\":\"PropertyValueSpecification\",\"valueRequired\":true,\"valueName\":\"search_term_string\"}}],\"inLanguage\":\"es\"},{\"@type\":\"Organization\",\"@id\":\"https:\/\/agrupacionespsoe.es\/melilla\/#organization\",\"name\":\"Agrupaci\u00f3n Socialista de Melilla\",\"url\":\"https:\/\/agrupacionespsoe.es\/melilla\/\",\"logo\":{\"@type\":\"ImageObject\",\"inLanguage\":\"es\",\"@id\":\"https:\/\/agrupacionespsoe.es\/melilla\/#\/schema\/logo\/image\/\",\"url\":\"https:\/\/agrupacionespsoe.es\/wp-content\/uploads\/2022\/07\/Logotipo_electoral_del_PSOE.png\",\"contentUrl\":\"https:\/\/agrupacionespsoe.es\/wp-content\/uploads\/2022\/07\/Logotipo_electoral_del_PSOE.png\",\"width\":422,\"height\":422,\"caption\":\"Agrupaci\u00f3n Socialista de Melilla\"},\"image\":{\"@id\":\"https:\/\/agrupacionespsoe.es\/melilla\/#\/schema\/logo\/image\/\"}},{\"@type\":\"Person\",\"@id\":\"https:\/\/agrupacionespsoe.es\/melilla\/#\/schema\/person\/72bb3075a827d0ed0623682b96c92bd6\",\"name\":\"melilla2\",\"image\":{\"@type\":\"ImageObject\",\"inLanguage\":\"es\",\"@id\":\"https:\/\/agrupacionespsoe.es\/melilla\/#\/schema\/person\/image\/\",\"url\":\"https:\/\/secure.gravatar.com\/avatar\/489a178e794e59f00db13a448aabca16?s=96&d=mm&r=g\",\"contentUrl\":\"https:\/\/secure.gravatar.com\/avatar\/489a178e794e59f00db13a448aabca16?s=96&d=mm&r=g\",\"caption\":\"melilla2\"},\"url\":\"https:\/\/agrupacionespsoe.es\/melilla\/author\/melilla2\/\"}]}<\/script>\n<!-- \/ Yoast SEO plugin. -->","yoast_head_json":{"title":"Rojas, tras las contradicciones del PP, pide que se aclare el uso del antiguo cuartel de la Polic\u00eda local - Agrupaci\u00f3n Socialista de Melilla","robots":{"index":"index","follow":"follow","max-snippet":"max-snippet:-1","max-image-preview":"max-image-preview:large","max-video-preview":"max-video-preview:-1"},"canonical":"https:\/\/agrupacionespsoe.es\/melilla\/rojas-tras-las-contradicciones-del-pp-pide-que-se-aclare-el-uso-del-antiguo-cuartel-de-la-policia-local\/","og_locale":"es_ES","og_type":"article","og_title":"Rojas, tras las contradicciones del PP, pide que se aclare el uso del antiguo cuartel de la Polic\u00eda local - Agrupaci\u00f3n Socialista de Melilla","og_description":"Imbroda asegura que se erigir\u00e1 una residencia universitaria mientras que Mar\u00edn ha anunciado que all\u00ed ir\u00e1 un vivero de empresas tecnol\u00f3gicas La Secretaria General del PSOE y Portavoz del Grupo Socialista en la Asamblea de Melilla, Gloria Rojas, ha pedido al Ejecutivo local que aclaren cu\u00e1l va a ser el futuro del antiguo cuartel de ...","og_url":"https:\/\/agrupacionespsoe.es\/melilla\/rojas-tras-las-contradicciones-del-pp-pide-que-se-aclare-el-uso-del-antiguo-cuartel-de-la-policia-local\/","og_site_name":"Agrupaci\u00f3n Socialista de Melilla","article_published_time":"2023-10-09T12:27:11+00:00","article_modified_time":"2023-10-09T12:27:12+00:00","og_image":[{"url":"https:\/\/agrupacionespsoe.es\/melilla\/wp-content\/uploads\/sites\/120\/2023\/10\/7cab1411-6b6a-406c-8303-88c22f01021a-1024x682.jpeg","type":"","width":"","height":""}],"author":"melilla2","twitter_card":"summary_large_image","twitter_misc":{"Escrito por":"melilla2","Tiempo de lectura":"2 minutos"},"schema":{"@context":"https:\/\/schema.org","@graph":[{"@type":"Article","@id":"https:\/\/agrupacionespsoe.es\/melilla\/rojas-tras-las-contradicciones-del-pp-pide-que-se-aclare-el-uso-del-antiguo-cuartel-de-la-policia-local\/#article","isPartOf":{"@id":"https:\/\/agrupacionespsoe.es\/melilla\/rojas-tras-las-contradicciones-del-pp-pide-que-se-aclare-el-uso-del-antiguo-cuartel-de-la-policia-local\/"},"author":{"name":"melilla2","@id":"https:\/\/agrupacionespsoe.es\/melilla\/#\/schema\/person\/72bb3075a827d0ed0623682b96c92bd6"},"headline":"Rojas, tras las contradicciones del PP, pide que se aclare el uso del antiguo cuartel de la Polic\u00eda local","datePublished":"2023-10-09T12:27:11+00:00","dateModified":"2023-10-09T12:27:12+00:00","mainEntityOfPage":{"@id":"https:\/\/agrupacionespsoe.es\/melilla\/rojas-tras-las-contradicciones-del-pp-pide-que-se-aclare-el-uso-del-antiguo-cuartel-de-la-policia-local\/"},"wordCount":377,"commentCount":0,"publisher":{"@id":"https:\/\/agrupacionespsoe.es\/melilla\/#organization"},"image":{"@id":"https:\/\/agrupacionespsoe.es\/melilla\/rojas-tras-las-contradicciones-del-pp-pide-que-se-aclare-el-uso-del-antiguo-cuartel-de-la-policia-local\/#primaryimage"},"thumbnailUrl":"https:\/\/agrupacionespsoe.es\/melilla\/wp-content\/uploads\/sites\/120\/2023\/10\/7cab1411-6b6a-406c-8303-88c22f01021a-1024x682.jpeg","inLanguage":"es","potentialAction":[{"@type":"CommentAction","name":"Comment","target":["https:\/\/agrupacionespsoe.es\/melilla\/rojas-tras-las-contradicciones-del-pp-pide-que-se-aclare-el-uso-del-antiguo-cuartel-de-la-policia-local\/#respond"]}]},{"@type":"WebPage","@id":"https:\/\/agrupacionespsoe.es\/melilla\/rojas-tras-las-contradicciones-del-pp-pide-que-se-aclare-el-uso-del-antiguo-cuartel-de-la-policia-local\/","url":"https:\/\/agrupacionespsoe.es\/melilla\/rojas-tras-las-contradicciones-del-pp-pide-que-se-aclare-el-uso-del-antiguo-cuartel-de-la-policia-local\/","name":"Rojas, tras las contradicciones del PP, pide que se aclare el uso del antiguo cuartel de la Polic\u00eda local - Agrupaci\u00f3n Socialista de Melilla","isPartOf":{"@id":"https:\/\/agrupacionespsoe.es\/melilla\/#website"},"primaryImageOfPage":{"@id":"https:\/\/agrupacionespsoe.es\/melilla\/rojas-tras-las-contradicciones-del-pp-pide-que-se-aclare-el-uso-del-antiguo-cuartel-de-la-policia-local\/#primaryimage"},"image":{"@id":"https:\/\/agrupacionespsoe.es\/melilla\/rojas-tras-las-contradicciones-del-pp-pide-que-se-aclare-el-uso-del-antiguo-cuartel-de-la-policia-local\/#primaryimage"},"thumbnailUrl":"https:\/\/agrupacionespsoe.es\/melilla\/wp-content\/uploads\/sites\/120\/2023\/10\/7cab1411-6b6a-406c-8303-88c22f01021a-1024x682.jpeg","datePublished":"2023-10-09T12:27:11+00:00","dateModified":"2023-10-09T12:27:12+00:00","breadcrumb":{"@id":"https:\/\/agrupacionespsoe.es\/melilla\/rojas-tras-las-contradicciones-del-pp-pide-que-se-aclare-el-uso-del-antiguo-cuartel-de-la-policia-local\/#breadcrumb"},"inLanguage":"es","potentialAction":[{"@type":"ReadAction","target":["https:\/\/agrupacionespsoe.es\/melilla\/rojas-tras-las-contradicciones-del-pp-pide-que-se-aclare-el-uso-del-antiguo-cuartel-de-la-policia-local\/"]}]},{"@type":"ImageObject","inLanguage":"es","@id":"https:\/\/agrupacionespsoe.es\/melilla\/rojas-tras-las-contradicciones-del-pp-pide-que-se-aclare-el-uso-del-antiguo-cuartel-de-la-policia-local\/#primaryimage","url":"https:\/\/agrupacionespsoe.es\/melilla\/wp-content\/uploads\/sites\/120\/2023\/10\/7cab1411-6b6a-406c-8303-88c22f01021a-1024x682.jpeg","contentUrl":"https:\/\/agrupacionespsoe.es\/melilla\/wp-content\/uploads\/sites\/120\/2023\/10\/7cab1411-6b6a-406c-8303-88c22f01021a-1024x682.jpeg"},{"@type":"BreadcrumbList","@id":"https:\/\/agrupacionespsoe.es\/melilla\/rojas-tras-las-contradicciones-del-pp-pide-que-se-aclare-el-uso-del-antiguo-cuartel-de-la-policia-local\/#breadcrumb","itemListElement":[{"@type":"ListItem","position":1,"name":"Portada","item":"https:\/\/agrupacionespsoe.es\/melilla\/"},{"@type":"ListItem","position":2,"name":"Rojas, tras las contradicciones del PP, pide que se aclare el uso del antiguo cuartel de la Polic\u00eda local"}]},{"@type":"WebSite","@id":"https:\/\/agrupacionespsoe.es\/melilla\/#website","url":"https:\/\/agrupacionespsoe.es\/melilla\/","name":"Agrupaci\u00f3n Socialista de Melilla","description":"Agrupaci\u00f3n Socialista de Melilla","publisher":{"@id":"https:\/\/agrupacionespsoe.es\/melilla\/#organization"},"potentialAction":[{"@type":"SearchAction","target":{"@type":"EntryPoint","urlTemplate":"https:\/\/agrupacionespsoe.es\/melilla\/?s={search_term_string}"},"query-input":{"@type":"PropertyValueSpecification","valueRequired":true,"valueName":"search_term_string"}}],"inLanguage":"es"},{"@type":"Organization","@id":"https:\/\/agrupacionespsoe.es\/melilla\/#organization","name":"Agrupaci\u00f3n Socialista de Melilla","url":"https:\/\/agrupacionespsoe.es\/melilla\/","logo":{"@type":"ImageObject","inLanguage":"es","@id":"https:\/\/agrupacionespsoe.es\/melilla\/#\/schema\/logo\/image\/","url":"https:\/\/agrupacionespsoe.es\/wp-content\/uploads\/2022\/07\/Logotipo_electoral_del_PSOE.png","contentUrl":"https:\/\/agrupacionespsoe.es\/wp-content\/uploads\/2022\/07\/Logotipo_electoral_del_PSOE.png","width":422,"height":422,"caption":"Agrupaci\u00f3n Socialista de Melilla"},"image":{"@id":"https:\/\/agrupacionespsoe.es\/melilla\/#\/schema\/logo\/image\/"}},{"@type":"Person","@id":"https:\/\/agrupacionespsoe.es\/melilla\/#\/schema\/person\/72bb3075a827d0ed0623682b96c92bd6","name":"melilla2","image":{"@type":"ImageObject","inLanguage":"es","@id":"https:\/\/agrupacionespsoe.es\/melilla\/#\/schema\/person\/image\/","url":"https:\/\/secure.gravatar.com\/avatar\/489a178e794e59f00db13a448aabca16?s=96&d=mm&r=g","contentUrl":"https:\/\/secure.gravatar.com\/avatar\/489a178e794e59f00db13a448aabca16?s=96&d=mm&r=g","caption":"melilla2"},"url":"https:\/\/agrupacionespsoe.es\/melilla\/author\/melilla2\/"}]}},"jetpack_featured_media_url":"","jetpack_sharing_enabled":true,"_links":{"self":[{"href":"https:\/\/agrupacionespsoe.es\/melilla\/wp-json\/wp\/v2\/posts\/520","targetHints":{"allow":["GET"]}}],"collection":[{"href":"https:\/\/agrupacionespsoe.es\/melilla\/wp-json\/wp\/v2\/posts"}],"about":[{"href":"https:\/\/agrupacionespsoe.es\/melilla\/wp-json\/wp\/v2\/types\/post"}],"author":[{"embeddable":true,"href":"https:\/\/agrupacionespsoe.es\/melilla\/wp-json\/wp\/v2\/users\/187"}],"replies":[{"embeddable":true,"href":"https:\/\/agrupacionespsoe.es\/melilla\/wp-json\/wp\/v2\/comments?post=520"}],"version-history":[{"count":1,"href":"https:\/\/agrupacionespsoe.es\/melilla\/wp-json\/wp\/v2\/posts\/520\/revisions"}],"predecessor-version":[{"id":522,"href":"https:\/\/agrupacionespsoe.es\/melilla\/wp-json\/wp\/v2\/posts\/520\/revisions\/522"}],"wp:attachment":[{"href":"https:\/\/agrupacionespsoe.es\/melilla\/wp-json\/wp\/v2\/media?parent=520"}],"wp:term":[{"taxonomy":"category","embeddable":true,"href":"https:\/\/agrupacionespsoe.es\/melilla\/wp-json\/wp\/v2\/categories?post=520"},{"taxonomy":"post_tag","embeddable":true,"href":"https:\/\/agrupacionespsoe.es\/melilla\/wp-json\/wp\/v2\/tags?post=520"}],"curies":[{"name":"wp","href":"https:\/\/api.w.org\/{rel}","templated":true}]}}