{"id":517,"date":"2023-10-06T12:57:59","date_gmt":"2023-10-06T12:57:59","guid":{"rendered":"https:\/\/agrupacionespsoe.es\/melilla\/?p=517"},"modified":"2023-10-06T12:57:59","modified_gmt":"2023-10-06T12:57:59","slug":"rojas-pide-a-imbroda-que-aclare-sus-palabras-sobre-la-consejera-mohatar","status":"publish","type":"post","link":"https:\/\/agrupacionespsoe.es\/melilla\/rojas-pide-a-imbroda-que-aclare-sus-palabras-sobre-la-consejera-mohatar\/","title":{"rendered":"Rojas pide a Imbroda que aclare sus palabras sobre la Consejera Mohatar"},"content":{"rendered":"\n<p><strong>El Presidente local afirm\u00f3 \u201cella es mujer pero representa al Gobierno\u201d en referencia a la Consejera de Cultura<\/strong><\/p>\n\n\n\n<figure class=\"wp-block-image size-large\"><img loading=\"lazy\" decoding=\"async\" width=\"1024\" height=\"577\" src=\"https:\/\/agrupacionespsoe.es\/melilla\/wp-content\/uploads\/sites\/120\/2023\/10\/a843d825-a145-45c7-bb01-3b6b3ee825ed-1024x577.jpeg\" alt=\"\" class=\"wp-image-518\" srcset=\"https:\/\/agrupacionespsoe.es\/melilla\/wp-content\/uploads\/sites\/120\/2023\/10\/a843d825-a145-45c7-bb01-3b6b3ee825ed-1024x577.jpeg 1024w, https:\/\/agrupacionespsoe.es\/melilla\/wp-content\/uploads\/sites\/120\/2023\/10\/a843d825-a145-45c7-bb01-3b6b3ee825ed-300x169.jpeg 300w, https:\/\/agrupacionespsoe.es\/melilla\/wp-content\/uploads\/sites\/120\/2023\/10\/a843d825-a145-45c7-bb01-3b6b3ee825ed-768x432.jpeg 768w, https:\/\/agrupacionespsoe.es\/melilla\/wp-content\/uploads\/sites\/120\/2023\/10\/a843d825-a145-45c7-bb01-3b6b3ee825ed-1536x865.jpeg 1536w, https:\/\/agrupacionespsoe.es\/melilla\/wp-content\/uploads\/sites\/120\/2023\/10\/a843d825-a145-45c7-bb01-3b6b3ee825ed.jpeg 1600w\" sizes=\"auto, (max-width: 1024px) 100vw, 1024px\" \/><\/figure>\n\n\n\n<p>\u201cElla es mujer pero representa al Gobierno\u201d. El Presidente de Melilla, Juan Jos\u00e9 Imbroda, realiz\u00f3 estas palabras en referencia a la Consejera de Cultura de su Ejecutivo, Fadela Mohatar.<\/p>\n\n\n\n<p>Unas palabras que la Secretaria General del PSOE y Portavoz del Grupo Socialista en la Asamblea de Melilla, Gloria Rojas, le ha pedido que explique. \u201cYo quiero preguntarle a Imbroda a qu\u00e9 se refiere concretamente porque le aseguro que no le entendemos\u201d, ha se\u00f1alado la l\u00edder socialista.<\/p>\n\n\n\n<p>El Presidente local hac\u00eda esta afirmaci\u00f3n a ra\u00edz de las conversaciones mantenidas entre Mohatar y los vecinos y comerciantes del barrio del Rastro afectados por las obras. \u201cNo entendemos absolutamente nada las palabras de Imbroda y s\u00ed que nos gustar\u00eda saber a qu\u00e9 hace referencia con esas declaraciones\u201d, ha se\u00f1alado.<\/p>\n\n\n\n<p>En su intervenci\u00f3n ante los medios de comunicaci\u00f3n, Rojas ha recordado que el Gobierno de Imbroda \u201cno es un ejemplo de paridad ni en tema de igualdad de g\u00e9nero\u201d, hechos como que haya un Presidente y tres Vicepresidentes, todos ellos hombres o que el Ejecutivo local no cumpla el 60-40% entre mujeres y hombres que establece la ley de paridad, son prueba de ello.<\/p>\n\n\n\n<p>No solo eso, la propia Fadela Mohatar, que tiene competencias en Festejos, \u201cno las lleva a cabo\u201d, ya que es Paco D\u00edaz el que las ejerce, aunque no lo haga de forma oficial y a pesar de que no ser una persona electa.<\/p>\n\n\n\n<p>En cuanto a la Consejera de Pol\u00edtica Social y Salud P\u00fablica, Randa Mohamed, la l\u00edder del PSOE ha hecho referencia al nombramiento de Daniel Ventura como \u201ccoordinador transversal de pol\u00edticas sociales\u201d, cargo, ha apostillado, \u201cque tampoco entendemos\u201d.<\/p>\n","protected":false},"excerpt":{"rendered":"<p>El Presidente local afirm\u00f3 \u201cella es mujer pero representa al Gobierno\u201d en referencia a la Consejera de Cultura \u201cElla es mujer pero representa al Gobierno\u201d. El Presidente de Melilla, Juan Jos\u00e9 Imbroda, realiz\u00f3 estas palabras en referencia a la Consejera de Cultura de su Ejecutivo, Fadela Mohatar. Unas palabras que la Secretaria General del PSOE &#8230;<\/p>\n","protected":false},"author":187,"featured_media":0,"comment_status":"open","ping_status":"open","sticky":false,"template":"","format":"standard","meta":{"_jetpack_memberships_contains_paid_content":false,"footnotes":""},"categories":[1],"tags":[],"class_list":["post-517","post","type-post","status-publish","format-standard","hentry","category-sin-categoria"],"yoast_head":"<!-- This site is optimized with the Yoast SEO plugin v24.0 - https:\/\/yoast.com\/wordpress\/plugins\/seo\/ -->\n<title>Rojas pide a Imbroda que aclare sus palabras sobre la Consejera Mohatar - Agrupaci\u00f3n Socialista de Melilla<\/title>\n<meta name=\"robots\" content=\"index, follow, max-snippet:-1, max-image-preview:large, max-video-preview:-1\" \/>\n<link rel=\"canonical\" href=\"https:\/\/agrupacionespsoe.es\/melilla\/rojas-pide-a-imbroda-que-aclare-sus-palabras-sobre-la-consejera-mohatar\/\" \/>\n<meta property=\"og:locale\" content=\"es_ES\" \/>\n<meta property=\"og:type\" content=\"article\" \/>\n<meta property=\"og:title\" content=\"Rojas pide a Imbroda que aclare sus palabras sobre la Consejera Mohatar - Agrupaci\u00f3n Socialista de Melilla\" \/>\n<meta property=\"og:description\" content=\"El Presidente local afirm\u00f3 \u201cella es mujer pero representa al Gobierno\u201d en referencia a la Consejera de Cultura \u201cElla es mujer pero representa al Gobierno\u201d. El Presidente de Melilla, Juan Jos\u00e9 Imbroda, realiz\u00f3 estas palabras en referencia a la Consejera de Cultura de su Ejecutivo, Fadela Mohatar. Unas palabras que la Secretaria General del PSOE ...\" \/>\n<meta property=\"og:url\" content=\"https:\/\/agrupacionespsoe.es\/melilla\/rojas-pide-a-imbroda-que-aclare-sus-palabras-sobre-la-consejera-mohatar\/\" \/>\n<meta property=\"og:site_name\" content=\"Agrupaci\u00f3n Socialista de Melilla\" \/>\n<meta property=\"article:published_time\" content=\"2023-10-06T12:57:59+00:00\" \/>\n<meta property=\"og:image\" content=\"https:\/\/agrupacionespsoe.es\/melilla\/wp-content\/uploads\/sites\/120\/2023\/10\/a843d825-a145-45c7-bb01-3b6b3ee825ed-1024x577.jpeg\" \/>\n<meta name=\"author\" content=\"melilla2\" \/>\n<meta name=\"twitter:card\" content=\"summary_large_image\" \/>\n<meta name=\"twitter:label1\" content=\"Escrito por\" \/>\n\t<meta name=\"twitter:data1\" content=\"melilla2\" \/>\n\t<meta name=\"twitter:label2\" content=\"Tiempo de lectura\" \/>\n\t<meta name=\"twitter:data2\" content=\"2 minutos\" \/>\n<script type=\"application\/ld+json\" class=\"yoast-schema-graph\">{\"@context\":\"https:\/\/schema.org\",\"@graph\":[{\"@type\":\"Article\",\"@id\":\"https:\/\/agrupacionespsoe.es\/melilla\/rojas-pide-a-imbroda-que-aclare-sus-palabras-sobre-la-consejera-mohatar\/#article\",\"isPartOf\":{\"@id\":\"https:\/\/agrupacionespsoe.es\/melilla\/rojas-pide-a-imbroda-que-aclare-sus-palabras-sobre-la-consejera-mohatar\/\"},\"author\":{\"name\":\"melilla2\",\"@id\":\"https:\/\/agrupacionespsoe.es\/melilla\/#\/schema\/person\/72bb3075a827d0ed0623682b96c92bd6\"},\"headline\":\"Rojas pide a Imbroda que aclare sus palabras sobre la Consejera Mohatar\",\"datePublished\":\"2023-10-06T12:57:59+00:00\",\"dateModified\":\"2023-10-06T12:57:59+00:00\",\"mainEntityOfPage\":{\"@id\":\"https:\/\/agrupacionespsoe.es\/melilla\/rojas-pide-a-imbroda-que-aclare-sus-palabras-sobre-la-consejera-mohatar\/\"},\"wordCount\":315,\"commentCount\":0,\"publisher\":{\"@id\":\"https:\/\/agrupacionespsoe.es\/melilla\/#organization\"},\"image\":{\"@id\":\"https:\/\/agrupacionespsoe.es\/melilla\/rojas-pide-a-imbroda-que-aclare-sus-palabras-sobre-la-consejera-mohatar\/#primaryimage\"},\"thumbnailUrl\":\"https:\/\/agrupacionespsoe.es\/melilla\/wp-content\/uploads\/sites\/120\/2023\/10\/a843d825-a145-45c7-bb01-3b6b3ee825ed-1024x577.jpeg\",\"inLanguage\":\"es\",\"potentialAction\":[{\"@type\":\"CommentAction\",\"name\":\"Comment\",\"target\":[\"https:\/\/agrupacionespsoe.es\/melilla\/rojas-pide-a-imbroda-que-aclare-sus-palabras-sobre-la-consejera-mohatar\/#respond\"]}]},{\"@type\":\"WebPage\",\"@id\":\"https:\/\/agrupacionespsoe.es\/melilla\/rojas-pide-a-imbroda-que-aclare-sus-palabras-sobre-la-consejera-mohatar\/\",\"url\":\"https:\/\/agrupacionespsoe.es\/melilla\/rojas-pide-a-imbroda-que-aclare-sus-palabras-sobre-la-consejera-mohatar\/\",\"name\":\"Rojas pide a Imbroda que aclare sus palabras sobre la Consejera Mohatar - Agrupaci\u00f3n Socialista de Melilla\",\"isPartOf\":{\"@id\":\"https:\/\/agrupacionespsoe.es\/melilla\/#website\"},\"primaryImageOfPage\":{\"@id\":\"https:\/\/agrupacionespsoe.es\/melilla\/rojas-pide-a-imbroda-que-aclare-sus-palabras-sobre-la-consejera-mohatar\/#primaryimage\"},\"image\":{\"@id\":\"https:\/\/agrupacionespsoe.es\/melilla\/rojas-pide-a-imbroda-que-aclare-sus-palabras-sobre-la-consejera-mohatar\/#primaryimage\"},\"thumbnailUrl\":\"https:\/\/agrupacionespsoe.es\/melilla\/wp-content\/uploads\/sites\/120\/2023\/10\/a843d825-a145-45c7-bb01-3b6b3ee825ed-1024x577.jpeg\",\"datePublished\":\"2023-10-06T12:57:59+00:00\",\"dateModified\":\"2023-10-06T12:57:59+00:00\",\"breadcrumb\":{\"@id\":\"https:\/\/agrupacionespsoe.es\/melilla\/rojas-pide-a-imbroda-que-aclare-sus-palabras-sobre-la-consejera-mohatar\/#breadcrumb\"},\"inLanguage\":\"es\",\"potentialAction\":[{\"@type\":\"ReadAction\",\"target\":[\"https:\/\/agrupacionespsoe.es\/melilla\/rojas-pide-a-imbroda-que-aclare-sus-palabras-sobre-la-consejera-mohatar\/\"]}]},{\"@type\":\"ImageObject\",\"inLanguage\":\"es\",\"@id\":\"https:\/\/agrupacionespsoe.es\/melilla\/rojas-pide-a-imbroda-que-aclare-sus-palabras-sobre-la-consejera-mohatar\/#primaryimage\",\"url\":\"https:\/\/agrupacionespsoe.es\/melilla\/wp-content\/uploads\/sites\/120\/2023\/10\/a843d825-a145-45c7-bb01-3b6b3ee825ed-1024x577.jpeg\",\"contentUrl\":\"https:\/\/agrupacionespsoe.es\/melilla\/wp-content\/uploads\/sites\/120\/2023\/10\/a843d825-a145-45c7-bb01-3b6b3ee825ed-1024x577.jpeg\"},{\"@type\":\"BreadcrumbList\",\"@id\":\"https:\/\/agrupacionespsoe.es\/melilla\/rojas-pide-a-imbroda-que-aclare-sus-palabras-sobre-la-consejera-mohatar\/#breadcrumb\",\"itemListElement\":[{\"@type\":\"ListItem\",\"position\":1,\"name\":\"Portada\",\"item\":\"https:\/\/agrupacionespsoe.es\/melilla\/\"},{\"@type\":\"ListItem\",\"position\":2,\"name\":\"Rojas pide a Imbroda que aclare sus palabras sobre la Consejera Mohatar\"}]},{\"@type\":\"WebSite\",\"@id\":\"https:\/\/agrupacionespsoe.es\/melilla\/#website\",\"url\":\"https:\/\/agrupacionespsoe.es\/melilla\/\",\"name\":\"Agrupaci\u00f3n Socialista de Melilla\",\"description\":\"Agrupaci\u00f3n Socialista de Melilla\",\"publisher\":{\"@id\":\"https:\/\/agrupacionespsoe.es\/melilla\/#organization\"},\"potentialAction\":[{\"@type\":\"SearchAction\",\"target\":{\"@type\":\"EntryPoint\",\"urlTemplate\":\"https:\/\/agrupacionespsoe.es\/melilla\/?s={search_term_string}\"},\"query-input\":{\"@type\":\"PropertyValueSpecification\",\"valueRequired\":true,\"valueName\":\"search_term_string\"}}],\"inLanguage\":\"es\"},{\"@type\":\"Organization\",\"@id\":\"https:\/\/agrupacionespsoe.es\/melilla\/#organization\",\"name\":\"Agrupaci\u00f3n Socialista de Melilla\",\"url\":\"https:\/\/agrupacionespsoe.es\/melilla\/\",\"logo\":{\"@type\":\"ImageObject\",\"inLanguage\":\"es\",\"@id\":\"https:\/\/agrupacionespsoe.es\/melilla\/#\/schema\/logo\/image\/\",\"url\":\"https:\/\/agrupacionespsoe.es\/wp-content\/uploads\/2022\/07\/Logotipo_electoral_del_PSOE.png\",\"contentUrl\":\"https:\/\/agrupacionespsoe.es\/wp-content\/uploads\/2022\/07\/Logotipo_electoral_del_PSOE.png\",\"width\":422,\"height\":422,\"caption\":\"Agrupaci\u00f3n Socialista de Melilla\"},\"image\":{\"@id\":\"https:\/\/agrupacionespsoe.es\/melilla\/#\/schema\/logo\/image\/\"}},{\"@type\":\"Person\",\"@id\":\"https:\/\/agrupacionespsoe.es\/melilla\/#\/schema\/person\/72bb3075a827d0ed0623682b96c92bd6\",\"name\":\"melilla2\",\"image\":{\"@type\":\"ImageObject\",\"inLanguage\":\"es\",\"@id\":\"https:\/\/agrupacionespsoe.es\/melilla\/#\/schema\/person\/image\/\",\"url\":\"https:\/\/secure.gravatar.com\/avatar\/489a178e794e59f00db13a448aabca16?s=96&d=mm&r=g\",\"contentUrl\":\"https:\/\/secure.gravatar.com\/avatar\/489a178e794e59f00db13a448aabca16?s=96&d=mm&r=g\",\"caption\":\"melilla2\"},\"url\":\"https:\/\/agrupacionespsoe.es\/melilla\/author\/melilla2\/\"}]}<\/script>\n<!-- \/ Yoast SEO plugin. -->","yoast_head_json":{"title":"Rojas pide a Imbroda que aclare sus palabras sobre la Consejera Mohatar - Agrupaci\u00f3n Socialista de Melilla","robots":{"index":"index","follow":"follow","max-snippet":"max-snippet:-1","max-image-preview":"max-image-preview:large","max-video-preview":"max-video-preview:-1"},"canonical":"https:\/\/agrupacionespsoe.es\/melilla\/rojas-pide-a-imbroda-que-aclare-sus-palabras-sobre-la-consejera-mohatar\/","og_locale":"es_ES","og_type":"article","og_title":"Rojas pide a Imbroda que aclare sus palabras sobre la Consejera Mohatar - Agrupaci\u00f3n Socialista de Melilla","og_description":"El Presidente local afirm\u00f3 \u201cella es mujer pero representa al Gobierno\u201d en referencia a la Consejera de Cultura \u201cElla es mujer pero representa al Gobierno\u201d. El Presidente de Melilla, Juan Jos\u00e9 Imbroda, realiz\u00f3 estas palabras en referencia a la Consejera de Cultura de su Ejecutivo, Fadela Mohatar. Unas palabras que la Secretaria General del PSOE ...","og_url":"https:\/\/agrupacionespsoe.es\/melilla\/rojas-pide-a-imbroda-que-aclare-sus-palabras-sobre-la-consejera-mohatar\/","og_site_name":"Agrupaci\u00f3n Socialista de Melilla","article_published_time":"2023-10-06T12:57:59+00:00","og_image":[{"url":"https:\/\/agrupacionespsoe.es\/melilla\/wp-content\/uploads\/sites\/120\/2023\/10\/a843d825-a145-45c7-bb01-3b6b3ee825ed-1024x577.jpeg","type":"","width":"","height":""}],"author":"melilla2","twitter_card":"summary_large_image","twitter_misc":{"Escrito por":"melilla2","Tiempo de lectura":"2 minutos"},"schema":{"@context":"https:\/\/schema.org","@graph":[{"@type":"Article","@id":"https:\/\/agrupacionespsoe.es\/melilla\/rojas-pide-a-imbroda-que-aclare-sus-palabras-sobre-la-consejera-mohatar\/#article","isPartOf":{"@id":"https:\/\/agrupacionespsoe.es\/melilla\/rojas-pide-a-imbroda-que-aclare-sus-palabras-sobre-la-consejera-mohatar\/"},"author":{"name":"melilla2","@id":"https:\/\/agrupacionespsoe.es\/melilla\/#\/schema\/person\/72bb3075a827d0ed0623682b96c92bd6"},"headline":"Rojas pide a Imbroda que aclare sus palabras sobre la Consejera Mohatar","datePublished":"2023-10-06T12:57:59+00:00","dateModified":"2023-10-06T12:57:59+00:00","mainEntityOfPage":{"@id":"https:\/\/agrupacionespsoe.es\/melilla\/rojas-pide-a-imbroda-que-aclare-sus-palabras-sobre-la-consejera-mohatar\/"},"wordCount":315,"commentCount":0,"publisher":{"@id":"https:\/\/agrupacionespsoe.es\/melilla\/#organization"},"image":{"@id":"https:\/\/agrupacionespsoe.es\/melilla\/rojas-pide-a-imbroda-que-aclare-sus-palabras-sobre-la-consejera-mohatar\/#primaryimage"},"thumbnailUrl":"https:\/\/agrupacionespsoe.es\/melilla\/wp-content\/uploads\/sites\/120\/2023\/10\/a843d825-a145-45c7-bb01-3b6b3ee825ed-1024x577.jpeg","inLanguage":"es","potentialAction":[{"@type":"CommentAction","name":"Comment","target":["https:\/\/agrupacionespsoe.es\/melilla\/rojas-pide-a-imbroda-que-aclare-sus-palabras-sobre-la-consejera-mohatar\/#respond"]}]},{"@type":"WebPage","@id":"https:\/\/agrupacionespsoe.es\/melilla\/rojas-pide-a-imbroda-que-aclare-sus-palabras-sobre-la-consejera-mohatar\/","url":"https:\/\/agrupacionespsoe.es\/melilla\/rojas-pide-a-imbroda-que-aclare-sus-palabras-sobre-la-consejera-mohatar\/","name":"Rojas pide a Imbroda que aclare sus palabras sobre la Consejera Mohatar - Agrupaci\u00f3n Socialista de Melilla","isPartOf":{"@id":"https:\/\/agrupacionespsoe.es\/melilla\/#website"},"primaryImageOfPage":{"@id":"https:\/\/agrupacionespsoe.es\/melilla\/rojas-pide-a-imbroda-que-aclare-sus-palabras-sobre-la-consejera-mohatar\/#primaryimage"},"image":{"@id":"https:\/\/agrupacionespsoe.es\/melilla\/rojas-pide-a-imbroda-que-aclare-sus-palabras-sobre-la-consejera-mohatar\/#primaryimage"},"thumbnailUrl":"https:\/\/agrupacionespsoe.es\/melilla\/wp-content\/uploads\/sites\/120\/2023\/10\/a843d825-a145-45c7-bb01-3b6b3ee825ed-1024x577.jpeg","datePublished":"2023-10-06T12:57:59+00:00","dateModified":"2023-10-06T12:57:59+00:00","breadcrumb":{"@id":"https:\/\/agrupacionespsoe.es\/melilla\/rojas-pide-a-imbroda-que-aclare-sus-palabras-sobre-la-consejera-mohatar\/#breadcrumb"},"inLanguage":"es","potentialAction":[{"@type":"ReadAction","target":["https:\/\/agrupacionespsoe.es\/melilla\/rojas-pide-a-imbroda-que-aclare-sus-palabras-sobre-la-consejera-mohatar\/"]}]},{"@type":"ImageObject","inLanguage":"es","@id":"https:\/\/agrupacionespsoe.es\/melilla\/rojas-pide-a-imbroda-que-aclare-sus-palabras-sobre-la-consejera-mohatar\/#primaryimage","url":"https:\/\/agrupacionespsoe.es\/melilla\/wp-content\/uploads\/sites\/120\/2023\/10\/a843d825-a145-45c7-bb01-3b6b3ee825ed-1024x577.jpeg","contentUrl":"https:\/\/agrupacionespsoe.es\/melilla\/wp-content\/uploads\/sites\/120\/2023\/10\/a843d825-a145-45c7-bb01-3b6b3ee825ed-1024x577.jpeg"},{"@type":"BreadcrumbList","@id":"https:\/\/agrupacionespsoe.es\/melilla\/rojas-pide-a-imbroda-que-aclare-sus-palabras-sobre-la-consejera-mohatar\/#breadcrumb","itemListElement":[{"@type":"ListItem","position":1,"name":"Portada","item":"https:\/\/agrupacionespsoe.es\/melilla\/"},{"@type":"ListItem","position":2,"name":"Rojas pide a Imbroda que aclare sus palabras sobre la Consejera Mohatar"}]},{"@type":"WebSite","@id":"https:\/\/agrupacionespsoe.es\/melilla\/#website","url":"https:\/\/agrupacionespsoe.es\/melilla\/","name":"Agrupaci\u00f3n Socialista de Melilla","description":"Agrupaci\u00f3n Socialista de Melilla","publisher":{"@id":"https:\/\/agrupacionespsoe.es\/melilla\/#organization"},"potentialAction":[{"@type":"SearchAction","target":{"@type":"EntryPoint","urlTemplate":"https:\/\/agrupacionespsoe.es\/melilla\/?s={search_term_string}"},"query-input":{"@type":"PropertyValueSpecification","valueRequired":true,"valueName":"search_term_string"}}],"inLanguage":"es"},{"@type":"Organization","@id":"https:\/\/agrupacionespsoe.es\/melilla\/#organization","name":"Agrupaci\u00f3n Socialista de Melilla","url":"https:\/\/agrupacionespsoe.es\/melilla\/","logo":{"@type":"ImageObject","inLanguage":"es","@id":"https:\/\/agrupacionespsoe.es\/melilla\/#\/schema\/logo\/image\/","url":"https:\/\/agrupacionespsoe.es\/wp-content\/uploads\/2022\/07\/Logotipo_electoral_del_PSOE.png","contentUrl":"https:\/\/agrupacionespsoe.es\/wp-content\/uploads\/2022\/07\/Logotipo_electoral_del_PSOE.png","width":422,"height":422,"caption":"Agrupaci\u00f3n Socialista de Melilla"},"image":{"@id":"https:\/\/agrupacionespsoe.es\/melilla\/#\/schema\/logo\/image\/"}},{"@type":"Person","@id":"https:\/\/agrupacionespsoe.es\/melilla\/#\/schema\/person\/72bb3075a827d0ed0623682b96c92bd6","name":"melilla2","image":{"@type":"ImageObject","inLanguage":"es","@id":"https:\/\/agrupacionespsoe.es\/melilla\/#\/schema\/person\/image\/","url":"https:\/\/secure.gravatar.com\/avatar\/489a178e794e59f00db13a448aabca16?s=96&d=mm&r=g","contentUrl":"https:\/\/secure.gravatar.com\/avatar\/489a178e794e59f00db13a448aabca16?s=96&d=mm&r=g","caption":"melilla2"},"url":"https:\/\/agrupacionespsoe.es\/melilla\/author\/melilla2\/"}]}},"jetpack_featured_media_url":"","jetpack_sharing_enabled":true,"_links":{"self":[{"href":"https:\/\/agrupacionespsoe.es\/melilla\/wp-json\/wp\/v2\/posts\/517","targetHints":{"allow":["GET"]}}],"collection":[{"href":"https:\/\/agrupacionespsoe.es\/melilla\/wp-json\/wp\/v2\/posts"}],"about":[{"href":"https:\/\/agrupacionespsoe.es\/melilla\/wp-json\/wp\/v2\/types\/post"}],"author":[{"embeddable":true,"href":"https:\/\/agrupacionespsoe.es\/melilla\/wp-json\/wp\/v2\/users\/187"}],"replies":[{"embeddable":true,"href":"https:\/\/agrupacionespsoe.es\/melilla\/wp-json\/wp\/v2\/comments?post=517"}],"version-history":[{"count":1,"href":"https:\/\/agrupacionespsoe.es\/melilla\/wp-json\/wp\/v2\/posts\/517\/revisions"}],"predecessor-version":[{"id":519,"href":"https:\/\/agrupacionespsoe.es\/melilla\/wp-json\/wp\/v2\/posts\/517\/revisions\/519"}],"wp:attachment":[{"href":"https:\/\/agrupacionespsoe.es\/melilla\/wp-json\/wp\/v2\/media?parent=517"}],"wp:term":[{"taxonomy":"category","embeddable":true,"href":"https:\/\/agrupacionespsoe.es\/melilla\/wp-json\/wp\/v2\/categories?post=517"},{"taxonomy":"post_tag","embeddable":true,"href":"https:\/\/agrupacionespsoe.es\/melilla\/wp-json\/wp\/v2\/tags?post=517"}],"curies":[{"name":"wp","href":"https:\/\/api.w.org\/{rel}","templated":true}]}}