{"id":514,"date":"2023-10-06T12:17:14","date_gmt":"2023-10-06T12:17:14","guid":{"rendered":"https:\/\/agrupacionespsoe.es\/melilla\/?p=514"},"modified":"2023-10-06T12:18:43","modified_gmt":"2023-10-06T12:18:43","slug":"rojas-celebra-la-ampliacion-del-horario-del-aeropuerto-es-bueno-para-melilla-y-su-conectividad","status":"publish","type":"post","link":"https:\/\/agrupacionespsoe.es\/melilla\/rojas-celebra-la-ampliacion-del-horario-del-aeropuerto-es-bueno-para-melilla-y-su-conectividad\/","title":{"rendered":"Rojas celebra la ampliaci\u00f3n del horario del aeropuerto: \u201cEs bueno para Melilla y su conectividad\u201d"},"content":{"rendered":"\n<p><strong>Insta al Consejero Mar\u00edn a sacar ya los bonos tur\u00edsticos: \u201cLlevamos meses sin tenerlos y son necesarios, porque la ciudadan\u00eda los demanda\u201d<\/strong><\/p>\n\n\n\n<figure class=\"wp-block-image size-large\"><img loading=\"lazy\" decoding=\"async\" width=\"1024\" height=\"577\" src=\"https:\/\/agrupacionespsoe.es\/melilla\/wp-content\/uploads\/sites\/120\/2023\/10\/9cdfc635-26c2-47cc-bb8d-0d8ab4246d62-1-1024x577.jpeg\" alt=\"\" class=\"wp-image-515\" srcset=\"https:\/\/agrupacionespsoe.es\/melilla\/wp-content\/uploads\/sites\/120\/2023\/10\/9cdfc635-26c2-47cc-bb8d-0d8ab4246d62-1-1024x577.jpeg 1024w, https:\/\/agrupacionespsoe.es\/melilla\/wp-content\/uploads\/sites\/120\/2023\/10\/9cdfc635-26c2-47cc-bb8d-0d8ab4246d62-1-300x169.jpeg 300w, https:\/\/agrupacionespsoe.es\/melilla\/wp-content\/uploads\/sites\/120\/2023\/10\/9cdfc635-26c2-47cc-bb8d-0d8ab4246d62-1-768x432.jpeg 768w, https:\/\/agrupacionespsoe.es\/melilla\/wp-content\/uploads\/sites\/120\/2023\/10\/9cdfc635-26c2-47cc-bb8d-0d8ab4246d62-1-1536x865.jpeg 1536w, https:\/\/agrupacionespsoe.es\/melilla\/wp-content\/uploads\/sites\/120\/2023\/10\/9cdfc635-26c2-47cc-bb8d-0d8ab4246d62-1.jpeg 1600w\" sizes=\"auto, (max-width: 1024px) 100vw, 1024px\" \/><\/figure>\n\n\n\n<p>La Secretaria General del PSOE y Portavoz del Grupo Socialista en la Asamblea de Melilla, Gloria Rojas, se ha congratulado por el anuncio hecho en el d\u00eda de ayer por la Delegada del Gobierno, Sabrina Moh, sobre la ampliaci\u00f3n del horario del aeropuerto de Melilla.<\/p>\n\n\n\n<p>\u201cEs una muy buena noticia. Siempre hemos tenido claro que era muy positivo tener m\u00e1s horas de apertura de aeropuerto para poder atender a una mayor oferta de las conexiones de las compa\u00f1\u00edas a\u00e9reas\u201d, ha se\u00f1alado.<\/p>\n\n\n\n<p>La l\u00edder de los socialistas locales ha recordado que es una cuesti\u00f3n en la que se lleva trabajando desde hace ya tiempo tanto desde la Delegaci\u00f3n del Gobierno como desde la Consejera de Turismo de la que la propia Rojas fue titular la pasada legislatura. \u201cEs bueno por el inter\u00e9s general de Melilla y por supuesto por la conectividad de nuestra ciudad\u201d, ha subrayado.<\/p>\n\n\n\n<p>Tal y como ha explicado la n\u00famero uno del PSOE local, despu\u00e9s de la pandemia \u201cse han aumentado muchas conexiones\u201d entre otras cuestiones gracias a la difusi\u00f3n que se ha hecho de Melilla y a los bonos tur\u00edsticos ofertados durante el pasado mandato, tras la pandemia, que han supuesto que \u201cmuchos miles de personas que han visitado nuestra ciudad\u201d.<\/p>\n\n\n\n<p>Por ello, \u201cpor esta necesidad que hemos visto de ampliaci\u00f3n del horario del aeropuerto, tanto desde Delegaci\u00f3n del Gobierno como desde la Consejer\u00eda de Turismo que ostentaba, hemos trabajado con el Ministerio de Transporte y con AENA para que se pudiera hacer una realidad\u201d, ha expuesto.<\/p>\n\n\n\n<p>Una cuesti\u00f3n, ha dejado claro \u201cque estaba muy avanzada\u201d, pero que, debido a la Covid-19 \u201cse pararon esas negociaciones por el cierre y, posterior reducci\u00f3n, de conexiones a\u00e9reas\u201d. \u201cSe retom\u00f3 una vez la vida fue poco a poco volviendo a la normalidad y, poco a poco, volviendo las conexiones a\u00e9reas que ten\u00edamos antes\u201d, ha expuesto.<\/p>\n\n\n\n<p>Una vez que esto ha sucedido \u201cya se ha seguido con toda la l\u00ednea de trabajo\u201d, ha agregado y se ha referido a todos los operadores, personas, instituciones, compa\u00f1\u00edas a\u00e9reas\u2026 que se han puesto de acuerdo para que la ampliaci\u00f3n del horario sea una realidad. \u201cEstamos muy contentos de esa noticia que va a ser realidad en breve, con un horario que va a ir desde las 7.15 horas hasta las 22.15 horas\u201d, ha apostillado.<\/p>\n\n\n\n<p>Rojas, que ha apuntado que la noticia es buena no solo para Melilla, sino tambi\u00e9n para el turismo, ha reconocido que est\u00e1 esperando que salgan los nuevos bonos tur\u00edsticos \u201cporque llevamos meses sin tenerlos y son necesarios porque la ciudadan\u00eda los demanda\u201d, m\u00e1xime cuando ya hay muchos ciudadanos que est\u00e1n planeado viajar a nuestra ciudad con motivo de la \u00e9poca de Navidad.<\/p>\n\n\n\n<p>Por ello, ha instado al Consejero de Turismo, Miguel Mar\u00edn, que agilice esta cuesti\u00f3n y saque ya los bonos tur\u00edsticos para nuestra ciudad.<\/p>\n","protected":false},"excerpt":{"rendered":"<p>Insta al Consejero Mar\u00edn a sacar ya los bonos tur\u00edsticos: \u201cLlevamos meses sin tenerlos y son necesarios, porque la ciudadan\u00eda los demanda\u201d La Secretaria General del PSOE y Portavoz del Grupo Socialista en la Asamblea de Melilla, Gloria Rojas, se ha congratulado por el anuncio hecho en el d\u00eda de ayer por la Delegada del &#8230;<\/p>\n","protected":false},"author":187,"featured_media":0,"comment_status":"open","ping_status":"open","sticky":false,"template":"","format":"standard","meta":{"_jetpack_memberships_contains_paid_content":false,"footnotes":""},"categories":[1],"tags":[],"class_list":["post-514","post","type-post","status-publish","format-standard","hentry","category-sin-categoria"],"yoast_head":"<!-- This site is optimized with the Yoast SEO plugin v24.0 - https:\/\/yoast.com\/wordpress\/plugins\/seo\/ -->\n<title>Rojas celebra la ampliaci\u00f3n del horario del aeropuerto: \u201cEs bueno para Melilla y su conectividad\u201d - Agrupaci\u00f3n Socialista de Melilla<\/title>\n<meta name=\"robots\" content=\"index, follow, max-snippet:-1, max-image-preview:large, max-video-preview:-1\" \/>\n<link rel=\"canonical\" href=\"https:\/\/agrupacionespsoe.es\/melilla\/rojas-celebra-la-ampliacion-del-horario-del-aeropuerto-es-bueno-para-melilla-y-su-conectividad\/\" \/>\n<meta property=\"og:locale\" content=\"es_ES\" \/>\n<meta property=\"og:type\" content=\"article\" \/>\n<meta property=\"og:title\" content=\"Rojas celebra la ampliaci\u00f3n del horario del aeropuerto: \u201cEs bueno para Melilla y su conectividad\u201d - Agrupaci\u00f3n Socialista de Melilla\" \/>\n<meta property=\"og:description\" content=\"Insta al Consejero Mar\u00edn a sacar ya los bonos tur\u00edsticos: \u201cLlevamos meses sin tenerlos y son necesarios, porque la ciudadan\u00eda los demanda\u201d La Secretaria General del PSOE y Portavoz del Grupo Socialista en la Asamblea de Melilla, Gloria Rojas, se ha congratulado por el anuncio hecho en el d\u00eda de ayer por la Delegada del ...\" \/>\n<meta property=\"og:url\" content=\"https:\/\/agrupacionespsoe.es\/melilla\/rojas-celebra-la-ampliacion-del-horario-del-aeropuerto-es-bueno-para-melilla-y-su-conectividad\/\" \/>\n<meta property=\"og:site_name\" content=\"Agrupaci\u00f3n Socialista de Melilla\" \/>\n<meta property=\"article:published_time\" content=\"2023-10-06T12:17:14+00:00\" \/>\n<meta property=\"article:modified_time\" content=\"2023-10-06T12:18:43+00:00\" \/>\n<meta property=\"og:image\" content=\"https:\/\/agrupacionespsoe.es\/melilla\/wp-content\/uploads\/sites\/120\/2023\/10\/9cdfc635-26c2-47cc-bb8d-0d8ab4246d62-1-1024x577.jpeg\" \/>\n<meta name=\"author\" content=\"melilla2\" \/>\n<meta name=\"twitter:card\" content=\"summary_large_image\" \/>\n<meta name=\"twitter:label1\" content=\"Escrito por\" \/>\n\t<meta name=\"twitter:data1\" content=\"melilla2\" \/>\n\t<meta name=\"twitter:label2\" content=\"Tiempo de lectura\" \/>\n\t<meta name=\"twitter:data2\" content=\"3 minutos\" \/>\n<script type=\"application\/ld+json\" class=\"yoast-schema-graph\">{\"@context\":\"https:\/\/schema.org\",\"@graph\":[{\"@type\":\"Article\",\"@id\":\"https:\/\/agrupacionespsoe.es\/melilla\/rojas-celebra-la-ampliacion-del-horario-del-aeropuerto-es-bueno-para-melilla-y-su-conectividad\/#article\",\"isPartOf\":{\"@id\":\"https:\/\/agrupacionespsoe.es\/melilla\/rojas-celebra-la-ampliacion-del-horario-del-aeropuerto-es-bueno-para-melilla-y-su-conectividad\/\"},\"author\":{\"name\":\"melilla2\",\"@id\":\"https:\/\/agrupacionespsoe.es\/melilla\/#\/schema\/person\/72bb3075a827d0ed0623682b96c92bd6\"},\"headline\":\"Rojas celebra la ampliaci\u00f3n del horario del aeropuerto: \u201cEs bueno para Melilla y su conectividad\u201d\",\"datePublished\":\"2023-10-06T12:17:14+00:00\",\"dateModified\":\"2023-10-06T12:18:43+00:00\",\"mainEntityOfPage\":{\"@id\":\"https:\/\/agrupacionespsoe.es\/melilla\/rojas-celebra-la-ampliacion-del-horario-del-aeropuerto-es-bueno-para-melilla-y-su-conectividad\/\"},\"wordCount\":538,\"commentCount\":0,\"publisher\":{\"@id\":\"https:\/\/agrupacionespsoe.es\/melilla\/#organization\"},\"image\":{\"@id\":\"https:\/\/agrupacionespsoe.es\/melilla\/rojas-celebra-la-ampliacion-del-horario-del-aeropuerto-es-bueno-para-melilla-y-su-conectividad\/#primaryimage\"},\"thumbnailUrl\":\"https:\/\/agrupacionespsoe.es\/melilla\/wp-content\/uploads\/sites\/120\/2023\/10\/9cdfc635-26c2-47cc-bb8d-0d8ab4246d62-1-1024x577.jpeg\",\"inLanguage\":\"es\",\"potentialAction\":[{\"@type\":\"CommentAction\",\"name\":\"Comment\",\"target\":[\"https:\/\/agrupacionespsoe.es\/melilla\/rojas-celebra-la-ampliacion-del-horario-del-aeropuerto-es-bueno-para-melilla-y-su-conectividad\/#respond\"]}]},{\"@type\":\"WebPage\",\"@id\":\"https:\/\/agrupacionespsoe.es\/melilla\/rojas-celebra-la-ampliacion-del-horario-del-aeropuerto-es-bueno-para-melilla-y-su-conectividad\/\",\"url\":\"https:\/\/agrupacionespsoe.es\/melilla\/rojas-celebra-la-ampliacion-del-horario-del-aeropuerto-es-bueno-para-melilla-y-su-conectividad\/\",\"name\":\"Rojas celebra la ampliaci\u00f3n del horario del aeropuerto: \u201cEs bueno para Melilla y su conectividad\u201d - Agrupaci\u00f3n Socialista de Melilla\",\"isPartOf\":{\"@id\":\"https:\/\/agrupacionespsoe.es\/melilla\/#website\"},\"primaryImageOfPage\":{\"@id\":\"https:\/\/agrupacionespsoe.es\/melilla\/rojas-celebra-la-ampliacion-del-horario-del-aeropuerto-es-bueno-para-melilla-y-su-conectividad\/#primaryimage\"},\"image\":{\"@id\":\"https:\/\/agrupacionespsoe.es\/melilla\/rojas-celebra-la-ampliacion-del-horario-del-aeropuerto-es-bueno-para-melilla-y-su-conectividad\/#primaryimage\"},\"thumbnailUrl\":\"https:\/\/agrupacionespsoe.es\/melilla\/wp-content\/uploads\/sites\/120\/2023\/10\/9cdfc635-26c2-47cc-bb8d-0d8ab4246d62-1-1024x577.jpeg\",\"datePublished\":\"2023-10-06T12:17:14+00:00\",\"dateModified\":\"2023-10-06T12:18:43+00:00\",\"breadcrumb\":{\"@id\":\"https:\/\/agrupacionespsoe.es\/melilla\/rojas-celebra-la-ampliacion-del-horario-del-aeropuerto-es-bueno-para-melilla-y-su-conectividad\/#breadcrumb\"},\"inLanguage\":\"es\",\"potentialAction\":[{\"@type\":\"ReadAction\",\"target\":[\"https:\/\/agrupacionespsoe.es\/melilla\/rojas-celebra-la-ampliacion-del-horario-del-aeropuerto-es-bueno-para-melilla-y-su-conectividad\/\"]}]},{\"@type\":\"ImageObject\",\"inLanguage\":\"es\",\"@id\":\"https:\/\/agrupacionespsoe.es\/melilla\/rojas-celebra-la-ampliacion-del-horario-del-aeropuerto-es-bueno-para-melilla-y-su-conectividad\/#primaryimage\",\"url\":\"https:\/\/agrupacionespsoe.es\/melilla\/wp-content\/uploads\/sites\/120\/2023\/10\/9cdfc635-26c2-47cc-bb8d-0d8ab4246d62-1-1024x577.jpeg\",\"contentUrl\":\"https:\/\/agrupacionespsoe.es\/melilla\/wp-content\/uploads\/sites\/120\/2023\/10\/9cdfc635-26c2-47cc-bb8d-0d8ab4246d62-1-1024x577.jpeg\"},{\"@type\":\"BreadcrumbList\",\"@id\":\"https:\/\/agrupacionespsoe.es\/melilla\/rojas-celebra-la-ampliacion-del-horario-del-aeropuerto-es-bueno-para-melilla-y-su-conectividad\/#breadcrumb\",\"itemListElement\":[{\"@type\":\"ListItem\",\"position\":1,\"name\":\"Portada\",\"item\":\"https:\/\/agrupacionespsoe.es\/melilla\/\"},{\"@type\":\"ListItem\",\"position\":2,\"name\":\"Rojas celebra la ampliaci\u00f3n del horario del aeropuerto: \u201cEs bueno para Melilla y su conectividad\u201d\"}]},{\"@type\":\"WebSite\",\"@id\":\"https:\/\/agrupacionespsoe.es\/melilla\/#website\",\"url\":\"https:\/\/agrupacionespsoe.es\/melilla\/\",\"name\":\"Agrupaci\u00f3n Socialista de Melilla\",\"description\":\"Agrupaci\u00f3n Socialista de Melilla\",\"publisher\":{\"@id\":\"https:\/\/agrupacionespsoe.es\/melilla\/#organization\"},\"potentialAction\":[{\"@type\":\"SearchAction\",\"target\":{\"@type\":\"EntryPoint\",\"urlTemplate\":\"https:\/\/agrupacionespsoe.es\/melilla\/?s={search_term_string}\"},\"query-input\":{\"@type\":\"PropertyValueSpecification\",\"valueRequired\":true,\"valueName\":\"search_term_string\"}}],\"inLanguage\":\"es\"},{\"@type\":\"Organization\",\"@id\":\"https:\/\/agrupacionespsoe.es\/melilla\/#organization\",\"name\":\"Agrupaci\u00f3n Socialista de Melilla\",\"url\":\"https:\/\/agrupacionespsoe.es\/melilla\/\",\"logo\":{\"@type\":\"ImageObject\",\"inLanguage\":\"es\",\"@id\":\"https:\/\/agrupacionespsoe.es\/melilla\/#\/schema\/logo\/image\/\",\"url\":\"https:\/\/agrupacionespsoe.es\/wp-content\/uploads\/2022\/07\/Logotipo_electoral_del_PSOE.png\",\"contentUrl\":\"https:\/\/agrupacionespsoe.es\/wp-content\/uploads\/2022\/07\/Logotipo_electoral_del_PSOE.png\",\"width\":422,\"height\":422,\"caption\":\"Agrupaci\u00f3n Socialista de Melilla\"},\"image\":{\"@id\":\"https:\/\/agrupacionespsoe.es\/melilla\/#\/schema\/logo\/image\/\"}},{\"@type\":\"Person\",\"@id\":\"https:\/\/agrupacionespsoe.es\/melilla\/#\/schema\/person\/72bb3075a827d0ed0623682b96c92bd6\",\"name\":\"melilla2\",\"image\":{\"@type\":\"ImageObject\",\"inLanguage\":\"es\",\"@id\":\"https:\/\/agrupacionespsoe.es\/melilla\/#\/schema\/person\/image\/\",\"url\":\"https:\/\/secure.gravatar.com\/avatar\/489a178e794e59f00db13a448aabca16?s=96&d=mm&r=g\",\"contentUrl\":\"https:\/\/secure.gravatar.com\/avatar\/489a178e794e59f00db13a448aabca16?s=96&d=mm&r=g\",\"caption\":\"melilla2\"},\"url\":\"https:\/\/agrupacionespsoe.es\/melilla\/author\/melilla2\/\"}]}<\/script>\n<!-- \/ Yoast SEO plugin. -->","yoast_head_json":{"title":"Rojas celebra la ampliaci\u00f3n del horario del aeropuerto: \u201cEs bueno para Melilla y su conectividad\u201d - Agrupaci\u00f3n Socialista de Melilla","robots":{"index":"index","follow":"follow","max-snippet":"max-snippet:-1","max-image-preview":"max-image-preview:large","max-video-preview":"max-video-preview:-1"},"canonical":"https:\/\/agrupacionespsoe.es\/melilla\/rojas-celebra-la-ampliacion-del-horario-del-aeropuerto-es-bueno-para-melilla-y-su-conectividad\/","og_locale":"es_ES","og_type":"article","og_title":"Rojas celebra la ampliaci\u00f3n del horario del aeropuerto: \u201cEs bueno para Melilla y su conectividad\u201d - Agrupaci\u00f3n Socialista de Melilla","og_description":"Insta al Consejero Mar\u00edn a sacar ya los bonos tur\u00edsticos: \u201cLlevamos meses sin tenerlos y son necesarios, porque la ciudadan\u00eda los demanda\u201d La Secretaria General del PSOE y Portavoz del Grupo Socialista en la Asamblea de Melilla, Gloria Rojas, se ha congratulado por el anuncio hecho en el d\u00eda de ayer por la Delegada del ...","og_url":"https:\/\/agrupacionespsoe.es\/melilla\/rojas-celebra-la-ampliacion-del-horario-del-aeropuerto-es-bueno-para-melilla-y-su-conectividad\/","og_site_name":"Agrupaci\u00f3n Socialista de Melilla","article_published_time":"2023-10-06T12:17:14+00:00","article_modified_time":"2023-10-06T12:18:43+00:00","og_image":[{"url":"https:\/\/agrupacionespsoe.es\/melilla\/wp-content\/uploads\/sites\/120\/2023\/10\/9cdfc635-26c2-47cc-bb8d-0d8ab4246d62-1-1024x577.jpeg","type":"","width":"","height":""}],"author":"melilla2","twitter_card":"summary_large_image","twitter_misc":{"Escrito por":"melilla2","Tiempo de lectura":"3 minutos"},"schema":{"@context":"https:\/\/schema.org","@graph":[{"@type":"Article","@id":"https:\/\/agrupacionespsoe.es\/melilla\/rojas-celebra-la-ampliacion-del-horario-del-aeropuerto-es-bueno-para-melilla-y-su-conectividad\/#article","isPartOf":{"@id":"https:\/\/agrupacionespsoe.es\/melilla\/rojas-celebra-la-ampliacion-del-horario-del-aeropuerto-es-bueno-para-melilla-y-su-conectividad\/"},"author":{"name":"melilla2","@id":"https:\/\/agrupacionespsoe.es\/melilla\/#\/schema\/person\/72bb3075a827d0ed0623682b96c92bd6"},"headline":"Rojas celebra la ampliaci\u00f3n del horario del aeropuerto: \u201cEs bueno para Melilla y su conectividad\u201d","datePublished":"2023-10-06T12:17:14+00:00","dateModified":"2023-10-06T12:18:43+00:00","mainEntityOfPage":{"@id":"https:\/\/agrupacionespsoe.es\/melilla\/rojas-celebra-la-ampliacion-del-horario-del-aeropuerto-es-bueno-para-melilla-y-su-conectividad\/"},"wordCount":538,"commentCount":0,"publisher":{"@id":"https:\/\/agrupacionespsoe.es\/melilla\/#organization"},"image":{"@id":"https:\/\/agrupacionespsoe.es\/melilla\/rojas-celebra-la-ampliacion-del-horario-del-aeropuerto-es-bueno-para-melilla-y-su-conectividad\/#primaryimage"},"thumbnailUrl":"https:\/\/agrupacionespsoe.es\/melilla\/wp-content\/uploads\/sites\/120\/2023\/10\/9cdfc635-26c2-47cc-bb8d-0d8ab4246d62-1-1024x577.jpeg","inLanguage":"es","potentialAction":[{"@type":"CommentAction","name":"Comment","target":["https:\/\/agrupacionespsoe.es\/melilla\/rojas-celebra-la-ampliacion-del-horario-del-aeropuerto-es-bueno-para-melilla-y-su-conectividad\/#respond"]}]},{"@type":"WebPage","@id":"https:\/\/agrupacionespsoe.es\/melilla\/rojas-celebra-la-ampliacion-del-horario-del-aeropuerto-es-bueno-para-melilla-y-su-conectividad\/","url":"https:\/\/agrupacionespsoe.es\/melilla\/rojas-celebra-la-ampliacion-del-horario-del-aeropuerto-es-bueno-para-melilla-y-su-conectividad\/","name":"Rojas celebra la ampliaci\u00f3n del horario del aeropuerto: \u201cEs bueno para Melilla y su conectividad\u201d - Agrupaci\u00f3n Socialista de Melilla","isPartOf":{"@id":"https:\/\/agrupacionespsoe.es\/melilla\/#website"},"primaryImageOfPage":{"@id":"https:\/\/agrupacionespsoe.es\/melilla\/rojas-celebra-la-ampliacion-del-horario-del-aeropuerto-es-bueno-para-melilla-y-su-conectividad\/#primaryimage"},"image":{"@id":"https:\/\/agrupacionespsoe.es\/melilla\/rojas-celebra-la-ampliacion-del-horario-del-aeropuerto-es-bueno-para-melilla-y-su-conectividad\/#primaryimage"},"thumbnailUrl":"https:\/\/agrupacionespsoe.es\/melilla\/wp-content\/uploads\/sites\/120\/2023\/10\/9cdfc635-26c2-47cc-bb8d-0d8ab4246d62-1-1024x577.jpeg","datePublished":"2023-10-06T12:17:14+00:00","dateModified":"2023-10-06T12:18:43+00:00","breadcrumb":{"@id":"https:\/\/agrupacionespsoe.es\/melilla\/rojas-celebra-la-ampliacion-del-horario-del-aeropuerto-es-bueno-para-melilla-y-su-conectividad\/#breadcrumb"},"inLanguage":"es","potentialAction":[{"@type":"ReadAction","target":["https:\/\/agrupacionespsoe.es\/melilla\/rojas-celebra-la-ampliacion-del-horario-del-aeropuerto-es-bueno-para-melilla-y-su-conectividad\/"]}]},{"@type":"ImageObject","inLanguage":"es","@id":"https:\/\/agrupacionespsoe.es\/melilla\/rojas-celebra-la-ampliacion-del-horario-del-aeropuerto-es-bueno-para-melilla-y-su-conectividad\/#primaryimage","url":"https:\/\/agrupacionespsoe.es\/melilla\/wp-content\/uploads\/sites\/120\/2023\/10\/9cdfc635-26c2-47cc-bb8d-0d8ab4246d62-1-1024x577.jpeg","contentUrl":"https:\/\/agrupacionespsoe.es\/melilla\/wp-content\/uploads\/sites\/120\/2023\/10\/9cdfc635-26c2-47cc-bb8d-0d8ab4246d62-1-1024x577.jpeg"},{"@type":"BreadcrumbList","@id":"https:\/\/agrupacionespsoe.es\/melilla\/rojas-celebra-la-ampliacion-del-horario-del-aeropuerto-es-bueno-para-melilla-y-su-conectividad\/#breadcrumb","itemListElement":[{"@type":"ListItem","position":1,"name":"Portada","item":"https:\/\/agrupacionespsoe.es\/melilla\/"},{"@type":"ListItem","position":2,"name":"Rojas celebra la ampliaci\u00f3n del horario del aeropuerto: \u201cEs bueno para Melilla y su conectividad\u201d"}]},{"@type":"WebSite","@id":"https:\/\/agrupacionespsoe.es\/melilla\/#website","url":"https:\/\/agrupacionespsoe.es\/melilla\/","name":"Agrupaci\u00f3n Socialista de Melilla","description":"Agrupaci\u00f3n Socialista de Melilla","publisher":{"@id":"https:\/\/agrupacionespsoe.es\/melilla\/#organization"},"potentialAction":[{"@type":"SearchAction","target":{"@type":"EntryPoint","urlTemplate":"https:\/\/agrupacionespsoe.es\/melilla\/?s={search_term_string}"},"query-input":{"@type":"PropertyValueSpecification","valueRequired":true,"valueName":"search_term_string"}}],"inLanguage":"es"},{"@type":"Organization","@id":"https:\/\/agrupacionespsoe.es\/melilla\/#organization","name":"Agrupaci\u00f3n Socialista de Melilla","url":"https:\/\/agrupacionespsoe.es\/melilla\/","logo":{"@type":"ImageObject","inLanguage":"es","@id":"https:\/\/agrupacionespsoe.es\/melilla\/#\/schema\/logo\/image\/","url":"https:\/\/agrupacionespsoe.es\/wp-content\/uploads\/2022\/07\/Logotipo_electoral_del_PSOE.png","contentUrl":"https:\/\/agrupacionespsoe.es\/wp-content\/uploads\/2022\/07\/Logotipo_electoral_del_PSOE.png","width":422,"height":422,"caption":"Agrupaci\u00f3n Socialista de Melilla"},"image":{"@id":"https:\/\/agrupacionespsoe.es\/melilla\/#\/schema\/logo\/image\/"}},{"@type":"Person","@id":"https:\/\/agrupacionespsoe.es\/melilla\/#\/schema\/person\/72bb3075a827d0ed0623682b96c92bd6","name":"melilla2","image":{"@type":"ImageObject","inLanguage":"es","@id":"https:\/\/agrupacionespsoe.es\/melilla\/#\/schema\/person\/image\/","url":"https:\/\/secure.gravatar.com\/avatar\/489a178e794e59f00db13a448aabca16?s=96&d=mm&r=g","contentUrl":"https:\/\/secure.gravatar.com\/avatar\/489a178e794e59f00db13a448aabca16?s=96&d=mm&r=g","caption":"melilla2"},"url":"https:\/\/agrupacionespsoe.es\/melilla\/author\/melilla2\/"}]}},"jetpack_featured_media_url":"","jetpack_sharing_enabled":true,"_links":{"self":[{"href":"https:\/\/agrupacionespsoe.es\/melilla\/wp-json\/wp\/v2\/posts\/514","targetHints":{"allow":["GET"]}}],"collection":[{"href":"https:\/\/agrupacionespsoe.es\/melilla\/wp-json\/wp\/v2\/posts"}],"about":[{"href":"https:\/\/agrupacionespsoe.es\/melilla\/wp-json\/wp\/v2\/types\/post"}],"author":[{"embeddable":true,"href":"https:\/\/agrupacionespsoe.es\/melilla\/wp-json\/wp\/v2\/users\/187"}],"replies":[{"embeddable":true,"href":"https:\/\/agrupacionespsoe.es\/melilla\/wp-json\/wp\/v2\/comments?post=514"}],"version-history":[{"count":1,"href":"https:\/\/agrupacionespsoe.es\/melilla\/wp-json\/wp\/v2\/posts\/514\/revisions"}],"predecessor-version":[{"id":516,"href":"https:\/\/agrupacionespsoe.es\/melilla\/wp-json\/wp\/v2\/posts\/514\/revisions\/516"}],"wp:attachment":[{"href":"https:\/\/agrupacionespsoe.es\/melilla\/wp-json\/wp\/v2\/media?parent=514"}],"wp:term":[{"taxonomy":"category","embeddable":true,"href":"https:\/\/agrupacionespsoe.es\/melilla\/wp-json\/wp\/v2\/categories?post=514"},{"taxonomy":"post_tag","embeddable":true,"href":"https:\/\/agrupacionespsoe.es\/melilla\/wp-json\/wp\/v2\/tags?post=514"}],"curies":[{"name":"wp","href":"https:\/\/api.w.org\/{rel}","templated":true}]}}