{"id":511,"date":"2023-10-04T13:59:50","date_gmt":"2023-10-04T13:59:50","guid":{"rendered":"https:\/\/agrupacionespsoe.es\/melilla\/?p=511"},"modified":"2023-10-04T13:59:51","modified_gmt":"2023-10-04T13:59:51","slug":"rojas-subraya-que-el-psoe-siempre-ha-apostado-por-lineas-de-autobus-para-el-puerto-y-aeropuerto","status":"publish","type":"post","link":"https:\/\/agrupacionespsoe.es\/melilla\/rojas-subraya-que-el-psoe-siempre-ha-apostado-por-lineas-de-autobus-para-el-puerto-y-aeropuerto\/","title":{"rendered":"Rojas subraya que el PSOE siempre ha apostado por l\u00edneas de autob\u00fas para el puerto y aeropuerto"},"content":{"rendered":"\n<p><strong>\u201cVamos a seguir trabajando por un servicio de transporte p\u00fablico de calidad y una ciudadan\u00eda que apueste por la movilidad sostenible\u201d, se\u00f1ala<\/strong><\/p>\n\n\n\n<figure class=\"wp-block-image size-large\"><img loading=\"lazy\" decoding=\"async\" width=\"1024\" height=\"682\" src=\"https:\/\/agrupacionespsoe.es\/melilla\/wp-content\/uploads\/sites\/120\/2023\/10\/7408bb9c-89f8-403e-96b8-28119abffd88-1024x682.jpeg\" alt=\"\" class=\"wp-image-512\" srcset=\"https:\/\/agrupacionespsoe.es\/melilla\/wp-content\/uploads\/sites\/120\/2023\/10\/7408bb9c-89f8-403e-96b8-28119abffd88-1024x682.jpeg 1024w, https:\/\/agrupacionespsoe.es\/melilla\/wp-content\/uploads\/sites\/120\/2023\/10\/7408bb9c-89f8-403e-96b8-28119abffd88-300x200.jpeg 300w, https:\/\/agrupacionespsoe.es\/melilla\/wp-content\/uploads\/sites\/120\/2023\/10\/7408bb9c-89f8-403e-96b8-28119abffd88-768x512.jpeg 768w, https:\/\/agrupacionespsoe.es\/melilla\/wp-content\/uploads\/sites\/120\/2023\/10\/7408bb9c-89f8-403e-96b8-28119abffd88.jpeg 1081w\" sizes=\"auto, (max-width: 1024px) 100vw, 1024px\" \/><\/figure>\n\n\n\n<p>La Secretaria General del PSOE y Portavoz del Grupo Socialista en la Asamblea de Melilla, Gloria Rojas, ha recordado que su formaci\u00f3n siempre ha defendido la implementaci\u00f3n de l\u00edneas de autob\u00fas para el puerto y el aeropuerto.<\/p>\n\n\n\n<p>De hecho, la l\u00edder del PSOE local ha apuntado que no solo es una medida que se contemplaba en el Programa Electoral de su formaci\u00f3n para las pasadas elecciones del 28 de Mayo, sino que, incluso, durante la legislatura anterior, en abril del 2022 los socialistas registraron en la Secretaria T\u00e9cnica&nbsp; de Medio Ambiente una bater\u00eda de propuestas encaminadas a favorecer la movilidad sostenible y para la mejora de la calidad del servicio de transporte en autob\u00fas,&nbsp; que contemplaba la l\u00ednea al puerto y aeropuerto, una propuesta que fue rechazada por CpM.<\/p>\n\n\n\n<p>\u201cLos socialistas somos los \u00fanicos quer\u00edamos que esta l\u00ednea de autobuses llegara al aeropuerto. El PP no lo contemplaba en su programa electoral y, en el Foro de la Movilidad, siempre tuvo posiciones ambiguas sobre este tema, m\u00e1s preocupado por sus r\u00e9ditos electorales que en la prestaci\u00f3n de un servicio p\u00fablico a la ciudadan\u00eda de Melilla\u201d, han se\u00f1alado.<\/p>\n\n\n\n<p>En palabras de su m\u00e1xima dirigente, desde el PSOE no creen que haga falta contratar un servicio externo para saber si el servicio de autobuses al aeropuerto es rentable o no, m\u00e1xime cuando la Ciudad cuenta con un Jefe de Movilidad en la plantilla de la Consejer\u00eda de Medio Ambiente y Naturaleza, que puede realizar tanto una recogida de datos como un informe de viabilidad del servicio.<\/p>\n\n\n\n<p>En cualquier caso, m\u00e1s all\u00e1 de este tipo de actuaciones para conocer el uso que tendr\u00eda esta l\u00ednea, los socialistas consideran que una de las l\u00edneas ya existentes podr\u00eda desarrollar esta recorrido con parada en el aeropuerto, que eliminando los tiempos de espera en la parada, la l\u00ednea C1 pasar\u00eda por la parada del aeropuerto cada 21 minutos.<\/p>\n\n\n\n<p>\u201cLos socialistas vamos a seguir trabajando para que nuestra ciudad cuente con un servicio de transporte p\u00fablico de calidad y que, cada vez, sean m\u00e1s los ciudadanos que apuesten por la movilidad sostenible\u201d, han se\u00f1alado Rojas. Con ello \u201ccontribuimos a que Melilla sea una ciudad con menos contaminaci\u00f3n, m\u00e1s amable y segura\u201d, ha apostillado.<\/p>\n\n\n\n<p><strong>Promoci\u00f3n del uso del bus<\/strong><\/p>\n\n\n\n<p>Llegados a este punto, ha avanzado que, desde el Grupo Parlamentario, volver\u00e1n a presentar iniciativas de mejora del servicio de autobuses para que se tengan en cuenta para el contrato de este servicio.<\/p>\n\n\n\n<p>Propuestas que incluyen medidas como campa\u00f1as publicitar\u00edas de promoci\u00f3n del uso de autobuses urbanos, promoci\u00f3n de la tarjeta monedero de transporte de autobuses, nuevos recorridos que cubran la ciudad completa, creaci\u00f3n de una gu\u00eda de lectura f\u00e1cil, modernizaci\u00f3n de las flotas de autobuses, paradas t\u00e9cnicas del veh\u00edculo de no m\u00e1s de 5 minutos en espera, bonificaci\u00f3n y\/o precios reducidos o simb\u00f3licos para trabajadores sujetos por sus empresas a Planes de Transporte al Trabajo, gratuidad en el transporte en autobuses para el alumnado de 6 a 16 a\u00f1os en horario de entrada salida al centro escolar\u2026<\/p>\n\n\n\n<p>La n\u00famero uno de los socialistas ha se\u00f1alado que no pueden pasar por alto que \u201cno se est\u00e1n cumpliendo la legislaci\u00f3n vigente\u201d, en referencia el Real Decreto 1544\/2007, de 23 de noviembre, que regula las condiciones b\u00e1sicas de accesibilidad y no discriminaci\u00f3n para el acceso y utilizaci\u00f3n de los de transporte para personas con discapacidad.<\/p>\n\n\n\n<p>\u201cLos socialistas cuando hemos tenido responsabilidades de Gobierno, dentro de nuestras competencias, hemos desarrollado medidas como la mejorara del servicio de transporte en autob\u00fas o el abaratamiento de hasta el 50% del bono multiviaje, gracias a la partida de 632.741del Ejecutivo de Pedro S\u00e1nchez, o la prueba durante dos meses de la puesta en marcha del servicio gratuito del transporte urbano, gracias a la cual cientos de alumnos universitarios de la UGR y de la UNED pudieron hacer uso de la COA presentando su carnet universitario\u201d, ha recordado.<\/p>\n\n\n\n<p>\u201cLa apuesta decidida del Partido Socialista para una movilidad sostenible est\u00e1 fuera de toda duda\u201d, ha apuntado Gloria Rojas, al tiempo que ha asegurado que \u201cseguimos trabajando para que Melilla avance en materia de transporte urbano\u201d y ha reiterado su propuesta para que haya una l\u00ednea de autob\u00fas para el puerto y el aeropuerto.<\/p>\n","protected":false},"excerpt":{"rendered":"<p>\u201cVamos a seguir trabajando por un servicio de transporte p\u00fablico de calidad y una ciudadan\u00eda que apueste por la movilidad sostenible\u201d, se\u00f1ala La Secretaria General del PSOE y Portavoz del Grupo Socialista en la Asamblea de Melilla, Gloria Rojas, ha recordado que su formaci\u00f3n siempre ha defendido la implementaci\u00f3n de l\u00edneas de autob\u00fas para el &#8230;<\/p>\n","protected":false},"author":187,"featured_media":0,"comment_status":"open","ping_status":"open","sticky":false,"template":"","format":"standard","meta":{"_jetpack_memberships_contains_paid_content":false,"footnotes":""},"categories":[1],"tags":[],"class_list":["post-511","post","type-post","status-publish","format-standard","hentry","category-sin-categoria"],"yoast_head":"<!-- This site is optimized with the Yoast SEO plugin v24.0 - https:\/\/yoast.com\/wordpress\/plugins\/seo\/ -->\n<title>Rojas subraya que el PSOE siempre ha apostado por l\u00edneas de autob\u00fas para el puerto y aeropuerto - Agrupaci\u00f3n Socialista de Melilla<\/title>\n<meta name=\"robots\" content=\"index, follow, max-snippet:-1, max-image-preview:large, max-video-preview:-1\" \/>\n<link rel=\"canonical\" href=\"https:\/\/agrupacionespsoe.es\/melilla\/rojas-subraya-que-el-psoe-siempre-ha-apostado-por-lineas-de-autobus-para-el-puerto-y-aeropuerto\/\" \/>\n<meta property=\"og:locale\" content=\"es_ES\" \/>\n<meta property=\"og:type\" content=\"article\" \/>\n<meta property=\"og:title\" content=\"Rojas subraya que el PSOE siempre ha apostado por l\u00edneas de autob\u00fas para el puerto y aeropuerto - Agrupaci\u00f3n Socialista de Melilla\" \/>\n<meta property=\"og:description\" content=\"\u201cVamos a seguir trabajando por un servicio de transporte p\u00fablico de calidad y una ciudadan\u00eda que apueste por la movilidad sostenible\u201d, se\u00f1ala La Secretaria General del PSOE y Portavoz del Grupo Socialista en la Asamblea de Melilla, Gloria Rojas, ha recordado que su formaci\u00f3n siempre ha defendido la implementaci\u00f3n de l\u00edneas de autob\u00fas para el ...\" \/>\n<meta property=\"og:url\" content=\"https:\/\/agrupacionespsoe.es\/melilla\/rojas-subraya-que-el-psoe-siempre-ha-apostado-por-lineas-de-autobus-para-el-puerto-y-aeropuerto\/\" \/>\n<meta property=\"og:site_name\" content=\"Agrupaci\u00f3n Socialista de Melilla\" \/>\n<meta property=\"article:published_time\" content=\"2023-10-04T13:59:50+00:00\" \/>\n<meta property=\"article:modified_time\" content=\"2023-10-04T13:59:51+00:00\" \/>\n<meta property=\"og:image\" content=\"https:\/\/agrupacionespsoe.es\/melilla\/wp-content\/uploads\/sites\/120\/2023\/10\/7408bb9c-89f8-403e-96b8-28119abffd88-1024x682.jpeg\" \/>\n<meta name=\"author\" content=\"melilla2\" \/>\n<meta name=\"twitter:card\" content=\"summary_large_image\" \/>\n<meta name=\"twitter:label1\" content=\"Escrito por\" \/>\n\t<meta name=\"twitter:data1\" content=\"melilla2\" \/>\n\t<meta name=\"twitter:label2\" content=\"Tiempo de lectura\" \/>\n\t<meta name=\"twitter:data2\" content=\"4 minutos\" \/>\n<script type=\"application\/ld+json\" class=\"yoast-schema-graph\">{\"@context\":\"https:\/\/schema.org\",\"@graph\":[{\"@type\":\"Article\",\"@id\":\"https:\/\/agrupacionespsoe.es\/melilla\/rojas-subraya-que-el-psoe-siempre-ha-apostado-por-lineas-de-autobus-para-el-puerto-y-aeropuerto\/#article\",\"isPartOf\":{\"@id\":\"https:\/\/agrupacionespsoe.es\/melilla\/rojas-subraya-que-el-psoe-siempre-ha-apostado-por-lineas-de-autobus-para-el-puerto-y-aeropuerto\/\"},\"author\":{\"name\":\"melilla2\",\"@id\":\"https:\/\/agrupacionespsoe.es\/melilla\/#\/schema\/person\/72bb3075a827d0ed0623682b96c92bd6\"},\"headline\":\"Rojas subraya que el PSOE siempre ha apostado por l\u00edneas de autob\u00fas para el puerto y aeropuerto\",\"datePublished\":\"2023-10-04T13:59:50+00:00\",\"dateModified\":\"2023-10-04T13:59:51+00:00\",\"mainEntityOfPage\":{\"@id\":\"https:\/\/agrupacionespsoe.es\/melilla\/rojas-subraya-que-el-psoe-siempre-ha-apostado-por-lineas-de-autobus-para-el-puerto-y-aeropuerto\/\"},\"wordCount\":794,\"commentCount\":0,\"publisher\":{\"@id\":\"https:\/\/agrupacionespsoe.es\/melilla\/#organization\"},\"image\":{\"@id\":\"https:\/\/agrupacionespsoe.es\/melilla\/rojas-subraya-que-el-psoe-siempre-ha-apostado-por-lineas-de-autobus-para-el-puerto-y-aeropuerto\/#primaryimage\"},\"thumbnailUrl\":\"https:\/\/agrupacionespsoe.es\/melilla\/wp-content\/uploads\/sites\/120\/2023\/10\/7408bb9c-89f8-403e-96b8-28119abffd88-1024x682.jpeg\",\"inLanguage\":\"es\",\"potentialAction\":[{\"@type\":\"CommentAction\",\"name\":\"Comment\",\"target\":[\"https:\/\/agrupacionespsoe.es\/melilla\/rojas-subraya-que-el-psoe-siempre-ha-apostado-por-lineas-de-autobus-para-el-puerto-y-aeropuerto\/#respond\"]}]},{\"@type\":\"WebPage\",\"@id\":\"https:\/\/agrupacionespsoe.es\/melilla\/rojas-subraya-que-el-psoe-siempre-ha-apostado-por-lineas-de-autobus-para-el-puerto-y-aeropuerto\/\",\"url\":\"https:\/\/agrupacionespsoe.es\/melilla\/rojas-subraya-que-el-psoe-siempre-ha-apostado-por-lineas-de-autobus-para-el-puerto-y-aeropuerto\/\",\"name\":\"Rojas subraya que el PSOE siempre ha apostado por l\u00edneas de autob\u00fas para el puerto y aeropuerto - Agrupaci\u00f3n Socialista de Melilla\",\"isPartOf\":{\"@id\":\"https:\/\/agrupacionespsoe.es\/melilla\/#website\"},\"primaryImageOfPage\":{\"@id\":\"https:\/\/agrupacionespsoe.es\/melilla\/rojas-subraya-que-el-psoe-siempre-ha-apostado-por-lineas-de-autobus-para-el-puerto-y-aeropuerto\/#primaryimage\"},\"image\":{\"@id\":\"https:\/\/agrupacionespsoe.es\/melilla\/rojas-subraya-que-el-psoe-siempre-ha-apostado-por-lineas-de-autobus-para-el-puerto-y-aeropuerto\/#primaryimage\"},\"thumbnailUrl\":\"https:\/\/agrupacionespsoe.es\/melilla\/wp-content\/uploads\/sites\/120\/2023\/10\/7408bb9c-89f8-403e-96b8-28119abffd88-1024x682.jpeg\",\"datePublished\":\"2023-10-04T13:59:50+00:00\",\"dateModified\":\"2023-10-04T13:59:51+00:00\",\"breadcrumb\":{\"@id\":\"https:\/\/agrupacionespsoe.es\/melilla\/rojas-subraya-que-el-psoe-siempre-ha-apostado-por-lineas-de-autobus-para-el-puerto-y-aeropuerto\/#breadcrumb\"},\"inLanguage\":\"es\",\"potentialAction\":[{\"@type\":\"ReadAction\",\"target\":[\"https:\/\/agrupacionespsoe.es\/melilla\/rojas-subraya-que-el-psoe-siempre-ha-apostado-por-lineas-de-autobus-para-el-puerto-y-aeropuerto\/\"]}]},{\"@type\":\"ImageObject\",\"inLanguage\":\"es\",\"@id\":\"https:\/\/agrupacionespsoe.es\/melilla\/rojas-subraya-que-el-psoe-siempre-ha-apostado-por-lineas-de-autobus-para-el-puerto-y-aeropuerto\/#primaryimage\",\"url\":\"https:\/\/agrupacionespsoe.es\/melilla\/wp-content\/uploads\/sites\/120\/2023\/10\/7408bb9c-89f8-403e-96b8-28119abffd88-1024x682.jpeg\",\"contentUrl\":\"https:\/\/agrupacionespsoe.es\/melilla\/wp-content\/uploads\/sites\/120\/2023\/10\/7408bb9c-89f8-403e-96b8-28119abffd88-1024x682.jpeg\"},{\"@type\":\"BreadcrumbList\",\"@id\":\"https:\/\/agrupacionespsoe.es\/melilla\/rojas-subraya-que-el-psoe-siempre-ha-apostado-por-lineas-de-autobus-para-el-puerto-y-aeropuerto\/#breadcrumb\",\"itemListElement\":[{\"@type\":\"ListItem\",\"position\":1,\"name\":\"Portada\",\"item\":\"https:\/\/agrupacionespsoe.es\/melilla\/\"},{\"@type\":\"ListItem\",\"position\":2,\"name\":\"Rojas subraya que el PSOE siempre ha apostado por l\u00edneas de autob\u00fas para el puerto y aeropuerto\"}]},{\"@type\":\"WebSite\",\"@id\":\"https:\/\/agrupacionespsoe.es\/melilla\/#website\",\"url\":\"https:\/\/agrupacionespsoe.es\/melilla\/\",\"name\":\"Agrupaci\u00f3n Socialista de Melilla\",\"description\":\"Agrupaci\u00f3n Socialista de Melilla\",\"publisher\":{\"@id\":\"https:\/\/agrupacionespsoe.es\/melilla\/#organization\"},\"potentialAction\":[{\"@type\":\"SearchAction\",\"target\":{\"@type\":\"EntryPoint\",\"urlTemplate\":\"https:\/\/agrupacionespsoe.es\/melilla\/?s={search_term_string}\"},\"query-input\":{\"@type\":\"PropertyValueSpecification\",\"valueRequired\":true,\"valueName\":\"search_term_string\"}}],\"inLanguage\":\"es\"},{\"@type\":\"Organization\",\"@id\":\"https:\/\/agrupacionespsoe.es\/melilla\/#organization\",\"name\":\"Agrupaci\u00f3n Socialista de Melilla\",\"url\":\"https:\/\/agrupacionespsoe.es\/melilla\/\",\"logo\":{\"@type\":\"ImageObject\",\"inLanguage\":\"es\",\"@id\":\"https:\/\/agrupacionespsoe.es\/melilla\/#\/schema\/logo\/image\/\",\"url\":\"https:\/\/agrupacionespsoe.es\/wp-content\/uploads\/2022\/07\/Logotipo_electoral_del_PSOE.png\",\"contentUrl\":\"https:\/\/agrupacionespsoe.es\/wp-content\/uploads\/2022\/07\/Logotipo_electoral_del_PSOE.png\",\"width\":422,\"height\":422,\"caption\":\"Agrupaci\u00f3n Socialista de Melilla\"},\"image\":{\"@id\":\"https:\/\/agrupacionespsoe.es\/melilla\/#\/schema\/logo\/image\/\"}},{\"@type\":\"Person\",\"@id\":\"https:\/\/agrupacionespsoe.es\/melilla\/#\/schema\/person\/72bb3075a827d0ed0623682b96c92bd6\",\"name\":\"melilla2\",\"image\":{\"@type\":\"ImageObject\",\"inLanguage\":\"es\",\"@id\":\"https:\/\/agrupacionespsoe.es\/melilla\/#\/schema\/person\/image\/\",\"url\":\"https:\/\/secure.gravatar.com\/avatar\/489a178e794e59f00db13a448aabca16?s=96&d=mm&r=g\",\"contentUrl\":\"https:\/\/secure.gravatar.com\/avatar\/489a178e794e59f00db13a448aabca16?s=96&d=mm&r=g\",\"caption\":\"melilla2\"},\"url\":\"https:\/\/agrupacionespsoe.es\/melilla\/author\/melilla2\/\"}]}<\/script>\n<!-- \/ Yoast SEO plugin. -->","yoast_head_json":{"title":"Rojas subraya que el PSOE siempre ha apostado por l\u00edneas de autob\u00fas para el puerto y aeropuerto - Agrupaci\u00f3n Socialista de Melilla","robots":{"index":"index","follow":"follow","max-snippet":"max-snippet:-1","max-image-preview":"max-image-preview:large","max-video-preview":"max-video-preview:-1"},"canonical":"https:\/\/agrupacionespsoe.es\/melilla\/rojas-subraya-que-el-psoe-siempre-ha-apostado-por-lineas-de-autobus-para-el-puerto-y-aeropuerto\/","og_locale":"es_ES","og_type":"article","og_title":"Rojas subraya que el PSOE siempre ha apostado por l\u00edneas de autob\u00fas para el puerto y aeropuerto - Agrupaci\u00f3n Socialista de Melilla","og_description":"\u201cVamos a seguir trabajando por un servicio de transporte p\u00fablico de calidad y una ciudadan\u00eda que apueste por la movilidad sostenible\u201d, se\u00f1ala La Secretaria General del PSOE y Portavoz del Grupo Socialista en la Asamblea de Melilla, Gloria Rojas, ha recordado que su formaci\u00f3n siempre ha defendido la implementaci\u00f3n de l\u00edneas de autob\u00fas para el ...","og_url":"https:\/\/agrupacionespsoe.es\/melilla\/rojas-subraya-que-el-psoe-siempre-ha-apostado-por-lineas-de-autobus-para-el-puerto-y-aeropuerto\/","og_site_name":"Agrupaci\u00f3n Socialista de Melilla","article_published_time":"2023-10-04T13:59:50+00:00","article_modified_time":"2023-10-04T13:59:51+00:00","og_image":[{"url":"https:\/\/agrupacionespsoe.es\/melilla\/wp-content\/uploads\/sites\/120\/2023\/10\/7408bb9c-89f8-403e-96b8-28119abffd88-1024x682.jpeg","type":"","width":"","height":""}],"author":"melilla2","twitter_card":"summary_large_image","twitter_misc":{"Escrito por":"melilla2","Tiempo de lectura":"4 minutos"},"schema":{"@context":"https:\/\/schema.org","@graph":[{"@type":"Article","@id":"https:\/\/agrupacionespsoe.es\/melilla\/rojas-subraya-que-el-psoe-siempre-ha-apostado-por-lineas-de-autobus-para-el-puerto-y-aeropuerto\/#article","isPartOf":{"@id":"https:\/\/agrupacionespsoe.es\/melilla\/rojas-subraya-que-el-psoe-siempre-ha-apostado-por-lineas-de-autobus-para-el-puerto-y-aeropuerto\/"},"author":{"name":"melilla2","@id":"https:\/\/agrupacionespsoe.es\/melilla\/#\/schema\/person\/72bb3075a827d0ed0623682b96c92bd6"},"headline":"Rojas subraya que el PSOE siempre ha apostado por l\u00edneas de autob\u00fas para el puerto y aeropuerto","datePublished":"2023-10-04T13:59:50+00:00","dateModified":"2023-10-04T13:59:51+00:00","mainEntityOfPage":{"@id":"https:\/\/agrupacionespsoe.es\/melilla\/rojas-subraya-que-el-psoe-siempre-ha-apostado-por-lineas-de-autobus-para-el-puerto-y-aeropuerto\/"},"wordCount":794,"commentCount":0,"publisher":{"@id":"https:\/\/agrupacionespsoe.es\/melilla\/#organization"},"image":{"@id":"https:\/\/agrupacionespsoe.es\/melilla\/rojas-subraya-que-el-psoe-siempre-ha-apostado-por-lineas-de-autobus-para-el-puerto-y-aeropuerto\/#primaryimage"},"thumbnailUrl":"https:\/\/agrupacionespsoe.es\/melilla\/wp-content\/uploads\/sites\/120\/2023\/10\/7408bb9c-89f8-403e-96b8-28119abffd88-1024x682.jpeg","inLanguage":"es","potentialAction":[{"@type":"CommentAction","name":"Comment","target":["https:\/\/agrupacionespsoe.es\/melilla\/rojas-subraya-que-el-psoe-siempre-ha-apostado-por-lineas-de-autobus-para-el-puerto-y-aeropuerto\/#respond"]}]},{"@type":"WebPage","@id":"https:\/\/agrupacionespsoe.es\/melilla\/rojas-subraya-que-el-psoe-siempre-ha-apostado-por-lineas-de-autobus-para-el-puerto-y-aeropuerto\/","url":"https:\/\/agrupacionespsoe.es\/melilla\/rojas-subraya-que-el-psoe-siempre-ha-apostado-por-lineas-de-autobus-para-el-puerto-y-aeropuerto\/","name":"Rojas subraya que el PSOE siempre ha apostado por l\u00edneas de autob\u00fas para el puerto y aeropuerto - Agrupaci\u00f3n Socialista de Melilla","isPartOf":{"@id":"https:\/\/agrupacionespsoe.es\/melilla\/#website"},"primaryImageOfPage":{"@id":"https:\/\/agrupacionespsoe.es\/melilla\/rojas-subraya-que-el-psoe-siempre-ha-apostado-por-lineas-de-autobus-para-el-puerto-y-aeropuerto\/#primaryimage"},"image":{"@id":"https:\/\/agrupacionespsoe.es\/melilla\/rojas-subraya-que-el-psoe-siempre-ha-apostado-por-lineas-de-autobus-para-el-puerto-y-aeropuerto\/#primaryimage"},"thumbnailUrl":"https:\/\/agrupacionespsoe.es\/melilla\/wp-content\/uploads\/sites\/120\/2023\/10\/7408bb9c-89f8-403e-96b8-28119abffd88-1024x682.jpeg","datePublished":"2023-10-04T13:59:50+00:00","dateModified":"2023-10-04T13:59:51+00:00","breadcrumb":{"@id":"https:\/\/agrupacionespsoe.es\/melilla\/rojas-subraya-que-el-psoe-siempre-ha-apostado-por-lineas-de-autobus-para-el-puerto-y-aeropuerto\/#breadcrumb"},"inLanguage":"es","potentialAction":[{"@type":"ReadAction","target":["https:\/\/agrupacionespsoe.es\/melilla\/rojas-subraya-que-el-psoe-siempre-ha-apostado-por-lineas-de-autobus-para-el-puerto-y-aeropuerto\/"]}]},{"@type":"ImageObject","inLanguage":"es","@id":"https:\/\/agrupacionespsoe.es\/melilla\/rojas-subraya-que-el-psoe-siempre-ha-apostado-por-lineas-de-autobus-para-el-puerto-y-aeropuerto\/#primaryimage","url":"https:\/\/agrupacionespsoe.es\/melilla\/wp-content\/uploads\/sites\/120\/2023\/10\/7408bb9c-89f8-403e-96b8-28119abffd88-1024x682.jpeg","contentUrl":"https:\/\/agrupacionespsoe.es\/melilla\/wp-content\/uploads\/sites\/120\/2023\/10\/7408bb9c-89f8-403e-96b8-28119abffd88-1024x682.jpeg"},{"@type":"BreadcrumbList","@id":"https:\/\/agrupacionespsoe.es\/melilla\/rojas-subraya-que-el-psoe-siempre-ha-apostado-por-lineas-de-autobus-para-el-puerto-y-aeropuerto\/#breadcrumb","itemListElement":[{"@type":"ListItem","position":1,"name":"Portada","item":"https:\/\/agrupacionespsoe.es\/melilla\/"},{"@type":"ListItem","position":2,"name":"Rojas subraya que el PSOE siempre ha apostado por l\u00edneas de autob\u00fas para el puerto y aeropuerto"}]},{"@type":"WebSite","@id":"https:\/\/agrupacionespsoe.es\/melilla\/#website","url":"https:\/\/agrupacionespsoe.es\/melilla\/","name":"Agrupaci\u00f3n Socialista de Melilla","description":"Agrupaci\u00f3n Socialista de Melilla","publisher":{"@id":"https:\/\/agrupacionespsoe.es\/melilla\/#organization"},"potentialAction":[{"@type":"SearchAction","target":{"@type":"EntryPoint","urlTemplate":"https:\/\/agrupacionespsoe.es\/melilla\/?s={search_term_string}"},"query-input":{"@type":"PropertyValueSpecification","valueRequired":true,"valueName":"search_term_string"}}],"inLanguage":"es"},{"@type":"Organization","@id":"https:\/\/agrupacionespsoe.es\/melilla\/#organization","name":"Agrupaci\u00f3n Socialista de Melilla","url":"https:\/\/agrupacionespsoe.es\/melilla\/","logo":{"@type":"ImageObject","inLanguage":"es","@id":"https:\/\/agrupacionespsoe.es\/melilla\/#\/schema\/logo\/image\/","url":"https:\/\/agrupacionespsoe.es\/wp-content\/uploads\/2022\/07\/Logotipo_electoral_del_PSOE.png","contentUrl":"https:\/\/agrupacionespsoe.es\/wp-content\/uploads\/2022\/07\/Logotipo_electoral_del_PSOE.png","width":422,"height":422,"caption":"Agrupaci\u00f3n Socialista de Melilla"},"image":{"@id":"https:\/\/agrupacionespsoe.es\/melilla\/#\/schema\/logo\/image\/"}},{"@type":"Person","@id":"https:\/\/agrupacionespsoe.es\/melilla\/#\/schema\/person\/72bb3075a827d0ed0623682b96c92bd6","name":"melilla2","image":{"@type":"ImageObject","inLanguage":"es","@id":"https:\/\/agrupacionespsoe.es\/melilla\/#\/schema\/person\/image\/","url":"https:\/\/secure.gravatar.com\/avatar\/489a178e794e59f00db13a448aabca16?s=96&d=mm&r=g","contentUrl":"https:\/\/secure.gravatar.com\/avatar\/489a178e794e59f00db13a448aabca16?s=96&d=mm&r=g","caption":"melilla2"},"url":"https:\/\/agrupacionespsoe.es\/melilla\/author\/melilla2\/"}]}},"jetpack_featured_media_url":"","jetpack_sharing_enabled":true,"_links":{"self":[{"href":"https:\/\/agrupacionespsoe.es\/melilla\/wp-json\/wp\/v2\/posts\/511","targetHints":{"allow":["GET"]}}],"collection":[{"href":"https:\/\/agrupacionespsoe.es\/melilla\/wp-json\/wp\/v2\/posts"}],"about":[{"href":"https:\/\/agrupacionespsoe.es\/melilla\/wp-json\/wp\/v2\/types\/post"}],"author":[{"embeddable":true,"href":"https:\/\/agrupacionespsoe.es\/melilla\/wp-json\/wp\/v2\/users\/187"}],"replies":[{"embeddable":true,"href":"https:\/\/agrupacionespsoe.es\/melilla\/wp-json\/wp\/v2\/comments?post=511"}],"version-history":[{"count":1,"href":"https:\/\/agrupacionespsoe.es\/melilla\/wp-json\/wp\/v2\/posts\/511\/revisions"}],"predecessor-version":[{"id":513,"href":"https:\/\/agrupacionespsoe.es\/melilla\/wp-json\/wp\/v2\/posts\/511\/revisions\/513"}],"wp:attachment":[{"href":"https:\/\/agrupacionespsoe.es\/melilla\/wp-json\/wp\/v2\/media?parent=511"}],"wp:term":[{"taxonomy":"category","embeddable":true,"href":"https:\/\/agrupacionespsoe.es\/melilla\/wp-json\/wp\/v2\/categories?post=511"},{"taxonomy":"post_tag","embeddable":true,"href":"https:\/\/agrupacionespsoe.es\/melilla\/wp-json\/wp\/v2\/tags?post=511"}],"curies":[{"name":"wp","href":"https:\/\/api.w.org\/{rel}","templated":true}]}}