{"id":507,"date":"2023-10-02T10:49:00","date_gmt":"2023-10-02T10:49:00","guid":{"rendered":"https:\/\/agrupacionespsoe.es\/melilla\/?p=507"},"modified":"2023-10-02T10:49:01","modified_gmt":"2023-10-02T10:49:01","slug":"el-psoe-pide-que-melilla-se-sume-al-plan-nacional-para-la-reduccion-de-la-obesidad-infantil","status":"publish","type":"post","link":"https:\/\/agrupacionespsoe.es\/melilla\/el-psoe-pide-que-melilla-se-sume-al-plan-nacional-para-la-reduccion-de-la-obesidad-infantil\/","title":{"rendered":"El PSOE pide que Melilla se sume al Plan Nacional para la reducci\u00f3n de la obesidad infantil"},"content":{"rendered":"\n<p><strong>La iniciativa se basa en 4 ejes: deporte, alimentaci\u00f3n, movilidad sostenible y entornos escolares saludables con patios abiertos<\/strong><\/p>\n\n\n\n<figure class=\"wp-block-image size-large\"><img loading=\"lazy\" decoding=\"async\" width=\"1024\" height=\"577\" src=\"https:\/\/agrupacionespsoe.es\/melilla\/wp-content\/uploads\/sites\/120\/2023\/10\/60108010-54b6-441f-a689-3ad38310ff73-1024x577.jpeg\" alt=\"\" class=\"wp-image-508\" srcset=\"https:\/\/agrupacionespsoe.es\/melilla\/wp-content\/uploads\/sites\/120\/2023\/10\/60108010-54b6-441f-a689-3ad38310ff73-1024x577.jpeg 1024w, https:\/\/agrupacionespsoe.es\/melilla\/wp-content\/uploads\/sites\/120\/2023\/10\/60108010-54b6-441f-a689-3ad38310ff73-300x169.jpeg 300w, https:\/\/agrupacionespsoe.es\/melilla\/wp-content\/uploads\/sites\/120\/2023\/10\/60108010-54b6-441f-a689-3ad38310ff73-768x432.jpeg 768w, https:\/\/agrupacionespsoe.es\/melilla\/wp-content\/uploads\/sites\/120\/2023\/10\/60108010-54b6-441f-a689-3ad38310ff73-1536x865.jpeg 1536w, https:\/\/agrupacionespsoe.es\/melilla\/wp-content\/uploads\/sites\/120\/2023\/10\/60108010-54b6-441f-a689-3ad38310ff73.jpeg 1600w\" sizes=\"auto, (max-width: 1024px) 100vw, 1024px\" \/><\/figure>\n\n\n\n<p>El Partido Socialista ha presentado, a trav\u00e9s de su Grupo Parlamentario en la Ciudad Aut\u00f3noma, una moci\u00f3n para mejorar la salud de nuestros j\u00f3venes y la lucha contra la obesidad infantil, tal y como ha anunciado esta ma\u00f1ana el diputado Rafael Robles.<\/p>\n\n\n\n<p>Una moci\u00f3n que solicita a las diferentes Consejer\u00edas que pongan en marcha en Melilla el Plan Estrat\u00e9gico Nacional para la reducci\u00f3n de la obesidad infantil, llamado \u2018En Plan Bien\u2019, y que pivota en cuatro ejes de actuaci\u00f3n: el deporte, la alimentaci\u00f3n, la movilidad sostenible y los entornos escolares saludables con patios abiertos.<\/p>\n\n\n\n<p>Tal y como ha explicado el diputado socialista, los datos \u201cson preocupantes y van en aumento\u201d. As\u00ed, ha apuntado que, seg\u00fan los datos del Ministerio de Sanidad, los j\u00f3venes melillenses, entre 2 y 17 a\u00f1os, ocupan el puesto n\u00famero 5 en obesidad infantil del pa\u00eds.<\/p>\n\n\n\n<p>Pero, si en lugar de analizar ambos sexos, nos fijamos \u00fanicamente en las ni\u00f1as, Melilla ocupa el puesto n\u00famero 2 en el c\u00f3mputo total de las 19 comunidades aut\u00f3nomas y ciudades aut\u00f3nomas.<\/p>\n\n\n\n<p><strong>Acci\u00f3n coordinada<\/strong><\/p>\n\n\n\n<p>\u201cPerseguimos con esta moci\u00f3n la reducci\u00f3n de la obesidad infantil con una hoja de ruta para un cambio en la pr\u00f3xima d\u00e9cada\u201d, ha se\u00f1alado Robles, que ha hecho hincapi\u00e9 en que, el Gobierno local debe adherirse y desarrollar este Plan de Estrategia Nacional contra la obesidad infantil \u201cque tanto est\u00e1 da\u00f1ando la salud de nuestros j\u00f3venes\u201d, actuando conjuntamente y de forma coordinada entre las distintas Consejer\u00edas y con el Gobierno central que en Melilla est\u00e1 representado por la Delegaci\u00f3n del Gobierno, y que, a su vez, har\u00eda part\u00edcipe de este plan a la Direcci\u00f3n Provincial de Educaci\u00f3n y Formaci\u00f3n Profesional.<\/p>\n\n\n\n<p>\u201cLas diferentes medidas pasan por agendar actividad deportiva extraescolar en los patios de todos los colegios; dise\u00f1ar las aceras de nuestras calles para que los ni\u00f1os puedan jugar y que vayan y regresen a los centros escolares de forma activa, ya sea andando o en bicicleta; con campa\u00f1as informativas; as\u00ed como que \u201clos j\u00f3venes en los recreos y antes de ir al colegio se alimenten con productos bajos en grasa, sin boller\u00eda industrial\u201d, o que los entornos escolares cuenten \u201ccon reducci\u00f3n del tr\u00e1fico de motor para dar seguridad a los ni\u00f1os y a las ni\u00f1as melillenses para desplazarse en seguridad\u201d.<\/p>\n\n\n\n<p>\u201cNo son solo medidas necesarias y que deben realizarse de manera conjunta, sino tambi\u00e9n es un modelo de ciudad m\u00e1s amable, m\u00e1s saludable, contando con los j\u00f3venes y para los j\u00f3venes\u201d, ha aseverado el socialista.<\/p>\n\n\n\n<p>Robles ha expuesto que esta moci\u00f3n, que se ha presentado ya en la Asamblea, paralelamente, va a ir acompa\u00f1ada de una serie de acciones, como es una campa\u00f1a de difusi\u00f3n que se va a llevar a cabo en redes sociales.<\/p>\n\n\n\n<p>Tambi\u00e9n \u201crealizaremos reuniones con las diferentes entidades sociales que tienen algo que decir en los diferentes \u00e1mbitos en los que se proyecta este Plan estrat\u00e9gico nacional En Plan Bien\u201d, ha agregado.<\/p>\n\n\n\n<p>El Plan Nacional se present\u00f3 en el mes de diciembre del a\u00f1o pasado y ya se ha ido desarrollando en diferentes ciudades. Y, en Melilla, \u201cse ha puesto en marcha por parte de la Delegaci\u00f3n de Gobierno, a trav\u00e9s de Planes de Empleo, en los Institutos, sobre todo con actividades deportivas por las tardes, y con la Jefatura de Tr\u00e1fico, que tambi\u00e9n ha estado desarrollando acciones educativas en los centros educativos de Secundaria\u201d, ha apuntado.<\/p>\n","protected":false},"excerpt":{"rendered":"<p>La iniciativa se basa en 4 ejes: deporte, alimentaci\u00f3n, movilidad sostenible y entornos escolares saludables con patios abiertos El Partido Socialista ha presentado, a trav\u00e9s de su Grupo Parlamentario en la Ciudad Aut\u00f3noma, una moci\u00f3n para mejorar la salud de nuestros j\u00f3venes y la lucha contra la obesidad infantil, tal y como ha anunciado esta &#8230;<\/p>\n","protected":false},"author":187,"featured_media":0,"comment_status":"open","ping_status":"open","sticky":false,"template":"","format":"standard","meta":{"_jetpack_memberships_contains_paid_content":false,"footnotes":""},"categories":[1],"tags":[],"class_list":["post-507","post","type-post","status-publish","format-standard","hentry","category-sin-categoria"],"yoast_head":"<!-- This site is optimized with the Yoast SEO plugin v24.0 - https:\/\/yoast.com\/wordpress\/plugins\/seo\/ -->\n<title>El PSOE pide que Melilla se sume al Plan Nacional para la reducci\u00f3n de la obesidad infantil - Agrupaci\u00f3n Socialista de Melilla<\/title>\n<meta name=\"robots\" content=\"index, follow, max-snippet:-1, max-image-preview:large, max-video-preview:-1\" \/>\n<link rel=\"canonical\" href=\"https:\/\/agrupacionespsoe.es\/melilla\/el-psoe-pide-que-melilla-se-sume-al-plan-nacional-para-la-reduccion-de-la-obesidad-infantil\/\" \/>\n<meta property=\"og:locale\" content=\"es_ES\" \/>\n<meta property=\"og:type\" content=\"article\" \/>\n<meta property=\"og:title\" content=\"El PSOE pide que Melilla se sume al Plan Nacional para la reducci\u00f3n de la obesidad infantil - Agrupaci\u00f3n Socialista de Melilla\" \/>\n<meta property=\"og:description\" content=\"La iniciativa se basa en 4 ejes: deporte, alimentaci\u00f3n, movilidad sostenible y entornos escolares saludables con patios abiertos El Partido Socialista ha presentado, a trav\u00e9s de su Grupo Parlamentario en la Ciudad Aut\u00f3noma, una moci\u00f3n para mejorar la salud de nuestros j\u00f3venes y la lucha contra la obesidad infantil, tal y como ha anunciado esta ...\" \/>\n<meta property=\"og:url\" content=\"https:\/\/agrupacionespsoe.es\/melilla\/el-psoe-pide-que-melilla-se-sume-al-plan-nacional-para-la-reduccion-de-la-obesidad-infantil\/\" \/>\n<meta property=\"og:site_name\" content=\"Agrupaci\u00f3n Socialista de Melilla\" \/>\n<meta property=\"article:published_time\" content=\"2023-10-02T10:49:00+00:00\" \/>\n<meta property=\"article:modified_time\" content=\"2023-10-02T10:49:01+00:00\" \/>\n<meta property=\"og:image\" content=\"https:\/\/agrupacionespsoe.es\/melilla\/wp-content\/uploads\/sites\/120\/2023\/10\/60108010-54b6-441f-a689-3ad38310ff73-1024x577.jpeg\" \/>\n<meta name=\"author\" content=\"melilla2\" \/>\n<meta name=\"twitter:card\" content=\"summary_large_image\" \/>\n<meta name=\"twitter:label1\" content=\"Escrito por\" \/>\n\t<meta name=\"twitter:data1\" content=\"melilla2\" \/>\n\t<meta name=\"twitter:label2\" content=\"Tiempo de lectura\" \/>\n\t<meta name=\"twitter:data2\" content=\"3 minutos\" \/>\n<script type=\"application\/ld+json\" class=\"yoast-schema-graph\">{\"@context\":\"https:\/\/schema.org\",\"@graph\":[{\"@type\":\"Article\",\"@id\":\"https:\/\/agrupacionespsoe.es\/melilla\/el-psoe-pide-que-melilla-se-sume-al-plan-nacional-para-la-reduccion-de-la-obesidad-infantil\/#article\",\"isPartOf\":{\"@id\":\"https:\/\/agrupacionespsoe.es\/melilla\/el-psoe-pide-que-melilla-se-sume-al-plan-nacional-para-la-reduccion-de-la-obesidad-infantil\/\"},\"author\":{\"name\":\"melilla2\",\"@id\":\"https:\/\/agrupacionespsoe.es\/melilla\/#\/schema\/person\/72bb3075a827d0ed0623682b96c92bd6\"},\"headline\":\"El PSOE pide que Melilla se sume al Plan Nacional para la reducci\u00f3n de la obesidad infantil\",\"datePublished\":\"2023-10-02T10:49:00+00:00\",\"dateModified\":\"2023-10-02T10:49:01+00:00\",\"mainEntityOfPage\":{\"@id\":\"https:\/\/agrupacionespsoe.es\/melilla\/el-psoe-pide-que-melilla-se-sume-al-plan-nacional-para-la-reduccion-de-la-obesidad-infantil\/\"},\"wordCount\":646,\"commentCount\":0,\"publisher\":{\"@id\":\"https:\/\/agrupacionespsoe.es\/melilla\/#organization\"},\"image\":{\"@id\":\"https:\/\/agrupacionespsoe.es\/melilla\/el-psoe-pide-que-melilla-se-sume-al-plan-nacional-para-la-reduccion-de-la-obesidad-infantil\/#primaryimage\"},\"thumbnailUrl\":\"https:\/\/agrupacionespsoe.es\/melilla\/wp-content\/uploads\/sites\/120\/2023\/10\/60108010-54b6-441f-a689-3ad38310ff73-1024x577.jpeg\",\"inLanguage\":\"es\",\"potentialAction\":[{\"@type\":\"CommentAction\",\"name\":\"Comment\",\"target\":[\"https:\/\/agrupacionespsoe.es\/melilla\/el-psoe-pide-que-melilla-se-sume-al-plan-nacional-para-la-reduccion-de-la-obesidad-infantil\/#respond\"]}]},{\"@type\":\"WebPage\",\"@id\":\"https:\/\/agrupacionespsoe.es\/melilla\/el-psoe-pide-que-melilla-se-sume-al-plan-nacional-para-la-reduccion-de-la-obesidad-infantil\/\",\"url\":\"https:\/\/agrupacionespsoe.es\/melilla\/el-psoe-pide-que-melilla-se-sume-al-plan-nacional-para-la-reduccion-de-la-obesidad-infantil\/\",\"name\":\"El PSOE pide que Melilla se sume al Plan Nacional para la reducci\u00f3n de la obesidad infantil - Agrupaci\u00f3n Socialista de Melilla\",\"isPartOf\":{\"@id\":\"https:\/\/agrupacionespsoe.es\/melilla\/#website\"},\"primaryImageOfPage\":{\"@id\":\"https:\/\/agrupacionespsoe.es\/melilla\/el-psoe-pide-que-melilla-se-sume-al-plan-nacional-para-la-reduccion-de-la-obesidad-infantil\/#primaryimage\"},\"image\":{\"@id\":\"https:\/\/agrupacionespsoe.es\/melilla\/el-psoe-pide-que-melilla-se-sume-al-plan-nacional-para-la-reduccion-de-la-obesidad-infantil\/#primaryimage\"},\"thumbnailUrl\":\"https:\/\/agrupacionespsoe.es\/melilla\/wp-content\/uploads\/sites\/120\/2023\/10\/60108010-54b6-441f-a689-3ad38310ff73-1024x577.jpeg\",\"datePublished\":\"2023-10-02T10:49:00+00:00\",\"dateModified\":\"2023-10-02T10:49:01+00:00\",\"breadcrumb\":{\"@id\":\"https:\/\/agrupacionespsoe.es\/melilla\/el-psoe-pide-que-melilla-se-sume-al-plan-nacional-para-la-reduccion-de-la-obesidad-infantil\/#breadcrumb\"},\"inLanguage\":\"es\",\"potentialAction\":[{\"@type\":\"ReadAction\",\"target\":[\"https:\/\/agrupacionespsoe.es\/melilla\/el-psoe-pide-que-melilla-se-sume-al-plan-nacional-para-la-reduccion-de-la-obesidad-infantil\/\"]}]},{\"@type\":\"ImageObject\",\"inLanguage\":\"es\",\"@id\":\"https:\/\/agrupacionespsoe.es\/melilla\/el-psoe-pide-que-melilla-se-sume-al-plan-nacional-para-la-reduccion-de-la-obesidad-infantil\/#primaryimage\",\"url\":\"https:\/\/agrupacionespsoe.es\/melilla\/wp-content\/uploads\/sites\/120\/2023\/10\/60108010-54b6-441f-a689-3ad38310ff73-1024x577.jpeg\",\"contentUrl\":\"https:\/\/agrupacionespsoe.es\/melilla\/wp-content\/uploads\/sites\/120\/2023\/10\/60108010-54b6-441f-a689-3ad38310ff73-1024x577.jpeg\"},{\"@type\":\"BreadcrumbList\",\"@id\":\"https:\/\/agrupacionespsoe.es\/melilla\/el-psoe-pide-que-melilla-se-sume-al-plan-nacional-para-la-reduccion-de-la-obesidad-infantil\/#breadcrumb\",\"itemListElement\":[{\"@type\":\"ListItem\",\"position\":1,\"name\":\"Portada\",\"item\":\"https:\/\/agrupacionespsoe.es\/melilla\/\"},{\"@type\":\"ListItem\",\"position\":2,\"name\":\"El PSOE pide que Melilla se sume al Plan Nacional para la reducci\u00f3n de la obesidad infantil\"}]},{\"@type\":\"WebSite\",\"@id\":\"https:\/\/agrupacionespsoe.es\/melilla\/#website\",\"url\":\"https:\/\/agrupacionespsoe.es\/melilla\/\",\"name\":\"Agrupaci\u00f3n Socialista de Melilla\",\"description\":\"Agrupaci\u00f3n Socialista de Melilla\",\"publisher\":{\"@id\":\"https:\/\/agrupacionespsoe.es\/melilla\/#organization\"},\"potentialAction\":[{\"@type\":\"SearchAction\",\"target\":{\"@type\":\"EntryPoint\",\"urlTemplate\":\"https:\/\/agrupacionespsoe.es\/melilla\/?s={search_term_string}\"},\"query-input\":{\"@type\":\"PropertyValueSpecification\",\"valueRequired\":true,\"valueName\":\"search_term_string\"}}],\"inLanguage\":\"es\"},{\"@type\":\"Organization\",\"@id\":\"https:\/\/agrupacionespsoe.es\/melilla\/#organization\",\"name\":\"Agrupaci\u00f3n Socialista de Melilla\",\"url\":\"https:\/\/agrupacionespsoe.es\/melilla\/\",\"logo\":{\"@type\":\"ImageObject\",\"inLanguage\":\"es\",\"@id\":\"https:\/\/agrupacionespsoe.es\/melilla\/#\/schema\/logo\/image\/\",\"url\":\"https:\/\/agrupacionespsoe.es\/wp-content\/uploads\/2022\/07\/Logotipo_electoral_del_PSOE.png\",\"contentUrl\":\"https:\/\/agrupacionespsoe.es\/wp-content\/uploads\/2022\/07\/Logotipo_electoral_del_PSOE.png\",\"width\":422,\"height\":422,\"caption\":\"Agrupaci\u00f3n Socialista de Melilla\"},\"image\":{\"@id\":\"https:\/\/agrupacionespsoe.es\/melilla\/#\/schema\/logo\/image\/\"}},{\"@type\":\"Person\",\"@id\":\"https:\/\/agrupacionespsoe.es\/melilla\/#\/schema\/person\/72bb3075a827d0ed0623682b96c92bd6\",\"name\":\"melilla2\",\"image\":{\"@type\":\"ImageObject\",\"inLanguage\":\"es\",\"@id\":\"https:\/\/agrupacionespsoe.es\/melilla\/#\/schema\/person\/image\/\",\"url\":\"https:\/\/secure.gravatar.com\/avatar\/489a178e794e59f00db13a448aabca16?s=96&d=mm&r=g\",\"contentUrl\":\"https:\/\/secure.gravatar.com\/avatar\/489a178e794e59f00db13a448aabca16?s=96&d=mm&r=g\",\"caption\":\"melilla2\"},\"url\":\"https:\/\/agrupacionespsoe.es\/melilla\/author\/melilla2\/\"}]}<\/script>\n<!-- \/ Yoast SEO plugin. -->","yoast_head_json":{"title":"El PSOE pide que Melilla se sume al Plan Nacional para la reducci\u00f3n de la obesidad infantil - Agrupaci\u00f3n Socialista de Melilla","robots":{"index":"index","follow":"follow","max-snippet":"max-snippet:-1","max-image-preview":"max-image-preview:large","max-video-preview":"max-video-preview:-1"},"canonical":"https:\/\/agrupacionespsoe.es\/melilla\/el-psoe-pide-que-melilla-se-sume-al-plan-nacional-para-la-reduccion-de-la-obesidad-infantil\/","og_locale":"es_ES","og_type":"article","og_title":"El PSOE pide que Melilla se sume al Plan Nacional para la reducci\u00f3n de la obesidad infantil - Agrupaci\u00f3n Socialista de Melilla","og_description":"La iniciativa se basa en 4 ejes: deporte, alimentaci\u00f3n, movilidad sostenible y entornos escolares saludables con patios abiertos El Partido Socialista ha presentado, a trav\u00e9s de su Grupo Parlamentario en la Ciudad Aut\u00f3noma, una moci\u00f3n para mejorar la salud de nuestros j\u00f3venes y la lucha contra la obesidad infantil, tal y como ha anunciado esta ...","og_url":"https:\/\/agrupacionespsoe.es\/melilla\/el-psoe-pide-que-melilla-se-sume-al-plan-nacional-para-la-reduccion-de-la-obesidad-infantil\/","og_site_name":"Agrupaci\u00f3n Socialista de Melilla","article_published_time":"2023-10-02T10:49:00+00:00","article_modified_time":"2023-10-02T10:49:01+00:00","og_image":[{"url":"https:\/\/agrupacionespsoe.es\/melilla\/wp-content\/uploads\/sites\/120\/2023\/10\/60108010-54b6-441f-a689-3ad38310ff73-1024x577.jpeg","type":"","width":"","height":""}],"author":"melilla2","twitter_card":"summary_large_image","twitter_misc":{"Escrito por":"melilla2","Tiempo de lectura":"3 minutos"},"schema":{"@context":"https:\/\/schema.org","@graph":[{"@type":"Article","@id":"https:\/\/agrupacionespsoe.es\/melilla\/el-psoe-pide-que-melilla-se-sume-al-plan-nacional-para-la-reduccion-de-la-obesidad-infantil\/#article","isPartOf":{"@id":"https:\/\/agrupacionespsoe.es\/melilla\/el-psoe-pide-que-melilla-se-sume-al-plan-nacional-para-la-reduccion-de-la-obesidad-infantil\/"},"author":{"name":"melilla2","@id":"https:\/\/agrupacionespsoe.es\/melilla\/#\/schema\/person\/72bb3075a827d0ed0623682b96c92bd6"},"headline":"El PSOE pide que Melilla se sume al Plan Nacional para la reducci\u00f3n de la obesidad infantil","datePublished":"2023-10-02T10:49:00+00:00","dateModified":"2023-10-02T10:49:01+00:00","mainEntityOfPage":{"@id":"https:\/\/agrupacionespsoe.es\/melilla\/el-psoe-pide-que-melilla-se-sume-al-plan-nacional-para-la-reduccion-de-la-obesidad-infantil\/"},"wordCount":646,"commentCount":0,"publisher":{"@id":"https:\/\/agrupacionespsoe.es\/melilla\/#organization"},"image":{"@id":"https:\/\/agrupacionespsoe.es\/melilla\/el-psoe-pide-que-melilla-se-sume-al-plan-nacional-para-la-reduccion-de-la-obesidad-infantil\/#primaryimage"},"thumbnailUrl":"https:\/\/agrupacionespsoe.es\/melilla\/wp-content\/uploads\/sites\/120\/2023\/10\/60108010-54b6-441f-a689-3ad38310ff73-1024x577.jpeg","inLanguage":"es","potentialAction":[{"@type":"CommentAction","name":"Comment","target":["https:\/\/agrupacionespsoe.es\/melilla\/el-psoe-pide-que-melilla-se-sume-al-plan-nacional-para-la-reduccion-de-la-obesidad-infantil\/#respond"]}]},{"@type":"WebPage","@id":"https:\/\/agrupacionespsoe.es\/melilla\/el-psoe-pide-que-melilla-se-sume-al-plan-nacional-para-la-reduccion-de-la-obesidad-infantil\/","url":"https:\/\/agrupacionespsoe.es\/melilla\/el-psoe-pide-que-melilla-se-sume-al-plan-nacional-para-la-reduccion-de-la-obesidad-infantil\/","name":"El PSOE pide que Melilla se sume al Plan Nacional para la reducci\u00f3n de la obesidad infantil - Agrupaci\u00f3n Socialista de Melilla","isPartOf":{"@id":"https:\/\/agrupacionespsoe.es\/melilla\/#website"},"primaryImageOfPage":{"@id":"https:\/\/agrupacionespsoe.es\/melilla\/el-psoe-pide-que-melilla-se-sume-al-plan-nacional-para-la-reduccion-de-la-obesidad-infantil\/#primaryimage"},"image":{"@id":"https:\/\/agrupacionespsoe.es\/melilla\/el-psoe-pide-que-melilla-se-sume-al-plan-nacional-para-la-reduccion-de-la-obesidad-infantil\/#primaryimage"},"thumbnailUrl":"https:\/\/agrupacionespsoe.es\/melilla\/wp-content\/uploads\/sites\/120\/2023\/10\/60108010-54b6-441f-a689-3ad38310ff73-1024x577.jpeg","datePublished":"2023-10-02T10:49:00+00:00","dateModified":"2023-10-02T10:49:01+00:00","breadcrumb":{"@id":"https:\/\/agrupacionespsoe.es\/melilla\/el-psoe-pide-que-melilla-se-sume-al-plan-nacional-para-la-reduccion-de-la-obesidad-infantil\/#breadcrumb"},"inLanguage":"es","potentialAction":[{"@type":"ReadAction","target":["https:\/\/agrupacionespsoe.es\/melilla\/el-psoe-pide-que-melilla-se-sume-al-plan-nacional-para-la-reduccion-de-la-obesidad-infantil\/"]}]},{"@type":"ImageObject","inLanguage":"es","@id":"https:\/\/agrupacionespsoe.es\/melilla\/el-psoe-pide-que-melilla-se-sume-al-plan-nacional-para-la-reduccion-de-la-obesidad-infantil\/#primaryimage","url":"https:\/\/agrupacionespsoe.es\/melilla\/wp-content\/uploads\/sites\/120\/2023\/10\/60108010-54b6-441f-a689-3ad38310ff73-1024x577.jpeg","contentUrl":"https:\/\/agrupacionespsoe.es\/melilla\/wp-content\/uploads\/sites\/120\/2023\/10\/60108010-54b6-441f-a689-3ad38310ff73-1024x577.jpeg"},{"@type":"BreadcrumbList","@id":"https:\/\/agrupacionespsoe.es\/melilla\/el-psoe-pide-que-melilla-se-sume-al-plan-nacional-para-la-reduccion-de-la-obesidad-infantil\/#breadcrumb","itemListElement":[{"@type":"ListItem","position":1,"name":"Portada","item":"https:\/\/agrupacionespsoe.es\/melilla\/"},{"@type":"ListItem","position":2,"name":"El PSOE pide que Melilla se sume al Plan Nacional para la reducci\u00f3n de la obesidad infantil"}]},{"@type":"WebSite","@id":"https:\/\/agrupacionespsoe.es\/melilla\/#website","url":"https:\/\/agrupacionespsoe.es\/melilla\/","name":"Agrupaci\u00f3n Socialista de Melilla","description":"Agrupaci\u00f3n Socialista de Melilla","publisher":{"@id":"https:\/\/agrupacionespsoe.es\/melilla\/#organization"},"potentialAction":[{"@type":"SearchAction","target":{"@type":"EntryPoint","urlTemplate":"https:\/\/agrupacionespsoe.es\/melilla\/?s={search_term_string}"},"query-input":{"@type":"PropertyValueSpecification","valueRequired":true,"valueName":"search_term_string"}}],"inLanguage":"es"},{"@type":"Organization","@id":"https:\/\/agrupacionespsoe.es\/melilla\/#organization","name":"Agrupaci\u00f3n Socialista de Melilla","url":"https:\/\/agrupacionespsoe.es\/melilla\/","logo":{"@type":"ImageObject","inLanguage":"es","@id":"https:\/\/agrupacionespsoe.es\/melilla\/#\/schema\/logo\/image\/","url":"https:\/\/agrupacionespsoe.es\/wp-content\/uploads\/2022\/07\/Logotipo_electoral_del_PSOE.png","contentUrl":"https:\/\/agrupacionespsoe.es\/wp-content\/uploads\/2022\/07\/Logotipo_electoral_del_PSOE.png","width":422,"height":422,"caption":"Agrupaci\u00f3n Socialista de Melilla"},"image":{"@id":"https:\/\/agrupacionespsoe.es\/melilla\/#\/schema\/logo\/image\/"}},{"@type":"Person","@id":"https:\/\/agrupacionespsoe.es\/melilla\/#\/schema\/person\/72bb3075a827d0ed0623682b96c92bd6","name":"melilla2","image":{"@type":"ImageObject","inLanguage":"es","@id":"https:\/\/agrupacionespsoe.es\/melilla\/#\/schema\/person\/image\/","url":"https:\/\/secure.gravatar.com\/avatar\/489a178e794e59f00db13a448aabca16?s=96&d=mm&r=g","contentUrl":"https:\/\/secure.gravatar.com\/avatar\/489a178e794e59f00db13a448aabca16?s=96&d=mm&r=g","caption":"melilla2"},"url":"https:\/\/agrupacionespsoe.es\/melilla\/author\/melilla2\/"}]}},"jetpack_featured_media_url":"","jetpack_sharing_enabled":true,"_links":{"self":[{"href":"https:\/\/agrupacionespsoe.es\/melilla\/wp-json\/wp\/v2\/posts\/507","targetHints":{"allow":["GET"]}}],"collection":[{"href":"https:\/\/agrupacionespsoe.es\/melilla\/wp-json\/wp\/v2\/posts"}],"about":[{"href":"https:\/\/agrupacionespsoe.es\/melilla\/wp-json\/wp\/v2\/types\/post"}],"author":[{"embeddable":true,"href":"https:\/\/agrupacionespsoe.es\/melilla\/wp-json\/wp\/v2\/users\/187"}],"replies":[{"embeddable":true,"href":"https:\/\/agrupacionespsoe.es\/melilla\/wp-json\/wp\/v2\/comments?post=507"}],"version-history":[{"count":1,"href":"https:\/\/agrupacionespsoe.es\/melilla\/wp-json\/wp\/v2\/posts\/507\/revisions"}],"predecessor-version":[{"id":509,"href":"https:\/\/agrupacionespsoe.es\/melilla\/wp-json\/wp\/v2\/posts\/507\/revisions\/509"}],"wp:attachment":[{"href":"https:\/\/agrupacionespsoe.es\/melilla\/wp-json\/wp\/v2\/media?parent=507"}],"wp:term":[{"taxonomy":"category","embeddable":true,"href":"https:\/\/agrupacionespsoe.es\/melilla\/wp-json\/wp\/v2\/categories?post=507"},{"taxonomy":"post_tag","embeddable":true,"href":"https:\/\/agrupacionespsoe.es\/melilla\/wp-json\/wp\/v2\/tags?post=507"}],"curies":[{"name":"wp","href":"https:\/\/api.w.org\/{rel}","templated":true}]}}