{"id":504,"date":"2023-09-29T09:25:14","date_gmt":"2023-09-29T09:25:14","guid":{"rendered":"https:\/\/agrupacionespsoe.es\/melilla\/?p=504"},"modified":"2023-09-29T09:25:15","modified_gmt":"2023-09-29T09:25:15","slug":"rojas-el-pp-uso-los-casos-de-rabia-de-forma-totalmente-irresponsable-creando-alarma-social","status":"publish","type":"post","link":"https:\/\/agrupacionespsoe.es\/melilla\/rojas-el-pp-uso-los-casos-de-rabia-de-forma-totalmente-irresponsable-creando-alarma-social\/","title":{"rendered":"Rojas: \u201cEl PP us\u00f3 los casos de rabia de forma totalmente irresponsable, creando alarma social\u201d"},"content":{"rendered":"\n<p><strong>\u201cTras pasarse la pasada legislatura culpando a Paqui Maeso, ahora entender\u00e1n que la rabia no era culpa del PSOE\u201d, subraya<\/strong><\/p>\n\n\n\n<figure class=\"wp-block-image size-large\"><img loading=\"lazy\" decoding=\"async\" width=\"1024\" height=\"577\" src=\"https:\/\/agrupacionespsoe.es\/melilla\/wp-content\/uploads\/sites\/120\/2023\/09\/106fbac0-ef94-4693-ad17-021d4ad39572-1024x577.jpeg\" alt=\"\" class=\"wp-image-505\" srcset=\"https:\/\/agrupacionespsoe.es\/melilla\/wp-content\/uploads\/sites\/120\/2023\/09\/106fbac0-ef94-4693-ad17-021d4ad39572-1024x577.jpeg 1024w, https:\/\/agrupacionespsoe.es\/melilla\/wp-content\/uploads\/sites\/120\/2023\/09\/106fbac0-ef94-4693-ad17-021d4ad39572-300x169.jpeg 300w, https:\/\/agrupacionespsoe.es\/melilla\/wp-content\/uploads\/sites\/120\/2023\/09\/106fbac0-ef94-4693-ad17-021d4ad39572-768x432.jpeg 768w, https:\/\/agrupacionespsoe.es\/melilla\/wp-content\/uploads\/sites\/120\/2023\/09\/106fbac0-ef94-4693-ad17-021d4ad39572-1536x865.jpeg 1536w, https:\/\/agrupacionespsoe.es\/melilla\/wp-content\/uploads\/sites\/120\/2023\/09\/106fbac0-ef94-4693-ad17-021d4ad39572.jpeg 1600w\" sizes=\"auto, (max-width: 1024px) 100vw, 1024px\" \/><\/figure>\n\n\n\n<p>La Secretaria General del PSOE y Portavoz del Grupo Socialista en la Asamblea de Melilla, Gloria Rojas, ha recordado \u201cel uso partidista y totalmente irresponsable\u201d que los populares hicieron durante la pasada legislatura de los casos de rabia en la ciudad, \u201ccreando alarma social entre la ciudadan\u00eda melillense y culpando a la entonces Consejera Paqui Maeso de los casos que hubo\u201d.<\/p>\n\n\n\n<p>La l\u00edder del PSOE local ha hecho referencia al caso de rabia en un perro diagnosticado el 12 de septiembre pasado que ha llevado a la actual Consejera de Salud P\u00fablica a establecer el nivel 1 de alerta de rabia en Melilla a partir de hoy y durante los pr\u00f3ximos 6 meses.<\/p>\n\n\n\n<p>\u201cDespu\u00e9s de la feroces y continuas cr\u00edticas del PP, que la pasada legislatura estaba en la oposici\u00f3n, cuando la Consejera de Salud P\u00fablica estableci\u00f3 el nivel 1 de alerta de rabia, ahora entender\u00e1 el PP que la rabia no era culpa del PSOE ni del anterior Gobierno, por m\u00e1s que se empe\u00f1aron en politizar un asunto de Salud P\u00fablica\u201d, ha subrayado.<\/p>\n\n\n\n<p>Rojas ha recordado el acoso que los populares llevaron a cabo, responsabilizando directamente a Maeso. \u201cLa rabia es end\u00e9mica en Marruecos y por eso en Melilla tenemos casos y hay que trabajar y destinar recursos a su control y erradicaci\u00f3n. No es culpa del PP, ni de este Gobierno, como no lo era del PSOE ni del anterior Gobierno\u201d, ha explicado.<\/p>\n\n\n\n<p>Por ello, ha exigido a los populares que se disculpen p\u00fablicamente y se retracten de todas las acusaciones que vertieron contra Maeso y la formaci\u00f3n socialista. \u201cNo pueden exigir responsabilidades y culpar al Gobierno solo si la Consejera es del PSOE. En pol\u00edtica no todo vale y la doble vara de medir del PP y su hipocres\u00eda no tiene l\u00edmites\u201d, ha lamentado.<\/p>\n\n\n\n<p><strong>Perspectiva de bienestar animal<\/strong><\/p>\n\n\n\n<p>Rojas ha recordado que cuando la anterior Consejera de Salud P\u00fablica estableci\u00f3 el nivel 1 de alerta de rabia lo hizo por responsabilidad, como una medida de protecci\u00f3n de la salud. Sin embargo, el PP \u201cla someti\u00f3 a la despiadada y continua cr\u00edtica sin atender a las razones establecidas en el Plan de Contingencia frente a la Rabia en Espa\u00f1a\u201d.<\/p>\n\n\n\n<p>Adem\u00e1s, en la anterior legislatura la Consejer\u00eda de Salud P\u00fablica abord\u00f3 el problema de la rabia con una aportaci\u00f3n muy novedosa: la perspectiva de bienestar animal, adem\u00e1s de aplicar estrictamente el Plan de Contingencia frente a la Rabia en Espa\u00f1a y en una acci\u00f3n conjunta con el Ministerio de Sanidad y con el Ministerio de Agricultura.<\/p>\n\n\n\n<p>Por ello, ha dejado claro que la supresi\u00f3n de la Direcci\u00f3n General de Bienestar Animal y la nueva orientaci\u00f3n que est\u00e1 tomando la Direcci\u00f3n General de Salud P\u00fablica de Melilla, \u201cnos obliga a estar vigilantes para asegurar que se cumplen los est\u00e1ndares de bienestar animal en el control de la rabia\u201d, ha avanzado.<\/p>\n\n\n\n<p>En la anterior legislatura se a\u00f1adi\u00f3, a las medidas que existen en Melilla desde hace muchos a\u00f1os frente a la rabia, un plan de control de perros vagabundos y abandonados mediante un encargo a medios propios a Tragsatec para reforzar la acci\u00f3n del lacero municipal y de la Polic\u00eda Local.<\/p>\n\n\n\n<p>Rojas ha agradecido la colaboraci\u00f3n de la ciudadan\u00eda avisando inmediatamente al 112&nbsp; o a la Polic\u00eda Local para capturar al perro y establecer su trazabilidad. \u201cEl resultado ha sido muy satisfactorio ya que los perros son capturados por personal especializado y formado en t\u00e9cnicas de bienestar animal y puestos en observaci\u00f3n veterinaria inmediatamente tras ser capturados\u201d, ha explicado.<\/p>\n\n\n\n<p>Por \u00faltimo, ha apuntado que \u201cel actual Gobierno no puede bajar la guardia en el control de la rabia, y as\u00ed se lo debemos exigir todos los melillenses\u201d. \u201cEst\u00e1 en juego la salud de nuestras mascotas y de la ciudadan\u00eda\u201d, ha concluido.<\/p>\n","protected":false},"excerpt":{"rendered":"<p>\u201cTras pasarse la pasada legislatura culpando a Paqui Maeso, ahora entender\u00e1n que la rabia no era culpa del PSOE\u201d, subraya La Secretaria General del PSOE y Portavoz del Grupo Socialista en la Asamblea de Melilla, Gloria Rojas, ha recordado \u201cel uso partidista y totalmente irresponsable\u201d que los populares hicieron durante la pasada legislatura de los &#8230;<\/p>\n","protected":false},"author":187,"featured_media":0,"comment_status":"open","ping_status":"open","sticky":false,"template":"","format":"standard","meta":{"_jetpack_memberships_contains_paid_content":false,"footnotes":""},"categories":[1],"tags":[],"class_list":["post-504","post","type-post","status-publish","format-standard","hentry","category-sin-categoria"],"yoast_head":"<!-- This site is optimized with the Yoast SEO plugin v24.0 - https:\/\/yoast.com\/wordpress\/plugins\/seo\/ -->\n<title>Rojas: \u201cEl PP us\u00f3 los casos de rabia de forma totalmente irresponsable, creando alarma social\u201d - Agrupaci\u00f3n Socialista de Melilla<\/title>\n<meta name=\"robots\" content=\"index, follow, max-snippet:-1, max-image-preview:large, max-video-preview:-1\" \/>\n<link rel=\"canonical\" href=\"https:\/\/agrupacionespsoe.es\/melilla\/rojas-el-pp-uso-los-casos-de-rabia-de-forma-totalmente-irresponsable-creando-alarma-social\/\" \/>\n<meta property=\"og:locale\" content=\"es_ES\" \/>\n<meta property=\"og:type\" content=\"article\" \/>\n<meta property=\"og:title\" content=\"Rojas: \u201cEl PP us\u00f3 los casos de rabia de forma totalmente irresponsable, creando alarma social\u201d - Agrupaci\u00f3n Socialista de Melilla\" \/>\n<meta property=\"og:description\" content=\"\u201cTras pasarse la pasada legislatura culpando a Paqui Maeso, ahora entender\u00e1n que la rabia no era culpa del PSOE\u201d, subraya La Secretaria General del PSOE y Portavoz del Grupo Socialista en la Asamblea de Melilla, Gloria Rojas, ha recordado \u201cel uso partidista y totalmente irresponsable\u201d que los populares hicieron durante la pasada legislatura de los ...\" \/>\n<meta property=\"og:url\" content=\"https:\/\/agrupacionespsoe.es\/melilla\/rojas-el-pp-uso-los-casos-de-rabia-de-forma-totalmente-irresponsable-creando-alarma-social\/\" \/>\n<meta property=\"og:site_name\" content=\"Agrupaci\u00f3n Socialista de Melilla\" \/>\n<meta property=\"article:published_time\" content=\"2023-09-29T09:25:14+00:00\" \/>\n<meta property=\"article:modified_time\" content=\"2023-09-29T09:25:15+00:00\" \/>\n<meta property=\"og:image\" content=\"https:\/\/agrupacionespsoe.es\/melilla\/wp-content\/uploads\/sites\/120\/2023\/09\/106fbac0-ef94-4693-ad17-021d4ad39572-1024x577.jpeg\" \/>\n<meta name=\"author\" content=\"melilla2\" \/>\n<meta name=\"twitter:card\" content=\"summary_large_image\" \/>\n<meta name=\"twitter:label1\" content=\"Escrito por\" \/>\n\t<meta name=\"twitter:data1\" content=\"melilla2\" \/>\n\t<meta name=\"twitter:label2\" content=\"Tiempo de lectura\" \/>\n\t<meta name=\"twitter:data2\" content=\"4 minutos\" \/>\n<script type=\"application\/ld+json\" class=\"yoast-schema-graph\">{\"@context\":\"https:\/\/schema.org\",\"@graph\":[{\"@type\":\"Article\",\"@id\":\"https:\/\/agrupacionespsoe.es\/melilla\/rojas-el-pp-uso-los-casos-de-rabia-de-forma-totalmente-irresponsable-creando-alarma-social\/#article\",\"isPartOf\":{\"@id\":\"https:\/\/agrupacionespsoe.es\/melilla\/rojas-el-pp-uso-los-casos-de-rabia-de-forma-totalmente-irresponsable-creando-alarma-social\/\"},\"author\":{\"name\":\"melilla2\",\"@id\":\"https:\/\/agrupacionespsoe.es\/melilla\/#\/schema\/person\/72bb3075a827d0ed0623682b96c92bd6\"},\"headline\":\"Rojas: \u201cEl PP us\u00f3 los casos de rabia de forma totalmente irresponsable, creando alarma social\u201d\",\"datePublished\":\"2023-09-29T09:25:14+00:00\",\"dateModified\":\"2023-09-29T09:25:15+00:00\",\"mainEntityOfPage\":{\"@id\":\"https:\/\/agrupacionespsoe.es\/melilla\/rojas-el-pp-uso-los-casos-de-rabia-de-forma-totalmente-irresponsable-creando-alarma-social\/\"},\"wordCount\":696,\"commentCount\":0,\"publisher\":{\"@id\":\"https:\/\/agrupacionespsoe.es\/melilla\/#organization\"},\"image\":{\"@id\":\"https:\/\/agrupacionespsoe.es\/melilla\/rojas-el-pp-uso-los-casos-de-rabia-de-forma-totalmente-irresponsable-creando-alarma-social\/#primaryimage\"},\"thumbnailUrl\":\"https:\/\/agrupacionespsoe.es\/melilla\/wp-content\/uploads\/sites\/120\/2023\/09\/106fbac0-ef94-4693-ad17-021d4ad39572-1024x577.jpeg\",\"inLanguage\":\"es\",\"potentialAction\":[{\"@type\":\"CommentAction\",\"name\":\"Comment\",\"target\":[\"https:\/\/agrupacionespsoe.es\/melilla\/rojas-el-pp-uso-los-casos-de-rabia-de-forma-totalmente-irresponsable-creando-alarma-social\/#respond\"]}]},{\"@type\":\"WebPage\",\"@id\":\"https:\/\/agrupacionespsoe.es\/melilla\/rojas-el-pp-uso-los-casos-de-rabia-de-forma-totalmente-irresponsable-creando-alarma-social\/\",\"url\":\"https:\/\/agrupacionespsoe.es\/melilla\/rojas-el-pp-uso-los-casos-de-rabia-de-forma-totalmente-irresponsable-creando-alarma-social\/\",\"name\":\"Rojas: \u201cEl PP us\u00f3 los casos de rabia de forma totalmente irresponsable, creando alarma social\u201d - Agrupaci\u00f3n Socialista de Melilla\",\"isPartOf\":{\"@id\":\"https:\/\/agrupacionespsoe.es\/melilla\/#website\"},\"primaryImageOfPage\":{\"@id\":\"https:\/\/agrupacionespsoe.es\/melilla\/rojas-el-pp-uso-los-casos-de-rabia-de-forma-totalmente-irresponsable-creando-alarma-social\/#primaryimage\"},\"image\":{\"@id\":\"https:\/\/agrupacionespsoe.es\/melilla\/rojas-el-pp-uso-los-casos-de-rabia-de-forma-totalmente-irresponsable-creando-alarma-social\/#primaryimage\"},\"thumbnailUrl\":\"https:\/\/agrupacionespsoe.es\/melilla\/wp-content\/uploads\/sites\/120\/2023\/09\/106fbac0-ef94-4693-ad17-021d4ad39572-1024x577.jpeg\",\"datePublished\":\"2023-09-29T09:25:14+00:00\",\"dateModified\":\"2023-09-29T09:25:15+00:00\",\"breadcrumb\":{\"@id\":\"https:\/\/agrupacionespsoe.es\/melilla\/rojas-el-pp-uso-los-casos-de-rabia-de-forma-totalmente-irresponsable-creando-alarma-social\/#breadcrumb\"},\"inLanguage\":\"es\",\"potentialAction\":[{\"@type\":\"ReadAction\",\"target\":[\"https:\/\/agrupacionespsoe.es\/melilla\/rojas-el-pp-uso-los-casos-de-rabia-de-forma-totalmente-irresponsable-creando-alarma-social\/\"]}]},{\"@type\":\"ImageObject\",\"inLanguage\":\"es\",\"@id\":\"https:\/\/agrupacionespsoe.es\/melilla\/rojas-el-pp-uso-los-casos-de-rabia-de-forma-totalmente-irresponsable-creando-alarma-social\/#primaryimage\",\"url\":\"https:\/\/agrupacionespsoe.es\/melilla\/wp-content\/uploads\/sites\/120\/2023\/09\/106fbac0-ef94-4693-ad17-021d4ad39572-1024x577.jpeg\",\"contentUrl\":\"https:\/\/agrupacionespsoe.es\/melilla\/wp-content\/uploads\/sites\/120\/2023\/09\/106fbac0-ef94-4693-ad17-021d4ad39572-1024x577.jpeg\"},{\"@type\":\"BreadcrumbList\",\"@id\":\"https:\/\/agrupacionespsoe.es\/melilla\/rojas-el-pp-uso-los-casos-de-rabia-de-forma-totalmente-irresponsable-creando-alarma-social\/#breadcrumb\",\"itemListElement\":[{\"@type\":\"ListItem\",\"position\":1,\"name\":\"Portada\",\"item\":\"https:\/\/agrupacionespsoe.es\/melilla\/\"},{\"@type\":\"ListItem\",\"position\":2,\"name\":\"Rojas: \u201cEl PP us\u00f3 los casos de rabia de forma totalmente irresponsable, creando alarma social\u201d\"}]},{\"@type\":\"WebSite\",\"@id\":\"https:\/\/agrupacionespsoe.es\/melilla\/#website\",\"url\":\"https:\/\/agrupacionespsoe.es\/melilla\/\",\"name\":\"Agrupaci\u00f3n Socialista de Melilla\",\"description\":\"Agrupaci\u00f3n Socialista de Melilla\",\"publisher\":{\"@id\":\"https:\/\/agrupacionespsoe.es\/melilla\/#organization\"},\"potentialAction\":[{\"@type\":\"SearchAction\",\"target\":{\"@type\":\"EntryPoint\",\"urlTemplate\":\"https:\/\/agrupacionespsoe.es\/melilla\/?s={search_term_string}\"},\"query-input\":{\"@type\":\"PropertyValueSpecification\",\"valueRequired\":true,\"valueName\":\"search_term_string\"}}],\"inLanguage\":\"es\"},{\"@type\":\"Organization\",\"@id\":\"https:\/\/agrupacionespsoe.es\/melilla\/#organization\",\"name\":\"Agrupaci\u00f3n Socialista de Melilla\",\"url\":\"https:\/\/agrupacionespsoe.es\/melilla\/\",\"logo\":{\"@type\":\"ImageObject\",\"inLanguage\":\"es\",\"@id\":\"https:\/\/agrupacionespsoe.es\/melilla\/#\/schema\/logo\/image\/\",\"url\":\"https:\/\/agrupacionespsoe.es\/wp-content\/uploads\/2022\/07\/Logotipo_electoral_del_PSOE.png\",\"contentUrl\":\"https:\/\/agrupacionespsoe.es\/wp-content\/uploads\/2022\/07\/Logotipo_electoral_del_PSOE.png\",\"width\":422,\"height\":422,\"caption\":\"Agrupaci\u00f3n Socialista de Melilla\"},\"image\":{\"@id\":\"https:\/\/agrupacionespsoe.es\/melilla\/#\/schema\/logo\/image\/\"}},{\"@type\":\"Person\",\"@id\":\"https:\/\/agrupacionespsoe.es\/melilla\/#\/schema\/person\/72bb3075a827d0ed0623682b96c92bd6\",\"name\":\"melilla2\",\"image\":{\"@type\":\"ImageObject\",\"inLanguage\":\"es\",\"@id\":\"https:\/\/agrupacionespsoe.es\/melilla\/#\/schema\/person\/image\/\",\"url\":\"https:\/\/secure.gravatar.com\/avatar\/489a178e794e59f00db13a448aabca16?s=96&d=mm&r=g\",\"contentUrl\":\"https:\/\/secure.gravatar.com\/avatar\/489a178e794e59f00db13a448aabca16?s=96&d=mm&r=g\",\"caption\":\"melilla2\"},\"url\":\"https:\/\/agrupacionespsoe.es\/melilla\/author\/melilla2\/\"}]}<\/script>\n<!-- \/ Yoast SEO plugin. -->","yoast_head_json":{"title":"Rojas: \u201cEl PP us\u00f3 los casos de rabia de forma totalmente irresponsable, creando alarma social\u201d - Agrupaci\u00f3n Socialista de Melilla","robots":{"index":"index","follow":"follow","max-snippet":"max-snippet:-1","max-image-preview":"max-image-preview:large","max-video-preview":"max-video-preview:-1"},"canonical":"https:\/\/agrupacionespsoe.es\/melilla\/rojas-el-pp-uso-los-casos-de-rabia-de-forma-totalmente-irresponsable-creando-alarma-social\/","og_locale":"es_ES","og_type":"article","og_title":"Rojas: \u201cEl PP us\u00f3 los casos de rabia de forma totalmente irresponsable, creando alarma social\u201d - Agrupaci\u00f3n Socialista de Melilla","og_description":"\u201cTras pasarse la pasada legislatura culpando a Paqui Maeso, ahora entender\u00e1n que la rabia no era culpa del PSOE\u201d, subraya La Secretaria General del PSOE y Portavoz del Grupo Socialista en la Asamblea de Melilla, Gloria Rojas, ha recordado \u201cel uso partidista y totalmente irresponsable\u201d que los populares hicieron durante la pasada legislatura de los ...","og_url":"https:\/\/agrupacionespsoe.es\/melilla\/rojas-el-pp-uso-los-casos-de-rabia-de-forma-totalmente-irresponsable-creando-alarma-social\/","og_site_name":"Agrupaci\u00f3n Socialista de Melilla","article_published_time":"2023-09-29T09:25:14+00:00","article_modified_time":"2023-09-29T09:25:15+00:00","og_image":[{"url":"https:\/\/agrupacionespsoe.es\/melilla\/wp-content\/uploads\/sites\/120\/2023\/09\/106fbac0-ef94-4693-ad17-021d4ad39572-1024x577.jpeg","type":"","width":"","height":""}],"author":"melilla2","twitter_card":"summary_large_image","twitter_misc":{"Escrito por":"melilla2","Tiempo de lectura":"4 minutos"},"schema":{"@context":"https:\/\/schema.org","@graph":[{"@type":"Article","@id":"https:\/\/agrupacionespsoe.es\/melilla\/rojas-el-pp-uso-los-casos-de-rabia-de-forma-totalmente-irresponsable-creando-alarma-social\/#article","isPartOf":{"@id":"https:\/\/agrupacionespsoe.es\/melilla\/rojas-el-pp-uso-los-casos-de-rabia-de-forma-totalmente-irresponsable-creando-alarma-social\/"},"author":{"name":"melilla2","@id":"https:\/\/agrupacionespsoe.es\/melilla\/#\/schema\/person\/72bb3075a827d0ed0623682b96c92bd6"},"headline":"Rojas: \u201cEl PP us\u00f3 los casos de rabia de forma totalmente irresponsable, creando alarma social\u201d","datePublished":"2023-09-29T09:25:14+00:00","dateModified":"2023-09-29T09:25:15+00:00","mainEntityOfPage":{"@id":"https:\/\/agrupacionespsoe.es\/melilla\/rojas-el-pp-uso-los-casos-de-rabia-de-forma-totalmente-irresponsable-creando-alarma-social\/"},"wordCount":696,"commentCount":0,"publisher":{"@id":"https:\/\/agrupacionespsoe.es\/melilla\/#organization"},"image":{"@id":"https:\/\/agrupacionespsoe.es\/melilla\/rojas-el-pp-uso-los-casos-de-rabia-de-forma-totalmente-irresponsable-creando-alarma-social\/#primaryimage"},"thumbnailUrl":"https:\/\/agrupacionespsoe.es\/melilla\/wp-content\/uploads\/sites\/120\/2023\/09\/106fbac0-ef94-4693-ad17-021d4ad39572-1024x577.jpeg","inLanguage":"es","potentialAction":[{"@type":"CommentAction","name":"Comment","target":["https:\/\/agrupacionespsoe.es\/melilla\/rojas-el-pp-uso-los-casos-de-rabia-de-forma-totalmente-irresponsable-creando-alarma-social\/#respond"]}]},{"@type":"WebPage","@id":"https:\/\/agrupacionespsoe.es\/melilla\/rojas-el-pp-uso-los-casos-de-rabia-de-forma-totalmente-irresponsable-creando-alarma-social\/","url":"https:\/\/agrupacionespsoe.es\/melilla\/rojas-el-pp-uso-los-casos-de-rabia-de-forma-totalmente-irresponsable-creando-alarma-social\/","name":"Rojas: \u201cEl PP us\u00f3 los casos de rabia de forma totalmente irresponsable, creando alarma social\u201d - Agrupaci\u00f3n Socialista de Melilla","isPartOf":{"@id":"https:\/\/agrupacionespsoe.es\/melilla\/#website"},"primaryImageOfPage":{"@id":"https:\/\/agrupacionespsoe.es\/melilla\/rojas-el-pp-uso-los-casos-de-rabia-de-forma-totalmente-irresponsable-creando-alarma-social\/#primaryimage"},"image":{"@id":"https:\/\/agrupacionespsoe.es\/melilla\/rojas-el-pp-uso-los-casos-de-rabia-de-forma-totalmente-irresponsable-creando-alarma-social\/#primaryimage"},"thumbnailUrl":"https:\/\/agrupacionespsoe.es\/melilla\/wp-content\/uploads\/sites\/120\/2023\/09\/106fbac0-ef94-4693-ad17-021d4ad39572-1024x577.jpeg","datePublished":"2023-09-29T09:25:14+00:00","dateModified":"2023-09-29T09:25:15+00:00","breadcrumb":{"@id":"https:\/\/agrupacionespsoe.es\/melilla\/rojas-el-pp-uso-los-casos-de-rabia-de-forma-totalmente-irresponsable-creando-alarma-social\/#breadcrumb"},"inLanguage":"es","potentialAction":[{"@type":"ReadAction","target":["https:\/\/agrupacionespsoe.es\/melilla\/rojas-el-pp-uso-los-casos-de-rabia-de-forma-totalmente-irresponsable-creando-alarma-social\/"]}]},{"@type":"ImageObject","inLanguage":"es","@id":"https:\/\/agrupacionespsoe.es\/melilla\/rojas-el-pp-uso-los-casos-de-rabia-de-forma-totalmente-irresponsable-creando-alarma-social\/#primaryimage","url":"https:\/\/agrupacionespsoe.es\/melilla\/wp-content\/uploads\/sites\/120\/2023\/09\/106fbac0-ef94-4693-ad17-021d4ad39572-1024x577.jpeg","contentUrl":"https:\/\/agrupacionespsoe.es\/melilla\/wp-content\/uploads\/sites\/120\/2023\/09\/106fbac0-ef94-4693-ad17-021d4ad39572-1024x577.jpeg"},{"@type":"BreadcrumbList","@id":"https:\/\/agrupacionespsoe.es\/melilla\/rojas-el-pp-uso-los-casos-de-rabia-de-forma-totalmente-irresponsable-creando-alarma-social\/#breadcrumb","itemListElement":[{"@type":"ListItem","position":1,"name":"Portada","item":"https:\/\/agrupacionespsoe.es\/melilla\/"},{"@type":"ListItem","position":2,"name":"Rojas: \u201cEl PP us\u00f3 los casos de rabia de forma totalmente irresponsable, creando alarma social\u201d"}]},{"@type":"WebSite","@id":"https:\/\/agrupacionespsoe.es\/melilla\/#website","url":"https:\/\/agrupacionespsoe.es\/melilla\/","name":"Agrupaci\u00f3n Socialista de Melilla","description":"Agrupaci\u00f3n Socialista de Melilla","publisher":{"@id":"https:\/\/agrupacionespsoe.es\/melilla\/#organization"},"potentialAction":[{"@type":"SearchAction","target":{"@type":"EntryPoint","urlTemplate":"https:\/\/agrupacionespsoe.es\/melilla\/?s={search_term_string}"},"query-input":{"@type":"PropertyValueSpecification","valueRequired":true,"valueName":"search_term_string"}}],"inLanguage":"es"},{"@type":"Organization","@id":"https:\/\/agrupacionespsoe.es\/melilla\/#organization","name":"Agrupaci\u00f3n Socialista de Melilla","url":"https:\/\/agrupacionespsoe.es\/melilla\/","logo":{"@type":"ImageObject","inLanguage":"es","@id":"https:\/\/agrupacionespsoe.es\/melilla\/#\/schema\/logo\/image\/","url":"https:\/\/agrupacionespsoe.es\/wp-content\/uploads\/2022\/07\/Logotipo_electoral_del_PSOE.png","contentUrl":"https:\/\/agrupacionespsoe.es\/wp-content\/uploads\/2022\/07\/Logotipo_electoral_del_PSOE.png","width":422,"height":422,"caption":"Agrupaci\u00f3n Socialista de Melilla"},"image":{"@id":"https:\/\/agrupacionespsoe.es\/melilla\/#\/schema\/logo\/image\/"}},{"@type":"Person","@id":"https:\/\/agrupacionespsoe.es\/melilla\/#\/schema\/person\/72bb3075a827d0ed0623682b96c92bd6","name":"melilla2","image":{"@type":"ImageObject","inLanguage":"es","@id":"https:\/\/agrupacionespsoe.es\/melilla\/#\/schema\/person\/image\/","url":"https:\/\/secure.gravatar.com\/avatar\/489a178e794e59f00db13a448aabca16?s=96&d=mm&r=g","contentUrl":"https:\/\/secure.gravatar.com\/avatar\/489a178e794e59f00db13a448aabca16?s=96&d=mm&r=g","caption":"melilla2"},"url":"https:\/\/agrupacionespsoe.es\/melilla\/author\/melilla2\/"}]}},"jetpack_featured_media_url":"","jetpack_sharing_enabled":true,"_links":{"self":[{"href":"https:\/\/agrupacionespsoe.es\/melilla\/wp-json\/wp\/v2\/posts\/504","targetHints":{"allow":["GET"]}}],"collection":[{"href":"https:\/\/agrupacionespsoe.es\/melilla\/wp-json\/wp\/v2\/posts"}],"about":[{"href":"https:\/\/agrupacionespsoe.es\/melilla\/wp-json\/wp\/v2\/types\/post"}],"author":[{"embeddable":true,"href":"https:\/\/agrupacionespsoe.es\/melilla\/wp-json\/wp\/v2\/users\/187"}],"replies":[{"embeddable":true,"href":"https:\/\/agrupacionespsoe.es\/melilla\/wp-json\/wp\/v2\/comments?post=504"}],"version-history":[{"count":1,"href":"https:\/\/agrupacionespsoe.es\/melilla\/wp-json\/wp\/v2\/posts\/504\/revisions"}],"predecessor-version":[{"id":506,"href":"https:\/\/agrupacionespsoe.es\/melilla\/wp-json\/wp\/v2\/posts\/504\/revisions\/506"}],"wp:attachment":[{"href":"https:\/\/agrupacionespsoe.es\/melilla\/wp-json\/wp\/v2\/media?parent=504"}],"wp:term":[{"taxonomy":"category","embeddable":true,"href":"https:\/\/agrupacionespsoe.es\/melilla\/wp-json\/wp\/v2\/categories?post=504"},{"taxonomy":"post_tag","embeddable":true,"href":"https:\/\/agrupacionespsoe.es\/melilla\/wp-json\/wp\/v2\/tags?post=504"}],"curies":[{"name":"wp","href":"https:\/\/api.w.org\/{rel}","templated":true}]}}