{"id":494,"date":"2023-09-21T19:26:24","date_gmt":"2023-09-21T19:26:24","guid":{"rendered":"https:\/\/agrupacionespsoe.es\/melilla\/?p=494"},"modified":"2023-09-21T19:26:25","modified_gmt":"2023-09-21T19:26:25","slug":"rojas-deja-claro-que-el-17-de-septiembre-siempre-fue-festivo-durante-la-pasada-legislatura","status":"publish","type":"post","link":"https:\/\/agrupacionespsoe.es\/melilla\/rojas-deja-claro-que-el-17-de-septiembre-siempre-fue-festivo-durante-la-pasada-legislatura\/","title":{"rendered":"Rojas deja claro que el 17 de septiembre siempre fue festivo durante la pasada legislatura"},"content":{"rendered":"\n<p><strong>Recuerda que todos los gobiernos, incluido el de Imbroda, cuando ha ca\u00eddo en domingo han usado esa circunstancia para celebrar otra festividad local<\/strong><\/p>\n\n\n\n<figure class=\"wp-block-image size-large\"><img loading=\"lazy\" decoding=\"async\" width=\"1024\" height=\"683\" src=\"https:\/\/agrupacionespsoe.es\/melilla\/wp-content\/uploads\/sites\/120\/2023\/09\/P1722370-1024x683.jpg\" alt=\"\" class=\"wp-image-495\" srcset=\"https:\/\/agrupacionespsoe.es\/melilla\/wp-content\/uploads\/sites\/120\/2023\/09\/P1722370-1024x683.jpg 1024w, https:\/\/agrupacionespsoe.es\/melilla\/wp-content\/uploads\/sites\/120\/2023\/09\/P1722370-300x200.jpg 300w, https:\/\/agrupacionespsoe.es\/melilla\/wp-content\/uploads\/sites\/120\/2023\/09\/P1722370-768x512.jpg 768w, https:\/\/agrupacionespsoe.es\/melilla\/wp-content\/uploads\/sites\/120\/2023\/09\/P1722370-1536x1024.jpg 1536w, https:\/\/agrupacionespsoe.es\/melilla\/wp-content\/uploads\/sites\/120\/2023\/09\/P1722370-2048x1365.jpg 2048w\" sizes=\"auto, (max-width: 1024px) 100vw, 1024px\" \/><\/figure>\n\n\n\n<p>La Secretaria General del PSOE y Portavoz del Grupo Socialista en la Asamblea de Melilla, Gloria Rojas, ha dejado claro que el 17 de septiembre, el D\u00eda de Melilla, siempre fue festivo durante la pasada legislatura.<\/p>\n\n\n\n<p>\u201cEn todos los a\u00f1os de la anterior legislatura el d\u00eda 17 de septiembre fue un d\u00eda festivo para la ciudad\u201d, ha recordado y ha negado as\u00ed aquellos comentarios que, falsamente, est\u00e1n se\u00f1alando que dicha festividad se quit\u00f3.<\/p>\n\n\n\n<p>\u201cEso no es cierto\u201d, ha subrayado y ha recordado que, una de sus responsabilidades como consejera de Presidencia y Administraci\u00f3n P\u00fablica era precisamente la del calendario de festivos de la ciudad de Melilla.<\/p>\n\n\n\n<p>Este a\u00f1o el 17 de septiembre ha ca\u00eddo en domingo y al igual que se ha hecho en muchas ocasiones durante los 20 a\u00f1os de Gobierno Imbroda, \u201cse ha jugado con esa festividad y en lugar de pasarla al lunes, como te permite la ley, se utiliza para a\u00f1adir otra festividad local\u201d, ha explicado.<\/p>\n\n\n\n<p>Algo que, de hecho, va a ocurrir en el a\u00f1o 2024, puesto que el 8 de septiembre, D\u00eda de la Patrona, cae en domingo y el Gobierno Imbroda no lo ha pasado al lunes sino que lo va a utilizar para otra festividad local.<\/p>\n","protected":false},"excerpt":{"rendered":"<p>Recuerda que todos los gobiernos, incluido el de Imbroda, cuando ha ca\u00eddo en domingo han usado esa circunstancia para celebrar otra festividad local La Secretaria General del PSOE y Portavoz del Grupo Socialista en la Asamblea de Melilla, Gloria Rojas, ha dejado claro que el 17 de septiembre, el D\u00eda de Melilla, siempre fue festivo &#8230;<\/p>\n","protected":false},"author":187,"featured_media":0,"comment_status":"open","ping_status":"open","sticky":false,"template":"","format":"standard","meta":{"_jetpack_memberships_contains_paid_content":false,"footnotes":""},"categories":[1],"tags":[],"class_list":["post-494","post","type-post","status-publish","format-standard","hentry","category-sin-categoria"],"yoast_head":"<!-- This site is optimized with the Yoast SEO plugin v24.0 - https:\/\/yoast.com\/wordpress\/plugins\/seo\/ -->\n<title>Rojas deja claro que el 17 de septiembre siempre fue festivo durante la pasada legislatura - Agrupaci\u00f3n Socialista de Melilla<\/title>\n<meta name=\"robots\" content=\"index, follow, max-snippet:-1, max-image-preview:large, max-video-preview:-1\" \/>\n<link rel=\"canonical\" href=\"https:\/\/agrupacionespsoe.es\/melilla\/rojas-deja-claro-que-el-17-de-septiembre-siempre-fue-festivo-durante-la-pasada-legislatura\/\" \/>\n<meta property=\"og:locale\" content=\"es_ES\" \/>\n<meta property=\"og:type\" content=\"article\" \/>\n<meta property=\"og:title\" content=\"Rojas deja claro que el 17 de septiembre siempre fue festivo durante la pasada legislatura - Agrupaci\u00f3n Socialista de Melilla\" \/>\n<meta property=\"og:description\" content=\"Recuerda que todos los gobiernos, incluido el de Imbroda, cuando ha ca\u00eddo en domingo han usado esa circunstancia para celebrar otra festividad local La Secretaria General del PSOE y Portavoz del Grupo Socialista en la Asamblea de Melilla, Gloria Rojas, ha dejado claro que el 17 de septiembre, el D\u00eda de Melilla, siempre fue festivo ...\" \/>\n<meta property=\"og:url\" content=\"https:\/\/agrupacionespsoe.es\/melilla\/rojas-deja-claro-que-el-17-de-septiembre-siempre-fue-festivo-durante-la-pasada-legislatura\/\" \/>\n<meta property=\"og:site_name\" content=\"Agrupaci\u00f3n Socialista de Melilla\" \/>\n<meta property=\"article:published_time\" content=\"2023-09-21T19:26:24+00:00\" \/>\n<meta property=\"article:modified_time\" content=\"2023-09-21T19:26:25+00:00\" \/>\n<meta property=\"og:image\" content=\"https:\/\/agrupacionespsoe.es\/melilla\/wp-content\/uploads\/sites\/120\/2023\/09\/P1722370-1024x683.jpg\" \/>\n<meta name=\"author\" content=\"melilla2\" \/>\n<meta name=\"twitter:card\" content=\"summary_large_image\" \/>\n<meta name=\"twitter:label1\" content=\"Escrito por\" \/>\n\t<meta name=\"twitter:data1\" content=\"melilla2\" \/>\n\t<meta name=\"twitter:label2\" content=\"Tiempo de lectura\" \/>\n\t<meta name=\"twitter:data2\" content=\"2 minutos\" \/>\n<script type=\"application\/ld+json\" class=\"yoast-schema-graph\">{\"@context\":\"https:\/\/schema.org\",\"@graph\":[{\"@type\":\"Article\",\"@id\":\"https:\/\/agrupacionespsoe.es\/melilla\/rojas-deja-claro-que-el-17-de-septiembre-siempre-fue-festivo-durante-la-pasada-legislatura\/#article\",\"isPartOf\":{\"@id\":\"https:\/\/agrupacionespsoe.es\/melilla\/rojas-deja-claro-que-el-17-de-septiembre-siempre-fue-festivo-durante-la-pasada-legislatura\/\"},\"author\":{\"name\":\"melilla2\",\"@id\":\"https:\/\/agrupacionespsoe.es\/melilla\/#\/schema\/person\/72bb3075a827d0ed0623682b96c92bd6\"},\"headline\":\"Rojas deja claro que el 17 de septiembre siempre fue festivo durante la pasada legislatura\",\"datePublished\":\"2023-09-21T19:26:24+00:00\",\"dateModified\":\"2023-09-21T19:26:25+00:00\",\"mainEntityOfPage\":{\"@id\":\"https:\/\/agrupacionespsoe.es\/melilla\/rojas-deja-claro-que-el-17-de-septiembre-siempre-fue-festivo-durante-la-pasada-legislatura\/\"},\"wordCount\":250,\"commentCount\":0,\"publisher\":{\"@id\":\"https:\/\/agrupacionespsoe.es\/melilla\/#organization\"},\"image\":{\"@id\":\"https:\/\/agrupacionespsoe.es\/melilla\/rojas-deja-claro-que-el-17-de-septiembre-siempre-fue-festivo-durante-la-pasada-legislatura\/#primaryimage\"},\"thumbnailUrl\":\"https:\/\/agrupacionespsoe.es\/melilla\/wp-content\/uploads\/sites\/120\/2023\/09\/P1722370-1024x683.jpg\",\"inLanguage\":\"es\",\"potentialAction\":[{\"@type\":\"CommentAction\",\"name\":\"Comment\",\"target\":[\"https:\/\/agrupacionespsoe.es\/melilla\/rojas-deja-claro-que-el-17-de-septiembre-siempre-fue-festivo-durante-la-pasada-legislatura\/#respond\"]}]},{\"@type\":\"WebPage\",\"@id\":\"https:\/\/agrupacionespsoe.es\/melilla\/rojas-deja-claro-que-el-17-de-septiembre-siempre-fue-festivo-durante-la-pasada-legislatura\/\",\"url\":\"https:\/\/agrupacionespsoe.es\/melilla\/rojas-deja-claro-que-el-17-de-septiembre-siempre-fue-festivo-durante-la-pasada-legislatura\/\",\"name\":\"Rojas deja claro que el 17 de septiembre siempre fue festivo durante la pasada legislatura - Agrupaci\u00f3n Socialista de Melilla\",\"isPartOf\":{\"@id\":\"https:\/\/agrupacionespsoe.es\/melilla\/#website\"},\"primaryImageOfPage\":{\"@id\":\"https:\/\/agrupacionespsoe.es\/melilla\/rojas-deja-claro-que-el-17-de-septiembre-siempre-fue-festivo-durante-la-pasada-legislatura\/#primaryimage\"},\"image\":{\"@id\":\"https:\/\/agrupacionespsoe.es\/melilla\/rojas-deja-claro-que-el-17-de-septiembre-siempre-fue-festivo-durante-la-pasada-legislatura\/#primaryimage\"},\"thumbnailUrl\":\"https:\/\/agrupacionespsoe.es\/melilla\/wp-content\/uploads\/sites\/120\/2023\/09\/P1722370-1024x683.jpg\",\"datePublished\":\"2023-09-21T19:26:24+00:00\",\"dateModified\":\"2023-09-21T19:26:25+00:00\",\"breadcrumb\":{\"@id\":\"https:\/\/agrupacionespsoe.es\/melilla\/rojas-deja-claro-que-el-17-de-septiembre-siempre-fue-festivo-durante-la-pasada-legislatura\/#breadcrumb\"},\"inLanguage\":\"es\",\"potentialAction\":[{\"@type\":\"ReadAction\",\"target\":[\"https:\/\/agrupacionespsoe.es\/melilla\/rojas-deja-claro-que-el-17-de-septiembre-siempre-fue-festivo-durante-la-pasada-legislatura\/\"]}]},{\"@type\":\"ImageObject\",\"inLanguage\":\"es\",\"@id\":\"https:\/\/agrupacionespsoe.es\/melilla\/rojas-deja-claro-que-el-17-de-septiembre-siempre-fue-festivo-durante-la-pasada-legislatura\/#primaryimage\",\"url\":\"https:\/\/agrupacionespsoe.es\/melilla\/wp-content\/uploads\/sites\/120\/2023\/09\/P1722370-scaled.jpg\",\"contentUrl\":\"https:\/\/agrupacionespsoe.es\/melilla\/wp-content\/uploads\/sites\/120\/2023\/09\/P1722370-scaled.jpg\",\"width\":2560,\"height\":1707},{\"@type\":\"BreadcrumbList\",\"@id\":\"https:\/\/agrupacionespsoe.es\/melilla\/rojas-deja-claro-que-el-17-de-septiembre-siempre-fue-festivo-durante-la-pasada-legislatura\/#breadcrumb\",\"itemListElement\":[{\"@type\":\"ListItem\",\"position\":1,\"name\":\"Portada\",\"item\":\"https:\/\/agrupacionespsoe.es\/melilla\/\"},{\"@type\":\"ListItem\",\"position\":2,\"name\":\"Rojas deja claro que el 17 de septiembre siempre fue festivo durante la pasada legislatura\"}]},{\"@type\":\"WebSite\",\"@id\":\"https:\/\/agrupacionespsoe.es\/melilla\/#website\",\"url\":\"https:\/\/agrupacionespsoe.es\/melilla\/\",\"name\":\"Agrupaci\u00f3n Socialista de Melilla\",\"description\":\"Agrupaci\u00f3n Socialista de Melilla\",\"publisher\":{\"@id\":\"https:\/\/agrupacionespsoe.es\/melilla\/#organization\"},\"potentialAction\":[{\"@type\":\"SearchAction\",\"target\":{\"@type\":\"EntryPoint\",\"urlTemplate\":\"https:\/\/agrupacionespsoe.es\/melilla\/?s={search_term_string}\"},\"query-input\":{\"@type\":\"PropertyValueSpecification\",\"valueRequired\":true,\"valueName\":\"search_term_string\"}}],\"inLanguage\":\"es\"},{\"@type\":\"Organization\",\"@id\":\"https:\/\/agrupacionespsoe.es\/melilla\/#organization\",\"name\":\"Agrupaci\u00f3n Socialista de Melilla\",\"url\":\"https:\/\/agrupacionespsoe.es\/melilla\/\",\"logo\":{\"@type\":\"ImageObject\",\"inLanguage\":\"es\",\"@id\":\"https:\/\/agrupacionespsoe.es\/melilla\/#\/schema\/logo\/image\/\",\"url\":\"https:\/\/agrupacionespsoe.es\/wp-content\/uploads\/2022\/07\/Logotipo_electoral_del_PSOE.png\",\"contentUrl\":\"https:\/\/agrupacionespsoe.es\/wp-content\/uploads\/2022\/07\/Logotipo_electoral_del_PSOE.png\",\"width\":422,\"height\":422,\"caption\":\"Agrupaci\u00f3n Socialista de Melilla\"},\"image\":{\"@id\":\"https:\/\/agrupacionespsoe.es\/melilla\/#\/schema\/logo\/image\/\"}},{\"@type\":\"Person\",\"@id\":\"https:\/\/agrupacionespsoe.es\/melilla\/#\/schema\/person\/72bb3075a827d0ed0623682b96c92bd6\",\"name\":\"melilla2\",\"image\":{\"@type\":\"ImageObject\",\"inLanguage\":\"es\",\"@id\":\"https:\/\/agrupacionespsoe.es\/melilla\/#\/schema\/person\/image\/\",\"url\":\"https:\/\/secure.gravatar.com\/avatar\/489a178e794e59f00db13a448aabca16?s=96&d=mm&r=g\",\"contentUrl\":\"https:\/\/secure.gravatar.com\/avatar\/489a178e794e59f00db13a448aabca16?s=96&d=mm&r=g\",\"caption\":\"melilla2\"},\"url\":\"https:\/\/agrupacionespsoe.es\/melilla\/author\/melilla2\/\"}]}<\/script>\n<!-- \/ Yoast SEO plugin. -->","yoast_head_json":{"title":"Rojas deja claro que el 17 de septiembre siempre fue festivo durante la pasada legislatura - Agrupaci\u00f3n Socialista de Melilla","robots":{"index":"index","follow":"follow","max-snippet":"max-snippet:-1","max-image-preview":"max-image-preview:large","max-video-preview":"max-video-preview:-1"},"canonical":"https:\/\/agrupacionespsoe.es\/melilla\/rojas-deja-claro-que-el-17-de-septiembre-siempre-fue-festivo-durante-la-pasada-legislatura\/","og_locale":"es_ES","og_type":"article","og_title":"Rojas deja claro que el 17 de septiembre siempre fue festivo durante la pasada legislatura - Agrupaci\u00f3n Socialista de Melilla","og_description":"Recuerda que todos los gobiernos, incluido el de Imbroda, cuando ha ca\u00eddo en domingo han usado esa circunstancia para celebrar otra festividad local La Secretaria General del PSOE y Portavoz del Grupo Socialista en la Asamblea de Melilla, Gloria Rojas, ha dejado claro que el 17 de septiembre, el D\u00eda de Melilla, siempre fue festivo ...","og_url":"https:\/\/agrupacionespsoe.es\/melilla\/rojas-deja-claro-que-el-17-de-septiembre-siempre-fue-festivo-durante-la-pasada-legislatura\/","og_site_name":"Agrupaci\u00f3n Socialista de Melilla","article_published_time":"2023-09-21T19:26:24+00:00","article_modified_time":"2023-09-21T19:26:25+00:00","og_image":[{"url":"https:\/\/agrupacionespsoe.es\/melilla\/wp-content\/uploads\/sites\/120\/2023\/09\/P1722370-1024x683.jpg","type":"","width":"","height":""}],"author":"melilla2","twitter_card":"summary_large_image","twitter_misc":{"Escrito por":"melilla2","Tiempo de lectura":"2 minutos"},"schema":{"@context":"https:\/\/schema.org","@graph":[{"@type":"Article","@id":"https:\/\/agrupacionespsoe.es\/melilla\/rojas-deja-claro-que-el-17-de-septiembre-siempre-fue-festivo-durante-la-pasada-legislatura\/#article","isPartOf":{"@id":"https:\/\/agrupacionespsoe.es\/melilla\/rojas-deja-claro-que-el-17-de-septiembre-siempre-fue-festivo-durante-la-pasada-legislatura\/"},"author":{"name":"melilla2","@id":"https:\/\/agrupacionespsoe.es\/melilla\/#\/schema\/person\/72bb3075a827d0ed0623682b96c92bd6"},"headline":"Rojas deja claro que el 17 de septiembre siempre fue festivo durante la pasada legislatura","datePublished":"2023-09-21T19:26:24+00:00","dateModified":"2023-09-21T19:26:25+00:00","mainEntityOfPage":{"@id":"https:\/\/agrupacionespsoe.es\/melilla\/rojas-deja-claro-que-el-17-de-septiembre-siempre-fue-festivo-durante-la-pasada-legislatura\/"},"wordCount":250,"commentCount":0,"publisher":{"@id":"https:\/\/agrupacionespsoe.es\/melilla\/#organization"},"image":{"@id":"https:\/\/agrupacionespsoe.es\/melilla\/rojas-deja-claro-que-el-17-de-septiembre-siempre-fue-festivo-durante-la-pasada-legislatura\/#primaryimage"},"thumbnailUrl":"https:\/\/agrupacionespsoe.es\/melilla\/wp-content\/uploads\/sites\/120\/2023\/09\/P1722370-1024x683.jpg","inLanguage":"es","potentialAction":[{"@type":"CommentAction","name":"Comment","target":["https:\/\/agrupacionespsoe.es\/melilla\/rojas-deja-claro-que-el-17-de-septiembre-siempre-fue-festivo-durante-la-pasada-legislatura\/#respond"]}]},{"@type":"WebPage","@id":"https:\/\/agrupacionespsoe.es\/melilla\/rojas-deja-claro-que-el-17-de-septiembre-siempre-fue-festivo-durante-la-pasada-legislatura\/","url":"https:\/\/agrupacionespsoe.es\/melilla\/rojas-deja-claro-que-el-17-de-septiembre-siempre-fue-festivo-durante-la-pasada-legislatura\/","name":"Rojas deja claro que el 17 de septiembre siempre fue festivo durante la pasada legislatura - Agrupaci\u00f3n Socialista de Melilla","isPartOf":{"@id":"https:\/\/agrupacionespsoe.es\/melilla\/#website"},"primaryImageOfPage":{"@id":"https:\/\/agrupacionespsoe.es\/melilla\/rojas-deja-claro-que-el-17-de-septiembre-siempre-fue-festivo-durante-la-pasada-legislatura\/#primaryimage"},"image":{"@id":"https:\/\/agrupacionespsoe.es\/melilla\/rojas-deja-claro-que-el-17-de-septiembre-siempre-fue-festivo-durante-la-pasada-legislatura\/#primaryimage"},"thumbnailUrl":"https:\/\/agrupacionespsoe.es\/melilla\/wp-content\/uploads\/sites\/120\/2023\/09\/P1722370-1024x683.jpg","datePublished":"2023-09-21T19:26:24+00:00","dateModified":"2023-09-21T19:26:25+00:00","breadcrumb":{"@id":"https:\/\/agrupacionespsoe.es\/melilla\/rojas-deja-claro-que-el-17-de-septiembre-siempre-fue-festivo-durante-la-pasada-legislatura\/#breadcrumb"},"inLanguage":"es","potentialAction":[{"@type":"ReadAction","target":["https:\/\/agrupacionespsoe.es\/melilla\/rojas-deja-claro-que-el-17-de-septiembre-siempre-fue-festivo-durante-la-pasada-legislatura\/"]}]},{"@type":"ImageObject","inLanguage":"es","@id":"https:\/\/agrupacionespsoe.es\/melilla\/rojas-deja-claro-que-el-17-de-septiembre-siempre-fue-festivo-durante-la-pasada-legislatura\/#primaryimage","url":"https:\/\/agrupacionespsoe.es\/melilla\/wp-content\/uploads\/sites\/120\/2023\/09\/P1722370-scaled.jpg","contentUrl":"https:\/\/agrupacionespsoe.es\/melilla\/wp-content\/uploads\/sites\/120\/2023\/09\/P1722370-scaled.jpg","width":2560,"height":1707},{"@type":"BreadcrumbList","@id":"https:\/\/agrupacionespsoe.es\/melilla\/rojas-deja-claro-que-el-17-de-septiembre-siempre-fue-festivo-durante-la-pasada-legislatura\/#breadcrumb","itemListElement":[{"@type":"ListItem","position":1,"name":"Portada","item":"https:\/\/agrupacionespsoe.es\/melilla\/"},{"@type":"ListItem","position":2,"name":"Rojas deja claro que el 17 de septiembre siempre fue festivo durante la pasada legislatura"}]},{"@type":"WebSite","@id":"https:\/\/agrupacionespsoe.es\/melilla\/#website","url":"https:\/\/agrupacionespsoe.es\/melilla\/","name":"Agrupaci\u00f3n Socialista de Melilla","description":"Agrupaci\u00f3n Socialista de Melilla","publisher":{"@id":"https:\/\/agrupacionespsoe.es\/melilla\/#organization"},"potentialAction":[{"@type":"SearchAction","target":{"@type":"EntryPoint","urlTemplate":"https:\/\/agrupacionespsoe.es\/melilla\/?s={search_term_string}"},"query-input":{"@type":"PropertyValueSpecification","valueRequired":true,"valueName":"search_term_string"}}],"inLanguage":"es"},{"@type":"Organization","@id":"https:\/\/agrupacionespsoe.es\/melilla\/#organization","name":"Agrupaci\u00f3n Socialista de Melilla","url":"https:\/\/agrupacionespsoe.es\/melilla\/","logo":{"@type":"ImageObject","inLanguage":"es","@id":"https:\/\/agrupacionespsoe.es\/melilla\/#\/schema\/logo\/image\/","url":"https:\/\/agrupacionespsoe.es\/wp-content\/uploads\/2022\/07\/Logotipo_electoral_del_PSOE.png","contentUrl":"https:\/\/agrupacionespsoe.es\/wp-content\/uploads\/2022\/07\/Logotipo_electoral_del_PSOE.png","width":422,"height":422,"caption":"Agrupaci\u00f3n Socialista de Melilla"},"image":{"@id":"https:\/\/agrupacionespsoe.es\/melilla\/#\/schema\/logo\/image\/"}},{"@type":"Person","@id":"https:\/\/agrupacionespsoe.es\/melilla\/#\/schema\/person\/72bb3075a827d0ed0623682b96c92bd6","name":"melilla2","image":{"@type":"ImageObject","inLanguage":"es","@id":"https:\/\/agrupacionespsoe.es\/melilla\/#\/schema\/person\/image\/","url":"https:\/\/secure.gravatar.com\/avatar\/489a178e794e59f00db13a448aabca16?s=96&d=mm&r=g","contentUrl":"https:\/\/secure.gravatar.com\/avatar\/489a178e794e59f00db13a448aabca16?s=96&d=mm&r=g","caption":"melilla2"},"url":"https:\/\/agrupacionespsoe.es\/melilla\/author\/melilla2\/"}]}},"jetpack_featured_media_url":"","jetpack_sharing_enabled":true,"_links":{"self":[{"href":"https:\/\/agrupacionespsoe.es\/melilla\/wp-json\/wp\/v2\/posts\/494","targetHints":{"allow":["GET"]}}],"collection":[{"href":"https:\/\/agrupacionespsoe.es\/melilla\/wp-json\/wp\/v2\/posts"}],"about":[{"href":"https:\/\/agrupacionespsoe.es\/melilla\/wp-json\/wp\/v2\/types\/post"}],"author":[{"embeddable":true,"href":"https:\/\/agrupacionespsoe.es\/melilla\/wp-json\/wp\/v2\/users\/187"}],"replies":[{"embeddable":true,"href":"https:\/\/agrupacionespsoe.es\/melilla\/wp-json\/wp\/v2\/comments?post=494"}],"version-history":[{"count":1,"href":"https:\/\/agrupacionespsoe.es\/melilla\/wp-json\/wp\/v2\/posts\/494\/revisions"}],"predecessor-version":[{"id":496,"href":"https:\/\/agrupacionespsoe.es\/melilla\/wp-json\/wp\/v2\/posts\/494\/revisions\/496"}],"wp:attachment":[{"href":"https:\/\/agrupacionespsoe.es\/melilla\/wp-json\/wp\/v2\/media?parent=494"}],"wp:term":[{"taxonomy":"category","embeddable":true,"href":"https:\/\/agrupacionespsoe.es\/melilla\/wp-json\/wp\/v2\/categories?post=494"},{"taxonomy":"post_tag","embeddable":true,"href":"https:\/\/agrupacionespsoe.es\/melilla\/wp-json\/wp\/v2\/tags?post=494"}],"curies":[{"name":"wp","href":"https:\/\/api.w.org\/{rel}","templated":true}]}}