{"id":484,"date":"2023-09-18T11:37:17","date_gmt":"2023-09-18T11:37:17","guid":{"rendered":"https:\/\/agrupacionespsoe.es\/melilla\/?p=484"},"modified":"2023-09-18T11:37:18","modified_gmt":"2023-09-18T11:37:18","slug":"rojas-el-proceso-de-investidura-de-feijoo-es-una-larga-cronica-de-un-fracaso-anunciado","status":"publish","type":"post","link":"https:\/\/agrupacionespsoe.es\/melilla\/rojas-el-proceso-de-investidura-de-feijoo-es-una-larga-cronica-de-un-fracaso-anunciado\/","title":{"rendered":"Rojas: \u201cEl \u00a0proceso de investidura de Feij\u00f3o es una larga cr\u00f3nica de un fracaso anunciado\u201d"},"content":{"rendered":"\n<p><strong>\u201cCada vez que hay un Gobierno del PSOE, nuestro pa\u00eds est\u00e1 m\u00e1s cohesionado y se mejora la convivencia\u201d, recalca<\/strong><\/p>\n\n\n\n<figure class=\"wp-block-image size-large\"><img loading=\"lazy\" decoding=\"async\" width=\"1024\" height=\"682\" src=\"https:\/\/agrupacionespsoe.es\/melilla\/wp-content\/uploads\/sites\/120\/2023\/09\/GRojas-1024x682.jpg\" alt=\"\" class=\"wp-image-485\" srcset=\"https:\/\/agrupacionespsoe.es\/melilla\/wp-content\/uploads\/sites\/120\/2023\/09\/GRojas-1024x682.jpg 1024w, https:\/\/agrupacionespsoe.es\/melilla\/wp-content\/uploads\/sites\/120\/2023\/09\/GRojas-300x200.jpg 300w, https:\/\/agrupacionespsoe.es\/melilla\/wp-content\/uploads\/sites\/120\/2023\/09\/GRojas-768x512.jpg 768w, https:\/\/agrupacionespsoe.es\/melilla\/wp-content\/uploads\/sites\/120\/2023\/09\/GRojas-1536x1023.jpg 1536w, https:\/\/agrupacionespsoe.es\/melilla\/wp-content\/uploads\/sites\/120\/2023\/09\/GRojas.jpg 1600w\" sizes=\"auto, (max-width: 1024px) 100vw, 1024px\" \/><\/figure>\n\n\n\n<p>La Secretaria General del PSOE y Portavoz del Grupo Socialista en la Asamblea de Melilla, Gloria Rojas, ha lamentado que el Partido Popular y su l\u00edder, Alberto N\u00fa\u00f1ez Feij\u00f3o, est\u00e9n haciendo perder el tiempo a Espa\u00f1a con un \u201cproceso de investidura que es una larga cr\u00f3nica de un fracaso anunciado\u201d.<\/p>\n\n\n\n<p>En palabras de la socialista Feij\u00f3o solo est\u00e1 tratando de ganar tiempo al frente de su partido y, precisamente por sus intereses partidistas, est\u00e1 perjudicando los intereses del pa\u00eds y de la ciudadan\u00eda.<\/p>\n\n\n\n<p>Frente a ello, Rojas ha reivindicado el papel del PSOE que \u201cva a hacer lo que le conviene a Espa\u00f1a y a Melilla: decir \u2018no\u2019 a un Gobierno del PP apoyado por VOX y \u2018s\u00ed\u2019 a un Gobierno de progreso y de avances\u201d.<\/p>\n\n\n\n<p>En este sentido, la Secretaria General de los socialistas melillenses ha criticado al PP por plantear argucias como una legislatura de dos a\u00f1os que favorece la inestabilidad en el pa\u00eds o las excusas que han aducido al tiempo que impiden el correcto funcionamiento de las instituciones, como es el caso del bloqueo de la renovaci\u00f3n del Consejo General del Poder Judicial (CGPJ).<\/p>\n\n\n\n<p><strong>Cohesi\u00f3n y convivencia<\/strong><\/p>\n\n\n\n<p>Frente a los mensajes de miedo de los populares, Rojas ha dejado claro que Espa\u00f1a con un Gobierno socialista \u201cestar\u00e1 cada d\u00eda m\u00e1s unida y cohesionada\u201d. \u201cCada vez que hay posibilidades de un Ejecutivo del PSOE, desde el PP se dedican a lanzar dos mensajes machaconamente, que Espa\u00f1a se rompe y que la Constituci\u00f3n se quiebra. Nada puede estar m\u00e1s alejado de la realidad\u201d, ha subrayado.<\/p>\n\n\n\n<p>\u201cLa credibilidad que tiene el PP cuando dice que Espa\u00f1a se rompe es la misma que cuando dec\u00edan que no iban a pactar con la ultraderecha: cero\u201d, ha reiterado y ha a\u00f1adido que los \u00fanicos que no cumplen la Constituci\u00f3n son los populares que \u201cllevan sin renovar el Consejo General del Poder Judicial cinco a\u00f1os, para seguir intentando controlar el gobierno de los jueces\u201d.<\/p>\n\n\n\n<p>\u201cCada vez que hay un Gobierno del PSOE, nuestro pa\u00eds est\u00e1 m\u00e1s cohesionado y se mejora la convivencia\u201d, ha recordado la n\u00famero uno del PSOE local, que ha incidido en que Espa\u00f1a \u201cnecesita un gobierno progresista y socialdem\u00f3crata para seguir avanzando en los grandes retos que se presentan, protegiendo a los j\u00f3venes, a los pensionistas y a los trabajadores\u201d.<\/p>\n","protected":false},"excerpt":{"rendered":"<p>\u201cCada vez que hay un Gobierno del PSOE, nuestro pa\u00eds est\u00e1 m\u00e1s cohesionado y se mejora la convivencia\u201d, recalca La Secretaria General del PSOE y Portavoz del Grupo Socialista en la Asamblea de Melilla, Gloria Rojas, ha lamentado que el Partido Popular y su l\u00edder, Alberto N\u00fa\u00f1ez Feij\u00f3o, est\u00e9n haciendo perder el tiempo a Espa\u00f1a &#8230;<\/p>\n","protected":false},"author":187,"featured_media":0,"comment_status":"open","ping_status":"open","sticky":false,"template":"","format":"standard","meta":{"_jetpack_memberships_contains_paid_content":false,"footnotes":""},"categories":[1],"tags":[],"class_list":["post-484","post","type-post","status-publish","format-standard","hentry","category-sin-categoria"],"yoast_head":"<!-- This site is optimized with the Yoast SEO plugin v24.0 - https:\/\/yoast.com\/wordpress\/plugins\/seo\/ -->\n<title>Rojas: \u201cEl \u00a0proceso de investidura de Feij\u00f3o es una larga cr\u00f3nica de un fracaso anunciado\u201d - Agrupaci\u00f3n Socialista de Melilla<\/title>\n<meta name=\"robots\" content=\"index, follow, max-snippet:-1, max-image-preview:large, max-video-preview:-1\" \/>\n<link rel=\"canonical\" href=\"https:\/\/agrupacionespsoe.es\/melilla\/rojas-el-proceso-de-investidura-de-feijoo-es-una-larga-cronica-de-un-fracaso-anunciado\/\" \/>\n<meta property=\"og:locale\" content=\"es_ES\" \/>\n<meta property=\"og:type\" content=\"article\" \/>\n<meta property=\"og:title\" content=\"Rojas: \u201cEl \u00a0proceso de investidura de Feij\u00f3o es una larga cr\u00f3nica de un fracaso anunciado\u201d - Agrupaci\u00f3n Socialista de Melilla\" \/>\n<meta property=\"og:description\" content=\"\u201cCada vez que hay un Gobierno del PSOE, nuestro pa\u00eds est\u00e1 m\u00e1s cohesionado y se mejora la convivencia\u201d, recalca La Secretaria General del PSOE y Portavoz del Grupo Socialista en la Asamblea de Melilla, Gloria Rojas, ha lamentado que el Partido Popular y su l\u00edder, Alberto N\u00fa\u00f1ez Feij\u00f3o, est\u00e9n haciendo perder el tiempo a Espa\u00f1a ...\" \/>\n<meta property=\"og:url\" content=\"https:\/\/agrupacionespsoe.es\/melilla\/rojas-el-proceso-de-investidura-de-feijoo-es-una-larga-cronica-de-un-fracaso-anunciado\/\" \/>\n<meta property=\"og:site_name\" content=\"Agrupaci\u00f3n Socialista de Melilla\" \/>\n<meta property=\"article:published_time\" content=\"2023-09-18T11:37:17+00:00\" \/>\n<meta property=\"article:modified_time\" content=\"2023-09-18T11:37:18+00:00\" \/>\n<meta property=\"og:image\" content=\"https:\/\/agrupacionespsoe.es\/melilla\/wp-content\/uploads\/sites\/120\/2023\/09\/GRojas-1024x682.jpg\" \/>\n<meta name=\"author\" content=\"melilla2\" \/>\n<meta name=\"twitter:card\" content=\"summary_large_image\" \/>\n<meta name=\"twitter:label1\" content=\"Escrito por\" \/>\n\t<meta name=\"twitter:data1\" content=\"melilla2\" \/>\n\t<meta name=\"twitter:label2\" content=\"Tiempo de lectura\" \/>\n\t<meta name=\"twitter:data2\" content=\"3 minutos\" \/>\n<script type=\"application\/ld+json\" class=\"yoast-schema-graph\">{\"@context\":\"https:\/\/schema.org\",\"@graph\":[{\"@type\":\"Article\",\"@id\":\"https:\/\/agrupacionespsoe.es\/melilla\/rojas-el-proceso-de-investidura-de-feijoo-es-una-larga-cronica-de-un-fracaso-anunciado\/#article\",\"isPartOf\":{\"@id\":\"https:\/\/agrupacionespsoe.es\/melilla\/rojas-el-proceso-de-investidura-de-feijoo-es-una-larga-cronica-de-un-fracaso-anunciado\/\"},\"author\":{\"name\":\"melilla2\",\"@id\":\"https:\/\/agrupacionespsoe.es\/melilla\/#\/schema\/person\/72bb3075a827d0ed0623682b96c92bd6\"},\"headline\":\"Rojas: \u201cEl \u00a0proceso de investidura de Feij\u00f3o es una larga cr\u00f3nica de un fracaso anunciado\u201d\",\"datePublished\":\"2023-09-18T11:37:17+00:00\",\"dateModified\":\"2023-09-18T11:37:18+00:00\",\"mainEntityOfPage\":{\"@id\":\"https:\/\/agrupacionespsoe.es\/melilla\/rojas-el-proceso-de-investidura-de-feijoo-es-una-larga-cronica-de-un-fracaso-anunciado\/\"},\"wordCount\":449,\"commentCount\":0,\"publisher\":{\"@id\":\"https:\/\/agrupacionespsoe.es\/melilla\/#organization\"},\"image\":{\"@id\":\"https:\/\/agrupacionespsoe.es\/melilla\/rojas-el-proceso-de-investidura-de-feijoo-es-una-larga-cronica-de-un-fracaso-anunciado\/#primaryimage\"},\"thumbnailUrl\":\"https:\/\/agrupacionespsoe.es\/melilla\/wp-content\/uploads\/sites\/120\/2023\/09\/GRojas-1024x682.jpg\",\"inLanguage\":\"es\",\"potentialAction\":[{\"@type\":\"CommentAction\",\"name\":\"Comment\",\"target\":[\"https:\/\/agrupacionespsoe.es\/melilla\/rojas-el-proceso-de-investidura-de-feijoo-es-una-larga-cronica-de-un-fracaso-anunciado\/#respond\"]}]},{\"@type\":\"WebPage\",\"@id\":\"https:\/\/agrupacionespsoe.es\/melilla\/rojas-el-proceso-de-investidura-de-feijoo-es-una-larga-cronica-de-un-fracaso-anunciado\/\",\"url\":\"https:\/\/agrupacionespsoe.es\/melilla\/rojas-el-proceso-de-investidura-de-feijoo-es-una-larga-cronica-de-un-fracaso-anunciado\/\",\"name\":\"Rojas: \u201cEl \u00a0proceso de investidura de Feij\u00f3o es una larga cr\u00f3nica de un fracaso anunciado\u201d - Agrupaci\u00f3n Socialista de Melilla\",\"isPartOf\":{\"@id\":\"https:\/\/agrupacionespsoe.es\/melilla\/#website\"},\"primaryImageOfPage\":{\"@id\":\"https:\/\/agrupacionespsoe.es\/melilla\/rojas-el-proceso-de-investidura-de-feijoo-es-una-larga-cronica-de-un-fracaso-anunciado\/#primaryimage\"},\"image\":{\"@id\":\"https:\/\/agrupacionespsoe.es\/melilla\/rojas-el-proceso-de-investidura-de-feijoo-es-una-larga-cronica-de-un-fracaso-anunciado\/#primaryimage\"},\"thumbnailUrl\":\"https:\/\/agrupacionespsoe.es\/melilla\/wp-content\/uploads\/sites\/120\/2023\/09\/GRojas-1024x682.jpg\",\"datePublished\":\"2023-09-18T11:37:17+00:00\",\"dateModified\":\"2023-09-18T11:37:18+00:00\",\"breadcrumb\":{\"@id\":\"https:\/\/agrupacionespsoe.es\/melilla\/rojas-el-proceso-de-investidura-de-feijoo-es-una-larga-cronica-de-un-fracaso-anunciado\/#breadcrumb\"},\"inLanguage\":\"es\",\"potentialAction\":[{\"@type\":\"ReadAction\",\"target\":[\"https:\/\/agrupacionespsoe.es\/melilla\/rojas-el-proceso-de-investidura-de-feijoo-es-una-larga-cronica-de-un-fracaso-anunciado\/\"]}]},{\"@type\":\"ImageObject\",\"inLanguage\":\"es\",\"@id\":\"https:\/\/agrupacionespsoe.es\/melilla\/rojas-el-proceso-de-investidura-de-feijoo-es-una-larga-cronica-de-un-fracaso-anunciado\/#primaryimage\",\"url\":\"https:\/\/agrupacionespsoe.es\/melilla\/wp-content\/uploads\/sites\/120\/2023\/09\/GRojas.jpg\",\"contentUrl\":\"https:\/\/agrupacionespsoe.es\/melilla\/wp-content\/uploads\/sites\/120\/2023\/09\/GRojas.jpg\",\"width\":1600,\"height\":1066},{\"@type\":\"BreadcrumbList\",\"@id\":\"https:\/\/agrupacionespsoe.es\/melilla\/rojas-el-proceso-de-investidura-de-feijoo-es-una-larga-cronica-de-un-fracaso-anunciado\/#breadcrumb\",\"itemListElement\":[{\"@type\":\"ListItem\",\"position\":1,\"name\":\"Portada\",\"item\":\"https:\/\/agrupacionespsoe.es\/melilla\/\"},{\"@type\":\"ListItem\",\"position\":2,\"name\":\"Rojas: \u201cEl \u00a0proceso de investidura de Feij\u00f3o es una larga cr\u00f3nica de un fracaso anunciado\u201d\"}]},{\"@type\":\"WebSite\",\"@id\":\"https:\/\/agrupacionespsoe.es\/melilla\/#website\",\"url\":\"https:\/\/agrupacionespsoe.es\/melilla\/\",\"name\":\"Agrupaci\u00f3n Socialista de Melilla\",\"description\":\"Agrupaci\u00f3n Socialista de Melilla\",\"publisher\":{\"@id\":\"https:\/\/agrupacionespsoe.es\/melilla\/#organization\"},\"potentialAction\":[{\"@type\":\"SearchAction\",\"target\":{\"@type\":\"EntryPoint\",\"urlTemplate\":\"https:\/\/agrupacionespsoe.es\/melilla\/?s={search_term_string}\"},\"query-input\":{\"@type\":\"PropertyValueSpecification\",\"valueRequired\":true,\"valueName\":\"search_term_string\"}}],\"inLanguage\":\"es\"},{\"@type\":\"Organization\",\"@id\":\"https:\/\/agrupacionespsoe.es\/melilla\/#organization\",\"name\":\"Agrupaci\u00f3n Socialista de Melilla\",\"url\":\"https:\/\/agrupacionespsoe.es\/melilla\/\",\"logo\":{\"@type\":\"ImageObject\",\"inLanguage\":\"es\",\"@id\":\"https:\/\/agrupacionespsoe.es\/melilla\/#\/schema\/logo\/image\/\",\"url\":\"https:\/\/agrupacionespsoe.es\/wp-content\/uploads\/2022\/07\/Logotipo_electoral_del_PSOE.png\",\"contentUrl\":\"https:\/\/agrupacionespsoe.es\/wp-content\/uploads\/2022\/07\/Logotipo_electoral_del_PSOE.png\",\"width\":422,\"height\":422,\"caption\":\"Agrupaci\u00f3n Socialista de Melilla\"},\"image\":{\"@id\":\"https:\/\/agrupacionespsoe.es\/melilla\/#\/schema\/logo\/image\/\"}},{\"@type\":\"Person\",\"@id\":\"https:\/\/agrupacionespsoe.es\/melilla\/#\/schema\/person\/72bb3075a827d0ed0623682b96c92bd6\",\"name\":\"melilla2\",\"image\":{\"@type\":\"ImageObject\",\"inLanguage\":\"es\",\"@id\":\"https:\/\/agrupacionespsoe.es\/melilla\/#\/schema\/person\/image\/\",\"url\":\"https:\/\/secure.gravatar.com\/avatar\/489a178e794e59f00db13a448aabca16?s=96&d=mm&r=g\",\"contentUrl\":\"https:\/\/secure.gravatar.com\/avatar\/489a178e794e59f00db13a448aabca16?s=96&d=mm&r=g\",\"caption\":\"melilla2\"},\"url\":\"https:\/\/agrupacionespsoe.es\/melilla\/author\/melilla2\/\"}]}<\/script>\n<!-- \/ Yoast SEO plugin. -->","yoast_head_json":{"title":"Rojas: \u201cEl \u00a0proceso de investidura de Feij\u00f3o es una larga cr\u00f3nica de un fracaso anunciado\u201d - Agrupaci\u00f3n Socialista de Melilla","robots":{"index":"index","follow":"follow","max-snippet":"max-snippet:-1","max-image-preview":"max-image-preview:large","max-video-preview":"max-video-preview:-1"},"canonical":"https:\/\/agrupacionespsoe.es\/melilla\/rojas-el-proceso-de-investidura-de-feijoo-es-una-larga-cronica-de-un-fracaso-anunciado\/","og_locale":"es_ES","og_type":"article","og_title":"Rojas: \u201cEl \u00a0proceso de investidura de Feij\u00f3o es una larga cr\u00f3nica de un fracaso anunciado\u201d - Agrupaci\u00f3n Socialista de Melilla","og_description":"\u201cCada vez que hay un Gobierno del PSOE, nuestro pa\u00eds est\u00e1 m\u00e1s cohesionado y se mejora la convivencia\u201d, recalca La Secretaria General del PSOE y Portavoz del Grupo Socialista en la Asamblea de Melilla, Gloria Rojas, ha lamentado que el Partido Popular y su l\u00edder, Alberto N\u00fa\u00f1ez Feij\u00f3o, est\u00e9n haciendo perder el tiempo a Espa\u00f1a ...","og_url":"https:\/\/agrupacionespsoe.es\/melilla\/rojas-el-proceso-de-investidura-de-feijoo-es-una-larga-cronica-de-un-fracaso-anunciado\/","og_site_name":"Agrupaci\u00f3n Socialista de Melilla","article_published_time":"2023-09-18T11:37:17+00:00","article_modified_time":"2023-09-18T11:37:18+00:00","og_image":[{"url":"https:\/\/agrupacionespsoe.es\/melilla\/wp-content\/uploads\/sites\/120\/2023\/09\/GRojas-1024x682.jpg","type":"","width":"","height":""}],"author":"melilla2","twitter_card":"summary_large_image","twitter_misc":{"Escrito por":"melilla2","Tiempo de lectura":"3 minutos"},"schema":{"@context":"https:\/\/schema.org","@graph":[{"@type":"Article","@id":"https:\/\/agrupacionespsoe.es\/melilla\/rojas-el-proceso-de-investidura-de-feijoo-es-una-larga-cronica-de-un-fracaso-anunciado\/#article","isPartOf":{"@id":"https:\/\/agrupacionespsoe.es\/melilla\/rojas-el-proceso-de-investidura-de-feijoo-es-una-larga-cronica-de-un-fracaso-anunciado\/"},"author":{"name":"melilla2","@id":"https:\/\/agrupacionespsoe.es\/melilla\/#\/schema\/person\/72bb3075a827d0ed0623682b96c92bd6"},"headline":"Rojas: \u201cEl \u00a0proceso de investidura de Feij\u00f3o es una larga cr\u00f3nica de un fracaso anunciado\u201d","datePublished":"2023-09-18T11:37:17+00:00","dateModified":"2023-09-18T11:37:18+00:00","mainEntityOfPage":{"@id":"https:\/\/agrupacionespsoe.es\/melilla\/rojas-el-proceso-de-investidura-de-feijoo-es-una-larga-cronica-de-un-fracaso-anunciado\/"},"wordCount":449,"commentCount":0,"publisher":{"@id":"https:\/\/agrupacionespsoe.es\/melilla\/#organization"},"image":{"@id":"https:\/\/agrupacionespsoe.es\/melilla\/rojas-el-proceso-de-investidura-de-feijoo-es-una-larga-cronica-de-un-fracaso-anunciado\/#primaryimage"},"thumbnailUrl":"https:\/\/agrupacionespsoe.es\/melilla\/wp-content\/uploads\/sites\/120\/2023\/09\/GRojas-1024x682.jpg","inLanguage":"es","potentialAction":[{"@type":"CommentAction","name":"Comment","target":["https:\/\/agrupacionespsoe.es\/melilla\/rojas-el-proceso-de-investidura-de-feijoo-es-una-larga-cronica-de-un-fracaso-anunciado\/#respond"]}]},{"@type":"WebPage","@id":"https:\/\/agrupacionespsoe.es\/melilla\/rojas-el-proceso-de-investidura-de-feijoo-es-una-larga-cronica-de-un-fracaso-anunciado\/","url":"https:\/\/agrupacionespsoe.es\/melilla\/rojas-el-proceso-de-investidura-de-feijoo-es-una-larga-cronica-de-un-fracaso-anunciado\/","name":"Rojas: \u201cEl \u00a0proceso de investidura de Feij\u00f3o es una larga cr\u00f3nica de un fracaso anunciado\u201d - Agrupaci\u00f3n Socialista de Melilla","isPartOf":{"@id":"https:\/\/agrupacionespsoe.es\/melilla\/#website"},"primaryImageOfPage":{"@id":"https:\/\/agrupacionespsoe.es\/melilla\/rojas-el-proceso-de-investidura-de-feijoo-es-una-larga-cronica-de-un-fracaso-anunciado\/#primaryimage"},"image":{"@id":"https:\/\/agrupacionespsoe.es\/melilla\/rojas-el-proceso-de-investidura-de-feijoo-es-una-larga-cronica-de-un-fracaso-anunciado\/#primaryimage"},"thumbnailUrl":"https:\/\/agrupacionespsoe.es\/melilla\/wp-content\/uploads\/sites\/120\/2023\/09\/GRojas-1024x682.jpg","datePublished":"2023-09-18T11:37:17+00:00","dateModified":"2023-09-18T11:37:18+00:00","breadcrumb":{"@id":"https:\/\/agrupacionespsoe.es\/melilla\/rojas-el-proceso-de-investidura-de-feijoo-es-una-larga-cronica-de-un-fracaso-anunciado\/#breadcrumb"},"inLanguage":"es","potentialAction":[{"@type":"ReadAction","target":["https:\/\/agrupacionespsoe.es\/melilla\/rojas-el-proceso-de-investidura-de-feijoo-es-una-larga-cronica-de-un-fracaso-anunciado\/"]}]},{"@type":"ImageObject","inLanguage":"es","@id":"https:\/\/agrupacionespsoe.es\/melilla\/rojas-el-proceso-de-investidura-de-feijoo-es-una-larga-cronica-de-un-fracaso-anunciado\/#primaryimage","url":"https:\/\/agrupacionespsoe.es\/melilla\/wp-content\/uploads\/sites\/120\/2023\/09\/GRojas.jpg","contentUrl":"https:\/\/agrupacionespsoe.es\/melilla\/wp-content\/uploads\/sites\/120\/2023\/09\/GRojas.jpg","width":1600,"height":1066},{"@type":"BreadcrumbList","@id":"https:\/\/agrupacionespsoe.es\/melilla\/rojas-el-proceso-de-investidura-de-feijoo-es-una-larga-cronica-de-un-fracaso-anunciado\/#breadcrumb","itemListElement":[{"@type":"ListItem","position":1,"name":"Portada","item":"https:\/\/agrupacionespsoe.es\/melilla\/"},{"@type":"ListItem","position":2,"name":"Rojas: \u201cEl \u00a0proceso de investidura de Feij\u00f3o es una larga cr\u00f3nica de un fracaso anunciado\u201d"}]},{"@type":"WebSite","@id":"https:\/\/agrupacionespsoe.es\/melilla\/#website","url":"https:\/\/agrupacionespsoe.es\/melilla\/","name":"Agrupaci\u00f3n Socialista de Melilla","description":"Agrupaci\u00f3n Socialista de Melilla","publisher":{"@id":"https:\/\/agrupacionespsoe.es\/melilla\/#organization"},"potentialAction":[{"@type":"SearchAction","target":{"@type":"EntryPoint","urlTemplate":"https:\/\/agrupacionespsoe.es\/melilla\/?s={search_term_string}"},"query-input":{"@type":"PropertyValueSpecification","valueRequired":true,"valueName":"search_term_string"}}],"inLanguage":"es"},{"@type":"Organization","@id":"https:\/\/agrupacionespsoe.es\/melilla\/#organization","name":"Agrupaci\u00f3n Socialista de Melilla","url":"https:\/\/agrupacionespsoe.es\/melilla\/","logo":{"@type":"ImageObject","inLanguage":"es","@id":"https:\/\/agrupacionespsoe.es\/melilla\/#\/schema\/logo\/image\/","url":"https:\/\/agrupacionespsoe.es\/wp-content\/uploads\/2022\/07\/Logotipo_electoral_del_PSOE.png","contentUrl":"https:\/\/agrupacionespsoe.es\/wp-content\/uploads\/2022\/07\/Logotipo_electoral_del_PSOE.png","width":422,"height":422,"caption":"Agrupaci\u00f3n Socialista de Melilla"},"image":{"@id":"https:\/\/agrupacionespsoe.es\/melilla\/#\/schema\/logo\/image\/"}},{"@type":"Person","@id":"https:\/\/agrupacionespsoe.es\/melilla\/#\/schema\/person\/72bb3075a827d0ed0623682b96c92bd6","name":"melilla2","image":{"@type":"ImageObject","inLanguage":"es","@id":"https:\/\/agrupacionespsoe.es\/melilla\/#\/schema\/person\/image\/","url":"https:\/\/secure.gravatar.com\/avatar\/489a178e794e59f00db13a448aabca16?s=96&d=mm&r=g","contentUrl":"https:\/\/secure.gravatar.com\/avatar\/489a178e794e59f00db13a448aabca16?s=96&d=mm&r=g","caption":"melilla2"},"url":"https:\/\/agrupacionespsoe.es\/melilla\/author\/melilla2\/"}]}},"jetpack_featured_media_url":"","jetpack_sharing_enabled":true,"_links":{"self":[{"href":"https:\/\/agrupacionespsoe.es\/melilla\/wp-json\/wp\/v2\/posts\/484","targetHints":{"allow":["GET"]}}],"collection":[{"href":"https:\/\/agrupacionespsoe.es\/melilla\/wp-json\/wp\/v2\/posts"}],"about":[{"href":"https:\/\/agrupacionespsoe.es\/melilla\/wp-json\/wp\/v2\/types\/post"}],"author":[{"embeddable":true,"href":"https:\/\/agrupacionespsoe.es\/melilla\/wp-json\/wp\/v2\/users\/187"}],"replies":[{"embeddable":true,"href":"https:\/\/agrupacionespsoe.es\/melilla\/wp-json\/wp\/v2\/comments?post=484"}],"version-history":[{"count":1,"href":"https:\/\/agrupacionespsoe.es\/melilla\/wp-json\/wp\/v2\/posts\/484\/revisions"}],"predecessor-version":[{"id":486,"href":"https:\/\/agrupacionespsoe.es\/melilla\/wp-json\/wp\/v2\/posts\/484\/revisions\/486"}],"wp:attachment":[{"href":"https:\/\/agrupacionespsoe.es\/melilla\/wp-json\/wp\/v2\/media?parent=484"}],"wp:term":[{"taxonomy":"category","embeddable":true,"href":"https:\/\/agrupacionespsoe.es\/melilla\/wp-json\/wp\/v2\/categories?post=484"},{"taxonomy":"post_tag","embeddable":true,"href":"https:\/\/agrupacionespsoe.es\/melilla\/wp-json\/wp\/v2\/tags?post=484"}],"curies":[{"name":"wp","href":"https:\/\/api.w.org\/{rel}","templated":true}]}}