{"id":481,"date":"2023-09-17T21:20:17","date_gmt":"2023-09-17T21:20:17","guid":{"rendered":"https:\/\/agrupacionespsoe.es\/melilla\/?p=481"},"modified":"2023-09-17T21:20:18","modified_gmt":"2023-09-17T21:20:18","slug":"rojas-censura-que-imbroda-haga-un-mitin-en-lugar-de-un-discurso-institucional-en-el-dia-de-melilla","status":"publish","type":"post","link":"https:\/\/agrupacionespsoe.es\/melilla\/rojas-censura-que-imbroda-haga-un-mitin-en-lugar-de-un-discurso-institucional-en-el-dia-de-melilla\/","title":{"rendered":"Rojas censura que Imbroda haga un mitin en lugar de un discurso institucional en el D\u00eda de Melilla"},"content":{"rendered":"\n<p><strong>Sobre la presencia del Estado recuerda que los presidentes que han venido son socialistas y que los Reyes vinieron con el Gobierno Zapatero<\/strong><\/p>\n\n\n\n<figure class=\"wp-block-image size-large\"><img loading=\"lazy\" decoding=\"async\" width=\"1024\" height=\"683\" src=\"https:\/\/agrupacionespsoe.es\/melilla\/wp-content\/uploads\/sites\/120\/2023\/09\/DSC_0318-1024x683.jpg\" alt=\"\" class=\"wp-image-482\" srcset=\"https:\/\/agrupacionespsoe.es\/melilla\/wp-content\/uploads\/sites\/120\/2023\/09\/DSC_0318-1024x683.jpg 1024w, https:\/\/agrupacionespsoe.es\/melilla\/wp-content\/uploads\/sites\/120\/2023\/09\/DSC_0318-300x200.jpg 300w, https:\/\/agrupacionespsoe.es\/melilla\/wp-content\/uploads\/sites\/120\/2023\/09\/DSC_0318-768x512.jpg 768w, https:\/\/agrupacionespsoe.es\/melilla\/wp-content\/uploads\/sites\/120\/2023\/09\/DSC_0318-1536x1024.jpg 1536w, https:\/\/agrupacionespsoe.es\/melilla\/wp-content\/uploads\/sites\/120\/2023\/09\/DSC_0318-2048x1365.jpg 2048w\" sizes=\"auto, (max-width: 1024px) 100vw, 1024px\" \/><\/figure>\n\n\n\n<p>La Secretaria General del PSOE y Portavoz del Grupo Socialista en la Asamblea de Melilla, Gloria Rojas, ha lamentado que el Presidente Local, Juan Jos\u00e9 Imbroda, no haya dado un discurso institucional con motivo del D\u00eda de Melilla, sino \u201ccomo todos los a\u00f1os, un mitin pol\u00edtico lleno de promesas que no van a cumplir, porque ya han gobernado 20 a\u00f1os\u201d.<\/p>\n\n\n\n<p>La l\u00edder socialista ha reconocido que no le ha gustado la intervenci\u00f3n del primer edil de la Ciudad. \u201cNos ha parecido un discurso solo enfocado a los suyos, a los votantes del Partido Popular\u201d, ha censurado.<\/p>\n\n\n\n<p>Rojas que le ha instado a ser institucional en las pr\u00f3ximas ediciones del D\u00eda de Melilla, ha recordado que lo sucedido en el d\u00eda de hoy no es algo nuevo. \u201cNo puede ser que cada a\u00f1o, a\u00f1o tras a\u00f1o, el discurso del D\u00eda de Melilla sea un mitin electoral. No puede ser\u201d, ha subrayado, y ha se\u00f1alado que \u201cImbroda, evidentemente es Presidente, pero hay muchos miles de melillenses que no le hemos votado. Y somos tan melillenses y tan espa\u00f1oles como los dem\u00e1s\u201d.<\/p>\n\n\n\n<p>Gloria Rojas ha apuntado que su formaci\u00f3n siempre ha querido que un d\u00eda tan se\u00f1alado como el de hoy sea institucional y, de hecho, se ha referido al a\u00f1o 2022, cuando el Presidente era Eduardo De Castro: \u201cHubo algunos aspectos del discurso que no nos gustaron y yo, como Vicepresidenta, critiqu\u00e9\u201d.<\/p>\n\n\n\n<p>En contraposici\u00f3n se ha referido a las palabras que la entonces Consejera de Cultura, la socialista Elena Fern\u00e1ndez Trevi\u00f1o, hizo a los homenajeados en la edici\u00f3n de 2022, -Javier Imbroda y Carlos Baeza-, \u201cdonde hizo un homenaje estupendo a ambos\u201d. \u201cCreo que a los que a los que les dimos la Medalla de Oro el a\u00f1o pasado no se merecen en absoluto las cosas que ha dicho Imbroda y que no ven\u00edan a cuento\u201d, ha apostillado.<\/p>\n\n\n\n<p>La l\u00edder del PSOE local tambi\u00e9n se ha referido a las palabras de Moreno a quien ha agradecido que se haya desplazado personalmente a recoger la Medalla de Oro de la Ciudad, as\u00ed como que haya tenido \u201cun discurso con el que puedes o no estar de acuerdo, pero ha sido comedido, educado y correcto\u201d.<\/p>\n\n\n\n<p><strong>Mentiras de Imbroda<\/strong><\/p>\n\n\n\n<p>La n\u00famero uno de los socialistas locales se ha referido al algunas cuestiones abordadas por Imbroda en sus palabras y las ha rebatido, como cuando se ha referido a la mayor presencia del Estado en la Ciudad. \u201c\u00bfCu\u00e1ndo ha habido presencia del Estado en la Ciudad cuando gobierna el Partido Popular?\u201d, se ha preguntado y ha recordado que \u201cno ha venido jam\u00e1s ni un Presidente del Gobierno del PP a Melilla\u201d o que cuando vinieron los Reyes em\u00e9ritos gobernaba Jos\u00e9 Luis Rodr\u00edguez Zapatero en el Estado.<\/p>\n\n\n\n<p>Tambi\u00e9n ha recordado que los populares, cuando gobiernan, \u201cparalizan todas las infraestructuras que el PSOE pone en marcha\u201d o que las mayores inversiones que ha recibido Melilla se producen siempre con Ejecutivos Socialistas.<\/p>\n\n\n\n<p>En lo que respecta a la Universidad, Rojas ha echado en cara a los populares que el edificio de correos \u201clo podr\u00edan haber puesto en marcha desde el a\u00f1o 2015\u201d o que el pabell\u00f3n universitario que se ha puesto en marcha gracias al Gobierno del que Rojas fue Vicepresidenta y a la gesti\u00f3n del Campus Universitario de Melilla.<\/p>\n\n\n\n<p>\u201cCuando dice que no hay derecho a que el Gobierno central no tenga el presupuesto suficiente para la universidad, hay que recordarle que el que quit\u00f3 el presupuesto de la Universidad de Granada (UGR) en Melilla fue Rajoy\u201d, ha apuntado.<\/p>\n\n\n\n<p><strong>Fuegos artificiales sin ruido<\/strong><\/p>\n\n\n\n<p>Por \u00faltimo la Secretaria General del PSOE se ha referido a que Trevi\u00f1o, como Consejera, anunci\u00f3 que, cuando finalizase el contrato de los fuegos artificiales actual se iba a hacer un contrato de fuegos artificiales sin ruido.<\/p>\n\n\n\n<p>Sin embargo, \u201cFrancisco D\u00edaz, en esta faceta de coordinador de Festejos que todav\u00eda no existe, ha dicho que ni lo contempla\u201d, ha lamentado. Por ello, ha pedido al Ejecutivo actual que los pr\u00f3ximos contratos de fuegos artificiales los hagan sin ruido \u201cpor todas esas personas de diversidad funcional y a los que les molesta el ruido\u201d.<\/p>\n","protected":false},"excerpt":{"rendered":"<p>Sobre la presencia del Estado recuerda que los presidentes que han venido son socialistas y que los Reyes vinieron con el Gobierno Zapatero La Secretaria General del PSOE y Portavoz del Grupo Socialista en la Asamblea de Melilla, Gloria Rojas, ha lamentado que el Presidente Local, Juan Jos\u00e9 Imbroda, no haya dado un discurso institucional &#8230;<\/p>\n","protected":false},"author":187,"featured_media":0,"comment_status":"open","ping_status":"open","sticky":false,"template":"","format":"standard","meta":{"_jetpack_memberships_contains_paid_content":false,"footnotes":""},"categories":[1],"tags":[],"class_list":["post-481","post","type-post","status-publish","format-standard","hentry","category-sin-categoria"],"yoast_head":"<!-- This site is optimized with the Yoast SEO plugin v24.0 - https:\/\/yoast.com\/wordpress\/plugins\/seo\/ -->\n<title>Rojas censura que Imbroda haga un mitin en lugar de un discurso institucional en el D\u00eda de Melilla - Agrupaci\u00f3n Socialista de Melilla<\/title>\n<meta name=\"robots\" content=\"index, follow, max-snippet:-1, max-image-preview:large, max-video-preview:-1\" \/>\n<link rel=\"canonical\" href=\"https:\/\/agrupacionespsoe.es\/melilla\/rojas-censura-que-imbroda-haga-un-mitin-en-lugar-de-un-discurso-institucional-en-el-dia-de-melilla\/\" \/>\n<meta property=\"og:locale\" content=\"es_ES\" \/>\n<meta property=\"og:type\" content=\"article\" \/>\n<meta property=\"og:title\" content=\"Rojas censura que Imbroda haga un mitin en lugar de un discurso institucional en el D\u00eda de Melilla - Agrupaci\u00f3n Socialista de Melilla\" \/>\n<meta property=\"og:description\" content=\"Sobre la presencia del Estado recuerda que los presidentes que han venido son socialistas y que los Reyes vinieron con el Gobierno Zapatero La Secretaria General del PSOE y Portavoz del Grupo Socialista en la Asamblea de Melilla, Gloria Rojas, ha lamentado que el Presidente Local, Juan Jos\u00e9 Imbroda, no haya dado un discurso institucional ...\" \/>\n<meta property=\"og:url\" content=\"https:\/\/agrupacionespsoe.es\/melilla\/rojas-censura-que-imbroda-haga-un-mitin-en-lugar-de-un-discurso-institucional-en-el-dia-de-melilla\/\" \/>\n<meta property=\"og:site_name\" content=\"Agrupaci\u00f3n Socialista de Melilla\" \/>\n<meta property=\"article:published_time\" content=\"2023-09-17T21:20:17+00:00\" \/>\n<meta property=\"article:modified_time\" content=\"2023-09-17T21:20:18+00:00\" \/>\n<meta property=\"og:image\" content=\"https:\/\/agrupacionespsoe.es\/melilla\/wp-content\/uploads\/sites\/120\/2023\/09\/DSC_0318-1024x683.jpg\" \/>\n<meta name=\"author\" content=\"melilla2\" \/>\n<meta name=\"twitter:card\" content=\"summary_large_image\" \/>\n<meta name=\"twitter:label1\" content=\"Escrito por\" \/>\n\t<meta name=\"twitter:data1\" content=\"melilla2\" \/>\n\t<meta name=\"twitter:label2\" content=\"Tiempo de lectura\" \/>\n\t<meta name=\"twitter:data2\" content=\"4 minutos\" \/>\n<script type=\"application\/ld+json\" class=\"yoast-schema-graph\">{\"@context\":\"https:\/\/schema.org\",\"@graph\":[{\"@type\":\"Article\",\"@id\":\"https:\/\/agrupacionespsoe.es\/melilla\/rojas-censura-que-imbroda-haga-un-mitin-en-lugar-de-un-discurso-institucional-en-el-dia-de-melilla\/#article\",\"isPartOf\":{\"@id\":\"https:\/\/agrupacionespsoe.es\/melilla\/rojas-censura-que-imbroda-haga-un-mitin-en-lugar-de-un-discurso-institucional-en-el-dia-de-melilla\/\"},\"author\":{\"name\":\"melilla2\",\"@id\":\"https:\/\/agrupacionespsoe.es\/melilla\/#\/schema\/person\/72bb3075a827d0ed0623682b96c92bd6\"},\"headline\":\"Rojas censura que Imbroda haga un mitin en lugar de un discurso institucional en el D\u00eda de Melilla\",\"datePublished\":\"2023-09-17T21:20:17+00:00\",\"dateModified\":\"2023-09-17T21:20:18+00:00\",\"mainEntityOfPage\":{\"@id\":\"https:\/\/agrupacionespsoe.es\/melilla\/rojas-censura-que-imbroda-haga-un-mitin-en-lugar-de-un-discurso-institucional-en-el-dia-de-melilla\/\"},\"wordCount\":758,\"commentCount\":0,\"publisher\":{\"@id\":\"https:\/\/agrupacionespsoe.es\/melilla\/#organization\"},\"image\":{\"@id\":\"https:\/\/agrupacionespsoe.es\/melilla\/rojas-censura-que-imbroda-haga-un-mitin-en-lugar-de-un-discurso-institucional-en-el-dia-de-melilla\/#primaryimage\"},\"thumbnailUrl\":\"https:\/\/agrupacionespsoe.es\/melilla\/wp-content\/uploads\/sites\/120\/2023\/09\/DSC_0318-1024x683.jpg\",\"inLanguage\":\"es\",\"potentialAction\":[{\"@type\":\"CommentAction\",\"name\":\"Comment\",\"target\":[\"https:\/\/agrupacionespsoe.es\/melilla\/rojas-censura-que-imbroda-haga-un-mitin-en-lugar-de-un-discurso-institucional-en-el-dia-de-melilla\/#respond\"]}]},{\"@type\":\"WebPage\",\"@id\":\"https:\/\/agrupacionespsoe.es\/melilla\/rojas-censura-que-imbroda-haga-un-mitin-en-lugar-de-un-discurso-institucional-en-el-dia-de-melilla\/\",\"url\":\"https:\/\/agrupacionespsoe.es\/melilla\/rojas-censura-que-imbroda-haga-un-mitin-en-lugar-de-un-discurso-institucional-en-el-dia-de-melilla\/\",\"name\":\"Rojas censura que Imbroda haga un mitin en lugar de un discurso institucional en el D\u00eda de Melilla - Agrupaci\u00f3n Socialista de Melilla\",\"isPartOf\":{\"@id\":\"https:\/\/agrupacionespsoe.es\/melilla\/#website\"},\"primaryImageOfPage\":{\"@id\":\"https:\/\/agrupacionespsoe.es\/melilla\/rojas-censura-que-imbroda-haga-un-mitin-en-lugar-de-un-discurso-institucional-en-el-dia-de-melilla\/#primaryimage\"},\"image\":{\"@id\":\"https:\/\/agrupacionespsoe.es\/melilla\/rojas-censura-que-imbroda-haga-un-mitin-en-lugar-de-un-discurso-institucional-en-el-dia-de-melilla\/#primaryimage\"},\"thumbnailUrl\":\"https:\/\/agrupacionespsoe.es\/melilla\/wp-content\/uploads\/sites\/120\/2023\/09\/DSC_0318-1024x683.jpg\",\"datePublished\":\"2023-09-17T21:20:17+00:00\",\"dateModified\":\"2023-09-17T21:20:18+00:00\",\"breadcrumb\":{\"@id\":\"https:\/\/agrupacionespsoe.es\/melilla\/rojas-censura-que-imbroda-haga-un-mitin-en-lugar-de-un-discurso-institucional-en-el-dia-de-melilla\/#breadcrumb\"},\"inLanguage\":\"es\",\"potentialAction\":[{\"@type\":\"ReadAction\",\"target\":[\"https:\/\/agrupacionespsoe.es\/melilla\/rojas-censura-que-imbroda-haga-un-mitin-en-lugar-de-un-discurso-institucional-en-el-dia-de-melilla\/\"]}]},{\"@type\":\"ImageObject\",\"inLanguage\":\"es\",\"@id\":\"https:\/\/agrupacionespsoe.es\/melilla\/rojas-censura-que-imbroda-haga-un-mitin-en-lugar-de-un-discurso-institucional-en-el-dia-de-melilla\/#primaryimage\",\"url\":\"https:\/\/agrupacionespsoe.es\/melilla\/wp-content\/uploads\/sites\/120\/2023\/09\/DSC_0318-scaled.jpg\",\"contentUrl\":\"https:\/\/agrupacionespsoe.es\/melilla\/wp-content\/uploads\/sites\/120\/2023\/09\/DSC_0318-scaled.jpg\",\"width\":2560,\"height\":1707},{\"@type\":\"BreadcrumbList\",\"@id\":\"https:\/\/agrupacionespsoe.es\/melilla\/rojas-censura-que-imbroda-haga-un-mitin-en-lugar-de-un-discurso-institucional-en-el-dia-de-melilla\/#breadcrumb\",\"itemListElement\":[{\"@type\":\"ListItem\",\"position\":1,\"name\":\"Portada\",\"item\":\"https:\/\/agrupacionespsoe.es\/melilla\/\"},{\"@type\":\"ListItem\",\"position\":2,\"name\":\"Rojas censura que Imbroda haga un mitin en lugar de un discurso institucional en el D\u00eda de Melilla\"}]},{\"@type\":\"WebSite\",\"@id\":\"https:\/\/agrupacionespsoe.es\/melilla\/#website\",\"url\":\"https:\/\/agrupacionespsoe.es\/melilla\/\",\"name\":\"Agrupaci\u00f3n Socialista de Melilla\",\"description\":\"Agrupaci\u00f3n Socialista de Melilla\",\"publisher\":{\"@id\":\"https:\/\/agrupacionespsoe.es\/melilla\/#organization\"},\"potentialAction\":[{\"@type\":\"SearchAction\",\"target\":{\"@type\":\"EntryPoint\",\"urlTemplate\":\"https:\/\/agrupacionespsoe.es\/melilla\/?s={search_term_string}\"},\"query-input\":{\"@type\":\"PropertyValueSpecification\",\"valueRequired\":true,\"valueName\":\"search_term_string\"}}],\"inLanguage\":\"es\"},{\"@type\":\"Organization\",\"@id\":\"https:\/\/agrupacionespsoe.es\/melilla\/#organization\",\"name\":\"Agrupaci\u00f3n Socialista de Melilla\",\"url\":\"https:\/\/agrupacionespsoe.es\/melilla\/\",\"logo\":{\"@type\":\"ImageObject\",\"inLanguage\":\"es\",\"@id\":\"https:\/\/agrupacionespsoe.es\/melilla\/#\/schema\/logo\/image\/\",\"url\":\"https:\/\/agrupacionespsoe.es\/wp-content\/uploads\/2022\/07\/Logotipo_electoral_del_PSOE.png\",\"contentUrl\":\"https:\/\/agrupacionespsoe.es\/wp-content\/uploads\/2022\/07\/Logotipo_electoral_del_PSOE.png\",\"width\":422,\"height\":422,\"caption\":\"Agrupaci\u00f3n Socialista de Melilla\"},\"image\":{\"@id\":\"https:\/\/agrupacionespsoe.es\/melilla\/#\/schema\/logo\/image\/\"}},{\"@type\":\"Person\",\"@id\":\"https:\/\/agrupacionespsoe.es\/melilla\/#\/schema\/person\/72bb3075a827d0ed0623682b96c92bd6\",\"name\":\"melilla2\",\"image\":{\"@type\":\"ImageObject\",\"inLanguage\":\"es\",\"@id\":\"https:\/\/agrupacionespsoe.es\/melilla\/#\/schema\/person\/image\/\",\"url\":\"https:\/\/secure.gravatar.com\/avatar\/489a178e794e59f00db13a448aabca16?s=96&d=mm&r=g\",\"contentUrl\":\"https:\/\/secure.gravatar.com\/avatar\/489a178e794e59f00db13a448aabca16?s=96&d=mm&r=g\",\"caption\":\"melilla2\"},\"url\":\"https:\/\/agrupacionespsoe.es\/melilla\/author\/melilla2\/\"}]}<\/script>\n<!-- \/ Yoast SEO plugin. -->","yoast_head_json":{"title":"Rojas censura que Imbroda haga un mitin en lugar de un discurso institucional en el D\u00eda de Melilla - Agrupaci\u00f3n Socialista de Melilla","robots":{"index":"index","follow":"follow","max-snippet":"max-snippet:-1","max-image-preview":"max-image-preview:large","max-video-preview":"max-video-preview:-1"},"canonical":"https:\/\/agrupacionespsoe.es\/melilla\/rojas-censura-que-imbroda-haga-un-mitin-en-lugar-de-un-discurso-institucional-en-el-dia-de-melilla\/","og_locale":"es_ES","og_type":"article","og_title":"Rojas censura que Imbroda haga un mitin en lugar de un discurso institucional en el D\u00eda de Melilla - Agrupaci\u00f3n Socialista de Melilla","og_description":"Sobre la presencia del Estado recuerda que los presidentes que han venido son socialistas y que los Reyes vinieron con el Gobierno Zapatero La Secretaria General del PSOE y Portavoz del Grupo Socialista en la Asamblea de Melilla, Gloria Rojas, ha lamentado que el Presidente Local, Juan Jos\u00e9 Imbroda, no haya dado un discurso institucional ...","og_url":"https:\/\/agrupacionespsoe.es\/melilla\/rojas-censura-que-imbroda-haga-un-mitin-en-lugar-de-un-discurso-institucional-en-el-dia-de-melilla\/","og_site_name":"Agrupaci\u00f3n Socialista de Melilla","article_published_time":"2023-09-17T21:20:17+00:00","article_modified_time":"2023-09-17T21:20:18+00:00","og_image":[{"url":"https:\/\/agrupacionespsoe.es\/melilla\/wp-content\/uploads\/sites\/120\/2023\/09\/DSC_0318-1024x683.jpg","type":"","width":"","height":""}],"author":"melilla2","twitter_card":"summary_large_image","twitter_misc":{"Escrito por":"melilla2","Tiempo de lectura":"4 minutos"},"schema":{"@context":"https:\/\/schema.org","@graph":[{"@type":"Article","@id":"https:\/\/agrupacionespsoe.es\/melilla\/rojas-censura-que-imbroda-haga-un-mitin-en-lugar-de-un-discurso-institucional-en-el-dia-de-melilla\/#article","isPartOf":{"@id":"https:\/\/agrupacionespsoe.es\/melilla\/rojas-censura-que-imbroda-haga-un-mitin-en-lugar-de-un-discurso-institucional-en-el-dia-de-melilla\/"},"author":{"name":"melilla2","@id":"https:\/\/agrupacionespsoe.es\/melilla\/#\/schema\/person\/72bb3075a827d0ed0623682b96c92bd6"},"headline":"Rojas censura que Imbroda haga un mitin en lugar de un discurso institucional en el D\u00eda de Melilla","datePublished":"2023-09-17T21:20:17+00:00","dateModified":"2023-09-17T21:20:18+00:00","mainEntityOfPage":{"@id":"https:\/\/agrupacionespsoe.es\/melilla\/rojas-censura-que-imbroda-haga-un-mitin-en-lugar-de-un-discurso-institucional-en-el-dia-de-melilla\/"},"wordCount":758,"commentCount":0,"publisher":{"@id":"https:\/\/agrupacionespsoe.es\/melilla\/#organization"},"image":{"@id":"https:\/\/agrupacionespsoe.es\/melilla\/rojas-censura-que-imbroda-haga-un-mitin-en-lugar-de-un-discurso-institucional-en-el-dia-de-melilla\/#primaryimage"},"thumbnailUrl":"https:\/\/agrupacionespsoe.es\/melilla\/wp-content\/uploads\/sites\/120\/2023\/09\/DSC_0318-1024x683.jpg","inLanguage":"es","potentialAction":[{"@type":"CommentAction","name":"Comment","target":["https:\/\/agrupacionespsoe.es\/melilla\/rojas-censura-que-imbroda-haga-un-mitin-en-lugar-de-un-discurso-institucional-en-el-dia-de-melilla\/#respond"]}]},{"@type":"WebPage","@id":"https:\/\/agrupacionespsoe.es\/melilla\/rojas-censura-que-imbroda-haga-un-mitin-en-lugar-de-un-discurso-institucional-en-el-dia-de-melilla\/","url":"https:\/\/agrupacionespsoe.es\/melilla\/rojas-censura-que-imbroda-haga-un-mitin-en-lugar-de-un-discurso-institucional-en-el-dia-de-melilla\/","name":"Rojas censura que Imbroda haga un mitin en lugar de un discurso institucional en el D\u00eda de Melilla - Agrupaci\u00f3n Socialista de Melilla","isPartOf":{"@id":"https:\/\/agrupacionespsoe.es\/melilla\/#website"},"primaryImageOfPage":{"@id":"https:\/\/agrupacionespsoe.es\/melilla\/rojas-censura-que-imbroda-haga-un-mitin-en-lugar-de-un-discurso-institucional-en-el-dia-de-melilla\/#primaryimage"},"image":{"@id":"https:\/\/agrupacionespsoe.es\/melilla\/rojas-censura-que-imbroda-haga-un-mitin-en-lugar-de-un-discurso-institucional-en-el-dia-de-melilla\/#primaryimage"},"thumbnailUrl":"https:\/\/agrupacionespsoe.es\/melilla\/wp-content\/uploads\/sites\/120\/2023\/09\/DSC_0318-1024x683.jpg","datePublished":"2023-09-17T21:20:17+00:00","dateModified":"2023-09-17T21:20:18+00:00","breadcrumb":{"@id":"https:\/\/agrupacionespsoe.es\/melilla\/rojas-censura-que-imbroda-haga-un-mitin-en-lugar-de-un-discurso-institucional-en-el-dia-de-melilla\/#breadcrumb"},"inLanguage":"es","potentialAction":[{"@type":"ReadAction","target":["https:\/\/agrupacionespsoe.es\/melilla\/rojas-censura-que-imbroda-haga-un-mitin-en-lugar-de-un-discurso-institucional-en-el-dia-de-melilla\/"]}]},{"@type":"ImageObject","inLanguage":"es","@id":"https:\/\/agrupacionespsoe.es\/melilla\/rojas-censura-que-imbroda-haga-un-mitin-en-lugar-de-un-discurso-institucional-en-el-dia-de-melilla\/#primaryimage","url":"https:\/\/agrupacionespsoe.es\/melilla\/wp-content\/uploads\/sites\/120\/2023\/09\/DSC_0318-scaled.jpg","contentUrl":"https:\/\/agrupacionespsoe.es\/melilla\/wp-content\/uploads\/sites\/120\/2023\/09\/DSC_0318-scaled.jpg","width":2560,"height":1707},{"@type":"BreadcrumbList","@id":"https:\/\/agrupacionespsoe.es\/melilla\/rojas-censura-que-imbroda-haga-un-mitin-en-lugar-de-un-discurso-institucional-en-el-dia-de-melilla\/#breadcrumb","itemListElement":[{"@type":"ListItem","position":1,"name":"Portada","item":"https:\/\/agrupacionespsoe.es\/melilla\/"},{"@type":"ListItem","position":2,"name":"Rojas censura que Imbroda haga un mitin en lugar de un discurso institucional en el D\u00eda de Melilla"}]},{"@type":"WebSite","@id":"https:\/\/agrupacionespsoe.es\/melilla\/#website","url":"https:\/\/agrupacionespsoe.es\/melilla\/","name":"Agrupaci\u00f3n Socialista de Melilla","description":"Agrupaci\u00f3n Socialista de Melilla","publisher":{"@id":"https:\/\/agrupacionespsoe.es\/melilla\/#organization"},"potentialAction":[{"@type":"SearchAction","target":{"@type":"EntryPoint","urlTemplate":"https:\/\/agrupacionespsoe.es\/melilla\/?s={search_term_string}"},"query-input":{"@type":"PropertyValueSpecification","valueRequired":true,"valueName":"search_term_string"}}],"inLanguage":"es"},{"@type":"Organization","@id":"https:\/\/agrupacionespsoe.es\/melilla\/#organization","name":"Agrupaci\u00f3n Socialista de Melilla","url":"https:\/\/agrupacionespsoe.es\/melilla\/","logo":{"@type":"ImageObject","inLanguage":"es","@id":"https:\/\/agrupacionespsoe.es\/melilla\/#\/schema\/logo\/image\/","url":"https:\/\/agrupacionespsoe.es\/wp-content\/uploads\/2022\/07\/Logotipo_electoral_del_PSOE.png","contentUrl":"https:\/\/agrupacionespsoe.es\/wp-content\/uploads\/2022\/07\/Logotipo_electoral_del_PSOE.png","width":422,"height":422,"caption":"Agrupaci\u00f3n Socialista de Melilla"},"image":{"@id":"https:\/\/agrupacionespsoe.es\/melilla\/#\/schema\/logo\/image\/"}},{"@type":"Person","@id":"https:\/\/agrupacionespsoe.es\/melilla\/#\/schema\/person\/72bb3075a827d0ed0623682b96c92bd6","name":"melilla2","image":{"@type":"ImageObject","inLanguage":"es","@id":"https:\/\/agrupacionespsoe.es\/melilla\/#\/schema\/person\/image\/","url":"https:\/\/secure.gravatar.com\/avatar\/489a178e794e59f00db13a448aabca16?s=96&d=mm&r=g","contentUrl":"https:\/\/secure.gravatar.com\/avatar\/489a178e794e59f00db13a448aabca16?s=96&d=mm&r=g","caption":"melilla2"},"url":"https:\/\/agrupacionespsoe.es\/melilla\/author\/melilla2\/"}]}},"jetpack_featured_media_url":"","jetpack_sharing_enabled":true,"_links":{"self":[{"href":"https:\/\/agrupacionespsoe.es\/melilla\/wp-json\/wp\/v2\/posts\/481","targetHints":{"allow":["GET"]}}],"collection":[{"href":"https:\/\/agrupacionespsoe.es\/melilla\/wp-json\/wp\/v2\/posts"}],"about":[{"href":"https:\/\/agrupacionespsoe.es\/melilla\/wp-json\/wp\/v2\/types\/post"}],"author":[{"embeddable":true,"href":"https:\/\/agrupacionespsoe.es\/melilla\/wp-json\/wp\/v2\/users\/187"}],"replies":[{"embeddable":true,"href":"https:\/\/agrupacionespsoe.es\/melilla\/wp-json\/wp\/v2\/comments?post=481"}],"version-history":[{"count":1,"href":"https:\/\/agrupacionespsoe.es\/melilla\/wp-json\/wp\/v2\/posts\/481\/revisions"}],"predecessor-version":[{"id":483,"href":"https:\/\/agrupacionespsoe.es\/melilla\/wp-json\/wp\/v2\/posts\/481\/revisions\/483"}],"wp:attachment":[{"href":"https:\/\/agrupacionespsoe.es\/melilla\/wp-json\/wp\/v2\/media?parent=481"}],"wp:term":[{"taxonomy":"category","embeddable":true,"href":"https:\/\/agrupacionespsoe.es\/melilla\/wp-json\/wp\/v2\/categories?post=481"},{"taxonomy":"post_tag","embeddable":true,"href":"https:\/\/agrupacionespsoe.es\/melilla\/wp-json\/wp\/v2\/tags?post=481"}],"curies":[{"name":"wp","href":"https:\/\/api.w.org\/{rel}","templated":true}]}}