{"id":478,"date":"2023-09-15T12:15:25","date_gmt":"2023-09-15T12:15:25","guid":{"rendered":"https:\/\/agrupacionespsoe.es\/melilla\/?p=478"},"modified":"2023-09-15T12:15:26","modified_gmt":"2023-09-15T12:15:26","slug":"trevino-hemos-arreglado-muchos-de-los-problemas-del-kursaal-causados-por-la-falta-de-mantenimiento-del-pp","status":"publish","type":"post","link":"https:\/\/agrupacionespsoe.es\/melilla\/trevino-hemos-arreglado-muchos-de-los-problemas-del-kursaal-causados-por-la-falta-de-mantenimiento-del-pp\/","title":{"rendered":"Trevi\u00f1o: \u201cHemos arreglado muchos de los problemas del Kursaal causados por la falta de mantenimiento del PP\u201d"},"content":{"rendered":"\n<p><strong>Recuerda que, mientras ella fue la Consejera, acometi\u00f3 muchas mejoras sin cerrar el teatro ni reducir la oferta cultural de la ciudad<\/strong><\/p>\n\n\n\n<figure class=\"wp-block-image size-large\"><img loading=\"lazy\" decoding=\"async\" width=\"1024\" height=\"768\" src=\"https:\/\/agrupacionespsoe.es\/melilla\/wp-content\/uploads\/sites\/120\/2023\/09\/e03c7449-7e49-4381-bd20-1a203ae9e994-1024x768.jpeg\" alt=\"\" class=\"wp-image-479\" srcset=\"https:\/\/agrupacionespsoe.es\/melilla\/wp-content\/uploads\/sites\/120\/2023\/09\/e03c7449-7e49-4381-bd20-1a203ae9e994-1024x768.jpeg 1024w, https:\/\/agrupacionespsoe.es\/melilla\/wp-content\/uploads\/sites\/120\/2023\/09\/e03c7449-7e49-4381-bd20-1a203ae9e994-300x225.jpeg 300w, https:\/\/agrupacionespsoe.es\/melilla\/wp-content\/uploads\/sites\/120\/2023\/09\/e03c7449-7e49-4381-bd20-1a203ae9e994-768x576.jpeg 768w, https:\/\/agrupacionespsoe.es\/melilla\/wp-content\/uploads\/sites\/120\/2023\/09\/e03c7449-7e49-4381-bd20-1a203ae9e994-1536x1152.jpeg 1536w, https:\/\/agrupacionespsoe.es\/melilla\/wp-content\/uploads\/sites\/120\/2023\/09\/e03c7449-7e49-4381-bd20-1a203ae9e994.jpeg 2048w\" sizes=\"auto, (max-width: 1024px) 100vw, 1024px\" \/><\/figure>\n\n\n\n<p>\u201cNosotros \u00e9ramos conocedores de muchos de los defectos del teatro Kursaal por una falta de mantenimiento end\u00e9mica del Gobierno del PP, porque nunca jam\u00e1s se han preocupado de la instalaci\u00f3n del teatro y durante la pasada legislatura hemos ido arreglando muchos de esos problemas\u201d.<\/p>\n\n\n\n<p>La diputada del Grupo Parlamentario Socialista en la Asamblea de Melilla, Elena Fern\u00e1ndez Trevi\u00f1o, en una entrevista concedida a Popular Tv, ha explicado que el PP cre\u00f3 dicha instalaci\u00f3n \u201cpero luego se olvid\u00f3 de su mantenimiento y de su cuidado durante much\u00edsimos a\u00f1os\u201d.<\/p>\n\n\n\n<p>De hecho, ha explicado que, al llegar al cargo de Consejera de Cultura, ante esas deficiencias importantes, \u201cestuvimos preocupados y pendientes\u201d de arreglar las mismas. \u201cNo vais a encontrar ning\u00fan arreglo en la etapa del Partido Popular que tenga que ver con el Kursaal. Todos los arreglos se han acometido estos \u00faltimos a\u00f1os\u201d, ha dejado claro.<\/p>\n\n\n\n<p>As\u00ed, la diputada socialista ha recordado que, en su etapa como Consejera de Cultura, tuvo que empezar de cero. \u201cPrimero hicimos un diagn\u00f3stico de la situaci\u00f3n y luego, poco a poco, se ha cometido de cada una de las cosas que hab\u00eda que arreglarse\u201d, ha relatado y se ha referido a las puertas contra incendios, a la canalizaci\u00f3n del agua y a los controles de sanidad de dicho canales, las ca\u00f1er\u00edas y los pozos, que \u201cjam\u00e1s se hab\u00edan hecho\u201d.<\/p>\n\n\n\n<p>Fern\u00e1ndez Trevi\u00f1o tambi\u00e9n se ha referido al revestimiento que se implement\u00f3 para evitar que se filtrara el agua y cayera directamente al escenario, dado que \u201cnos ha dejado como resultado unas goteras y unas manchas en la pared lateral del Kursaal, a causa de no haber impermeabilizado jam\u00e1s esa cubierta del teatro\u201d.<\/p>\n\n\n\n<p>O la mejora del sistema de sonido e iluminaci\u00f3n: \u201cCompramos una mesa de sonido nueva, la compramos con unos fondos que vinieron del propio Ministerio de Cultura\u201d, ha rememorado.<\/p>\n\n\n\n<p>Tambi\u00e9n ha recordado la renovaci\u00f3n entera del suelo de la sala de ensayos, que estuvo varios meses sin poder abrirse precisamente para acometer esta mejora \u201cy no lo anunciamos a bombo y platillo, simplemente nos pusimos a trabajar\u201d.<\/p>\n\n\n\n<p>La socialista ha explicado que el sistema de climatizaci\u00f3n \u201cestaba mal de origen\u201d. \u201cNosotros nos pusimos a trabajar en los pliegos de la contrataci\u00f3n mayor de la renovaci\u00f3n de ese sistema de climatizaci\u00f3n, que adem\u00e1s es muy complejo\u201d, ha expuesto. \u201cHay un t\u00e9cnico de la Consejer\u00eda que es el gerente de la instalaci\u00f3n cultural y que se hab\u00eda puesto a trabajar en esos pliegos y que los ten\u00eda pr\u00e1cticamente finalizados\u201d, ha agregado.<\/p>\n\n\n\n<p>No solo eso, Elena Fern\u00e1ndez Trevi\u00f1o ha se\u00f1alado que \u201cten\u00edamos claro que lo ten\u00edamos que hacer cerca del verano o en el propio verano para no tener que cerrar el teatro\u201d.<\/p>\n\n\n\n<p><strong>Sin cerrar el teatro<\/strong><\/p>\n\n\n\n<p>\u201cNosotros, en el momento que salimos de la pandemia, encargamos unas comisiones t\u00e9cnicas de revisi\u00f3n del teatro, que nos hicieron un diagn\u00f3stico de c\u00f3mo estaba el teatro en aquel momento y qu\u00e9 necesitaba\u201d, ha recordado.<\/p>\n\n\n\n<p>\u201cSal\u00edamos de una pandemia, donde hab\u00eda que recuperar la cultura\u201d, ha se\u00f1alado y ha apuntado que se puso la cultura \u201cen el eje central de la Consejer\u00eda\u201d. \u201cHemos hecho equilibrios: hemos estado trabajando para arreglar esos defectos end\u00e9micos que ten\u00eda y que no nos lo pon\u00edan sencillo, sin que el teatro dejara de funcionar\u201d, ha expuesto.<\/p>\n\n\n\n<p>Llegados a este punto, ha indicado que, si el PP ahora decide que, para arreglar el teatro, tienen que cerrarlo, \u201cyo me pondr\u00eda a trabajar para seguir ofreciendo cultura\u201d, dado que la programaci\u00f3n estaba cerrada hasta final de diciembre, m\u00e1s a\u00fan cuando se trata del teatro \u201cm\u00e1s importante que tenemos de la ciudad\u201d.<\/p>\n\n\n\n<p>\u201cLamento mucho que hayan tomado esa decisi\u00f3n, creo que no han escuchado a los t\u00e9cnicos, porque creo que se pueden buscar soluciones alternativas, para no terminar con la cultura\u201d, ha aseverado.<\/p>\n\n\n\n<p>Y es que, tal y como ha apuntado el Partido Popular \u201cse ha cargado\u201d el verano cultural. \u201cLos \u00fanicos eventos culturales que ha habido este verano son los eventos que ya hab\u00edamos cerrado con el anterior Gobierno, me refiero a M\u00fasica a la Luna y al Teatro del Hospital del Rey\u201d, ha censurado.<\/p>\n\n\n\n<p>Sin embargo, el resto de verano cultural, como el ciclo del Balc\u00f3n de la Ensenada, u otros ciclos que se llevaban a cabo \u201cno han existido, se los han cargado\u201d.<\/p>\n","protected":false},"excerpt":{"rendered":"<p>Recuerda que, mientras ella fue la Consejera, acometi\u00f3 muchas mejoras sin cerrar el teatro ni reducir la oferta cultural de la ciudad \u201cNosotros \u00e9ramos conocedores de muchos de los defectos del teatro Kursaal por una falta de mantenimiento end\u00e9mica del Gobierno del PP, porque nunca jam\u00e1s se han preocupado de la instalaci\u00f3n del teatro y &#8230;<\/p>\n","protected":false},"author":187,"featured_media":0,"comment_status":"open","ping_status":"open","sticky":false,"template":"","format":"standard","meta":{"_jetpack_memberships_contains_paid_content":false,"footnotes":""},"categories":[1],"tags":[],"class_list":["post-478","post","type-post","status-publish","format-standard","hentry","category-sin-categoria"],"yoast_head":"<!-- This site is optimized with the Yoast SEO plugin v24.0 - https:\/\/yoast.com\/wordpress\/plugins\/seo\/ -->\n<title>Trevi\u00f1o: \u201cHemos arreglado muchos de los problemas del Kursaal causados por la falta de mantenimiento del PP\u201d - Agrupaci\u00f3n Socialista de Melilla<\/title>\n<meta name=\"robots\" content=\"index, follow, max-snippet:-1, max-image-preview:large, max-video-preview:-1\" \/>\n<link rel=\"canonical\" href=\"https:\/\/agrupacionespsoe.es\/melilla\/trevino-hemos-arreglado-muchos-de-los-problemas-del-kursaal-causados-por-la-falta-de-mantenimiento-del-pp\/\" \/>\n<meta property=\"og:locale\" content=\"es_ES\" \/>\n<meta property=\"og:type\" content=\"article\" \/>\n<meta property=\"og:title\" content=\"Trevi\u00f1o: \u201cHemos arreglado muchos de los problemas del Kursaal causados por la falta de mantenimiento del PP\u201d - Agrupaci\u00f3n Socialista de Melilla\" \/>\n<meta property=\"og:description\" content=\"Recuerda que, mientras ella fue la Consejera, acometi\u00f3 muchas mejoras sin cerrar el teatro ni reducir la oferta cultural de la ciudad \u201cNosotros \u00e9ramos conocedores de muchos de los defectos del teatro Kursaal por una falta de mantenimiento end\u00e9mica del Gobierno del PP, porque nunca jam\u00e1s se han preocupado de la instalaci\u00f3n del teatro y ...\" \/>\n<meta property=\"og:url\" content=\"https:\/\/agrupacionespsoe.es\/melilla\/trevino-hemos-arreglado-muchos-de-los-problemas-del-kursaal-causados-por-la-falta-de-mantenimiento-del-pp\/\" \/>\n<meta property=\"og:site_name\" content=\"Agrupaci\u00f3n Socialista de Melilla\" \/>\n<meta property=\"article:published_time\" content=\"2023-09-15T12:15:25+00:00\" \/>\n<meta property=\"article:modified_time\" content=\"2023-09-15T12:15:26+00:00\" \/>\n<meta property=\"og:image\" content=\"https:\/\/agrupacionespsoe.es\/melilla\/wp-content\/uploads\/sites\/120\/2023\/09\/e03c7449-7e49-4381-bd20-1a203ae9e994-1024x768.jpeg\" \/>\n<meta name=\"author\" content=\"melilla2\" \/>\n<meta name=\"twitter:card\" content=\"summary_large_image\" \/>\n<meta name=\"twitter:label1\" content=\"Escrito por\" \/>\n\t<meta name=\"twitter:data1\" content=\"melilla2\" \/>\n\t<meta name=\"twitter:label2\" content=\"Tiempo de lectura\" \/>\n\t<meta name=\"twitter:data2\" content=\"4 minutos\" \/>\n<script type=\"application\/ld+json\" class=\"yoast-schema-graph\">{\"@context\":\"https:\/\/schema.org\",\"@graph\":[{\"@type\":\"Article\",\"@id\":\"https:\/\/agrupacionespsoe.es\/melilla\/trevino-hemos-arreglado-muchos-de-los-problemas-del-kursaal-causados-por-la-falta-de-mantenimiento-del-pp\/#article\",\"isPartOf\":{\"@id\":\"https:\/\/agrupacionespsoe.es\/melilla\/trevino-hemos-arreglado-muchos-de-los-problemas-del-kursaal-causados-por-la-falta-de-mantenimiento-del-pp\/\"},\"author\":{\"name\":\"melilla2\",\"@id\":\"https:\/\/agrupacionespsoe.es\/melilla\/#\/schema\/person\/72bb3075a827d0ed0623682b96c92bd6\"},\"headline\":\"Trevi\u00f1o: \u201cHemos arreglado muchos de los problemas del Kursaal causados por la falta de mantenimiento del PP\u201d\",\"datePublished\":\"2023-09-15T12:15:25+00:00\",\"dateModified\":\"2023-09-15T12:15:26+00:00\",\"mainEntityOfPage\":{\"@id\":\"https:\/\/agrupacionespsoe.es\/melilla\/trevino-hemos-arreglado-muchos-de-los-problemas-del-kursaal-causados-por-la-falta-de-mantenimiento-del-pp\/\"},\"wordCount\":808,\"commentCount\":0,\"publisher\":{\"@id\":\"https:\/\/agrupacionespsoe.es\/melilla\/#organization\"},\"image\":{\"@id\":\"https:\/\/agrupacionespsoe.es\/melilla\/trevino-hemos-arreglado-muchos-de-los-problemas-del-kursaal-causados-por-la-falta-de-mantenimiento-del-pp\/#primaryimage\"},\"thumbnailUrl\":\"https:\/\/agrupacionespsoe.es\/melilla\/wp-content\/uploads\/sites\/120\/2023\/09\/e03c7449-7e49-4381-bd20-1a203ae9e994-1024x768.jpeg\",\"inLanguage\":\"es\",\"potentialAction\":[{\"@type\":\"CommentAction\",\"name\":\"Comment\",\"target\":[\"https:\/\/agrupacionespsoe.es\/melilla\/trevino-hemos-arreglado-muchos-de-los-problemas-del-kursaal-causados-por-la-falta-de-mantenimiento-del-pp\/#respond\"]}]},{\"@type\":\"WebPage\",\"@id\":\"https:\/\/agrupacionespsoe.es\/melilla\/trevino-hemos-arreglado-muchos-de-los-problemas-del-kursaal-causados-por-la-falta-de-mantenimiento-del-pp\/\",\"url\":\"https:\/\/agrupacionespsoe.es\/melilla\/trevino-hemos-arreglado-muchos-de-los-problemas-del-kursaal-causados-por-la-falta-de-mantenimiento-del-pp\/\",\"name\":\"Trevi\u00f1o: \u201cHemos arreglado muchos de los problemas del Kursaal causados por la falta de mantenimiento del PP\u201d - Agrupaci\u00f3n Socialista de Melilla\",\"isPartOf\":{\"@id\":\"https:\/\/agrupacionespsoe.es\/melilla\/#website\"},\"primaryImageOfPage\":{\"@id\":\"https:\/\/agrupacionespsoe.es\/melilla\/trevino-hemos-arreglado-muchos-de-los-problemas-del-kursaal-causados-por-la-falta-de-mantenimiento-del-pp\/#primaryimage\"},\"image\":{\"@id\":\"https:\/\/agrupacionespsoe.es\/melilla\/trevino-hemos-arreglado-muchos-de-los-problemas-del-kursaal-causados-por-la-falta-de-mantenimiento-del-pp\/#primaryimage\"},\"thumbnailUrl\":\"https:\/\/agrupacionespsoe.es\/melilla\/wp-content\/uploads\/sites\/120\/2023\/09\/e03c7449-7e49-4381-bd20-1a203ae9e994-1024x768.jpeg\",\"datePublished\":\"2023-09-15T12:15:25+00:00\",\"dateModified\":\"2023-09-15T12:15:26+00:00\",\"breadcrumb\":{\"@id\":\"https:\/\/agrupacionespsoe.es\/melilla\/trevino-hemos-arreglado-muchos-de-los-problemas-del-kursaal-causados-por-la-falta-de-mantenimiento-del-pp\/#breadcrumb\"},\"inLanguage\":\"es\",\"potentialAction\":[{\"@type\":\"ReadAction\",\"target\":[\"https:\/\/agrupacionespsoe.es\/melilla\/trevino-hemos-arreglado-muchos-de-los-problemas-del-kursaal-causados-por-la-falta-de-mantenimiento-del-pp\/\"]}]},{\"@type\":\"ImageObject\",\"inLanguage\":\"es\",\"@id\":\"https:\/\/agrupacionespsoe.es\/melilla\/trevino-hemos-arreglado-muchos-de-los-problemas-del-kursaal-causados-por-la-falta-de-mantenimiento-del-pp\/#primaryimage\",\"url\":\"https:\/\/agrupacionespsoe.es\/melilla\/wp-content\/uploads\/sites\/120\/2023\/09\/e03c7449-7e49-4381-bd20-1a203ae9e994-1024x768.jpeg\",\"contentUrl\":\"https:\/\/agrupacionespsoe.es\/melilla\/wp-content\/uploads\/sites\/120\/2023\/09\/e03c7449-7e49-4381-bd20-1a203ae9e994-1024x768.jpeg\"},{\"@type\":\"BreadcrumbList\",\"@id\":\"https:\/\/agrupacionespsoe.es\/melilla\/trevino-hemos-arreglado-muchos-de-los-problemas-del-kursaal-causados-por-la-falta-de-mantenimiento-del-pp\/#breadcrumb\",\"itemListElement\":[{\"@type\":\"ListItem\",\"position\":1,\"name\":\"Portada\",\"item\":\"https:\/\/agrupacionespsoe.es\/melilla\/\"},{\"@type\":\"ListItem\",\"position\":2,\"name\":\"Trevi\u00f1o: \u201cHemos arreglado muchos de los problemas del Kursaal causados por la falta de mantenimiento del PP\u201d\"}]},{\"@type\":\"WebSite\",\"@id\":\"https:\/\/agrupacionespsoe.es\/melilla\/#website\",\"url\":\"https:\/\/agrupacionespsoe.es\/melilla\/\",\"name\":\"Agrupaci\u00f3n Socialista de Melilla\",\"description\":\"Agrupaci\u00f3n Socialista de Melilla\",\"publisher\":{\"@id\":\"https:\/\/agrupacionespsoe.es\/melilla\/#organization\"},\"potentialAction\":[{\"@type\":\"SearchAction\",\"target\":{\"@type\":\"EntryPoint\",\"urlTemplate\":\"https:\/\/agrupacionespsoe.es\/melilla\/?s={search_term_string}\"},\"query-input\":{\"@type\":\"PropertyValueSpecification\",\"valueRequired\":true,\"valueName\":\"search_term_string\"}}],\"inLanguage\":\"es\"},{\"@type\":\"Organization\",\"@id\":\"https:\/\/agrupacionespsoe.es\/melilla\/#organization\",\"name\":\"Agrupaci\u00f3n Socialista de Melilla\",\"url\":\"https:\/\/agrupacionespsoe.es\/melilla\/\",\"logo\":{\"@type\":\"ImageObject\",\"inLanguage\":\"es\",\"@id\":\"https:\/\/agrupacionespsoe.es\/melilla\/#\/schema\/logo\/image\/\",\"url\":\"https:\/\/agrupacionespsoe.es\/wp-content\/uploads\/2022\/07\/Logotipo_electoral_del_PSOE.png\",\"contentUrl\":\"https:\/\/agrupacionespsoe.es\/wp-content\/uploads\/2022\/07\/Logotipo_electoral_del_PSOE.png\",\"width\":422,\"height\":422,\"caption\":\"Agrupaci\u00f3n Socialista de Melilla\"},\"image\":{\"@id\":\"https:\/\/agrupacionespsoe.es\/melilla\/#\/schema\/logo\/image\/\"}},{\"@type\":\"Person\",\"@id\":\"https:\/\/agrupacionespsoe.es\/melilla\/#\/schema\/person\/72bb3075a827d0ed0623682b96c92bd6\",\"name\":\"melilla2\",\"image\":{\"@type\":\"ImageObject\",\"inLanguage\":\"es\",\"@id\":\"https:\/\/agrupacionespsoe.es\/melilla\/#\/schema\/person\/image\/\",\"url\":\"https:\/\/secure.gravatar.com\/avatar\/489a178e794e59f00db13a448aabca16?s=96&d=mm&r=g\",\"contentUrl\":\"https:\/\/secure.gravatar.com\/avatar\/489a178e794e59f00db13a448aabca16?s=96&d=mm&r=g\",\"caption\":\"melilla2\"},\"url\":\"https:\/\/agrupacionespsoe.es\/melilla\/author\/melilla2\/\"}]}<\/script>\n<!-- \/ Yoast SEO plugin. -->","yoast_head_json":{"title":"Trevi\u00f1o: \u201cHemos arreglado muchos de los problemas del Kursaal causados por la falta de mantenimiento del PP\u201d - Agrupaci\u00f3n Socialista de Melilla","robots":{"index":"index","follow":"follow","max-snippet":"max-snippet:-1","max-image-preview":"max-image-preview:large","max-video-preview":"max-video-preview:-1"},"canonical":"https:\/\/agrupacionespsoe.es\/melilla\/trevino-hemos-arreglado-muchos-de-los-problemas-del-kursaal-causados-por-la-falta-de-mantenimiento-del-pp\/","og_locale":"es_ES","og_type":"article","og_title":"Trevi\u00f1o: \u201cHemos arreglado muchos de los problemas del Kursaal causados por la falta de mantenimiento del PP\u201d - Agrupaci\u00f3n Socialista de Melilla","og_description":"Recuerda que, mientras ella fue la Consejera, acometi\u00f3 muchas mejoras sin cerrar el teatro ni reducir la oferta cultural de la ciudad \u201cNosotros \u00e9ramos conocedores de muchos de los defectos del teatro Kursaal por una falta de mantenimiento end\u00e9mica del Gobierno del PP, porque nunca jam\u00e1s se han preocupado de la instalaci\u00f3n del teatro y ...","og_url":"https:\/\/agrupacionespsoe.es\/melilla\/trevino-hemos-arreglado-muchos-de-los-problemas-del-kursaal-causados-por-la-falta-de-mantenimiento-del-pp\/","og_site_name":"Agrupaci\u00f3n Socialista de Melilla","article_published_time":"2023-09-15T12:15:25+00:00","article_modified_time":"2023-09-15T12:15:26+00:00","og_image":[{"url":"https:\/\/agrupacionespsoe.es\/melilla\/wp-content\/uploads\/sites\/120\/2023\/09\/e03c7449-7e49-4381-bd20-1a203ae9e994-1024x768.jpeg","type":"","width":"","height":""}],"author":"melilla2","twitter_card":"summary_large_image","twitter_misc":{"Escrito por":"melilla2","Tiempo de lectura":"4 minutos"},"schema":{"@context":"https:\/\/schema.org","@graph":[{"@type":"Article","@id":"https:\/\/agrupacionespsoe.es\/melilla\/trevino-hemos-arreglado-muchos-de-los-problemas-del-kursaal-causados-por-la-falta-de-mantenimiento-del-pp\/#article","isPartOf":{"@id":"https:\/\/agrupacionespsoe.es\/melilla\/trevino-hemos-arreglado-muchos-de-los-problemas-del-kursaal-causados-por-la-falta-de-mantenimiento-del-pp\/"},"author":{"name":"melilla2","@id":"https:\/\/agrupacionespsoe.es\/melilla\/#\/schema\/person\/72bb3075a827d0ed0623682b96c92bd6"},"headline":"Trevi\u00f1o: \u201cHemos arreglado muchos de los problemas del Kursaal causados por la falta de mantenimiento del PP\u201d","datePublished":"2023-09-15T12:15:25+00:00","dateModified":"2023-09-15T12:15:26+00:00","mainEntityOfPage":{"@id":"https:\/\/agrupacionespsoe.es\/melilla\/trevino-hemos-arreglado-muchos-de-los-problemas-del-kursaal-causados-por-la-falta-de-mantenimiento-del-pp\/"},"wordCount":808,"commentCount":0,"publisher":{"@id":"https:\/\/agrupacionespsoe.es\/melilla\/#organization"},"image":{"@id":"https:\/\/agrupacionespsoe.es\/melilla\/trevino-hemos-arreglado-muchos-de-los-problemas-del-kursaal-causados-por-la-falta-de-mantenimiento-del-pp\/#primaryimage"},"thumbnailUrl":"https:\/\/agrupacionespsoe.es\/melilla\/wp-content\/uploads\/sites\/120\/2023\/09\/e03c7449-7e49-4381-bd20-1a203ae9e994-1024x768.jpeg","inLanguage":"es","potentialAction":[{"@type":"CommentAction","name":"Comment","target":["https:\/\/agrupacionespsoe.es\/melilla\/trevino-hemos-arreglado-muchos-de-los-problemas-del-kursaal-causados-por-la-falta-de-mantenimiento-del-pp\/#respond"]}]},{"@type":"WebPage","@id":"https:\/\/agrupacionespsoe.es\/melilla\/trevino-hemos-arreglado-muchos-de-los-problemas-del-kursaal-causados-por-la-falta-de-mantenimiento-del-pp\/","url":"https:\/\/agrupacionespsoe.es\/melilla\/trevino-hemos-arreglado-muchos-de-los-problemas-del-kursaal-causados-por-la-falta-de-mantenimiento-del-pp\/","name":"Trevi\u00f1o: \u201cHemos arreglado muchos de los problemas del Kursaal causados por la falta de mantenimiento del PP\u201d - Agrupaci\u00f3n Socialista de Melilla","isPartOf":{"@id":"https:\/\/agrupacionespsoe.es\/melilla\/#website"},"primaryImageOfPage":{"@id":"https:\/\/agrupacionespsoe.es\/melilla\/trevino-hemos-arreglado-muchos-de-los-problemas-del-kursaal-causados-por-la-falta-de-mantenimiento-del-pp\/#primaryimage"},"image":{"@id":"https:\/\/agrupacionespsoe.es\/melilla\/trevino-hemos-arreglado-muchos-de-los-problemas-del-kursaal-causados-por-la-falta-de-mantenimiento-del-pp\/#primaryimage"},"thumbnailUrl":"https:\/\/agrupacionespsoe.es\/melilla\/wp-content\/uploads\/sites\/120\/2023\/09\/e03c7449-7e49-4381-bd20-1a203ae9e994-1024x768.jpeg","datePublished":"2023-09-15T12:15:25+00:00","dateModified":"2023-09-15T12:15:26+00:00","breadcrumb":{"@id":"https:\/\/agrupacionespsoe.es\/melilla\/trevino-hemos-arreglado-muchos-de-los-problemas-del-kursaal-causados-por-la-falta-de-mantenimiento-del-pp\/#breadcrumb"},"inLanguage":"es","potentialAction":[{"@type":"ReadAction","target":["https:\/\/agrupacionespsoe.es\/melilla\/trevino-hemos-arreglado-muchos-de-los-problemas-del-kursaal-causados-por-la-falta-de-mantenimiento-del-pp\/"]}]},{"@type":"ImageObject","inLanguage":"es","@id":"https:\/\/agrupacionespsoe.es\/melilla\/trevino-hemos-arreglado-muchos-de-los-problemas-del-kursaal-causados-por-la-falta-de-mantenimiento-del-pp\/#primaryimage","url":"https:\/\/agrupacionespsoe.es\/melilla\/wp-content\/uploads\/sites\/120\/2023\/09\/e03c7449-7e49-4381-bd20-1a203ae9e994-1024x768.jpeg","contentUrl":"https:\/\/agrupacionespsoe.es\/melilla\/wp-content\/uploads\/sites\/120\/2023\/09\/e03c7449-7e49-4381-bd20-1a203ae9e994-1024x768.jpeg"},{"@type":"BreadcrumbList","@id":"https:\/\/agrupacionespsoe.es\/melilla\/trevino-hemos-arreglado-muchos-de-los-problemas-del-kursaal-causados-por-la-falta-de-mantenimiento-del-pp\/#breadcrumb","itemListElement":[{"@type":"ListItem","position":1,"name":"Portada","item":"https:\/\/agrupacionespsoe.es\/melilla\/"},{"@type":"ListItem","position":2,"name":"Trevi\u00f1o: \u201cHemos arreglado muchos de los problemas del Kursaal causados por la falta de mantenimiento del PP\u201d"}]},{"@type":"WebSite","@id":"https:\/\/agrupacionespsoe.es\/melilla\/#website","url":"https:\/\/agrupacionespsoe.es\/melilla\/","name":"Agrupaci\u00f3n Socialista de Melilla","description":"Agrupaci\u00f3n Socialista de Melilla","publisher":{"@id":"https:\/\/agrupacionespsoe.es\/melilla\/#organization"},"potentialAction":[{"@type":"SearchAction","target":{"@type":"EntryPoint","urlTemplate":"https:\/\/agrupacionespsoe.es\/melilla\/?s={search_term_string}"},"query-input":{"@type":"PropertyValueSpecification","valueRequired":true,"valueName":"search_term_string"}}],"inLanguage":"es"},{"@type":"Organization","@id":"https:\/\/agrupacionespsoe.es\/melilla\/#organization","name":"Agrupaci\u00f3n Socialista de Melilla","url":"https:\/\/agrupacionespsoe.es\/melilla\/","logo":{"@type":"ImageObject","inLanguage":"es","@id":"https:\/\/agrupacionespsoe.es\/melilla\/#\/schema\/logo\/image\/","url":"https:\/\/agrupacionespsoe.es\/wp-content\/uploads\/2022\/07\/Logotipo_electoral_del_PSOE.png","contentUrl":"https:\/\/agrupacionespsoe.es\/wp-content\/uploads\/2022\/07\/Logotipo_electoral_del_PSOE.png","width":422,"height":422,"caption":"Agrupaci\u00f3n Socialista de Melilla"},"image":{"@id":"https:\/\/agrupacionespsoe.es\/melilla\/#\/schema\/logo\/image\/"}},{"@type":"Person","@id":"https:\/\/agrupacionespsoe.es\/melilla\/#\/schema\/person\/72bb3075a827d0ed0623682b96c92bd6","name":"melilla2","image":{"@type":"ImageObject","inLanguage":"es","@id":"https:\/\/agrupacionespsoe.es\/melilla\/#\/schema\/person\/image\/","url":"https:\/\/secure.gravatar.com\/avatar\/489a178e794e59f00db13a448aabca16?s=96&d=mm&r=g","contentUrl":"https:\/\/secure.gravatar.com\/avatar\/489a178e794e59f00db13a448aabca16?s=96&d=mm&r=g","caption":"melilla2"},"url":"https:\/\/agrupacionespsoe.es\/melilla\/author\/melilla2\/"}]}},"jetpack_featured_media_url":"","jetpack_sharing_enabled":true,"_links":{"self":[{"href":"https:\/\/agrupacionespsoe.es\/melilla\/wp-json\/wp\/v2\/posts\/478","targetHints":{"allow":["GET"]}}],"collection":[{"href":"https:\/\/agrupacionespsoe.es\/melilla\/wp-json\/wp\/v2\/posts"}],"about":[{"href":"https:\/\/agrupacionespsoe.es\/melilla\/wp-json\/wp\/v2\/types\/post"}],"author":[{"embeddable":true,"href":"https:\/\/agrupacionespsoe.es\/melilla\/wp-json\/wp\/v2\/users\/187"}],"replies":[{"embeddable":true,"href":"https:\/\/agrupacionespsoe.es\/melilla\/wp-json\/wp\/v2\/comments?post=478"}],"version-history":[{"count":1,"href":"https:\/\/agrupacionespsoe.es\/melilla\/wp-json\/wp\/v2\/posts\/478\/revisions"}],"predecessor-version":[{"id":480,"href":"https:\/\/agrupacionespsoe.es\/melilla\/wp-json\/wp\/v2\/posts\/478\/revisions\/480"}],"wp:attachment":[{"href":"https:\/\/agrupacionespsoe.es\/melilla\/wp-json\/wp\/v2\/media?parent=478"}],"wp:term":[{"taxonomy":"category","embeddable":true,"href":"https:\/\/agrupacionespsoe.es\/melilla\/wp-json\/wp\/v2\/categories?post=478"},{"taxonomy":"post_tag","embeddable":true,"href":"https:\/\/agrupacionespsoe.es\/melilla\/wp-json\/wp\/v2\/tags?post=478"}],"curies":[{"name":"wp","href":"https:\/\/api.w.org\/{rel}","templated":true}]}}