{"id":474,"date":"2023-09-11T12:15:27","date_gmt":"2023-09-11T12:15:27","guid":{"rendered":"https:\/\/agrupacionespsoe.es\/melilla\/?p=474"},"modified":"2023-09-11T12:15:28","modified_gmt":"2023-09-11T12:15:28","slug":"el-psoe-no-cree-que-sea-legal-que-alguien-sin-competencias-este-tomando-decisiones-en-festejos","status":"publish","type":"post","link":"https:\/\/agrupacionespsoe.es\/melilla\/el-psoe-no-cree-que-sea-legal-que-alguien-sin-competencias-este-tomando-decisiones-en-festejos\/","title":{"rendered":"El PSOE no cree que sea legal que alguien sin competencias est\u00e9 tomando decisiones en Festejos"},"content":{"rendered":"\n<p><strong>Trevi\u00f1o est\u00e1 preocupada, adem\u00e1s, porque Paco D\u00edaz est\u00e9 al frente de Festejos cuando su gesti\u00f3n fue \u201cabsolutamente desastrosa\u201d<\/strong><\/p>\n\n\n\n<figure class=\"wp-block-gallery has-nested-images columns-default is-cropped wp-block-gallery-1 is-layout-flex wp-block-gallery-is-layout-flex\">\n<figure class=\"wp-block-image size-large\"><img loading=\"lazy\" decoding=\"async\" width=\"1024\" height=\"683\" data-id=\"475\" src=\"https:\/\/agrupacionespsoe.es\/melilla\/wp-content\/uploads\/sites\/120\/2023\/09\/P1722356-1024x683.jpg\" alt=\"\" class=\"wp-image-475\" srcset=\"https:\/\/agrupacionespsoe.es\/melilla\/wp-content\/uploads\/sites\/120\/2023\/09\/P1722356-1024x683.jpg 1024w, https:\/\/agrupacionespsoe.es\/melilla\/wp-content\/uploads\/sites\/120\/2023\/09\/P1722356-300x200.jpg 300w, https:\/\/agrupacionespsoe.es\/melilla\/wp-content\/uploads\/sites\/120\/2023\/09\/P1722356-768x512.jpg 768w, https:\/\/agrupacionespsoe.es\/melilla\/wp-content\/uploads\/sites\/120\/2023\/09\/P1722356-1536x1024.jpg 1536w, https:\/\/agrupacionespsoe.es\/melilla\/wp-content\/uploads\/sites\/120\/2023\/09\/P1722356-2048x1365.jpg 2048w\" sizes=\"auto, (max-width: 1024px) 100vw, 1024px\" \/><\/figure>\n<\/figure>\n\n\n\n<p>\u201cCreemos que es ilegal que una persona que no tiene competencias en este \u00e1rea est\u00e9 tomando el 98% de las decisiones que se est\u00e1n llevando a cabo en esta materia y, concretamente, en lo que respecta a nuestras fiestas patronales\u201d.<\/p>\n\n\n\n<p>La diputada del Grupo Parlamentario Socialista en la Asamblea de Melilla, Elena Fern\u00e1ndez Trevi\u00f1o, ha explicado que, en la \u00faltima Comisi\u00f3n de Cultura y Festejos, se ha abordado el hecho de que Paco D\u00edaz est\u00e9 tomando decisiones en un \u00e1rea tan importante de la ciudad como es la de Festejos.<\/p>\n\n\n\n<p>En este sentido, Trevi\u00f1o ha censurado que una persona \u201cque es Presidenta de la Fundaci\u00f3n Melilla Monumental, que no tiene competencias en el \u00e1rea de Festejos, est\u00e1 actuando como Consejero o como Viceconsejero del \u00e1rea de Festejos\u201d.<\/p>\n\n\n\n<p>Llegados a este punto, ha reconocido la preocupaci\u00f3n que este hecho les produce. \u201cNos preocupan estos procedimientos much\u00edsimo, puesto que no existe ning\u00fan puesto de coordinador, como se anuncia esta persona muchas veces en prensa, no han aprobado ning\u00fan puesto de asesor, ni hay un&nbsp; procedimiento legal\u201d, ha recordado.<\/p>\n\n\n\n<p>Por ello, \u201cno entendemos que las explicaciones que nos dan es que \u2018trabajamos en equipo\u2019 o \u2018como somos un gobierno compacto, tomamos las decisiones en grupo\u2019. No queremos ese tipo de eufemismos, estamos hablando de toma de decisiones\u201d, ha subrayado y ha apuntado que se tratan de decisiones con los funcionarios de la Consejer\u00eda, decisiones con los caseteros, decisiones en lo que respecta a la contrataci\u00f3n de todo lo que tiene que ver con la Feria\u2026<\/p>\n\n\n\n<p><strong>Cauce Legal<\/strong><\/p>\n\n\n\n<p>\u201cNos parecen decisiones muy importantes y que es muy grave que no haya un cauce legal para que una persona que no tiene competencias en el \u00e1rea de festejos est\u00e9 tomando todas las decisiones de esa \u00e1rea\u201d, ha argumentado.<\/p>\n\n\n\n<p>\u201cLa que responde es la Consejera Fadela Mohatar, porque es la que firma todas esas decisiones que est\u00e1n tomadas por Francisco D\u00edaz, pero este procedimiento no es legal\u201d, ha apostillado.<\/p>\n\n\n\n<p>\u201cCuando se llega a un Gobierno, los procedimientos hay que respetarlos, la legalidad hay que respetarla y las instituciones hay que respetarlas\u201d, ha recalcado. Y, en palabras de Elena Fern\u00e1ndez Trevi\u00f1o \u201cno est\u00e1 respetando el Estatuto de Autonom\u00eda de la Ciudad, ni el decreto de competencia de la Ciudad, ni en la sentencia que nos dec\u00eda que todas las competencias se tienen que llevar a cabo a trav\u00e9s de los Consejeros o Consejeras electos de la Ciudad. Y Paco D\u00edaz no lo es\u201d.<\/p>\n\n\n\n<p>Por tanto, la socialista ha insistido en que est\u00e1 persona no puede estar tomando decisiones tan importantes que afectan al Gobierno y a la ciudad de Melilla. \u201cEl d\u00eda que encuentren ese cauce para crear la figura de los coordinadores, en base a una justificaci\u00f3n legal, en base a un informe jur\u00eddico y acogi\u00e9ndose al Reglamento, nosotros revisaremos la legalidad de ese procedimiento y entenderemos que puede o no puede hacerlo\u201d, ha avanzado.<\/p>\n\n\n\n<p>Pero, \u201ca d\u00eda de hoy no puede estar tomando decisiones tan importantes como si fuera el antiguo Viceconsejero de Festejos o el actual Consejero de Festejos, ya que est\u00e1 llevando absolutamente \u00e9l el peso absoluto de toda esta \u00e1rea\u201d, ha advertido y ha dejado claro que, desde el PSOE, \u201clo vamos a seguir denunciando porque no nos parece el procedimiento ni la forma\u201d, y ha se\u00f1alado que duda que haya ning\u00fan precedente en ning\u00fan Gobierno de Espa\u00f1a ni tampoco que lo haya habido nunca en nuestra ciudad, de que alguien que no tiene competencias en un \u00e1rea est\u00e9 tomando todas las decisiones de ese \u00e1rea.<\/p>\n\n\n\n<p><strong>Gesti\u00f3n desastrosa<\/strong><\/p>\n\n\n\n<p>No solo eso, la socialista ha reconocido la preocupaci\u00f3n que le produce a su formaci\u00f3n el hecho de que Francisco D\u00edaz pueda estar al frente del \u00e1rea de Festejos de la Ciudad despu\u00e9s de la \u201cgesti\u00f3n absolutamente desastrosa\u201d que demostr\u00f3 durante los a\u00f1os que estuvo al frente de la misma.&nbsp;<\/p>\n\n\n\n<p>\u201cNos produce intranquilidad que sea precisamente la persona de Paco D\u00edaz, que estuvo al frente de Festejos durante varios a\u00f1os y dej\u00f3 una gesti\u00f3n absolutamente desastrosa que hemos estado padeciendo estos cuatro a\u00f1os de Gobierno por la cantidad de facturas impagadas, por la cantidad de contratos sin hacer o mal hechos, que est\u00e9 de nuevo a las riendas de un \u00e1rea tan importante como es el \u00e1rea de festejos\u201d, ha se\u00f1alado.<\/p>\n\n\n\n<p>\u201cNos preocupa que una persona que ha gestionado administrativamente tan mal un \u00e1rea como la de Festejos, est\u00e9 de nuevo est\u00e9 al frente de la Consejer\u00eda de Festejos cuando no tiene competencias para estar ah\u00ed\u201d, ha apostillado.<\/p>\n","protected":false},"excerpt":{"rendered":"<p>Trevi\u00f1o est\u00e1 preocupada, adem\u00e1s, porque Paco D\u00edaz est\u00e9 al frente de Festejos cuando su gesti\u00f3n fue \u201cabsolutamente desastrosa\u201d \u201cCreemos que es ilegal que una persona que no tiene competencias en este \u00e1rea est\u00e9 tomando el 98% de las decisiones que se est\u00e1n llevando a cabo en esta materia y, concretamente, en lo que respecta a &#8230;<\/p>\n","protected":false},"author":187,"featured_media":0,"comment_status":"open","ping_status":"open","sticky":false,"template":"","format":"standard","meta":{"_jetpack_memberships_contains_paid_content":false,"footnotes":""},"categories":[1],"tags":[],"class_list":["post-474","post","type-post","status-publish","format-standard","hentry","category-sin-categoria"],"yoast_head":"<!-- This site is optimized with the Yoast SEO plugin v24.0 - https:\/\/yoast.com\/wordpress\/plugins\/seo\/ -->\n<title>El PSOE no cree que sea legal que alguien sin competencias est\u00e9 tomando decisiones en Festejos - Agrupaci\u00f3n Socialista de Melilla<\/title>\n<meta name=\"robots\" content=\"index, follow, max-snippet:-1, max-image-preview:large, max-video-preview:-1\" \/>\n<link rel=\"canonical\" href=\"https:\/\/agrupacionespsoe.es\/melilla\/el-psoe-no-cree-que-sea-legal-que-alguien-sin-competencias-este-tomando-decisiones-en-festejos\/\" \/>\n<meta property=\"og:locale\" content=\"es_ES\" \/>\n<meta property=\"og:type\" content=\"article\" \/>\n<meta property=\"og:title\" content=\"El PSOE no cree que sea legal que alguien sin competencias est\u00e9 tomando decisiones en Festejos - Agrupaci\u00f3n Socialista de Melilla\" \/>\n<meta property=\"og:description\" content=\"Trevi\u00f1o est\u00e1 preocupada, adem\u00e1s, porque Paco D\u00edaz est\u00e9 al frente de Festejos cuando su gesti\u00f3n fue \u201cabsolutamente desastrosa\u201d \u201cCreemos que es ilegal que una persona que no tiene competencias en este \u00e1rea est\u00e9 tomando el 98% de las decisiones que se est\u00e1n llevando a cabo en esta materia y, concretamente, en lo que respecta a ...\" \/>\n<meta property=\"og:url\" content=\"https:\/\/agrupacionespsoe.es\/melilla\/el-psoe-no-cree-que-sea-legal-que-alguien-sin-competencias-este-tomando-decisiones-en-festejos\/\" \/>\n<meta property=\"og:site_name\" content=\"Agrupaci\u00f3n Socialista de Melilla\" \/>\n<meta property=\"article:published_time\" content=\"2023-09-11T12:15:27+00:00\" \/>\n<meta property=\"article:modified_time\" content=\"2023-09-11T12:15:28+00:00\" \/>\n<meta property=\"og:image\" content=\"https:\/\/agrupacionespsoe.es\/melilla\/wp-content\/uploads\/sites\/120\/2023\/09\/P1722356-1024x683.jpg\" \/>\n<meta name=\"author\" content=\"melilla2\" \/>\n<meta name=\"twitter:card\" content=\"summary_large_image\" \/>\n<meta name=\"twitter:label1\" content=\"Escrito por\" \/>\n\t<meta name=\"twitter:data1\" content=\"melilla2\" \/>\n\t<meta name=\"twitter:label2\" content=\"Tiempo de lectura\" \/>\n\t<meta name=\"twitter:data2\" content=\"4 minutos\" \/>\n<script type=\"application\/ld+json\" class=\"yoast-schema-graph\">{\"@context\":\"https:\/\/schema.org\",\"@graph\":[{\"@type\":\"Article\",\"@id\":\"https:\/\/agrupacionespsoe.es\/melilla\/el-psoe-no-cree-que-sea-legal-que-alguien-sin-competencias-este-tomando-decisiones-en-festejos\/#article\",\"isPartOf\":{\"@id\":\"https:\/\/agrupacionespsoe.es\/melilla\/el-psoe-no-cree-que-sea-legal-que-alguien-sin-competencias-este-tomando-decisiones-en-festejos\/\"},\"author\":{\"name\":\"melilla2\",\"@id\":\"https:\/\/agrupacionespsoe.es\/melilla\/#\/schema\/person\/72bb3075a827d0ed0623682b96c92bd6\"},\"headline\":\"El PSOE no cree que sea legal que alguien sin competencias est\u00e9 tomando decisiones en Festejos\",\"datePublished\":\"2023-09-11T12:15:27+00:00\",\"dateModified\":\"2023-09-11T12:15:28+00:00\",\"mainEntityOfPage\":{\"@id\":\"https:\/\/agrupacionespsoe.es\/melilla\/el-psoe-no-cree-que-sea-legal-que-alguien-sin-competencias-este-tomando-decisiones-en-festejos\/\"},\"wordCount\":826,\"commentCount\":0,\"publisher\":{\"@id\":\"https:\/\/agrupacionespsoe.es\/melilla\/#organization\"},\"image\":{\"@id\":\"https:\/\/agrupacionespsoe.es\/melilla\/el-psoe-no-cree-que-sea-legal-que-alguien-sin-competencias-este-tomando-decisiones-en-festejos\/#primaryimage\"},\"thumbnailUrl\":\"https:\/\/agrupacionespsoe.es\/melilla\/wp-content\/uploads\/sites\/120\/2023\/09\/P1722356-1024x683.jpg\",\"inLanguage\":\"es\",\"potentialAction\":[{\"@type\":\"CommentAction\",\"name\":\"Comment\",\"target\":[\"https:\/\/agrupacionespsoe.es\/melilla\/el-psoe-no-cree-que-sea-legal-que-alguien-sin-competencias-este-tomando-decisiones-en-festejos\/#respond\"]}]},{\"@type\":\"WebPage\",\"@id\":\"https:\/\/agrupacionespsoe.es\/melilla\/el-psoe-no-cree-que-sea-legal-que-alguien-sin-competencias-este-tomando-decisiones-en-festejos\/\",\"url\":\"https:\/\/agrupacionespsoe.es\/melilla\/el-psoe-no-cree-que-sea-legal-que-alguien-sin-competencias-este-tomando-decisiones-en-festejos\/\",\"name\":\"El PSOE no cree que sea legal que alguien sin competencias est\u00e9 tomando decisiones en Festejos - Agrupaci\u00f3n Socialista de Melilla\",\"isPartOf\":{\"@id\":\"https:\/\/agrupacionespsoe.es\/melilla\/#website\"},\"primaryImageOfPage\":{\"@id\":\"https:\/\/agrupacionespsoe.es\/melilla\/el-psoe-no-cree-que-sea-legal-que-alguien-sin-competencias-este-tomando-decisiones-en-festejos\/#primaryimage\"},\"image\":{\"@id\":\"https:\/\/agrupacionespsoe.es\/melilla\/el-psoe-no-cree-que-sea-legal-que-alguien-sin-competencias-este-tomando-decisiones-en-festejos\/#primaryimage\"},\"thumbnailUrl\":\"https:\/\/agrupacionespsoe.es\/melilla\/wp-content\/uploads\/sites\/120\/2023\/09\/P1722356-1024x683.jpg\",\"datePublished\":\"2023-09-11T12:15:27+00:00\",\"dateModified\":\"2023-09-11T12:15:28+00:00\",\"breadcrumb\":{\"@id\":\"https:\/\/agrupacionespsoe.es\/melilla\/el-psoe-no-cree-que-sea-legal-que-alguien-sin-competencias-este-tomando-decisiones-en-festejos\/#breadcrumb\"},\"inLanguage\":\"es\",\"potentialAction\":[{\"@type\":\"ReadAction\",\"target\":[\"https:\/\/agrupacionespsoe.es\/melilla\/el-psoe-no-cree-que-sea-legal-que-alguien-sin-competencias-este-tomando-decisiones-en-festejos\/\"]}]},{\"@type\":\"ImageObject\",\"inLanguage\":\"es\",\"@id\":\"https:\/\/agrupacionespsoe.es\/melilla\/el-psoe-no-cree-que-sea-legal-que-alguien-sin-competencias-este-tomando-decisiones-en-festejos\/#primaryimage\",\"url\":\"https:\/\/agrupacionespsoe.es\/melilla\/wp-content\/uploads\/sites\/120\/2023\/09\/P1722356-scaled.jpg\",\"contentUrl\":\"https:\/\/agrupacionespsoe.es\/melilla\/wp-content\/uploads\/sites\/120\/2023\/09\/P1722356-scaled.jpg\",\"width\":2560,\"height\":1707},{\"@type\":\"BreadcrumbList\",\"@id\":\"https:\/\/agrupacionespsoe.es\/melilla\/el-psoe-no-cree-que-sea-legal-que-alguien-sin-competencias-este-tomando-decisiones-en-festejos\/#breadcrumb\",\"itemListElement\":[{\"@type\":\"ListItem\",\"position\":1,\"name\":\"Portada\",\"item\":\"https:\/\/agrupacionespsoe.es\/melilla\/\"},{\"@type\":\"ListItem\",\"position\":2,\"name\":\"El PSOE no cree que sea legal que alguien sin competencias est\u00e9 tomando decisiones en Festejos\"}]},{\"@type\":\"WebSite\",\"@id\":\"https:\/\/agrupacionespsoe.es\/melilla\/#website\",\"url\":\"https:\/\/agrupacionespsoe.es\/melilla\/\",\"name\":\"Agrupaci\u00f3n Socialista de Melilla\",\"description\":\"Agrupaci\u00f3n Socialista de Melilla\",\"publisher\":{\"@id\":\"https:\/\/agrupacionespsoe.es\/melilla\/#organization\"},\"potentialAction\":[{\"@type\":\"SearchAction\",\"target\":{\"@type\":\"EntryPoint\",\"urlTemplate\":\"https:\/\/agrupacionespsoe.es\/melilla\/?s={search_term_string}\"},\"query-input\":{\"@type\":\"PropertyValueSpecification\",\"valueRequired\":true,\"valueName\":\"search_term_string\"}}],\"inLanguage\":\"es\"},{\"@type\":\"Organization\",\"@id\":\"https:\/\/agrupacionespsoe.es\/melilla\/#organization\",\"name\":\"Agrupaci\u00f3n Socialista de Melilla\",\"url\":\"https:\/\/agrupacionespsoe.es\/melilla\/\",\"logo\":{\"@type\":\"ImageObject\",\"inLanguage\":\"es\",\"@id\":\"https:\/\/agrupacionespsoe.es\/melilla\/#\/schema\/logo\/image\/\",\"url\":\"https:\/\/agrupacionespsoe.es\/wp-content\/uploads\/2022\/07\/Logotipo_electoral_del_PSOE.png\",\"contentUrl\":\"https:\/\/agrupacionespsoe.es\/wp-content\/uploads\/2022\/07\/Logotipo_electoral_del_PSOE.png\",\"width\":422,\"height\":422,\"caption\":\"Agrupaci\u00f3n Socialista de Melilla\"},\"image\":{\"@id\":\"https:\/\/agrupacionespsoe.es\/melilla\/#\/schema\/logo\/image\/\"}},{\"@type\":\"Person\",\"@id\":\"https:\/\/agrupacionespsoe.es\/melilla\/#\/schema\/person\/72bb3075a827d0ed0623682b96c92bd6\",\"name\":\"melilla2\",\"image\":{\"@type\":\"ImageObject\",\"inLanguage\":\"es\",\"@id\":\"https:\/\/agrupacionespsoe.es\/melilla\/#\/schema\/person\/image\/\",\"url\":\"https:\/\/secure.gravatar.com\/avatar\/489a178e794e59f00db13a448aabca16?s=96&d=mm&r=g\",\"contentUrl\":\"https:\/\/secure.gravatar.com\/avatar\/489a178e794e59f00db13a448aabca16?s=96&d=mm&r=g\",\"caption\":\"melilla2\"},\"url\":\"https:\/\/agrupacionespsoe.es\/melilla\/author\/melilla2\/\"}]}<\/script>\n<!-- \/ Yoast SEO plugin. -->","yoast_head_json":{"title":"El PSOE no cree que sea legal que alguien sin competencias est\u00e9 tomando decisiones en Festejos - Agrupaci\u00f3n Socialista de Melilla","robots":{"index":"index","follow":"follow","max-snippet":"max-snippet:-1","max-image-preview":"max-image-preview:large","max-video-preview":"max-video-preview:-1"},"canonical":"https:\/\/agrupacionespsoe.es\/melilla\/el-psoe-no-cree-que-sea-legal-que-alguien-sin-competencias-este-tomando-decisiones-en-festejos\/","og_locale":"es_ES","og_type":"article","og_title":"El PSOE no cree que sea legal que alguien sin competencias est\u00e9 tomando decisiones en Festejos - Agrupaci\u00f3n Socialista de Melilla","og_description":"Trevi\u00f1o est\u00e1 preocupada, adem\u00e1s, porque Paco D\u00edaz est\u00e9 al frente de Festejos cuando su gesti\u00f3n fue \u201cabsolutamente desastrosa\u201d \u201cCreemos que es ilegal que una persona que no tiene competencias en este \u00e1rea est\u00e9 tomando el 98% de las decisiones que se est\u00e1n llevando a cabo en esta materia y, concretamente, en lo que respecta a ...","og_url":"https:\/\/agrupacionespsoe.es\/melilla\/el-psoe-no-cree-que-sea-legal-que-alguien-sin-competencias-este-tomando-decisiones-en-festejos\/","og_site_name":"Agrupaci\u00f3n Socialista de Melilla","article_published_time":"2023-09-11T12:15:27+00:00","article_modified_time":"2023-09-11T12:15:28+00:00","og_image":[{"url":"https:\/\/agrupacionespsoe.es\/melilla\/wp-content\/uploads\/sites\/120\/2023\/09\/P1722356-1024x683.jpg","type":"","width":"","height":""}],"author":"melilla2","twitter_card":"summary_large_image","twitter_misc":{"Escrito por":"melilla2","Tiempo de lectura":"4 minutos"},"schema":{"@context":"https:\/\/schema.org","@graph":[{"@type":"Article","@id":"https:\/\/agrupacionespsoe.es\/melilla\/el-psoe-no-cree-que-sea-legal-que-alguien-sin-competencias-este-tomando-decisiones-en-festejos\/#article","isPartOf":{"@id":"https:\/\/agrupacionespsoe.es\/melilla\/el-psoe-no-cree-que-sea-legal-que-alguien-sin-competencias-este-tomando-decisiones-en-festejos\/"},"author":{"name":"melilla2","@id":"https:\/\/agrupacionespsoe.es\/melilla\/#\/schema\/person\/72bb3075a827d0ed0623682b96c92bd6"},"headline":"El PSOE no cree que sea legal que alguien sin competencias est\u00e9 tomando decisiones en Festejos","datePublished":"2023-09-11T12:15:27+00:00","dateModified":"2023-09-11T12:15:28+00:00","mainEntityOfPage":{"@id":"https:\/\/agrupacionespsoe.es\/melilla\/el-psoe-no-cree-que-sea-legal-que-alguien-sin-competencias-este-tomando-decisiones-en-festejos\/"},"wordCount":826,"commentCount":0,"publisher":{"@id":"https:\/\/agrupacionespsoe.es\/melilla\/#organization"},"image":{"@id":"https:\/\/agrupacionespsoe.es\/melilla\/el-psoe-no-cree-que-sea-legal-que-alguien-sin-competencias-este-tomando-decisiones-en-festejos\/#primaryimage"},"thumbnailUrl":"https:\/\/agrupacionespsoe.es\/melilla\/wp-content\/uploads\/sites\/120\/2023\/09\/P1722356-1024x683.jpg","inLanguage":"es","potentialAction":[{"@type":"CommentAction","name":"Comment","target":["https:\/\/agrupacionespsoe.es\/melilla\/el-psoe-no-cree-que-sea-legal-que-alguien-sin-competencias-este-tomando-decisiones-en-festejos\/#respond"]}]},{"@type":"WebPage","@id":"https:\/\/agrupacionespsoe.es\/melilla\/el-psoe-no-cree-que-sea-legal-que-alguien-sin-competencias-este-tomando-decisiones-en-festejos\/","url":"https:\/\/agrupacionespsoe.es\/melilla\/el-psoe-no-cree-que-sea-legal-que-alguien-sin-competencias-este-tomando-decisiones-en-festejos\/","name":"El PSOE no cree que sea legal que alguien sin competencias est\u00e9 tomando decisiones en Festejos - Agrupaci\u00f3n Socialista de Melilla","isPartOf":{"@id":"https:\/\/agrupacionespsoe.es\/melilla\/#website"},"primaryImageOfPage":{"@id":"https:\/\/agrupacionespsoe.es\/melilla\/el-psoe-no-cree-que-sea-legal-que-alguien-sin-competencias-este-tomando-decisiones-en-festejos\/#primaryimage"},"image":{"@id":"https:\/\/agrupacionespsoe.es\/melilla\/el-psoe-no-cree-que-sea-legal-que-alguien-sin-competencias-este-tomando-decisiones-en-festejos\/#primaryimage"},"thumbnailUrl":"https:\/\/agrupacionespsoe.es\/melilla\/wp-content\/uploads\/sites\/120\/2023\/09\/P1722356-1024x683.jpg","datePublished":"2023-09-11T12:15:27+00:00","dateModified":"2023-09-11T12:15:28+00:00","breadcrumb":{"@id":"https:\/\/agrupacionespsoe.es\/melilla\/el-psoe-no-cree-que-sea-legal-que-alguien-sin-competencias-este-tomando-decisiones-en-festejos\/#breadcrumb"},"inLanguage":"es","potentialAction":[{"@type":"ReadAction","target":["https:\/\/agrupacionespsoe.es\/melilla\/el-psoe-no-cree-que-sea-legal-que-alguien-sin-competencias-este-tomando-decisiones-en-festejos\/"]}]},{"@type":"ImageObject","inLanguage":"es","@id":"https:\/\/agrupacionespsoe.es\/melilla\/el-psoe-no-cree-que-sea-legal-que-alguien-sin-competencias-este-tomando-decisiones-en-festejos\/#primaryimage","url":"https:\/\/agrupacionespsoe.es\/melilla\/wp-content\/uploads\/sites\/120\/2023\/09\/P1722356-scaled.jpg","contentUrl":"https:\/\/agrupacionespsoe.es\/melilla\/wp-content\/uploads\/sites\/120\/2023\/09\/P1722356-scaled.jpg","width":2560,"height":1707},{"@type":"BreadcrumbList","@id":"https:\/\/agrupacionespsoe.es\/melilla\/el-psoe-no-cree-que-sea-legal-que-alguien-sin-competencias-este-tomando-decisiones-en-festejos\/#breadcrumb","itemListElement":[{"@type":"ListItem","position":1,"name":"Portada","item":"https:\/\/agrupacionespsoe.es\/melilla\/"},{"@type":"ListItem","position":2,"name":"El PSOE no cree que sea legal que alguien sin competencias est\u00e9 tomando decisiones en Festejos"}]},{"@type":"WebSite","@id":"https:\/\/agrupacionespsoe.es\/melilla\/#website","url":"https:\/\/agrupacionespsoe.es\/melilla\/","name":"Agrupaci\u00f3n Socialista de Melilla","description":"Agrupaci\u00f3n Socialista de Melilla","publisher":{"@id":"https:\/\/agrupacionespsoe.es\/melilla\/#organization"},"potentialAction":[{"@type":"SearchAction","target":{"@type":"EntryPoint","urlTemplate":"https:\/\/agrupacionespsoe.es\/melilla\/?s={search_term_string}"},"query-input":{"@type":"PropertyValueSpecification","valueRequired":true,"valueName":"search_term_string"}}],"inLanguage":"es"},{"@type":"Organization","@id":"https:\/\/agrupacionespsoe.es\/melilla\/#organization","name":"Agrupaci\u00f3n Socialista de Melilla","url":"https:\/\/agrupacionespsoe.es\/melilla\/","logo":{"@type":"ImageObject","inLanguage":"es","@id":"https:\/\/agrupacionespsoe.es\/melilla\/#\/schema\/logo\/image\/","url":"https:\/\/agrupacionespsoe.es\/wp-content\/uploads\/2022\/07\/Logotipo_electoral_del_PSOE.png","contentUrl":"https:\/\/agrupacionespsoe.es\/wp-content\/uploads\/2022\/07\/Logotipo_electoral_del_PSOE.png","width":422,"height":422,"caption":"Agrupaci\u00f3n Socialista de Melilla"},"image":{"@id":"https:\/\/agrupacionespsoe.es\/melilla\/#\/schema\/logo\/image\/"}},{"@type":"Person","@id":"https:\/\/agrupacionespsoe.es\/melilla\/#\/schema\/person\/72bb3075a827d0ed0623682b96c92bd6","name":"melilla2","image":{"@type":"ImageObject","inLanguage":"es","@id":"https:\/\/agrupacionespsoe.es\/melilla\/#\/schema\/person\/image\/","url":"https:\/\/secure.gravatar.com\/avatar\/489a178e794e59f00db13a448aabca16?s=96&d=mm&r=g","contentUrl":"https:\/\/secure.gravatar.com\/avatar\/489a178e794e59f00db13a448aabca16?s=96&d=mm&r=g","caption":"melilla2"},"url":"https:\/\/agrupacionespsoe.es\/melilla\/author\/melilla2\/"}]}},"jetpack_featured_media_url":"","jetpack_sharing_enabled":true,"_links":{"self":[{"href":"https:\/\/agrupacionespsoe.es\/melilla\/wp-json\/wp\/v2\/posts\/474","targetHints":{"allow":["GET"]}}],"collection":[{"href":"https:\/\/agrupacionespsoe.es\/melilla\/wp-json\/wp\/v2\/posts"}],"about":[{"href":"https:\/\/agrupacionespsoe.es\/melilla\/wp-json\/wp\/v2\/types\/post"}],"author":[{"embeddable":true,"href":"https:\/\/agrupacionespsoe.es\/melilla\/wp-json\/wp\/v2\/users\/187"}],"replies":[{"embeddable":true,"href":"https:\/\/agrupacionespsoe.es\/melilla\/wp-json\/wp\/v2\/comments?post=474"}],"version-history":[{"count":1,"href":"https:\/\/agrupacionespsoe.es\/melilla\/wp-json\/wp\/v2\/posts\/474\/revisions"}],"predecessor-version":[{"id":476,"href":"https:\/\/agrupacionespsoe.es\/melilla\/wp-json\/wp\/v2\/posts\/474\/revisions\/476"}],"wp:attachment":[{"href":"https:\/\/agrupacionespsoe.es\/melilla\/wp-json\/wp\/v2\/media?parent=474"}],"wp:term":[{"taxonomy":"category","embeddable":true,"href":"https:\/\/agrupacionespsoe.es\/melilla\/wp-json\/wp\/v2\/categories?post=474"},{"taxonomy":"post_tag","embeddable":true,"href":"https:\/\/agrupacionespsoe.es\/melilla\/wp-json\/wp\/v2\/tags?post=474"}],"curies":[{"name":"wp","href":"https:\/\/api.w.org\/{rel}","templated":true}]}}