{"id":471,"date":"2023-09-07T09:57:11","date_gmt":"2023-09-07T09:57:11","guid":{"rendered":"https:\/\/agrupacionespsoe.es\/melilla\/?p=471"},"modified":"2023-09-07T09:57:12","modified_gmt":"2023-09-07T09:57:12","slug":"trevino-el-pp-ha-roto-el-consenso-y-el-espiritu-democratico-de-la-medalla-de-oro","status":"publish","type":"post","link":"https:\/\/agrupacionespsoe.es\/melilla\/trevino-el-pp-ha-roto-el-consenso-y-el-espiritu-democratico-de-la-medalla-de-oro\/","title":{"rendered":"Trevi\u00f1o: \u201cEl PP ha roto el consenso y el esp\u00edritu democr\u00e1tico de la Medalla de Oro\u201d"},"content":{"rendered":"\n<p><strong>\u201cEl PP ha decidido que solo se va a conceder una Medalla, la que ellos han propuesto, sin considerar el resto de propuestas\u201d, censura<\/strong><\/p>\n\n\n\n<figure class=\"wp-block-image size-large\"><img loading=\"lazy\" decoding=\"async\" width=\"1024\" height=\"683\" src=\"https:\/\/agrupacionespsoe.es\/melilla\/wp-content\/uploads\/sites\/120\/2023\/09\/ETrevino-1024x683.jpg\" alt=\"\" class=\"wp-image-472\" srcset=\"https:\/\/agrupacionespsoe.es\/melilla\/wp-content\/uploads\/sites\/120\/2023\/09\/ETrevino-1024x683.jpg 1024w, https:\/\/agrupacionespsoe.es\/melilla\/wp-content\/uploads\/sites\/120\/2023\/09\/ETrevino-300x200.jpg 300w, https:\/\/agrupacionespsoe.es\/melilla\/wp-content\/uploads\/sites\/120\/2023\/09\/ETrevino-768x512.jpg 768w, https:\/\/agrupacionespsoe.es\/melilla\/wp-content\/uploads\/sites\/120\/2023\/09\/ETrevino-1536x1024.jpg 1536w, https:\/\/agrupacionespsoe.es\/melilla\/wp-content\/uploads\/sites\/120\/2023\/09\/ETrevino-2048x1365.jpg 2048w\" sizes=\"auto, (max-width: 1024px) 100vw, 1024px\" \/><\/figure>\n\n\n\n<p>La diputada del Grupo Parlamentario Socialista en la Asamblea de Melilla, Elena Fern\u00e1ndez Trevi\u00f1o, ha censurado la actitud del PP en la Comisi\u00f3n de Cultura, que ha usado su mayor\u00eda absoluta para impedir que se otorgue una segunda Medalla de Oro, como ha sido lo habitual, a pesar de que los diferentes grupos pol\u00edticos hab\u00edan realizado propuestas. \u201cCreemos que esto es romper el consenso y el esp\u00edritu democr\u00e1tico que en los \u00faltimos a\u00f1os ha tenido la Medalla de Oro de la Ciudad, que siempre se ha otorgado sin problemas y con el consenso de todos los grupos de la Asamblea\u201d, ha subrayado.<\/p>\n\n\n\n<p>Tal y como ha recordado la socialista, en la anterior Comisi\u00f3n, a propuesta del PP, se concedi\u00f3 una Medalla a Andaluc\u00eda, dejando encima de la mesa el resto de propuestas, como la del PSOE de darle una a t\u00edtulo p\u00f3stumo al fundador de la Asociaci\u00f3n Guelaya Ecologistas en Acci\u00f3n, Jos\u00e9 Manuel Cabo, que se hab\u00eda planteado el pasado mes de abril.<\/p>\n\n\n\n<p>\u201cEl Partido Popular ha votado una opci\u00f3n que permite el Reglamento y que pon\u00eda una cortapisa a conceder ninguna otra Medalla de Oro m\u00e1s all\u00e1 de la que ellos se hab\u00edan propuesto\u201d, ha relatado. Por ello, no se ha podido aprobar ninguna otra Medalla a pesar de que tanto el PSOE, como CpM y SM llevaban propuestas para este fin.<\/p>\n\n\n\n<p>\u201cSi el Partido Popular ya ten\u00eda decidido previamente que no iban a apoyar m\u00e1s que su Medalla de Oro y que ninguna otra de las que se propon\u00edan iban a ser aceptadas, que nos hubiera evitado asistir a la Comisi\u00f3n\u201d, ha argumentado Fern\u00e1ndez Trevi\u00f1o, que ha insistido en la idea de que los populares ya hab\u00edan decidido previamente que solo se iba a conceder una Medalla de Oro \u201crompiendo as\u00ed el esp\u00edritu democr\u00e1tico y el consenso que los \u00faltimos a\u00f1os se han ido teniendo en cuanto a esta concesi\u00f3n\u201d.<\/p>\n\n\n\n<p>La representante del Grupo Parlamentario del PSOE ha se\u00f1alado que la Medalla de Oro es el m\u00e1ximo reconocimiento que hace la Ciudad Aut\u00f3noma de Merilla a personas o instituciones y \u201ccasi siempre, por tradici\u00f3n, se han dado dos Medallas y, alguna vez, de forma extraordinaria, hasta tres Medallas\u201d. Y, a pesar de que no estaba escrito, de forma t\u00e1cita, de esas dos medallas una se ha dado de forma individual y otra a un colectivo, una asociaci\u00f3n o una instituci\u00f3n.<\/p>\n\n\n\n<p>\u201cEste a\u00f1o el Partido Popular ha decidido que solo se va a conceder una, la que ellos han propuesto, sin considerar el resto de propuestas\u201d, ha censurado, y ha asegurado que esta actitud es, en opini\u00f3n de la formaci\u00f3n socialista, rompe el consenso y el esp\u00edritu democr\u00e1tico que en los \u00faltimos a\u00f1os ha tenido esta distinci\u00f3n.<\/p>\n\n\n\n<p><strong>Medalla merecida<\/strong><\/p>\n\n\n\n<p>Tal y como ha recordado Elena Fern\u00e1ndez Trevi\u00f1o, Jos\u00e9 Manuel Cabo, adem\u00e1s de sus m\u00e9ritos acad\u00e9micos y publicaciones, ha sido una personas que ha \u201cestado trabajando, durante much\u00edsimos a\u00f1os, de forma incansable, por Melilla\u201d.<\/p>\n\n\n\n<p>\u201cCreemos que Jos\u00e9 Cabo, a t\u00edtulo p\u00f3stumo, es uno de los melillenses que merece la distinci\u00f3n porque es una de las personas que m\u00e1s ha trabajado por nuestra ciudad y que re\u00fane m\u00e9ritos m\u00e1s que suficientes para la concesi\u00f3n de esa Medalla de Oro\u201d, ha expuesto.<\/p>\n\n\n\n<p>Es m\u00e1s, la socialista ha apuntado que la trayectoria ecologista de Cabo ha sido ejemplo y ha abierto las puertas \u201cpara concienciar a la ciudadan\u00eda y poner en valor la importancia de lo que significa todo el sostenimiento de la ecolog\u00eda y del medio ambiente y del cuidado por la naturaleza en la ciudad de Melilla y su entorno\u201d.<\/p>\n","protected":false},"excerpt":{"rendered":"<p>\u201cEl PP ha decidido que solo se va a conceder una Medalla, la que ellos han propuesto, sin considerar el resto de propuestas\u201d, censura La diputada del Grupo Parlamentario Socialista en la Asamblea de Melilla, Elena Fern\u00e1ndez Trevi\u00f1o, ha censurado la actitud del PP en la Comisi\u00f3n de Cultura, que ha usado su mayor\u00eda absoluta &#8230;<\/p>\n","protected":false},"author":187,"featured_media":0,"comment_status":"open","ping_status":"open","sticky":false,"template":"","format":"standard","meta":{"_jetpack_memberships_contains_paid_content":false,"footnotes":""},"categories":[1],"tags":[],"class_list":["post-471","post","type-post","status-publish","format-standard","hentry","category-sin-categoria"],"yoast_head":"<!-- This site is optimized with the Yoast SEO plugin v24.0 - https:\/\/yoast.com\/wordpress\/plugins\/seo\/ -->\n<title>Trevi\u00f1o: \u201cEl PP ha roto el consenso y el esp\u00edritu democr\u00e1tico de la Medalla de Oro\u201d - Agrupaci\u00f3n Socialista de Melilla<\/title>\n<meta name=\"robots\" content=\"index, follow, max-snippet:-1, max-image-preview:large, max-video-preview:-1\" \/>\n<link rel=\"canonical\" href=\"https:\/\/agrupacionespsoe.es\/melilla\/trevino-el-pp-ha-roto-el-consenso-y-el-espiritu-democratico-de-la-medalla-de-oro\/\" \/>\n<meta property=\"og:locale\" content=\"es_ES\" \/>\n<meta property=\"og:type\" content=\"article\" \/>\n<meta property=\"og:title\" content=\"Trevi\u00f1o: \u201cEl PP ha roto el consenso y el esp\u00edritu democr\u00e1tico de la Medalla de Oro\u201d - Agrupaci\u00f3n Socialista de Melilla\" \/>\n<meta property=\"og:description\" content=\"\u201cEl PP ha decidido que solo se va a conceder una Medalla, la que ellos han propuesto, sin considerar el resto de propuestas\u201d, censura La diputada del Grupo Parlamentario Socialista en la Asamblea de Melilla, Elena Fern\u00e1ndez Trevi\u00f1o, ha censurado la actitud del PP en la Comisi\u00f3n de Cultura, que ha usado su mayor\u00eda absoluta ...\" \/>\n<meta property=\"og:url\" content=\"https:\/\/agrupacionespsoe.es\/melilla\/trevino-el-pp-ha-roto-el-consenso-y-el-espiritu-democratico-de-la-medalla-de-oro\/\" \/>\n<meta property=\"og:site_name\" content=\"Agrupaci\u00f3n Socialista de Melilla\" \/>\n<meta property=\"article:published_time\" content=\"2023-09-07T09:57:11+00:00\" \/>\n<meta property=\"article:modified_time\" content=\"2023-09-07T09:57:12+00:00\" \/>\n<meta property=\"og:image\" content=\"https:\/\/agrupacionespsoe.es\/melilla\/wp-content\/uploads\/sites\/120\/2023\/09\/ETrevino-1024x683.jpg\" \/>\n<meta name=\"author\" content=\"melilla2\" \/>\n<meta name=\"twitter:card\" content=\"summary_large_image\" \/>\n<meta name=\"twitter:label1\" content=\"Escrito por\" \/>\n\t<meta name=\"twitter:data1\" content=\"melilla2\" \/>\n\t<meta name=\"twitter:label2\" content=\"Tiempo de lectura\" \/>\n\t<meta name=\"twitter:data2\" content=\"4 minutos\" \/>\n<script type=\"application\/ld+json\" class=\"yoast-schema-graph\">{\"@context\":\"https:\/\/schema.org\",\"@graph\":[{\"@type\":\"Article\",\"@id\":\"https:\/\/agrupacionespsoe.es\/melilla\/trevino-el-pp-ha-roto-el-consenso-y-el-espiritu-democratico-de-la-medalla-de-oro\/#article\",\"isPartOf\":{\"@id\":\"https:\/\/agrupacionespsoe.es\/melilla\/trevino-el-pp-ha-roto-el-consenso-y-el-espiritu-democratico-de-la-medalla-de-oro\/\"},\"author\":{\"name\":\"melilla2\",\"@id\":\"https:\/\/agrupacionespsoe.es\/melilla\/#\/schema\/person\/72bb3075a827d0ed0623682b96c92bd6\"},\"headline\":\"Trevi\u00f1o: \u201cEl PP ha roto el consenso y el esp\u00edritu democr\u00e1tico de la Medalla de Oro\u201d\",\"datePublished\":\"2023-09-07T09:57:11+00:00\",\"dateModified\":\"2023-09-07T09:57:12+00:00\",\"mainEntityOfPage\":{\"@id\":\"https:\/\/agrupacionespsoe.es\/melilla\/trevino-el-pp-ha-roto-el-consenso-y-el-espiritu-democratico-de-la-medalla-de-oro\/\"},\"wordCount\":695,\"commentCount\":0,\"publisher\":{\"@id\":\"https:\/\/agrupacionespsoe.es\/melilla\/#organization\"},\"image\":{\"@id\":\"https:\/\/agrupacionespsoe.es\/melilla\/trevino-el-pp-ha-roto-el-consenso-y-el-espiritu-democratico-de-la-medalla-de-oro\/#primaryimage\"},\"thumbnailUrl\":\"https:\/\/agrupacionespsoe.es\/melilla\/wp-content\/uploads\/sites\/120\/2023\/09\/ETrevino-1024x683.jpg\",\"inLanguage\":\"es\",\"potentialAction\":[{\"@type\":\"CommentAction\",\"name\":\"Comment\",\"target\":[\"https:\/\/agrupacionespsoe.es\/melilla\/trevino-el-pp-ha-roto-el-consenso-y-el-espiritu-democratico-de-la-medalla-de-oro\/#respond\"]}]},{\"@type\":\"WebPage\",\"@id\":\"https:\/\/agrupacionespsoe.es\/melilla\/trevino-el-pp-ha-roto-el-consenso-y-el-espiritu-democratico-de-la-medalla-de-oro\/\",\"url\":\"https:\/\/agrupacionespsoe.es\/melilla\/trevino-el-pp-ha-roto-el-consenso-y-el-espiritu-democratico-de-la-medalla-de-oro\/\",\"name\":\"Trevi\u00f1o: \u201cEl PP ha roto el consenso y el esp\u00edritu democr\u00e1tico de la Medalla de Oro\u201d - Agrupaci\u00f3n Socialista de Melilla\",\"isPartOf\":{\"@id\":\"https:\/\/agrupacionespsoe.es\/melilla\/#website\"},\"primaryImageOfPage\":{\"@id\":\"https:\/\/agrupacionespsoe.es\/melilla\/trevino-el-pp-ha-roto-el-consenso-y-el-espiritu-democratico-de-la-medalla-de-oro\/#primaryimage\"},\"image\":{\"@id\":\"https:\/\/agrupacionespsoe.es\/melilla\/trevino-el-pp-ha-roto-el-consenso-y-el-espiritu-democratico-de-la-medalla-de-oro\/#primaryimage\"},\"thumbnailUrl\":\"https:\/\/agrupacionespsoe.es\/melilla\/wp-content\/uploads\/sites\/120\/2023\/09\/ETrevino-1024x683.jpg\",\"datePublished\":\"2023-09-07T09:57:11+00:00\",\"dateModified\":\"2023-09-07T09:57:12+00:00\",\"breadcrumb\":{\"@id\":\"https:\/\/agrupacionespsoe.es\/melilla\/trevino-el-pp-ha-roto-el-consenso-y-el-espiritu-democratico-de-la-medalla-de-oro\/#breadcrumb\"},\"inLanguage\":\"es\",\"potentialAction\":[{\"@type\":\"ReadAction\",\"target\":[\"https:\/\/agrupacionespsoe.es\/melilla\/trevino-el-pp-ha-roto-el-consenso-y-el-espiritu-democratico-de-la-medalla-de-oro\/\"]}]},{\"@type\":\"ImageObject\",\"inLanguage\":\"es\",\"@id\":\"https:\/\/agrupacionespsoe.es\/melilla\/trevino-el-pp-ha-roto-el-consenso-y-el-espiritu-democratico-de-la-medalla-de-oro\/#primaryimage\",\"url\":\"https:\/\/agrupacionespsoe.es\/melilla\/wp-content\/uploads\/sites\/120\/2023\/09\/ETrevino-scaled.jpg\",\"contentUrl\":\"https:\/\/agrupacionespsoe.es\/melilla\/wp-content\/uploads\/sites\/120\/2023\/09\/ETrevino-scaled.jpg\",\"width\":2560,\"height\":1707},{\"@type\":\"BreadcrumbList\",\"@id\":\"https:\/\/agrupacionespsoe.es\/melilla\/trevino-el-pp-ha-roto-el-consenso-y-el-espiritu-democratico-de-la-medalla-de-oro\/#breadcrumb\",\"itemListElement\":[{\"@type\":\"ListItem\",\"position\":1,\"name\":\"Portada\",\"item\":\"https:\/\/agrupacionespsoe.es\/melilla\/\"},{\"@type\":\"ListItem\",\"position\":2,\"name\":\"Trevi\u00f1o: \u201cEl PP ha roto el consenso y el esp\u00edritu democr\u00e1tico de la Medalla de Oro\u201d\"}]},{\"@type\":\"WebSite\",\"@id\":\"https:\/\/agrupacionespsoe.es\/melilla\/#website\",\"url\":\"https:\/\/agrupacionespsoe.es\/melilla\/\",\"name\":\"Agrupaci\u00f3n Socialista de Melilla\",\"description\":\"Agrupaci\u00f3n Socialista de Melilla\",\"publisher\":{\"@id\":\"https:\/\/agrupacionespsoe.es\/melilla\/#organization\"},\"potentialAction\":[{\"@type\":\"SearchAction\",\"target\":{\"@type\":\"EntryPoint\",\"urlTemplate\":\"https:\/\/agrupacionespsoe.es\/melilla\/?s={search_term_string}\"},\"query-input\":{\"@type\":\"PropertyValueSpecification\",\"valueRequired\":true,\"valueName\":\"search_term_string\"}}],\"inLanguage\":\"es\"},{\"@type\":\"Organization\",\"@id\":\"https:\/\/agrupacionespsoe.es\/melilla\/#organization\",\"name\":\"Agrupaci\u00f3n Socialista de Melilla\",\"url\":\"https:\/\/agrupacionespsoe.es\/melilla\/\",\"logo\":{\"@type\":\"ImageObject\",\"inLanguage\":\"es\",\"@id\":\"https:\/\/agrupacionespsoe.es\/melilla\/#\/schema\/logo\/image\/\",\"url\":\"https:\/\/agrupacionespsoe.es\/wp-content\/uploads\/2022\/07\/Logotipo_electoral_del_PSOE.png\",\"contentUrl\":\"https:\/\/agrupacionespsoe.es\/wp-content\/uploads\/2022\/07\/Logotipo_electoral_del_PSOE.png\",\"width\":422,\"height\":422,\"caption\":\"Agrupaci\u00f3n Socialista de Melilla\"},\"image\":{\"@id\":\"https:\/\/agrupacionespsoe.es\/melilla\/#\/schema\/logo\/image\/\"}},{\"@type\":\"Person\",\"@id\":\"https:\/\/agrupacionespsoe.es\/melilla\/#\/schema\/person\/72bb3075a827d0ed0623682b96c92bd6\",\"name\":\"melilla2\",\"image\":{\"@type\":\"ImageObject\",\"inLanguage\":\"es\",\"@id\":\"https:\/\/agrupacionespsoe.es\/melilla\/#\/schema\/person\/image\/\",\"url\":\"https:\/\/secure.gravatar.com\/avatar\/489a178e794e59f00db13a448aabca16?s=96&d=mm&r=g\",\"contentUrl\":\"https:\/\/secure.gravatar.com\/avatar\/489a178e794e59f00db13a448aabca16?s=96&d=mm&r=g\",\"caption\":\"melilla2\"},\"url\":\"https:\/\/agrupacionespsoe.es\/melilla\/author\/melilla2\/\"}]}<\/script>\n<!-- \/ Yoast SEO plugin. -->","yoast_head_json":{"title":"Trevi\u00f1o: \u201cEl PP ha roto el consenso y el esp\u00edritu democr\u00e1tico de la Medalla de Oro\u201d - Agrupaci\u00f3n Socialista de Melilla","robots":{"index":"index","follow":"follow","max-snippet":"max-snippet:-1","max-image-preview":"max-image-preview:large","max-video-preview":"max-video-preview:-1"},"canonical":"https:\/\/agrupacionespsoe.es\/melilla\/trevino-el-pp-ha-roto-el-consenso-y-el-espiritu-democratico-de-la-medalla-de-oro\/","og_locale":"es_ES","og_type":"article","og_title":"Trevi\u00f1o: \u201cEl PP ha roto el consenso y el esp\u00edritu democr\u00e1tico de la Medalla de Oro\u201d - Agrupaci\u00f3n Socialista de Melilla","og_description":"\u201cEl PP ha decidido que solo se va a conceder una Medalla, la que ellos han propuesto, sin considerar el resto de propuestas\u201d, censura La diputada del Grupo Parlamentario Socialista en la Asamblea de Melilla, Elena Fern\u00e1ndez Trevi\u00f1o, ha censurado la actitud del PP en la Comisi\u00f3n de Cultura, que ha usado su mayor\u00eda absoluta ...","og_url":"https:\/\/agrupacionespsoe.es\/melilla\/trevino-el-pp-ha-roto-el-consenso-y-el-espiritu-democratico-de-la-medalla-de-oro\/","og_site_name":"Agrupaci\u00f3n Socialista de Melilla","article_published_time":"2023-09-07T09:57:11+00:00","article_modified_time":"2023-09-07T09:57:12+00:00","og_image":[{"url":"https:\/\/agrupacionespsoe.es\/melilla\/wp-content\/uploads\/sites\/120\/2023\/09\/ETrevino-1024x683.jpg","type":"","width":"","height":""}],"author":"melilla2","twitter_card":"summary_large_image","twitter_misc":{"Escrito por":"melilla2","Tiempo de lectura":"4 minutos"},"schema":{"@context":"https:\/\/schema.org","@graph":[{"@type":"Article","@id":"https:\/\/agrupacionespsoe.es\/melilla\/trevino-el-pp-ha-roto-el-consenso-y-el-espiritu-democratico-de-la-medalla-de-oro\/#article","isPartOf":{"@id":"https:\/\/agrupacionespsoe.es\/melilla\/trevino-el-pp-ha-roto-el-consenso-y-el-espiritu-democratico-de-la-medalla-de-oro\/"},"author":{"name":"melilla2","@id":"https:\/\/agrupacionespsoe.es\/melilla\/#\/schema\/person\/72bb3075a827d0ed0623682b96c92bd6"},"headline":"Trevi\u00f1o: \u201cEl PP ha roto el consenso y el esp\u00edritu democr\u00e1tico de la Medalla de Oro\u201d","datePublished":"2023-09-07T09:57:11+00:00","dateModified":"2023-09-07T09:57:12+00:00","mainEntityOfPage":{"@id":"https:\/\/agrupacionespsoe.es\/melilla\/trevino-el-pp-ha-roto-el-consenso-y-el-espiritu-democratico-de-la-medalla-de-oro\/"},"wordCount":695,"commentCount":0,"publisher":{"@id":"https:\/\/agrupacionespsoe.es\/melilla\/#organization"},"image":{"@id":"https:\/\/agrupacionespsoe.es\/melilla\/trevino-el-pp-ha-roto-el-consenso-y-el-espiritu-democratico-de-la-medalla-de-oro\/#primaryimage"},"thumbnailUrl":"https:\/\/agrupacionespsoe.es\/melilla\/wp-content\/uploads\/sites\/120\/2023\/09\/ETrevino-1024x683.jpg","inLanguage":"es","potentialAction":[{"@type":"CommentAction","name":"Comment","target":["https:\/\/agrupacionespsoe.es\/melilla\/trevino-el-pp-ha-roto-el-consenso-y-el-espiritu-democratico-de-la-medalla-de-oro\/#respond"]}]},{"@type":"WebPage","@id":"https:\/\/agrupacionespsoe.es\/melilla\/trevino-el-pp-ha-roto-el-consenso-y-el-espiritu-democratico-de-la-medalla-de-oro\/","url":"https:\/\/agrupacionespsoe.es\/melilla\/trevino-el-pp-ha-roto-el-consenso-y-el-espiritu-democratico-de-la-medalla-de-oro\/","name":"Trevi\u00f1o: \u201cEl PP ha roto el consenso y el esp\u00edritu democr\u00e1tico de la Medalla de Oro\u201d - Agrupaci\u00f3n Socialista de Melilla","isPartOf":{"@id":"https:\/\/agrupacionespsoe.es\/melilla\/#website"},"primaryImageOfPage":{"@id":"https:\/\/agrupacionespsoe.es\/melilla\/trevino-el-pp-ha-roto-el-consenso-y-el-espiritu-democratico-de-la-medalla-de-oro\/#primaryimage"},"image":{"@id":"https:\/\/agrupacionespsoe.es\/melilla\/trevino-el-pp-ha-roto-el-consenso-y-el-espiritu-democratico-de-la-medalla-de-oro\/#primaryimage"},"thumbnailUrl":"https:\/\/agrupacionespsoe.es\/melilla\/wp-content\/uploads\/sites\/120\/2023\/09\/ETrevino-1024x683.jpg","datePublished":"2023-09-07T09:57:11+00:00","dateModified":"2023-09-07T09:57:12+00:00","breadcrumb":{"@id":"https:\/\/agrupacionespsoe.es\/melilla\/trevino-el-pp-ha-roto-el-consenso-y-el-espiritu-democratico-de-la-medalla-de-oro\/#breadcrumb"},"inLanguage":"es","potentialAction":[{"@type":"ReadAction","target":["https:\/\/agrupacionespsoe.es\/melilla\/trevino-el-pp-ha-roto-el-consenso-y-el-espiritu-democratico-de-la-medalla-de-oro\/"]}]},{"@type":"ImageObject","inLanguage":"es","@id":"https:\/\/agrupacionespsoe.es\/melilla\/trevino-el-pp-ha-roto-el-consenso-y-el-espiritu-democratico-de-la-medalla-de-oro\/#primaryimage","url":"https:\/\/agrupacionespsoe.es\/melilla\/wp-content\/uploads\/sites\/120\/2023\/09\/ETrevino-scaled.jpg","contentUrl":"https:\/\/agrupacionespsoe.es\/melilla\/wp-content\/uploads\/sites\/120\/2023\/09\/ETrevino-scaled.jpg","width":2560,"height":1707},{"@type":"BreadcrumbList","@id":"https:\/\/agrupacionespsoe.es\/melilla\/trevino-el-pp-ha-roto-el-consenso-y-el-espiritu-democratico-de-la-medalla-de-oro\/#breadcrumb","itemListElement":[{"@type":"ListItem","position":1,"name":"Portada","item":"https:\/\/agrupacionespsoe.es\/melilla\/"},{"@type":"ListItem","position":2,"name":"Trevi\u00f1o: \u201cEl PP ha roto el consenso y el esp\u00edritu democr\u00e1tico de la Medalla de Oro\u201d"}]},{"@type":"WebSite","@id":"https:\/\/agrupacionespsoe.es\/melilla\/#website","url":"https:\/\/agrupacionespsoe.es\/melilla\/","name":"Agrupaci\u00f3n Socialista de Melilla","description":"Agrupaci\u00f3n Socialista de Melilla","publisher":{"@id":"https:\/\/agrupacionespsoe.es\/melilla\/#organization"},"potentialAction":[{"@type":"SearchAction","target":{"@type":"EntryPoint","urlTemplate":"https:\/\/agrupacionespsoe.es\/melilla\/?s={search_term_string}"},"query-input":{"@type":"PropertyValueSpecification","valueRequired":true,"valueName":"search_term_string"}}],"inLanguage":"es"},{"@type":"Organization","@id":"https:\/\/agrupacionespsoe.es\/melilla\/#organization","name":"Agrupaci\u00f3n Socialista de Melilla","url":"https:\/\/agrupacionespsoe.es\/melilla\/","logo":{"@type":"ImageObject","inLanguage":"es","@id":"https:\/\/agrupacionespsoe.es\/melilla\/#\/schema\/logo\/image\/","url":"https:\/\/agrupacionespsoe.es\/wp-content\/uploads\/2022\/07\/Logotipo_electoral_del_PSOE.png","contentUrl":"https:\/\/agrupacionespsoe.es\/wp-content\/uploads\/2022\/07\/Logotipo_electoral_del_PSOE.png","width":422,"height":422,"caption":"Agrupaci\u00f3n Socialista de Melilla"},"image":{"@id":"https:\/\/agrupacionespsoe.es\/melilla\/#\/schema\/logo\/image\/"}},{"@type":"Person","@id":"https:\/\/agrupacionespsoe.es\/melilla\/#\/schema\/person\/72bb3075a827d0ed0623682b96c92bd6","name":"melilla2","image":{"@type":"ImageObject","inLanguage":"es","@id":"https:\/\/agrupacionespsoe.es\/melilla\/#\/schema\/person\/image\/","url":"https:\/\/secure.gravatar.com\/avatar\/489a178e794e59f00db13a448aabca16?s=96&d=mm&r=g","contentUrl":"https:\/\/secure.gravatar.com\/avatar\/489a178e794e59f00db13a448aabca16?s=96&d=mm&r=g","caption":"melilla2"},"url":"https:\/\/agrupacionespsoe.es\/melilla\/author\/melilla2\/"}]}},"jetpack_featured_media_url":"","jetpack_sharing_enabled":true,"_links":{"self":[{"href":"https:\/\/agrupacionespsoe.es\/melilla\/wp-json\/wp\/v2\/posts\/471","targetHints":{"allow":["GET"]}}],"collection":[{"href":"https:\/\/agrupacionespsoe.es\/melilla\/wp-json\/wp\/v2\/posts"}],"about":[{"href":"https:\/\/agrupacionespsoe.es\/melilla\/wp-json\/wp\/v2\/types\/post"}],"author":[{"embeddable":true,"href":"https:\/\/agrupacionespsoe.es\/melilla\/wp-json\/wp\/v2\/users\/187"}],"replies":[{"embeddable":true,"href":"https:\/\/agrupacionespsoe.es\/melilla\/wp-json\/wp\/v2\/comments?post=471"}],"version-history":[{"count":1,"href":"https:\/\/agrupacionespsoe.es\/melilla\/wp-json\/wp\/v2\/posts\/471\/revisions"}],"predecessor-version":[{"id":473,"href":"https:\/\/agrupacionespsoe.es\/melilla\/wp-json\/wp\/v2\/posts\/471\/revisions\/473"}],"wp:attachment":[{"href":"https:\/\/agrupacionespsoe.es\/melilla\/wp-json\/wp\/v2\/media?parent=471"}],"wp:term":[{"taxonomy":"category","embeddable":true,"href":"https:\/\/agrupacionespsoe.es\/melilla\/wp-json\/wp\/v2\/categories?post=471"},{"taxonomy":"post_tag","embeddable":true,"href":"https:\/\/agrupacionespsoe.es\/melilla\/wp-json\/wp\/v2\/tags?post=471"}],"curies":[{"name":"wp","href":"https:\/\/api.w.org\/{rel}","templated":true}]}}