{"id":467,"date":"2023-09-04T18:32:16","date_gmt":"2023-09-04T18:32:16","guid":{"rendered":"https:\/\/agrupacionespsoe.es\/melilla\/?p=467"},"modified":"2023-09-04T18:32:17","modified_gmt":"2023-09-04T18:32:17","slug":"rojas-el-pp-usa-la-bonificacion-como-cortina-de-humo-para-tapar-el-tema-del-personal-en-la-ciudad","status":"publish","type":"post","link":"https:\/\/agrupacionespsoe.es\/melilla\/rojas-el-pp-usa-la-bonificacion-como-cortina-de-humo-para-tapar-el-tema-del-personal-en-la-ciudad\/","title":{"rendered":"Rojas: \u201cEl PP usa la bonificaci\u00f3n como cortina de humo para tapar el tema del personal en la Ciudad\u201d"},"content":{"rendered":"\n<p><strong>Cree totalmente innecesaria la creaci\u00f3n de coordinadores: \u201cEs una figura para d\u00e1rsela a amigos del Partido Popular\u201d<\/strong><\/p>\n\n\n\n<figure class=\"wp-block-gallery has-nested-images columns-default is-cropped wp-block-gallery-1 is-layout-flex wp-block-gallery-is-layout-flex\">\n<figure class=\"wp-block-image size-large\"><img loading=\"lazy\" decoding=\"async\" width=\"1024\" height=\"577\" data-id=\"468\" src=\"https:\/\/agrupacionespsoe.es\/melilla\/wp-content\/uploads\/sites\/120\/2023\/09\/P1722346-1024x577.jpg\" alt=\"\" class=\"wp-image-468\" srcset=\"https:\/\/agrupacionespsoe.es\/melilla\/wp-content\/uploads\/sites\/120\/2023\/09\/P1722346-1024x577.jpg 1024w, https:\/\/agrupacionespsoe.es\/melilla\/wp-content\/uploads\/sites\/120\/2023\/09\/P1722346-300x169.jpg 300w, https:\/\/agrupacionespsoe.es\/melilla\/wp-content\/uploads\/sites\/120\/2023\/09\/P1722346-768x433.jpg 768w, https:\/\/agrupacionespsoe.es\/melilla\/wp-content\/uploads\/sites\/120\/2023\/09\/P1722346-1536x865.jpg 1536w, https:\/\/agrupacionespsoe.es\/melilla\/wp-content\/uploads\/sites\/120\/2023\/09\/P1722346-2048x1154.jpg 2048w\" sizes=\"auto, (max-width: 1024px) 100vw, 1024px\" \/><\/figure>\n<\/figure>\n\n\n\n<p>La Secretaria General del PSOE y Portavoz del Grupo Socialista en la Asamblea, Gloria Rojas, est\u00e1 convencida de que el PP est\u00e1 generando alarma con el cambio de modificaci\u00f3n del sistema de bonificaci\u00f3n a las cuotas a la Seguridad Social como cortina de humo \u201cpara tapar las barbaridades que est\u00e1n haciendo y que quieren hacer con el tema del personal en la Ciudad Aut\u00f3noma\u201d.<\/p>\n\n\n\n<p>La n\u00famero uno de los socialistas locales, que ha dejado claro que el PP no hubiese presentado una moci\u00f3n sobre esta cuesti\u00f3n \u201csi Feij\u00f3o tuviese alguna posibilidad de gobernar\u201d, se ha referido al aumento de personal eventual y de directores generales que va a llevar a cabo el PP, as\u00ed como a la creaci\u00f3n de la figura del coordinador.<\/p>\n\n\n\n<p>Tal y como ha explicado Rojas, los populares han creado una Direcci\u00f3n General que duplica funciones respecto a la ya existente de Innovaci\u00f3n Tecnol\u00f3gica. \u201cEsa Direcci\u00f3n General no es necesaria, puesto que el Centro Tecnol\u00f3gico, el equipo y la Direcci\u00f3n General ya existente de Sociedad de la Informaci\u00f3n pueden perfectamente hacer esas funciones\u201d, ha explicado.<\/p>\n\n\n\n<p>Adem\u00e1s, en lo que respecta el personal eventual, \u201cno pueden pasar de 25 personas, pero hemos votado en contra por el aumento de asesores\u201d, ha explicado, lo que conlleva \u201cun aumento de categor\u00eda y un aumento del presupuesto\u201d, ha relatado.<\/p>\n\n\n\n<p>Y en lo que respecta a los coordinadores, \u201cest\u00e1n buscando, a trav\u00e9s del Reglamento de Gobierno y de la Administraci\u00f3n, c\u00f3mo crear esa figura\u201d, ha explicado. \u201cNo nos cabe la duda que, si los t\u00e9cnicos se encuentra la figura, ser\u00e1 legal, pero estamos convencidos que ser\u00e1 inmoral\u201d, ha recalcado.<\/p>\n\n\n\n<p>Y es que \u201centendemos que no es necesaria la figura del coordinador, entendemos que es una figura para d\u00e1rsela a amigos del Partido Popular\u201d, ha denunciado.<\/p>\n\n\n\n<p>Pero es que, adem\u00e1s, \u201cseguimos viendo, d\u00eda a d\u00eda, que a\u00fan sin crear la figura, Francisco D\u00edaz sigue haciendo funciones como si fuera el coordinador de Festejos\u201d, ha censurado.<\/p>\n\n\n\n<p>\u201c\u00c9l no tiene competencias en Festejos. Ninguna. No es una persona electa. No puede tomar decisiones pol\u00edticas. No puede tomarlas fuera de su \u00e1mbito competencial de Melilla Ciudad Monumental\u201d, ha recalcado.<\/p>\n\n\n\n<p>Y ha subrayado que Melilla Ciudad Monumental \u201cno tiene ninguna competencia en Festejos\u201d. Por lo tanto, ha pedido a los populares respeto institucional. \u201cA\u00fan sin haber creado la famosa figura de los coordinadores, Francisco D\u00edaz sigue tomando las decisiones pol\u00edticas de Festejos\u201d, ha reprochado. Llegados a este punto ha pedido a Fadela Mohatar que se haga cargo de estas funciones \u201cporque son sus competencias\u201d.<\/p>\n","protected":false},"excerpt":{"rendered":"<p>Cree totalmente innecesaria la creaci\u00f3n de coordinadores: \u201cEs una figura para d\u00e1rsela a amigos del Partido Popular\u201d La Secretaria General del PSOE y Portavoz del Grupo Socialista en la Asamblea, Gloria Rojas, est\u00e1 convencida de que el PP est\u00e1 generando alarma con el cambio de modificaci\u00f3n del sistema de bonificaci\u00f3n a las cuotas a la &#8230;<\/p>\n","protected":false},"author":187,"featured_media":0,"comment_status":"open","ping_status":"open","sticky":false,"template":"","format":"standard","meta":{"_jetpack_memberships_contains_paid_content":false,"footnotes":""},"categories":[1],"tags":[],"class_list":["post-467","post","type-post","status-publish","format-standard","hentry","category-sin-categoria"],"yoast_head":"<!-- This site is optimized with the Yoast SEO plugin v24.0 - https:\/\/yoast.com\/wordpress\/plugins\/seo\/ -->\n<title>Rojas: \u201cEl PP usa la bonificaci\u00f3n como cortina de humo para tapar el tema del personal en la Ciudad\u201d - Agrupaci\u00f3n Socialista de Melilla<\/title>\n<meta name=\"robots\" content=\"index, follow, max-snippet:-1, max-image-preview:large, max-video-preview:-1\" \/>\n<link rel=\"canonical\" href=\"https:\/\/agrupacionespsoe.es\/melilla\/rojas-el-pp-usa-la-bonificacion-como-cortina-de-humo-para-tapar-el-tema-del-personal-en-la-ciudad\/\" \/>\n<meta property=\"og:locale\" content=\"es_ES\" \/>\n<meta property=\"og:type\" content=\"article\" \/>\n<meta property=\"og:title\" content=\"Rojas: \u201cEl PP usa la bonificaci\u00f3n como cortina de humo para tapar el tema del personal en la Ciudad\u201d - Agrupaci\u00f3n Socialista de Melilla\" \/>\n<meta property=\"og:description\" content=\"Cree totalmente innecesaria la creaci\u00f3n de coordinadores: \u201cEs una figura para d\u00e1rsela a amigos del Partido Popular\u201d La Secretaria General del PSOE y Portavoz del Grupo Socialista en la Asamblea, Gloria Rojas, est\u00e1 convencida de que el PP est\u00e1 generando alarma con el cambio de modificaci\u00f3n del sistema de bonificaci\u00f3n a las cuotas a la ...\" \/>\n<meta property=\"og:url\" content=\"https:\/\/agrupacionespsoe.es\/melilla\/rojas-el-pp-usa-la-bonificacion-como-cortina-de-humo-para-tapar-el-tema-del-personal-en-la-ciudad\/\" \/>\n<meta property=\"og:site_name\" content=\"Agrupaci\u00f3n Socialista de Melilla\" \/>\n<meta property=\"article:published_time\" content=\"2023-09-04T18:32:16+00:00\" \/>\n<meta property=\"article:modified_time\" content=\"2023-09-04T18:32:17+00:00\" \/>\n<meta property=\"og:image\" content=\"https:\/\/agrupacionespsoe.es\/melilla\/wp-content\/uploads\/sites\/120\/2023\/09\/P1722346-1024x577.jpg\" \/>\n<meta name=\"author\" content=\"melilla2\" \/>\n<meta name=\"twitter:card\" content=\"summary_large_image\" \/>\n<meta name=\"twitter:label1\" content=\"Escrito por\" \/>\n\t<meta name=\"twitter:data1\" content=\"melilla2\" \/>\n\t<meta name=\"twitter:label2\" content=\"Tiempo de lectura\" \/>\n\t<meta name=\"twitter:data2\" content=\"3 minutos\" \/>\n<script type=\"application\/ld+json\" class=\"yoast-schema-graph\">{\"@context\":\"https:\/\/schema.org\",\"@graph\":[{\"@type\":\"Article\",\"@id\":\"https:\/\/agrupacionespsoe.es\/melilla\/rojas-el-pp-usa-la-bonificacion-como-cortina-de-humo-para-tapar-el-tema-del-personal-en-la-ciudad\/#article\",\"isPartOf\":{\"@id\":\"https:\/\/agrupacionespsoe.es\/melilla\/rojas-el-pp-usa-la-bonificacion-como-cortina-de-humo-para-tapar-el-tema-del-personal-en-la-ciudad\/\"},\"author\":{\"name\":\"melilla2\",\"@id\":\"https:\/\/agrupacionespsoe.es\/melilla\/#\/schema\/person\/72bb3075a827d0ed0623682b96c92bd6\"},\"headline\":\"Rojas: \u201cEl PP usa la bonificaci\u00f3n como cortina de humo para tapar el tema del personal en la Ciudad\u201d\",\"datePublished\":\"2023-09-04T18:32:16+00:00\",\"dateModified\":\"2023-09-04T18:32:17+00:00\",\"mainEntityOfPage\":{\"@id\":\"https:\/\/agrupacionespsoe.es\/melilla\/rojas-el-pp-usa-la-bonificacion-como-cortina-de-humo-para-tapar-el-tema-del-personal-en-la-ciudad\/\"},\"wordCount\":488,\"commentCount\":0,\"publisher\":{\"@id\":\"https:\/\/agrupacionespsoe.es\/melilla\/#organization\"},\"image\":{\"@id\":\"https:\/\/agrupacionespsoe.es\/melilla\/rojas-el-pp-usa-la-bonificacion-como-cortina-de-humo-para-tapar-el-tema-del-personal-en-la-ciudad\/#primaryimage\"},\"thumbnailUrl\":\"https:\/\/agrupacionespsoe.es\/melilla\/wp-content\/uploads\/sites\/120\/2023\/09\/P1722346-1024x577.jpg\",\"inLanguage\":\"es\",\"potentialAction\":[{\"@type\":\"CommentAction\",\"name\":\"Comment\",\"target\":[\"https:\/\/agrupacionespsoe.es\/melilla\/rojas-el-pp-usa-la-bonificacion-como-cortina-de-humo-para-tapar-el-tema-del-personal-en-la-ciudad\/#respond\"]}]},{\"@type\":\"WebPage\",\"@id\":\"https:\/\/agrupacionespsoe.es\/melilla\/rojas-el-pp-usa-la-bonificacion-como-cortina-de-humo-para-tapar-el-tema-del-personal-en-la-ciudad\/\",\"url\":\"https:\/\/agrupacionespsoe.es\/melilla\/rojas-el-pp-usa-la-bonificacion-como-cortina-de-humo-para-tapar-el-tema-del-personal-en-la-ciudad\/\",\"name\":\"Rojas: \u201cEl PP usa la bonificaci\u00f3n como cortina de humo para tapar el tema del personal en la Ciudad\u201d - Agrupaci\u00f3n Socialista de Melilla\",\"isPartOf\":{\"@id\":\"https:\/\/agrupacionespsoe.es\/melilla\/#website\"},\"primaryImageOfPage\":{\"@id\":\"https:\/\/agrupacionespsoe.es\/melilla\/rojas-el-pp-usa-la-bonificacion-como-cortina-de-humo-para-tapar-el-tema-del-personal-en-la-ciudad\/#primaryimage\"},\"image\":{\"@id\":\"https:\/\/agrupacionespsoe.es\/melilla\/rojas-el-pp-usa-la-bonificacion-como-cortina-de-humo-para-tapar-el-tema-del-personal-en-la-ciudad\/#primaryimage\"},\"thumbnailUrl\":\"https:\/\/agrupacionespsoe.es\/melilla\/wp-content\/uploads\/sites\/120\/2023\/09\/P1722346-1024x577.jpg\",\"datePublished\":\"2023-09-04T18:32:16+00:00\",\"dateModified\":\"2023-09-04T18:32:17+00:00\",\"breadcrumb\":{\"@id\":\"https:\/\/agrupacionespsoe.es\/melilla\/rojas-el-pp-usa-la-bonificacion-como-cortina-de-humo-para-tapar-el-tema-del-personal-en-la-ciudad\/#breadcrumb\"},\"inLanguage\":\"es\",\"potentialAction\":[{\"@type\":\"ReadAction\",\"target\":[\"https:\/\/agrupacionespsoe.es\/melilla\/rojas-el-pp-usa-la-bonificacion-como-cortina-de-humo-para-tapar-el-tema-del-personal-en-la-ciudad\/\"]}]},{\"@type\":\"ImageObject\",\"inLanguage\":\"es\",\"@id\":\"https:\/\/agrupacionespsoe.es\/melilla\/rojas-el-pp-usa-la-bonificacion-como-cortina-de-humo-para-tapar-el-tema-del-personal-en-la-ciudad\/#primaryimage\",\"url\":\"https:\/\/agrupacionespsoe.es\/melilla\/wp-content\/uploads\/sites\/120\/2023\/09\/P1722346-scaled.jpg\",\"contentUrl\":\"https:\/\/agrupacionespsoe.es\/melilla\/wp-content\/uploads\/sites\/120\/2023\/09\/P1722346-scaled.jpg\",\"width\":2560,\"height\":1442},{\"@type\":\"BreadcrumbList\",\"@id\":\"https:\/\/agrupacionespsoe.es\/melilla\/rojas-el-pp-usa-la-bonificacion-como-cortina-de-humo-para-tapar-el-tema-del-personal-en-la-ciudad\/#breadcrumb\",\"itemListElement\":[{\"@type\":\"ListItem\",\"position\":1,\"name\":\"Portada\",\"item\":\"https:\/\/agrupacionespsoe.es\/melilla\/\"},{\"@type\":\"ListItem\",\"position\":2,\"name\":\"Rojas: \u201cEl PP usa la bonificaci\u00f3n como cortina de humo para tapar el tema del personal en la Ciudad\u201d\"}]},{\"@type\":\"WebSite\",\"@id\":\"https:\/\/agrupacionespsoe.es\/melilla\/#website\",\"url\":\"https:\/\/agrupacionespsoe.es\/melilla\/\",\"name\":\"Agrupaci\u00f3n Socialista de Melilla\",\"description\":\"Agrupaci\u00f3n Socialista de Melilla\",\"publisher\":{\"@id\":\"https:\/\/agrupacionespsoe.es\/melilla\/#organization\"},\"potentialAction\":[{\"@type\":\"SearchAction\",\"target\":{\"@type\":\"EntryPoint\",\"urlTemplate\":\"https:\/\/agrupacionespsoe.es\/melilla\/?s={search_term_string}\"},\"query-input\":{\"@type\":\"PropertyValueSpecification\",\"valueRequired\":true,\"valueName\":\"search_term_string\"}}],\"inLanguage\":\"es\"},{\"@type\":\"Organization\",\"@id\":\"https:\/\/agrupacionespsoe.es\/melilla\/#organization\",\"name\":\"Agrupaci\u00f3n Socialista de Melilla\",\"url\":\"https:\/\/agrupacionespsoe.es\/melilla\/\",\"logo\":{\"@type\":\"ImageObject\",\"inLanguage\":\"es\",\"@id\":\"https:\/\/agrupacionespsoe.es\/melilla\/#\/schema\/logo\/image\/\",\"url\":\"https:\/\/agrupacionespsoe.es\/wp-content\/uploads\/2022\/07\/Logotipo_electoral_del_PSOE.png\",\"contentUrl\":\"https:\/\/agrupacionespsoe.es\/wp-content\/uploads\/2022\/07\/Logotipo_electoral_del_PSOE.png\",\"width\":422,\"height\":422,\"caption\":\"Agrupaci\u00f3n Socialista de Melilla\"},\"image\":{\"@id\":\"https:\/\/agrupacionespsoe.es\/melilla\/#\/schema\/logo\/image\/\"}},{\"@type\":\"Person\",\"@id\":\"https:\/\/agrupacionespsoe.es\/melilla\/#\/schema\/person\/72bb3075a827d0ed0623682b96c92bd6\",\"name\":\"melilla2\",\"image\":{\"@type\":\"ImageObject\",\"inLanguage\":\"es\",\"@id\":\"https:\/\/agrupacionespsoe.es\/melilla\/#\/schema\/person\/image\/\",\"url\":\"https:\/\/secure.gravatar.com\/avatar\/489a178e794e59f00db13a448aabca16?s=96&d=mm&r=g\",\"contentUrl\":\"https:\/\/secure.gravatar.com\/avatar\/489a178e794e59f00db13a448aabca16?s=96&d=mm&r=g\",\"caption\":\"melilla2\"},\"url\":\"https:\/\/agrupacionespsoe.es\/melilla\/author\/melilla2\/\"}]}<\/script>\n<!-- \/ Yoast SEO plugin. -->","yoast_head_json":{"title":"Rojas: \u201cEl PP usa la bonificaci\u00f3n como cortina de humo para tapar el tema del personal en la Ciudad\u201d - Agrupaci\u00f3n Socialista de Melilla","robots":{"index":"index","follow":"follow","max-snippet":"max-snippet:-1","max-image-preview":"max-image-preview:large","max-video-preview":"max-video-preview:-1"},"canonical":"https:\/\/agrupacionespsoe.es\/melilla\/rojas-el-pp-usa-la-bonificacion-como-cortina-de-humo-para-tapar-el-tema-del-personal-en-la-ciudad\/","og_locale":"es_ES","og_type":"article","og_title":"Rojas: \u201cEl PP usa la bonificaci\u00f3n como cortina de humo para tapar el tema del personal en la Ciudad\u201d - Agrupaci\u00f3n Socialista de Melilla","og_description":"Cree totalmente innecesaria la creaci\u00f3n de coordinadores: \u201cEs una figura para d\u00e1rsela a amigos del Partido Popular\u201d La Secretaria General del PSOE y Portavoz del Grupo Socialista en la Asamblea, Gloria Rojas, est\u00e1 convencida de que el PP est\u00e1 generando alarma con el cambio de modificaci\u00f3n del sistema de bonificaci\u00f3n a las cuotas a la ...","og_url":"https:\/\/agrupacionespsoe.es\/melilla\/rojas-el-pp-usa-la-bonificacion-como-cortina-de-humo-para-tapar-el-tema-del-personal-en-la-ciudad\/","og_site_name":"Agrupaci\u00f3n Socialista de Melilla","article_published_time":"2023-09-04T18:32:16+00:00","article_modified_time":"2023-09-04T18:32:17+00:00","og_image":[{"url":"https:\/\/agrupacionespsoe.es\/melilla\/wp-content\/uploads\/sites\/120\/2023\/09\/P1722346-1024x577.jpg","type":"","width":"","height":""}],"author":"melilla2","twitter_card":"summary_large_image","twitter_misc":{"Escrito por":"melilla2","Tiempo de lectura":"3 minutos"},"schema":{"@context":"https:\/\/schema.org","@graph":[{"@type":"Article","@id":"https:\/\/agrupacionespsoe.es\/melilla\/rojas-el-pp-usa-la-bonificacion-como-cortina-de-humo-para-tapar-el-tema-del-personal-en-la-ciudad\/#article","isPartOf":{"@id":"https:\/\/agrupacionespsoe.es\/melilla\/rojas-el-pp-usa-la-bonificacion-como-cortina-de-humo-para-tapar-el-tema-del-personal-en-la-ciudad\/"},"author":{"name":"melilla2","@id":"https:\/\/agrupacionespsoe.es\/melilla\/#\/schema\/person\/72bb3075a827d0ed0623682b96c92bd6"},"headline":"Rojas: \u201cEl PP usa la bonificaci\u00f3n como cortina de humo para tapar el tema del personal en la Ciudad\u201d","datePublished":"2023-09-04T18:32:16+00:00","dateModified":"2023-09-04T18:32:17+00:00","mainEntityOfPage":{"@id":"https:\/\/agrupacionespsoe.es\/melilla\/rojas-el-pp-usa-la-bonificacion-como-cortina-de-humo-para-tapar-el-tema-del-personal-en-la-ciudad\/"},"wordCount":488,"commentCount":0,"publisher":{"@id":"https:\/\/agrupacionespsoe.es\/melilla\/#organization"},"image":{"@id":"https:\/\/agrupacionespsoe.es\/melilla\/rojas-el-pp-usa-la-bonificacion-como-cortina-de-humo-para-tapar-el-tema-del-personal-en-la-ciudad\/#primaryimage"},"thumbnailUrl":"https:\/\/agrupacionespsoe.es\/melilla\/wp-content\/uploads\/sites\/120\/2023\/09\/P1722346-1024x577.jpg","inLanguage":"es","potentialAction":[{"@type":"CommentAction","name":"Comment","target":["https:\/\/agrupacionespsoe.es\/melilla\/rojas-el-pp-usa-la-bonificacion-como-cortina-de-humo-para-tapar-el-tema-del-personal-en-la-ciudad\/#respond"]}]},{"@type":"WebPage","@id":"https:\/\/agrupacionespsoe.es\/melilla\/rojas-el-pp-usa-la-bonificacion-como-cortina-de-humo-para-tapar-el-tema-del-personal-en-la-ciudad\/","url":"https:\/\/agrupacionespsoe.es\/melilla\/rojas-el-pp-usa-la-bonificacion-como-cortina-de-humo-para-tapar-el-tema-del-personal-en-la-ciudad\/","name":"Rojas: \u201cEl PP usa la bonificaci\u00f3n como cortina de humo para tapar el tema del personal en la Ciudad\u201d - Agrupaci\u00f3n Socialista de Melilla","isPartOf":{"@id":"https:\/\/agrupacionespsoe.es\/melilla\/#website"},"primaryImageOfPage":{"@id":"https:\/\/agrupacionespsoe.es\/melilla\/rojas-el-pp-usa-la-bonificacion-como-cortina-de-humo-para-tapar-el-tema-del-personal-en-la-ciudad\/#primaryimage"},"image":{"@id":"https:\/\/agrupacionespsoe.es\/melilla\/rojas-el-pp-usa-la-bonificacion-como-cortina-de-humo-para-tapar-el-tema-del-personal-en-la-ciudad\/#primaryimage"},"thumbnailUrl":"https:\/\/agrupacionespsoe.es\/melilla\/wp-content\/uploads\/sites\/120\/2023\/09\/P1722346-1024x577.jpg","datePublished":"2023-09-04T18:32:16+00:00","dateModified":"2023-09-04T18:32:17+00:00","breadcrumb":{"@id":"https:\/\/agrupacionespsoe.es\/melilla\/rojas-el-pp-usa-la-bonificacion-como-cortina-de-humo-para-tapar-el-tema-del-personal-en-la-ciudad\/#breadcrumb"},"inLanguage":"es","potentialAction":[{"@type":"ReadAction","target":["https:\/\/agrupacionespsoe.es\/melilla\/rojas-el-pp-usa-la-bonificacion-como-cortina-de-humo-para-tapar-el-tema-del-personal-en-la-ciudad\/"]}]},{"@type":"ImageObject","inLanguage":"es","@id":"https:\/\/agrupacionespsoe.es\/melilla\/rojas-el-pp-usa-la-bonificacion-como-cortina-de-humo-para-tapar-el-tema-del-personal-en-la-ciudad\/#primaryimage","url":"https:\/\/agrupacionespsoe.es\/melilla\/wp-content\/uploads\/sites\/120\/2023\/09\/P1722346-scaled.jpg","contentUrl":"https:\/\/agrupacionespsoe.es\/melilla\/wp-content\/uploads\/sites\/120\/2023\/09\/P1722346-scaled.jpg","width":2560,"height":1442},{"@type":"BreadcrumbList","@id":"https:\/\/agrupacionespsoe.es\/melilla\/rojas-el-pp-usa-la-bonificacion-como-cortina-de-humo-para-tapar-el-tema-del-personal-en-la-ciudad\/#breadcrumb","itemListElement":[{"@type":"ListItem","position":1,"name":"Portada","item":"https:\/\/agrupacionespsoe.es\/melilla\/"},{"@type":"ListItem","position":2,"name":"Rojas: \u201cEl PP usa la bonificaci\u00f3n como cortina de humo para tapar el tema del personal en la Ciudad\u201d"}]},{"@type":"WebSite","@id":"https:\/\/agrupacionespsoe.es\/melilla\/#website","url":"https:\/\/agrupacionespsoe.es\/melilla\/","name":"Agrupaci\u00f3n Socialista de Melilla","description":"Agrupaci\u00f3n Socialista de Melilla","publisher":{"@id":"https:\/\/agrupacionespsoe.es\/melilla\/#organization"},"potentialAction":[{"@type":"SearchAction","target":{"@type":"EntryPoint","urlTemplate":"https:\/\/agrupacionespsoe.es\/melilla\/?s={search_term_string}"},"query-input":{"@type":"PropertyValueSpecification","valueRequired":true,"valueName":"search_term_string"}}],"inLanguage":"es"},{"@type":"Organization","@id":"https:\/\/agrupacionespsoe.es\/melilla\/#organization","name":"Agrupaci\u00f3n Socialista de Melilla","url":"https:\/\/agrupacionespsoe.es\/melilla\/","logo":{"@type":"ImageObject","inLanguage":"es","@id":"https:\/\/agrupacionespsoe.es\/melilla\/#\/schema\/logo\/image\/","url":"https:\/\/agrupacionespsoe.es\/wp-content\/uploads\/2022\/07\/Logotipo_electoral_del_PSOE.png","contentUrl":"https:\/\/agrupacionespsoe.es\/wp-content\/uploads\/2022\/07\/Logotipo_electoral_del_PSOE.png","width":422,"height":422,"caption":"Agrupaci\u00f3n Socialista de Melilla"},"image":{"@id":"https:\/\/agrupacionespsoe.es\/melilla\/#\/schema\/logo\/image\/"}},{"@type":"Person","@id":"https:\/\/agrupacionespsoe.es\/melilla\/#\/schema\/person\/72bb3075a827d0ed0623682b96c92bd6","name":"melilla2","image":{"@type":"ImageObject","inLanguage":"es","@id":"https:\/\/agrupacionespsoe.es\/melilla\/#\/schema\/person\/image\/","url":"https:\/\/secure.gravatar.com\/avatar\/489a178e794e59f00db13a448aabca16?s=96&d=mm&r=g","contentUrl":"https:\/\/secure.gravatar.com\/avatar\/489a178e794e59f00db13a448aabca16?s=96&d=mm&r=g","caption":"melilla2"},"url":"https:\/\/agrupacionespsoe.es\/melilla\/author\/melilla2\/"}]}},"jetpack_featured_media_url":"","jetpack_sharing_enabled":true,"_links":{"self":[{"href":"https:\/\/agrupacionespsoe.es\/melilla\/wp-json\/wp\/v2\/posts\/467","targetHints":{"allow":["GET"]}}],"collection":[{"href":"https:\/\/agrupacionespsoe.es\/melilla\/wp-json\/wp\/v2\/posts"}],"about":[{"href":"https:\/\/agrupacionespsoe.es\/melilla\/wp-json\/wp\/v2\/types\/post"}],"author":[{"embeddable":true,"href":"https:\/\/agrupacionespsoe.es\/melilla\/wp-json\/wp\/v2\/users\/187"}],"replies":[{"embeddable":true,"href":"https:\/\/agrupacionespsoe.es\/melilla\/wp-json\/wp\/v2\/comments?post=467"}],"version-history":[{"count":1,"href":"https:\/\/agrupacionespsoe.es\/melilla\/wp-json\/wp\/v2\/posts\/467\/revisions"}],"predecessor-version":[{"id":469,"href":"https:\/\/agrupacionespsoe.es\/melilla\/wp-json\/wp\/v2\/posts\/467\/revisions\/469"}],"wp:attachment":[{"href":"https:\/\/agrupacionespsoe.es\/melilla\/wp-json\/wp\/v2\/media?parent=467"}],"wp:term":[{"taxonomy":"category","embeddable":true,"href":"https:\/\/agrupacionespsoe.es\/melilla\/wp-json\/wp\/v2\/categories?post=467"},{"taxonomy":"post_tag","embeddable":true,"href":"https:\/\/agrupacionespsoe.es\/melilla\/wp-json\/wp\/v2\/tags?post=467"}],"curies":[{"name":"wp","href":"https:\/\/api.w.org\/{rel}","templated":true}]}}