{"id":464,"date":"2023-09-04T18:01:43","date_gmt":"2023-09-04T18:01:43","guid":{"rendered":"https:\/\/agrupacionespsoe.es\/melilla\/?p=464"},"modified":"2023-09-04T18:01:44","modified_gmt":"2023-09-04T18:01:44","slug":"rojas-pide-a-imbroda-que-deje-de-asustar-a-los-empresarios-y-trabajadores-la-bonificacion-no-se-quita","status":"publish","type":"post","link":"https:\/\/agrupacionespsoe.es\/melilla\/rojas-pide-a-imbroda-que-deje-de-asustar-a-los-empresarios-y-trabajadores-la-bonificacion-no-se-quita\/","title":{"rendered":"Rojas pide a Imbroda que deje de asustar a los empresarios y trabajadores: \u201cLa bonificaci\u00f3n no se quita\u201d"},"content":{"rendered":"\n<p><strong>Con el nuevo sistema \u201cen muchos casos la empresa va a percibir m\u00e1s dinero y, en otros, va a recibir lo mismo que anteriormente\u201d<\/strong><\/p>\n\n\n\n<figure class=\"wp-block-gallery has-nested-images columns-default is-cropped wp-block-gallery-1 is-layout-flex wp-block-gallery-is-layout-flex\">\n<figure class=\"wp-block-image size-large\"><img loading=\"lazy\" decoding=\"async\" width=\"1024\" height=\"577\" data-id=\"465\" src=\"https:\/\/agrupacionespsoe.es\/melilla\/wp-content\/uploads\/sites\/120\/2023\/09\/P1722339-1024x577.jpg\" alt=\"\" class=\"wp-image-465\" srcset=\"https:\/\/agrupacionespsoe.es\/melilla\/wp-content\/uploads\/sites\/120\/2023\/09\/P1722339-1024x577.jpg 1024w, https:\/\/agrupacionespsoe.es\/melilla\/wp-content\/uploads\/sites\/120\/2023\/09\/P1722339-300x169.jpg 300w, https:\/\/agrupacionespsoe.es\/melilla\/wp-content\/uploads\/sites\/120\/2023\/09\/P1722339-768x433.jpg 768w, https:\/\/agrupacionespsoe.es\/melilla\/wp-content\/uploads\/sites\/120\/2023\/09\/P1722339-1536x865.jpg 1536w, https:\/\/agrupacionespsoe.es\/melilla\/wp-content\/uploads\/sites\/120\/2023\/09\/P1722339-2048x1154.jpg 2048w\" sizes=\"auto, (max-width: 1024px) 100vw, 1024px\" \/><\/figure>\n<\/figure>\n\n\n\n<p>La Secretaria General del PSOE y Portavoz del Grupo Socialista en la Asamblea, Gloria Rojas, ha desmentido al l\u00edder popular, Juan Jos\u00e9 Imbroda, y ha dejado claro que la bonificaci\u00f3n a las cuotas a la Seguridad Social no se quita. \u201cLa bonificaci\u00f3n aumenta en unos casos y, en otros, se mantiene en forma de subvenci\u00f3n\u201d, ha recalcado.<\/p>\n\n\n\n<p>\u201cNo es cierto, se\u00f1or Imbroda, la bonificaci\u00f3n no se quita. Hay un cambio en el sistema de bonificaciones de las cuotas de la Seguridad Social. Lo hemos dicho y lo ha dicho la Delegada del Gobierno est\u00e1 la saciedad\u201d, ha subrayado.<\/p>\n\n\n\n<p>Insistiendo en esta idea, la n\u00famero uno de los socialistas melillenses ha desmentido que las bonificaciones se quiten ni que los trabajadores vayan a perder, como ha venido diciendo el PP. Al contrario, ha reiterado que, si la base de cotizaci\u00f3n del trabajador es de menos de 1.800 euros al mes, \u201cque es, desgraciadamente, la mayor\u00eda de los contratos de esta ciudad, la empresa percibir\u00e1 m\u00e1s dinero que con el sistema del 50% ya que la empresa obtiene 262 euros por trabajador\u201d.<\/p>\n\n\n\n<p>En el resto de casos, hasta llegar al 50%, se va a hacer a trav\u00e9s de una subvenci\u00f3n, pero, en cualquier caso la empresa no perder\u00eda dinero, ha subrayado. \u201cEn muchos casos la empresa va a percibir m\u00e1s dinero, en otros, va a recibir lo mismo que anteriormente\u201d, ha resumido.<\/p>\n\n\n\n<p>\u201cLas empresas van a recibir el mismo dinero o m\u00e1s dinero del Estado y los trabajadores no reciben el dinero del Estado, lo reciben las empresas ya que es el empresario el que luego hace esa aportaci\u00f3n\u201d, ha agregado.<\/p>\n\n\n\n<p>Por ello, ha pedido a tanto al PP como al resto de partidos de la Asamblea \u201cque no asusten m\u00e1s a los empresarios, a los trabajadores y a la ciudadan\u00eda\u201d. \u201cSe lo pido por el bien de Melilla\u201d, ha instado.<\/p>\n\n\n\n<p><strong>El PP no se opuso<\/strong><\/p>\n\n\n\n<p>Rojas, en comparecencia p\u00fablica, ha explicado que los populares prepararon una moci\u00f3n contra el cambio de modelo de bonificaci\u00f3n en febrero de este a\u00f1o, cuando la propia Rojas era Consejera del Gobierno, \u201cpero, a petici\u00f3n de Miguel Mar\u00edn, se dej\u00f3 sobre la mesa\u201d.<\/p>\n\n\n\n<p>\u201cAhora la vuelven a sacar, evidentemente, porque tienen clar\u00edsimo que Feij\u00f3o no va a ser presidente de Espa\u00f1a\u201d, ha apuntado, y ha recordado que cuando se aprob\u00f3 el Real Decreto Ley 1\/2023 para cambiar el sistema de bonificaci\u00f3n en el Congreso el PP no vot\u00f3 en contra.<\/p>\n\n\n\n<p>\u201cEl Partido Popular se abstuvo. Es m\u00e1s, nos hemos le\u00eddo el Diario de Sesiones del Congreso y el diputado del Partido Popular que defendi\u00f3 la postura de este grupo, que por supuesto no fue Otazu, no habl\u00f3 absolutamente nada de esta cuesti\u00f3n y ni siquiera mencion\u00f3 a Ceuta o Melilla\u201d, ha revelado.<\/p>\n\n\n\n<p>\u201cSi tan malo era, y esta pregunta la he hecho yo en Comisi\u00f3n, sin respuesta, claro, \u00bfpor qu\u00e9 los diputados del Partido Popular en el Congreso no votaron en contra?\u201d, se ha preguntado.<\/p>\n\n\n\n<p>Rojas ha apuntado que, despu\u00e9s de este Real Decreto, \u201cpor la sensibilidad especial que tiene este Gobierno por Ceuta y Melilla\u201d, se aprob\u00f3 el Real Decreto 660\/2023, en el que se establece la subvenci\u00f3n con toda cuant\u00eda que supere los 262 euros hasta llegar al 50%, \u201cpara que ni Ceuta ni Melilla tengan ninguna p\u00e9rdida econ\u00f3mica, ni ninguna de sus empresas\u201d.<\/p>\n\n\n\n<p><strong>\u201cNi verg\u00fcenza, ni presiones\u201d<\/strong><\/p>\n\n\n\n<p>La l\u00edder socialista ha se\u00f1alado que todos los cambios normativos generan dudas e incertidumbres y, en este sentido, ha reconocido que su formaci\u00f3n tambi\u00e9n ten\u00eda dudas. Precisamente por ello han realizado consultas al Gobierno de Espa\u00f1a. \u201cPreguntamos al Gobierno si esta nueva medida afectaba a las contrataciones antes del 1 de septiembre y nos han dicho, como bien comunic\u00f3 la Delegada del Gobierno, que no, que no afecta, solo a las contrataciones posteriores\u201d, ha indicado.<\/p>\n\n\n\n<p>Por lo tanto ha negado que este aspecto tenga nada que ver con \u201cverg\u00fcenza, ni presiones\u201d, como hab\u00eda apuntado Imbroda. \u201cLo que nosotros hacemos es, cuando tenemos dudas, llamar por tel\u00e9fono y consultarlas\u201d, ha se\u00f1alado.<\/p>\n\n\n\n<p>Es m\u00e1s, Rojas ha recordado que esta medida es un compromiso con Europa. \u201cHay un acuerdo con la Uni\u00f3n Europea en optimizar y racionalizar las ayudas y las pol\u00edticas de empleo con el objetivo de impulsar las reformas del mercado laboral espa\u00f1ol\u201d, ha explicado.<\/p>\n\n\n\n<p>En cualquier caso, Gloria Rojas ha avanzado que el compromiso tanto de la Delegaci\u00f3n del Gobierno como del propio PSOE es, como han hecho hasta ahora, \u201chablar con todo el mundo\u201d. \u201cVamos a hablar con todos aquellos que tienen dudas, que nos preguntan, que se quieren reunir\u201d, ha dejado claro y se ha preguntado si Imbroda se ha reunido con los sindicatos \u201cporque yo no lo he visto\u201d.<\/p>\n\n\n\n<p>Adem\u00e1s, ha anunciado que se va a crear un grupo de trabajo, tal y como recoge el Plan de Desarrollo Socioecon\u00f3mico realizado por el Ministerio de Pol\u00edtica Territorial. \u201cEse grupo de trabajo, que tiene que emanar de la Delegaci\u00f3n del Gobierno, se va a crear con los sindicatos, con los empresarios, con la Ciudad Aut\u00f3noma\u2026\u201d, ha dejado claro.<\/p>\n\n\n\n<p>Pero adem\u00e1s, ha apuntado que&nbsp; \u201ctenemos el compromiso de la Delegada del Gobierno, del Gobierno de Espa\u00f1a y del Partido Socialista de Melilla de primera mano, de ir analizando c\u00f3mo va toda esta modificaci\u00f3n que se ha hecho del sistema de bonificaci\u00f3n de cuotas de la Seguridad Social\u201d, as\u00ed como el compromiso de \u201cde trabajar juntos por esta ciudad, por mejorar, como lo hemos hecho siempre\u201d.<\/p>\n\n\n\n<p>Una medida con la que se quiere favorecer los contratos indefinidos \u201cque es el esp\u00edritu de la reforma laboral, que est\u00e1 funcionando muy bien\u201d para beneficiar a los trabajadores. Un esp\u00edritu que tambi\u00e9n est\u00e1 en el cambio del sistema de bonificaci\u00f3n a las cuotas a la Seguridad Social, ha apostillado.<\/p>\n","protected":false},"excerpt":{"rendered":"<p>Con el nuevo sistema \u201cen muchos casos la empresa va a percibir m\u00e1s dinero y, en otros, va a recibir lo mismo que anteriormente\u201d La Secretaria General del PSOE y Portavoz del Grupo Socialista en la Asamblea, Gloria Rojas, ha desmentido al l\u00edder popular, Juan Jos\u00e9 Imbroda, y ha dejado claro que la bonificaci\u00f3n a &#8230;<\/p>\n","protected":false},"author":187,"featured_media":0,"comment_status":"open","ping_status":"open","sticky":false,"template":"","format":"standard","meta":{"_jetpack_memberships_contains_paid_content":false,"footnotes":""},"categories":[1],"tags":[],"class_list":["post-464","post","type-post","status-publish","format-standard","hentry","category-sin-categoria"],"yoast_head":"<!-- This site is optimized with the Yoast SEO plugin v24.0 - https:\/\/yoast.com\/wordpress\/plugins\/seo\/ -->\n<title>Rojas pide a Imbroda que deje de asustar a los empresarios y trabajadores: \u201cLa bonificaci\u00f3n no se quita\u201d - Agrupaci\u00f3n Socialista de Melilla<\/title>\n<meta name=\"robots\" content=\"index, follow, max-snippet:-1, max-image-preview:large, max-video-preview:-1\" \/>\n<link rel=\"canonical\" href=\"https:\/\/agrupacionespsoe.es\/melilla\/rojas-pide-a-imbroda-que-deje-de-asustar-a-los-empresarios-y-trabajadores-la-bonificacion-no-se-quita\/\" \/>\n<meta property=\"og:locale\" content=\"es_ES\" \/>\n<meta property=\"og:type\" content=\"article\" \/>\n<meta property=\"og:title\" content=\"Rojas pide a Imbroda que deje de asustar a los empresarios y trabajadores: \u201cLa bonificaci\u00f3n no se quita\u201d - Agrupaci\u00f3n Socialista de Melilla\" \/>\n<meta property=\"og:description\" content=\"Con el nuevo sistema \u201cen muchos casos la empresa va a percibir m\u00e1s dinero y, en otros, va a recibir lo mismo que anteriormente\u201d La Secretaria General del PSOE y Portavoz del Grupo Socialista en la Asamblea, Gloria Rojas, ha desmentido al l\u00edder popular, Juan Jos\u00e9 Imbroda, y ha dejado claro que la bonificaci\u00f3n a ...\" \/>\n<meta property=\"og:url\" content=\"https:\/\/agrupacionespsoe.es\/melilla\/rojas-pide-a-imbroda-que-deje-de-asustar-a-los-empresarios-y-trabajadores-la-bonificacion-no-se-quita\/\" \/>\n<meta property=\"og:site_name\" content=\"Agrupaci\u00f3n Socialista de Melilla\" \/>\n<meta property=\"article:published_time\" content=\"2023-09-04T18:01:43+00:00\" \/>\n<meta property=\"article:modified_time\" content=\"2023-09-04T18:01:44+00:00\" \/>\n<meta property=\"og:image\" content=\"https:\/\/agrupacionespsoe.es\/melilla\/wp-content\/uploads\/sites\/120\/2023\/09\/P1722339-1024x577.jpg\" \/>\n<meta name=\"author\" content=\"melilla2\" \/>\n<meta name=\"twitter:card\" content=\"summary_large_image\" \/>\n<meta name=\"twitter:label1\" content=\"Escrito por\" \/>\n\t<meta name=\"twitter:data1\" content=\"melilla2\" \/>\n\t<meta name=\"twitter:label2\" content=\"Tiempo de lectura\" \/>\n\t<meta name=\"twitter:data2\" content=\"5 minutos\" \/>\n<script type=\"application\/ld+json\" class=\"yoast-schema-graph\">{\"@context\":\"https:\/\/schema.org\",\"@graph\":[{\"@type\":\"Article\",\"@id\":\"https:\/\/agrupacionespsoe.es\/melilla\/rojas-pide-a-imbroda-que-deje-de-asustar-a-los-empresarios-y-trabajadores-la-bonificacion-no-se-quita\/#article\",\"isPartOf\":{\"@id\":\"https:\/\/agrupacionespsoe.es\/melilla\/rojas-pide-a-imbroda-que-deje-de-asustar-a-los-empresarios-y-trabajadores-la-bonificacion-no-se-quita\/\"},\"author\":{\"name\":\"melilla2\",\"@id\":\"https:\/\/agrupacionespsoe.es\/melilla\/#\/schema\/person\/72bb3075a827d0ed0623682b96c92bd6\"},\"headline\":\"Rojas pide a Imbroda que deje de asustar a los empresarios y trabajadores: \u201cLa bonificaci\u00f3n no se quita\u201d\",\"datePublished\":\"2023-09-04T18:01:43+00:00\",\"dateModified\":\"2023-09-04T18:01:44+00:00\",\"mainEntityOfPage\":{\"@id\":\"https:\/\/agrupacionespsoe.es\/melilla\/rojas-pide-a-imbroda-que-deje-de-asustar-a-los-empresarios-y-trabajadores-la-bonificacion-no-se-quita\/\"},\"wordCount\":1053,\"commentCount\":0,\"publisher\":{\"@id\":\"https:\/\/agrupacionespsoe.es\/melilla\/#organization\"},\"image\":{\"@id\":\"https:\/\/agrupacionespsoe.es\/melilla\/rojas-pide-a-imbroda-que-deje-de-asustar-a-los-empresarios-y-trabajadores-la-bonificacion-no-se-quita\/#primaryimage\"},\"thumbnailUrl\":\"https:\/\/agrupacionespsoe.es\/melilla\/wp-content\/uploads\/sites\/120\/2023\/09\/P1722339-1024x577.jpg\",\"inLanguage\":\"es\",\"potentialAction\":[{\"@type\":\"CommentAction\",\"name\":\"Comment\",\"target\":[\"https:\/\/agrupacionespsoe.es\/melilla\/rojas-pide-a-imbroda-que-deje-de-asustar-a-los-empresarios-y-trabajadores-la-bonificacion-no-se-quita\/#respond\"]}]},{\"@type\":\"WebPage\",\"@id\":\"https:\/\/agrupacionespsoe.es\/melilla\/rojas-pide-a-imbroda-que-deje-de-asustar-a-los-empresarios-y-trabajadores-la-bonificacion-no-se-quita\/\",\"url\":\"https:\/\/agrupacionespsoe.es\/melilla\/rojas-pide-a-imbroda-que-deje-de-asustar-a-los-empresarios-y-trabajadores-la-bonificacion-no-se-quita\/\",\"name\":\"Rojas pide a Imbroda que deje de asustar a los empresarios y trabajadores: \u201cLa bonificaci\u00f3n no se quita\u201d - Agrupaci\u00f3n Socialista de Melilla\",\"isPartOf\":{\"@id\":\"https:\/\/agrupacionespsoe.es\/melilla\/#website\"},\"primaryImageOfPage\":{\"@id\":\"https:\/\/agrupacionespsoe.es\/melilla\/rojas-pide-a-imbroda-que-deje-de-asustar-a-los-empresarios-y-trabajadores-la-bonificacion-no-se-quita\/#primaryimage\"},\"image\":{\"@id\":\"https:\/\/agrupacionespsoe.es\/melilla\/rojas-pide-a-imbroda-que-deje-de-asustar-a-los-empresarios-y-trabajadores-la-bonificacion-no-se-quita\/#primaryimage\"},\"thumbnailUrl\":\"https:\/\/agrupacionespsoe.es\/melilla\/wp-content\/uploads\/sites\/120\/2023\/09\/P1722339-1024x577.jpg\",\"datePublished\":\"2023-09-04T18:01:43+00:00\",\"dateModified\":\"2023-09-04T18:01:44+00:00\",\"breadcrumb\":{\"@id\":\"https:\/\/agrupacionespsoe.es\/melilla\/rojas-pide-a-imbroda-que-deje-de-asustar-a-los-empresarios-y-trabajadores-la-bonificacion-no-se-quita\/#breadcrumb\"},\"inLanguage\":\"es\",\"potentialAction\":[{\"@type\":\"ReadAction\",\"target\":[\"https:\/\/agrupacionespsoe.es\/melilla\/rojas-pide-a-imbroda-que-deje-de-asustar-a-los-empresarios-y-trabajadores-la-bonificacion-no-se-quita\/\"]}]},{\"@type\":\"ImageObject\",\"inLanguage\":\"es\",\"@id\":\"https:\/\/agrupacionespsoe.es\/melilla\/rojas-pide-a-imbroda-que-deje-de-asustar-a-los-empresarios-y-trabajadores-la-bonificacion-no-se-quita\/#primaryimage\",\"url\":\"https:\/\/agrupacionespsoe.es\/melilla\/wp-content\/uploads\/sites\/120\/2023\/09\/P1722339-scaled.jpg\",\"contentUrl\":\"https:\/\/agrupacionespsoe.es\/melilla\/wp-content\/uploads\/sites\/120\/2023\/09\/P1722339-scaled.jpg\",\"width\":2560,\"height\":1442},{\"@type\":\"BreadcrumbList\",\"@id\":\"https:\/\/agrupacionespsoe.es\/melilla\/rojas-pide-a-imbroda-que-deje-de-asustar-a-los-empresarios-y-trabajadores-la-bonificacion-no-se-quita\/#breadcrumb\",\"itemListElement\":[{\"@type\":\"ListItem\",\"position\":1,\"name\":\"Portada\",\"item\":\"https:\/\/agrupacionespsoe.es\/melilla\/\"},{\"@type\":\"ListItem\",\"position\":2,\"name\":\"Rojas pide a Imbroda que deje de asustar a los empresarios y trabajadores: \u201cLa bonificaci\u00f3n no se quita\u201d\"}]},{\"@type\":\"WebSite\",\"@id\":\"https:\/\/agrupacionespsoe.es\/melilla\/#website\",\"url\":\"https:\/\/agrupacionespsoe.es\/melilla\/\",\"name\":\"Agrupaci\u00f3n Socialista de Melilla\",\"description\":\"Agrupaci\u00f3n Socialista de Melilla\",\"publisher\":{\"@id\":\"https:\/\/agrupacionespsoe.es\/melilla\/#organization\"},\"potentialAction\":[{\"@type\":\"SearchAction\",\"target\":{\"@type\":\"EntryPoint\",\"urlTemplate\":\"https:\/\/agrupacionespsoe.es\/melilla\/?s={search_term_string}\"},\"query-input\":{\"@type\":\"PropertyValueSpecification\",\"valueRequired\":true,\"valueName\":\"search_term_string\"}}],\"inLanguage\":\"es\"},{\"@type\":\"Organization\",\"@id\":\"https:\/\/agrupacionespsoe.es\/melilla\/#organization\",\"name\":\"Agrupaci\u00f3n Socialista de Melilla\",\"url\":\"https:\/\/agrupacionespsoe.es\/melilla\/\",\"logo\":{\"@type\":\"ImageObject\",\"inLanguage\":\"es\",\"@id\":\"https:\/\/agrupacionespsoe.es\/melilla\/#\/schema\/logo\/image\/\",\"url\":\"https:\/\/agrupacionespsoe.es\/wp-content\/uploads\/2022\/07\/Logotipo_electoral_del_PSOE.png\",\"contentUrl\":\"https:\/\/agrupacionespsoe.es\/wp-content\/uploads\/2022\/07\/Logotipo_electoral_del_PSOE.png\",\"width\":422,\"height\":422,\"caption\":\"Agrupaci\u00f3n Socialista de Melilla\"},\"image\":{\"@id\":\"https:\/\/agrupacionespsoe.es\/melilla\/#\/schema\/logo\/image\/\"}},{\"@type\":\"Person\",\"@id\":\"https:\/\/agrupacionespsoe.es\/melilla\/#\/schema\/person\/72bb3075a827d0ed0623682b96c92bd6\",\"name\":\"melilla2\",\"image\":{\"@type\":\"ImageObject\",\"inLanguage\":\"es\",\"@id\":\"https:\/\/agrupacionespsoe.es\/melilla\/#\/schema\/person\/image\/\",\"url\":\"https:\/\/secure.gravatar.com\/avatar\/489a178e794e59f00db13a448aabca16?s=96&d=mm&r=g\",\"contentUrl\":\"https:\/\/secure.gravatar.com\/avatar\/489a178e794e59f00db13a448aabca16?s=96&d=mm&r=g\",\"caption\":\"melilla2\"},\"url\":\"https:\/\/agrupacionespsoe.es\/melilla\/author\/melilla2\/\"}]}<\/script>\n<!-- \/ Yoast SEO plugin. -->","yoast_head_json":{"title":"Rojas pide a Imbroda que deje de asustar a los empresarios y trabajadores: \u201cLa bonificaci\u00f3n no se quita\u201d - Agrupaci\u00f3n Socialista de Melilla","robots":{"index":"index","follow":"follow","max-snippet":"max-snippet:-1","max-image-preview":"max-image-preview:large","max-video-preview":"max-video-preview:-1"},"canonical":"https:\/\/agrupacionespsoe.es\/melilla\/rojas-pide-a-imbroda-que-deje-de-asustar-a-los-empresarios-y-trabajadores-la-bonificacion-no-se-quita\/","og_locale":"es_ES","og_type":"article","og_title":"Rojas pide a Imbroda que deje de asustar a los empresarios y trabajadores: \u201cLa bonificaci\u00f3n no se quita\u201d - Agrupaci\u00f3n Socialista de Melilla","og_description":"Con el nuevo sistema \u201cen muchos casos la empresa va a percibir m\u00e1s dinero y, en otros, va a recibir lo mismo que anteriormente\u201d La Secretaria General del PSOE y Portavoz del Grupo Socialista en la Asamblea, Gloria Rojas, ha desmentido al l\u00edder popular, Juan Jos\u00e9 Imbroda, y ha dejado claro que la bonificaci\u00f3n a ...","og_url":"https:\/\/agrupacionespsoe.es\/melilla\/rojas-pide-a-imbroda-que-deje-de-asustar-a-los-empresarios-y-trabajadores-la-bonificacion-no-se-quita\/","og_site_name":"Agrupaci\u00f3n Socialista de Melilla","article_published_time":"2023-09-04T18:01:43+00:00","article_modified_time":"2023-09-04T18:01:44+00:00","og_image":[{"url":"https:\/\/agrupacionespsoe.es\/melilla\/wp-content\/uploads\/sites\/120\/2023\/09\/P1722339-1024x577.jpg","type":"","width":"","height":""}],"author":"melilla2","twitter_card":"summary_large_image","twitter_misc":{"Escrito por":"melilla2","Tiempo de lectura":"5 minutos"},"schema":{"@context":"https:\/\/schema.org","@graph":[{"@type":"Article","@id":"https:\/\/agrupacionespsoe.es\/melilla\/rojas-pide-a-imbroda-que-deje-de-asustar-a-los-empresarios-y-trabajadores-la-bonificacion-no-se-quita\/#article","isPartOf":{"@id":"https:\/\/agrupacionespsoe.es\/melilla\/rojas-pide-a-imbroda-que-deje-de-asustar-a-los-empresarios-y-trabajadores-la-bonificacion-no-se-quita\/"},"author":{"name":"melilla2","@id":"https:\/\/agrupacionespsoe.es\/melilla\/#\/schema\/person\/72bb3075a827d0ed0623682b96c92bd6"},"headline":"Rojas pide a Imbroda que deje de asustar a los empresarios y trabajadores: \u201cLa bonificaci\u00f3n no se quita\u201d","datePublished":"2023-09-04T18:01:43+00:00","dateModified":"2023-09-04T18:01:44+00:00","mainEntityOfPage":{"@id":"https:\/\/agrupacionespsoe.es\/melilla\/rojas-pide-a-imbroda-que-deje-de-asustar-a-los-empresarios-y-trabajadores-la-bonificacion-no-se-quita\/"},"wordCount":1053,"commentCount":0,"publisher":{"@id":"https:\/\/agrupacionespsoe.es\/melilla\/#organization"},"image":{"@id":"https:\/\/agrupacionespsoe.es\/melilla\/rojas-pide-a-imbroda-que-deje-de-asustar-a-los-empresarios-y-trabajadores-la-bonificacion-no-se-quita\/#primaryimage"},"thumbnailUrl":"https:\/\/agrupacionespsoe.es\/melilla\/wp-content\/uploads\/sites\/120\/2023\/09\/P1722339-1024x577.jpg","inLanguage":"es","potentialAction":[{"@type":"CommentAction","name":"Comment","target":["https:\/\/agrupacionespsoe.es\/melilla\/rojas-pide-a-imbroda-que-deje-de-asustar-a-los-empresarios-y-trabajadores-la-bonificacion-no-se-quita\/#respond"]}]},{"@type":"WebPage","@id":"https:\/\/agrupacionespsoe.es\/melilla\/rojas-pide-a-imbroda-que-deje-de-asustar-a-los-empresarios-y-trabajadores-la-bonificacion-no-se-quita\/","url":"https:\/\/agrupacionespsoe.es\/melilla\/rojas-pide-a-imbroda-que-deje-de-asustar-a-los-empresarios-y-trabajadores-la-bonificacion-no-se-quita\/","name":"Rojas pide a Imbroda que deje de asustar a los empresarios y trabajadores: \u201cLa bonificaci\u00f3n no se quita\u201d - Agrupaci\u00f3n Socialista de Melilla","isPartOf":{"@id":"https:\/\/agrupacionespsoe.es\/melilla\/#website"},"primaryImageOfPage":{"@id":"https:\/\/agrupacionespsoe.es\/melilla\/rojas-pide-a-imbroda-que-deje-de-asustar-a-los-empresarios-y-trabajadores-la-bonificacion-no-se-quita\/#primaryimage"},"image":{"@id":"https:\/\/agrupacionespsoe.es\/melilla\/rojas-pide-a-imbroda-que-deje-de-asustar-a-los-empresarios-y-trabajadores-la-bonificacion-no-se-quita\/#primaryimage"},"thumbnailUrl":"https:\/\/agrupacionespsoe.es\/melilla\/wp-content\/uploads\/sites\/120\/2023\/09\/P1722339-1024x577.jpg","datePublished":"2023-09-04T18:01:43+00:00","dateModified":"2023-09-04T18:01:44+00:00","breadcrumb":{"@id":"https:\/\/agrupacionespsoe.es\/melilla\/rojas-pide-a-imbroda-que-deje-de-asustar-a-los-empresarios-y-trabajadores-la-bonificacion-no-se-quita\/#breadcrumb"},"inLanguage":"es","potentialAction":[{"@type":"ReadAction","target":["https:\/\/agrupacionespsoe.es\/melilla\/rojas-pide-a-imbroda-que-deje-de-asustar-a-los-empresarios-y-trabajadores-la-bonificacion-no-se-quita\/"]}]},{"@type":"ImageObject","inLanguage":"es","@id":"https:\/\/agrupacionespsoe.es\/melilla\/rojas-pide-a-imbroda-que-deje-de-asustar-a-los-empresarios-y-trabajadores-la-bonificacion-no-se-quita\/#primaryimage","url":"https:\/\/agrupacionespsoe.es\/melilla\/wp-content\/uploads\/sites\/120\/2023\/09\/P1722339-scaled.jpg","contentUrl":"https:\/\/agrupacionespsoe.es\/melilla\/wp-content\/uploads\/sites\/120\/2023\/09\/P1722339-scaled.jpg","width":2560,"height":1442},{"@type":"BreadcrumbList","@id":"https:\/\/agrupacionespsoe.es\/melilla\/rojas-pide-a-imbroda-que-deje-de-asustar-a-los-empresarios-y-trabajadores-la-bonificacion-no-se-quita\/#breadcrumb","itemListElement":[{"@type":"ListItem","position":1,"name":"Portada","item":"https:\/\/agrupacionespsoe.es\/melilla\/"},{"@type":"ListItem","position":2,"name":"Rojas pide a Imbroda que deje de asustar a los empresarios y trabajadores: \u201cLa bonificaci\u00f3n no se quita\u201d"}]},{"@type":"WebSite","@id":"https:\/\/agrupacionespsoe.es\/melilla\/#website","url":"https:\/\/agrupacionespsoe.es\/melilla\/","name":"Agrupaci\u00f3n Socialista de Melilla","description":"Agrupaci\u00f3n Socialista de Melilla","publisher":{"@id":"https:\/\/agrupacionespsoe.es\/melilla\/#organization"},"potentialAction":[{"@type":"SearchAction","target":{"@type":"EntryPoint","urlTemplate":"https:\/\/agrupacionespsoe.es\/melilla\/?s={search_term_string}"},"query-input":{"@type":"PropertyValueSpecification","valueRequired":true,"valueName":"search_term_string"}}],"inLanguage":"es"},{"@type":"Organization","@id":"https:\/\/agrupacionespsoe.es\/melilla\/#organization","name":"Agrupaci\u00f3n Socialista de Melilla","url":"https:\/\/agrupacionespsoe.es\/melilla\/","logo":{"@type":"ImageObject","inLanguage":"es","@id":"https:\/\/agrupacionespsoe.es\/melilla\/#\/schema\/logo\/image\/","url":"https:\/\/agrupacionespsoe.es\/wp-content\/uploads\/2022\/07\/Logotipo_electoral_del_PSOE.png","contentUrl":"https:\/\/agrupacionespsoe.es\/wp-content\/uploads\/2022\/07\/Logotipo_electoral_del_PSOE.png","width":422,"height":422,"caption":"Agrupaci\u00f3n Socialista de Melilla"},"image":{"@id":"https:\/\/agrupacionespsoe.es\/melilla\/#\/schema\/logo\/image\/"}},{"@type":"Person","@id":"https:\/\/agrupacionespsoe.es\/melilla\/#\/schema\/person\/72bb3075a827d0ed0623682b96c92bd6","name":"melilla2","image":{"@type":"ImageObject","inLanguage":"es","@id":"https:\/\/agrupacionespsoe.es\/melilla\/#\/schema\/person\/image\/","url":"https:\/\/secure.gravatar.com\/avatar\/489a178e794e59f00db13a448aabca16?s=96&d=mm&r=g","contentUrl":"https:\/\/secure.gravatar.com\/avatar\/489a178e794e59f00db13a448aabca16?s=96&d=mm&r=g","caption":"melilla2"},"url":"https:\/\/agrupacionespsoe.es\/melilla\/author\/melilla2\/"}]}},"jetpack_featured_media_url":"","jetpack_sharing_enabled":true,"_links":{"self":[{"href":"https:\/\/agrupacionespsoe.es\/melilla\/wp-json\/wp\/v2\/posts\/464","targetHints":{"allow":["GET"]}}],"collection":[{"href":"https:\/\/agrupacionespsoe.es\/melilla\/wp-json\/wp\/v2\/posts"}],"about":[{"href":"https:\/\/agrupacionespsoe.es\/melilla\/wp-json\/wp\/v2\/types\/post"}],"author":[{"embeddable":true,"href":"https:\/\/agrupacionespsoe.es\/melilla\/wp-json\/wp\/v2\/users\/187"}],"replies":[{"embeddable":true,"href":"https:\/\/agrupacionespsoe.es\/melilla\/wp-json\/wp\/v2\/comments?post=464"}],"version-history":[{"count":1,"href":"https:\/\/agrupacionespsoe.es\/melilla\/wp-json\/wp\/v2\/posts\/464\/revisions"}],"predecessor-version":[{"id":466,"href":"https:\/\/agrupacionespsoe.es\/melilla\/wp-json\/wp\/v2\/posts\/464\/revisions\/466"}],"wp:attachment":[{"href":"https:\/\/agrupacionespsoe.es\/melilla\/wp-json\/wp\/v2\/media?parent=464"}],"wp:term":[{"taxonomy":"category","embeddable":true,"href":"https:\/\/agrupacionespsoe.es\/melilla\/wp-json\/wp\/v2\/categories?post=464"},{"taxonomy":"post_tag","embeddable":true,"href":"https:\/\/agrupacionespsoe.es\/melilla\/wp-json\/wp\/v2\/tags?post=464"}],"curies":[{"name":"wp","href":"https:\/\/api.w.org\/{rel}","templated":true}]}}