{"id":461,"date":"2023-09-03T16:03:37","date_gmt":"2023-09-03T16:03:37","guid":{"rendered":"https:\/\/agrupacionespsoe.es\/melilla\/?p=461"},"modified":"2023-09-03T16:03:38","modified_gmt":"2023-09-03T16:03:38","slug":"rojas-lamenta-que-feijoo-este-haciendo-perder-tiempo-a-espana-y-a-los-espanoles","status":"publish","type":"post","link":"https:\/\/agrupacionespsoe.es\/melilla\/rojas-lamenta-que-feijoo-este-haciendo-perder-tiempo-a-espana-y-a-los-espanoles\/","title":{"rendered":"Rojas lamenta que Feij\u00f3o est\u00e9 haciendo perder tiempo a Espa\u00f1a y a los espa\u00f1oles"},"content":{"rendered":"\n<p><strong>Destaca la incoherencia del PP: \u201cSi el PSOE habla con nacionalistas, se rompe Espa\u00f1a. Si el que lo hace es Feij\u00f3o, no pasa nada\u201d<\/strong><\/p>\n\n\n\n<figure class=\"wp-block-image size-large\"><img loading=\"lazy\" decoding=\"async\" width=\"1024\" height=\"682\" src=\"https:\/\/agrupacionespsoe.es\/melilla\/wp-content\/uploads\/sites\/120\/2023\/09\/b81a781e-7416-41ca-8c91-befb0b830d39-1024x682.jpg\" alt=\"\" class=\"wp-image-462\" srcset=\"https:\/\/agrupacionespsoe.es\/melilla\/wp-content\/uploads\/sites\/120\/2023\/09\/b81a781e-7416-41ca-8c91-befb0b830d39-1024x682.jpg 1024w, https:\/\/agrupacionespsoe.es\/melilla\/wp-content\/uploads\/sites\/120\/2023\/09\/b81a781e-7416-41ca-8c91-befb0b830d39-300x200.jpg 300w, https:\/\/agrupacionespsoe.es\/melilla\/wp-content\/uploads\/sites\/120\/2023\/09\/b81a781e-7416-41ca-8c91-befb0b830d39-768x512.jpg 768w, https:\/\/agrupacionespsoe.es\/melilla\/wp-content\/uploads\/sites\/120\/2023\/09\/b81a781e-7416-41ca-8c91-befb0b830d39-1536x1023.jpg 1536w, https:\/\/agrupacionespsoe.es\/melilla\/wp-content\/uploads\/sites\/120\/2023\/09\/b81a781e-7416-41ca-8c91-befb0b830d39.jpg 1600w\" sizes=\"auto, (max-width: 1024px) 100vw, 1024px\" \/><\/figure>\n\n\n\n<p>La Secretaria General del PSOE y Portavoz del Grupo Socialista en la Asamblea, Gloria Rojas, ha lamentado que el PP y su l\u00edder, N\u00fa\u00f1ez Feij\u00f3o, est\u00e9n haciendo perder el tiempo a Espa\u00f1a y los espa\u00f1oles, ya que han constatado que no tienen apoyos para sacar adelante la investidura que tendr\u00e1 lugar dentro de un mes.<\/p>\n\n\n\n<p>\u201cTodos los partidos est\u00e1n diciendo que no le van a apoyar, por lo tanto estamos ante una p\u00e9rdida de tiempo\u201d, ha reprochado la n\u00famero uno de los socialistas locales, en una entrevista concedida a Popular tv.<\/p>\n\n\n\n<p>No solo eso, en opini\u00f3n de la n\u00famero uno del PSOE melillense este periodo de tiempo est\u00e1 sirviendo para que la ciudadan\u00eda vea las \u201ctremendas incoherencias\u201d en las que est\u00e1 cayendo el PP.<\/p>\n\n\n\n<p>\u201cFeij\u00f3o y todo el Partido Popular han hecho una precampa\u00f1a y una campa\u00f1a brutal en contra del Partido Socialista y en contra, de forma personal, del Presidente del Gobierno. Y una vez terminada la campa\u00f1a ya el \u2018sanchismo\u2019 no es tan malo y quieren hablar y pactar con Pedro S\u00e1nchez\u201d, ha expuesto.<\/p>\n\n\n\n<p>Es m\u00e1s, Rojas ha lamentado que desde el PP est\u00e9n \u201cincitando al transfuguismo\u201d. \u201cMe parece una barbaridad y una falta de responsabilidad por parte de una persona que aspira a ser presidente del Gobierno\u201d, ha se\u00f1alado.<\/p>\n\n\n\n<p>\u201cLo que no puede Feij\u00f3o es, despu\u00e9s de la brutalidad de campa\u00f1a, de la cantidad de mentiras y de insultos personales que ha hecho, no solo hacia el Secretario General, sino hacia todos los socialistas de Espa\u00f1a, venir ahora a hablar de lealtad institucional\u201d, ha argumentado.<\/p>\n\n\n\n<p>De hecho, la Portavoz del Grupo Socialista en la Asamblea ha recordado que los populares no solo han atacado e insultado al PSOE sino que \u201chan atacado a todos los partidos menos a Vox\u201d. Y, sin embargo, \u201cahora no tienen problema en sentarse a dialogar con Junts per Catalunya\u201d.<\/p>\n\n\n\n<p>Llegados a este punto, Rojas tambi\u00e9n ha confrontado las declaraciones del PP sobre el dialogo con la formaci\u00f3n catalana. \u201cSi lo hace el Partido Socialista, se rompe Espa\u00f1a. Pero si lo hace el Partido Popular, no pasa nada\u201d, ha ironizado.<\/p>\n\n\n\n<p>Sobre la excusa puesta por Feij\u00f3o para justificar sus contactos con Junts, que ha se\u00f1alado que la negociaci\u00f3n se enmarcar\u00e1 dentro de la Constituci\u00f3n, Gloria Rojas ha recordado que Pedro S\u00e1nchez ha planteado el mismo marco. \u201cSomos el partido m\u00e1s constitucionalista de este pa\u00eds, as\u00ed que no nos venga a dar lecciones Feij\u00f3o de Constituci\u00f3n\u201d, ha pedido. La n\u00famero uno de los socialistas melillenses tambi\u00e9n ha tenido palabras para el mantra que el PP ha repetido desde las elecciones del 23 de julio sobre que hay que dejar gobernar a la lista m\u00e1s votada y se ha referido a las Comunidades Aut\u00f3nomas y ayuntamientos en los que el PSOE ha sido el partido m\u00e1s votado pero, sin embargo, gobiernan PP y Vox en coalici\u00f3n. \u201cDemuestra la incoherencia del PP de una manera espectacular\u201d, ha zanjado.<\/p>\n","protected":false},"excerpt":{"rendered":"<p>Destaca la incoherencia del PP: \u201cSi el PSOE habla con nacionalistas, se rompe Espa\u00f1a. Si el que lo hace es Feij\u00f3o, no pasa nada\u201d La Secretaria General del PSOE y Portavoz del Grupo Socialista en la Asamblea, Gloria Rojas, ha lamentado que el PP y su l\u00edder, N\u00fa\u00f1ez Feij\u00f3o, est\u00e9n haciendo perder el tiempo a &#8230;<\/p>\n","protected":false},"author":187,"featured_media":0,"comment_status":"open","ping_status":"open","sticky":false,"template":"","format":"standard","meta":{"_jetpack_memberships_contains_paid_content":false,"footnotes":""},"categories":[1],"tags":[],"class_list":["post-461","post","type-post","status-publish","format-standard","hentry","category-sin-categoria"],"yoast_head":"<!-- This site is optimized with the Yoast SEO plugin v24.0 - https:\/\/yoast.com\/wordpress\/plugins\/seo\/ -->\n<title>Rojas lamenta que Feij\u00f3o est\u00e9 haciendo perder tiempo a Espa\u00f1a y a los espa\u00f1oles - Agrupaci\u00f3n Socialista de Melilla<\/title>\n<meta name=\"robots\" content=\"index, follow, max-snippet:-1, max-image-preview:large, max-video-preview:-1\" \/>\n<link rel=\"canonical\" href=\"https:\/\/agrupacionespsoe.es\/melilla\/rojas-lamenta-que-feijoo-este-haciendo-perder-tiempo-a-espana-y-a-los-espanoles\/\" \/>\n<meta property=\"og:locale\" content=\"es_ES\" \/>\n<meta property=\"og:type\" content=\"article\" \/>\n<meta property=\"og:title\" content=\"Rojas lamenta que Feij\u00f3o est\u00e9 haciendo perder tiempo a Espa\u00f1a y a los espa\u00f1oles - Agrupaci\u00f3n Socialista de Melilla\" \/>\n<meta property=\"og:description\" content=\"Destaca la incoherencia del PP: \u201cSi el PSOE habla con nacionalistas, se rompe Espa\u00f1a. Si el que lo hace es Feij\u00f3o, no pasa nada\u201d La Secretaria General del PSOE y Portavoz del Grupo Socialista en la Asamblea, Gloria Rojas, ha lamentado que el PP y su l\u00edder, N\u00fa\u00f1ez Feij\u00f3o, est\u00e9n haciendo perder el tiempo a ...\" \/>\n<meta property=\"og:url\" content=\"https:\/\/agrupacionespsoe.es\/melilla\/rojas-lamenta-que-feijoo-este-haciendo-perder-tiempo-a-espana-y-a-los-espanoles\/\" \/>\n<meta property=\"og:site_name\" content=\"Agrupaci\u00f3n Socialista de Melilla\" \/>\n<meta property=\"article:published_time\" content=\"2023-09-03T16:03:37+00:00\" \/>\n<meta property=\"article:modified_time\" content=\"2023-09-03T16:03:38+00:00\" \/>\n<meta property=\"og:image\" content=\"https:\/\/agrupacionespsoe.es\/melilla\/wp-content\/uploads\/sites\/120\/2023\/09\/b81a781e-7416-41ca-8c91-befb0b830d39-1024x682.jpg\" \/>\n<meta name=\"author\" content=\"melilla2\" \/>\n<meta name=\"twitter:card\" content=\"summary_large_image\" \/>\n<meta name=\"twitter:label1\" content=\"Escrito por\" \/>\n\t<meta name=\"twitter:data1\" content=\"melilla2\" \/>\n\t<meta name=\"twitter:label2\" content=\"Tiempo de lectura\" \/>\n\t<meta name=\"twitter:data2\" content=\"3 minutos\" \/>\n<script type=\"application\/ld+json\" class=\"yoast-schema-graph\">{\"@context\":\"https:\/\/schema.org\",\"@graph\":[{\"@type\":\"Article\",\"@id\":\"https:\/\/agrupacionespsoe.es\/melilla\/rojas-lamenta-que-feijoo-este-haciendo-perder-tiempo-a-espana-y-a-los-espanoles\/#article\",\"isPartOf\":{\"@id\":\"https:\/\/agrupacionespsoe.es\/melilla\/rojas-lamenta-que-feijoo-este-haciendo-perder-tiempo-a-espana-y-a-los-espanoles\/\"},\"author\":{\"name\":\"melilla2\",\"@id\":\"https:\/\/agrupacionespsoe.es\/melilla\/#\/schema\/person\/72bb3075a827d0ed0623682b96c92bd6\"},\"headline\":\"Rojas lamenta que Feij\u00f3o est\u00e9 haciendo perder tiempo a Espa\u00f1a y a los espa\u00f1oles\",\"datePublished\":\"2023-09-03T16:03:37+00:00\",\"dateModified\":\"2023-09-03T16:03:38+00:00\",\"mainEntityOfPage\":{\"@id\":\"https:\/\/agrupacionespsoe.es\/melilla\/rojas-lamenta-que-feijoo-este-haciendo-perder-tiempo-a-espana-y-a-los-espanoles\/\"},\"wordCount\":566,\"commentCount\":0,\"publisher\":{\"@id\":\"https:\/\/agrupacionespsoe.es\/melilla\/#organization\"},\"image\":{\"@id\":\"https:\/\/agrupacionespsoe.es\/melilla\/rojas-lamenta-que-feijoo-este-haciendo-perder-tiempo-a-espana-y-a-los-espanoles\/#primaryimage\"},\"thumbnailUrl\":\"https:\/\/agrupacionespsoe.es\/melilla\/wp-content\/uploads\/sites\/120\/2023\/09\/b81a781e-7416-41ca-8c91-befb0b830d39-1024x682.jpg\",\"inLanguage\":\"es\",\"potentialAction\":[{\"@type\":\"CommentAction\",\"name\":\"Comment\",\"target\":[\"https:\/\/agrupacionespsoe.es\/melilla\/rojas-lamenta-que-feijoo-este-haciendo-perder-tiempo-a-espana-y-a-los-espanoles\/#respond\"]}]},{\"@type\":\"WebPage\",\"@id\":\"https:\/\/agrupacionespsoe.es\/melilla\/rojas-lamenta-que-feijoo-este-haciendo-perder-tiempo-a-espana-y-a-los-espanoles\/\",\"url\":\"https:\/\/agrupacionespsoe.es\/melilla\/rojas-lamenta-que-feijoo-este-haciendo-perder-tiempo-a-espana-y-a-los-espanoles\/\",\"name\":\"Rojas lamenta que Feij\u00f3o est\u00e9 haciendo perder tiempo a Espa\u00f1a y a los espa\u00f1oles - Agrupaci\u00f3n Socialista de Melilla\",\"isPartOf\":{\"@id\":\"https:\/\/agrupacionespsoe.es\/melilla\/#website\"},\"primaryImageOfPage\":{\"@id\":\"https:\/\/agrupacionespsoe.es\/melilla\/rojas-lamenta-que-feijoo-este-haciendo-perder-tiempo-a-espana-y-a-los-espanoles\/#primaryimage\"},\"image\":{\"@id\":\"https:\/\/agrupacionespsoe.es\/melilla\/rojas-lamenta-que-feijoo-este-haciendo-perder-tiempo-a-espana-y-a-los-espanoles\/#primaryimage\"},\"thumbnailUrl\":\"https:\/\/agrupacionespsoe.es\/melilla\/wp-content\/uploads\/sites\/120\/2023\/09\/b81a781e-7416-41ca-8c91-befb0b830d39-1024x682.jpg\",\"datePublished\":\"2023-09-03T16:03:37+00:00\",\"dateModified\":\"2023-09-03T16:03:38+00:00\",\"breadcrumb\":{\"@id\":\"https:\/\/agrupacionespsoe.es\/melilla\/rojas-lamenta-que-feijoo-este-haciendo-perder-tiempo-a-espana-y-a-los-espanoles\/#breadcrumb\"},\"inLanguage\":\"es\",\"potentialAction\":[{\"@type\":\"ReadAction\",\"target\":[\"https:\/\/agrupacionespsoe.es\/melilla\/rojas-lamenta-que-feijoo-este-haciendo-perder-tiempo-a-espana-y-a-los-espanoles\/\"]}]},{\"@type\":\"ImageObject\",\"inLanguage\":\"es\",\"@id\":\"https:\/\/agrupacionespsoe.es\/melilla\/rojas-lamenta-que-feijoo-este-haciendo-perder-tiempo-a-espana-y-a-los-espanoles\/#primaryimage\",\"url\":\"https:\/\/agrupacionespsoe.es\/melilla\/wp-content\/uploads\/sites\/120\/2023\/09\/b81a781e-7416-41ca-8c91-befb0b830d39.jpg\",\"contentUrl\":\"https:\/\/agrupacionespsoe.es\/melilla\/wp-content\/uploads\/sites\/120\/2023\/09\/b81a781e-7416-41ca-8c91-befb0b830d39.jpg\",\"width\":1600,\"height\":1066},{\"@type\":\"BreadcrumbList\",\"@id\":\"https:\/\/agrupacionespsoe.es\/melilla\/rojas-lamenta-que-feijoo-este-haciendo-perder-tiempo-a-espana-y-a-los-espanoles\/#breadcrumb\",\"itemListElement\":[{\"@type\":\"ListItem\",\"position\":1,\"name\":\"Portada\",\"item\":\"https:\/\/agrupacionespsoe.es\/melilla\/\"},{\"@type\":\"ListItem\",\"position\":2,\"name\":\"Rojas lamenta que Feij\u00f3o est\u00e9 haciendo perder tiempo a Espa\u00f1a y a los espa\u00f1oles\"}]},{\"@type\":\"WebSite\",\"@id\":\"https:\/\/agrupacionespsoe.es\/melilla\/#website\",\"url\":\"https:\/\/agrupacionespsoe.es\/melilla\/\",\"name\":\"Agrupaci\u00f3n Socialista de Melilla\",\"description\":\"Agrupaci\u00f3n Socialista de Melilla\",\"publisher\":{\"@id\":\"https:\/\/agrupacionespsoe.es\/melilla\/#organization\"},\"potentialAction\":[{\"@type\":\"SearchAction\",\"target\":{\"@type\":\"EntryPoint\",\"urlTemplate\":\"https:\/\/agrupacionespsoe.es\/melilla\/?s={search_term_string}\"},\"query-input\":{\"@type\":\"PropertyValueSpecification\",\"valueRequired\":true,\"valueName\":\"search_term_string\"}}],\"inLanguage\":\"es\"},{\"@type\":\"Organization\",\"@id\":\"https:\/\/agrupacionespsoe.es\/melilla\/#organization\",\"name\":\"Agrupaci\u00f3n Socialista de Melilla\",\"url\":\"https:\/\/agrupacionespsoe.es\/melilla\/\",\"logo\":{\"@type\":\"ImageObject\",\"inLanguage\":\"es\",\"@id\":\"https:\/\/agrupacionespsoe.es\/melilla\/#\/schema\/logo\/image\/\",\"url\":\"https:\/\/agrupacionespsoe.es\/wp-content\/uploads\/2022\/07\/Logotipo_electoral_del_PSOE.png\",\"contentUrl\":\"https:\/\/agrupacionespsoe.es\/wp-content\/uploads\/2022\/07\/Logotipo_electoral_del_PSOE.png\",\"width\":422,\"height\":422,\"caption\":\"Agrupaci\u00f3n Socialista de Melilla\"},\"image\":{\"@id\":\"https:\/\/agrupacionespsoe.es\/melilla\/#\/schema\/logo\/image\/\"}},{\"@type\":\"Person\",\"@id\":\"https:\/\/agrupacionespsoe.es\/melilla\/#\/schema\/person\/72bb3075a827d0ed0623682b96c92bd6\",\"name\":\"melilla2\",\"image\":{\"@type\":\"ImageObject\",\"inLanguage\":\"es\",\"@id\":\"https:\/\/agrupacionespsoe.es\/melilla\/#\/schema\/person\/image\/\",\"url\":\"https:\/\/secure.gravatar.com\/avatar\/489a178e794e59f00db13a448aabca16?s=96&d=mm&r=g\",\"contentUrl\":\"https:\/\/secure.gravatar.com\/avatar\/489a178e794e59f00db13a448aabca16?s=96&d=mm&r=g\",\"caption\":\"melilla2\"},\"url\":\"https:\/\/agrupacionespsoe.es\/melilla\/author\/melilla2\/\"}]}<\/script>\n<!-- \/ Yoast SEO plugin. -->","yoast_head_json":{"title":"Rojas lamenta que Feij\u00f3o est\u00e9 haciendo perder tiempo a Espa\u00f1a y a los espa\u00f1oles - Agrupaci\u00f3n Socialista de Melilla","robots":{"index":"index","follow":"follow","max-snippet":"max-snippet:-1","max-image-preview":"max-image-preview:large","max-video-preview":"max-video-preview:-1"},"canonical":"https:\/\/agrupacionespsoe.es\/melilla\/rojas-lamenta-que-feijoo-este-haciendo-perder-tiempo-a-espana-y-a-los-espanoles\/","og_locale":"es_ES","og_type":"article","og_title":"Rojas lamenta que Feij\u00f3o est\u00e9 haciendo perder tiempo a Espa\u00f1a y a los espa\u00f1oles - Agrupaci\u00f3n Socialista de Melilla","og_description":"Destaca la incoherencia del PP: \u201cSi el PSOE habla con nacionalistas, se rompe Espa\u00f1a. Si el que lo hace es Feij\u00f3o, no pasa nada\u201d La Secretaria General del PSOE y Portavoz del Grupo Socialista en la Asamblea, Gloria Rojas, ha lamentado que el PP y su l\u00edder, N\u00fa\u00f1ez Feij\u00f3o, est\u00e9n haciendo perder el tiempo a ...","og_url":"https:\/\/agrupacionespsoe.es\/melilla\/rojas-lamenta-que-feijoo-este-haciendo-perder-tiempo-a-espana-y-a-los-espanoles\/","og_site_name":"Agrupaci\u00f3n Socialista de Melilla","article_published_time":"2023-09-03T16:03:37+00:00","article_modified_time":"2023-09-03T16:03:38+00:00","og_image":[{"url":"https:\/\/agrupacionespsoe.es\/melilla\/wp-content\/uploads\/sites\/120\/2023\/09\/b81a781e-7416-41ca-8c91-befb0b830d39-1024x682.jpg","type":"","width":"","height":""}],"author":"melilla2","twitter_card":"summary_large_image","twitter_misc":{"Escrito por":"melilla2","Tiempo de lectura":"3 minutos"},"schema":{"@context":"https:\/\/schema.org","@graph":[{"@type":"Article","@id":"https:\/\/agrupacionespsoe.es\/melilla\/rojas-lamenta-que-feijoo-este-haciendo-perder-tiempo-a-espana-y-a-los-espanoles\/#article","isPartOf":{"@id":"https:\/\/agrupacionespsoe.es\/melilla\/rojas-lamenta-que-feijoo-este-haciendo-perder-tiempo-a-espana-y-a-los-espanoles\/"},"author":{"name":"melilla2","@id":"https:\/\/agrupacionespsoe.es\/melilla\/#\/schema\/person\/72bb3075a827d0ed0623682b96c92bd6"},"headline":"Rojas lamenta que Feij\u00f3o est\u00e9 haciendo perder tiempo a Espa\u00f1a y a los espa\u00f1oles","datePublished":"2023-09-03T16:03:37+00:00","dateModified":"2023-09-03T16:03:38+00:00","mainEntityOfPage":{"@id":"https:\/\/agrupacionespsoe.es\/melilla\/rojas-lamenta-que-feijoo-este-haciendo-perder-tiempo-a-espana-y-a-los-espanoles\/"},"wordCount":566,"commentCount":0,"publisher":{"@id":"https:\/\/agrupacionespsoe.es\/melilla\/#organization"},"image":{"@id":"https:\/\/agrupacionespsoe.es\/melilla\/rojas-lamenta-que-feijoo-este-haciendo-perder-tiempo-a-espana-y-a-los-espanoles\/#primaryimage"},"thumbnailUrl":"https:\/\/agrupacionespsoe.es\/melilla\/wp-content\/uploads\/sites\/120\/2023\/09\/b81a781e-7416-41ca-8c91-befb0b830d39-1024x682.jpg","inLanguage":"es","potentialAction":[{"@type":"CommentAction","name":"Comment","target":["https:\/\/agrupacionespsoe.es\/melilla\/rojas-lamenta-que-feijoo-este-haciendo-perder-tiempo-a-espana-y-a-los-espanoles\/#respond"]}]},{"@type":"WebPage","@id":"https:\/\/agrupacionespsoe.es\/melilla\/rojas-lamenta-que-feijoo-este-haciendo-perder-tiempo-a-espana-y-a-los-espanoles\/","url":"https:\/\/agrupacionespsoe.es\/melilla\/rojas-lamenta-que-feijoo-este-haciendo-perder-tiempo-a-espana-y-a-los-espanoles\/","name":"Rojas lamenta que Feij\u00f3o est\u00e9 haciendo perder tiempo a Espa\u00f1a y a los espa\u00f1oles - Agrupaci\u00f3n Socialista de Melilla","isPartOf":{"@id":"https:\/\/agrupacionespsoe.es\/melilla\/#website"},"primaryImageOfPage":{"@id":"https:\/\/agrupacionespsoe.es\/melilla\/rojas-lamenta-que-feijoo-este-haciendo-perder-tiempo-a-espana-y-a-los-espanoles\/#primaryimage"},"image":{"@id":"https:\/\/agrupacionespsoe.es\/melilla\/rojas-lamenta-que-feijoo-este-haciendo-perder-tiempo-a-espana-y-a-los-espanoles\/#primaryimage"},"thumbnailUrl":"https:\/\/agrupacionespsoe.es\/melilla\/wp-content\/uploads\/sites\/120\/2023\/09\/b81a781e-7416-41ca-8c91-befb0b830d39-1024x682.jpg","datePublished":"2023-09-03T16:03:37+00:00","dateModified":"2023-09-03T16:03:38+00:00","breadcrumb":{"@id":"https:\/\/agrupacionespsoe.es\/melilla\/rojas-lamenta-que-feijoo-este-haciendo-perder-tiempo-a-espana-y-a-los-espanoles\/#breadcrumb"},"inLanguage":"es","potentialAction":[{"@type":"ReadAction","target":["https:\/\/agrupacionespsoe.es\/melilla\/rojas-lamenta-que-feijoo-este-haciendo-perder-tiempo-a-espana-y-a-los-espanoles\/"]}]},{"@type":"ImageObject","inLanguage":"es","@id":"https:\/\/agrupacionespsoe.es\/melilla\/rojas-lamenta-que-feijoo-este-haciendo-perder-tiempo-a-espana-y-a-los-espanoles\/#primaryimage","url":"https:\/\/agrupacionespsoe.es\/melilla\/wp-content\/uploads\/sites\/120\/2023\/09\/b81a781e-7416-41ca-8c91-befb0b830d39.jpg","contentUrl":"https:\/\/agrupacionespsoe.es\/melilla\/wp-content\/uploads\/sites\/120\/2023\/09\/b81a781e-7416-41ca-8c91-befb0b830d39.jpg","width":1600,"height":1066},{"@type":"BreadcrumbList","@id":"https:\/\/agrupacionespsoe.es\/melilla\/rojas-lamenta-que-feijoo-este-haciendo-perder-tiempo-a-espana-y-a-los-espanoles\/#breadcrumb","itemListElement":[{"@type":"ListItem","position":1,"name":"Portada","item":"https:\/\/agrupacionespsoe.es\/melilla\/"},{"@type":"ListItem","position":2,"name":"Rojas lamenta que Feij\u00f3o est\u00e9 haciendo perder tiempo a Espa\u00f1a y a los espa\u00f1oles"}]},{"@type":"WebSite","@id":"https:\/\/agrupacionespsoe.es\/melilla\/#website","url":"https:\/\/agrupacionespsoe.es\/melilla\/","name":"Agrupaci\u00f3n Socialista de Melilla","description":"Agrupaci\u00f3n Socialista de Melilla","publisher":{"@id":"https:\/\/agrupacionespsoe.es\/melilla\/#organization"},"potentialAction":[{"@type":"SearchAction","target":{"@type":"EntryPoint","urlTemplate":"https:\/\/agrupacionespsoe.es\/melilla\/?s={search_term_string}"},"query-input":{"@type":"PropertyValueSpecification","valueRequired":true,"valueName":"search_term_string"}}],"inLanguage":"es"},{"@type":"Organization","@id":"https:\/\/agrupacionespsoe.es\/melilla\/#organization","name":"Agrupaci\u00f3n Socialista de Melilla","url":"https:\/\/agrupacionespsoe.es\/melilla\/","logo":{"@type":"ImageObject","inLanguage":"es","@id":"https:\/\/agrupacionespsoe.es\/melilla\/#\/schema\/logo\/image\/","url":"https:\/\/agrupacionespsoe.es\/wp-content\/uploads\/2022\/07\/Logotipo_electoral_del_PSOE.png","contentUrl":"https:\/\/agrupacionespsoe.es\/wp-content\/uploads\/2022\/07\/Logotipo_electoral_del_PSOE.png","width":422,"height":422,"caption":"Agrupaci\u00f3n Socialista de Melilla"},"image":{"@id":"https:\/\/agrupacionespsoe.es\/melilla\/#\/schema\/logo\/image\/"}},{"@type":"Person","@id":"https:\/\/agrupacionespsoe.es\/melilla\/#\/schema\/person\/72bb3075a827d0ed0623682b96c92bd6","name":"melilla2","image":{"@type":"ImageObject","inLanguage":"es","@id":"https:\/\/agrupacionespsoe.es\/melilla\/#\/schema\/person\/image\/","url":"https:\/\/secure.gravatar.com\/avatar\/489a178e794e59f00db13a448aabca16?s=96&d=mm&r=g","contentUrl":"https:\/\/secure.gravatar.com\/avatar\/489a178e794e59f00db13a448aabca16?s=96&d=mm&r=g","caption":"melilla2"},"url":"https:\/\/agrupacionespsoe.es\/melilla\/author\/melilla2\/"}]}},"jetpack_featured_media_url":"","jetpack_sharing_enabled":true,"_links":{"self":[{"href":"https:\/\/agrupacionespsoe.es\/melilla\/wp-json\/wp\/v2\/posts\/461","targetHints":{"allow":["GET"]}}],"collection":[{"href":"https:\/\/agrupacionespsoe.es\/melilla\/wp-json\/wp\/v2\/posts"}],"about":[{"href":"https:\/\/agrupacionespsoe.es\/melilla\/wp-json\/wp\/v2\/types\/post"}],"author":[{"embeddable":true,"href":"https:\/\/agrupacionespsoe.es\/melilla\/wp-json\/wp\/v2\/users\/187"}],"replies":[{"embeddable":true,"href":"https:\/\/agrupacionespsoe.es\/melilla\/wp-json\/wp\/v2\/comments?post=461"}],"version-history":[{"count":1,"href":"https:\/\/agrupacionespsoe.es\/melilla\/wp-json\/wp\/v2\/posts\/461\/revisions"}],"predecessor-version":[{"id":463,"href":"https:\/\/agrupacionespsoe.es\/melilla\/wp-json\/wp\/v2\/posts\/461\/revisions\/463"}],"wp:attachment":[{"href":"https:\/\/agrupacionespsoe.es\/melilla\/wp-json\/wp\/v2\/media?parent=461"}],"wp:term":[{"taxonomy":"category","embeddable":true,"href":"https:\/\/agrupacionespsoe.es\/melilla\/wp-json\/wp\/v2\/categories?post=461"},{"taxonomy":"post_tag","embeddable":true,"href":"https:\/\/agrupacionespsoe.es\/melilla\/wp-json\/wp\/v2\/tags?post=461"}],"curies":[{"name":"wp","href":"https:\/\/api.w.org\/{rel}","templated":true}]}}