{"id":456,"date":"2023-08-31T08:56:52","date_gmt":"2023-08-31T08:56:52","guid":{"rendered":"https:\/\/agrupacionespsoe.es\/melilla\/?p=456"},"modified":"2023-08-31T09:28:18","modified_gmt":"2023-08-31T09:28:18","slug":"rojas-el-pp-va-aumentar-el-personal-eventual-y-va-a-crear-la-figura-del-coordinador-y-el-delegado","status":"publish","type":"post","link":"https:\/\/agrupacionespsoe.es\/melilla\/rojas-el-pp-va-aumentar-el-personal-eventual-y-va-a-crear-la-figura-del-coordinador-y-el-delegado\/","title":{"rendered":"Rojas: \u201cEl PP va aumentar los asesores y va a crear la figura del coordinador y el delegado\u201d"},"content":{"rendered":"\n<p><\/p>\n\n\n\n<p><\/p>\n\n\n\n<p><strong>Se\u00f1ala la duplicaci\u00f3n de funciones de cargos como la Direcci\u00f3n General de Innovaci\u00f3n Tecnol\u00f3gica: \u201cEs totalmente innecesaria\u201d<\/strong><\/p>\n\n\n\n<figure class=\"wp-block-image size-large\"><img loading=\"lazy\" decoding=\"async\" width=\"1024\" height=\"577\" src=\"https:\/\/agrupacionespsoe.es\/melilla\/wp-content\/uploads\/sites\/120\/2023\/08\/306955993_457242383112111_2764268218342585893_n-1024x577.jpg\" alt=\"\" class=\"wp-image-457\" srcset=\"https:\/\/agrupacionespsoe.es\/melilla\/wp-content\/uploads\/sites\/120\/2023\/08\/306955993_457242383112111_2764268218342585893_n-1024x577.jpg 1024w, https:\/\/agrupacionespsoe.es\/melilla\/wp-content\/uploads\/sites\/120\/2023\/08\/306955993_457242383112111_2764268218342585893_n-300x169.jpg 300w, https:\/\/agrupacionespsoe.es\/melilla\/wp-content\/uploads\/sites\/120\/2023\/08\/306955993_457242383112111_2764268218342585893_n-768x432.jpg 768w, https:\/\/agrupacionespsoe.es\/melilla\/wp-content\/uploads\/sites\/120\/2023\/08\/306955993_457242383112111_2764268218342585893_n-1536x865.jpg 1536w, https:\/\/agrupacionespsoe.es\/melilla\/wp-content\/uploads\/sites\/120\/2023\/08\/306955993_457242383112111_2764268218342585893_n.jpg 1600w\" sizes=\"auto, (max-width: 1024px) 100vw, 1024px\" \/><\/figure>\n\n\n\n<p>M\u00e1s asesores, m\u00e1s directores generales y, adem\u00e1s, el Ejecutivo del PP ha creado la figura del delegado y va a crear la figura del coordinador. La Secretaria General del PSOE y Portavoz del Grupo Socialista en la Asamblea, Gloria Rojas, se ha referido al enorme equipo de Gobierno que los populares van a crear en esta legislatura y el consiguiente aumento del gasto p\u00fablico que va a suponer.<\/p>\n\n\n\n<p>La n\u00famero uno de los socialistas locales, en una entrevista concedida a Popular tv, ha explicado que actualmente existen un total de 25 plazas para personal eventual, pero los populares van a plantear un aumento de asesores, a lo que se suma 3 directores generales m\u00e1s que los que hab\u00eda con el anterior Ejecutivo local, va a suponer un mayor costo para las arcas p\u00fablicas.<\/p>\n\n\n\n<p>Con respecto a la figura del coordinador, \u201cest\u00e1n intentando buscar con una modificaci\u00f3n del Reglamento y un encaje legal\u201d, ha explicado Rojas, aunque ha advertido que ya hay personas, como Francisco D\u00edaz, que \u201cva diciendo abiertamente que es el Coordinador de Festejos\u201d.<\/p>\n\n\n\n<p>\u201cAunque esta figura encontrase encaje legal, va a llevar un tiempo porque significa una modificaci\u00f3n del Reglamento, debe pasar por Comisi\u00f3n y, despu\u00e9s, por Pleno\u201d, ha advertido, por lo que ha pedido a los populares \u201crespeto institucional\u201d.<\/p>\n\n\n\n<p><strong>Figura innecesaria<\/strong><\/p>\n\n\n\n<p>Ahondando en esta cuesti\u00f3n, Rojas ha dejado claro que le parece una figura \u201ctotalmente innecesaria\u201d y se ha preguntado si va a estar por encima de un director general o si va a tener potestad pol\u00edtica. M\u00e1xime cuando \u201cla sentencia deja claro que decisiones pol\u00edticas solo tomar\u00e1n aquellas personas que hayan sido electas\u201d, ha recordado.<\/p>\n\n\n\n<p>\u201cNos parece una barbaridad esa famosa figura del coordinador que quieren crear con una modificaci\u00f3n del Reglamento, por lo que vamos a estar muy atentos\u201d, ha asegurado. \u201c\u00bfQu\u00e9 se va a pedir para ser un coordinador?, \u00bfD\u00f3nde va a estar org\u00e1nicamente dentro de la estructura jer\u00e1rquica de la ciudad?\u201d, se ha preguntado y ha reconocido que esta figura implica \u201cmuchas dudas legales y org\u00e1nicas\u201d.<\/p>\n\n\n\n<p><strong>Duplicar funciones<\/strong><\/p>\n\n\n\n<p>En la entrevista televisiva, la m\u00e1xima responsable del PSOE ha explicado que el Gobierno de Imbroda ha creado 3 Direcciones Generales m\u00e1s. Una de ellas, la de Innovaci\u00f3n Tecnol\u00f3gica, \u201ces totalmente innecesaria\u201d, ha apuntado.<\/p>\n\n\n\n<p>\u201cYa hay una Direcci\u00f3n General de la Sociedad de la Informaci\u00f3n y hay un Centro Tecnol\u00f3gico con un personal maravilloso\u201d, ha se\u00f1alado. \u201cHe estado leyendo las funciones de esa nueva Direcci\u00f3n General, que pertenecer\u00eda a la Consejer\u00eda de Miguel Mar\u00edn, y el personal del Centro Tecnol\u00f3gico est\u00e1 m\u00e1s que preparado para llevarlas a cabo. Es m\u00e1s, muchas de esas funciones ya las hacen\u201d, ha recalcado.<\/p>\n\n\n\n<p>\u201cLo que hay que hacer es dotar de m\u00e1s personal al Centro Tecnol\u00f3gico. Ellos son perfectamente capaces y est\u00e1n perfectamente preparados para llevar a cabo todas esas funciones\u201d, ha dejado claro.<\/p>\n\n\n\n<p>\u201cNo vemos necesarias esa duplicidad de funciones, esa creaci\u00f3n de esta nueva Direcci\u00f3n General, porque desde la de Sociedad de la Informaci\u00f3n y su equipo est\u00e1n perfectamente capacitados para llevar a cabo todas estas tareas\u201d, ha insistido.<\/p>\n\n\n\n<p>Adem\u00e1s, los populares han eliminado las Direcciones Generales de Relaciones Interculturales, Relaciones con el Tercer Sector y la de Bienestar Animal. \u201cDenota la poca importancia que le da el Partido Popular a estos temas\u201d, ha lamentado la dirigente del PSOE, que ha subrayado que al PP \u201cimporta cero\u201d la diversidad cultural de nuestra ciudad, el bienestar animal y el tercer sector social.<\/p>\n","protected":false},"excerpt":{"rendered":"<p>Se\u00f1ala la duplicaci\u00f3n de funciones de cargos como la Direcci\u00f3n General de Innovaci\u00f3n Tecnol\u00f3gica: \u201cEs totalmente innecesaria\u201d M\u00e1s asesores, m\u00e1s directores generales y, adem\u00e1s, el Ejecutivo del PP ha creado la figura del delegado y va a crear la figura del coordinador. La Secretaria General del PSOE y Portavoz del Grupo Socialista en la Asamblea, &#8230;<\/p>\n","protected":false},"author":187,"featured_media":0,"comment_status":"open","ping_status":"open","sticky":false,"template":"","format":"standard","meta":{"_jetpack_memberships_contains_paid_content":false,"footnotes":""},"categories":[1],"tags":[],"class_list":["post-456","post","type-post","status-publish","format-standard","hentry","category-sin-categoria"],"yoast_head":"<!-- This site is optimized with the Yoast SEO plugin v24.0 - https:\/\/yoast.com\/wordpress\/plugins\/seo\/ -->\n<title>Rojas: \u201cEl PP va aumentar los asesores y va a crear la figura del coordinador y el delegado\u201d - Agrupaci\u00f3n Socialista de Melilla<\/title>\n<meta name=\"robots\" content=\"index, follow, max-snippet:-1, max-image-preview:large, max-video-preview:-1\" \/>\n<link rel=\"canonical\" href=\"https:\/\/agrupacionespsoe.es\/melilla\/rojas-el-pp-va-aumentar-el-personal-eventual-y-va-a-crear-la-figura-del-coordinador-y-el-delegado\/\" \/>\n<meta property=\"og:locale\" content=\"es_ES\" \/>\n<meta property=\"og:type\" content=\"article\" \/>\n<meta property=\"og:title\" content=\"Rojas: \u201cEl PP va aumentar los asesores y va a crear la figura del coordinador y el delegado\u201d - Agrupaci\u00f3n Socialista de Melilla\" \/>\n<meta property=\"og:description\" content=\"Se\u00f1ala la duplicaci\u00f3n de funciones de cargos como la Direcci\u00f3n General de Innovaci\u00f3n Tecnol\u00f3gica: \u201cEs totalmente innecesaria\u201d M\u00e1s asesores, m\u00e1s directores generales y, adem\u00e1s, el Ejecutivo del PP ha creado la figura del delegado y va a crear la figura del coordinador. La Secretaria General del PSOE y Portavoz del Grupo Socialista en la Asamblea, ...\" \/>\n<meta property=\"og:url\" content=\"https:\/\/agrupacionespsoe.es\/melilla\/rojas-el-pp-va-aumentar-el-personal-eventual-y-va-a-crear-la-figura-del-coordinador-y-el-delegado\/\" \/>\n<meta property=\"og:site_name\" content=\"Agrupaci\u00f3n Socialista de Melilla\" \/>\n<meta property=\"article:published_time\" content=\"2023-08-31T08:56:52+00:00\" \/>\n<meta property=\"article:modified_time\" content=\"2023-08-31T09:28:18+00:00\" \/>\n<meta property=\"og:image\" content=\"https:\/\/agrupacionespsoe.es\/melilla\/wp-content\/uploads\/sites\/120\/2023\/08\/306955993_457242383112111_2764268218342585893_n-1024x577.jpg\" \/>\n<meta name=\"author\" content=\"melilla2\" \/>\n<meta name=\"twitter:card\" content=\"summary_large_image\" \/>\n<meta name=\"twitter:label1\" content=\"Escrito por\" \/>\n\t<meta name=\"twitter:data1\" content=\"melilla2\" \/>\n\t<meta name=\"twitter:label2\" content=\"Tiempo de lectura\" \/>\n\t<meta name=\"twitter:data2\" content=\"3 minutos\" \/>\n<script type=\"application\/ld+json\" class=\"yoast-schema-graph\">{\"@context\":\"https:\/\/schema.org\",\"@graph\":[{\"@type\":\"Article\",\"@id\":\"https:\/\/agrupacionespsoe.es\/melilla\/rojas-el-pp-va-aumentar-el-personal-eventual-y-va-a-crear-la-figura-del-coordinador-y-el-delegado\/#article\",\"isPartOf\":{\"@id\":\"https:\/\/agrupacionespsoe.es\/melilla\/rojas-el-pp-va-aumentar-el-personal-eventual-y-va-a-crear-la-figura-del-coordinador-y-el-delegado\/\"},\"author\":{\"name\":\"melilla2\",\"@id\":\"https:\/\/agrupacionespsoe.es\/melilla\/#\/schema\/person\/72bb3075a827d0ed0623682b96c92bd6\"},\"headline\":\"Rojas: \u201cEl PP va aumentar los asesores y va a crear la figura del coordinador y el delegado\u201d\",\"datePublished\":\"2023-08-31T08:56:52+00:00\",\"dateModified\":\"2023-08-31T09:28:18+00:00\",\"mainEntityOfPage\":{\"@id\":\"https:\/\/agrupacionespsoe.es\/melilla\/rojas-el-pp-va-aumentar-el-personal-eventual-y-va-a-crear-la-figura-del-coordinador-y-el-delegado\/\"},\"wordCount\":648,\"commentCount\":0,\"publisher\":{\"@id\":\"https:\/\/agrupacionespsoe.es\/melilla\/#organization\"},\"image\":{\"@id\":\"https:\/\/agrupacionespsoe.es\/melilla\/rojas-el-pp-va-aumentar-el-personal-eventual-y-va-a-crear-la-figura-del-coordinador-y-el-delegado\/#primaryimage\"},\"thumbnailUrl\":\"https:\/\/agrupacionespsoe.es\/melilla\/wp-content\/uploads\/sites\/120\/2023\/08\/306955993_457242383112111_2764268218342585893_n-1024x577.jpg\",\"inLanguage\":\"es\",\"potentialAction\":[{\"@type\":\"CommentAction\",\"name\":\"Comment\",\"target\":[\"https:\/\/agrupacionespsoe.es\/melilla\/rojas-el-pp-va-aumentar-el-personal-eventual-y-va-a-crear-la-figura-del-coordinador-y-el-delegado\/#respond\"]}]},{\"@type\":\"WebPage\",\"@id\":\"https:\/\/agrupacionespsoe.es\/melilla\/rojas-el-pp-va-aumentar-el-personal-eventual-y-va-a-crear-la-figura-del-coordinador-y-el-delegado\/\",\"url\":\"https:\/\/agrupacionespsoe.es\/melilla\/rojas-el-pp-va-aumentar-el-personal-eventual-y-va-a-crear-la-figura-del-coordinador-y-el-delegado\/\",\"name\":\"Rojas: \u201cEl PP va aumentar los asesores y va a crear la figura del coordinador y el delegado\u201d - Agrupaci\u00f3n Socialista de Melilla\",\"isPartOf\":{\"@id\":\"https:\/\/agrupacionespsoe.es\/melilla\/#website\"},\"primaryImageOfPage\":{\"@id\":\"https:\/\/agrupacionespsoe.es\/melilla\/rojas-el-pp-va-aumentar-el-personal-eventual-y-va-a-crear-la-figura-del-coordinador-y-el-delegado\/#primaryimage\"},\"image\":{\"@id\":\"https:\/\/agrupacionespsoe.es\/melilla\/rojas-el-pp-va-aumentar-el-personal-eventual-y-va-a-crear-la-figura-del-coordinador-y-el-delegado\/#primaryimage\"},\"thumbnailUrl\":\"https:\/\/agrupacionespsoe.es\/melilla\/wp-content\/uploads\/sites\/120\/2023\/08\/306955993_457242383112111_2764268218342585893_n-1024x577.jpg\",\"datePublished\":\"2023-08-31T08:56:52+00:00\",\"dateModified\":\"2023-08-31T09:28:18+00:00\",\"breadcrumb\":{\"@id\":\"https:\/\/agrupacionespsoe.es\/melilla\/rojas-el-pp-va-aumentar-el-personal-eventual-y-va-a-crear-la-figura-del-coordinador-y-el-delegado\/#breadcrumb\"},\"inLanguage\":\"es\",\"potentialAction\":[{\"@type\":\"ReadAction\",\"target\":[\"https:\/\/agrupacionespsoe.es\/melilla\/rojas-el-pp-va-aumentar-el-personal-eventual-y-va-a-crear-la-figura-del-coordinador-y-el-delegado\/\"]}]},{\"@type\":\"ImageObject\",\"inLanguage\":\"es\",\"@id\":\"https:\/\/agrupacionespsoe.es\/melilla\/rojas-el-pp-va-aumentar-el-personal-eventual-y-va-a-crear-la-figura-del-coordinador-y-el-delegado\/#primaryimage\",\"url\":\"https:\/\/agrupacionespsoe.es\/melilla\/wp-content\/uploads\/sites\/120\/2023\/08\/306955993_457242383112111_2764268218342585893_n.jpg\",\"contentUrl\":\"https:\/\/agrupacionespsoe.es\/melilla\/wp-content\/uploads\/sites\/120\/2023\/08\/306955993_457242383112111_2764268218342585893_n.jpg\",\"width\":1600,\"height\":901},{\"@type\":\"BreadcrumbList\",\"@id\":\"https:\/\/agrupacionespsoe.es\/melilla\/rojas-el-pp-va-aumentar-el-personal-eventual-y-va-a-crear-la-figura-del-coordinador-y-el-delegado\/#breadcrumb\",\"itemListElement\":[{\"@type\":\"ListItem\",\"position\":1,\"name\":\"Portada\",\"item\":\"https:\/\/agrupacionespsoe.es\/melilla\/\"},{\"@type\":\"ListItem\",\"position\":2,\"name\":\"Rojas: \u201cEl PP va aumentar los asesores y va a crear la figura del coordinador y el delegado\u201d\"}]},{\"@type\":\"WebSite\",\"@id\":\"https:\/\/agrupacionespsoe.es\/melilla\/#website\",\"url\":\"https:\/\/agrupacionespsoe.es\/melilla\/\",\"name\":\"Agrupaci\u00f3n Socialista de Melilla\",\"description\":\"Agrupaci\u00f3n Socialista de Melilla\",\"publisher\":{\"@id\":\"https:\/\/agrupacionespsoe.es\/melilla\/#organization\"},\"potentialAction\":[{\"@type\":\"SearchAction\",\"target\":{\"@type\":\"EntryPoint\",\"urlTemplate\":\"https:\/\/agrupacionespsoe.es\/melilla\/?s={search_term_string}\"},\"query-input\":{\"@type\":\"PropertyValueSpecification\",\"valueRequired\":true,\"valueName\":\"search_term_string\"}}],\"inLanguage\":\"es\"},{\"@type\":\"Organization\",\"@id\":\"https:\/\/agrupacionespsoe.es\/melilla\/#organization\",\"name\":\"Agrupaci\u00f3n Socialista de Melilla\",\"url\":\"https:\/\/agrupacionespsoe.es\/melilla\/\",\"logo\":{\"@type\":\"ImageObject\",\"inLanguage\":\"es\",\"@id\":\"https:\/\/agrupacionespsoe.es\/melilla\/#\/schema\/logo\/image\/\",\"url\":\"https:\/\/agrupacionespsoe.es\/wp-content\/uploads\/2022\/07\/Logotipo_electoral_del_PSOE.png\",\"contentUrl\":\"https:\/\/agrupacionespsoe.es\/wp-content\/uploads\/2022\/07\/Logotipo_electoral_del_PSOE.png\",\"width\":422,\"height\":422,\"caption\":\"Agrupaci\u00f3n Socialista de Melilla\"},\"image\":{\"@id\":\"https:\/\/agrupacionespsoe.es\/melilla\/#\/schema\/logo\/image\/\"}},{\"@type\":\"Person\",\"@id\":\"https:\/\/agrupacionespsoe.es\/melilla\/#\/schema\/person\/72bb3075a827d0ed0623682b96c92bd6\",\"name\":\"melilla2\",\"image\":{\"@type\":\"ImageObject\",\"inLanguage\":\"es\",\"@id\":\"https:\/\/agrupacionespsoe.es\/melilla\/#\/schema\/person\/image\/\",\"url\":\"https:\/\/secure.gravatar.com\/avatar\/489a178e794e59f00db13a448aabca16?s=96&d=mm&r=g\",\"contentUrl\":\"https:\/\/secure.gravatar.com\/avatar\/489a178e794e59f00db13a448aabca16?s=96&d=mm&r=g\",\"caption\":\"melilla2\"},\"url\":\"https:\/\/agrupacionespsoe.es\/melilla\/author\/melilla2\/\"}]}<\/script>\n<!-- \/ Yoast SEO plugin. -->","yoast_head_json":{"title":"Rojas: \u201cEl PP va aumentar los asesores y va a crear la figura del coordinador y el delegado\u201d - Agrupaci\u00f3n Socialista de Melilla","robots":{"index":"index","follow":"follow","max-snippet":"max-snippet:-1","max-image-preview":"max-image-preview:large","max-video-preview":"max-video-preview:-1"},"canonical":"https:\/\/agrupacionespsoe.es\/melilla\/rojas-el-pp-va-aumentar-el-personal-eventual-y-va-a-crear-la-figura-del-coordinador-y-el-delegado\/","og_locale":"es_ES","og_type":"article","og_title":"Rojas: \u201cEl PP va aumentar los asesores y va a crear la figura del coordinador y el delegado\u201d - Agrupaci\u00f3n Socialista de Melilla","og_description":"Se\u00f1ala la duplicaci\u00f3n de funciones de cargos como la Direcci\u00f3n General de Innovaci\u00f3n Tecnol\u00f3gica: \u201cEs totalmente innecesaria\u201d M\u00e1s asesores, m\u00e1s directores generales y, adem\u00e1s, el Ejecutivo del PP ha creado la figura del delegado y va a crear la figura del coordinador. La Secretaria General del PSOE y Portavoz del Grupo Socialista en la Asamblea, ...","og_url":"https:\/\/agrupacionespsoe.es\/melilla\/rojas-el-pp-va-aumentar-el-personal-eventual-y-va-a-crear-la-figura-del-coordinador-y-el-delegado\/","og_site_name":"Agrupaci\u00f3n Socialista de Melilla","article_published_time":"2023-08-31T08:56:52+00:00","article_modified_time":"2023-08-31T09:28:18+00:00","og_image":[{"url":"https:\/\/agrupacionespsoe.es\/melilla\/wp-content\/uploads\/sites\/120\/2023\/08\/306955993_457242383112111_2764268218342585893_n-1024x577.jpg","type":"","width":"","height":""}],"author":"melilla2","twitter_card":"summary_large_image","twitter_misc":{"Escrito por":"melilla2","Tiempo de lectura":"3 minutos"},"schema":{"@context":"https:\/\/schema.org","@graph":[{"@type":"Article","@id":"https:\/\/agrupacionespsoe.es\/melilla\/rojas-el-pp-va-aumentar-el-personal-eventual-y-va-a-crear-la-figura-del-coordinador-y-el-delegado\/#article","isPartOf":{"@id":"https:\/\/agrupacionespsoe.es\/melilla\/rojas-el-pp-va-aumentar-el-personal-eventual-y-va-a-crear-la-figura-del-coordinador-y-el-delegado\/"},"author":{"name":"melilla2","@id":"https:\/\/agrupacionespsoe.es\/melilla\/#\/schema\/person\/72bb3075a827d0ed0623682b96c92bd6"},"headline":"Rojas: \u201cEl PP va aumentar los asesores y va a crear la figura del coordinador y el delegado\u201d","datePublished":"2023-08-31T08:56:52+00:00","dateModified":"2023-08-31T09:28:18+00:00","mainEntityOfPage":{"@id":"https:\/\/agrupacionespsoe.es\/melilla\/rojas-el-pp-va-aumentar-el-personal-eventual-y-va-a-crear-la-figura-del-coordinador-y-el-delegado\/"},"wordCount":648,"commentCount":0,"publisher":{"@id":"https:\/\/agrupacionespsoe.es\/melilla\/#organization"},"image":{"@id":"https:\/\/agrupacionespsoe.es\/melilla\/rojas-el-pp-va-aumentar-el-personal-eventual-y-va-a-crear-la-figura-del-coordinador-y-el-delegado\/#primaryimage"},"thumbnailUrl":"https:\/\/agrupacionespsoe.es\/melilla\/wp-content\/uploads\/sites\/120\/2023\/08\/306955993_457242383112111_2764268218342585893_n-1024x577.jpg","inLanguage":"es","potentialAction":[{"@type":"CommentAction","name":"Comment","target":["https:\/\/agrupacionespsoe.es\/melilla\/rojas-el-pp-va-aumentar-el-personal-eventual-y-va-a-crear-la-figura-del-coordinador-y-el-delegado\/#respond"]}]},{"@type":"WebPage","@id":"https:\/\/agrupacionespsoe.es\/melilla\/rojas-el-pp-va-aumentar-el-personal-eventual-y-va-a-crear-la-figura-del-coordinador-y-el-delegado\/","url":"https:\/\/agrupacionespsoe.es\/melilla\/rojas-el-pp-va-aumentar-el-personal-eventual-y-va-a-crear-la-figura-del-coordinador-y-el-delegado\/","name":"Rojas: \u201cEl PP va aumentar los asesores y va a crear la figura del coordinador y el delegado\u201d - Agrupaci\u00f3n Socialista de Melilla","isPartOf":{"@id":"https:\/\/agrupacionespsoe.es\/melilla\/#website"},"primaryImageOfPage":{"@id":"https:\/\/agrupacionespsoe.es\/melilla\/rojas-el-pp-va-aumentar-el-personal-eventual-y-va-a-crear-la-figura-del-coordinador-y-el-delegado\/#primaryimage"},"image":{"@id":"https:\/\/agrupacionespsoe.es\/melilla\/rojas-el-pp-va-aumentar-el-personal-eventual-y-va-a-crear-la-figura-del-coordinador-y-el-delegado\/#primaryimage"},"thumbnailUrl":"https:\/\/agrupacionespsoe.es\/melilla\/wp-content\/uploads\/sites\/120\/2023\/08\/306955993_457242383112111_2764268218342585893_n-1024x577.jpg","datePublished":"2023-08-31T08:56:52+00:00","dateModified":"2023-08-31T09:28:18+00:00","breadcrumb":{"@id":"https:\/\/agrupacionespsoe.es\/melilla\/rojas-el-pp-va-aumentar-el-personal-eventual-y-va-a-crear-la-figura-del-coordinador-y-el-delegado\/#breadcrumb"},"inLanguage":"es","potentialAction":[{"@type":"ReadAction","target":["https:\/\/agrupacionespsoe.es\/melilla\/rojas-el-pp-va-aumentar-el-personal-eventual-y-va-a-crear-la-figura-del-coordinador-y-el-delegado\/"]}]},{"@type":"ImageObject","inLanguage":"es","@id":"https:\/\/agrupacionespsoe.es\/melilla\/rojas-el-pp-va-aumentar-el-personal-eventual-y-va-a-crear-la-figura-del-coordinador-y-el-delegado\/#primaryimage","url":"https:\/\/agrupacionespsoe.es\/melilla\/wp-content\/uploads\/sites\/120\/2023\/08\/306955993_457242383112111_2764268218342585893_n.jpg","contentUrl":"https:\/\/agrupacionespsoe.es\/melilla\/wp-content\/uploads\/sites\/120\/2023\/08\/306955993_457242383112111_2764268218342585893_n.jpg","width":1600,"height":901},{"@type":"BreadcrumbList","@id":"https:\/\/agrupacionespsoe.es\/melilla\/rojas-el-pp-va-aumentar-el-personal-eventual-y-va-a-crear-la-figura-del-coordinador-y-el-delegado\/#breadcrumb","itemListElement":[{"@type":"ListItem","position":1,"name":"Portada","item":"https:\/\/agrupacionespsoe.es\/melilla\/"},{"@type":"ListItem","position":2,"name":"Rojas: \u201cEl PP va aumentar los asesores y va a crear la figura del coordinador y el delegado\u201d"}]},{"@type":"WebSite","@id":"https:\/\/agrupacionespsoe.es\/melilla\/#website","url":"https:\/\/agrupacionespsoe.es\/melilla\/","name":"Agrupaci\u00f3n Socialista de Melilla","description":"Agrupaci\u00f3n Socialista de Melilla","publisher":{"@id":"https:\/\/agrupacionespsoe.es\/melilla\/#organization"},"potentialAction":[{"@type":"SearchAction","target":{"@type":"EntryPoint","urlTemplate":"https:\/\/agrupacionespsoe.es\/melilla\/?s={search_term_string}"},"query-input":{"@type":"PropertyValueSpecification","valueRequired":true,"valueName":"search_term_string"}}],"inLanguage":"es"},{"@type":"Organization","@id":"https:\/\/agrupacionespsoe.es\/melilla\/#organization","name":"Agrupaci\u00f3n Socialista de Melilla","url":"https:\/\/agrupacionespsoe.es\/melilla\/","logo":{"@type":"ImageObject","inLanguage":"es","@id":"https:\/\/agrupacionespsoe.es\/melilla\/#\/schema\/logo\/image\/","url":"https:\/\/agrupacionespsoe.es\/wp-content\/uploads\/2022\/07\/Logotipo_electoral_del_PSOE.png","contentUrl":"https:\/\/agrupacionespsoe.es\/wp-content\/uploads\/2022\/07\/Logotipo_electoral_del_PSOE.png","width":422,"height":422,"caption":"Agrupaci\u00f3n Socialista de Melilla"},"image":{"@id":"https:\/\/agrupacionespsoe.es\/melilla\/#\/schema\/logo\/image\/"}},{"@type":"Person","@id":"https:\/\/agrupacionespsoe.es\/melilla\/#\/schema\/person\/72bb3075a827d0ed0623682b96c92bd6","name":"melilla2","image":{"@type":"ImageObject","inLanguage":"es","@id":"https:\/\/agrupacionespsoe.es\/melilla\/#\/schema\/person\/image\/","url":"https:\/\/secure.gravatar.com\/avatar\/489a178e794e59f00db13a448aabca16?s=96&d=mm&r=g","contentUrl":"https:\/\/secure.gravatar.com\/avatar\/489a178e794e59f00db13a448aabca16?s=96&d=mm&r=g","caption":"melilla2"},"url":"https:\/\/agrupacionespsoe.es\/melilla\/author\/melilla2\/"}]}},"jetpack_featured_media_url":"","jetpack_sharing_enabled":true,"_links":{"self":[{"href":"https:\/\/agrupacionespsoe.es\/melilla\/wp-json\/wp\/v2\/posts\/456","targetHints":{"allow":["GET"]}}],"collection":[{"href":"https:\/\/agrupacionespsoe.es\/melilla\/wp-json\/wp\/v2\/posts"}],"about":[{"href":"https:\/\/agrupacionespsoe.es\/melilla\/wp-json\/wp\/v2\/types\/post"}],"author":[{"embeddable":true,"href":"https:\/\/agrupacionespsoe.es\/melilla\/wp-json\/wp\/v2\/users\/187"}],"replies":[{"embeddable":true,"href":"https:\/\/agrupacionespsoe.es\/melilla\/wp-json\/wp\/v2\/comments?post=456"}],"version-history":[{"count":3,"href":"https:\/\/agrupacionespsoe.es\/melilla\/wp-json\/wp\/v2\/posts\/456\/revisions"}],"predecessor-version":[{"id":460,"href":"https:\/\/agrupacionespsoe.es\/melilla\/wp-json\/wp\/v2\/posts\/456\/revisions\/460"}],"wp:attachment":[{"href":"https:\/\/agrupacionespsoe.es\/melilla\/wp-json\/wp\/v2\/media?parent=456"}],"wp:term":[{"taxonomy":"category","embeddable":true,"href":"https:\/\/agrupacionespsoe.es\/melilla\/wp-json\/wp\/v2\/categories?post=456"},{"taxonomy":"post_tag","embeddable":true,"href":"https:\/\/agrupacionespsoe.es\/melilla\/wp-json\/wp\/v2\/tags?post=456"}],"curies":[{"name":"wp","href":"https:\/\/api.w.org\/{rel}","templated":true}]}}