{"id":453,"date":"2023-08-30T16:46:34","date_gmt":"2023-08-30T16:46:34","guid":{"rendered":"https:\/\/agrupacionespsoe.es\/melilla\/?p=453"},"modified":"2023-08-30T16:46:35","modified_gmt":"2023-08-30T16:46:35","slug":"rojas-ni-otazu-ni-el-resto-de-diputados-del-pp-votaron-en-contra-del-sistema-de-bonificacion","status":"publish","type":"post","link":"https:\/\/agrupacionespsoe.es\/melilla\/rojas-ni-otazu-ni-el-resto-de-diputados-del-pp-votaron-en-contra-del-sistema-de-bonificacion\/","title":{"rendered":"Rojas: \u201cNi Otazu ni el resto de diputados del PP votaron en contra del sistema de bonificaci\u00f3n\u201d"},"content":{"rendered":"\n<p><strong>Se\u00f1ala que la mayor\u00eda de los empresarios van a percibir m\u00e1s dinero por parte del Estado y pide a los populares que dejen de meter miedo<\/strong><\/p>\n\n\n\n<figure class=\"wp-block-image size-large\"><img loading=\"lazy\" decoding=\"async\" width=\"1024\" height=\"577\" src=\"https:\/\/agrupacionespsoe.es\/melilla\/wp-content\/uploads\/sites\/120\/2023\/08\/GRojas2-1024x577.jpg\" alt=\"\" class=\"wp-image-454\" srcset=\"https:\/\/agrupacionespsoe.es\/melilla\/wp-content\/uploads\/sites\/120\/2023\/08\/GRojas2-1024x577.jpg 1024w, https:\/\/agrupacionespsoe.es\/melilla\/wp-content\/uploads\/sites\/120\/2023\/08\/GRojas2-300x169.jpg 300w, https:\/\/agrupacionespsoe.es\/melilla\/wp-content\/uploads\/sites\/120\/2023\/08\/GRojas2-768x433.jpg 768w, https:\/\/agrupacionespsoe.es\/melilla\/wp-content\/uploads\/sites\/120\/2023\/08\/GRojas2-1536x866.jpg 1536w, https:\/\/agrupacionespsoe.es\/melilla\/wp-content\/uploads\/sites\/120\/2023\/08\/GRojas2.jpg 2048w\" sizes=\"auto, (max-width: 1024px) 100vw, 1024px\" \/><\/figure>\n\n\n\n<p>La Secretaria General del PSOE y Portavoz del Grupo Socialista en la Asamblea, Gloria Rojas, ha recordado que, cuando el Real Decreto &nbsp;que establece el nuevo sistema de bonificaci\u00f3n a las cuotas a la Seguridad Social lleg\u00f3 al Congreso, el Partido Popular no vot\u00f3 en contra. \u201cSi tan malo es para Melilla como dicen ahora los populares, \u00bfpor qu\u00e9 Otazu y el Partido Popular no votaron en contra?\u201d se ha preguntado. Y ha apuntado que, o bien los populares tienen \u201cuna moral pol\u00edtica vergonzosa o ni siquiera se leen las cosas\u201d.<\/p>\n\n\n\n<p>La n\u00famero uno de los socialistas locales, en una entrevista concedida a Popular tv, ha pedido a tanto al PP como a otros partidos pol\u00edticos que \u201cdejen de asustar a la gente\u201d. \u201cLo que menos le hace falta a esta ciudad es meter ese miedo cuando ni siquiera saben c\u00f3mo va a funcionar este nuevo sistema\u201d, ha se\u00f1alado.<\/p>\n\n\n\n<p>De hecho, la l\u00edder del PSOE ha explicado que, con el nuevo sistema, la mayor\u00eda de los empresarios de la ciudad va a percibir m\u00e1s dinero por parte del Estado -concretamente aquellos cuyos trabajadores tienen una cuota de cotizaci\u00f3n de menos de 1.800 euros al mes- mientras que el resto de empresarios no van a perder dinero, ya que, se les va reembolsar todo lo que exceda de 262 euros hasta llegar al 50%, a trav\u00e9s de una subvenci\u00f3n.<\/p>\n\n\n\n<p>\u201cEntendemos la incertidumbre, porque las cosas nuevas siempre preocupan\u201d, ha apuntado Rojas, pero ha pedido responsabilidad y ha recordado que el Plan Integral para el Desarrollo Socioecon\u00f3mico elaborado por el Gobierno de Espa\u00f1a recoge la creaci\u00f3n de un grupo de trabajo para abordar las bonificaciones de la ciudad. \u201cEn ese grupo de trabajo que se va a crear, cuando se forme el Gobierno, van a estar todos los agentes sociales y tambi\u00e9n la Ciudad Aut\u00f3noma\u201d, ha apostillado.<\/p>\n\n\n\n<p>En esta l\u00ednea, Rojas ha informado de una reuni\u00f3n mantenida entre su formaci\u00f3n con&nbsp; UGT y CCOO para abordar esta cuesti\u00f3n. \u201cLos sindicatos, que ya se han pronunciado a favor de esta medida porque favorece al trabajador ya que se le da formaci\u00f3n y apuesta por la estabilidad, mantuvieron una reuni\u00f3n en la sede del PSOE para aclarar sus dudas\u201d, ha relatado.<\/p>\n\n\n\n<p>De hecho, ha hecho hincapi\u00e9 en que las puertas del Partido Socialista est\u00e1n abiertas para explicar este nuevo sistema, para analizarlo y ver c\u00f3mo repercute en el sector empresarial de la ciudad.<\/p>\n","protected":false},"excerpt":{"rendered":"<p>Se\u00f1ala que la mayor\u00eda de los empresarios van a percibir m\u00e1s dinero por parte del Estado y pide a los populares que dejen de meter miedo La Secretaria General del PSOE y Portavoz del Grupo Socialista en la Asamblea, Gloria Rojas, ha recordado que, cuando el Real Decreto &nbsp;que establece el nuevo sistema de bonificaci\u00f3n &#8230;<\/p>\n","protected":false},"author":187,"featured_media":0,"comment_status":"open","ping_status":"open","sticky":false,"template":"","format":"standard","meta":{"_jetpack_memberships_contains_paid_content":false,"footnotes":""},"categories":[1],"tags":[],"class_list":["post-453","post","type-post","status-publish","format-standard","hentry","category-sin-categoria"],"yoast_head":"<!-- This site is optimized with the Yoast SEO plugin v24.0 - https:\/\/yoast.com\/wordpress\/plugins\/seo\/ -->\n<title>Rojas: \u201cNi Otazu ni el resto de diputados del PP votaron en contra del sistema de bonificaci\u00f3n\u201d - Agrupaci\u00f3n Socialista de Melilla<\/title>\n<meta name=\"robots\" content=\"index, follow, max-snippet:-1, max-image-preview:large, max-video-preview:-1\" \/>\n<link rel=\"canonical\" href=\"https:\/\/agrupacionespsoe.es\/melilla\/rojas-ni-otazu-ni-el-resto-de-diputados-del-pp-votaron-en-contra-del-sistema-de-bonificacion\/\" \/>\n<meta property=\"og:locale\" content=\"es_ES\" \/>\n<meta property=\"og:type\" content=\"article\" \/>\n<meta property=\"og:title\" content=\"Rojas: \u201cNi Otazu ni el resto de diputados del PP votaron en contra del sistema de bonificaci\u00f3n\u201d - Agrupaci\u00f3n Socialista de Melilla\" \/>\n<meta property=\"og:description\" content=\"Se\u00f1ala que la mayor\u00eda de los empresarios van a percibir m\u00e1s dinero por parte del Estado y pide a los populares que dejen de meter miedo La Secretaria General del PSOE y Portavoz del Grupo Socialista en la Asamblea, Gloria Rojas, ha recordado que, cuando el Real Decreto &nbsp;que establece el nuevo sistema de bonificaci\u00f3n ...\" \/>\n<meta property=\"og:url\" content=\"https:\/\/agrupacionespsoe.es\/melilla\/rojas-ni-otazu-ni-el-resto-de-diputados-del-pp-votaron-en-contra-del-sistema-de-bonificacion\/\" \/>\n<meta property=\"og:site_name\" content=\"Agrupaci\u00f3n Socialista de Melilla\" \/>\n<meta property=\"article:published_time\" content=\"2023-08-30T16:46:34+00:00\" \/>\n<meta property=\"article:modified_time\" content=\"2023-08-30T16:46:35+00:00\" \/>\n<meta property=\"og:image\" content=\"https:\/\/agrupacionespsoe.es\/melilla\/wp-content\/uploads\/sites\/120\/2023\/08\/GRojas2-1024x577.jpg\" \/>\n<meta name=\"author\" content=\"melilla2\" \/>\n<meta name=\"twitter:card\" content=\"summary_large_image\" \/>\n<meta name=\"twitter:label1\" content=\"Escrito por\" \/>\n\t<meta name=\"twitter:data1\" content=\"melilla2\" \/>\n\t<meta name=\"twitter:label2\" content=\"Tiempo de lectura\" \/>\n\t<meta name=\"twitter:data2\" content=\"3 minutos\" \/>\n<script type=\"application\/ld+json\" class=\"yoast-schema-graph\">{\"@context\":\"https:\/\/schema.org\",\"@graph\":[{\"@type\":\"Article\",\"@id\":\"https:\/\/agrupacionespsoe.es\/melilla\/rojas-ni-otazu-ni-el-resto-de-diputados-del-pp-votaron-en-contra-del-sistema-de-bonificacion\/#article\",\"isPartOf\":{\"@id\":\"https:\/\/agrupacionespsoe.es\/melilla\/rojas-ni-otazu-ni-el-resto-de-diputados-del-pp-votaron-en-contra-del-sistema-de-bonificacion\/\"},\"author\":{\"name\":\"melilla2\",\"@id\":\"https:\/\/agrupacionespsoe.es\/melilla\/#\/schema\/person\/72bb3075a827d0ed0623682b96c92bd6\"},\"headline\":\"Rojas: \u201cNi Otazu ni el resto de diputados del PP votaron en contra del sistema de bonificaci\u00f3n\u201d\",\"datePublished\":\"2023-08-30T16:46:34+00:00\",\"dateModified\":\"2023-08-30T16:46:35+00:00\",\"mainEntityOfPage\":{\"@id\":\"https:\/\/agrupacionespsoe.es\/melilla\/rojas-ni-otazu-ni-el-resto-de-diputados-del-pp-votaron-en-contra-del-sistema-de-bonificacion\/\"},\"wordCount\":470,\"commentCount\":0,\"publisher\":{\"@id\":\"https:\/\/agrupacionespsoe.es\/melilla\/#organization\"},\"image\":{\"@id\":\"https:\/\/agrupacionespsoe.es\/melilla\/rojas-ni-otazu-ni-el-resto-de-diputados-del-pp-votaron-en-contra-del-sistema-de-bonificacion\/#primaryimage\"},\"thumbnailUrl\":\"https:\/\/agrupacionespsoe.es\/melilla\/wp-content\/uploads\/sites\/120\/2023\/08\/GRojas2-1024x577.jpg\",\"inLanguage\":\"es\",\"potentialAction\":[{\"@type\":\"CommentAction\",\"name\":\"Comment\",\"target\":[\"https:\/\/agrupacionespsoe.es\/melilla\/rojas-ni-otazu-ni-el-resto-de-diputados-del-pp-votaron-en-contra-del-sistema-de-bonificacion\/#respond\"]}]},{\"@type\":\"WebPage\",\"@id\":\"https:\/\/agrupacionespsoe.es\/melilla\/rojas-ni-otazu-ni-el-resto-de-diputados-del-pp-votaron-en-contra-del-sistema-de-bonificacion\/\",\"url\":\"https:\/\/agrupacionespsoe.es\/melilla\/rojas-ni-otazu-ni-el-resto-de-diputados-del-pp-votaron-en-contra-del-sistema-de-bonificacion\/\",\"name\":\"Rojas: \u201cNi Otazu ni el resto de diputados del PP votaron en contra del sistema de bonificaci\u00f3n\u201d - Agrupaci\u00f3n Socialista de Melilla\",\"isPartOf\":{\"@id\":\"https:\/\/agrupacionespsoe.es\/melilla\/#website\"},\"primaryImageOfPage\":{\"@id\":\"https:\/\/agrupacionespsoe.es\/melilla\/rojas-ni-otazu-ni-el-resto-de-diputados-del-pp-votaron-en-contra-del-sistema-de-bonificacion\/#primaryimage\"},\"image\":{\"@id\":\"https:\/\/agrupacionespsoe.es\/melilla\/rojas-ni-otazu-ni-el-resto-de-diputados-del-pp-votaron-en-contra-del-sistema-de-bonificacion\/#primaryimage\"},\"thumbnailUrl\":\"https:\/\/agrupacionespsoe.es\/melilla\/wp-content\/uploads\/sites\/120\/2023\/08\/GRojas2-1024x577.jpg\",\"datePublished\":\"2023-08-30T16:46:34+00:00\",\"dateModified\":\"2023-08-30T16:46:35+00:00\",\"breadcrumb\":{\"@id\":\"https:\/\/agrupacionespsoe.es\/melilla\/rojas-ni-otazu-ni-el-resto-de-diputados-del-pp-votaron-en-contra-del-sistema-de-bonificacion\/#breadcrumb\"},\"inLanguage\":\"es\",\"potentialAction\":[{\"@type\":\"ReadAction\",\"target\":[\"https:\/\/agrupacionespsoe.es\/melilla\/rojas-ni-otazu-ni-el-resto-de-diputados-del-pp-votaron-en-contra-del-sistema-de-bonificacion\/\"]}]},{\"@type\":\"ImageObject\",\"inLanguage\":\"es\",\"@id\":\"https:\/\/agrupacionespsoe.es\/melilla\/rojas-ni-otazu-ni-el-resto-de-diputados-del-pp-votaron-en-contra-del-sistema-de-bonificacion\/#primaryimage\",\"url\":\"https:\/\/agrupacionespsoe.es\/melilla\/wp-content\/uploads\/sites\/120\/2023\/08\/GRojas2.jpg\",\"contentUrl\":\"https:\/\/agrupacionespsoe.es\/melilla\/wp-content\/uploads\/sites\/120\/2023\/08\/GRojas2.jpg\",\"width\":2048,\"height\":1154},{\"@type\":\"BreadcrumbList\",\"@id\":\"https:\/\/agrupacionespsoe.es\/melilla\/rojas-ni-otazu-ni-el-resto-de-diputados-del-pp-votaron-en-contra-del-sistema-de-bonificacion\/#breadcrumb\",\"itemListElement\":[{\"@type\":\"ListItem\",\"position\":1,\"name\":\"Portada\",\"item\":\"https:\/\/agrupacionespsoe.es\/melilla\/\"},{\"@type\":\"ListItem\",\"position\":2,\"name\":\"Rojas: \u201cNi Otazu ni el resto de diputados del PP votaron en contra del sistema de bonificaci\u00f3n\u201d\"}]},{\"@type\":\"WebSite\",\"@id\":\"https:\/\/agrupacionespsoe.es\/melilla\/#website\",\"url\":\"https:\/\/agrupacionespsoe.es\/melilla\/\",\"name\":\"Agrupaci\u00f3n Socialista de Melilla\",\"description\":\"Agrupaci\u00f3n Socialista de Melilla\",\"publisher\":{\"@id\":\"https:\/\/agrupacionespsoe.es\/melilla\/#organization\"},\"potentialAction\":[{\"@type\":\"SearchAction\",\"target\":{\"@type\":\"EntryPoint\",\"urlTemplate\":\"https:\/\/agrupacionespsoe.es\/melilla\/?s={search_term_string}\"},\"query-input\":{\"@type\":\"PropertyValueSpecification\",\"valueRequired\":true,\"valueName\":\"search_term_string\"}}],\"inLanguage\":\"es\"},{\"@type\":\"Organization\",\"@id\":\"https:\/\/agrupacionespsoe.es\/melilla\/#organization\",\"name\":\"Agrupaci\u00f3n Socialista de Melilla\",\"url\":\"https:\/\/agrupacionespsoe.es\/melilla\/\",\"logo\":{\"@type\":\"ImageObject\",\"inLanguage\":\"es\",\"@id\":\"https:\/\/agrupacionespsoe.es\/melilla\/#\/schema\/logo\/image\/\",\"url\":\"https:\/\/agrupacionespsoe.es\/wp-content\/uploads\/2022\/07\/Logotipo_electoral_del_PSOE.png\",\"contentUrl\":\"https:\/\/agrupacionespsoe.es\/wp-content\/uploads\/2022\/07\/Logotipo_electoral_del_PSOE.png\",\"width\":422,\"height\":422,\"caption\":\"Agrupaci\u00f3n Socialista de Melilla\"},\"image\":{\"@id\":\"https:\/\/agrupacionespsoe.es\/melilla\/#\/schema\/logo\/image\/\"}},{\"@type\":\"Person\",\"@id\":\"https:\/\/agrupacionespsoe.es\/melilla\/#\/schema\/person\/72bb3075a827d0ed0623682b96c92bd6\",\"name\":\"melilla2\",\"image\":{\"@type\":\"ImageObject\",\"inLanguage\":\"es\",\"@id\":\"https:\/\/agrupacionespsoe.es\/melilla\/#\/schema\/person\/image\/\",\"url\":\"https:\/\/secure.gravatar.com\/avatar\/489a178e794e59f00db13a448aabca16?s=96&d=mm&r=g\",\"contentUrl\":\"https:\/\/secure.gravatar.com\/avatar\/489a178e794e59f00db13a448aabca16?s=96&d=mm&r=g\",\"caption\":\"melilla2\"},\"url\":\"https:\/\/agrupacionespsoe.es\/melilla\/author\/melilla2\/\"}]}<\/script>\n<!-- \/ Yoast SEO plugin. -->","yoast_head_json":{"title":"Rojas: \u201cNi Otazu ni el resto de diputados del PP votaron en contra del sistema de bonificaci\u00f3n\u201d - Agrupaci\u00f3n Socialista de Melilla","robots":{"index":"index","follow":"follow","max-snippet":"max-snippet:-1","max-image-preview":"max-image-preview:large","max-video-preview":"max-video-preview:-1"},"canonical":"https:\/\/agrupacionespsoe.es\/melilla\/rojas-ni-otazu-ni-el-resto-de-diputados-del-pp-votaron-en-contra-del-sistema-de-bonificacion\/","og_locale":"es_ES","og_type":"article","og_title":"Rojas: \u201cNi Otazu ni el resto de diputados del PP votaron en contra del sistema de bonificaci\u00f3n\u201d - Agrupaci\u00f3n Socialista de Melilla","og_description":"Se\u00f1ala que la mayor\u00eda de los empresarios van a percibir m\u00e1s dinero por parte del Estado y pide a los populares que dejen de meter miedo La Secretaria General del PSOE y Portavoz del Grupo Socialista en la Asamblea, Gloria Rojas, ha recordado que, cuando el Real Decreto &nbsp;que establece el nuevo sistema de bonificaci\u00f3n ...","og_url":"https:\/\/agrupacionespsoe.es\/melilla\/rojas-ni-otazu-ni-el-resto-de-diputados-del-pp-votaron-en-contra-del-sistema-de-bonificacion\/","og_site_name":"Agrupaci\u00f3n Socialista de Melilla","article_published_time":"2023-08-30T16:46:34+00:00","article_modified_time":"2023-08-30T16:46:35+00:00","og_image":[{"url":"https:\/\/agrupacionespsoe.es\/melilla\/wp-content\/uploads\/sites\/120\/2023\/08\/GRojas2-1024x577.jpg","type":"","width":"","height":""}],"author":"melilla2","twitter_card":"summary_large_image","twitter_misc":{"Escrito por":"melilla2","Tiempo de lectura":"3 minutos"},"schema":{"@context":"https:\/\/schema.org","@graph":[{"@type":"Article","@id":"https:\/\/agrupacionespsoe.es\/melilla\/rojas-ni-otazu-ni-el-resto-de-diputados-del-pp-votaron-en-contra-del-sistema-de-bonificacion\/#article","isPartOf":{"@id":"https:\/\/agrupacionespsoe.es\/melilla\/rojas-ni-otazu-ni-el-resto-de-diputados-del-pp-votaron-en-contra-del-sistema-de-bonificacion\/"},"author":{"name":"melilla2","@id":"https:\/\/agrupacionespsoe.es\/melilla\/#\/schema\/person\/72bb3075a827d0ed0623682b96c92bd6"},"headline":"Rojas: \u201cNi Otazu ni el resto de diputados del PP votaron en contra del sistema de bonificaci\u00f3n\u201d","datePublished":"2023-08-30T16:46:34+00:00","dateModified":"2023-08-30T16:46:35+00:00","mainEntityOfPage":{"@id":"https:\/\/agrupacionespsoe.es\/melilla\/rojas-ni-otazu-ni-el-resto-de-diputados-del-pp-votaron-en-contra-del-sistema-de-bonificacion\/"},"wordCount":470,"commentCount":0,"publisher":{"@id":"https:\/\/agrupacionespsoe.es\/melilla\/#organization"},"image":{"@id":"https:\/\/agrupacionespsoe.es\/melilla\/rojas-ni-otazu-ni-el-resto-de-diputados-del-pp-votaron-en-contra-del-sistema-de-bonificacion\/#primaryimage"},"thumbnailUrl":"https:\/\/agrupacionespsoe.es\/melilla\/wp-content\/uploads\/sites\/120\/2023\/08\/GRojas2-1024x577.jpg","inLanguage":"es","potentialAction":[{"@type":"CommentAction","name":"Comment","target":["https:\/\/agrupacionespsoe.es\/melilla\/rojas-ni-otazu-ni-el-resto-de-diputados-del-pp-votaron-en-contra-del-sistema-de-bonificacion\/#respond"]}]},{"@type":"WebPage","@id":"https:\/\/agrupacionespsoe.es\/melilla\/rojas-ni-otazu-ni-el-resto-de-diputados-del-pp-votaron-en-contra-del-sistema-de-bonificacion\/","url":"https:\/\/agrupacionespsoe.es\/melilla\/rojas-ni-otazu-ni-el-resto-de-diputados-del-pp-votaron-en-contra-del-sistema-de-bonificacion\/","name":"Rojas: \u201cNi Otazu ni el resto de diputados del PP votaron en contra del sistema de bonificaci\u00f3n\u201d - Agrupaci\u00f3n Socialista de Melilla","isPartOf":{"@id":"https:\/\/agrupacionespsoe.es\/melilla\/#website"},"primaryImageOfPage":{"@id":"https:\/\/agrupacionespsoe.es\/melilla\/rojas-ni-otazu-ni-el-resto-de-diputados-del-pp-votaron-en-contra-del-sistema-de-bonificacion\/#primaryimage"},"image":{"@id":"https:\/\/agrupacionespsoe.es\/melilla\/rojas-ni-otazu-ni-el-resto-de-diputados-del-pp-votaron-en-contra-del-sistema-de-bonificacion\/#primaryimage"},"thumbnailUrl":"https:\/\/agrupacionespsoe.es\/melilla\/wp-content\/uploads\/sites\/120\/2023\/08\/GRojas2-1024x577.jpg","datePublished":"2023-08-30T16:46:34+00:00","dateModified":"2023-08-30T16:46:35+00:00","breadcrumb":{"@id":"https:\/\/agrupacionespsoe.es\/melilla\/rojas-ni-otazu-ni-el-resto-de-diputados-del-pp-votaron-en-contra-del-sistema-de-bonificacion\/#breadcrumb"},"inLanguage":"es","potentialAction":[{"@type":"ReadAction","target":["https:\/\/agrupacionespsoe.es\/melilla\/rojas-ni-otazu-ni-el-resto-de-diputados-del-pp-votaron-en-contra-del-sistema-de-bonificacion\/"]}]},{"@type":"ImageObject","inLanguage":"es","@id":"https:\/\/agrupacionespsoe.es\/melilla\/rojas-ni-otazu-ni-el-resto-de-diputados-del-pp-votaron-en-contra-del-sistema-de-bonificacion\/#primaryimage","url":"https:\/\/agrupacionespsoe.es\/melilla\/wp-content\/uploads\/sites\/120\/2023\/08\/GRojas2.jpg","contentUrl":"https:\/\/agrupacionespsoe.es\/melilla\/wp-content\/uploads\/sites\/120\/2023\/08\/GRojas2.jpg","width":2048,"height":1154},{"@type":"BreadcrumbList","@id":"https:\/\/agrupacionespsoe.es\/melilla\/rojas-ni-otazu-ni-el-resto-de-diputados-del-pp-votaron-en-contra-del-sistema-de-bonificacion\/#breadcrumb","itemListElement":[{"@type":"ListItem","position":1,"name":"Portada","item":"https:\/\/agrupacionespsoe.es\/melilla\/"},{"@type":"ListItem","position":2,"name":"Rojas: \u201cNi Otazu ni el resto de diputados del PP votaron en contra del sistema de bonificaci\u00f3n\u201d"}]},{"@type":"WebSite","@id":"https:\/\/agrupacionespsoe.es\/melilla\/#website","url":"https:\/\/agrupacionespsoe.es\/melilla\/","name":"Agrupaci\u00f3n Socialista de Melilla","description":"Agrupaci\u00f3n Socialista de Melilla","publisher":{"@id":"https:\/\/agrupacionespsoe.es\/melilla\/#organization"},"potentialAction":[{"@type":"SearchAction","target":{"@type":"EntryPoint","urlTemplate":"https:\/\/agrupacionespsoe.es\/melilla\/?s={search_term_string}"},"query-input":{"@type":"PropertyValueSpecification","valueRequired":true,"valueName":"search_term_string"}}],"inLanguage":"es"},{"@type":"Organization","@id":"https:\/\/agrupacionespsoe.es\/melilla\/#organization","name":"Agrupaci\u00f3n Socialista de Melilla","url":"https:\/\/agrupacionespsoe.es\/melilla\/","logo":{"@type":"ImageObject","inLanguage":"es","@id":"https:\/\/agrupacionespsoe.es\/melilla\/#\/schema\/logo\/image\/","url":"https:\/\/agrupacionespsoe.es\/wp-content\/uploads\/2022\/07\/Logotipo_electoral_del_PSOE.png","contentUrl":"https:\/\/agrupacionespsoe.es\/wp-content\/uploads\/2022\/07\/Logotipo_electoral_del_PSOE.png","width":422,"height":422,"caption":"Agrupaci\u00f3n Socialista de Melilla"},"image":{"@id":"https:\/\/agrupacionespsoe.es\/melilla\/#\/schema\/logo\/image\/"}},{"@type":"Person","@id":"https:\/\/agrupacionespsoe.es\/melilla\/#\/schema\/person\/72bb3075a827d0ed0623682b96c92bd6","name":"melilla2","image":{"@type":"ImageObject","inLanguage":"es","@id":"https:\/\/agrupacionespsoe.es\/melilla\/#\/schema\/person\/image\/","url":"https:\/\/secure.gravatar.com\/avatar\/489a178e794e59f00db13a448aabca16?s=96&d=mm&r=g","contentUrl":"https:\/\/secure.gravatar.com\/avatar\/489a178e794e59f00db13a448aabca16?s=96&d=mm&r=g","caption":"melilla2"},"url":"https:\/\/agrupacionespsoe.es\/melilla\/author\/melilla2\/"}]}},"jetpack_featured_media_url":"","jetpack_sharing_enabled":true,"_links":{"self":[{"href":"https:\/\/agrupacionespsoe.es\/melilla\/wp-json\/wp\/v2\/posts\/453","targetHints":{"allow":["GET"]}}],"collection":[{"href":"https:\/\/agrupacionespsoe.es\/melilla\/wp-json\/wp\/v2\/posts"}],"about":[{"href":"https:\/\/agrupacionespsoe.es\/melilla\/wp-json\/wp\/v2\/types\/post"}],"author":[{"embeddable":true,"href":"https:\/\/agrupacionespsoe.es\/melilla\/wp-json\/wp\/v2\/users\/187"}],"replies":[{"embeddable":true,"href":"https:\/\/agrupacionespsoe.es\/melilla\/wp-json\/wp\/v2\/comments?post=453"}],"version-history":[{"count":1,"href":"https:\/\/agrupacionespsoe.es\/melilla\/wp-json\/wp\/v2\/posts\/453\/revisions"}],"predecessor-version":[{"id":455,"href":"https:\/\/agrupacionespsoe.es\/melilla\/wp-json\/wp\/v2\/posts\/453\/revisions\/455"}],"wp:attachment":[{"href":"https:\/\/agrupacionespsoe.es\/melilla\/wp-json\/wp\/v2\/media?parent=453"}],"wp:term":[{"taxonomy":"category","embeddable":true,"href":"https:\/\/agrupacionespsoe.es\/melilla\/wp-json\/wp\/v2\/categories?post=453"},{"taxonomy":"post_tag","embeddable":true,"href":"https:\/\/agrupacionespsoe.es\/melilla\/wp-json\/wp\/v2\/tags?post=453"}],"curies":[{"name":"wp","href":"https:\/\/api.w.org\/{rel}","templated":true}]}}