{"id":446,"date":"2023-08-28T12:15:56","date_gmt":"2023-08-28T12:15:56","guid":{"rendered":"https:\/\/agrupacionespsoe.es\/melilla\/?p=446"},"modified":"2023-08-28T12:15:57","modified_gmt":"2023-08-28T12:15:57","slug":"rojas-melilla-y-espana-necesitan-un-gobierno-de-pedro-sanchez-para-que-sigamos-avanzando","status":"publish","type":"post","link":"https:\/\/agrupacionespsoe.es\/melilla\/rojas-melilla-y-espana-necesitan-un-gobierno-de-pedro-sanchez-para-que-sigamos-avanzando\/","title":{"rendered":"Rojas: \u201cMelilla y Espa\u00f1a necesitan un Gobierno de Pedro S\u00e1nchez para que sigamos avanzando\u201d"},"content":{"rendered":"\n<p><strong>La l\u00edder socialista se ha mostrado convencida de que el PSOE va a ser capaz de sumar una mayor\u00eda parlamentaria <\/strong><\/p>\n\n\n\n<figure class=\"wp-block-image size-large\"><img loading=\"lazy\" decoding=\"async\" width=\"1024\" height=\"682\" src=\"https:\/\/agrupacionespsoe.es\/melilla\/wp-content\/uploads\/sites\/120\/2023\/08\/gl-2-1024x682.jpg\" alt=\"\" class=\"wp-image-447\" srcset=\"https:\/\/agrupacionespsoe.es\/melilla\/wp-content\/uploads\/sites\/120\/2023\/08\/gl-2-1024x682.jpg 1024w, https:\/\/agrupacionespsoe.es\/melilla\/wp-content\/uploads\/sites\/120\/2023\/08\/gl-2-300x200.jpg 300w, https:\/\/agrupacionespsoe.es\/melilla\/wp-content\/uploads\/sites\/120\/2023\/08\/gl-2-768x512.jpg 768w, https:\/\/agrupacionespsoe.es\/melilla\/wp-content\/uploads\/sites\/120\/2023\/08\/gl-2-1536x1023.jpg 1536w, https:\/\/agrupacionespsoe.es\/melilla\/wp-content\/uploads\/sites\/120\/2023\/08\/gl-2.jpg 1600w\" sizes=\"auto, (max-width: 1024px) 100vw, 1024px\" \/><\/figure>\n\n\n\n<p>La Secretaria General de los socialistas melillenses, Gloria Rojas, ha se\u00f1alado que \u201cel PSOE es la fuerza pol\u00edtica que ha logrado los mayores avances en derechos y en libertades, en la que conf\u00eda la mayor\u00eda de la ciudadan\u00eda cuando se trata de avanzar y de evitar que se den pasos atr\u00e1s\u201d.<\/p>\n\n\n\n<p>Por ello, la l\u00edder de la formaci\u00f3n socialista local ha dejado claro que tanto nuestra ciudad como nuestro pa\u00eds \u201cnecesitan de un nuevo Gobierno de Pedro S\u00e1nchez para que sigamos avanzando\u201d.<\/p>\n\n\n\n<p>La n\u00famero uno del PSOE local se ha mostrado convencida de que S\u00e1nchez va a ser capaz de sumar una mayor\u00eda parlamentaria ya que \u201cla mayor\u00eda de la ciudadan\u00eda dio la espalda a la propuesta de PP y Vox de eliminar derechos y hacer retroceder a nuestro pa\u00eds\u201d.<\/p>\n\n\n\n<p>De hecho, Rojas ha valorado positivamente los resultados electorales de las \u00faltimas elecciones generales, que \u201chan estado ligados al buen desempe\u00f1o del Gobierno Socialista la pasada legislatura\u201d. \u201cEn el conjunto del pa\u00eds obtuvimos casi un mill\u00f3n de votos m\u00e1s y en Melilla, cerca de 2.000 votos m\u00e1s que en las anteriores elecciones de noviembre de 2019 y todo ello, a pesar de la legislatura tan compleja que hemos vivido\u201d.<\/p>\n\n\n\n<p>En este sentido, ha apuntado que, el Ejecutivo del PSOE, gracias a las medidas que ha llevado a cabo, ha conseguido que nuestro pa\u00eds lidere el crecimiento en Europa, con una fuerte creaci\u00f3n de empleo y con una de las inflaciones m\u00e1s bajas.<\/p>\n\n\n\n<p>Esta nueva legislatura, en palabras de Rojas, con un Gobierno Socialista, \u201cva a traer m\u00e1s soluciones a los problemas y retos a los que se enfrenta Espa\u00f1a; m\u00e1s justicia frente a la desigualdad; m\u00e1s uni\u00f3n frente a los intentos de divisi\u00f3n; m\u00e1s convivencia frente a la discordia; m\u00e1s avances y ning\u00fan retroceso\u201d.<\/p>\n","protected":false},"excerpt":{"rendered":"<p>La l\u00edder socialista se ha mostrado convencida de que el PSOE va a ser capaz de sumar una mayor\u00eda parlamentaria La Secretaria General de los socialistas melillenses, Gloria Rojas, ha se\u00f1alado que \u201cel PSOE es la fuerza pol\u00edtica que ha logrado los mayores avances en derechos y en libertades, en la que conf\u00eda la mayor\u00eda &#8230;<\/p>\n","protected":false},"author":187,"featured_media":0,"comment_status":"open","ping_status":"open","sticky":false,"template":"","format":"standard","meta":{"_jetpack_memberships_contains_paid_content":false,"footnotes":""},"categories":[1],"tags":[],"class_list":["post-446","post","type-post","status-publish","format-standard","hentry","category-sin-categoria"],"yoast_head":"<!-- This site is optimized with the Yoast SEO plugin v24.0 - https:\/\/yoast.com\/wordpress\/plugins\/seo\/ -->\n<title>Rojas: \u201cMelilla y Espa\u00f1a necesitan un Gobierno de Pedro S\u00e1nchez para que sigamos avanzando\u201d - Agrupaci\u00f3n Socialista de Melilla<\/title>\n<meta name=\"robots\" content=\"index, follow, max-snippet:-1, max-image-preview:large, max-video-preview:-1\" \/>\n<link rel=\"canonical\" href=\"https:\/\/agrupacionespsoe.es\/melilla\/rojas-melilla-y-espana-necesitan-un-gobierno-de-pedro-sanchez-para-que-sigamos-avanzando\/\" \/>\n<meta property=\"og:locale\" content=\"es_ES\" \/>\n<meta property=\"og:type\" content=\"article\" \/>\n<meta property=\"og:title\" content=\"Rojas: \u201cMelilla y Espa\u00f1a necesitan un Gobierno de Pedro S\u00e1nchez para que sigamos avanzando\u201d - Agrupaci\u00f3n Socialista de Melilla\" \/>\n<meta property=\"og:description\" content=\"La l\u00edder socialista se ha mostrado convencida de que el PSOE va a ser capaz de sumar una mayor\u00eda parlamentaria La Secretaria General de los socialistas melillenses, Gloria Rojas, ha se\u00f1alado que \u201cel PSOE es la fuerza pol\u00edtica que ha logrado los mayores avances en derechos y en libertades, en la que conf\u00eda la mayor\u00eda ...\" \/>\n<meta property=\"og:url\" content=\"https:\/\/agrupacionespsoe.es\/melilla\/rojas-melilla-y-espana-necesitan-un-gobierno-de-pedro-sanchez-para-que-sigamos-avanzando\/\" \/>\n<meta property=\"og:site_name\" content=\"Agrupaci\u00f3n Socialista de Melilla\" \/>\n<meta property=\"article:published_time\" content=\"2023-08-28T12:15:56+00:00\" \/>\n<meta property=\"article:modified_time\" content=\"2023-08-28T12:15:57+00:00\" \/>\n<meta property=\"og:image\" content=\"https:\/\/agrupacionespsoe.es\/melilla\/wp-content\/uploads\/sites\/120\/2023\/08\/gl-2-1024x682.jpg\" \/>\n<meta name=\"author\" content=\"melilla2\" \/>\n<meta name=\"twitter:card\" content=\"summary_large_image\" \/>\n<meta name=\"twitter:label1\" content=\"Escrito por\" \/>\n\t<meta name=\"twitter:data1\" content=\"melilla2\" \/>\n\t<meta name=\"twitter:label2\" content=\"Tiempo de lectura\" \/>\n\t<meta name=\"twitter:data2\" content=\"2 minutos\" \/>\n<script type=\"application\/ld+json\" class=\"yoast-schema-graph\">{\"@context\":\"https:\/\/schema.org\",\"@graph\":[{\"@type\":\"Article\",\"@id\":\"https:\/\/agrupacionespsoe.es\/melilla\/rojas-melilla-y-espana-necesitan-un-gobierno-de-pedro-sanchez-para-que-sigamos-avanzando\/#article\",\"isPartOf\":{\"@id\":\"https:\/\/agrupacionespsoe.es\/melilla\/rojas-melilla-y-espana-necesitan-un-gobierno-de-pedro-sanchez-para-que-sigamos-avanzando\/\"},\"author\":{\"name\":\"melilla2\",\"@id\":\"https:\/\/agrupacionespsoe.es\/melilla\/#\/schema\/person\/72bb3075a827d0ed0623682b96c92bd6\"},\"headline\":\"Rojas: \u201cMelilla y Espa\u00f1a necesitan un Gobierno de Pedro S\u00e1nchez para que sigamos avanzando\u201d\",\"datePublished\":\"2023-08-28T12:15:56+00:00\",\"dateModified\":\"2023-08-28T12:15:57+00:00\",\"mainEntityOfPage\":{\"@id\":\"https:\/\/agrupacionespsoe.es\/melilla\/rojas-melilla-y-espana-necesitan-un-gobierno-de-pedro-sanchez-para-que-sigamos-avanzando\/\"},\"wordCount\":363,\"commentCount\":0,\"publisher\":{\"@id\":\"https:\/\/agrupacionespsoe.es\/melilla\/#organization\"},\"image\":{\"@id\":\"https:\/\/agrupacionespsoe.es\/melilla\/rojas-melilla-y-espana-necesitan-un-gobierno-de-pedro-sanchez-para-que-sigamos-avanzando\/#primaryimage\"},\"thumbnailUrl\":\"https:\/\/agrupacionespsoe.es\/melilla\/wp-content\/uploads\/sites\/120\/2023\/08\/gl-2-1024x682.jpg\",\"inLanguage\":\"es\",\"potentialAction\":[{\"@type\":\"CommentAction\",\"name\":\"Comment\",\"target\":[\"https:\/\/agrupacionespsoe.es\/melilla\/rojas-melilla-y-espana-necesitan-un-gobierno-de-pedro-sanchez-para-que-sigamos-avanzando\/#respond\"]}]},{\"@type\":\"WebPage\",\"@id\":\"https:\/\/agrupacionespsoe.es\/melilla\/rojas-melilla-y-espana-necesitan-un-gobierno-de-pedro-sanchez-para-que-sigamos-avanzando\/\",\"url\":\"https:\/\/agrupacionespsoe.es\/melilla\/rojas-melilla-y-espana-necesitan-un-gobierno-de-pedro-sanchez-para-que-sigamos-avanzando\/\",\"name\":\"Rojas: \u201cMelilla y Espa\u00f1a necesitan un Gobierno de Pedro S\u00e1nchez para que sigamos avanzando\u201d - Agrupaci\u00f3n Socialista de Melilla\",\"isPartOf\":{\"@id\":\"https:\/\/agrupacionespsoe.es\/melilla\/#website\"},\"primaryImageOfPage\":{\"@id\":\"https:\/\/agrupacionespsoe.es\/melilla\/rojas-melilla-y-espana-necesitan-un-gobierno-de-pedro-sanchez-para-que-sigamos-avanzando\/#primaryimage\"},\"image\":{\"@id\":\"https:\/\/agrupacionespsoe.es\/melilla\/rojas-melilla-y-espana-necesitan-un-gobierno-de-pedro-sanchez-para-que-sigamos-avanzando\/#primaryimage\"},\"thumbnailUrl\":\"https:\/\/agrupacionespsoe.es\/melilla\/wp-content\/uploads\/sites\/120\/2023\/08\/gl-2-1024x682.jpg\",\"datePublished\":\"2023-08-28T12:15:56+00:00\",\"dateModified\":\"2023-08-28T12:15:57+00:00\",\"breadcrumb\":{\"@id\":\"https:\/\/agrupacionespsoe.es\/melilla\/rojas-melilla-y-espana-necesitan-un-gobierno-de-pedro-sanchez-para-que-sigamos-avanzando\/#breadcrumb\"},\"inLanguage\":\"es\",\"potentialAction\":[{\"@type\":\"ReadAction\",\"target\":[\"https:\/\/agrupacionespsoe.es\/melilla\/rojas-melilla-y-espana-necesitan-un-gobierno-de-pedro-sanchez-para-que-sigamos-avanzando\/\"]}]},{\"@type\":\"ImageObject\",\"inLanguage\":\"es\",\"@id\":\"https:\/\/agrupacionespsoe.es\/melilla\/rojas-melilla-y-espana-necesitan-un-gobierno-de-pedro-sanchez-para-que-sigamos-avanzando\/#primaryimage\",\"url\":\"https:\/\/agrupacionespsoe.es\/melilla\/wp-content\/uploads\/sites\/120\/2023\/08\/gl-2.jpg\",\"contentUrl\":\"https:\/\/agrupacionespsoe.es\/melilla\/wp-content\/uploads\/sites\/120\/2023\/08\/gl-2.jpg\",\"width\":1600,\"height\":1066},{\"@type\":\"BreadcrumbList\",\"@id\":\"https:\/\/agrupacionespsoe.es\/melilla\/rojas-melilla-y-espana-necesitan-un-gobierno-de-pedro-sanchez-para-que-sigamos-avanzando\/#breadcrumb\",\"itemListElement\":[{\"@type\":\"ListItem\",\"position\":1,\"name\":\"Portada\",\"item\":\"https:\/\/agrupacionespsoe.es\/melilla\/\"},{\"@type\":\"ListItem\",\"position\":2,\"name\":\"Rojas: \u201cMelilla y Espa\u00f1a necesitan un Gobierno de Pedro S\u00e1nchez para que sigamos avanzando\u201d\"}]},{\"@type\":\"WebSite\",\"@id\":\"https:\/\/agrupacionespsoe.es\/melilla\/#website\",\"url\":\"https:\/\/agrupacionespsoe.es\/melilla\/\",\"name\":\"Agrupaci\u00f3n Socialista de Melilla\",\"description\":\"Agrupaci\u00f3n Socialista de Melilla\",\"publisher\":{\"@id\":\"https:\/\/agrupacionespsoe.es\/melilla\/#organization\"},\"potentialAction\":[{\"@type\":\"SearchAction\",\"target\":{\"@type\":\"EntryPoint\",\"urlTemplate\":\"https:\/\/agrupacionespsoe.es\/melilla\/?s={search_term_string}\"},\"query-input\":{\"@type\":\"PropertyValueSpecification\",\"valueRequired\":true,\"valueName\":\"search_term_string\"}}],\"inLanguage\":\"es\"},{\"@type\":\"Organization\",\"@id\":\"https:\/\/agrupacionespsoe.es\/melilla\/#organization\",\"name\":\"Agrupaci\u00f3n Socialista de Melilla\",\"url\":\"https:\/\/agrupacionespsoe.es\/melilla\/\",\"logo\":{\"@type\":\"ImageObject\",\"inLanguage\":\"es\",\"@id\":\"https:\/\/agrupacionespsoe.es\/melilla\/#\/schema\/logo\/image\/\",\"url\":\"https:\/\/agrupacionespsoe.es\/wp-content\/uploads\/2022\/07\/Logotipo_electoral_del_PSOE.png\",\"contentUrl\":\"https:\/\/agrupacionespsoe.es\/wp-content\/uploads\/2022\/07\/Logotipo_electoral_del_PSOE.png\",\"width\":422,\"height\":422,\"caption\":\"Agrupaci\u00f3n Socialista de Melilla\"},\"image\":{\"@id\":\"https:\/\/agrupacionespsoe.es\/melilla\/#\/schema\/logo\/image\/\"}},{\"@type\":\"Person\",\"@id\":\"https:\/\/agrupacionespsoe.es\/melilla\/#\/schema\/person\/72bb3075a827d0ed0623682b96c92bd6\",\"name\":\"melilla2\",\"image\":{\"@type\":\"ImageObject\",\"inLanguage\":\"es\",\"@id\":\"https:\/\/agrupacionespsoe.es\/melilla\/#\/schema\/person\/image\/\",\"url\":\"https:\/\/secure.gravatar.com\/avatar\/489a178e794e59f00db13a448aabca16?s=96&d=mm&r=g\",\"contentUrl\":\"https:\/\/secure.gravatar.com\/avatar\/489a178e794e59f00db13a448aabca16?s=96&d=mm&r=g\",\"caption\":\"melilla2\"},\"url\":\"https:\/\/agrupacionespsoe.es\/melilla\/author\/melilla2\/\"}]}<\/script>\n<!-- \/ Yoast SEO plugin. -->","yoast_head_json":{"title":"Rojas: \u201cMelilla y Espa\u00f1a necesitan un Gobierno de Pedro S\u00e1nchez para que sigamos avanzando\u201d - Agrupaci\u00f3n Socialista de Melilla","robots":{"index":"index","follow":"follow","max-snippet":"max-snippet:-1","max-image-preview":"max-image-preview:large","max-video-preview":"max-video-preview:-1"},"canonical":"https:\/\/agrupacionespsoe.es\/melilla\/rojas-melilla-y-espana-necesitan-un-gobierno-de-pedro-sanchez-para-que-sigamos-avanzando\/","og_locale":"es_ES","og_type":"article","og_title":"Rojas: \u201cMelilla y Espa\u00f1a necesitan un Gobierno de Pedro S\u00e1nchez para que sigamos avanzando\u201d - Agrupaci\u00f3n Socialista de Melilla","og_description":"La l\u00edder socialista se ha mostrado convencida de que el PSOE va a ser capaz de sumar una mayor\u00eda parlamentaria La Secretaria General de los socialistas melillenses, Gloria Rojas, ha se\u00f1alado que \u201cel PSOE es la fuerza pol\u00edtica que ha logrado los mayores avances en derechos y en libertades, en la que conf\u00eda la mayor\u00eda ...","og_url":"https:\/\/agrupacionespsoe.es\/melilla\/rojas-melilla-y-espana-necesitan-un-gobierno-de-pedro-sanchez-para-que-sigamos-avanzando\/","og_site_name":"Agrupaci\u00f3n Socialista de Melilla","article_published_time":"2023-08-28T12:15:56+00:00","article_modified_time":"2023-08-28T12:15:57+00:00","og_image":[{"url":"https:\/\/agrupacionespsoe.es\/melilla\/wp-content\/uploads\/sites\/120\/2023\/08\/gl-2-1024x682.jpg","type":"","width":"","height":""}],"author":"melilla2","twitter_card":"summary_large_image","twitter_misc":{"Escrito por":"melilla2","Tiempo de lectura":"2 minutos"},"schema":{"@context":"https:\/\/schema.org","@graph":[{"@type":"Article","@id":"https:\/\/agrupacionespsoe.es\/melilla\/rojas-melilla-y-espana-necesitan-un-gobierno-de-pedro-sanchez-para-que-sigamos-avanzando\/#article","isPartOf":{"@id":"https:\/\/agrupacionespsoe.es\/melilla\/rojas-melilla-y-espana-necesitan-un-gobierno-de-pedro-sanchez-para-que-sigamos-avanzando\/"},"author":{"name":"melilla2","@id":"https:\/\/agrupacionespsoe.es\/melilla\/#\/schema\/person\/72bb3075a827d0ed0623682b96c92bd6"},"headline":"Rojas: \u201cMelilla y Espa\u00f1a necesitan un Gobierno de Pedro S\u00e1nchez para que sigamos avanzando\u201d","datePublished":"2023-08-28T12:15:56+00:00","dateModified":"2023-08-28T12:15:57+00:00","mainEntityOfPage":{"@id":"https:\/\/agrupacionespsoe.es\/melilla\/rojas-melilla-y-espana-necesitan-un-gobierno-de-pedro-sanchez-para-que-sigamos-avanzando\/"},"wordCount":363,"commentCount":0,"publisher":{"@id":"https:\/\/agrupacionespsoe.es\/melilla\/#organization"},"image":{"@id":"https:\/\/agrupacionespsoe.es\/melilla\/rojas-melilla-y-espana-necesitan-un-gobierno-de-pedro-sanchez-para-que-sigamos-avanzando\/#primaryimage"},"thumbnailUrl":"https:\/\/agrupacionespsoe.es\/melilla\/wp-content\/uploads\/sites\/120\/2023\/08\/gl-2-1024x682.jpg","inLanguage":"es","potentialAction":[{"@type":"CommentAction","name":"Comment","target":["https:\/\/agrupacionespsoe.es\/melilla\/rojas-melilla-y-espana-necesitan-un-gobierno-de-pedro-sanchez-para-que-sigamos-avanzando\/#respond"]}]},{"@type":"WebPage","@id":"https:\/\/agrupacionespsoe.es\/melilla\/rojas-melilla-y-espana-necesitan-un-gobierno-de-pedro-sanchez-para-que-sigamos-avanzando\/","url":"https:\/\/agrupacionespsoe.es\/melilla\/rojas-melilla-y-espana-necesitan-un-gobierno-de-pedro-sanchez-para-que-sigamos-avanzando\/","name":"Rojas: \u201cMelilla y Espa\u00f1a necesitan un Gobierno de Pedro S\u00e1nchez para que sigamos avanzando\u201d - Agrupaci\u00f3n Socialista de Melilla","isPartOf":{"@id":"https:\/\/agrupacionespsoe.es\/melilla\/#website"},"primaryImageOfPage":{"@id":"https:\/\/agrupacionespsoe.es\/melilla\/rojas-melilla-y-espana-necesitan-un-gobierno-de-pedro-sanchez-para-que-sigamos-avanzando\/#primaryimage"},"image":{"@id":"https:\/\/agrupacionespsoe.es\/melilla\/rojas-melilla-y-espana-necesitan-un-gobierno-de-pedro-sanchez-para-que-sigamos-avanzando\/#primaryimage"},"thumbnailUrl":"https:\/\/agrupacionespsoe.es\/melilla\/wp-content\/uploads\/sites\/120\/2023\/08\/gl-2-1024x682.jpg","datePublished":"2023-08-28T12:15:56+00:00","dateModified":"2023-08-28T12:15:57+00:00","breadcrumb":{"@id":"https:\/\/agrupacionespsoe.es\/melilla\/rojas-melilla-y-espana-necesitan-un-gobierno-de-pedro-sanchez-para-que-sigamos-avanzando\/#breadcrumb"},"inLanguage":"es","potentialAction":[{"@type":"ReadAction","target":["https:\/\/agrupacionespsoe.es\/melilla\/rojas-melilla-y-espana-necesitan-un-gobierno-de-pedro-sanchez-para-que-sigamos-avanzando\/"]}]},{"@type":"ImageObject","inLanguage":"es","@id":"https:\/\/agrupacionespsoe.es\/melilla\/rojas-melilla-y-espana-necesitan-un-gobierno-de-pedro-sanchez-para-que-sigamos-avanzando\/#primaryimage","url":"https:\/\/agrupacionespsoe.es\/melilla\/wp-content\/uploads\/sites\/120\/2023\/08\/gl-2.jpg","contentUrl":"https:\/\/agrupacionespsoe.es\/melilla\/wp-content\/uploads\/sites\/120\/2023\/08\/gl-2.jpg","width":1600,"height":1066},{"@type":"BreadcrumbList","@id":"https:\/\/agrupacionespsoe.es\/melilla\/rojas-melilla-y-espana-necesitan-un-gobierno-de-pedro-sanchez-para-que-sigamos-avanzando\/#breadcrumb","itemListElement":[{"@type":"ListItem","position":1,"name":"Portada","item":"https:\/\/agrupacionespsoe.es\/melilla\/"},{"@type":"ListItem","position":2,"name":"Rojas: \u201cMelilla y Espa\u00f1a necesitan un Gobierno de Pedro S\u00e1nchez para que sigamos avanzando\u201d"}]},{"@type":"WebSite","@id":"https:\/\/agrupacionespsoe.es\/melilla\/#website","url":"https:\/\/agrupacionespsoe.es\/melilla\/","name":"Agrupaci\u00f3n Socialista de Melilla","description":"Agrupaci\u00f3n Socialista de Melilla","publisher":{"@id":"https:\/\/agrupacionespsoe.es\/melilla\/#organization"},"potentialAction":[{"@type":"SearchAction","target":{"@type":"EntryPoint","urlTemplate":"https:\/\/agrupacionespsoe.es\/melilla\/?s={search_term_string}"},"query-input":{"@type":"PropertyValueSpecification","valueRequired":true,"valueName":"search_term_string"}}],"inLanguage":"es"},{"@type":"Organization","@id":"https:\/\/agrupacionespsoe.es\/melilla\/#organization","name":"Agrupaci\u00f3n Socialista de Melilla","url":"https:\/\/agrupacionespsoe.es\/melilla\/","logo":{"@type":"ImageObject","inLanguage":"es","@id":"https:\/\/agrupacionespsoe.es\/melilla\/#\/schema\/logo\/image\/","url":"https:\/\/agrupacionespsoe.es\/wp-content\/uploads\/2022\/07\/Logotipo_electoral_del_PSOE.png","contentUrl":"https:\/\/agrupacionespsoe.es\/wp-content\/uploads\/2022\/07\/Logotipo_electoral_del_PSOE.png","width":422,"height":422,"caption":"Agrupaci\u00f3n Socialista de Melilla"},"image":{"@id":"https:\/\/agrupacionespsoe.es\/melilla\/#\/schema\/logo\/image\/"}},{"@type":"Person","@id":"https:\/\/agrupacionespsoe.es\/melilla\/#\/schema\/person\/72bb3075a827d0ed0623682b96c92bd6","name":"melilla2","image":{"@type":"ImageObject","inLanguage":"es","@id":"https:\/\/agrupacionespsoe.es\/melilla\/#\/schema\/person\/image\/","url":"https:\/\/secure.gravatar.com\/avatar\/489a178e794e59f00db13a448aabca16?s=96&d=mm&r=g","contentUrl":"https:\/\/secure.gravatar.com\/avatar\/489a178e794e59f00db13a448aabca16?s=96&d=mm&r=g","caption":"melilla2"},"url":"https:\/\/agrupacionespsoe.es\/melilla\/author\/melilla2\/"}]}},"jetpack_featured_media_url":"","jetpack_sharing_enabled":true,"_links":{"self":[{"href":"https:\/\/agrupacionespsoe.es\/melilla\/wp-json\/wp\/v2\/posts\/446","targetHints":{"allow":["GET"]}}],"collection":[{"href":"https:\/\/agrupacionespsoe.es\/melilla\/wp-json\/wp\/v2\/posts"}],"about":[{"href":"https:\/\/agrupacionespsoe.es\/melilla\/wp-json\/wp\/v2\/types\/post"}],"author":[{"embeddable":true,"href":"https:\/\/agrupacionespsoe.es\/melilla\/wp-json\/wp\/v2\/users\/187"}],"replies":[{"embeddable":true,"href":"https:\/\/agrupacionespsoe.es\/melilla\/wp-json\/wp\/v2\/comments?post=446"}],"version-history":[{"count":1,"href":"https:\/\/agrupacionespsoe.es\/melilla\/wp-json\/wp\/v2\/posts\/446\/revisions"}],"predecessor-version":[{"id":448,"href":"https:\/\/agrupacionespsoe.es\/melilla\/wp-json\/wp\/v2\/posts\/446\/revisions\/448"}],"wp:attachment":[{"href":"https:\/\/agrupacionespsoe.es\/melilla\/wp-json\/wp\/v2\/media?parent=446"}],"wp:term":[{"taxonomy":"category","embeddable":true,"href":"https:\/\/agrupacionespsoe.es\/melilla\/wp-json\/wp\/v2\/categories?post=446"},{"taxonomy":"post_tag","embeddable":true,"href":"https:\/\/agrupacionespsoe.es\/melilla\/wp-json\/wp\/v2\/tags?post=446"}],"curies":[{"name":"wp","href":"https:\/\/api.w.org\/{rel}","templated":true}]}}