{"id":437,"date":"2023-08-24T12:42:31","date_gmt":"2023-08-24T12:42:31","guid":{"rendered":"https:\/\/agrupacionespsoe.es\/melilla\/?p=437"},"modified":"2023-08-24T12:42:32","modified_gmt":"2023-08-24T12:42:32","slug":"moh-si-el-sistema-de-bonificacion-es-tan-perjudicial-segun-imbroda-por-que-el-pp-no-voto-en-contra","status":"publish","type":"post","link":"https:\/\/agrupacionespsoe.es\/melilla\/moh-si-el-sistema-de-bonificacion-es-tan-perjudicial-segun-imbroda-por-que-el-pp-no-voto-en-contra\/","title":{"rendered":"Moh: \u201cSi el sistema de bonificaci\u00f3n es tan perjudicial seg\u00fan Imbroda, \u00bfpor qu\u00e9 el PP no vot\u00f3 en contra?\u201d"},"content":{"rendered":"\n<p><strong>Recuerda que los populares se han opuesto a la subida de pensiones, del salario m\u00ednimo o la ayuda a los carburantes<\/strong><\/p>\n\n\n\n<figure class=\"wp-block-image size-large\"><img loading=\"lazy\" decoding=\"async\" width=\"1024\" height=\"683\" src=\"https:\/\/agrupacionespsoe.es\/melilla\/wp-content\/uploads\/sites\/120\/2023\/08\/SMoh-1024x683.jpg\" alt=\"\" class=\"wp-image-438\" srcset=\"https:\/\/agrupacionespsoe.es\/melilla\/wp-content\/uploads\/sites\/120\/2023\/08\/SMoh-1024x683.jpg 1024w, https:\/\/agrupacionespsoe.es\/melilla\/wp-content\/uploads\/sites\/120\/2023\/08\/SMoh-300x200.jpg 300w, https:\/\/agrupacionespsoe.es\/melilla\/wp-content\/uploads\/sites\/120\/2023\/08\/SMoh-768x512.jpg 768w, https:\/\/agrupacionespsoe.es\/melilla\/wp-content\/uploads\/sites\/120\/2023\/08\/SMoh-1536x1024.jpg 1536w, https:\/\/agrupacionespsoe.es\/melilla\/wp-content\/uploads\/sites\/120\/2023\/08\/SMoh-2048x1365.jpg 2048w\" sizes=\"auto, (max-width: 1024px) 100vw, 1024px\" \/><\/figure>\n\n\n\n<p><br>\u201cSi el nuevo sistema de bonificaci\u00f3n a las cuotas a la Seguridad Social es tan malo para los intereses de Melilla y tan perjudicial para las empresas locales como dice Imbroda, \u00bfpor qu\u00e9 ninguno de los diputados del PP en el Congreso, ni siquiera Otazu, vot\u00f3 en contra de su aprobaci\u00f3n?\u201d.<\/p>\n\n\n\n<p>La Secretaria de Organizaci\u00f3n del PSOE local y Delegada del Gobierno, Sabrina Moh, ha recordado que, en la votaci\u00f3n para la convalidaci\u00f3n del Real Decreto-Ley 1\/2023, que modifica la bonificaci\u00f3n del 50% a las cuotas a la Seguridad Social por una cantidad fija de 262 euros al mes, todos los representantes del Grupo Parlamentario Popular se abstuvieron.<\/p>\n\n\n\n<p>\u201cEl PP ha votado \u2018no\u2019 a la subida de las pensiones, se ha opuesto a la ayuda a los carburantes, ha votado en contra de la subida del salario m\u00ednimo y de las becas y ayudas a los estudiantes\u2026 y, sin embargo, cuando llega al Congreso de los Diputados la modificaci\u00f3n del sistema de cuotas a la Seguridad Social, que seg\u00fan Imbroda hay que derogar porque es totalmente perjudicial para el sector empresarial de esta ciudad, se abstienen\u201d, ha recordado.<\/p>\n\n\n\n<p>La votaci\u00f3n tuvo lugar el pasado 24 de enero en la C\u00e1mara Baja y el debate y posterior votaci\u00f3n est\u00e1 recogido en el Diario de Sesiones n\u00famero 239. Un documento que es p\u00fablico y que est\u00e1 al acceso de todos los ciudadanos en la web del Congreso, por lo que cualquier melillense puede comprobar que nadie del PP, ni siquiera el diputado por Melilla, Fernando Guti\u00e9rrez D\u00edaz de Otazu, vot\u00f3 en contra de dicho Real Decreto.<\/p>\n\n\n\n<p>La excusa que Otazu ha dado para no votar en contra, seg\u00fan ha explicado \u00e9l mismo a trav\u00e9s de su cuenta personal de la red social X (antes llamada twitter), es que el PP \u201cse abstuvo para corregirlo en el plazo de enmiendas\u201d. Una excusa, ha se\u00f1alado Moh, que no solo es absurda sino que no explica por qu\u00e9 el Portavoz del Grupo Popular que intervino en ese debate, Mario Garc\u00e9s Sanagust\u00edn, o el propio Otazu no hicieron ninguna menci\u00f3n a Ceuta y Melilla ni a los perjuicios, que seg\u00fan el PP, genera la modificaci\u00f3n del sistema de bonificaci\u00f3n al tejido empresarial de ambas ciudades.<\/p>\n\n\n\n<p>\u201cEl PP, que nos tiene acostumbrados a oponerse sistem\u00e1ticamente a todo lo que propone el Gobierno de Pedro S\u00e1nchez, a votar no a cualquier medida que plantea el Ejecutivo Socialista sea cual sea, cuando lleg\u00f3 el debate de convalidaci\u00f3n del nuevo sistema de bonificaci\u00f3n a la cuotas a la Seguridad Social, no solo no hizo ninguna referencia a Melilla y Ceuta y sus empresas, sino que, adem\u00e1s, se abstuvo\u201d, ha apuntado.<\/p>\n\n\n\n<p>En palabras de Moh, la actitud que ahora tienen los populares, con su Presidente Imbroda a la cabeza, con respecto a la bonificaci\u00f3n no es sino \u201coportunismo y cinismo puro\u201d.<\/p>\n\n\n\n<p>\u201cA nadie se le escapa que los populares est\u00e1n haciendo demagogia pura con esta cuesti\u00f3n y, a su vez, est\u00e1n tratando de generar malestar e incendiar a las entidades que representan a los empresarios, con \u00e1nimo partidista\u201d, ha se\u00f1alado.<\/p>\n\n\n\n<p><strong>M\u00e1s dinero<\/strong><\/p>\n\n\n\n<p>Tal y como ha recordado Sabrina Moh, el nuevo sistema de bonificaci\u00f3n no va a perjudicar al sector empresarial de Melilla. Por un lado, porque gracias al&nbsp; Real Decreto-Ley 1\/2023, todos aquellos empresarios cuyos trabajadores con una base de cotizaci\u00f3n de menos de 1.800 euros al mes van a percibir m\u00e1s dinero del Estado del que est\u00e1n recibiendo ahora.<\/p>\n\n\n\n<p>Y, con respecto al resto de empresarios, no van a perder ni un solo euro, debido a que el Gobierno de Espa\u00f1a va a reembolsarles todo lo que exceda de 262 euros hasta llegar al 50%, a trav\u00e9s de una subvenci\u00f3n que establece el Real Decreto 660\/2023.<\/p>\n\n\n\n<p>\u201cTodos aquellos empresarios que paguen menos de 262 euros mensuales, van a empezar a percibir, a partir de este mes de septiembre, m\u00e1s dinero por parte del Estado de lo que ya ven\u00edan recibiendo hasta ahora, y el resto va a reembolsarse la diferencia hasta llegar a la cuant\u00eda que supone el 50%, a trav\u00e9s de la subvenci\u00f3n que va a abonar a las empresas el Servicio P\u00fablico de Empleo Estatal (SEPE)\u201d, ha explicado.<\/p>\n","protected":false},"excerpt":{"rendered":"<p>Recuerda que los populares se han opuesto a la subida de pensiones, del salario m\u00ednimo o la ayuda a los carburantes \u201cSi el nuevo sistema de bonificaci\u00f3n a las cuotas a la Seguridad Social es tan malo para los intereses de Melilla y tan perjudicial para las empresas locales como dice Imbroda, \u00bfpor qu\u00e9 ninguno &#8230;<\/p>\n","protected":false},"author":187,"featured_media":0,"comment_status":"open","ping_status":"open","sticky":false,"template":"","format":"standard","meta":{"_jetpack_memberships_contains_paid_content":false,"footnotes":""},"categories":[1],"tags":[],"class_list":["post-437","post","type-post","status-publish","format-standard","hentry","category-sin-categoria"],"yoast_head":"<!-- This site is optimized with the Yoast SEO plugin v24.0 - https:\/\/yoast.com\/wordpress\/plugins\/seo\/ -->\n<title>Moh: \u201cSi el sistema de bonificaci\u00f3n es tan perjudicial seg\u00fan Imbroda, \u00bfpor qu\u00e9 el PP no vot\u00f3 en contra?\u201d - Agrupaci\u00f3n Socialista de Melilla<\/title>\n<meta name=\"robots\" content=\"index, follow, max-snippet:-1, max-image-preview:large, max-video-preview:-1\" \/>\n<link rel=\"canonical\" href=\"https:\/\/agrupacionespsoe.es\/melilla\/moh-si-el-sistema-de-bonificacion-es-tan-perjudicial-segun-imbroda-por-que-el-pp-no-voto-en-contra\/\" \/>\n<meta property=\"og:locale\" content=\"es_ES\" \/>\n<meta property=\"og:type\" content=\"article\" \/>\n<meta property=\"og:title\" content=\"Moh: \u201cSi el sistema de bonificaci\u00f3n es tan perjudicial seg\u00fan Imbroda, \u00bfpor qu\u00e9 el PP no vot\u00f3 en contra?\u201d - Agrupaci\u00f3n Socialista de Melilla\" \/>\n<meta property=\"og:description\" content=\"Recuerda que los populares se han opuesto a la subida de pensiones, del salario m\u00ednimo o la ayuda a los carburantes \u201cSi el nuevo sistema de bonificaci\u00f3n a las cuotas a la Seguridad Social es tan malo para los intereses de Melilla y tan perjudicial para las empresas locales como dice Imbroda, \u00bfpor qu\u00e9 ninguno ...\" \/>\n<meta property=\"og:url\" content=\"https:\/\/agrupacionespsoe.es\/melilla\/moh-si-el-sistema-de-bonificacion-es-tan-perjudicial-segun-imbroda-por-que-el-pp-no-voto-en-contra\/\" \/>\n<meta property=\"og:site_name\" content=\"Agrupaci\u00f3n Socialista de Melilla\" \/>\n<meta property=\"article:published_time\" content=\"2023-08-24T12:42:31+00:00\" \/>\n<meta property=\"article:modified_time\" content=\"2023-08-24T12:42:32+00:00\" \/>\n<meta property=\"og:image\" content=\"https:\/\/agrupacionespsoe.es\/melilla\/wp-content\/uploads\/sites\/120\/2023\/08\/SMoh-1024x683.jpg\" \/>\n<meta name=\"author\" content=\"melilla2\" \/>\n<meta name=\"twitter:card\" content=\"summary_large_image\" \/>\n<meta name=\"twitter:label1\" content=\"Escrito por\" \/>\n\t<meta name=\"twitter:data1\" content=\"melilla2\" \/>\n\t<meta name=\"twitter:label2\" content=\"Tiempo de lectura\" \/>\n\t<meta name=\"twitter:data2\" content=\"4 minutos\" \/>\n<script type=\"application\/ld+json\" class=\"yoast-schema-graph\">{\"@context\":\"https:\/\/schema.org\",\"@graph\":[{\"@type\":\"Article\",\"@id\":\"https:\/\/agrupacionespsoe.es\/melilla\/moh-si-el-sistema-de-bonificacion-es-tan-perjudicial-segun-imbroda-por-que-el-pp-no-voto-en-contra\/#article\",\"isPartOf\":{\"@id\":\"https:\/\/agrupacionespsoe.es\/melilla\/moh-si-el-sistema-de-bonificacion-es-tan-perjudicial-segun-imbroda-por-que-el-pp-no-voto-en-contra\/\"},\"author\":{\"name\":\"melilla2\",\"@id\":\"https:\/\/agrupacionespsoe.es\/melilla\/#\/schema\/person\/72bb3075a827d0ed0623682b96c92bd6\"},\"headline\":\"Moh: \u201cSi el sistema de bonificaci\u00f3n es tan perjudicial seg\u00fan Imbroda, \u00bfpor qu\u00e9 el PP no vot\u00f3 en contra?\u201d\",\"datePublished\":\"2023-08-24T12:42:31+00:00\",\"dateModified\":\"2023-08-24T12:42:32+00:00\",\"mainEntityOfPage\":{\"@id\":\"https:\/\/agrupacionespsoe.es\/melilla\/moh-si-el-sistema-de-bonificacion-es-tan-perjudicial-segun-imbroda-por-que-el-pp-no-voto-en-contra\/\"},\"wordCount\":772,\"commentCount\":0,\"publisher\":{\"@id\":\"https:\/\/agrupacionespsoe.es\/melilla\/#organization\"},\"image\":{\"@id\":\"https:\/\/agrupacionespsoe.es\/melilla\/moh-si-el-sistema-de-bonificacion-es-tan-perjudicial-segun-imbroda-por-que-el-pp-no-voto-en-contra\/#primaryimage\"},\"thumbnailUrl\":\"https:\/\/agrupacionespsoe.es\/melilla\/wp-content\/uploads\/sites\/120\/2023\/08\/SMoh-1024x683.jpg\",\"inLanguage\":\"es\",\"potentialAction\":[{\"@type\":\"CommentAction\",\"name\":\"Comment\",\"target\":[\"https:\/\/agrupacionespsoe.es\/melilla\/moh-si-el-sistema-de-bonificacion-es-tan-perjudicial-segun-imbroda-por-que-el-pp-no-voto-en-contra\/#respond\"]}]},{\"@type\":\"WebPage\",\"@id\":\"https:\/\/agrupacionespsoe.es\/melilla\/moh-si-el-sistema-de-bonificacion-es-tan-perjudicial-segun-imbroda-por-que-el-pp-no-voto-en-contra\/\",\"url\":\"https:\/\/agrupacionespsoe.es\/melilla\/moh-si-el-sistema-de-bonificacion-es-tan-perjudicial-segun-imbroda-por-que-el-pp-no-voto-en-contra\/\",\"name\":\"Moh: \u201cSi el sistema de bonificaci\u00f3n es tan perjudicial seg\u00fan Imbroda, \u00bfpor qu\u00e9 el PP no vot\u00f3 en contra?\u201d - Agrupaci\u00f3n Socialista de Melilla\",\"isPartOf\":{\"@id\":\"https:\/\/agrupacionespsoe.es\/melilla\/#website\"},\"primaryImageOfPage\":{\"@id\":\"https:\/\/agrupacionespsoe.es\/melilla\/moh-si-el-sistema-de-bonificacion-es-tan-perjudicial-segun-imbroda-por-que-el-pp-no-voto-en-contra\/#primaryimage\"},\"image\":{\"@id\":\"https:\/\/agrupacionespsoe.es\/melilla\/moh-si-el-sistema-de-bonificacion-es-tan-perjudicial-segun-imbroda-por-que-el-pp-no-voto-en-contra\/#primaryimage\"},\"thumbnailUrl\":\"https:\/\/agrupacionespsoe.es\/melilla\/wp-content\/uploads\/sites\/120\/2023\/08\/SMoh-1024x683.jpg\",\"datePublished\":\"2023-08-24T12:42:31+00:00\",\"dateModified\":\"2023-08-24T12:42:32+00:00\",\"breadcrumb\":{\"@id\":\"https:\/\/agrupacionespsoe.es\/melilla\/moh-si-el-sistema-de-bonificacion-es-tan-perjudicial-segun-imbroda-por-que-el-pp-no-voto-en-contra\/#breadcrumb\"},\"inLanguage\":\"es\",\"potentialAction\":[{\"@type\":\"ReadAction\",\"target\":[\"https:\/\/agrupacionespsoe.es\/melilla\/moh-si-el-sistema-de-bonificacion-es-tan-perjudicial-segun-imbroda-por-que-el-pp-no-voto-en-contra\/\"]}]},{\"@type\":\"ImageObject\",\"inLanguage\":\"es\",\"@id\":\"https:\/\/agrupacionespsoe.es\/melilla\/moh-si-el-sistema-de-bonificacion-es-tan-perjudicial-segun-imbroda-por-que-el-pp-no-voto-en-contra\/#primaryimage\",\"url\":\"https:\/\/agrupacionespsoe.es\/melilla\/wp-content\/uploads\/sites\/120\/2023\/08\/SMoh-scaled.jpg\",\"contentUrl\":\"https:\/\/agrupacionespsoe.es\/melilla\/wp-content\/uploads\/sites\/120\/2023\/08\/SMoh-scaled.jpg\",\"width\":2560,\"height\":1707},{\"@type\":\"BreadcrumbList\",\"@id\":\"https:\/\/agrupacionespsoe.es\/melilla\/moh-si-el-sistema-de-bonificacion-es-tan-perjudicial-segun-imbroda-por-que-el-pp-no-voto-en-contra\/#breadcrumb\",\"itemListElement\":[{\"@type\":\"ListItem\",\"position\":1,\"name\":\"Portada\",\"item\":\"https:\/\/agrupacionespsoe.es\/melilla\/\"},{\"@type\":\"ListItem\",\"position\":2,\"name\":\"Moh: \u201cSi el sistema de bonificaci\u00f3n es tan perjudicial seg\u00fan Imbroda, \u00bfpor qu\u00e9 el PP no vot\u00f3 en contra?\u201d\"}]},{\"@type\":\"WebSite\",\"@id\":\"https:\/\/agrupacionespsoe.es\/melilla\/#website\",\"url\":\"https:\/\/agrupacionespsoe.es\/melilla\/\",\"name\":\"Agrupaci\u00f3n Socialista de Melilla\",\"description\":\"Agrupaci\u00f3n Socialista de Melilla\",\"publisher\":{\"@id\":\"https:\/\/agrupacionespsoe.es\/melilla\/#organization\"},\"potentialAction\":[{\"@type\":\"SearchAction\",\"target\":{\"@type\":\"EntryPoint\",\"urlTemplate\":\"https:\/\/agrupacionespsoe.es\/melilla\/?s={search_term_string}\"},\"query-input\":{\"@type\":\"PropertyValueSpecification\",\"valueRequired\":true,\"valueName\":\"search_term_string\"}}],\"inLanguage\":\"es\"},{\"@type\":\"Organization\",\"@id\":\"https:\/\/agrupacionespsoe.es\/melilla\/#organization\",\"name\":\"Agrupaci\u00f3n Socialista de Melilla\",\"url\":\"https:\/\/agrupacionespsoe.es\/melilla\/\",\"logo\":{\"@type\":\"ImageObject\",\"inLanguage\":\"es\",\"@id\":\"https:\/\/agrupacionespsoe.es\/melilla\/#\/schema\/logo\/image\/\",\"url\":\"https:\/\/agrupacionespsoe.es\/wp-content\/uploads\/2022\/07\/Logotipo_electoral_del_PSOE.png\",\"contentUrl\":\"https:\/\/agrupacionespsoe.es\/wp-content\/uploads\/2022\/07\/Logotipo_electoral_del_PSOE.png\",\"width\":422,\"height\":422,\"caption\":\"Agrupaci\u00f3n Socialista de Melilla\"},\"image\":{\"@id\":\"https:\/\/agrupacionespsoe.es\/melilla\/#\/schema\/logo\/image\/\"}},{\"@type\":\"Person\",\"@id\":\"https:\/\/agrupacionespsoe.es\/melilla\/#\/schema\/person\/72bb3075a827d0ed0623682b96c92bd6\",\"name\":\"melilla2\",\"image\":{\"@type\":\"ImageObject\",\"inLanguage\":\"es\",\"@id\":\"https:\/\/agrupacionespsoe.es\/melilla\/#\/schema\/person\/image\/\",\"url\":\"https:\/\/secure.gravatar.com\/avatar\/489a178e794e59f00db13a448aabca16?s=96&d=mm&r=g\",\"contentUrl\":\"https:\/\/secure.gravatar.com\/avatar\/489a178e794e59f00db13a448aabca16?s=96&d=mm&r=g\",\"caption\":\"melilla2\"},\"url\":\"https:\/\/agrupacionespsoe.es\/melilla\/author\/melilla2\/\"}]}<\/script>\n<!-- \/ Yoast SEO plugin. -->","yoast_head_json":{"title":"Moh: \u201cSi el sistema de bonificaci\u00f3n es tan perjudicial seg\u00fan Imbroda, \u00bfpor qu\u00e9 el PP no vot\u00f3 en contra?\u201d - Agrupaci\u00f3n Socialista de Melilla","robots":{"index":"index","follow":"follow","max-snippet":"max-snippet:-1","max-image-preview":"max-image-preview:large","max-video-preview":"max-video-preview:-1"},"canonical":"https:\/\/agrupacionespsoe.es\/melilla\/moh-si-el-sistema-de-bonificacion-es-tan-perjudicial-segun-imbroda-por-que-el-pp-no-voto-en-contra\/","og_locale":"es_ES","og_type":"article","og_title":"Moh: \u201cSi el sistema de bonificaci\u00f3n es tan perjudicial seg\u00fan Imbroda, \u00bfpor qu\u00e9 el PP no vot\u00f3 en contra?\u201d - Agrupaci\u00f3n Socialista de Melilla","og_description":"Recuerda que los populares se han opuesto a la subida de pensiones, del salario m\u00ednimo o la ayuda a los carburantes \u201cSi el nuevo sistema de bonificaci\u00f3n a las cuotas a la Seguridad Social es tan malo para los intereses de Melilla y tan perjudicial para las empresas locales como dice Imbroda, \u00bfpor qu\u00e9 ninguno ...","og_url":"https:\/\/agrupacionespsoe.es\/melilla\/moh-si-el-sistema-de-bonificacion-es-tan-perjudicial-segun-imbroda-por-que-el-pp-no-voto-en-contra\/","og_site_name":"Agrupaci\u00f3n Socialista de Melilla","article_published_time":"2023-08-24T12:42:31+00:00","article_modified_time":"2023-08-24T12:42:32+00:00","og_image":[{"url":"https:\/\/agrupacionespsoe.es\/melilla\/wp-content\/uploads\/sites\/120\/2023\/08\/SMoh-1024x683.jpg","type":"","width":"","height":""}],"author":"melilla2","twitter_card":"summary_large_image","twitter_misc":{"Escrito por":"melilla2","Tiempo de lectura":"4 minutos"},"schema":{"@context":"https:\/\/schema.org","@graph":[{"@type":"Article","@id":"https:\/\/agrupacionespsoe.es\/melilla\/moh-si-el-sistema-de-bonificacion-es-tan-perjudicial-segun-imbroda-por-que-el-pp-no-voto-en-contra\/#article","isPartOf":{"@id":"https:\/\/agrupacionespsoe.es\/melilla\/moh-si-el-sistema-de-bonificacion-es-tan-perjudicial-segun-imbroda-por-que-el-pp-no-voto-en-contra\/"},"author":{"name":"melilla2","@id":"https:\/\/agrupacionespsoe.es\/melilla\/#\/schema\/person\/72bb3075a827d0ed0623682b96c92bd6"},"headline":"Moh: \u201cSi el sistema de bonificaci\u00f3n es tan perjudicial seg\u00fan Imbroda, \u00bfpor qu\u00e9 el PP no vot\u00f3 en contra?\u201d","datePublished":"2023-08-24T12:42:31+00:00","dateModified":"2023-08-24T12:42:32+00:00","mainEntityOfPage":{"@id":"https:\/\/agrupacionespsoe.es\/melilla\/moh-si-el-sistema-de-bonificacion-es-tan-perjudicial-segun-imbroda-por-que-el-pp-no-voto-en-contra\/"},"wordCount":772,"commentCount":0,"publisher":{"@id":"https:\/\/agrupacionespsoe.es\/melilla\/#organization"},"image":{"@id":"https:\/\/agrupacionespsoe.es\/melilla\/moh-si-el-sistema-de-bonificacion-es-tan-perjudicial-segun-imbroda-por-que-el-pp-no-voto-en-contra\/#primaryimage"},"thumbnailUrl":"https:\/\/agrupacionespsoe.es\/melilla\/wp-content\/uploads\/sites\/120\/2023\/08\/SMoh-1024x683.jpg","inLanguage":"es","potentialAction":[{"@type":"CommentAction","name":"Comment","target":["https:\/\/agrupacionespsoe.es\/melilla\/moh-si-el-sistema-de-bonificacion-es-tan-perjudicial-segun-imbroda-por-que-el-pp-no-voto-en-contra\/#respond"]}]},{"@type":"WebPage","@id":"https:\/\/agrupacionespsoe.es\/melilla\/moh-si-el-sistema-de-bonificacion-es-tan-perjudicial-segun-imbroda-por-que-el-pp-no-voto-en-contra\/","url":"https:\/\/agrupacionespsoe.es\/melilla\/moh-si-el-sistema-de-bonificacion-es-tan-perjudicial-segun-imbroda-por-que-el-pp-no-voto-en-contra\/","name":"Moh: \u201cSi el sistema de bonificaci\u00f3n es tan perjudicial seg\u00fan Imbroda, \u00bfpor qu\u00e9 el PP no vot\u00f3 en contra?\u201d - Agrupaci\u00f3n Socialista de Melilla","isPartOf":{"@id":"https:\/\/agrupacionespsoe.es\/melilla\/#website"},"primaryImageOfPage":{"@id":"https:\/\/agrupacionespsoe.es\/melilla\/moh-si-el-sistema-de-bonificacion-es-tan-perjudicial-segun-imbroda-por-que-el-pp-no-voto-en-contra\/#primaryimage"},"image":{"@id":"https:\/\/agrupacionespsoe.es\/melilla\/moh-si-el-sistema-de-bonificacion-es-tan-perjudicial-segun-imbroda-por-que-el-pp-no-voto-en-contra\/#primaryimage"},"thumbnailUrl":"https:\/\/agrupacionespsoe.es\/melilla\/wp-content\/uploads\/sites\/120\/2023\/08\/SMoh-1024x683.jpg","datePublished":"2023-08-24T12:42:31+00:00","dateModified":"2023-08-24T12:42:32+00:00","breadcrumb":{"@id":"https:\/\/agrupacionespsoe.es\/melilla\/moh-si-el-sistema-de-bonificacion-es-tan-perjudicial-segun-imbroda-por-que-el-pp-no-voto-en-contra\/#breadcrumb"},"inLanguage":"es","potentialAction":[{"@type":"ReadAction","target":["https:\/\/agrupacionespsoe.es\/melilla\/moh-si-el-sistema-de-bonificacion-es-tan-perjudicial-segun-imbroda-por-que-el-pp-no-voto-en-contra\/"]}]},{"@type":"ImageObject","inLanguage":"es","@id":"https:\/\/agrupacionespsoe.es\/melilla\/moh-si-el-sistema-de-bonificacion-es-tan-perjudicial-segun-imbroda-por-que-el-pp-no-voto-en-contra\/#primaryimage","url":"https:\/\/agrupacionespsoe.es\/melilla\/wp-content\/uploads\/sites\/120\/2023\/08\/SMoh-scaled.jpg","contentUrl":"https:\/\/agrupacionespsoe.es\/melilla\/wp-content\/uploads\/sites\/120\/2023\/08\/SMoh-scaled.jpg","width":2560,"height":1707},{"@type":"BreadcrumbList","@id":"https:\/\/agrupacionespsoe.es\/melilla\/moh-si-el-sistema-de-bonificacion-es-tan-perjudicial-segun-imbroda-por-que-el-pp-no-voto-en-contra\/#breadcrumb","itemListElement":[{"@type":"ListItem","position":1,"name":"Portada","item":"https:\/\/agrupacionespsoe.es\/melilla\/"},{"@type":"ListItem","position":2,"name":"Moh: \u201cSi el sistema de bonificaci\u00f3n es tan perjudicial seg\u00fan Imbroda, \u00bfpor qu\u00e9 el PP no vot\u00f3 en contra?\u201d"}]},{"@type":"WebSite","@id":"https:\/\/agrupacionespsoe.es\/melilla\/#website","url":"https:\/\/agrupacionespsoe.es\/melilla\/","name":"Agrupaci\u00f3n Socialista de Melilla","description":"Agrupaci\u00f3n Socialista de Melilla","publisher":{"@id":"https:\/\/agrupacionespsoe.es\/melilla\/#organization"},"potentialAction":[{"@type":"SearchAction","target":{"@type":"EntryPoint","urlTemplate":"https:\/\/agrupacionespsoe.es\/melilla\/?s={search_term_string}"},"query-input":{"@type":"PropertyValueSpecification","valueRequired":true,"valueName":"search_term_string"}}],"inLanguage":"es"},{"@type":"Organization","@id":"https:\/\/agrupacionespsoe.es\/melilla\/#organization","name":"Agrupaci\u00f3n Socialista de Melilla","url":"https:\/\/agrupacionespsoe.es\/melilla\/","logo":{"@type":"ImageObject","inLanguage":"es","@id":"https:\/\/agrupacionespsoe.es\/melilla\/#\/schema\/logo\/image\/","url":"https:\/\/agrupacionespsoe.es\/wp-content\/uploads\/2022\/07\/Logotipo_electoral_del_PSOE.png","contentUrl":"https:\/\/agrupacionespsoe.es\/wp-content\/uploads\/2022\/07\/Logotipo_electoral_del_PSOE.png","width":422,"height":422,"caption":"Agrupaci\u00f3n Socialista de Melilla"},"image":{"@id":"https:\/\/agrupacionespsoe.es\/melilla\/#\/schema\/logo\/image\/"}},{"@type":"Person","@id":"https:\/\/agrupacionespsoe.es\/melilla\/#\/schema\/person\/72bb3075a827d0ed0623682b96c92bd6","name":"melilla2","image":{"@type":"ImageObject","inLanguage":"es","@id":"https:\/\/agrupacionespsoe.es\/melilla\/#\/schema\/person\/image\/","url":"https:\/\/secure.gravatar.com\/avatar\/489a178e794e59f00db13a448aabca16?s=96&d=mm&r=g","contentUrl":"https:\/\/secure.gravatar.com\/avatar\/489a178e794e59f00db13a448aabca16?s=96&d=mm&r=g","caption":"melilla2"},"url":"https:\/\/agrupacionespsoe.es\/melilla\/author\/melilla2\/"}]}},"jetpack_featured_media_url":"","jetpack_sharing_enabled":true,"_links":{"self":[{"href":"https:\/\/agrupacionespsoe.es\/melilla\/wp-json\/wp\/v2\/posts\/437","targetHints":{"allow":["GET"]}}],"collection":[{"href":"https:\/\/agrupacionespsoe.es\/melilla\/wp-json\/wp\/v2\/posts"}],"about":[{"href":"https:\/\/agrupacionespsoe.es\/melilla\/wp-json\/wp\/v2\/types\/post"}],"author":[{"embeddable":true,"href":"https:\/\/agrupacionespsoe.es\/melilla\/wp-json\/wp\/v2\/users\/187"}],"replies":[{"embeddable":true,"href":"https:\/\/agrupacionespsoe.es\/melilla\/wp-json\/wp\/v2\/comments?post=437"}],"version-history":[{"count":1,"href":"https:\/\/agrupacionespsoe.es\/melilla\/wp-json\/wp\/v2\/posts\/437\/revisions"}],"predecessor-version":[{"id":439,"href":"https:\/\/agrupacionespsoe.es\/melilla\/wp-json\/wp\/v2\/posts\/437\/revisions\/439"}],"wp:attachment":[{"href":"https:\/\/agrupacionespsoe.es\/melilla\/wp-json\/wp\/v2\/media?parent=437"}],"wp:term":[{"taxonomy":"category","embeddable":true,"href":"https:\/\/agrupacionespsoe.es\/melilla\/wp-json\/wp\/v2\/categories?post=437"},{"taxonomy":"post_tag","embeddable":true,"href":"https:\/\/agrupacionespsoe.es\/melilla\/wp-json\/wp\/v2\/tags?post=437"}],"curies":[{"name":"wp","href":"https:\/\/api.w.org\/{rel}","templated":true}]}}