{"id":430,"date":"2023-08-23T10:54:28","date_gmt":"2023-08-23T10:54:28","guid":{"rendered":"https:\/\/agrupacionespsoe.es\/melilla\/?p=430"},"modified":"2023-08-24T11:30:01","modified_gmt":"2023-08-24T11:30:01","slug":"rafael-robles-el-anexionismo-marroqui-ha-encontrado-en-imbroda-a-su-mejor-colaborador","status":"publish","type":"post","link":"https:\/\/agrupacionespsoe.es\/melilla\/rafael-robles-el-anexionismo-marroqui-ha-encontrado-en-imbroda-a-su-mejor-colaborador\/","title":{"rendered":"Rafael Robles: \u201cEl anexionismo marroqu\u00ed ha encontrado en Imbroda a su mejor colaborador\u201d"},"content":{"rendered":"\n<p><strong>\u201cNadie pone en duda la espa\u00f1olidad de Melilla salvo el PP, que permanentemente reabre ese debate\u201d, lamenta<\/strong><\/p>\n\n\n\n<figure class=\"wp-block-image size-large\"><img loading=\"lazy\" decoding=\"async\" width=\"1024\" height=\"683\" src=\"https:\/\/agrupacionespsoe.es\/melilla\/wp-content\/uploads\/sites\/120\/2023\/08\/RRobles_23-1024x683.jpg\" alt=\"\" class=\"wp-image-431\" srcset=\"https:\/\/agrupacionespsoe.es\/melilla\/wp-content\/uploads\/sites\/120\/2023\/08\/RRobles_23-1024x683.jpg 1024w, https:\/\/agrupacionespsoe.es\/melilla\/wp-content\/uploads\/sites\/120\/2023\/08\/RRobles_23-300x200.jpg 300w, https:\/\/agrupacionespsoe.es\/melilla\/wp-content\/uploads\/sites\/120\/2023\/08\/RRobles_23-768x512.jpg 768w, https:\/\/agrupacionespsoe.es\/melilla\/wp-content\/uploads\/sites\/120\/2023\/08\/RRobles_23-1536x1024.jpg 1536w, https:\/\/agrupacionespsoe.es\/melilla\/wp-content\/uploads\/sites\/120\/2023\/08\/RRobles_23-2048x1365.jpg 2048w\" sizes=\"auto, (max-width: 1024px) 100vw, 1024px\" \/><\/figure>\n\n\n\n<p>\u201cEl anexionismo marroqu\u00ed ha encontrado en Juan Jos\u00e9 Imbroda a su mejor colaborador\u201d. El Diputado del Grupo Parlamentario Socialista en la Asamblea de Melilla, Rafael Robles, ha lamentado que el l\u00edder del PP haga permanentemente de altavoz de las reivindicaciones que van en contra de los intereses de Melilla y de Espa\u00f1a.<\/p>\n\n\n\n<p>\u201cCeuta y Melilla son Espa\u00f1a y siempre lo van a ser. Son igual de espa\u00f1olas que Oviedo, Santander, Zamora o Valencia y eso est\u00e1 fuera de todo debate para el Gobierno y para la pr\u00e1ctica totalidad de los espa\u00f1oles\u201d, ha subrayado.<\/p>\n\n\n\n<p>De hecho ha dejado claro que \u201cnadie pone en duda la espa\u00f1olidad de ambas ciudades salvo el PP, que parece empe\u00f1ado en reabrir una y otra vez un debate sobre el futuro de Melilla y Ceuta\u201d.<\/p>\n\n\n\n<p>\u201cMelilla y Ceuta son y siempre ser\u00e1n parte indisoluble de la Naci\u00f3n espa\u00f1ola\u201d, ha subrayado, al tiempo que ha lamentado que los populares, con Imbroda a la cabeza, \u201cden alas y hagan el juego\u201d a las voces anexionistas marroqu\u00edes.<\/p>\n\n\n\n<p><strong>No cabe debate<\/strong><\/p>\n\n\n\n<p>El diputado socialista ha apuntado que \u201cCeuta y Melilla son y seguir\u00e1n siendo siempre espa\u00f1olas, no cabe debate en esto\u201d, y ha recordado que la posici\u00f3n del Gobierno de Espa\u00f1a es clara y contundente en este aspecto.<\/p>\n\n\n\n<p>Robles ha recordado que el propio Presidente del Gobierno, Pedro S\u00e1nchez; la Ministra de Defensa, Margarita Robles, as\u00ed como otras autoridades ya se han pronunciado en diversas ocasiones sobre esta materia disipando cualquier atisbo de duda al respecto.<\/p>\n\n\n\n<p>\u201cPretender poner en duda algo as\u00ed o intentar permanentemente reabrir un debate que est\u00e1 m\u00e1s que zanjado y superado por toda la sociedad, como pretende hacer el PP, solo perjudica a ambas ciudades y a nuestro pa\u00eds\u201d, ha concluido.<\/p>\n","protected":false},"excerpt":{"rendered":"<p>\u201cNadie pone en duda la espa\u00f1olidad de Melilla salvo el PP, que permanentemente reabre ese debate\u201d, lamenta \u201cEl anexionismo marroqu\u00ed ha encontrado en Juan Jos\u00e9 Imbroda a su mejor colaborador\u201d. El Diputado del Grupo Parlamentario Socialista en la Asamblea de Melilla, Rafael Robles, ha lamentado que el l\u00edder del PP haga permanentemente de altavoz de &#8230;<\/p>\n","protected":false},"author":187,"featured_media":0,"comment_status":"open","ping_status":"open","sticky":false,"template":"","format":"standard","meta":{"_jetpack_memberships_contains_paid_content":false,"footnotes":""},"categories":[1],"tags":[],"class_list":["post-430","post","type-post","status-publish","format-standard","hentry","category-sin-categoria"],"yoast_head":"<!-- This site is optimized with the Yoast SEO plugin v24.0 - https:\/\/yoast.com\/wordpress\/plugins\/seo\/ -->\n<title>Rafael Robles: \u201cEl anexionismo marroqu\u00ed ha encontrado en Imbroda a su mejor colaborador\u201d - Agrupaci\u00f3n Socialista de Melilla<\/title>\n<meta name=\"robots\" content=\"index, follow, max-snippet:-1, max-image-preview:large, max-video-preview:-1\" \/>\n<link rel=\"canonical\" href=\"https:\/\/agrupacionespsoe.es\/melilla\/rafael-robles-el-anexionismo-marroqui-ha-encontrado-en-imbroda-a-su-mejor-colaborador\/\" \/>\n<meta property=\"og:locale\" content=\"es_ES\" \/>\n<meta property=\"og:type\" content=\"article\" \/>\n<meta property=\"og:title\" content=\"Rafael Robles: \u201cEl anexionismo marroqu\u00ed ha encontrado en Imbroda a su mejor colaborador\u201d - Agrupaci\u00f3n Socialista de Melilla\" \/>\n<meta property=\"og:description\" content=\"\u201cNadie pone en duda la espa\u00f1olidad de Melilla salvo el PP, que permanentemente reabre ese debate\u201d, lamenta \u201cEl anexionismo marroqu\u00ed ha encontrado en Juan Jos\u00e9 Imbroda a su mejor colaborador\u201d. El Diputado del Grupo Parlamentario Socialista en la Asamblea de Melilla, Rafael Robles, ha lamentado que el l\u00edder del PP haga permanentemente de altavoz de ...\" \/>\n<meta property=\"og:url\" content=\"https:\/\/agrupacionespsoe.es\/melilla\/rafael-robles-el-anexionismo-marroqui-ha-encontrado-en-imbroda-a-su-mejor-colaborador\/\" \/>\n<meta property=\"og:site_name\" content=\"Agrupaci\u00f3n Socialista de Melilla\" \/>\n<meta property=\"article:published_time\" content=\"2023-08-23T10:54:28+00:00\" \/>\n<meta property=\"article:modified_time\" content=\"2023-08-24T11:30:01+00:00\" \/>\n<meta property=\"og:image\" content=\"https:\/\/agrupacionespsoe.es\/melilla\/wp-content\/uploads\/sites\/120\/2023\/08\/RRobles_23-1024x683.jpg\" \/>\n<meta name=\"author\" content=\"melilla2\" \/>\n<meta name=\"twitter:card\" content=\"summary_large_image\" \/>\n<meta name=\"twitter:label1\" content=\"Escrito por\" \/>\n\t<meta name=\"twitter:data1\" content=\"melilla2\" \/>\n\t<meta name=\"twitter:label2\" content=\"Tiempo de lectura\" \/>\n\t<meta name=\"twitter:data2\" content=\"2 minutos\" \/>\n<script type=\"application\/ld+json\" class=\"yoast-schema-graph\">{\"@context\":\"https:\/\/schema.org\",\"@graph\":[{\"@type\":\"Article\",\"@id\":\"https:\/\/agrupacionespsoe.es\/melilla\/rafael-robles-el-anexionismo-marroqui-ha-encontrado-en-imbroda-a-su-mejor-colaborador\/#article\",\"isPartOf\":{\"@id\":\"https:\/\/agrupacionespsoe.es\/melilla\/rafael-robles-el-anexionismo-marroqui-ha-encontrado-en-imbroda-a-su-mejor-colaborador\/\"},\"author\":{\"name\":\"melilla2\",\"@id\":\"https:\/\/agrupacionespsoe.es\/melilla\/#\/schema\/person\/72bb3075a827d0ed0623682b96c92bd6\"},\"headline\":\"Rafael Robles: \u201cEl anexionismo marroqu\u00ed ha encontrado en Imbroda a su mejor colaborador\u201d\",\"datePublished\":\"2023-08-23T10:54:28+00:00\",\"dateModified\":\"2023-08-24T11:30:01+00:00\",\"mainEntityOfPage\":{\"@id\":\"https:\/\/agrupacionespsoe.es\/melilla\/rafael-robles-el-anexionismo-marroqui-ha-encontrado-en-imbroda-a-su-mejor-colaborador\/\"},\"wordCount\":335,\"commentCount\":0,\"publisher\":{\"@id\":\"https:\/\/agrupacionespsoe.es\/melilla\/#organization\"},\"image\":{\"@id\":\"https:\/\/agrupacionespsoe.es\/melilla\/rafael-robles-el-anexionismo-marroqui-ha-encontrado-en-imbroda-a-su-mejor-colaborador\/#primaryimage\"},\"thumbnailUrl\":\"https:\/\/agrupacionespsoe.es\/melilla\/wp-content\/uploads\/sites\/120\/2023\/08\/RRobles_23-1024x683.jpg\",\"inLanguage\":\"es\",\"potentialAction\":[{\"@type\":\"CommentAction\",\"name\":\"Comment\",\"target\":[\"https:\/\/agrupacionespsoe.es\/melilla\/rafael-robles-el-anexionismo-marroqui-ha-encontrado-en-imbroda-a-su-mejor-colaborador\/#respond\"]}]},{\"@type\":\"WebPage\",\"@id\":\"https:\/\/agrupacionespsoe.es\/melilla\/rafael-robles-el-anexionismo-marroqui-ha-encontrado-en-imbroda-a-su-mejor-colaborador\/\",\"url\":\"https:\/\/agrupacionespsoe.es\/melilla\/rafael-robles-el-anexionismo-marroqui-ha-encontrado-en-imbroda-a-su-mejor-colaborador\/\",\"name\":\"Rafael Robles: \u201cEl anexionismo marroqu\u00ed ha encontrado en Imbroda a su mejor colaborador\u201d - Agrupaci\u00f3n Socialista de Melilla\",\"isPartOf\":{\"@id\":\"https:\/\/agrupacionespsoe.es\/melilla\/#website\"},\"primaryImageOfPage\":{\"@id\":\"https:\/\/agrupacionespsoe.es\/melilla\/rafael-robles-el-anexionismo-marroqui-ha-encontrado-en-imbroda-a-su-mejor-colaborador\/#primaryimage\"},\"image\":{\"@id\":\"https:\/\/agrupacionespsoe.es\/melilla\/rafael-robles-el-anexionismo-marroqui-ha-encontrado-en-imbroda-a-su-mejor-colaborador\/#primaryimage\"},\"thumbnailUrl\":\"https:\/\/agrupacionespsoe.es\/melilla\/wp-content\/uploads\/sites\/120\/2023\/08\/RRobles_23-1024x683.jpg\",\"datePublished\":\"2023-08-23T10:54:28+00:00\",\"dateModified\":\"2023-08-24T11:30:01+00:00\",\"breadcrumb\":{\"@id\":\"https:\/\/agrupacionespsoe.es\/melilla\/rafael-robles-el-anexionismo-marroqui-ha-encontrado-en-imbroda-a-su-mejor-colaborador\/#breadcrumb\"},\"inLanguage\":\"es\",\"potentialAction\":[{\"@type\":\"ReadAction\",\"target\":[\"https:\/\/agrupacionespsoe.es\/melilla\/rafael-robles-el-anexionismo-marroqui-ha-encontrado-en-imbroda-a-su-mejor-colaborador\/\"]}]},{\"@type\":\"ImageObject\",\"inLanguage\":\"es\",\"@id\":\"https:\/\/agrupacionespsoe.es\/melilla\/rafael-robles-el-anexionismo-marroqui-ha-encontrado-en-imbroda-a-su-mejor-colaborador\/#primaryimage\",\"url\":\"https:\/\/agrupacionespsoe.es\/melilla\/wp-content\/uploads\/sites\/120\/2023\/08\/RRobles_23-scaled.jpg\",\"contentUrl\":\"https:\/\/agrupacionespsoe.es\/melilla\/wp-content\/uploads\/sites\/120\/2023\/08\/RRobles_23-scaled.jpg\",\"width\":2560,\"height\":1707},{\"@type\":\"BreadcrumbList\",\"@id\":\"https:\/\/agrupacionespsoe.es\/melilla\/rafael-robles-el-anexionismo-marroqui-ha-encontrado-en-imbroda-a-su-mejor-colaborador\/#breadcrumb\",\"itemListElement\":[{\"@type\":\"ListItem\",\"position\":1,\"name\":\"Portada\",\"item\":\"https:\/\/agrupacionespsoe.es\/melilla\/\"},{\"@type\":\"ListItem\",\"position\":2,\"name\":\"Rafael Robles: \u201cEl anexionismo marroqu\u00ed ha encontrado en Imbroda a su mejor colaborador\u201d\"}]},{\"@type\":\"WebSite\",\"@id\":\"https:\/\/agrupacionespsoe.es\/melilla\/#website\",\"url\":\"https:\/\/agrupacionespsoe.es\/melilla\/\",\"name\":\"Agrupaci\u00f3n Socialista de Melilla\",\"description\":\"Agrupaci\u00f3n Socialista de Melilla\",\"publisher\":{\"@id\":\"https:\/\/agrupacionespsoe.es\/melilla\/#organization\"},\"potentialAction\":[{\"@type\":\"SearchAction\",\"target\":{\"@type\":\"EntryPoint\",\"urlTemplate\":\"https:\/\/agrupacionespsoe.es\/melilla\/?s={search_term_string}\"},\"query-input\":{\"@type\":\"PropertyValueSpecification\",\"valueRequired\":true,\"valueName\":\"search_term_string\"}}],\"inLanguage\":\"es\"},{\"@type\":\"Organization\",\"@id\":\"https:\/\/agrupacionespsoe.es\/melilla\/#organization\",\"name\":\"Agrupaci\u00f3n Socialista de Melilla\",\"url\":\"https:\/\/agrupacionespsoe.es\/melilla\/\",\"logo\":{\"@type\":\"ImageObject\",\"inLanguage\":\"es\",\"@id\":\"https:\/\/agrupacionespsoe.es\/melilla\/#\/schema\/logo\/image\/\",\"url\":\"https:\/\/agrupacionespsoe.es\/wp-content\/uploads\/2022\/07\/Logotipo_electoral_del_PSOE.png\",\"contentUrl\":\"https:\/\/agrupacionespsoe.es\/wp-content\/uploads\/2022\/07\/Logotipo_electoral_del_PSOE.png\",\"width\":422,\"height\":422,\"caption\":\"Agrupaci\u00f3n Socialista de Melilla\"},\"image\":{\"@id\":\"https:\/\/agrupacionespsoe.es\/melilla\/#\/schema\/logo\/image\/\"}},{\"@type\":\"Person\",\"@id\":\"https:\/\/agrupacionespsoe.es\/melilla\/#\/schema\/person\/72bb3075a827d0ed0623682b96c92bd6\",\"name\":\"melilla2\",\"image\":{\"@type\":\"ImageObject\",\"inLanguage\":\"es\",\"@id\":\"https:\/\/agrupacionespsoe.es\/melilla\/#\/schema\/person\/image\/\",\"url\":\"https:\/\/secure.gravatar.com\/avatar\/489a178e794e59f00db13a448aabca16?s=96&d=mm&r=g\",\"contentUrl\":\"https:\/\/secure.gravatar.com\/avatar\/489a178e794e59f00db13a448aabca16?s=96&d=mm&r=g\",\"caption\":\"melilla2\"},\"url\":\"https:\/\/agrupacionespsoe.es\/melilla\/author\/melilla2\/\"}]}<\/script>\n<!-- \/ Yoast SEO plugin. -->","yoast_head_json":{"title":"Rafael Robles: \u201cEl anexionismo marroqu\u00ed ha encontrado en Imbroda a su mejor colaborador\u201d - Agrupaci\u00f3n Socialista de Melilla","robots":{"index":"index","follow":"follow","max-snippet":"max-snippet:-1","max-image-preview":"max-image-preview:large","max-video-preview":"max-video-preview:-1"},"canonical":"https:\/\/agrupacionespsoe.es\/melilla\/rafael-robles-el-anexionismo-marroqui-ha-encontrado-en-imbroda-a-su-mejor-colaborador\/","og_locale":"es_ES","og_type":"article","og_title":"Rafael Robles: \u201cEl anexionismo marroqu\u00ed ha encontrado en Imbroda a su mejor colaborador\u201d - Agrupaci\u00f3n Socialista de Melilla","og_description":"\u201cNadie pone en duda la espa\u00f1olidad de Melilla salvo el PP, que permanentemente reabre ese debate\u201d, lamenta \u201cEl anexionismo marroqu\u00ed ha encontrado en Juan Jos\u00e9 Imbroda a su mejor colaborador\u201d. El Diputado del Grupo Parlamentario Socialista en la Asamblea de Melilla, Rafael Robles, ha lamentado que el l\u00edder del PP haga permanentemente de altavoz de ...","og_url":"https:\/\/agrupacionespsoe.es\/melilla\/rafael-robles-el-anexionismo-marroqui-ha-encontrado-en-imbroda-a-su-mejor-colaborador\/","og_site_name":"Agrupaci\u00f3n Socialista de Melilla","article_published_time":"2023-08-23T10:54:28+00:00","article_modified_time":"2023-08-24T11:30:01+00:00","og_image":[{"url":"https:\/\/agrupacionespsoe.es\/melilla\/wp-content\/uploads\/sites\/120\/2023\/08\/RRobles_23-1024x683.jpg","type":"","width":"","height":""}],"author":"melilla2","twitter_card":"summary_large_image","twitter_misc":{"Escrito por":"melilla2","Tiempo de lectura":"2 minutos"},"schema":{"@context":"https:\/\/schema.org","@graph":[{"@type":"Article","@id":"https:\/\/agrupacionespsoe.es\/melilla\/rafael-robles-el-anexionismo-marroqui-ha-encontrado-en-imbroda-a-su-mejor-colaborador\/#article","isPartOf":{"@id":"https:\/\/agrupacionespsoe.es\/melilla\/rafael-robles-el-anexionismo-marroqui-ha-encontrado-en-imbroda-a-su-mejor-colaborador\/"},"author":{"name":"melilla2","@id":"https:\/\/agrupacionespsoe.es\/melilla\/#\/schema\/person\/72bb3075a827d0ed0623682b96c92bd6"},"headline":"Rafael Robles: \u201cEl anexionismo marroqu\u00ed ha encontrado en Imbroda a su mejor colaborador\u201d","datePublished":"2023-08-23T10:54:28+00:00","dateModified":"2023-08-24T11:30:01+00:00","mainEntityOfPage":{"@id":"https:\/\/agrupacionespsoe.es\/melilla\/rafael-robles-el-anexionismo-marroqui-ha-encontrado-en-imbroda-a-su-mejor-colaborador\/"},"wordCount":335,"commentCount":0,"publisher":{"@id":"https:\/\/agrupacionespsoe.es\/melilla\/#organization"},"image":{"@id":"https:\/\/agrupacionespsoe.es\/melilla\/rafael-robles-el-anexionismo-marroqui-ha-encontrado-en-imbroda-a-su-mejor-colaborador\/#primaryimage"},"thumbnailUrl":"https:\/\/agrupacionespsoe.es\/melilla\/wp-content\/uploads\/sites\/120\/2023\/08\/RRobles_23-1024x683.jpg","inLanguage":"es","potentialAction":[{"@type":"CommentAction","name":"Comment","target":["https:\/\/agrupacionespsoe.es\/melilla\/rafael-robles-el-anexionismo-marroqui-ha-encontrado-en-imbroda-a-su-mejor-colaborador\/#respond"]}]},{"@type":"WebPage","@id":"https:\/\/agrupacionespsoe.es\/melilla\/rafael-robles-el-anexionismo-marroqui-ha-encontrado-en-imbroda-a-su-mejor-colaborador\/","url":"https:\/\/agrupacionespsoe.es\/melilla\/rafael-robles-el-anexionismo-marroqui-ha-encontrado-en-imbroda-a-su-mejor-colaborador\/","name":"Rafael Robles: \u201cEl anexionismo marroqu\u00ed ha encontrado en Imbroda a su mejor colaborador\u201d - Agrupaci\u00f3n Socialista de Melilla","isPartOf":{"@id":"https:\/\/agrupacionespsoe.es\/melilla\/#website"},"primaryImageOfPage":{"@id":"https:\/\/agrupacionespsoe.es\/melilla\/rafael-robles-el-anexionismo-marroqui-ha-encontrado-en-imbroda-a-su-mejor-colaborador\/#primaryimage"},"image":{"@id":"https:\/\/agrupacionespsoe.es\/melilla\/rafael-robles-el-anexionismo-marroqui-ha-encontrado-en-imbroda-a-su-mejor-colaborador\/#primaryimage"},"thumbnailUrl":"https:\/\/agrupacionespsoe.es\/melilla\/wp-content\/uploads\/sites\/120\/2023\/08\/RRobles_23-1024x683.jpg","datePublished":"2023-08-23T10:54:28+00:00","dateModified":"2023-08-24T11:30:01+00:00","breadcrumb":{"@id":"https:\/\/agrupacionespsoe.es\/melilla\/rafael-robles-el-anexionismo-marroqui-ha-encontrado-en-imbroda-a-su-mejor-colaborador\/#breadcrumb"},"inLanguage":"es","potentialAction":[{"@type":"ReadAction","target":["https:\/\/agrupacionespsoe.es\/melilla\/rafael-robles-el-anexionismo-marroqui-ha-encontrado-en-imbroda-a-su-mejor-colaborador\/"]}]},{"@type":"ImageObject","inLanguage":"es","@id":"https:\/\/agrupacionespsoe.es\/melilla\/rafael-robles-el-anexionismo-marroqui-ha-encontrado-en-imbroda-a-su-mejor-colaborador\/#primaryimage","url":"https:\/\/agrupacionespsoe.es\/melilla\/wp-content\/uploads\/sites\/120\/2023\/08\/RRobles_23-scaled.jpg","contentUrl":"https:\/\/agrupacionespsoe.es\/melilla\/wp-content\/uploads\/sites\/120\/2023\/08\/RRobles_23-scaled.jpg","width":2560,"height":1707},{"@type":"BreadcrumbList","@id":"https:\/\/agrupacionespsoe.es\/melilla\/rafael-robles-el-anexionismo-marroqui-ha-encontrado-en-imbroda-a-su-mejor-colaborador\/#breadcrumb","itemListElement":[{"@type":"ListItem","position":1,"name":"Portada","item":"https:\/\/agrupacionespsoe.es\/melilla\/"},{"@type":"ListItem","position":2,"name":"Rafael Robles: \u201cEl anexionismo marroqu\u00ed ha encontrado en Imbroda a su mejor colaborador\u201d"}]},{"@type":"WebSite","@id":"https:\/\/agrupacionespsoe.es\/melilla\/#website","url":"https:\/\/agrupacionespsoe.es\/melilla\/","name":"Agrupaci\u00f3n Socialista de Melilla","description":"Agrupaci\u00f3n Socialista de Melilla","publisher":{"@id":"https:\/\/agrupacionespsoe.es\/melilla\/#organization"},"potentialAction":[{"@type":"SearchAction","target":{"@type":"EntryPoint","urlTemplate":"https:\/\/agrupacionespsoe.es\/melilla\/?s={search_term_string}"},"query-input":{"@type":"PropertyValueSpecification","valueRequired":true,"valueName":"search_term_string"}}],"inLanguage":"es"},{"@type":"Organization","@id":"https:\/\/agrupacionespsoe.es\/melilla\/#organization","name":"Agrupaci\u00f3n Socialista de Melilla","url":"https:\/\/agrupacionespsoe.es\/melilla\/","logo":{"@type":"ImageObject","inLanguage":"es","@id":"https:\/\/agrupacionespsoe.es\/melilla\/#\/schema\/logo\/image\/","url":"https:\/\/agrupacionespsoe.es\/wp-content\/uploads\/2022\/07\/Logotipo_electoral_del_PSOE.png","contentUrl":"https:\/\/agrupacionespsoe.es\/wp-content\/uploads\/2022\/07\/Logotipo_electoral_del_PSOE.png","width":422,"height":422,"caption":"Agrupaci\u00f3n Socialista de Melilla"},"image":{"@id":"https:\/\/agrupacionespsoe.es\/melilla\/#\/schema\/logo\/image\/"}},{"@type":"Person","@id":"https:\/\/agrupacionespsoe.es\/melilla\/#\/schema\/person\/72bb3075a827d0ed0623682b96c92bd6","name":"melilla2","image":{"@type":"ImageObject","inLanguage":"es","@id":"https:\/\/agrupacionespsoe.es\/melilla\/#\/schema\/person\/image\/","url":"https:\/\/secure.gravatar.com\/avatar\/489a178e794e59f00db13a448aabca16?s=96&d=mm&r=g","contentUrl":"https:\/\/secure.gravatar.com\/avatar\/489a178e794e59f00db13a448aabca16?s=96&d=mm&r=g","caption":"melilla2"},"url":"https:\/\/agrupacionespsoe.es\/melilla\/author\/melilla2\/"}]}},"jetpack_featured_media_url":"","jetpack_sharing_enabled":true,"_links":{"self":[{"href":"https:\/\/agrupacionespsoe.es\/melilla\/wp-json\/wp\/v2\/posts\/430","targetHints":{"allow":["GET"]}}],"collection":[{"href":"https:\/\/agrupacionespsoe.es\/melilla\/wp-json\/wp\/v2\/posts"}],"about":[{"href":"https:\/\/agrupacionespsoe.es\/melilla\/wp-json\/wp\/v2\/types\/post"}],"author":[{"embeddable":true,"href":"https:\/\/agrupacionespsoe.es\/melilla\/wp-json\/wp\/v2\/users\/187"}],"replies":[{"embeddable":true,"href":"https:\/\/agrupacionespsoe.es\/melilla\/wp-json\/wp\/v2\/comments?post=430"}],"version-history":[{"count":1,"href":"https:\/\/agrupacionespsoe.es\/melilla\/wp-json\/wp\/v2\/posts\/430\/revisions"}],"predecessor-version":[{"id":432,"href":"https:\/\/agrupacionespsoe.es\/melilla\/wp-json\/wp\/v2\/posts\/430\/revisions\/432"}],"wp:attachment":[{"href":"https:\/\/agrupacionespsoe.es\/melilla\/wp-json\/wp\/v2\/media?parent=430"}],"wp:term":[{"taxonomy":"category","embeddable":true,"href":"https:\/\/agrupacionespsoe.es\/melilla\/wp-json\/wp\/v2\/categories?post=430"},{"taxonomy":"post_tag","embeddable":true,"href":"https:\/\/agrupacionespsoe.es\/melilla\/wp-json\/wp\/v2\/tags?post=430"}],"curies":[{"name":"wp","href":"https:\/\/api.w.org\/{rel}","templated":true}]}}