{"id":425,"date":"2023-08-23T10:44:14","date_gmt":"2023-08-23T10:44:14","guid":{"rendered":"https:\/\/agrupacionespsoe.es\/melilla\/?p=425"},"modified":"2023-08-24T11:30:40","modified_gmt":"2023-08-24T11:30:40","slug":"rojas-a-feijoo-no-le-dan-los-numeros-y-esta-en-una-huida-hacia-adelante","status":"publish","type":"post","link":"https:\/\/agrupacionespsoe.es\/melilla\/rojas-a-feijoo-no-le-dan-los-numeros-y-esta-en-una-huida-hacia-adelante\/","title":{"rendered":"Rojas: \u201cA Feij\u00f3o no le dan los n\u00fameros y est\u00e1 en una huida hacia adelante\u201d"},"content":{"rendered":"\n<p><strong>\u201cEl \u00fanico prop\u00f3sito de los populares es forzar una repetici\u00f3n electoral y Espa\u00f1a no est\u00e1 para perder el tiempo\u201d, subraya<\/strong><br><br><\/p>\n\n\n\n<figure class=\"wp-block-image size-large\"><img loading=\"lazy\" decoding=\"async\" width=\"1024\" height=\"577\" src=\"https:\/\/agrupacionespsoe.es\/melilla\/wp-content\/uploads\/sites\/120\/2023\/08\/Gl-1-1024x577.jpg\" alt=\"\" class=\"wp-image-428\" srcset=\"https:\/\/agrupacionespsoe.es\/melilla\/wp-content\/uploads\/sites\/120\/2023\/08\/Gl-1-1024x577.jpg 1024w, https:\/\/agrupacionespsoe.es\/melilla\/wp-content\/uploads\/sites\/120\/2023\/08\/Gl-1-300x169.jpg 300w, https:\/\/agrupacionespsoe.es\/melilla\/wp-content\/uploads\/sites\/120\/2023\/08\/Gl-1-768x432.jpg 768w, https:\/\/agrupacionespsoe.es\/melilla\/wp-content\/uploads\/sites\/120\/2023\/08\/Gl-1-1536x865.jpg 1536w, https:\/\/agrupacionespsoe.es\/melilla\/wp-content\/uploads\/sites\/120\/2023\/08\/Gl-1.jpg 1600w\" sizes=\"auto, (max-width: 1024px) 100vw, 1024px\" \/><\/figure>\n\n\n\n<p><br><br>La Secretaria General del PSOE de Melilla, Gloria Rojas, ha calificado de investidura \u201cfake\u201d el intento del l\u00edder del PP, Alberto N\u00fa\u00f1ez Feij\u00f3o, de alcanzar la Presidencia del Gobierno de Espa\u00f1a.&nbsp; \u201cSabe que no le dan los n\u00fameros y est\u00e1 en una huida hacia adelante\u201d, ha se\u00f1alado.<\/p>\n\n\n\n<p>La m\u00e1xima responsable de los socialistas melillenses ha asegurado que \u00e9sta va a ser la tercera vez que los populares fracasen. \u201cPP y Vox fracasaron en su intento de conseguir una mayor\u00eda absoluta en las elecciones del 23J; PP y Vox fracasaron en el intento de hacer a Cuca Gamarra Presidenta de la Mesa del Congreso; y PP y Vox van a volver a fracasar cuando se celebre la investidura el 26 y 27 de septiembre\u201d, ha se\u00f1alado.<\/p>\n\n\n\n<p>En opini\u00f3n de Rojas el \u00fanico objetivo del PP es hacer perder el tiempo a los espa\u00f1oles. \u201cFeij\u00f3o no tiene los esca\u00f1os para ser Presidente del Gobierno y la verdad que se esconde tras su investidura \u2018fake\u2019 es que el \u00fanico prop\u00f3sito de los populares es forzar una repetici\u00f3n electoral. Algo que no desea la mayor\u00eda de espa\u00f1oles\u201d, ha se\u00f1alado. \u201cLa estrategia de los populares es clara, perder el tiempo y Espa\u00f1a no est\u00e1 para perder el tiempo\u201d, ha apostillado.<\/p>\n\n\n\n<p>En esta l\u00ednea, Rojas ha se\u00f1alado que, dado que la investidura de los populares est\u00e1 abocada al fracaso, \u201ces evidente que quien bloquea al pa\u00eds por un Inter\u00e9s personal y no general es Feij\u00f3o\u201d.<\/p>\n\n\n\n<p>\u201cFeij\u00f3o est\u00e1 m\u00e1s preocupado por su liderazgo dentro del PP, que est\u00e1 siendo cuestionado por su propio partido, que por el pa\u00eds, y est\u00e1 bloqueando a Espa\u00f1a, retrasando la formaci\u00f3n del \u00fanico gobierno posible\u201d, ha lamentado.<\/p>\n\n\n\n<p><strong>Abrazo a la extrema derecha<\/strong><\/p>\n\n\n\n<p>La Secretaria General del PSOE ha recordado que la situaci\u00f3n actual de soledad de los populares se debe a que el PP \u201cal contrario que la derecha europea, se ha abrazado y ha asumido los postulados de VOX\u201d.<\/p>\n\n\n\n<p>\u201cFeij\u00f3o dice que ha ganado las elecciones y que su candidatura representa a 11 millones de espa\u00f1oles, pero lo cierto es que m\u00e1s de 12 millones de espa\u00f1oles dijeron \u2018no\u2019 a la propuesta de retroceso de PP y Vox\u201d, ha apuntado.<\/p>\n\n\n\n<p>\u201cLa inmensa mayor\u00eda de los ciudadanos dijimos \u2018no\u2019 a PP y Vox porque somos muchos m\u00e1s los que queremos que Espa\u00f1a siga avanzando en derechos y libertades, que la econom\u00eda siga creciendo, que nuestro pa\u00eds siga moderniz\u00e1ndose y que el Estado del Bienestar siga reforz\u00e1ndose\u201d, ha argumentado.<\/p>\n\n\n\n<p>Frente a la investidura fallida del PP, Rojas ha avanzado que los socialistas trabajan por aunar una mayor\u00eda parlamentaria que d\u00e9 respuesta al mandato de las urnas. \u201cFrente a una investidura fake de Feij\u00f3o y el PP, haremos una investidura para gobernar\u201d, ha concluido.<\/p>\n","protected":false},"excerpt":{"rendered":"<p>\u201cEl \u00fanico prop\u00f3sito de los populares es forzar una repetici\u00f3n electoral y Espa\u00f1a no est\u00e1 para perder el tiempo\u201d, subraya La Secretaria General del PSOE de Melilla, Gloria Rojas, ha calificado de investidura \u201cfake\u201d el intento del l\u00edder del PP, Alberto N\u00fa\u00f1ez Feij\u00f3o, de alcanzar la Presidencia del Gobierno de Espa\u00f1a.&nbsp; \u201cSabe que no le &#8230;<\/p>\n","protected":false},"author":187,"featured_media":0,"comment_status":"open","ping_status":"open","sticky":false,"template":"","format":"standard","meta":{"_jetpack_memberships_contains_paid_content":false,"footnotes":""},"categories":[1],"tags":[],"class_list":["post-425","post","type-post","status-publish","format-standard","hentry","category-sin-categoria"],"yoast_head":"<!-- This site is optimized with the Yoast SEO plugin v24.0 - https:\/\/yoast.com\/wordpress\/plugins\/seo\/ -->\n<title>Rojas: \u201cA Feij\u00f3o no le dan los n\u00fameros y est\u00e1 en una huida hacia adelante\u201d - Agrupaci\u00f3n Socialista de Melilla<\/title>\n<meta name=\"robots\" content=\"index, follow, max-snippet:-1, max-image-preview:large, max-video-preview:-1\" \/>\n<link rel=\"canonical\" href=\"https:\/\/agrupacionespsoe.es\/melilla\/rojas-a-feijoo-no-le-dan-los-numeros-y-esta-en-una-huida-hacia-adelante\/\" \/>\n<meta property=\"og:locale\" content=\"es_ES\" \/>\n<meta property=\"og:type\" content=\"article\" \/>\n<meta property=\"og:title\" content=\"Rojas: \u201cA Feij\u00f3o no le dan los n\u00fameros y est\u00e1 en una huida hacia adelante\u201d - Agrupaci\u00f3n Socialista de Melilla\" \/>\n<meta property=\"og:description\" content=\"\u201cEl \u00fanico prop\u00f3sito de los populares es forzar una repetici\u00f3n electoral y Espa\u00f1a no est\u00e1 para perder el tiempo\u201d, subraya La Secretaria General del PSOE de Melilla, Gloria Rojas, ha calificado de investidura \u201cfake\u201d el intento del l\u00edder del PP, Alberto N\u00fa\u00f1ez Feij\u00f3o, de alcanzar la Presidencia del Gobierno de Espa\u00f1a.&nbsp; \u201cSabe que no le ...\" \/>\n<meta property=\"og:url\" content=\"https:\/\/agrupacionespsoe.es\/melilla\/rojas-a-feijoo-no-le-dan-los-numeros-y-esta-en-una-huida-hacia-adelante\/\" \/>\n<meta property=\"og:site_name\" content=\"Agrupaci\u00f3n Socialista de Melilla\" \/>\n<meta property=\"article:published_time\" content=\"2023-08-23T10:44:14+00:00\" \/>\n<meta property=\"article:modified_time\" content=\"2023-08-24T11:30:40+00:00\" \/>\n<meta property=\"og:image\" content=\"https:\/\/agrupacionespsoe.es\/melilla\/wp-content\/uploads\/sites\/120\/2023\/08\/Gl-1-1024x577.jpg\" \/>\n<meta name=\"author\" content=\"melilla2\" \/>\n<meta name=\"twitter:card\" content=\"summary_large_image\" \/>\n<meta name=\"twitter:label1\" content=\"Escrito por\" \/>\n\t<meta name=\"twitter:data1\" content=\"melilla2\" \/>\n\t<meta name=\"twitter:label2\" content=\"Tiempo de lectura\" \/>\n\t<meta name=\"twitter:data2\" content=\"3 minutos\" \/>\n<script type=\"application\/ld+json\" class=\"yoast-schema-graph\">{\"@context\":\"https:\/\/schema.org\",\"@graph\":[{\"@type\":\"Article\",\"@id\":\"https:\/\/agrupacionespsoe.es\/melilla\/rojas-a-feijoo-no-le-dan-los-numeros-y-esta-en-una-huida-hacia-adelante\/#article\",\"isPartOf\":{\"@id\":\"https:\/\/agrupacionespsoe.es\/melilla\/rojas-a-feijoo-no-le-dan-los-numeros-y-esta-en-una-huida-hacia-adelante\/\"},\"author\":{\"name\":\"melilla2\",\"@id\":\"https:\/\/agrupacionespsoe.es\/melilla\/#\/schema\/person\/72bb3075a827d0ed0623682b96c92bd6\"},\"headline\":\"Rojas: \u201cA Feij\u00f3o no le dan los n\u00fameros y est\u00e1 en una huida hacia adelante\u201d\",\"datePublished\":\"2023-08-23T10:44:14+00:00\",\"dateModified\":\"2023-08-24T11:30:40+00:00\",\"mainEntityOfPage\":{\"@id\":\"https:\/\/agrupacionespsoe.es\/melilla\/rojas-a-feijoo-no-le-dan-los-numeros-y-esta-en-una-huida-hacia-adelante\/\"},\"wordCount\":530,\"commentCount\":0,\"publisher\":{\"@id\":\"https:\/\/agrupacionespsoe.es\/melilla\/#organization\"},\"image\":{\"@id\":\"https:\/\/agrupacionespsoe.es\/melilla\/rojas-a-feijoo-no-le-dan-los-numeros-y-esta-en-una-huida-hacia-adelante\/#primaryimage\"},\"thumbnailUrl\":\"https:\/\/agrupacionespsoe.es\/melilla\/wp-content\/uploads\/sites\/120\/2023\/08\/Gl-1-1024x577.jpg\",\"inLanguage\":\"es\",\"potentialAction\":[{\"@type\":\"CommentAction\",\"name\":\"Comment\",\"target\":[\"https:\/\/agrupacionespsoe.es\/melilla\/rojas-a-feijoo-no-le-dan-los-numeros-y-esta-en-una-huida-hacia-adelante\/#respond\"]}]},{\"@type\":\"WebPage\",\"@id\":\"https:\/\/agrupacionespsoe.es\/melilla\/rojas-a-feijoo-no-le-dan-los-numeros-y-esta-en-una-huida-hacia-adelante\/\",\"url\":\"https:\/\/agrupacionespsoe.es\/melilla\/rojas-a-feijoo-no-le-dan-los-numeros-y-esta-en-una-huida-hacia-adelante\/\",\"name\":\"Rojas: \u201cA Feij\u00f3o no le dan los n\u00fameros y est\u00e1 en una huida hacia adelante\u201d - Agrupaci\u00f3n Socialista de Melilla\",\"isPartOf\":{\"@id\":\"https:\/\/agrupacionespsoe.es\/melilla\/#website\"},\"primaryImageOfPage\":{\"@id\":\"https:\/\/agrupacionespsoe.es\/melilla\/rojas-a-feijoo-no-le-dan-los-numeros-y-esta-en-una-huida-hacia-adelante\/#primaryimage\"},\"image\":{\"@id\":\"https:\/\/agrupacionespsoe.es\/melilla\/rojas-a-feijoo-no-le-dan-los-numeros-y-esta-en-una-huida-hacia-adelante\/#primaryimage\"},\"thumbnailUrl\":\"https:\/\/agrupacionespsoe.es\/melilla\/wp-content\/uploads\/sites\/120\/2023\/08\/Gl-1-1024x577.jpg\",\"datePublished\":\"2023-08-23T10:44:14+00:00\",\"dateModified\":\"2023-08-24T11:30:40+00:00\",\"breadcrumb\":{\"@id\":\"https:\/\/agrupacionespsoe.es\/melilla\/rojas-a-feijoo-no-le-dan-los-numeros-y-esta-en-una-huida-hacia-adelante\/#breadcrumb\"},\"inLanguage\":\"es\",\"potentialAction\":[{\"@type\":\"ReadAction\",\"target\":[\"https:\/\/agrupacionespsoe.es\/melilla\/rojas-a-feijoo-no-le-dan-los-numeros-y-esta-en-una-huida-hacia-adelante\/\"]}]},{\"@type\":\"ImageObject\",\"inLanguage\":\"es\",\"@id\":\"https:\/\/agrupacionespsoe.es\/melilla\/rojas-a-feijoo-no-le-dan-los-numeros-y-esta-en-una-huida-hacia-adelante\/#primaryimage\",\"url\":\"https:\/\/agrupacionespsoe.es\/melilla\/wp-content\/uploads\/sites\/120\/2023\/08\/Gl-1.jpg\",\"contentUrl\":\"https:\/\/agrupacionespsoe.es\/melilla\/wp-content\/uploads\/sites\/120\/2023\/08\/Gl-1.jpg\",\"width\":1600,\"height\":901},{\"@type\":\"BreadcrumbList\",\"@id\":\"https:\/\/agrupacionespsoe.es\/melilla\/rojas-a-feijoo-no-le-dan-los-numeros-y-esta-en-una-huida-hacia-adelante\/#breadcrumb\",\"itemListElement\":[{\"@type\":\"ListItem\",\"position\":1,\"name\":\"Portada\",\"item\":\"https:\/\/agrupacionespsoe.es\/melilla\/\"},{\"@type\":\"ListItem\",\"position\":2,\"name\":\"Rojas: \u201cA Feij\u00f3o no le dan los n\u00fameros y est\u00e1 en una huida hacia adelante\u201d\"}]},{\"@type\":\"WebSite\",\"@id\":\"https:\/\/agrupacionespsoe.es\/melilla\/#website\",\"url\":\"https:\/\/agrupacionespsoe.es\/melilla\/\",\"name\":\"Agrupaci\u00f3n Socialista de Melilla\",\"description\":\"Agrupaci\u00f3n Socialista de Melilla\",\"publisher\":{\"@id\":\"https:\/\/agrupacionespsoe.es\/melilla\/#organization\"},\"potentialAction\":[{\"@type\":\"SearchAction\",\"target\":{\"@type\":\"EntryPoint\",\"urlTemplate\":\"https:\/\/agrupacionespsoe.es\/melilla\/?s={search_term_string}\"},\"query-input\":{\"@type\":\"PropertyValueSpecification\",\"valueRequired\":true,\"valueName\":\"search_term_string\"}}],\"inLanguage\":\"es\"},{\"@type\":\"Organization\",\"@id\":\"https:\/\/agrupacionespsoe.es\/melilla\/#organization\",\"name\":\"Agrupaci\u00f3n Socialista de Melilla\",\"url\":\"https:\/\/agrupacionespsoe.es\/melilla\/\",\"logo\":{\"@type\":\"ImageObject\",\"inLanguage\":\"es\",\"@id\":\"https:\/\/agrupacionespsoe.es\/melilla\/#\/schema\/logo\/image\/\",\"url\":\"https:\/\/agrupacionespsoe.es\/wp-content\/uploads\/2022\/07\/Logotipo_electoral_del_PSOE.png\",\"contentUrl\":\"https:\/\/agrupacionespsoe.es\/wp-content\/uploads\/2022\/07\/Logotipo_electoral_del_PSOE.png\",\"width\":422,\"height\":422,\"caption\":\"Agrupaci\u00f3n Socialista de Melilla\"},\"image\":{\"@id\":\"https:\/\/agrupacionespsoe.es\/melilla\/#\/schema\/logo\/image\/\"}},{\"@type\":\"Person\",\"@id\":\"https:\/\/agrupacionespsoe.es\/melilla\/#\/schema\/person\/72bb3075a827d0ed0623682b96c92bd6\",\"name\":\"melilla2\",\"image\":{\"@type\":\"ImageObject\",\"inLanguage\":\"es\",\"@id\":\"https:\/\/agrupacionespsoe.es\/melilla\/#\/schema\/person\/image\/\",\"url\":\"https:\/\/secure.gravatar.com\/avatar\/489a178e794e59f00db13a448aabca16?s=96&d=mm&r=g\",\"contentUrl\":\"https:\/\/secure.gravatar.com\/avatar\/489a178e794e59f00db13a448aabca16?s=96&d=mm&r=g\",\"caption\":\"melilla2\"},\"url\":\"https:\/\/agrupacionespsoe.es\/melilla\/author\/melilla2\/\"}]}<\/script>\n<!-- \/ Yoast SEO plugin. -->","yoast_head_json":{"title":"Rojas: \u201cA Feij\u00f3o no le dan los n\u00fameros y est\u00e1 en una huida hacia adelante\u201d - Agrupaci\u00f3n Socialista de Melilla","robots":{"index":"index","follow":"follow","max-snippet":"max-snippet:-1","max-image-preview":"max-image-preview:large","max-video-preview":"max-video-preview:-1"},"canonical":"https:\/\/agrupacionespsoe.es\/melilla\/rojas-a-feijoo-no-le-dan-los-numeros-y-esta-en-una-huida-hacia-adelante\/","og_locale":"es_ES","og_type":"article","og_title":"Rojas: \u201cA Feij\u00f3o no le dan los n\u00fameros y est\u00e1 en una huida hacia adelante\u201d - Agrupaci\u00f3n Socialista de Melilla","og_description":"\u201cEl \u00fanico prop\u00f3sito de los populares es forzar una repetici\u00f3n electoral y Espa\u00f1a no est\u00e1 para perder el tiempo\u201d, subraya La Secretaria General del PSOE de Melilla, Gloria Rojas, ha calificado de investidura \u201cfake\u201d el intento del l\u00edder del PP, Alberto N\u00fa\u00f1ez Feij\u00f3o, de alcanzar la Presidencia del Gobierno de Espa\u00f1a.&nbsp; \u201cSabe que no le ...","og_url":"https:\/\/agrupacionespsoe.es\/melilla\/rojas-a-feijoo-no-le-dan-los-numeros-y-esta-en-una-huida-hacia-adelante\/","og_site_name":"Agrupaci\u00f3n Socialista de Melilla","article_published_time":"2023-08-23T10:44:14+00:00","article_modified_time":"2023-08-24T11:30:40+00:00","og_image":[{"url":"https:\/\/agrupacionespsoe.es\/melilla\/wp-content\/uploads\/sites\/120\/2023\/08\/Gl-1-1024x577.jpg","type":"","width":"","height":""}],"author":"melilla2","twitter_card":"summary_large_image","twitter_misc":{"Escrito por":"melilla2","Tiempo de lectura":"3 minutos"},"schema":{"@context":"https:\/\/schema.org","@graph":[{"@type":"Article","@id":"https:\/\/agrupacionespsoe.es\/melilla\/rojas-a-feijoo-no-le-dan-los-numeros-y-esta-en-una-huida-hacia-adelante\/#article","isPartOf":{"@id":"https:\/\/agrupacionespsoe.es\/melilla\/rojas-a-feijoo-no-le-dan-los-numeros-y-esta-en-una-huida-hacia-adelante\/"},"author":{"name":"melilla2","@id":"https:\/\/agrupacionespsoe.es\/melilla\/#\/schema\/person\/72bb3075a827d0ed0623682b96c92bd6"},"headline":"Rojas: \u201cA Feij\u00f3o no le dan los n\u00fameros y est\u00e1 en una huida hacia adelante\u201d","datePublished":"2023-08-23T10:44:14+00:00","dateModified":"2023-08-24T11:30:40+00:00","mainEntityOfPage":{"@id":"https:\/\/agrupacionespsoe.es\/melilla\/rojas-a-feijoo-no-le-dan-los-numeros-y-esta-en-una-huida-hacia-adelante\/"},"wordCount":530,"commentCount":0,"publisher":{"@id":"https:\/\/agrupacionespsoe.es\/melilla\/#organization"},"image":{"@id":"https:\/\/agrupacionespsoe.es\/melilla\/rojas-a-feijoo-no-le-dan-los-numeros-y-esta-en-una-huida-hacia-adelante\/#primaryimage"},"thumbnailUrl":"https:\/\/agrupacionespsoe.es\/melilla\/wp-content\/uploads\/sites\/120\/2023\/08\/Gl-1-1024x577.jpg","inLanguage":"es","potentialAction":[{"@type":"CommentAction","name":"Comment","target":["https:\/\/agrupacionespsoe.es\/melilla\/rojas-a-feijoo-no-le-dan-los-numeros-y-esta-en-una-huida-hacia-adelante\/#respond"]}]},{"@type":"WebPage","@id":"https:\/\/agrupacionespsoe.es\/melilla\/rojas-a-feijoo-no-le-dan-los-numeros-y-esta-en-una-huida-hacia-adelante\/","url":"https:\/\/agrupacionespsoe.es\/melilla\/rojas-a-feijoo-no-le-dan-los-numeros-y-esta-en-una-huida-hacia-adelante\/","name":"Rojas: \u201cA Feij\u00f3o no le dan los n\u00fameros y est\u00e1 en una huida hacia adelante\u201d - Agrupaci\u00f3n Socialista de Melilla","isPartOf":{"@id":"https:\/\/agrupacionespsoe.es\/melilla\/#website"},"primaryImageOfPage":{"@id":"https:\/\/agrupacionespsoe.es\/melilla\/rojas-a-feijoo-no-le-dan-los-numeros-y-esta-en-una-huida-hacia-adelante\/#primaryimage"},"image":{"@id":"https:\/\/agrupacionespsoe.es\/melilla\/rojas-a-feijoo-no-le-dan-los-numeros-y-esta-en-una-huida-hacia-adelante\/#primaryimage"},"thumbnailUrl":"https:\/\/agrupacionespsoe.es\/melilla\/wp-content\/uploads\/sites\/120\/2023\/08\/Gl-1-1024x577.jpg","datePublished":"2023-08-23T10:44:14+00:00","dateModified":"2023-08-24T11:30:40+00:00","breadcrumb":{"@id":"https:\/\/agrupacionespsoe.es\/melilla\/rojas-a-feijoo-no-le-dan-los-numeros-y-esta-en-una-huida-hacia-adelante\/#breadcrumb"},"inLanguage":"es","potentialAction":[{"@type":"ReadAction","target":["https:\/\/agrupacionespsoe.es\/melilla\/rojas-a-feijoo-no-le-dan-los-numeros-y-esta-en-una-huida-hacia-adelante\/"]}]},{"@type":"ImageObject","inLanguage":"es","@id":"https:\/\/agrupacionespsoe.es\/melilla\/rojas-a-feijoo-no-le-dan-los-numeros-y-esta-en-una-huida-hacia-adelante\/#primaryimage","url":"https:\/\/agrupacionespsoe.es\/melilla\/wp-content\/uploads\/sites\/120\/2023\/08\/Gl-1.jpg","contentUrl":"https:\/\/agrupacionespsoe.es\/melilla\/wp-content\/uploads\/sites\/120\/2023\/08\/Gl-1.jpg","width":1600,"height":901},{"@type":"BreadcrumbList","@id":"https:\/\/agrupacionespsoe.es\/melilla\/rojas-a-feijoo-no-le-dan-los-numeros-y-esta-en-una-huida-hacia-adelante\/#breadcrumb","itemListElement":[{"@type":"ListItem","position":1,"name":"Portada","item":"https:\/\/agrupacionespsoe.es\/melilla\/"},{"@type":"ListItem","position":2,"name":"Rojas: \u201cA Feij\u00f3o no le dan los n\u00fameros y est\u00e1 en una huida hacia adelante\u201d"}]},{"@type":"WebSite","@id":"https:\/\/agrupacionespsoe.es\/melilla\/#website","url":"https:\/\/agrupacionespsoe.es\/melilla\/","name":"Agrupaci\u00f3n Socialista de Melilla","description":"Agrupaci\u00f3n Socialista de Melilla","publisher":{"@id":"https:\/\/agrupacionespsoe.es\/melilla\/#organization"},"potentialAction":[{"@type":"SearchAction","target":{"@type":"EntryPoint","urlTemplate":"https:\/\/agrupacionespsoe.es\/melilla\/?s={search_term_string}"},"query-input":{"@type":"PropertyValueSpecification","valueRequired":true,"valueName":"search_term_string"}}],"inLanguage":"es"},{"@type":"Organization","@id":"https:\/\/agrupacionespsoe.es\/melilla\/#organization","name":"Agrupaci\u00f3n Socialista de Melilla","url":"https:\/\/agrupacionespsoe.es\/melilla\/","logo":{"@type":"ImageObject","inLanguage":"es","@id":"https:\/\/agrupacionespsoe.es\/melilla\/#\/schema\/logo\/image\/","url":"https:\/\/agrupacionespsoe.es\/wp-content\/uploads\/2022\/07\/Logotipo_electoral_del_PSOE.png","contentUrl":"https:\/\/agrupacionespsoe.es\/wp-content\/uploads\/2022\/07\/Logotipo_electoral_del_PSOE.png","width":422,"height":422,"caption":"Agrupaci\u00f3n Socialista de Melilla"},"image":{"@id":"https:\/\/agrupacionespsoe.es\/melilla\/#\/schema\/logo\/image\/"}},{"@type":"Person","@id":"https:\/\/agrupacionespsoe.es\/melilla\/#\/schema\/person\/72bb3075a827d0ed0623682b96c92bd6","name":"melilla2","image":{"@type":"ImageObject","inLanguage":"es","@id":"https:\/\/agrupacionespsoe.es\/melilla\/#\/schema\/person\/image\/","url":"https:\/\/secure.gravatar.com\/avatar\/489a178e794e59f00db13a448aabca16?s=96&d=mm&r=g","contentUrl":"https:\/\/secure.gravatar.com\/avatar\/489a178e794e59f00db13a448aabca16?s=96&d=mm&r=g","caption":"melilla2"},"url":"https:\/\/agrupacionespsoe.es\/melilla\/author\/melilla2\/"}]}},"jetpack_featured_media_url":"","jetpack_sharing_enabled":true,"_links":{"self":[{"href":"https:\/\/agrupacionespsoe.es\/melilla\/wp-json\/wp\/v2\/posts\/425","targetHints":{"allow":["GET"]}}],"collection":[{"href":"https:\/\/agrupacionespsoe.es\/melilla\/wp-json\/wp\/v2\/posts"}],"about":[{"href":"https:\/\/agrupacionespsoe.es\/melilla\/wp-json\/wp\/v2\/types\/post"}],"author":[{"embeddable":true,"href":"https:\/\/agrupacionespsoe.es\/melilla\/wp-json\/wp\/v2\/users\/187"}],"replies":[{"embeddable":true,"href":"https:\/\/agrupacionespsoe.es\/melilla\/wp-json\/wp\/v2\/comments?post=425"}],"version-history":[{"count":3,"href":"https:\/\/agrupacionespsoe.es\/melilla\/wp-json\/wp\/v2\/posts\/425\/revisions"}],"predecessor-version":[{"id":436,"href":"https:\/\/agrupacionespsoe.es\/melilla\/wp-json\/wp\/v2\/posts\/425\/revisions\/436"}],"wp:attachment":[{"href":"https:\/\/agrupacionespsoe.es\/melilla\/wp-json\/wp\/v2\/media?parent=425"}],"wp:term":[{"taxonomy":"category","embeddable":true,"href":"https:\/\/agrupacionespsoe.es\/melilla\/wp-json\/wp\/v2\/categories?post=425"},{"taxonomy":"post_tag","embeddable":true,"href":"https:\/\/agrupacionespsoe.es\/melilla\/wp-json\/wp\/v2\/tags?post=425"}],"curies":[{"name":"wp","href":"https:\/\/api.w.org\/{rel}","templated":true}]}}