{"id":421,"date":"2023-08-21T11:46:25","date_gmt":"2023-08-21T11:46:25","guid":{"rendered":"https:\/\/agrupacionespsoe.es\/melilla\/?p=421"},"modified":"2023-08-24T11:30:28","modified_gmt":"2023-08-24T11:30:28","slug":"rojas-melilla-y-ceuta-son-y-siempre-seran-parte-indisoluble-de-la-nacion-espanola","status":"publish","type":"post","link":"https:\/\/agrupacionespsoe.es\/melilla\/rojas-melilla-y-ceuta-son-y-siempre-seran-parte-indisoluble-de-la-nacion-espanola\/","title":{"rendered":"Rojas: \u201cMelilla y Ceuta son y siempre ser\u00e1n parte indisoluble de la Naci\u00f3n espa\u00f1ola\u201d"},"content":{"rendered":"\n<p><strong>La l\u00edder socialista rechaza totalmente la inclusi\u00f3n de las ciudades espa\u00f1olas en un mapa como territorio de Marruecos<\/strong><br><br><\/p>\n\n\n\n<figure class=\"wp-block-image size-large\"><img loading=\"lazy\" decoding=\"async\" width=\"1024\" height=\"682\" src=\"https:\/\/agrupacionespsoe.es\/melilla\/wp-content\/uploads\/sites\/120\/2023\/08\/GRojas_-1024x682.jpg\" alt=\"\" class=\"wp-image-423\" srcset=\"https:\/\/agrupacionespsoe.es\/melilla\/wp-content\/uploads\/sites\/120\/2023\/08\/GRojas_-1024x682.jpg 1024w, https:\/\/agrupacionespsoe.es\/melilla\/wp-content\/uploads\/sites\/120\/2023\/08\/GRojas_-300x200.jpg 300w, https:\/\/agrupacionespsoe.es\/melilla\/wp-content\/uploads\/sites\/120\/2023\/08\/GRojas_-768x512.jpg 768w, https:\/\/agrupacionespsoe.es\/melilla\/wp-content\/uploads\/sites\/120\/2023\/08\/GRojas_-1536x1023.jpg 1536w, https:\/\/agrupacionespsoe.es\/melilla\/wp-content\/uploads\/sites\/120\/2023\/08\/GRojas_.jpg 1600w\" sizes=\"auto, (max-width: 1024px) 100vw, 1024px\" \/><\/figure>\n\n\n\n<p>La Secretaria General del PSOE de Melilla y Portavoz del Grupo Socialista en la Asamblea de Melilla, Gloria Rojas, ha subrayado que \u201cMelilla y Ceuta son y siempre ser\u00e1n parte indisoluble de la naci\u00f3n espa\u00f1ola\u201d.<\/p>\n\n\n\n<p>La l\u00edder socialista ha dejado claro que \u201ces intolerable que nadie, ni dentro ni fuera de nuestras fronteras, pongan en duda nuestra espa\u00f1olidad y no lo vamos a tolerar\u201d.<\/p>\n\n\n\n<p>Por ello, ha rechazado totalmente la inclusi\u00f3n de las ciudades espa\u00f1olas en un mapa de Marruecos como si fuesen parte del territorio de ese pa\u00eds.<\/p>\n\n\n\n<p><strong>\u201cEspa\u00f1olas y punto\u201d<\/strong><\/p>\n\n\n\n<p>Tal y como ha recodado la n\u00famero uno de los socialistas locales, el Presidente del Gobierno, Pedro S\u00e1nchez, \u201clo deja muy claro cada vez que afirma que Melilla y Ceuta son Espa\u00f1a y punto\u201d. \u201cLo son y siempre lo ser\u00e1n al igual que Gij\u00f3n, Toledo o M\u00e1laga\u201d, ha recalcado.<\/p>\n\n\n\n<p>Eso s\u00ed, ha dejado claro que los socialistas \u201clo demostramos con palabras y con hechos\u201d. Y es que ha recordado que los \u00fanicos Presidentes del Gobierno que han visitado las ciudades aut\u00f3nomas en viaje oficial han sido los del PSOE.<\/p>\n\n\n\n<p>Pero, adem\u00e1s, ha aseverado que \u201cha sido y es, con Gobiernos Socialistas, cuando m\u00e1s se ha invertido en ambas ciudades y cuando se han puesto en marcha m\u00e1s pol\u00edticas y medidas para garantizar la calidad de vida de la ciudadan\u00eda y el presente y el futuro de nuestras ciudades\u201d.<\/p>\n","protected":false},"excerpt":{"rendered":"<p>La l\u00edder socialista rechaza totalmente la inclusi\u00f3n de las ciudades espa\u00f1olas en un mapa como territorio de Marruecos La Secretaria General del PSOE de Melilla y Portavoz del Grupo Socialista en la Asamblea de Melilla, Gloria Rojas, ha subrayado que \u201cMelilla y Ceuta son y siempre ser\u00e1n parte indisoluble de la naci\u00f3n espa\u00f1ola\u201d. La l\u00edder &#8230;<\/p>\n","protected":false},"author":187,"featured_media":0,"comment_status":"open","ping_status":"open","sticky":false,"template":"","format":"standard","meta":{"_jetpack_memberships_contains_paid_content":false,"footnotes":""},"categories":[1],"tags":[],"class_list":["post-421","post","type-post","status-publish","format-standard","hentry","category-sin-categoria"],"yoast_head":"<!-- This site is optimized with the Yoast SEO plugin v24.0 - https:\/\/yoast.com\/wordpress\/plugins\/seo\/ -->\n<title>Rojas: \u201cMelilla y Ceuta son y siempre ser\u00e1n parte indisoluble de la Naci\u00f3n espa\u00f1ola\u201d - Agrupaci\u00f3n Socialista de Melilla<\/title>\n<meta name=\"robots\" content=\"index, follow, max-snippet:-1, max-image-preview:large, max-video-preview:-1\" \/>\n<link rel=\"canonical\" href=\"https:\/\/agrupacionespsoe.es\/melilla\/rojas-melilla-y-ceuta-son-y-siempre-seran-parte-indisoluble-de-la-nacion-espanola\/\" \/>\n<meta property=\"og:locale\" content=\"es_ES\" \/>\n<meta property=\"og:type\" content=\"article\" \/>\n<meta property=\"og:title\" content=\"Rojas: \u201cMelilla y Ceuta son y siempre ser\u00e1n parte indisoluble de la Naci\u00f3n espa\u00f1ola\u201d - Agrupaci\u00f3n Socialista de Melilla\" \/>\n<meta property=\"og:description\" content=\"La l\u00edder socialista rechaza totalmente la inclusi\u00f3n de las ciudades espa\u00f1olas en un mapa como territorio de Marruecos La Secretaria General del PSOE de Melilla y Portavoz del Grupo Socialista en la Asamblea de Melilla, Gloria Rojas, ha subrayado que \u201cMelilla y Ceuta son y siempre ser\u00e1n parte indisoluble de la naci\u00f3n espa\u00f1ola\u201d. La l\u00edder ...\" \/>\n<meta property=\"og:url\" content=\"https:\/\/agrupacionespsoe.es\/melilla\/rojas-melilla-y-ceuta-son-y-siempre-seran-parte-indisoluble-de-la-nacion-espanola\/\" \/>\n<meta property=\"og:site_name\" content=\"Agrupaci\u00f3n Socialista de Melilla\" \/>\n<meta property=\"article:published_time\" content=\"2023-08-21T11:46:25+00:00\" \/>\n<meta property=\"article:modified_time\" content=\"2023-08-24T11:30:28+00:00\" \/>\n<meta property=\"og:image\" content=\"https:\/\/agrupacionespsoe.es\/melilla\/wp-content\/uploads\/sites\/120\/2023\/08\/GRojas_-1024x682.jpg\" \/>\n<meta name=\"author\" content=\"melilla2\" \/>\n<meta name=\"twitter:card\" content=\"summary_large_image\" \/>\n<meta name=\"twitter:label1\" content=\"Escrito por\" \/>\n\t<meta name=\"twitter:data1\" content=\"melilla2\" \/>\n\t<meta name=\"twitter:label2\" content=\"Tiempo de lectura\" \/>\n\t<meta name=\"twitter:data2\" content=\"2 minutos\" \/>\n<script type=\"application\/ld+json\" class=\"yoast-schema-graph\">{\"@context\":\"https:\/\/schema.org\",\"@graph\":[{\"@type\":\"Article\",\"@id\":\"https:\/\/agrupacionespsoe.es\/melilla\/rojas-melilla-y-ceuta-son-y-siempre-seran-parte-indisoluble-de-la-nacion-espanola\/#article\",\"isPartOf\":{\"@id\":\"https:\/\/agrupacionespsoe.es\/melilla\/rojas-melilla-y-ceuta-son-y-siempre-seran-parte-indisoluble-de-la-nacion-espanola\/\"},\"author\":{\"name\":\"melilla2\",\"@id\":\"https:\/\/agrupacionespsoe.es\/melilla\/#\/schema\/person\/72bb3075a827d0ed0623682b96c92bd6\"},\"headline\":\"Rojas: \u201cMelilla y Ceuta son y siempre ser\u00e1n parte indisoluble de la Naci\u00f3n espa\u00f1ola\u201d\",\"datePublished\":\"2023-08-21T11:46:25+00:00\",\"dateModified\":\"2023-08-24T11:30:28+00:00\",\"mainEntityOfPage\":{\"@id\":\"https:\/\/agrupacionespsoe.es\/melilla\/rojas-melilla-y-ceuta-son-y-siempre-seran-parte-indisoluble-de-la-nacion-espanola\/\"},\"wordCount\":289,\"commentCount\":0,\"publisher\":{\"@id\":\"https:\/\/agrupacionespsoe.es\/melilla\/#organization\"},\"image\":{\"@id\":\"https:\/\/agrupacionespsoe.es\/melilla\/rojas-melilla-y-ceuta-son-y-siempre-seran-parte-indisoluble-de-la-nacion-espanola\/#primaryimage\"},\"thumbnailUrl\":\"https:\/\/agrupacionespsoe.es\/melilla\/wp-content\/uploads\/sites\/120\/2023\/08\/GRojas_-1024x682.jpg\",\"inLanguage\":\"es\",\"potentialAction\":[{\"@type\":\"CommentAction\",\"name\":\"Comment\",\"target\":[\"https:\/\/agrupacionespsoe.es\/melilla\/rojas-melilla-y-ceuta-son-y-siempre-seran-parte-indisoluble-de-la-nacion-espanola\/#respond\"]}]},{\"@type\":\"WebPage\",\"@id\":\"https:\/\/agrupacionespsoe.es\/melilla\/rojas-melilla-y-ceuta-son-y-siempre-seran-parte-indisoluble-de-la-nacion-espanola\/\",\"url\":\"https:\/\/agrupacionespsoe.es\/melilla\/rojas-melilla-y-ceuta-son-y-siempre-seran-parte-indisoluble-de-la-nacion-espanola\/\",\"name\":\"Rojas: \u201cMelilla y Ceuta son y siempre ser\u00e1n parte indisoluble de la Naci\u00f3n espa\u00f1ola\u201d - Agrupaci\u00f3n Socialista de Melilla\",\"isPartOf\":{\"@id\":\"https:\/\/agrupacionespsoe.es\/melilla\/#website\"},\"primaryImageOfPage\":{\"@id\":\"https:\/\/agrupacionespsoe.es\/melilla\/rojas-melilla-y-ceuta-son-y-siempre-seran-parte-indisoluble-de-la-nacion-espanola\/#primaryimage\"},\"image\":{\"@id\":\"https:\/\/agrupacionespsoe.es\/melilla\/rojas-melilla-y-ceuta-son-y-siempre-seran-parte-indisoluble-de-la-nacion-espanola\/#primaryimage\"},\"thumbnailUrl\":\"https:\/\/agrupacionespsoe.es\/melilla\/wp-content\/uploads\/sites\/120\/2023\/08\/GRojas_-1024x682.jpg\",\"datePublished\":\"2023-08-21T11:46:25+00:00\",\"dateModified\":\"2023-08-24T11:30:28+00:00\",\"breadcrumb\":{\"@id\":\"https:\/\/agrupacionespsoe.es\/melilla\/rojas-melilla-y-ceuta-son-y-siempre-seran-parte-indisoluble-de-la-nacion-espanola\/#breadcrumb\"},\"inLanguage\":\"es\",\"potentialAction\":[{\"@type\":\"ReadAction\",\"target\":[\"https:\/\/agrupacionespsoe.es\/melilla\/rojas-melilla-y-ceuta-son-y-siempre-seran-parte-indisoluble-de-la-nacion-espanola\/\"]}]},{\"@type\":\"ImageObject\",\"inLanguage\":\"es\",\"@id\":\"https:\/\/agrupacionespsoe.es\/melilla\/rojas-melilla-y-ceuta-son-y-siempre-seran-parte-indisoluble-de-la-nacion-espanola\/#primaryimage\",\"url\":\"https:\/\/agrupacionespsoe.es\/melilla\/wp-content\/uploads\/sites\/120\/2023\/08\/GRojas_.jpg\",\"contentUrl\":\"https:\/\/agrupacionespsoe.es\/melilla\/wp-content\/uploads\/sites\/120\/2023\/08\/GRojas_.jpg\",\"width\":1600,\"height\":1066},{\"@type\":\"BreadcrumbList\",\"@id\":\"https:\/\/agrupacionespsoe.es\/melilla\/rojas-melilla-y-ceuta-son-y-siempre-seran-parte-indisoluble-de-la-nacion-espanola\/#breadcrumb\",\"itemListElement\":[{\"@type\":\"ListItem\",\"position\":1,\"name\":\"Portada\",\"item\":\"https:\/\/agrupacionespsoe.es\/melilla\/\"},{\"@type\":\"ListItem\",\"position\":2,\"name\":\"Rojas: \u201cMelilla y Ceuta son y siempre ser\u00e1n parte indisoluble de la Naci\u00f3n espa\u00f1ola\u201d\"}]},{\"@type\":\"WebSite\",\"@id\":\"https:\/\/agrupacionespsoe.es\/melilla\/#website\",\"url\":\"https:\/\/agrupacionespsoe.es\/melilla\/\",\"name\":\"Agrupaci\u00f3n Socialista de Melilla\",\"description\":\"Agrupaci\u00f3n Socialista de Melilla\",\"publisher\":{\"@id\":\"https:\/\/agrupacionespsoe.es\/melilla\/#organization\"},\"potentialAction\":[{\"@type\":\"SearchAction\",\"target\":{\"@type\":\"EntryPoint\",\"urlTemplate\":\"https:\/\/agrupacionespsoe.es\/melilla\/?s={search_term_string}\"},\"query-input\":{\"@type\":\"PropertyValueSpecification\",\"valueRequired\":true,\"valueName\":\"search_term_string\"}}],\"inLanguage\":\"es\"},{\"@type\":\"Organization\",\"@id\":\"https:\/\/agrupacionespsoe.es\/melilla\/#organization\",\"name\":\"Agrupaci\u00f3n Socialista de Melilla\",\"url\":\"https:\/\/agrupacionespsoe.es\/melilla\/\",\"logo\":{\"@type\":\"ImageObject\",\"inLanguage\":\"es\",\"@id\":\"https:\/\/agrupacionespsoe.es\/melilla\/#\/schema\/logo\/image\/\",\"url\":\"https:\/\/agrupacionespsoe.es\/wp-content\/uploads\/2022\/07\/Logotipo_electoral_del_PSOE.png\",\"contentUrl\":\"https:\/\/agrupacionespsoe.es\/wp-content\/uploads\/2022\/07\/Logotipo_electoral_del_PSOE.png\",\"width\":422,\"height\":422,\"caption\":\"Agrupaci\u00f3n Socialista de Melilla\"},\"image\":{\"@id\":\"https:\/\/agrupacionespsoe.es\/melilla\/#\/schema\/logo\/image\/\"}},{\"@type\":\"Person\",\"@id\":\"https:\/\/agrupacionespsoe.es\/melilla\/#\/schema\/person\/72bb3075a827d0ed0623682b96c92bd6\",\"name\":\"melilla2\",\"image\":{\"@type\":\"ImageObject\",\"inLanguage\":\"es\",\"@id\":\"https:\/\/agrupacionespsoe.es\/melilla\/#\/schema\/person\/image\/\",\"url\":\"https:\/\/secure.gravatar.com\/avatar\/489a178e794e59f00db13a448aabca16?s=96&d=mm&r=g\",\"contentUrl\":\"https:\/\/secure.gravatar.com\/avatar\/489a178e794e59f00db13a448aabca16?s=96&d=mm&r=g\",\"caption\":\"melilla2\"},\"url\":\"https:\/\/agrupacionespsoe.es\/melilla\/author\/melilla2\/\"}]}<\/script>\n<!-- \/ Yoast SEO plugin. -->","yoast_head_json":{"title":"Rojas: \u201cMelilla y Ceuta son y siempre ser\u00e1n parte indisoluble de la Naci\u00f3n espa\u00f1ola\u201d - Agrupaci\u00f3n Socialista de Melilla","robots":{"index":"index","follow":"follow","max-snippet":"max-snippet:-1","max-image-preview":"max-image-preview:large","max-video-preview":"max-video-preview:-1"},"canonical":"https:\/\/agrupacionespsoe.es\/melilla\/rojas-melilla-y-ceuta-son-y-siempre-seran-parte-indisoluble-de-la-nacion-espanola\/","og_locale":"es_ES","og_type":"article","og_title":"Rojas: \u201cMelilla y Ceuta son y siempre ser\u00e1n parte indisoluble de la Naci\u00f3n espa\u00f1ola\u201d - Agrupaci\u00f3n Socialista de Melilla","og_description":"La l\u00edder socialista rechaza totalmente la inclusi\u00f3n de las ciudades espa\u00f1olas en un mapa como territorio de Marruecos La Secretaria General del PSOE de Melilla y Portavoz del Grupo Socialista en la Asamblea de Melilla, Gloria Rojas, ha subrayado que \u201cMelilla y Ceuta son y siempre ser\u00e1n parte indisoluble de la naci\u00f3n espa\u00f1ola\u201d. La l\u00edder ...","og_url":"https:\/\/agrupacionespsoe.es\/melilla\/rojas-melilla-y-ceuta-son-y-siempre-seran-parte-indisoluble-de-la-nacion-espanola\/","og_site_name":"Agrupaci\u00f3n Socialista de Melilla","article_published_time":"2023-08-21T11:46:25+00:00","article_modified_time":"2023-08-24T11:30:28+00:00","og_image":[{"url":"https:\/\/agrupacionespsoe.es\/melilla\/wp-content\/uploads\/sites\/120\/2023\/08\/GRojas_-1024x682.jpg","type":"","width":"","height":""}],"author":"melilla2","twitter_card":"summary_large_image","twitter_misc":{"Escrito por":"melilla2","Tiempo de lectura":"2 minutos"},"schema":{"@context":"https:\/\/schema.org","@graph":[{"@type":"Article","@id":"https:\/\/agrupacionespsoe.es\/melilla\/rojas-melilla-y-ceuta-son-y-siempre-seran-parte-indisoluble-de-la-nacion-espanola\/#article","isPartOf":{"@id":"https:\/\/agrupacionespsoe.es\/melilla\/rojas-melilla-y-ceuta-son-y-siempre-seran-parte-indisoluble-de-la-nacion-espanola\/"},"author":{"name":"melilla2","@id":"https:\/\/agrupacionespsoe.es\/melilla\/#\/schema\/person\/72bb3075a827d0ed0623682b96c92bd6"},"headline":"Rojas: \u201cMelilla y Ceuta son y siempre ser\u00e1n parte indisoluble de la Naci\u00f3n espa\u00f1ola\u201d","datePublished":"2023-08-21T11:46:25+00:00","dateModified":"2023-08-24T11:30:28+00:00","mainEntityOfPage":{"@id":"https:\/\/agrupacionespsoe.es\/melilla\/rojas-melilla-y-ceuta-son-y-siempre-seran-parte-indisoluble-de-la-nacion-espanola\/"},"wordCount":289,"commentCount":0,"publisher":{"@id":"https:\/\/agrupacionespsoe.es\/melilla\/#organization"},"image":{"@id":"https:\/\/agrupacionespsoe.es\/melilla\/rojas-melilla-y-ceuta-son-y-siempre-seran-parte-indisoluble-de-la-nacion-espanola\/#primaryimage"},"thumbnailUrl":"https:\/\/agrupacionespsoe.es\/melilla\/wp-content\/uploads\/sites\/120\/2023\/08\/GRojas_-1024x682.jpg","inLanguage":"es","potentialAction":[{"@type":"CommentAction","name":"Comment","target":["https:\/\/agrupacionespsoe.es\/melilla\/rojas-melilla-y-ceuta-son-y-siempre-seran-parte-indisoluble-de-la-nacion-espanola\/#respond"]}]},{"@type":"WebPage","@id":"https:\/\/agrupacionespsoe.es\/melilla\/rojas-melilla-y-ceuta-son-y-siempre-seran-parte-indisoluble-de-la-nacion-espanola\/","url":"https:\/\/agrupacionespsoe.es\/melilla\/rojas-melilla-y-ceuta-son-y-siempre-seran-parte-indisoluble-de-la-nacion-espanola\/","name":"Rojas: \u201cMelilla y Ceuta son y siempre ser\u00e1n parte indisoluble de la Naci\u00f3n espa\u00f1ola\u201d - Agrupaci\u00f3n Socialista de Melilla","isPartOf":{"@id":"https:\/\/agrupacionespsoe.es\/melilla\/#website"},"primaryImageOfPage":{"@id":"https:\/\/agrupacionespsoe.es\/melilla\/rojas-melilla-y-ceuta-son-y-siempre-seran-parte-indisoluble-de-la-nacion-espanola\/#primaryimage"},"image":{"@id":"https:\/\/agrupacionespsoe.es\/melilla\/rojas-melilla-y-ceuta-son-y-siempre-seran-parte-indisoluble-de-la-nacion-espanola\/#primaryimage"},"thumbnailUrl":"https:\/\/agrupacionespsoe.es\/melilla\/wp-content\/uploads\/sites\/120\/2023\/08\/GRojas_-1024x682.jpg","datePublished":"2023-08-21T11:46:25+00:00","dateModified":"2023-08-24T11:30:28+00:00","breadcrumb":{"@id":"https:\/\/agrupacionespsoe.es\/melilla\/rojas-melilla-y-ceuta-son-y-siempre-seran-parte-indisoluble-de-la-nacion-espanola\/#breadcrumb"},"inLanguage":"es","potentialAction":[{"@type":"ReadAction","target":["https:\/\/agrupacionespsoe.es\/melilla\/rojas-melilla-y-ceuta-son-y-siempre-seran-parte-indisoluble-de-la-nacion-espanola\/"]}]},{"@type":"ImageObject","inLanguage":"es","@id":"https:\/\/agrupacionespsoe.es\/melilla\/rojas-melilla-y-ceuta-son-y-siempre-seran-parte-indisoluble-de-la-nacion-espanola\/#primaryimage","url":"https:\/\/agrupacionespsoe.es\/melilla\/wp-content\/uploads\/sites\/120\/2023\/08\/GRojas_.jpg","contentUrl":"https:\/\/agrupacionespsoe.es\/melilla\/wp-content\/uploads\/sites\/120\/2023\/08\/GRojas_.jpg","width":1600,"height":1066},{"@type":"BreadcrumbList","@id":"https:\/\/agrupacionespsoe.es\/melilla\/rojas-melilla-y-ceuta-son-y-siempre-seran-parte-indisoluble-de-la-nacion-espanola\/#breadcrumb","itemListElement":[{"@type":"ListItem","position":1,"name":"Portada","item":"https:\/\/agrupacionespsoe.es\/melilla\/"},{"@type":"ListItem","position":2,"name":"Rojas: \u201cMelilla y Ceuta son y siempre ser\u00e1n parte indisoluble de la Naci\u00f3n espa\u00f1ola\u201d"}]},{"@type":"WebSite","@id":"https:\/\/agrupacionespsoe.es\/melilla\/#website","url":"https:\/\/agrupacionespsoe.es\/melilla\/","name":"Agrupaci\u00f3n Socialista de Melilla","description":"Agrupaci\u00f3n Socialista de Melilla","publisher":{"@id":"https:\/\/agrupacionespsoe.es\/melilla\/#organization"},"potentialAction":[{"@type":"SearchAction","target":{"@type":"EntryPoint","urlTemplate":"https:\/\/agrupacionespsoe.es\/melilla\/?s={search_term_string}"},"query-input":{"@type":"PropertyValueSpecification","valueRequired":true,"valueName":"search_term_string"}}],"inLanguage":"es"},{"@type":"Organization","@id":"https:\/\/agrupacionespsoe.es\/melilla\/#organization","name":"Agrupaci\u00f3n Socialista de Melilla","url":"https:\/\/agrupacionespsoe.es\/melilla\/","logo":{"@type":"ImageObject","inLanguage":"es","@id":"https:\/\/agrupacionespsoe.es\/melilla\/#\/schema\/logo\/image\/","url":"https:\/\/agrupacionespsoe.es\/wp-content\/uploads\/2022\/07\/Logotipo_electoral_del_PSOE.png","contentUrl":"https:\/\/agrupacionespsoe.es\/wp-content\/uploads\/2022\/07\/Logotipo_electoral_del_PSOE.png","width":422,"height":422,"caption":"Agrupaci\u00f3n Socialista de Melilla"},"image":{"@id":"https:\/\/agrupacionespsoe.es\/melilla\/#\/schema\/logo\/image\/"}},{"@type":"Person","@id":"https:\/\/agrupacionespsoe.es\/melilla\/#\/schema\/person\/72bb3075a827d0ed0623682b96c92bd6","name":"melilla2","image":{"@type":"ImageObject","inLanguage":"es","@id":"https:\/\/agrupacionespsoe.es\/melilla\/#\/schema\/person\/image\/","url":"https:\/\/secure.gravatar.com\/avatar\/489a178e794e59f00db13a448aabca16?s=96&d=mm&r=g","contentUrl":"https:\/\/secure.gravatar.com\/avatar\/489a178e794e59f00db13a448aabca16?s=96&d=mm&r=g","caption":"melilla2"},"url":"https:\/\/agrupacionespsoe.es\/melilla\/author\/melilla2\/"}]}},"jetpack_featured_media_url":"","jetpack_sharing_enabled":true,"_links":{"self":[{"href":"https:\/\/agrupacionespsoe.es\/melilla\/wp-json\/wp\/v2\/posts\/421","targetHints":{"allow":["GET"]}}],"collection":[{"href":"https:\/\/agrupacionespsoe.es\/melilla\/wp-json\/wp\/v2\/posts"}],"about":[{"href":"https:\/\/agrupacionespsoe.es\/melilla\/wp-json\/wp\/v2\/types\/post"}],"author":[{"embeddable":true,"href":"https:\/\/agrupacionespsoe.es\/melilla\/wp-json\/wp\/v2\/users\/187"}],"replies":[{"embeddable":true,"href":"https:\/\/agrupacionespsoe.es\/melilla\/wp-json\/wp\/v2\/comments?post=421"}],"version-history":[{"count":2,"href":"https:\/\/agrupacionespsoe.es\/melilla\/wp-json\/wp\/v2\/posts\/421\/revisions"}],"predecessor-version":[{"id":424,"href":"https:\/\/agrupacionespsoe.es\/melilla\/wp-json\/wp\/v2\/posts\/421\/revisions\/424"}],"wp:attachment":[{"href":"https:\/\/agrupacionespsoe.es\/melilla\/wp-json\/wp\/v2\/media?parent=421"}],"wp:term":[{"taxonomy":"category","embeddable":true,"href":"https:\/\/agrupacionespsoe.es\/melilla\/wp-json\/wp\/v2\/categories?post=421"},{"taxonomy":"post_tag","embeddable":true,"href":"https:\/\/agrupacionespsoe.es\/melilla\/wp-json\/wp\/v2\/tags?post=421"}],"curies":[{"name":"wp","href":"https:\/\/api.w.org\/{rel}","templated":true}]}}