{"id":397,"date":"2023-08-04T17:38:15","date_gmt":"2023-08-04T17:38:15","guid":{"rendered":"https:\/\/agrupacionespsoe.es\/melilla\/?p=397"},"modified":"2026-03-09T11:38:09","modified_gmt":"2026-03-09T11:38:09","slug":"rojas-al-pp-no-se-ha-dejado-sin-gastar-dinero-en-el-patronato-para-turismo-dejen-de-mentir-y-empiecen-a-trabajar","status":"publish","type":"post","link":"https:\/\/agrupacionespsoe.es\/melilla\/rojas-al-pp-no-se-ha-dejado-sin-gastar-dinero-en-el-patronato-para-turismo-dejen-de-mentir-y-empiecen-a-trabajar\/","title":{"rendered":"Rojas al PP: \u00abNo se ha dejado sin gastar dinero en el Patronato para Turismo. Dejen de mentir y empiecen a trabajar\u00bb"},"content":{"rendered":"\n<p><strong>Explica que, de los 10 millones de euros del Ministerio de Turismo, han llegado a Melilla los primeros 3 millones \u201cy yo hice el encargo de justificar ese gasto\u201d<\/strong><\/p>\n\n\n\n<figure class=\"wp-block-image size-large\"><img loading=\"lazy\" decoding=\"async\" width=\"2560\" height=\"1442\" src=\"https:\/\/agrupacionespsoe.es\/melilla\/wp-content\/uploads\/sites\/120\/2023\/08\/P1722275-1-edited-scaled.jpg\" alt=\"\" class=\"wp-image-402\" srcset=\"https:\/\/agrupacionespsoe.es\/melilla\/wp-content\/uploads\/sites\/120\/2023\/08\/P1722275-1-edited-scaled.jpg 2560w, https:\/\/agrupacionespsoe.es\/melilla\/wp-content\/uploads\/sites\/120\/2023\/08\/P1722275-1-edited-300x169.jpg 300w, https:\/\/agrupacionespsoe.es\/melilla\/wp-content\/uploads\/sites\/120\/2023\/08\/P1722275-1-edited-1024x577.jpg 1024w, https:\/\/agrupacionespsoe.es\/melilla\/wp-content\/uploads\/sites\/120\/2023\/08\/P1722275-1-edited-768x433.jpg 768w, https:\/\/agrupacionespsoe.es\/melilla\/wp-content\/uploads\/sites\/120\/2023\/08\/P1722275-1-edited-1536x865.jpg 1536w, https:\/\/agrupacionespsoe.es\/melilla\/wp-content\/uploads\/sites\/120\/2023\/08\/P1722275-1-edited-2048x1154.jpg 2048w\" sizes=\"auto, (max-width: 2560px) 100vw, 2560px\" \/><\/figure>\n\n\n\n<p><br>La Portavoz del Grupo Parlamentario Socialista en la Asamblea de Melilla, Gloria Rojas, ha dejado claro que los Consejeros del PP Miguel Mar\u00edn y Fadela Mohatar se est\u00e1n dedicado a mentir cuando aseguran que se han encontrado 10 millones de euros en el Patronato de Turismo sin gastar. \u201cNo es cierto, que dejen de mentir y se pongan a trabajar\u201d, les ha pedido la l\u00edder socialista.<\/p>\n\n\n\n<p>Y es que, tal y como ha explicado la n\u00famero uno del PSOE local, el Ministerio de Turismo destin\u00f3 a nuestra ciudad 10 millones de euros para fomentar la actividad tur\u00edstica melillense. Una partida que la ciudad ha recibido gracias al inter\u00e9s del Gobierno de Pedro S\u00e1nchez y la Ministra Reyes Maroto.<\/p>\n\n\n\n<p>Sin embargo, esos 10 millones, ha agregado, \u201cse dan poco a poco despu\u00e9s de la firma de diferentes convenios\u201d. As\u00ed, el 24 de octubre de 2022 se firma y sale publicado en el Bolet\u00edn Oficial del Estado (BOE) el primer convenio, por un importe de 3 millones de euros.<\/p>\n\n\n\n<p>Tras publicarse, Rojas, en calidad de Presidenta del Patronato de Turismo, encarg\u00f3 al equipo de Tragsa la justificaci\u00f3n del gasto de esos tres millones. \u201cDe esos diez millones de los que hablan Mar\u00edn y Mohatar, los primeros tres millones llegaron y yo hice el encargo de justificar ese gasto\u201d, ha recalcado.<\/p>\n\n\n\n<p>No obstante, los siete millones restantes no han llegado a Melilla mientras Rojas estuvo al frente del Patronato de Turismo. \u201cEl siguiente convenio que era de 5 millones de euros se public\u00f3 el 3 de abril 2023, un mes antes de las elecciones municipales\u201d, ha explicado Rojas, que ha indicado que, primero se firma el convenio, despu\u00e9s se publica en BOE y despu\u00e9s llega el dinero. \u201cCuando yo me fui el Patronato de Turismo esos 5 millones todav\u00eda no hab\u00edan llegado\u201d, ha recalcado.<\/p>\n\n\n\n<p>Adem\u00e1s, este segundo convenio de 5 millones tiene un plazo para gastarlo hasta el 31 de marzo de 2025, con posibilidad de pr\u00f3rroga de un a\u00f1o m\u00e1s. Por ello, la l\u00edder del PSOE ha pedido a los populares que dejen de mentir y se pongan a trabajar \u201cporque tienen tiempo para que, en el momento que llegue este dinero, lo puedan gastar en la promoci\u00f3n del turismo en nuestra ciudad\u201d.<\/p>\n\n\n\n<p>De hecho, de los 10 millones que habla el PP quedar\u00eda una firma de un tercer convenio por 2 millones m\u00e1s, ha apostillado.<\/p>\n\n\n\n<p><strong>Edificios modernistas<\/strong><\/p>\n\n\n\n<p>La l\u00edder socialista ha explicado que, en otro orden de cosas, hab\u00eda 1,5 millones de euros recogido en el Plan Integral para el Desarrollo Socioecon\u00f3mico para el turismo de la ciudad. Una cuant\u00eda que, desde el Patronato de Turismo estaban trabajando en un proyecto para quitar todo el cableado de los edificios modernistas de la zona hist\u00f3rica de la ciudad.<\/p>\n\n\n\n<p>\u201cEl Partido Popular ha gobernado 20 a\u00f1os Melilla. Ha tenido muchos a\u00f1os para arreglar este problema del cableado y no lo han hecho\u201d, ha recordado. \u201cGracias a este 1,5 millones ten\u00edamos un proyecto que se estaba desarrollando &nbsp;para quitar todo el cableado de la zona modernista de los edificios hist\u00f3ricos modernistas de la ciudad\u201d, ha explicado.<\/p>\n\n\n\n<p>Rojas le ha pedido al Gobierno de la Ciudad que no abandonen este proyecto. \u201cLes pido que contin\u00faen ese proyecto porque la ciudad va a mejorar mucho su patrimonio finalizando ese proyecto\u201d, ha se\u00f1alado. \u201cRespeten las cosas que son buenas para Melilla\u201d, ha solicitado.<\/p>\n\n\n\n<p><strong>Bonos de turismo<\/strong><\/p>\n\n\n\n<p>Por \u00faltimo, la n\u00famero uno del PSOE local ha desmentido las afirmados realizadas por el popular Miguel Mar\u00edn en las que aseguraba que la partida para los Bonos de Turismo se ha gastado en la Operaci\u00f3n Paso del Estrecho (OPE). \u201cOtra mentira\u201d, ha subrayado la Portavoz del Grupo Socialista, que ha se\u00f1alado que se ha gastado en el turismo para la ciudad.<\/p>\n\n\n\n<p>Adem\u00e1s, le ha instado a escuchar a la ciudadan\u00eda, dado que el popular va anunciado que va a reducir los bonos para estancias de 15 d\u00edas en Melilla, \u201cHay mucha gente quej\u00e1ndose en redes sociales\u201d, ha apuntado y ha recordado que ella misma redujo los d\u00edas a 15 y lo volvi\u00f3 a cambiar \u201cporque escuche a la gente y lo que quer\u00edan\u201d.<\/p>\n\n\n\n<p>\u201cLa gente de Melilla quer\u00eda que los bonos tur\u00edsticos duraran un mes y por eso los ampli\u00e9 hasta el mes\u201d, ha rememorado, por lo que le ha pedido a Mar\u00edn a atender las demandas ciudadanas y vuelva a poner los bonos tur\u00edsticos para un mes.<\/p>\n\n\n\n<p>Siguiendo con este tema, le ha preguntado si va a respetar la ayuda en los bonos tur\u00edsticos por fallecimiento de familiares para los no residentes. \u201cEspero, de coraz\u00f3n, que lo respete porque es una ayuda para las personas que sufren este dif\u00edcil y duro trago\u201d, ha se\u00f1alado.<\/p>\n","protected":false},"excerpt":{"rendered":"<p>Explica que, de los 10 millones de euros del Ministerio de Turismo, han llegado a Melilla los primeros 3 millones \u201cy yo hice el encargo de justificar ese gasto\u201d La Portavoz del Grupo Parlamentario Socialista en la Asamblea de Melilla, Gloria Rojas, ha dejado claro que los Consejeros del PP Miguel Mar\u00edn y Fadela Mohatar &#8230;<\/p>\n","protected":false},"author":187,"featured_media":402,"comment_status":"open","ping_status":"open","sticky":false,"template":"","format":"standard","meta":{"_jetpack_memberships_contains_paid_content":false,"footnotes":""},"categories":[1],"tags":[],"class_list":["post-397","post","type-post","status-publish","format-standard","has-post-thumbnail","hentry","category-sin-categoria"],"yoast_head":"<!-- This site is optimized with the Yoast SEO plugin v24.0 - https:\/\/yoast.com\/wordpress\/plugins\/seo\/ -->\n<title>Rojas al PP: &quot;No se ha dejado sin gastar dinero en el Patronato para Turismo. Dejen de mentir y empiecen a trabajar&quot; - Agrupaci\u00f3n Socialista de Melilla<\/title>\n<meta name=\"robots\" content=\"index, follow, max-snippet:-1, max-image-preview:large, max-video-preview:-1\" \/>\n<link rel=\"canonical\" href=\"https:\/\/agrupacionespsoe.es\/melilla\/rojas-al-pp-no-se-ha-dejado-sin-gastar-dinero-en-el-patronato-para-turismo-dejen-de-mentir-y-empiecen-a-trabajar\/\" \/>\n<meta property=\"og:locale\" content=\"es_ES\" \/>\n<meta property=\"og:type\" content=\"article\" \/>\n<meta property=\"og:title\" content=\"Rojas al PP: &quot;No se ha dejado sin gastar dinero en el Patronato para Turismo. Dejen de mentir y empiecen a trabajar&quot; - Agrupaci\u00f3n Socialista de Melilla\" \/>\n<meta property=\"og:description\" content=\"Explica que, de los 10 millones de euros del Ministerio de Turismo, han llegado a Melilla los primeros 3 millones \u201cy yo hice el encargo de justificar ese gasto\u201d La Portavoz del Grupo Parlamentario Socialista en la Asamblea de Melilla, Gloria Rojas, ha dejado claro que los Consejeros del PP Miguel Mar\u00edn y Fadela Mohatar ...\" \/>\n<meta property=\"og:url\" content=\"https:\/\/agrupacionespsoe.es\/melilla\/rojas-al-pp-no-se-ha-dejado-sin-gastar-dinero-en-el-patronato-para-turismo-dejen-de-mentir-y-empiecen-a-trabajar\/\" \/>\n<meta property=\"og:site_name\" content=\"Agrupaci\u00f3n Socialista de Melilla\" \/>\n<meta property=\"article:published_time\" content=\"2023-08-04T17:38:15+00:00\" \/>\n<meta property=\"article:modified_time\" content=\"2026-03-09T11:38:09+00:00\" \/>\n<meta property=\"og:image\" content=\"https:\/\/agrupacionespsoe.es\/melilla\/wp-content\/uploads\/sites\/120\/2023\/08\/P1722275-1-edited-scaled.jpg\" \/>\n\t<meta property=\"og:image:width\" content=\"2560\" \/>\n\t<meta property=\"og:image:height\" content=\"1442\" \/>\n\t<meta property=\"og:image:type\" content=\"image\/jpeg\" \/>\n<meta name=\"author\" content=\"melilla2\" \/>\n<meta name=\"twitter:card\" content=\"summary_large_image\" \/>\n<meta name=\"twitter:label1\" content=\"Escrito por\" \/>\n\t<meta name=\"twitter:data1\" content=\"melilla2\" \/>\n\t<meta name=\"twitter:label2\" content=\"Tiempo de lectura\" \/>\n\t<meta name=\"twitter:data2\" content=\"4 minutos\" \/>\n<script type=\"application\/ld+json\" class=\"yoast-schema-graph\">{\"@context\":\"https:\/\/schema.org\",\"@graph\":[{\"@type\":\"Article\",\"@id\":\"https:\/\/agrupacionespsoe.es\/melilla\/rojas-al-pp-no-se-ha-dejado-sin-gastar-dinero-en-el-patronato-para-turismo-dejen-de-mentir-y-empiecen-a-trabajar\/#article\",\"isPartOf\":{\"@id\":\"https:\/\/agrupacionespsoe.es\/melilla\/rojas-al-pp-no-se-ha-dejado-sin-gastar-dinero-en-el-patronato-para-turismo-dejen-de-mentir-y-empiecen-a-trabajar\/\"},\"author\":{\"name\":\"melilla2\",\"@id\":\"https:\/\/agrupacionespsoe.es\/melilla\/#\/schema\/person\/72bb3075a827d0ed0623682b96c92bd6\"},\"headline\":\"Rojas al PP: \u00abNo se ha dejado sin gastar dinero en el Patronato para Turismo. Dejen de mentir y empiecen a trabajar\u00bb\",\"datePublished\":\"2023-08-04T17:38:15+00:00\",\"dateModified\":\"2026-03-09T11:38:09+00:00\",\"mainEntityOfPage\":{\"@id\":\"https:\/\/agrupacionespsoe.es\/melilla\/rojas-al-pp-no-se-ha-dejado-sin-gastar-dinero-en-el-patronato-para-turismo-dejen-de-mentir-y-empiecen-a-trabajar\/\"},\"wordCount\":857,\"commentCount\":0,\"publisher\":{\"@id\":\"https:\/\/agrupacionespsoe.es\/melilla\/#organization\"},\"image\":{\"@id\":\"https:\/\/agrupacionespsoe.es\/melilla\/rojas-al-pp-no-se-ha-dejado-sin-gastar-dinero-en-el-patronato-para-turismo-dejen-de-mentir-y-empiecen-a-trabajar\/#primaryimage\"},\"thumbnailUrl\":\"https:\/\/agrupacionespsoe.es\/melilla\/wp-content\/uploads\/sites\/120\/2023\/08\/P1722275-1-edited-scaled.jpg\",\"inLanguage\":\"es\",\"potentialAction\":[{\"@type\":\"CommentAction\",\"name\":\"Comment\",\"target\":[\"https:\/\/agrupacionespsoe.es\/melilla\/rojas-al-pp-no-se-ha-dejado-sin-gastar-dinero-en-el-patronato-para-turismo-dejen-de-mentir-y-empiecen-a-trabajar\/#respond\"]}]},{\"@type\":\"WebPage\",\"@id\":\"https:\/\/agrupacionespsoe.es\/melilla\/rojas-al-pp-no-se-ha-dejado-sin-gastar-dinero-en-el-patronato-para-turismo-dejen-de-mentir-y-empiecen-a-trabajar\/\",\"url\":\"https:\/\/agrupacionespsoe.es\/melilla\/rojas-al-pp-no-se-ha-dejado-sin-gastar-dinero-en-el-patronato-para-turismo-dejen-de-mentir-y-empiecen-a-trabajar\/\",\"name\":\"Rojas al PP: \\\"No se ha dejado sin gastar dinero en el Patronato para Turismo. Dejen de mentir y empiecen a trabajar\\\" - Agrupaci\u00f3n Socialista de Melilla\",\"isPartOf\":{\"@id\":\"https:\/\/agrupacionespsoe.es\/melilla\/#website\"},\"primaryImageOfPage\":{\"@id\":\"https:\/\/agrupacionespsoe.es\/melilla\/rojas-al-pp-no-se-ha-dejado-sin-gastar-dinero-en-el-patronato-para-turismo-dejen-de-mentir-y-empiecen-a-trabajar\/#primaryimage\"},\"image\":{\"@id\":\"https:\/\/agrupacionespsoe.es\/melilla\/rojas-al-pp-no-se-ha-dejado-sin-gastar-dinero-en-el-patronato-para-turismo-dejen-de-mentir-y-empiecen-a-trabajar\/#primaryimage\"},\"thumbnailUrl\":\"https:\/\/agrupacionespsoe.es\/melilla\/wp-content\/uploads\/sites\/120\/2023\/08\/P1722275-1-edited-scaled.jpg\",\"datePublished\":\"2023-08-04T17:38:15+00:00\",\"dateModified\":\"2026-03-09T11:38:09+00:00\",\"breadcrumb\":{\"@id\":\"https:\/\/agrupacionespsoe.es\/melilla\/rojas-al-pp-no-se-ha-dejado-sin-gastar-dinero-en-el-patronato-para-turismo-dejen-de-mentir-y-empiecen-a-trabajar\/#breadcrumb\"},\"inLanguage\":\"es\",\"potentialAction\":[{\"@type\":\"ReadAction\",\"target\":[\"https:\/\/agrupacionespsoe.es\/melilla\/rojas-al-pp-no-se-ha-dejado-sin-gastar-dinero-en-el-patronato-para-turismo-dejen-de-mentir-y-empiecen-a-trabajar\/\"]}]},{\"@type\":\"ImageObject\",\"inLanguage\":\"es\",\"@id\":\"https:\/\/agrupacionespsoe.es\/melilla\/rojas-al-pp-no-se-ha-dejado-sin-gastar-dinero-en-el-patronato-para-turismo-dejen-de-mentir-y-empiecen-a-trabajar\/#primaryimage\",\"url\":\"https:\/\/agrupacionespsoe.es\/melilla\/wp-content\/uploads\/sites\/120\/2023\/08\/P1722275-1-edited-scaled.jpg\",\"contentUrl\":\"https:\/\/agrupacionespsoe.es\/melilla\/wp-content\/uploads\/sites\/120\/2023\/08\/P1722275-1-edited-scaled.jpg\",\"width\":2560,\"height\":1442},{\"@type\":\"BreadcrumbList\",\"@id\":\"https:\/\/agrupacionespsoe.es\/melilla\/rojas-al-pp-no-se-ha-dejado-sin-gastar-dinero-en-el-patronato-para-turismo-dejen-de-mentir-y-empiecen-a-trabajar\/#breadcrumb\",\"itemListElement\":[{\"@type\":\"ListItem\",\"position\":1,\"name\":\"Portada\",\"item\":\"https:\/\/agrupacionespsoe.es\/melilla\/\"},{\"@type\":\"ListItem\",\"position\":2,\"name\":\"Rojas al PP: \u00abNo se ha dejado sin gastar dinero en el Patronato para Turismo. Dejen de mentir y empiecen a trabajar\u00bb\"}]},{\"@type\":\"WebSite\",\"@id\":\"https:\/\/agrupacionespsoe.es\/melilla\/#website\",\"url\":\"https:\/\/agrupacionespsoe.es\/melilla\/\",\"name\":\"Agrupaci\u00f3n Socialista de Melilla\",\"description\":\"Agrupaci\u00f3n Socialista de Melilla\",\"publisher\":{\"@id\":\"https:\/\/agrupacionespsoe.es\/melilla\/#organization\"},\"potentialAction\":[{\"@type\":\"SearchAction\",\"target\":{\"@type\":\"EntryPoint\",\"urlTemplate\":\"https:\/\/agrupacionespsoe.es\/melilla\/?s={search_term_string}\"},\"query-input\":{\"@type\":\"PropertyValueSpecification\",\"valueRequired\":true,\"valueName\":\"search_term_string\"}}],\"inLanguage\":\"es\"},{\"@type\":\"Organization\",\"@id\":\"https:\/\/agrupacionespsoe.es\/melilla\/#organization\",\"name\":\"Agrupaci\u00f3n Socialista de Melilla\",\"url\":\"https:\/\/agrupacionespsoe.es\/melilla\/\",\"logo\":{\"@type\":\"ImageObject\",\"inLanguage\":\"es\",\"@id\":\"https:\/\/agrupacionespsoe.es\/melilla\/#\/schema\/logo\/image\/\",\"url\":\"https:\/\/agrupacionespsoe.es\/wp-content\/uploads\/2022\/07\/Logotipo_electoral_del_PSOE.png\",\"contentUrl\":\"https:\/\/agrupacionespsoe.es\/wp-content\/uploads\/2022\/07\/Logotipo_electoral_del_PSOE.png\",\"width\":422,\"height\":422,\"caption\":\"Agrupaci\u00f3n Socialista de Melilla\"},\"image\":{\"@id\":\"https:\/\/agrupacionespsoe.es\/melilla\/#\/schema\/logo\/image\/\"}},{\"@type\":\"Person\",\"@id\":\"https:\/\/agrupacionespsoe.es\/melilla\/#\/schema\/person\/72bb3075a827d0ed0623682b96c92bd6\",\"name\":\"melilla2\",\"image\":{\"@type\":\"ImageObject\",\"inLanguage\":\"es\",\"@id\":\"https:\/\/agrupacionespsoe.es\/melilla\/#\/schema\/person\/image\/\",\"url\":\"https:\/\/secure.gravatar.com\/avatar\/489a178e794e59f00db13a448aabca16?s=96&d=mm&r=g\",\"contentUrl\":\"https:\/\/secure.gravatar.com\/avatar\/489a178e794e59f00db13a448aabca16?s=96&d=mm&r=g\",\"caption\":\"melilla2\"},\"url\":\"https:\/\/agrupacionespsoe.es\/melilla\/author\/melilla2\/\"}]}<\/script>\n<!-- \/ Yoast SEO plugin. -->","yoast_head_json":{"title":"Rojas al PP: \"No se ha dejado sin gastar dinero en el Patronato para Turismo. Dejen de mentir y empiecen a trabajar\" - Agrupaci\u00f3n Socialista de Melilla","robots":{"index":"index","follow":"follow","max-snippet":"max-snippet:-1","max-image-preview":"max-image-preview:large","max-video-preview":"max-video-preview:-1"},"canonical":"https:\/\/agrupacionespsoe.es\/melilla\/rojas-al-pp-no-se-ha-dejado-sin-gastar-dinero-en-el-patronato-para-turismo-dejen-de-mentir-y-empiecen-a-trabajar\/","og_locale":"es_ES","og_type":"article","og_title":"Rojas al PP: \"No se ha dejado sin gastar dinero en el Patronato para Turismo. Dejen de mentir y empiecen a trabajar\" - Agrupaci\u00f3n Socialista de Melilla","og_description":"Explica que, de los 10 millones de euros del Ministerio de Turismo, han llegado a Melilla los primeros 3 millones \u201cy yo hice el encargo de justificar ese gasto\u201d La Portavoz del Grupo Parlamentario Socialista en la Asamblea de Melilla, Gloria Rojas, ha dejado claro que los Consejeros del PP Miguel Mar\u00edn y Fadela Mohatar ...","og_url":"https:\/\/agrupacionespsoe.es\/melilla\/rojas-al-pp-no-se-ha-dejado-sin-gastar-dinero-en-el-patronato-para-turismo-dejen-de-mentir-y-empiecen-a-trabajar\/","og_site_name":"Agrupaci\u00f3n Socialista de Melilla","article_published_time":"2023-08-04T17:38:15+00:00","article_modified_time":"2026-03-09T11:38:09+00:00","og_image":[{"width":2560,"height":1442,"url":"https:\/\/agrupacionespsoe.es\/melilla\/wp-content\/uploads\/sites\/120\/2023\/08\/P1722275-1-edited-scaled.jpg","type":"image\/jpeg"}],"author":"melilla2","twitter_card":"summary_large_image","twitter_misc":{"Escrito por":"melilla2","Tiempo de lectura":"4 minutos"},"schema":{"@context":"https:\/\/schema.org","@graph":[{"@type":"Article","@id":"https:\/\/agrupacionespsoe.es\/melilla\/rojas-al-pp-no-se-ha-dejado-sin-gastar-dinero-en-el-patronato-para-turismo-dejen-de-mentir-y-empiecen-a-trabajar\/#article","isPartOf":{"@id":"https:\/\/agrupacionespsoe.es\/melilla\/rojas-al-pp-no-se-ha-dejado-sin-gastar-dinero-en-el-patronato-para-turismo-dejen-de-mentir-y-empiecen-a-trabajar\/"},"author":{"name":"melilla2","@id":"https:\/\/agrupacionespsoe.es\/melilla\/#\/schema\/person\/72bb3075a827d0ed0623682b96c92bd6"},"headline":"Rojas al PP: \u00abNo se ha dejado sin gastar dinero en el Patronato para Turismo. Dejen de mentir y empiecen a trabajar\u00bb","datePublished":"2023-08-04T17:38:15+00:00","dateModified":"2026-03-09T11:38:09+00:00","mainEntityOfPage":{"@id":"https:\/\/agrupacionespsoe.es\/melilla\/rojas-al-pp-no-se-ha-dejado-sin-gastar-dinero-en-el-patronato-para-turismo-dejen-de-mentir-y-empiecen-a-trabajar\/"},"wordCount":857,"commentCount":0,"publisher":{"@id":"https:\/\/agrupacionespsoe.es\/melilla\/#organization"},"image":{"@id":"https:\/\/agrupacionespsoe.es\/melilla\/rojas-al-pp-no-se-ha-dejado-sin-gastar-dinero-en-el-patronato-para-turismo-dejen-de-mentir-y-empiecen-a-trabajar\/#primaryimage"},"thumbnailUrl":"https:\/\/agrupacionespsoe.es\/melilla\/wp-content\/uploads\/sites\/120\/2023\/08\/P1722275-1-edited-scaled.jpg","inLanguage":"es","potentialAction":[{"@type":"CommentAction","name":"Comment","target":["https:\/\/agrupacionespsoe.es\/melilla\/rojas-al-pp-no-se-ha-dejado-sin-gastar-dinero-en-el-patronato-para-turismo-dejen-de-mentir-y-empiecen-a-trabajar\/#respond"]}]},{"@type":"WebPage","@id":"https:\/\/agrupacionespsoe.es\/melilla\/rojas-al-pp-no-se-ha-dejado-sin-gastar-dinero-en-el-patronato-para-turismo-dejen-de-mentir-y-empiecen-a-trabajar\/","url":"https:\/\/agrupacionespsoe.es\/melilla\/rojas-al-pp-no-se-ha-dejado-sin-gastar-dinero-en-el-patronato-para-turismo-dejen-de-mentir-y-empiecen-a-trabajar\/","name":"Rojas al PP: \"No se ha dejado sin gastar dinero en el Patronato para Turismo. Dejen de mentir y empiecen a trabajar\" - Agrupaci\u00f3n Socialista de Melilla","isPartOf":{"@id":"https:\/\/agrupacionespsoe.es\/melilla\/#website"},"primaryImageOfPage":{"@id":"https:\/\/agrupacionespsoe.es\/melilla\/rojas-al-pp-no-se-ha-dejado-sin-gastar-dinero-en-el-patronato-para-turismo-dejen-de-mentir-y-empiecen-a-trabajar\/#primaryimage"},"image":{"@id":"https:\/\/agrupacionespsoe.es\/melilla\/rojas-al-pp-no-se-ha-dejado-sin-gastar-dinero-en-el-patronato-para-turismo-dejen-de-mentir-y-empiecen-a-trabajar\/#primaryimage"},"thumbnailUrl":"https:\/\/agrupacionespsoe.es\/melilla\/wp-content\/uploads\/sites\/120\/2023\/08\/P1722275-1-edited-scaled.jpg","datePublished":"2023-08-04T17:38:15+00:00","dateModified":"2026-03-09T11:38:09+00:00","breadcrumb":{"@id":"https:\/\/agrupacionespsoe.es\/melilla\/rojas-al-pp-no-se-ha-dejado-sin-gastar-dinero-en-el-patronato-para-turismo-dejen-de-mentir-y-empiecen-a-trabajar\/#breadcrumb"},"inLanguage":"es","potentialAction":[{"@type":"ReadAction","target":["https:\/\/agrupacionespsoe.es\/melilla\/rojas-al-pp-no-se-ha-dejado-sin-gastar-dinero-en-el-patronato-para-turismo-dejen-de-mentir-y-empiecen-a-trabajar\/"]}]},{"@type":"ImageObject","inLanguage":"es","@id":"https:\/\/agrupacionespsoe.es\/melilla\/rojas-al-pp-no-se-ha-dejado-sin-gastar-dinero-en-el-patronato-para-turismo-dejen-de-mentir-y-empiecen-a-trabajar\/#primaryimage","url":"https:\/\/agrupacionespsoe.es\/melilla\/wp-content\/uploads\/sites\/120\/2023\/08\/P1722275-1-edited-scaled.jpg","contentUrl":"https:\/\/agrupacionespsoe.es\/melilla\/wp-content\/uploads\/sites\/120\/2023\/08\/P1722275-1-edited-scaled.jpg","width":2560,"height":1442},{"@type":"BreadcrumbList","@id":"https:\/\/agrupacionespsoe.es\/melilla\/rojas-al-pp-no-se-ha-dejado-sin-gastar-dinero-en-el-patronato-para-turismo-dejen-de-mentir-y-empiecen-a-trabajar\/#breadcrumb","itemListElement":[{"@type":"ListItem","position":1,"name":"Portada","item":"https:\/\/agrupacionespsoe.es\/melilla\/"},{"@type":"ListItem","position":2,"name":"Rojas al PP: \u00abNo se ha dejado sin gastar dinero en el Patronato para Turismo. Dejen de mentir y empiecen a trabajar\u00bb"}]},{"@type":"WebSite","@id":"https:\/\/agrupacionespsoe.es\/melilla\/#website","url":"https:\/\/agrupacionespsoe.es\/melilla\/","name":"Agrupaci\u00f3n Socialista de Melilla","description":"Agrupaci\u00f3n Socialista de Melilla","publisher":{"@id":"https:\/\/agrupacionespsoe.es\/melilla\/#organization"},"potentialAction":[{"@type":"SearchAction","target":{"@type":"EntryPoint","urlTemplate":"https:\/\/agrupacionespsoe.es\/melilla\/?s={search_term_string}"},"query-input":{"@type":"PropertyValueSpecification","valueRequired":true,"valueName":"search_term_string"}}],"inLanguage":"es"},{"@type":"Organization","@id":"https:\/\/agrupacionespsoe.es\/melilla\/#organization","name":"Agrupaci\u00f3n Socialista de Melilla","url":"https:\/\/agrupacionespsoe.es\/melilla\/","logo":{"@type":"ImageObject","inLanguage":"es","@id":"https:\/\/agrupacionespsoe.es\/melilla\/#\/schema\/logo\/image\/","url":"https:\/\/agrupacionespsoe.es\/wp-content\/uploads\/2022\/07\/Logotipo_electoral_del_PSOE.png","contentUrl":"https:\/\/agrupacionespsoe.es\/wp-content\/uploads\/2022\/07\/Logotipo_electoral_del_PSOE.png","width":422,"height":422,"caption":"Agrupaci\u00f3n Socialista de Melilla"},"image":{"@id":"https:\/\/agrupacionespsoe.es\/melilla\/#\/schema\/logo\/image\/"}},{"@type":"Person","@id":"https:\/\/agrupacionespsoe.es\/melilla\/#\/schema\/person\/72bb3075a827d0ed0623682b96c92bd6","name":"melilla2","image":{"@type":"ImageObject","inLanguage":"es","@id":"https:\/\/agrupacionespsoe.es\/melilla\/#\/schema\/person\/image\/","url":"https:\/\/secure.gravatar.com\/avatar\/489a178e794e59f00db13a448aabca16?s=96&d=mm&r=g","contentUrl":"https:\/\/secure.gravatar.com\/avatar\/489a178e794e59f00db13a448aabca16?s=96&d=mm&r=g","caption":"melilla2"},"url":"https:\/\/agrupacionespsoe.es\/melilla\/author\/melilla2\/"}]}},"jetpack_featured_media_url":"https:\/\/agrupacionespsoe.es\/melilla\/wp-content\/uploads\/sites\/120\/2023\/08\/P1722275-1-edited-scaled.jpg","jetpack_sharing_enabled":true,"_links":{"self":[{"href":"https:\/\/agrupacionespsoe.es\/melilla\/wp-json\/wp\/v2\/posts\/397","targetHints":{"allow":["GET"]}}],"collection":[{"href":"https:\/\/agrupacionespsoe.es\/melilla\/wp-json\/wp\/v2\/posts"}],"about":[{"href":"https:\/\/agrupacionespsoe.es\/melilla\/wp-json\/wp\/v2\/types\/post"}],"author":[{"embeddable":true,"href":"https:\/\/agrupacionespsoe.es\/melilla\/wp-json\/wp\/v2\/users\/187"}],"replies":[{"embeddable":true,"href":"https:\/\/agrupacionespsoe.es\/melilla\/wp-json\/wp\/v2\/comments?post=397"}],"version-history":[{"count":5,"href":"https:\/\/agrupacionespsoe.es\/melilla\/wp-json\/wp\/v2\/posts\/397\/revisions"}],"predecessor-version":[{"id":407,"href":"https:\/\/agrupacionespsoe.es\/melilla\/wp-json\/wp\/v2\/posts\/397\/revisions\/407"}],"wp:featuredmedia":[{"embeddable":true,"href":"https:\/\/agrupacionespsoe.es\/melilla\/wp-json\/wp\/v2\/media\/402"}],"wp:attachment":[{"href":"https:\/\/agrupacionespsoe.es\/melilla\/wp-json\/wp\/v2\/media?parent=397"}],"wp:term":[{"taxonomy":"category","embeddable":true,"href":"https:\/\/agrupacionespsoe.es\/melilla\/wp-json\/wp\/v2\/categories?post=397"},{"taxonomy":"post_tag","embeddable":true,"href":"https:\/\/agrupacionespsoe.es\/melilla\/wp-json\/wp\/v2\/tags?post=397"}],"curies":[{"name":"wp","href":"https:\/\/api.w.org\/{rel}","templated":true}]}}