{"id":3007,"date":"2026-09-03T12:23:05","date_gmt":"2026-09-03T12:23:05","guid":{"rendered":"https:\/\/agrupacionespsoe.es\/melilla\/?p=3007"},"modified":"2026-09-03T12:23:05","modified_gmt":"2026-09-03T12:23:05","slug":"el-psoe-valora-positivamente-la-proxima-visita-de-los-reyes-a-la-ciudad","status":"publish","type":"post","link":"https:\/\/agrupacionespsoe.es\/melilla\/el-psoe-valora-positivamente-la-proxima-visita-de-los-reyes-a-la-ciudad\/","title":{"rendered":"El PSOE valora positivamente la pr\u00f3xima visita de los Reyes a la ciudad"},"content":{"rendered":"\n<p><strong>\u201cLos Gobiernos socialistas siempre han apostado por acercar el Estado a Melilla\u201d, subrayan<\/strong><\/p>\n\n\n\n<p>El secretario de Organizaci\u00f3n del PSOE de Melilla, Juan Jos\u00e9 Mart\u00edn, ha valorado positivamente el anuncio realizado hoy por el presidente del Gobierno, Pedro S\u00e1nchez, sobre la pr\u00f3xima visita de los Reyes de Espa\u00f1a a Ceuta y Melilla.<\/p>\n\n\n\n<p>Mart\u00edn ha destacado que la presencia de Felipe VI y la Reina Letizia en Melilla supone \u201cuna magn\u00edfica noticia para nuestra ciudad y una muestra de la importancia que tiene Melilla para el conjunto del Estado\u201d.<\/p>\n\n\n\n<p>\u201cLos melillenses debemos recibir esta visita con satisfacci\u00f3n y orgullo. Que nuestros Reyes est\u00e9n en nuestra ciudad es un gesto institucional de enorme relevancia\u201d, ha se\u00f1alado.<\/p>\n\n\n\n<p><strong>El precedente de 2007<\/strong><\/p>\n\n\n\n<p>El dirigente socialista ha recordado que la primera visita oficial de los Reyes a Melilla en democracia tuvo lugar en noviembre de 2007, durante el Gobierno de Jos\u00e9 Luis Rodr\u00edguez Zapatero. Don Juan Carlos y Do\u00f1a Sof\u00eda visitaron la ciudad el 6 de noviembre de aquel a\u00f1o.<\/p>\n\n\n\n<p>Mart\u00edn ha se\u00f1alado que aquella visita se produjo despu\u00e9s de que Zapatero visitara oficialmente Melilla y Ceuta en enero de 2006, siendo el primer presidente del Gobierno desde Adolfo Su\u00e1rez en hacerlo.<\/p>\n\n\n\n<p>\u201cEs significativo que la primera visita oficial de los Reyes en democracia se produjera con un Gobierno socialista y que ahora, casi veinte a\u00f1os despu\u00e9s, vuelva a ser un Gobierno socialista el que haga posible esta nueva visita\u201d, ha apuntado.<\/p>\n\n\n\n<p><strong>Compromiso con Melilla<\/strong><\/p>\n\n\n\n<p>Para el secretario de Organizaci\u00f3n del PSOE, la visita debe servir para reforzar la presencia institucional del Estado en la ciudad.<\/p>\n\n\n\n<p>\u201cMelilla es Espa\u00f1a y forma parte del proyecto com\u00fan de nuestro pa\u00eds. Esta visita es una magn\u00edfica oportunidad para poner en valor nuestra ciudad y seguir fortaleciendo los v\u00ednculos entre Melilla y el conjunto del Estado\u201d, ha afirmado.<\/p>\n\n\n\n<p>Mart\u00edn ha concluido destacando que los melillenses recibir\u00e1n a Felipe VI y a la Reina Letizia \u201ccon los brazos abiertos y con el cari\u00f1o y la hospitalidad que caracterizan a nuestra ciudad\u201d.<\/p>\n","protected":false},"excerpt":{"rendered":"<p>\u201cLos Gobiernos socialistas siempre han apostado por acercar el Estado a Melilla\u201d, subrayan El secretario de Organizaci\u00f3n del PSOE de Melilla, Juan Jos\u00e9 Mart\u00edn, ha valorado positivamente el anuncio realizado hoy por el presidente del Gobierno, Pedro S\u00e1nchez, sobre la pr\u00f3xima visita de los Reyes de Espa\u00f1a a Ceuta y Melilla. Mart\u00edn ha destacado que &#8230;<\/p>\n","protected":false},"author":187,"featured_media":2974,"comment_status":"open","ping_status":"open","sticky":false,"template":"","format":"standard","meta":{"_jetpack_memberships_contains_paid_content":false,"footnotes":""},"categories":[7],"tags":[],"class_list":["post-3007","post","type-post","status-publish","format-standard","has-post-thumbnail","hentry","category-actualidad"],"yoast_head":"<!-- This site is optimized with the Yoast SEO plugin v24.0 - https:\/\/yoast.com\/wordpress\/plugins\/seo\/ -->\n<title>El PSOE valora positivamente la pr\u00f3xima visita de los Reyes a la ciudad - Agrupaci\u00f3n Socialista de Melilla<\/title>\n<meta name=\"robots\" content=\"index, follow, max-snippet:-1, max-image-preview:large, max-video-preview:-1\" \/>\n<link rel=\"canonical\" href=\"https:\/\/agrupacionespsoe.es\/melilla\/el-psoe-valora-positivamente-la-proxima-visita-de-los-reyes-a-la-ciudad\/\" \/>\n<meta property=\"og:locale\" content=\"es_ES\" \/>\n<meta property=\"og:type\" content=\"article\" \/>\n<meta property=\"og:title\" content=\"El PSOE valora positivamente la pr\u00f3xima visita de los Reyes a la ciudad - Agrupaci\u00f3n Socialista de Melilla\" \/>\n<meta property=\"og:description\" content=\"\u201cLos Gobiernos socialistas siempre han apostado por acercar el Estado a Melilla\u201d, subrayan El secretario de Organizaci\u00f3n del PSOE de Melilla, Juan Jos\u00e9 Mart\u00edn, ha valorado positivamente el anuncio realizado hoy por el presidente del Gobierno, Pedro S\u00e1nchez, sobre la pr\u00f3xima visita de los Reyes de Espa\u00f1a a Ceuta y Melilla. Mart\u00edn ha destacado que ...\" \/>\n<meta property=\"og:url\" content=\"https:\/\/agrupacionespsoe.es\/melilla\/el-psoe-valora-positivamente-la-proxima-visita-de-los-reyes-a-la-ciudad\/\" \/>\n<meta property=\"og:site_name\" content=\"Agrupaci\u00f3n Socialista de Melilla\" \/>\n<meta property=\"article:published_time\" content=\"2026-09-03T12:23:05+00:00\" \/>\n<meta property=\"og:image\" content=\"https:\/\/agrupacionespsoe.es\/melilla\/wp-content\/uploads\/sites\/120\/2026\/08\/2026-08-06_JJMartin-SolidaridadResponsabilidad-scaled.jpg\" \/>\n\t<meta property=\"og:image:width\" content=\"2560\" \/>\n\t<meta property=\"og:image:height\" content=\"1707\" \/>\n\t<meta property=\"og:image:type\" content=\"image\/jpeg\" \/>\n<meta name=\"author\" content=\"melilla2\" \/>\n<meta name=\"twitter:card\" content=\"summary_large_image\" \/>\n<meta name=\"twitter:label1\" content=\"Escrito por\" \/>\n\t<meta name=\"twitter:data1\" content=\"melilla2\" \/>\n\t<meta name=\"twitter:label2\" content=\"Tiempo de lectura\" \/>\n\t<meta name=\"twitter:data2\" content=\"2 minutos\" \/>\n<script type=\"application\/ld+json\" class=\"yoast-schema-graph\">{\"@context\":\"https:\/\/schema.org\",\"@graph\":[{\"@type\":\"Article\",\"@id\":\"https:\/\/agrupacionespsoe.es\/melilla\/el-psoe-valora-positivamente-la-proxima-visita-de-los-reyes-a-la-ciudad\/#article\",\"isPartOf\":{\"@id\":\"https:\/\/agrupacionespsoe.es\/melilla\/el-psoe-valora-positivamente-la-proxima-visita-de-los-reyes-a-la-ciudad\/\"},\"author\":{\"name\":\"melilla2\",\"@id\":\"https:\/\/agrupacionespsoe.es\/melilla\/#\/schema\/person\/72bb3075a827d0ed0623682b96c92bd6\"},\"headline\":\"El PSOE valora positivamente la pr\u00f3xima visita de los Reyes a la ciudad\",\"datePublished\":\"2026-09-03T12:23:05+00:00\",\"dateModified\":\"2026-09-03T12:23:05+00:00\",\"mainEntityOfPage\":{\"@id\":\"https:\/\/agrupacionespsoe.es\/melilla\/el-psoe-valora-positivamente-la-proxima-visita-de-los-reyes-a-la-ciudad\/\"},\"wordCount\":369,\"commentCount\":0,\"publisher\":{\"@id\":\"https:\/\/agrupacionespsoe.es\/melilla\/#organization\"},\"image\":{\"@id\":\"https:\/\/agrupacionespsoe.es\/melilla\/el-psoe-valora-positivamente-la-proxima-visita-de-los-reyes-a-la-ciudad\/#primaryimage\"},\"thumbnailUrl\":\"https:\/\/agrupacionespsoe.es\/melilla\/wp-content\/uploads\/sites\/120\/2026\/08\/2026-08-06_JJMartin-SolidaridadResponsabilidad-scaled.jpg\",\"articleSection\":[\"Actualidad\"],\"inLanguage\":\"es\",\"potentialAction\":[{\"@type\":\"CommentAction\",\"name\":\"Comment\",\"target\":[\"https:\/\/agrupacionespsoe.es\/melilla\/el-psoe-valora-positivamente-la-proxima-visita-de-los-reyes-a-la-ciudad\/#respond\"]}]},{\"@type\":\"WebPage\",\"@id\":\"https:\/\/agrupacionespsoe.es\/melilla\/el-psoe-valora-positivamente-la-proxima-visita-de-los-reyes-a-la-ciudad\/\",\"url\":\"https:\/\/agrupacionespsoe.es\/melilla\/el-psoe-valora-positivamente-la-proxima-visita-de-los-reyes-a-la-ciudad\/\",\"name\":\"El PSOE valora positivamente la pr\u00f3xima visita de los Reyes a la ciudad - Agrupaci\u00f3n Socialista de Melilla\",\"isPartOf\":{\"@id\":\"https:\/\/agrupacionespsoe.es\/melilla\/#website\"},\"primaryImageOfPage\":{\"@id\":\"https:\/\/agrupacionespsoe.es\/melilla\/el-psoe-valora-positivamente-la-proxima-visita-de-los-reyes-a-la-ciudad\/#primaryimage\"},\"image\":{\"@id\":\"https:\/\/agrupacionespsoe.es\/melilla\/el-psoe-valora-positivamente-la-proxima-visita-de-los-reyes-a-la-ciudad\/#primaryimage\"},\"thumbnailUrl\":\"https:\/\/agrupacionespsoe.es\/melilla\/wp-content\/uploads\/sites\/120\/2026\/08\/2026-08-06_JJMartin-SolidaridadResponsabilidad-scaled.jpg\",\"datePublished\":\"2026-09-03T12:23:05+00:00\",\"dateModified\":\"2026-09-03T12:23:05+00:00\",\"breadcrumb\":{\"@id\":\"https:\/\/agrupacionespsoe.es\/melilla\/el-psoe-valora-positivamente-la-proxima-visita-de-los-reyes-a-la-ciudad\/#breadcrumb\"},\"inLanguage\":\"es\",\"potentialAction\":[{\"@type\":\"ReadAction\",\"target\":[\"https:\/\/agrupacionespsoe.es\/melilla\/el-psoe-valora-positivamente-la-proxima-visita-de-los-reyes-a-la-ciudad\/\"]}]},{\"@type\":\"ImageObject\",\"inLanguage\":\"es\",\"@id\":\"https:\/\/agrupacionespsoe.es\/melilla\/el-psoe-valora-positivamente-la-proxima-visita-de-los-reyes-a-la-ciudad\/#primaryimage\",\"url\":\"https:\/\/agrupacionespsoe.es\/melilla\/wp-content\/uploads\/sites\/120\/2026\/08\/2026-08-06_JJMartin-SolidaridadResponsabilidad-scaled.jpg\",\"contentUrl\":\"https:\/\/agrupacionespsoe.es\/melilla\/wp-content\/uploads\/sites\/120\/2026\/08\/2026-08-06_JJMartin-SolidaridadResponsabilidad-scaled.jpg\",\"width\":2560,\"height\":1707},{\"@type\":\"BreadcrumbList\",\"@id\":\"https:\/\/agrupacionespsoe.es\/melilla\/el-psoe-valora-positivamente-la-proxima-visita-de-los-reyes-a-la-ciudad\/#breadcrumb\",\"itemListElement\":[{\"@type\":\"ListItem\",\"position\":1,\"name\":\"Portada\",\"item\":\"https:\/\/agrupacionespsoe.es\/melilla\/\"},{\"@type\":\"ListItem\",\"position\":2,\"name\":\"El PSOE valora positivamente la pr\u00f3xima visita de los Reyes a la ciudad\"}]},{\"@type\":\"WebSite\",\"@id\":\"https:\/\/agrupacionespsoe.es\/melilla\/#website\",\"url\":\"https:\/\/agrupacionespsoe.es\/melilla\/\",\"name\":\"Agrupaci\u00f3n Socialista de Melilla\",\"description\":\"Agrupaci\u00f3n Socialista de Melilla\",\"publisher\":{\"@id\":\"https:\/\/agrupacionespsoe.es\/melilla\/#organization\"},\"potentialAction\":[{\"@type\":\"SearchAction\",\"target\":{\"@type\":\"EntryPoint\",\"urlTemplate\":\"https:\/\/agrupacionespsoe.es\/melilla\/?s={search_term_string}\"},\"query-input\":{\"@type\":\"PropertyValueSpecification\",\"valueRequired\":true,\"valueName\":\"search_term_string\"}}],\"inLanguage\":\"es\"},{\"@type\":\"Organization\",\"@id\":\"https:\/\/agrupacionespsoe.es\/melilla\/#organization\",\"name\":\"Agrupaci\u00f3n Socialista de Melilla\",\"url\":\"https:\/\/agrupacionespsoe.es\/melilla\/\",\"logo\":{\"@type\":\"ImageObject\",\"inLanguage\":\"es\",\"@id\":\"https:\/\/agrupacionespsoe.es\/melilla\/#\/schema\/logo\/image\/\",\"url\":\"https:\/\/agrupacionespsoe.es\/wp-content\/uploads\/2022\/07\/Logotipo_electoral_del_PSOE.png\",\"contentUrl\":\"https:\/\/agrupacionespsoe.es\/wp-content\/uploads\/2022\/07\/Logotipo_electoral_del_PSOE.png\",\"width\":422,\"height\":422,\"caption\":\"Agrupaci\u00f3n Socialista de Melilla\"},\"image\":{\"@id\":\"https:\/\/agrupacionespsoe.es\/melilla\/#\/schema\/logo\/image\/\"}},{\"@type\":\"Person\",\"@id\":\"https:\/\/agrupacionespsoe.es\/melilla\/#\/schema\/person\/72bb3075a827d0ed0623682b96c92bd6\",\"name\":\"melilla2\",\"image\":{\"@type\":\"ImageObject\",\"inLanguage\":\"es\",\"@id\":\"https:\/\/agrupacionespsoe.es\/melilla\/#\/schema\/person\/image\/\",\"url\":\"https:\/\/secure.gravatar.com\/avatar\/489a178e794e59f00db13a448aabca16?s=96&d=mm&r=g\",\"contentUrl\":\"https:\/\/secure.gravatar.com\/avatar\/489a178e794e59f00db13a448aabca16?s=96&d=mm&r=g\",\"caption\":\"melilla2\"},\"url\":\"https:\/\/agrupacionespsoe.es\/melilla\/author\/melilla2\/\"}]}<\/script>\n<!-- \/ Yoast SEO plugin. -->","yoast_head_json":{"title":"El PSOE valora positivamente la pr\u00f3xima visita de los Reyes a la ciudad - Agrupaci\u00f3n Socialista de Melilla","robots":{"index":"index","follow":"follow","max-snippet":"max-snippet:-1","max-image-preview":"max-image-preview:large","max-video-preview":"max-video-preview:-1"},"canonical":"https:\/\/agrupacionespsoe.es\/melilla\/el-psoe-valora-positivamente-la-proxima-visita-de-los-reyes-a-la-ciudad\/","og_locale":"es_ES","og_type":"article","og_title":"El PSOE valora positivamente la pr\u00f3xima visita de los Reyes a la ciudad - Agrupaci\u00f3n Socialista de Melilla","og_description":"\u201cLos Gobiernos socialistas siempre han apostado por acercar el Estado a Melilla\u201d, subrayan El secretario de Organizaci\u00f3n del PSOE de Melilla, Juan Jos\u00e9 Mart\u00edn, ha valorado positivamente el anuncio realizado hoy por el presidente del Gobierno, Pedro S\u00e1nchez, sobre la pr\u00f3xima visita de los Reyes de Espa\u00f1a a Ceuta y Melilla. Mart\u00edn ha destacado que ...","og_url":"https:\/\/agrupacionespsoe.es\/melilla\/el-psoe-valora-positivamente-la-proxima-visita-de-los-reyes-a-la-ciudad\/","og_site_name":"Agrupaci\u00f3n Socialista de Melilla","article_published_time":"2026-09-03T12:23:05+00:00","og_image":[{"width":2560,"height":1707,"url":"https:\/\/agrupacionespsoe.es\/melilla\/wp-content\/uploads\/sites\/120\/2026\/08\/2026-08-06_JJMartin-SolidaridadResponsabilidad-scaled.jpg","type":"image\/jpeg"}],"author":"melilla2","twitter_card":"summary_large_image","twitter_misc":{"Escrito por":"melilla2","Tiempo de lectura":"2 minutos"},"schema":{"@context":"https:\/\/schema.org","@graph":[{"@type":"Article","@id":"https:\/\/agrupacionespsoe.es\/melilla\/el-psoe-valora-positivamente-la-proxima-visita-de-los-reyes-a-la-ciudad\/#article","isPartOf":{"@id":"https:\/\/agrupacionespsoe.es\/melilla\/el-psoe-valora-positivamente-la-proxima-visita-de-los-reyes-a-la-ciudad\/"},"author":{"name":"melilla2","@id":"https:\/\/agrupacionespsoe.es\/melilla\/#\/schema\/person\/72bb3075a827d0ed0623682b96c92bd6"},"headline":"El PSOE valora positivamente la pr\u00f3xima visita de los Reyes a la ciudad","datePublished":"2026-09-03T12:23:05+00:00","dateModified":"2026-09-03T12:23:05+00:00","mainEntityOfPage":{"@id":"https:\/\/agrupacionespsoe.es\/melilla\/el-psoe-valora-positivamente-la-proxima-visita-de-los-reyes-a-la-ciudad\/"},"wordCount":369,"commentCount":0,"publisher":{"@id":"https:\/\/agrupacionespsoe.es\/melilla\/#organization"},"image":{"@id":"https:\/\/agrupacionespsoe.es\/melilla\/el-psoe-valora-positivamente-la-proxima-visita-de-los-reyes-a-la-ciudad\/#primaryimage"},"thumbnailUrl":"https:\/\/agrupacionespsoe.es\/melilla\/wp-content\/uploads\/sites\/120\/2026\/08\/2026-08-06_JJMartin-SolidaridadResponsabilidad-scaled.jpg","articleSection":["Actualidad"],"inLanguage":"es","potentialAction":[{"@type":"CommentAction","name":"Comment","target":["https:\/\/agrupacionespsoe.es\/melilla\/el-psoe-valora-positivamente-la-proxima-visita-de-los-reyes-a-la-ciudad\/#respond"]}]},{"@type":"WebPage","@id":"https:\/\/agrupacionespsoe.es\/melilla\/el-psoe-valora-positivamente-la-proxima-visita-de-los-reyes-a-la-ciudad\/","url":"https:\/\/agrupacionespsoe.es\/melilla\/el-psoe-valora-positivamente-la-proxima-visita-de-los-reyes-a-la-ciudad\/","name":"El PSOE valora positivamente la pr\u00f3xima visita de los Reyes a la ciudad - Agrupaci\u00f3n Socialista de Melilla","isPartOf":{"@id":"https:\/\/agrupacionespsoe.es\/melilla\/#website"},"primaryImageOfPage":{"@id":"https:\/\/agrupacionespsoe.es\/melilla\/el-psoe-valora-positivamente-la-proxima-visita-de-los-reyes-a-la-ciudad\/#primaryimage"},"image":{"@id":"https:\/\/agrupacionespsoe.es\/melilla\/el-psoe-valora-positivamente-la-proxima-visita-de-los-reyes-a-la-ciudad\/#primaryimage"},"thumbnailUrl":"https:\/\/agrupacionespsoe.es\/melilla\/wp-content\/uploads\/sites\/120\/2026\/08\/2026-08-06_JJMartin-SolidaridadResponsabilidad-scaled.jpg","datePublished":"2026-09-03T12:23:05+00:00","dateModified":"2026-09-03T12:23:05+00:00","breadcrumb":{"@id":"https:\/\/agrupacionespsoe.es\/melilla\/el-psoe-valora-positivamente-la-proxima-visita-de-los-reyes-a-la-ciudad\/#breadcrumb"},"inLanguage":"es","potentialAction":[{"@type":"ReadAction","target":["https:\/\/agrupacionespsoe.es\/melilla\/el-psoe-valora-positivamente-la-proxima-visita-de-los-reyes-a-la-ciudad\/"]}]},{"@type":"ImageObject","inLanguage":"es","@id":"https:\/\/agrupacionespsoe.es\/melilla\/el-psoe-valora-positivamente-la-proxima-visita-de-los-reyes-a-la-ciudad\/#primaryimage","url":"https:\/\/agrupacionespsoe.es\/melilla\/wp-content\/uploads\/sites\/120\/2026\/08\/2026-08-06_JJMartin-SolidaridadResponsabilidad-scaled.jpg","contentUrl":"https:\/\/agrupacionespsoe.es\/melilla\/wp-content\/uploads\/sites\/120\/2026\/08\/2026-08-06_JJMartin-SolidaridadResponsabilidad-scaled.jpg","width":2560,"height":1707},{"@type":"BreadcrumbList","@id":"https:\/\/agrupacionespsoe.es\/melilla\/el-psoe-valora-positivamente-la-proxima-visita-de-los-reyes-a-la-ciudad\/#breadcrumb","itemListElement":[{"@type":"ListItem","position":1,"name":"Portada","item":"https:\/\/agrupacionespsoe.es\/melilla\/"},{"@type":"ListItem","position":2,"name":"El PSOE valora positivamente la pr\u00f3xima visita de los Reyes a la ciudad"}]},{"@type":"WebSite","@id":"https:\/\/agrupacionespsoe.es\/melilla\/#website","url":"https:\/\/agrupacionespsoe.es\/melilla\/","name":"Agrupaci\u00f3n Socialista de Melilla","description":"Agrupaci\u00f3n Socialista de Melilla","publisher":{"@id":"https:\/\/agrupacionespsoe.es\/melilla\/#organization"},"potentialAction":[{"@type":"SearchAction","target":{"@type":"EntryPoint","urlTemplate":"https:\/\/agrupacionespsoe.es\/melilla\/?s={search_term_string}"},"query-input":{"@type":"PropertyValueSpecification","valueRequired":true,"valueName":"search_term_string"}}],"inLanguage":"es"},{"@type":"Organization","@id":"https:\/\/agrupacionespsoe.es\/melilla\/#organization","name":"Agrupaci\u00f3n Socialista de Melilla","url":"https:\/\/agrupacionespsoe.es\/melilla\/","logo":{"@type":"ImageObject","inLanguage":"es","@id":"https:\/\/agrupacionespsoe.es\/melilla\/#\/schema\/logo\/image\/","url":"https:\/\/agrupacionespsoe.es\/wp-content\/uploads\/2022\/07\/Logotipo_electoral_del_PSOE.png","contentUrl":"https:\/\/agrupacionespsoe.es\/wp-content\/uploads\/2022\/07\/Logotipo_electoral_del_PSOE.png","width":422,"height":422,"caption":"Agrupaci\u00f3n Socialista de Melilla"},"image":{"@id":"https:\/\/agrupacionespsoe.es\/melilla\/#\/schema\/logo\/image\/"}},{"@type":"Person","@id":"https:\/\/agrupacionespsoe.es\/melilla\/#\/schema\/person\/72bb3075a827d0ed0623682b96c92bd6","name":"melilla2","image":{"@type":"ImageObject","inLanguage":"es","@id":"https:\/\/agrupacionespsoe.es\/melilla\/#\/schema\/person\/image\/","url":"https:\/\/secure.gravatar.com\/avatar\/489a178e794e59f00db13a448aabca16?s=96&d=mm&r=g","contentUrl":"https:\/\/secure.gravatar.com\/avatar\/489a178e794e59f00db13a448aabca16?s=96&d=mm&r=g","caption":"melilla2"},"url":"https:\/\/agrupacionespsoe.es\/melilla\/author\/melilla2\/"}]}},"jetpack_featured_media_url":"https:\/\/agrupacionespsoe.es\/melilla\/wp-content\/uploads\/sites\/120\/2026\/08\/2026-08-06_JJMartin-SolidaridadResponsabilidad-scaled.jpg","jetpack_sharing_enabled":true,"_links":{"self":[{"href":"https:\/\/agrupacionespsoe.es\/melilla\/wp-json\/wp\/v2\/posts\/3007","targetHints":{"allow":["GET"]}}],"collection":[{"href":"https:\/\/agrupacionespsoe.es\/melilla\/wp-json\/wp\/v2\/posts"}],"about":[{"href":"https:\/\/agrupacionespsoe.es\/melilla\/wp-json\/wp\/v2\/types\/post"}],"author":[{"embeddable":true,"href":"https:\/\/agrupacionespsoe.es\/melilla\/wp-json\/wp\/v2\/users\/187"}],"replies":[{"embeddable":true,"href":"https:\/\/agrupacionespsoe.es\/melilla\/wp-json\/wp\/v2\/comments?post=3007"}],"version-history":[{"count":1,"href":"https:\/\/agrupacionespsoe.es\/melilla\/wp-json\/wp\/v2\/posts\/3007\/revisions"}],"predecessor-version":[{"id":3008,"href":"https:\/\/agrupacionespsoe.es\/melilla\/wp-json\/wp\/v2\/posts\/3007\/revisions\/3008"}],"wp:featuredmedia":[{"embeddable":true,"href":"https:\/\/agrupacionespsoe.es\/melilla\/wp-json\/wp\/v2\/media\/2974"}],"wp:attachment":[{"href":"https:\/\/agrupacionespsoe.es\/melilla\/wp-json\/wp\/v2\/media?parent=3007"}],"wp:term":[{"taxonomy":"category","embeddable":true,"href":"https:\/\/agrupacionespsoe.es\/melilla\/wp-json\/wp\/v2\/categories?post=3007"},{"taxonomy":"post_tag","embeddable":true,"href":"https:\/\/agrupacionespsoe.es\/melilla\/wp-json\/wp\/v2\/tags?post=3007"}],"curies":[{"name":"wp","href":"https:\/\/api.w.org\/{rel}","templated":true}]}}