{"id":3000,"date":"2026-08-25T09:35:11","date_gmt":"2026-08-25T09:35:11","guid":{"rendered":"https:\/\/agrupacionespsoe.es\/melilla\/?p=3000"},"modified":"2026-08-25T09:35:12","modified_gmt":"2026-08-25T09:35:12","slug":"riduan-moh-la-soberania-espanola-de-ceuta-y-melilla-es-indiscutible-y-esta-por-encima-de-cualquier-interes-partidista","status":"publish","type":"post","link":"https:\/\/agrupacionespsoe.es\/melilla\/riduan-moh-la-soberania-espanola-de-ceuta-y-melilla-es-indiscutible-y-esta-por-encima-de-cualquier-interes-partidista\/","title":{"rendered":"Riduan Moh: \u201cLa soberan\u00eda espa\u00f1ola de Ceuta y Melilla es indiscutible y est\u00e1 por encima de cualquier inter\u00e9s partidista\u201d"},"content":{"rendered":"\n<p><strong>El portavoz sostiene que \u201cel PP no ha buscado un consenso sobre Ceuta, ha querido que todos asumamos su discurso contra el Gobierno de Espa\u00f1a\u201d<\/strong><\/p>\n\n\n\n<p>El PSOE de Melilla ha defendido que la soberan\u00eda espa\u00f1ola de Ceuta y Melilla es indiscutible y que la defensa de ambas ciudades aut\u00f3nomas debe quedar siempre al margen de cualquier estrategia partidista.<\/p>\n\n\n\n<p>El portavoz socialista en la Asamblea, Riduan Moh, ha se\u00f1alado que \u201cCeuta y Melilla son espa\u00f1olas y lo van a seguir siendo. No hay ning\u00fan debate posible sobre nuestra espa\u00f1olidad ni sobre nuestra soberan\u00eda\u201d. \u201cLos socialistas melillenses hemos defendido y vamos a defender siempre a nuestras dos ciudades y a sus ciudadanos y ciudadanas\u201d, ha afirmado.<\/p>\n\n\n\n<p>Esta ma\u00f1ana se ha celebrado una comisi\u00f3n para que la Asamblea de la Ciudad Aut\u00f3noma de Melilla para abordar y consensuar una declaraci\u00f3n institucional sobre la situaci\u00f3n que atraviesa Ceuta y mostrar el apoyo de la ciudad de Melilla a los ceut\u00edes.<\/p>\n\n\n\n<p>La iniciativa parte de una propuesta planteada por el Partido Popular tras la declaraci\u00f3n realizada la pasada semana por el Consejo de Gobierno, y ten\u00eda como objetivo alcanzar un texto com\u00fan que pudiera ser respaldado por todos los grupos pol\u00edticos con representaci\u00f3n en la Asamblea.<\/p>\n\n\n\n<p>Moh ha explicado que el problema no est\u00e1 en que la Asamblea de Melilla se pronuncie sobre la situaci\u00f3n de Ceuta, sino en c\u00f3mo ha planteado el Partido Popular este debate.<\/p>\n\n\n\n<p>\u201cNosotros acudimos a la comisi\u00f3n con voluntad de buscar un texto com\u00fan, porque creemos que una cuesti\u00f3n como la defensa de Ceuta y Melilla merece el m\u00e1ximo consenso posible. Pero el Partido Popular no ha querido construir ese consenso\u201d, ha denunciado.<\/p>\n\n\n\n<p>\u201cTodo era una farsa, el objetivo del PP era exclusivamente atacar al Gobierno de Espa\u00f1a\u201d, ha lamentado. \u201cNosotros no vamos a permitir que Imbroda utilice a Ceuta por inter\u00e9s partidistas para hacer oposici\u00f3n al Gobierno de Espa\u00f1a\u201d, ha dejado claro.<\/p>\n\n\n\n<p>\u201cEstamos todos de acuerdo en que Ceuta es Espa\u00f1a, en que Melilla es Espa\u00f1a y en que hay que defender a nuestros ciudadanos y nuestras fronteras. Pero precisamente porque defendemos nuestras ciudades, no vamos a permitir que una cuesti\u00f3n tan seria se utilice como una herramienta de confrontaci\u00f3n pol\u00edtica\u201d, ha a\u00f1adido.<\/p>\n\n\n\n<p>El portavoz socialista ha reclamado que esta cuesti\u00f3n se aborde \u201ccon responsabilidad, con altura de miras y desde la unidad\u201d, especialmente en un momento de especial sensibilidad para la ciudad de Ceuta. \u201cCeuta necesita apoyo, coordinaci\u00f3n y responsabilidad. No necesita m\u00e1s crispaci\u00f3n pol\u00edtica\u201d, ha afirmado.<\/p>\n\n\n\n<p><strong>Falta memoria PP<\/strong><\/p>\n\n\n\n<p>Riduan Moh ha criticado adem\u00e1s la \u201cfalta de memoria\u201d del Partido Popular. \u201cEn 2014, cuando gobernaba Mariano Rajoy, su Gobierno anunci\u00f3 la ampliaci\u00f3n del espig\u00f3n del Tarajal, para, acto seguido, abandonar el proyecto y no precisamente pensando en los intereses de Espa\u00f1a\u201d, ha recordado.<\/p>\n\n\n\n<p>Por ello, el socialista ha pedido a los populares \u201cmenos hipocres\u00eda y m\u00e1s responsabilidad\u201d. \u201cFlaco favor le hace el PP a las ciudades aut\u00f3nomas abriendo debates que est\u00e1n m\u00e1s que superados en la sociedad espa\u00f1ola\u201d, ha enfatizado.<\/p>\n\n\n\n<p>As\u00ed, ha reiterado que \u201cCeuta y Melilla son Espa\u00f1a\u201d. \u201cSu soberan\u00eda es indiscutible. Est\u00e1 blindada por nuestra Constituci\u00f3n, por la legalidad vigente y por el compromiso inquebrantable del Estado con todo su territorio\u201d, ha hecho hincapi\u00e9.<\/p>\n\n\n\n<p>El PSOE de Melilla considera que la defensa de Ceuta y Melilla debe ser una cuesti\u00f3n de Estado y no una cuesti\u00f3n de partidos.<\/p>\n\n\n\n<p>\u201cLo que pedimos es que nadie utilice nuestras ciudades, nuestra frontera ni la preocupaci\u00f3n de nuestros ciudadanos para hacer pol\u00edtica partidista. Hay cuestiones que est\u00e1n por encima de los partidos y la defensa de Ceuta y Melilla es una de ellas\u201d, ha concluido.<\/p>\n","protected":false},"excerpt":{"rendered":"<p>El portavoz sostiene que \u201cel PP no ha buscado un consenso sobre Ceuta, ha querido que todos asumamos su discurso contra el Gobierno de Espa\u00f1a\u201d El PSOE de Melilla ha defendido que la soberan\u00eda espa\u00f1ola de Ceuta y Melilla es indiscutible y que la defensa de ambas ciudades aut\u00f3nomas debe quedar siempre al margen de &#8230;<\/p>\n","protected":false},"author":187,"featured_media":3001,"comment_status":"open","ping_status":"open","sticky":false,"template":"","format":"standard","meta":{"_jetpack_memberships_contains_paid_content":false,"footnotes":""},"categories":[7],"tags":[],"class_list":["post-3000","post","type-post","status-publish","format-standard","has-post-thumbnail","hentry","category-actualidad"],"yoast_head":"<!-- This site is optimized with the Yoast SEO plugin v24.0 - https:\/\/yoast.com\/wordpress\/plugins\/seo\/ -->\n<title>Riduan Moh: \u201cLa soberan\u00eda espa\u00f1ola de Ceuta y Melilla es indiscutible y est\u00e1 por encima de cualquier inter\u00e9s partidista\u201d - Agrupaci\u00f3n Socialista de Melilla<\/title>\n<meta name=\"robots\" content=\"index, follow, max-snippet:-1, max-image-preview:large, max-video-preview:-1\" \/>\n<link rel=\"canonical\" href=\"https:\/\/agrupacionespsoe.es\/melilla\/riduan-moh-la-soberania-espanola-de-ceuta-y-melilla-es-indiscutible-y-esta-por-encima-de-cualquier-interes-partidista\/\" \/>\n<meta property=\"og:locale\" content=\"es_ES\" \/>\n<meta property=\"og:type\" content=\"article\" \/>\n<meta property=\"og:title\" content=\"Riduan Moh: \u201cLa soberan\u00eda espa\u00f1ola de Ceuta y Melilla es indiscutible y est\u00e1 por encima de cualquier inter\u00e9s partidista\u201d - Agrupaci\u00f3n Socialista de Melilla\" \/>\n<meta property=\"og:description\" content=\"El portavoz sostiene que \u201cel PP no ha buscado un consenso sobre Ceuta, ha querido que todos asumamos su discurso contra el Gobierno de Espa\u00f1a\u201d El PSOE de Melilla ha defendido que la soberan\u00eda espa\u00f1ola de Ceuta y Melilla es indiscutible y que la defensa de ambas ciudades aut\u00f3nomas debe quedar siempre al margen de ...\" \/>\n<meta property=\"og:url\" content=\"https:\/\/agrupacionespsoe.es\/melilla\/riduan-moh-la-soberania-espanola-de-ceuta-y-melilla-es-indiscutible-y-esta-por-encima-de-cualquier-interes-partidista\/\" \/>\n<meta property=\"og:site_name\" content=\"Agrupaci\u00f3n Socialista de Melilla\" \/>\n<meta property=\"article:published_time\" content=\"2026-08-25T09:35:11+00:00\" \/>\n<meta property=\"article:modified_time\" content=\"2026-08-25T09:35:12+00:00\" \/>\n<meta property=\"og:image\" content=\"https:\/\/agrupacionespsoe.es\/melilla\/wp-content\/uploads\/sites\/120\/2026\/08\/WhatsApp-Image-2026-08-25-at-11.08.38.jpeg\" \/>\n\t<meta property=\"og:image:width\" content=\"2560\" \/>\n\t<meta property=\"og:image:height\" content=\"1706\" \/>\n\t<meta property=\"og:image:type\" content=\"image\/jpeg\" \/>\n<meta name=\"author\" content=\"melilla2\" \/>\n<meta name=\"twitter:card\" content=\"summary_large_image\" \/>\n<meta name=\"twitter:label1\" content=\"Escrito por\" \/>\n\t<meta name=\"twitter:data1\" content=\"melilla2\" \/>\n\t<meta name=\"twitter:label2\" content=\"Tiempo de lectura\" \/>\n\t<meta name=\"twitter:data2\" content=\"3 minutos\" \/>\n<script type=\"application\/ld+json\" class=\"yoast-schema-graph\">{\"@context\":\"https:\/\/schema.org\",\"@graph\":[{\"@type\":\"Article\",\"@id\":\"https:\/\/agrupacionespsoe.es\/melilla\/riduan-moh-la-soberania-espanola-de-ceuta-y-melilla-es-indiscutible-y-esta-por-encima-de-cualquier-interes-partidista\/#article\",\"isPartOf\":{\"@id\":\"https:\/\/agrupacionespsoe.es\/melilla\/riduan-moh-la-soberania-espanola-de-ceuta-y-melilla-es-indiscutible-y-esta-por-encima-de-cualquier-interes-partidista\/\"},\"author\":{\"name\":\"melilla2\",\"@id\":\"https:\/\/agrupacionespsoe.es\/melilla\/#\/schema\/person\/72bb3075a827d0ed0623682b96c92bd6\"},\"headline\":\"Riduan Moh: \u201cLa soberan\u00eda espa\u00f1ola de Ceuta y Melilla es indiscutible y est\u00e1 por encima de cualquier inter\u00e9s partidista\u201d\",\"datePublished\":\"2026-08-25T09:35:11+00:00\",\"dateModified\":\"2026-08-25T09:35:12+00:00\",\"mainEntityOfPage\":{\"@id\":\"https:\/\/agrupacionespsoe.es\/melilla\/riduan-moh-la-soberania-espanola-de-ceuta-y-melilla-es-indiscutible-y-esta-por-encima-de-cualquier-interes-partidista\/\"},\"wordCount\":676,\"commentCount\":0,\"publisher\":{\"@id\":\"https:\/\/agrupacionespsoe.es\/melilla\/#organization\"},\"image\":{\"@id\":\"https:\/\/agrupacionespsoe.es\/melilla\/riduan-moh-la-soberania-espanola-de-ceuta-y-melilla-es-indiscutible-y-esta-por-encima-de-cualquier-interes-partidista\/#primaryimage\"},\"thumbnailUrl\":\"https:\/\/agrupacionespsoe.es\/melilla\/wp-content\/uploads\/sites\/120\/2026\/08\/WhatsApp-Image-2026-08-25-at-11.08.38.jpeg\",\"articleSection\":[\"Actualidad\"],\"inLanguage\":\"es\",\"potentialAction\":[{\"@type\":\"CommentAction\",\"name\":\"Comment\",\"target\":[\"https:\/\/agrupacionespsoe.es\/melilla\/riduan-moh-la-soberania-espanola-de-ceuta-y-melilla-es-indiscutible-y-esta-por-encima-de-cualquier-interes-partidista\/#respond\"]}]},{\"@type\":\"WebPage\",\"@id\":\"https:\/\/agrupacionespsoe.es\/melilla\/riduan-moh-la-soberania-espanola-de-ceuta-y-melilla-es-indiscutible-y-esta-por-encima-de-cualquier-interes-partidista\/\",\"url\":\"https:\/\/agrupacionespsoe.es\/melilla\/riduan-moh-la-soberania-espanola-de-ceuta-y-melilla-es-indiscutible-y-esta-por-encima-de-cualquier-interes-partidista\/\",\"name\":\"Riduan Moh: \u201cLa soberan\u00eda espa\u00f1ola de Ceuta y Melilla es indiscutible y est\u00e1 por encima de cualquier inter\u00e9s partidista\u201d - Agrupaci\u00f3n Socialista de Melilla\",\"isPartOf\":{\"@id\":\"https:\/\/agrupacionespsoe.es\/melilla\/#website\"},\"primaryImageOfPage\":{\"@id\":\"https:\/\/agrupacionespsoe.es\/melilla\/riduan-moh-la-soberania-espanola-de-ceuta-y-melilla-es-indiscutible-y-esta-por-encima-de-cualquier-interes-partidista\/#primaryimage\"},\"image\":{\"@id\":\"https:\/\/agrupacionespsoe.es\/melilla\/riduan-moh-la-soberania-espanola-de-ceuta-y-melilla-es-indiscutible-y-esta-por-encima-de-cualquier-interes-partidista\/#primaryimage\"},\"thumbnailUrl\":\"https:\/\/agrupacionespsoe.es\/melilla\/wp-content\/uploads\/sites\/120\/2026\/08\/WhatsApp-Image-2026-08-25-at-11.08.38.jpeg\",\"datePublished\":\"2026-08-25T09:35:11+00:00\",\"dateModified\":\"2026-08-25T09:35:12+00:00\",\"breadcrumb\":{\"@id\":\"https:\/\/agrupacionespsoe.es\/melilla\/riduan-moh-la-soberania-espanola-de-ceuta-y-melilla-es-indiscutible-y-esta-por-encima-de-cualquier-interes-partidista\/#breadcrumb\"},\"inLanguage\":\"es\",\"potentialAction\":[{\"@type\":\"ReadAction\",\"target\":[\"https:\/\/agrupacionespsoe.es\/melilla\/riduan-moh-la-soberania-espanola-de-ceuta-y-melilla-es-indiscutible-y-esta-por-encima-de-cualquier-interes-partidista\/\"]}]},{\"@type\":\"ImageObject\",\"inLanguage\":\"es\",\"@id\":\"https:\/\/agrupacionespsoe.es\/melilla\/riduan-moh-la-soberania-espanola-de-ceuta-y-melilla-es-indiscutible-y-esta-por-encima-de-cualquier-interes-partidista\/#primaryimage\",\"url\":\"https:\/\/agrupacionespsoe.es\/melilla\/wp-content\/uploads\/sites\/120\/2026\/08\/WhatsApp-Image-2026-08-25-at-11.08.38.jpeg\",\"contentUrl\":\"https:\/\/agrupacionespsoe.es\/melilla\/wp-content\/uploads\/sites\/120\/2026\/08\/WhatsApp-Image-2026-08-25-at-11.08.38.jpeg\",\"width\":2560,\"height\":1706},{\"@type\":\"BreadcrumbList\",\"@id\":\"https:\/\/agrupacionespsoe.es\/melilla\/riduan-moh-la-soberania-espanola-de-ceuta-y-melilla-es-indiscutible-y-esta-por-encima-de-cualquier-interes-partidista\/#breadcrumb\",\"itemListElement\":[{\"@type\":\"ListItem\",\"position\":1,\"name\":\"Portada\",\"item\":\"https:\/\/agrupacionespsoe.es\/melilla\/\"},{\"@type\":\"ListItem\",\"position\":2,\"name\":\"Riduan Moh: \u201cLa soberan\u00eda espa\u00f1ola de Ceuta y Melilla es indiscutible y est\u00e1 por encima de cualquier inter\u00e9s partidista\u201d\"}]},{\"@type\":\"WebSite\",\"@id\":\"https:\/\/agrupacionespsoe.es\/melilla\/#website\",\"url\":\"https:\/\/agrupacionespsoe.es\/melilla\/\",\"name\":\"Agrupaci\u00f3n Socialista de Melilla\",\"description\":\"Agrupaci\u00f3n Socialista de Melilla\",\"publisher\":{\"@id\":\"https:\/\/agrupacionespsoe.es\/melilla\/#organization\"},\"potentialAction\":[{\"@type\":\"SearchAction\",\"target\":{\"@type\":\"EntryPoint\",\"urlTemplate\":\"https:\/\/agrupacionespsoe.es\/melilla\/?s={search_term_string}\"},\"query-input\":{\"@type\":\"PropertyValueSpecification\",\"valueRequired\":true,\"valueName\":\"search_term_string\"}}],\"inLanguage\":\"es\"},{\"@type\":\"Organization\",\"@id\":\"https:\/\/agrupacionespsoe.es\/melilla\/#organization\",\"name\":\"Agrupaci\u00f3n Socialista de Melilla\",\"url\":\"https:\/\/agrupacionespsoe.es\/melilla\/\",\"logo\":{\"@type\":\"ImageObject\",\"inLanguage\":\"es\",\"@id\":\"https:\/\/agrupacionespsoe.es\/melilla\/#\/schema\/logo\/image\/\",\"url\":\"https:\/\/agrupacionespsoe.es\/wp-content\/uploads\/2022\/07\/Logotipo_electoral_del_PSOE.png\",\"contentUrl\":\"https:\/\/agrupacionespsoe.es\/wp-content\/uploads\/2022\/07\/Logotipo_electoral_del_PSOE.png\",\"width\":422,\"height\":422,\"caption\":\"Agrupaci\u00f3n Socialista de Melilla\"},\"image\":{\"@id\":\"https:\/\/agrupacionespsoe.es\/melilla\/#\/schema\/logo\/image\/\"}},{\"@type\":\"Person\",\"@id\":\"https:\/\/agrupacionespsoe.es\/melilla\/#\/schema\/person\/72bb3075a827d0ed0623682b96c92bd6\",\"name\":\"melilla2\",\"image\":{\"@type\":\"ImageObject\",\"inLanguage\":\"es\",\"@id\":\"https:\/\/agrupacionespsoe.es\/melilla\/#\/schema\/person\/image\/\",\"url\":\"https:\/\/secure.gravatar.com\/avatar\/489a178e794e59f00db13a448aabca16?s=96&d=mm&r=g\",\"contentUrl\":\"https:\/\/secure.gravatar.com\/avatar\/489a178e794e59f00db13a448aabca16?s=96&d=mm&r=g\",\"caption\":\"melilla2\"},\"url\":\"https:\/\/agrupacionespsoe.es\/melilla\/author\/melilla2\/\"}]}<\/script>\n<!-- \/ Yoast SEO plugin. -->","yoast_head_json":{"title":"Riduan Moh: \u201cLa soberan\u00eda espa\u00f1ola de Ceuta y Melilla es indiscutible y est\u00e1 por encima de cualquier inter\u00e9s partidista\u201d - Agrupaci\u00f3n Socialista de Melilla","robots":{"index":"index","follow":"follow","max-snippet":"max-snippet:-1","max-image-preview":"max-image-preview:large","max-video-preview":"max-video-preview:-1"},"canonical":"https:\/\/agrupacionespsoe.es\/melilla\/riduan-moh-la-soberania-espanola-de-ceuta-y-melilla-es-indiscutible-y-esta-por-encima-de-cualquier-interes-partidista\/","og_locale":"es_ES","og_type":"article","og_title":"Riduan Moh: \u201cLa soberan\u00eda espa\u00f1ola de Ceuta y Melilla es indiscutible y est\u00e1 por encima de cualquier inter\u00e9s partidista\u201d - Agrupaci\u00f3n Socialista de Melilla","og_description":"El portavoz sostiene que \u201cel PP no ha buscado un consenso sobre Ceuta, ha querido que todos asumamos su discurso contra el Gobierno de Espa\u00f1a\u201d El PSOE de Melilla ha defendido que la soberan\u00eda espa\u00f1ola de Ceuta y Melilla es indiscutible y que la defensa de ambas ciudades aut\u00f3nomas debe quedar siempre al margen de ...","og_url":"https:\/\/agrupacionespsoe.es\/melilla\/riduan-moh-la-soberania-espanola-de-ceuta-y-melilla-es-indiscutible-y-esta-por-encima-de-cualquier-interes-partidista\/","og_site_name":"Agrupaci\u00f3n Socialista de Melilla","article_published_time":"2026-08-25T09:35:11+00:00","article_modified_time":"2026-08-25T09:35:12+00:00","og_image":[{"width":2560,"height":1706,"url":"https:\/\/agrupacionespsoe.es\/melilla\/wp-content\/uploads\/sites\/120\/2026\/08\/WhatsApp-Image-2026-08-25-at-11.08.38.jpeg","type":"image\/jpeg"}],"author":"melilla2","twitter_card":"summary_large_image","twitter_misc":{"Escrito por":"melilla2","Tiempo de lectura":"3 minutos"},"schema":{"@context":"https:\/\/schema.org","@graph":[{"@type":"Article","@id":"https:\/\/agrupacionespsoe.es\/melilla\/riduan-moh-la-soberania-espanola-de-ceuta-y-melilla-es-indiscutible-y-esta-por-encima-de-cualquier-interes-partidista\/#article","isPartOf":{"@id":"https:\/\/agrupacionespsoe.es\/melilla\/riduan-moh-la-soberania-espanola-de-ceuta-y-melilla-es-indiscutible-y-esta-por-encima-de-cualquier-interes-partidista\/"},"author":{"name":"melilla2","@id":"https:\/\/agrupacionespsoe.es\/melilla\/#\/schema\/person\/72bb3075a827d0ed0623682b96c92bd6"},"headline":"Riduan Moh: \u201cLa soberan\u00eda espa\u00f1ola de Ceuta y Melilla es indiscutible y est\u00e1 por encima de cualquier inter\u00e9s partidista\u201d","datePublished":"2026-08-25T09:35:11+00:00","dateModified":"2026-08-25T09:35:12+00:00","mainEntityOfPage":{"@id":"https:\/\/agrupacionespsoe.es\/melilla\/riduan-moh-la-soberania-espanola-de-ceuta-y-melilla-es-indiscutible-y-esta-por-encima-de-cualquier-interes-partidista\/"},"wordCount":676,"commentCount":0,"publisher":{"@id":"https:\/\/agrupacionespsoe.es\/melilla\/#organization"},"image":{"@id":"https:\/\/agrupacionespsoe.es\/melilla\/riduan-moh-la-soberania-espanola-de-ceuta-y-melilla-es-indiscutible-y-esta-por-encima-de-cualquier-interes-partidista\/#primaryimage"},"thumbnailUrl":"https:\/\/agrupacionespsoe.es\/melilla\/wp-content\/uploads\/sites\/120\/2026\/08\/WhatsApp-Image-2026-08-25-at-11.08.38.jpeg","articleSection":["Actualidad"],"inLanguage":"es","potentialAction":[{"@type":"CommentAction","name":"Comment","target":["https:\/\/agrupacionespsoe.es\/melilla\/riduan-moh-la-soberania-espanola-de-ceuta-y-melilla-es-indiscutible-y-esta-por-encima-de-cualquier-interes-partidista\/#respond"]}]},{"@type":"WebPage","@id":"https:\/\/agrupacionespsoe.es\/melilla\/riduan-moh-la-soberania-espanola-de-ceuta-y-melilla-es-indiscutible-y-esta-por-encima-de-cualquier-interes-partidista\/","url":"https:\/\/agrupacionespsoe.es\/melilla\/riduan-moh-la-soberania-espanola-de-ceuta-y-melilla-es-indiscutible-y-esta-por-encima-de-cualquier-interes-partidista\/","name":"Riduan Moh: \u201cLa soberan\u00eda espa\u00f1ola de Ceuta y Melilla es indiscutible y est\u00e1 por encima de cualquier inter\u00e9s partidista\u201d - Agrupaci\u00f3n Socialista de Melilla","isPartOf":{"@id":"https:\/\/agrupacionespsoe.es\/melilla\/#website"},"primaryImageOfPage":{"@id":"https:\/\/agrupacionespsoe.es\/melilla\/riduan-moh-la-soberania-espanola-de-ceuta-y-melilla-es-indiscutible-y-esta-por-encima-de-cualquier-interes-partidista\/#primaryimage"},"image":{"@id":"https:\/\/agrupacionespsoe.es\/melilla\/riduan-moh-la-soberania-espanola-de-ceuta-y-melilla-es-indiscutible-y-esta-por-encima-de-cualquier-interes-partidista\/#primaryimage"},"thumbnailUrl":"https:\/\/agrupacionespsoe.es\/melilla\/wp-content\/uploads\/sites\/120\/2026\/08\/WhatsApp-Image-2026-08-25-at-11.08.38.jpeg","datePublished":"2026-08-25T09:35:11+00:00","dateModified":"2026-08-25T09:35:12+00:00","breadcrumb":{"@id":"https:\/\/agrupacionespsoe.es\/melilla\/riduan-moh-la-soberania-espanola-de-ceuta-y-melilla-es-indiscutible-y-esta-por-encima-de-cualquier-interes-partidista\/#breadcrumb"},"inLanguage":"es","potentialAction":[{"@type":"ReadAction","target":["https:\/\/agrupacionespsoe.es\/melilla\/riduan-moh-la-soberania-espanola-de-ceuta-y-melilla-es-indiscutible-y-esta-por-encima-de-cualquier-interes-partidista\/"]}]},{"@type":"ImageObject","inLanguage":"es","@id":"https:\/\/agrupacionespsoe.es\/melilla\/riduan-moh-la-soberania-espanola-de-ceuta-y-melilla-es-indiscutible-y-esta-por-encima-de-cualquier-interes-partidista\/#primaryimage","url":"https:\/\/agrupacionespsoe.es\/melilla\/wp-content\/uploads\/sites\/120\/2026\/08\/WhatsApp-Image-2026-08-25-at-11.08.38.jpeg","contentUrl":"https:\/\/agrupacionespsoe.es\/melilla\/wp-content\/uploads\/sites\/120\/2026\/08\/WhatsApp-Image-2026-08-25-at-11.08.38.jpeg","width":2560,"height":1706},{"@type":"BreadcrumbList","@id":"https:\/\/agrupacionespsoe.es\/melilla\/riduan-moh-la-soberania-espanola-de-ceuta-y-melilla-es-indiscutible-y-esta-por-encima-de-cualquier-interes-partidista\/#breadcrumb","itemListElement":[{"@type":"ListItem","position":1,"name":"Portada","item":"https:\/\/agrupacionespsoe.es\/melilla\/"},{"@type":"ListItem","position":2,"name":"Riduan Moh: \u201cLa soberan\u00eda espa\u00f1ola de Ceuta y Melilla es indiscutible y est\u00e1 por encima de cualquier inter\u00e9s partidista\u201d"}]},{"@type":"WebSite","@id":"https:\/\/agrupacionespsoe.es\/melilla\/#website","url":"https:\/\/agrupacionespsoe.es\/melilla\/","name":"Agrupaci\u00f3n Socialista de Melilla","description":"Agrupaci\u00f3n Socialista de Melilla","publisher":{"@id":"https:\/\/agrupacionespsoe.es\/melilla\/#organization"},"potentialAction":[{"@type":"SearchAction","target":{"@type":"EntryPoint","urlTemplate":"https:\/\/agrupacionespsoe.es\/melilla\/?s={search_term_string}"},"query-input":{"@type":"PropertyValueSpecification","valueRequired":true,"valueName":"search_term_string"}}],"inLanguage":"es"},{"@type":"Organization","@id":"https:\/\/agrupacionespsoe.es\/melilla\/#organization","name":"Agrupaci\u00f3n Socialista de Melilla","url":"https:\/\/agrupacionespsoe.es\/melilla\/","logo":{"@type":"ImageObject","inLanguage":"es","@id":"https:\/\/agrupacionespsoe.es\/melilla\/#\/schema\/logo\/image\/","url":"https:\/\/agrupacionespsoe.es\/wp-content\/uploads\/2022\/07\/Logotipo_electoral_del_PSOE.png","contentUrl":"https:\/\/agrupacionespsoe.es\/wp-content\/uploads\/2022\/07\/Logotipo_electoral_del_PSOE.png","width":422,"height":422,"caption":"Agrupaci\u00f3n Socialista de Melilla"},"image":{"@id":"https:\/\/agrupacionespsoe.es\/melilla\/#\/schema\/logo\/image\/"}},{"@type":"Person","@id":"https:\/\/agrupacionespsoe.es\/melilla\/#\/schema\/person\/72bb3075a827d0ed0623682b96c92bd6","name":"melilla2","image":{"@type":"ImageObject","inLanguage":"es","@id":"https:\/\/agrupacionespsoe.es\/melilla\/#\/schema\/person\/image\/","url":"https:\/\/secure.gravatar.com\/avatar\/489a178e794e59f00db13a448aabca16?s=96&d=mm&r=g","contentUrl":"https:\/\/secure.gravatar.com\/avatar\/489a178e794e59f00db13a448aabca16?s=96&d=mm&r=g","caption":"melilla2"},"url":"https:\/\/agrupacionespsoe.es\/melilla\/author\/melilla2\/"}]}},"jetpack_featured_media_url":"https:\/\/agrupacionespsoe.es\/melilla\/wp-content\/uploads\/sites\/120\/2026\/08\/WhatsApp-Image-2026-08-25-at-11.08.38.jpeg","jetpack_sharing_enabled":true,"_links":{"self":[{"href":"https:\/\/agrupacionespsoe.es\/melilla\/wp-json\/wp\/v2\/posts\/3000","targetHints":{"allow":["GET"]}}],"collection":[{"href":"https:\/\/agrupacionespsoe.es\/melilla\/wp-json\/wp\/v2\/posts"}],"about":[{"href":"https:\/\/agrupacionespsoe.es\/melilla\/wp-json\/wp\/v2\/types\/post"}],"author":[{"embeddable":true,"href":"https:\/\/agrupacionespsoe.es\/melilla\/wp-json\/wp\/v2\/users\/187"}],"replies":[{"embeddable":true,"href":"https:\/\/agrupacionespsoe.es\/melilla\/wp-json\/wp\/v2\/comments?post=3000"}],"version-history":[{"count":1,"href":"https:\/\/agrupacionespsoe.es\/melilla\/wp-json\/wp\/v2\/posts\/3000\/revisions"}],"predecessor-version":[{"id":3002,"href":"https:\/\/agrupacionespsoe.es\/melilla\/wp-json\/wp\/v2\/posts\/3000\/revisions\/3002"}],"wp:featuredmedia":[{"embeddable":true,"href":"https:\/\/agrupacionespsoe.es\/melilla\/wp-json\/wp\/v2\/media\/3001"}],"wp:attachment":[{"href":"https:\/\/agrupacionespsoe.es\/melilla\/wp-json\/wp\/v2\/media?parent=3000"}],"wp:term":[{"taxonomy":"category","embeddable":true,"href":"https:\/\/agrupacionespsoe.es\/melilla\/wp-json\/wp\/v2\/categories?post=3000"},{"taxonomy":"post_tag","embeddable":true,"href":"https:\/\/agrupacionespsoe.es\/melilla\/wp-json\/wp\/v2\/tags?post=3000"}],"curies":[{"name":"wp","href":"https:\/\/api.w.org\/{rel}","templated":true}]}}