{"id":2982,"date":"2026-08-14T11:43:10","date_gmt":"2026-08-14T11:43:10","guid":{"rendered":"https:\/\/agrupacionespsoe.es\/melilla\/?p=2982"},"modified":"2026-08-14T11:43:11","modified_gmt":"2026-08-14T11:43:11","slug":"robles-destaca-que-los-fondos-europeos-ya-se-traducen-en-mas-oportunidades-para-melilla","status":"publish","type":"post","link":"https:\/\/agrupacionespsoe.es\/melilla\/robles-destaca-que-los-fondos-europeos-ya-se-traducen-en-mas-oportunidades-para-melilla\/","title":{"rendered":"Robles destaca que los fondos europeos \u201cya se traducen en m\u00e1s oportunidades para Melilla\u201d"},"content":{"rendered":"\n<p><strong>Pone en valor los 88 millones de euros movilizados por el Plan de Recuperaci\u00f3n y su impacto en el empleo, la sanidad, la formaci\u00f3n y el tejido empresarial<\/strong><\/p>\n\n\n\n<p>El portavoz del PSOE de Melilla, Rafa Robles, ha destacado que el Plan de Recuperaci\u00f3n, Transformaci\u00f3n y Resiliencia \u201cest\u00e1 demostrando que los fondos europeos sirven para mejorar la vida de la ciudadan\u00eda cuando se transforman en inversiones reales\u201d.<\/p>\n\n\n\n<p>Robles ha puesto en valor que el Gobierno de Espa\u00f1a ya ha movilizado 88 millones de euros en Melilla, beneficiando a 1.429 personas, aut\u00f3nomos, empresas y entidades.<\/p>\n\n\n\n<p>\u201cMuchas veces hablamos de fondos europeos como si fueran algo lejano, pero la realidad es que ese dinero ya est\u00e1 llegando a Melilla y se est\u00e1 convirtiendo en oportunidades para nuestra ciudad. Se traduce en m\u00e1s empleo, en mejores servicios p\u00fablicos, en apoyo a nuestras empresas y en inversiones que mejoran nuestro d\u00eda a d\u00eda\u201d, ha afirmado.<\/p>\n\n\n\n<p><strong>Invertir para construir futuro<\/strong><\/p>\n\n\n\n<p>El portavoz socialista ha recordado que estos recursos est\u00e1n permitiendo impulsar proyectos estrat\u00e9gicos como el nuevo Hospital Universitario, reforzar la Formaci\u00f3n Profesional, apoyar la digitalizaci\u00f3n de aut\u00f3nomos y peque\u00f1as empresas, mejorar barrios, avanzar en movilidad sostenible y desarrollar actuaciones en vivienda y eficiencia energ\u00e9tica.<\/p>\n\n\n\n<p>\u201cCada una de esas inversiones tiene un objetivo muy claro: que Melilla sea una ciudad con m\u00e1s oportunidades para trabajar, emprender, estudiar y vivir. Esa es la utilidad de los fondos europeos cuando existe una planificaci\u00f3n seria y una gesti\u00f3n comprometida\u201d, ha se\u00f1alado.<\/p>\n\n\n\n<p><strong>Una oportunidad que no se puede desaprovechar<\/strong><\/p>\n\n\n\n<p>Para Robles, el Plan de Recuperaci\u00f3n representa una oportunidad hist\u00f3rica para diversificar la econom\u00eda melillense y fortalecer los servicios p\u00fablicos.<\/p>\n\n\n\n<p>\u201cNo hablamos solo de ejecutar fondos. Hablamos de construir una ciudad mejor preparada para el futuro, con una econom\u00eda m\u00e1s moderna, empresas m\u00e1s competitivas y servicios p\u00fablicos m\u00e1s fuertes. Ese es el camino que est\u00e1 impulsando el Gobierno socialista\u201d, ha expresado.<\/p>\n\n\n\n<p>El portavoz ha defendido que la apuesta del Ejecutivo por Melilla demuestra que \u201ccuando las instituciones trabajan pensando en las personas, las inversiones dejan de ser cifras para convertirse en empleo, bienestar y oportunidades\u201d.<\/p>\n\n\n\n<p>\u201cEl PSOE seguir\u00e1 defendiendo que cada euro que llegue a Melilla se convierta en progreso para la ciudad y en una mejora real para la vida de los melillenses, porque esa es la mejor forma de construir el futuro que nuestra ciudad merece\u201d, ha concluido.<\/p>\n","protected":false},"excerpt":{"rendered":"<p>Pone en valor los 88 millones de euros movilizados por el Plan de Recuperaci\u00f3n y su impacto en el empleo, la sanidad, la formaci\u00f3n y el tejido empresarial El portavoz del PSOE de Melilla, Rafa Robles, ha destacado que el Plan de Recuperaci\u00f3n, Transformaci\u00f3n y Resiliencia \u201cest\u00e1 demostrando que los fondos europeos sirven para mejorar &#8230;<\/p>\n","protected":false},"author":187,"featured_media":2983,"comment_status":"open","ping_status":"open","sticky":false,"template":"","format":"standard","meta":{"_jetpack_memberships_contains_paid_content":false,"footnotes":""},"categories":[7],"tags":[],"class_list":["post-2982","post","type-post","status-publish","format-standard","has-post-thumbnail","hentry","category-actualidad"],"yoast_head":"<!-- This site is optimized with the Yoast SEO plugin v24.0 - https:\/\/yoast.com\/wordpress\/plugins\/seo\/ -->\n<title>Robles destaca que los fondos europeos \u201cya se traducen en m\u00e1s oportunidades para Melilla\u201d - Agrupaci\u00f3n Socialista de Melilla<\/title>\n<meta name=\"robots\" content=\"index, follow, max-snippet:-1, max-image-preview:large, max-video-preview:-1\" \/>\n<link rel=\"canonical\" href=\"https:\/\/agrupacionespsoe.es\/melilla\/robles-destaca-que-los-fondos-europeos-ya-se-traducen-en-mas-oportunidades-para-melilla\/\" \/>\n<meta property=\"og:locale\" content=\"es_ES\" \/>\n<meta property=\"og:type\" content=\"article\" \/>\n<meta property=\"og:title\" content=\"Robles destaca que los fondos europeos \u201cya se traducen en m\u00e1s oportunidades para Melilla\u201d - Agrupaci\u00f3n Socialista de Melilla\" \/>\n<meta property=\"og:description\" content=\"Pone en valor los 88 millones de euros movilizados por el Plan de Recuperaci\u00f3n y su impacto en el empleo, la sanidad, la formaci\u00f3n y el tejido empresarial El portavoz del PSOE de Melilla, Rafa Robles, ha destacado que el Plan de Recuperaci\u00f3n, Transformaci\u00f3n y Resiliencia \u201cest\u00e1 demostrando que los fondos europeos sirven para mejorar ...\" \/>\n<meta property=\"og:url\" content=\"https:\/\/agrupacionespsoe.es\/melilla\/robles-destaca-que-los-fondos-europeos-ya-se-traducen-en-mas-oportunidades-para-melilla\/\" \/>\n<meta property=\"og:site_name\" content=\"Agrupaci\u00f3n Socialista de Melilla\" \/>\n<meta property=\"article:published_time\" content=\"2026-08-14T11:43:10+00:00\" \/>\n<meta property=\"article:modified_time\" content=\"2026-08-14T11:43:11+00:00\" \/>\n<meta property=\"og:image\" content=\"https:\/\/agrupacionespsoe.es\/melilla\/wp-content\/uploads\/sites\/120\/2026\/08\/2026-08-14_RRobles_88M-FondosEuropeos-scaled.jpg\" \/>\n\t<meta property=\"og:image:width\" content=\"2560\" \/>\n\t<meta property=\"og:image:height\" content=\"1707\" \/>\n\t<meta property=\"og:image:type\" content=\"image\/jpeg\" \/>\n<meta name=\"author\" content=\"melilla2\" \/>\n<meta name=\"twitter:card\" content=\"summary_large_image\" \/>\n<meta name=\"twitter:label1\" content=\"Escrito por\" \/>\n\t<meta name=\"twitter:data1\" content=\"melilla2\" \/>\n\t<meta name=\"twitter:label2\" content=\"Tiempo de lectura\" \/>\n\t<meta name=\"twitter:data2\" content=\"2 minutos\" \/>\n<script type=\"application\/ld+json\" class=\"yoast-schema-graph\">{\"@context\":\"https:\/\/schema.org\",\"@graph\":[{\"@type\":\"Article\",\"@id\":\"https:\/\/agrupacionespsoe.es\/melilla\/robles-destaca-que-los-fondos-europeos-ya-se-traducen-en-mas-oportunidades-para-melilla\/#article\",\"isPartOf\":{\"@id\":\"https:\/\/agrupacionespsoe.es\/melilla\/robles-destaca-que-los-fondos-europeos-ya-se-traducen-en-mas-oportunidades-para-melilla\/\"},\"author\":{\"name\":\"melilla2\",\"@id\":\"https:\/\/agrupacionespsoe.es\/melilla\/#\/schema\/person\/72bb3075a827d0ed0623682b96c92bd6\"},\"headline\":\"Robles destaca que los fondos europeos \u201cya se traducen en m\u00e1s oportunidades para Melilla\u201d\",\"datePublished\":\"2026-08-14T11:43:10+00:00\",\"dateModified\":\"2026-08-14T11:43:11+00:00\",\"mainEntityOfPage\":{\"@id\":\"https:\/\/agrupacionespsoe.es\/melilla\/robles-destaca-que-los-fondos-europeos-ya-se-traducen-en-mas-oportunidades-para-melilla\/\"},\"wordCount\":431,\"commentCount\":0,\"publisher\":{\"@id\":\"https:\/\/agrupacionespsoe.es\/melilla\/#organization\"},\"image\":{\"@id\":\"https:\/\/agrupacionespsoe.es\/melilla\/robles-destaca-que-los-fondos-europeos-ya-se-traducen-en-mas-oportunidades-para-melilla\/#primaryimage\"},\"thumbnailUrl\":\"https:\/\/agrupacionespsoe.es\/melilla\/wp-content\/uploads\/sites\/120\/2026\/08\/2026-08-14_RRobles_88M-FondosEuropeos-scaled.jpg\",\"articleSection\":[\"Actualidad\"],\"inLanguage\":\"es\",\"potentialAction\":[{\"@type\":\"CommentAction\",\"name\":\"Comment\",\"target\":[\"https:\/\/agrupacionespsoe.es\/melilla\/robles-destaca-que-los-fondos-europeos-ya-se-traducen-en-mas-oportunidades-para-melilla\/#respond\"]}]},{\"@type\":\"WebPage\",\"@id\":\"https:\/\/agrupacionespsoe.es\/melilla\/robles-destaca-que-los-fondos-europeos-ya-se-traducen-en-mas-oportunidades-para-melilla\/\",\"url\":\"https:\/\/agrupacionespsoe.es\/melilla\/robles-destaca-que-los-fondos-europeos-ya-se-traducen-en-mas-oportunidades-para-melilla\/\",\"name\":\"Robles destaca que los fondos europeos \u201cya se traducen en m\u00e1s oportunidades para Melilla\u201d - Agrupaci\u00f3n Socialista de Melilla\",\"isPartOf\":{\"@id\":\"https:\/\/agrupacionespsoe.es\/melilla\/#website\"},\"primaryImageOfPage\":{\"@id\":\"https:\/\/agrupacionespsoe.es\/melilla\/robles-destaca-que-los-fondos-europeos-ya-se-traducen-en-mas-oportunidades-para-melilla\/#primaryimage\"},\"image\":{\"@id\":\"https:\/\/agrupacionespsoe.es\/melilla\/robles-destaca-que-los-fondos-europeos-ya-se-traducen-en-mas-oportunidades-para-melilla\/#primaryimage\"},\"thumbnailUrl\":\"https:\/\/agrupacionespsoe.es\/melilla\/wp-content\/uploads\/sites\/120\/2026\/08\/2026-08-14_RRobles_88M-FondosEuropeos-scaled.jpg\",\"datePublished\":\"2026-08-14T11:43:10+00:00\",\"dateModified\":\"2026-08-14T11:43:11+00:00\",\"breadcrumb\":{\"@id\":\"https:\/\/agrupacionespsoe.es\/melilla\/robles-destaca-que-los-fondos-europeos-ya-se-traducen-en-mas-oportunidades-para-melilla\/#breadcrumb\"},\"inLanguage\":\"es\",\"potentialAction\":[{\"@type\":\"ReadAction\",\"target\":[\"https:\/\/agrupacionespsoe.es\/melilla\/robles-destaca-que-los-fondos-europeos-ya-se-traducen-en-mas-oportunidades-para-melilla\/\"]}]},{\"@type\":\"ImageObject\",\"inLanguage\":\"es\",\"@id\":\"https:\/\/agrupacionespsoe.es\/melilla\/robles-destaca-que-los-fondos-europeos-ya-se-traducen-en-mas-oportunidades-para-melilla\/#primaryimage\",\"url\":\"https:\/\/agrupacionespsoe.es\/melilla\/wp-content\/uploads\/sites\/120\/2026\/08\/2026-08-14_RRobles_88M-FondosEuropeos-scaled.jpg\",\"contentUrl\":\"https:\/\/agrupacionespsoe.es\/melilla\/wp-content\/uploads\/sites\/120\/2026\/08\/2026-08-14_RRobles_88M-FondosEuropeos-scaled.jpg\",\"width\":2560,\"height\":1707},{\"@type\":\"BreadcrumbList\",\"@id\":\"https:\/\/agrupacionespsoe.es\/melilla\/robles-destaca-que-los-fondos-europeos-ya-se-traducen-en-mas-oportunidades-para-melilla\/#breadcrumb\",\"itemListElement\":[{\"@type\":\"ListItem\",\"position\":1,\"name\":\"Portada\",\"item\":\"https:\/\/agrupacionespsoe.es\/melilla\/\"},{\"@type\":\"ListItem\",\"position\":2,\"name\":\"Robles destaca que los fondos europeos \u201cya se traducen en m\u00e1s oportunidades para Melilla\u201d\"}]},{\"@type\":\"WebSite\",\"@id\":\"https:\/\/agrupacionespsoe.es\/melilla\/#website\",\"url\":\"https:\/\/agrupacionespsoe.es\/melilla\/\",\"name\":\"Agrupaci\u00f3n Socialista de Melilla\",\"description\":\"Agrupaci\u00f3n Socialista de Melilla\",\"publisher\":{\"@id\":\"https:\/\/agrupacionespsoe.es\/melilla\/#organization\"},\"potentialAction\":[{\"@type\":\"SearchAction\",\"target\":{\"@type\":\"EntryPoint\",\"urlTemplate\":\"https:\/\/agrupacionespsoe.es\/melilla\/?s={search_term_string}\"},\"query-input\":{\"@type\":\"PropertyValueSpecification\",\"valueRequired\":true,\"valueName\":\"search_term_string\"}}],\"inLanguage\":\"es\"},{\"@type\":\"Organization\",\"@id\":\"https:\/\/agrupacionespsoe.es\/melilla\/#organization\",\"name\":\"Agrupaci\u00f3n Socialista de Melilla\",\"url\":\"https:\/\/agrupacionespsoe.es\/melilla\/\",\"logo\":{\"@type\":\"ImageObject\",\"inLanguage\":\"es\",\"@id\":\"https:\/\/agrupacionespsoe.es\/melilla\/#\/schema\/logo\/image\/\",\"url\":\"https:\/\/agrupacionespsoe.es\/wp-content\/uploads\/2022\/07\/Logotipo_electoral_del_PSOE.png\",\"contentUrl\":\"https:\/\/agrupacionespsoe.es\/wp-content\/uploads\/2022\/07\/Logotipo_electoral_del_PSOE.png\",\"width\":422,\"height\":422,\"caption\":\"Agrupaci\u00f3n Socialista de Melilla\"},\"image\":{\"@id\":\"https:\/\/agrupacionespsoe.es\/melilla\/#\/schema\/logo\/image\/\"}},{\"@type\":\"Person\",\"@id\":\"https:\/\/agrupacionespsoe.es\/melilla\/#\/schema\/person\/72bb3075a827d0ed0623682b96c92bd6\",\"name\":\"melilla2\",\"image\":{\"@type\":\"ImageObject\",\"inLanguage\":\"es\",\"@id\":\"https:\/\/agrupacionespsoe.es\/melilla\/#\/schema\/person\/image\/\",\"url\":\"https:\/\/secure.gravatar.com\/avatar\/489a178e794e59f00db13a448aabca16?s=96&d=mm&r=g\",\"contentUrl\":\"https:\/\/secure.gravatar.com\/avatar\/489a178e794e59f00db13a448aabca16?s=96&d=mm&r=g\",\"caption\":\"melilla2\"},\"url\":\"https:\/\/agrupacionespsoe.es\/melilla\/author\/melilla2\/\"}]}<\/script>\n<!-- \/ Yoast SEO plugin. -->","yoast_head_json":{"title":"Robles destaca que los fondos europeos \u201cya se traducen en m\u00e1s oportunidades para Melilla\u201d - Agrupaci\u00f3n Socialista de Melilla","robots":{"index":"index","follow":"follow","max-snippet":"max-snippet:-1","max-image-preview":"max-image-preview:large","max-video-preview":"max-video-preview:-1"},"canonical":"https:\/\/agrupacionespsoe.es\/melilla\/robles-destaca-que-los-fondos-europeos-ya-se-traducen-en-mas-oportunidades-para-melilla\/","og_locale":"es_ES","og_type":"article","og_title":"Robles destaca que los fondos europeos \u201cya se traducen en m\u00e1s oportunidades para Melilla\u201d - Agrupaci\u00f3n Socialista de Melilla","og_description":"Pone en valor los 88 millones de euros movilizados por el Plan de Recuperaci\u00f3n y su impacto en el empleo, la sanidad, la formaci\u00f3n y el tejido empresarial El portavoz del PSOE de Melilla, Rafa Robles, ha destacado que el Plan de Recuperaci\u00f3n, Transformaci\u00f3n y Resiliencia \u201cest\u00e1 demostrando que los fondos europeos sirven para mejorar ...","og_url":"https:\/\/agrupacionespsoe.es\/melilla\/robles-destaca-que-los-fondos-europeos-ya-se-traducen-en-mas-oportunidades-para-melilla\/","og_site_name":"Agrupaci\u00f3n Socialista de Melilla","article_published_time":"2026-08-14T11:43:10+00:00","article_modified_time":"2026-08-14T11:43:11+00:00","og_image":[{"width":2560,"height":1707,"url":"https:\/\/agrupacionespsoe.es\/melilla\/wp-content\/uploads\/sites\/120\/2026\/08\/2026-08-14_RRobles_88M-FondosEuropeos-scaled.jpg","type":"image\/jpeg"}],"author":"melilla2","twitter_card":"summary_large_image","twitter_misc":{"Escrito por":"melilla2","Tiempo de lectura":"2 minutos"},"schema":{"@context":"https:\/\/schema.org","@graph":[{"@type":"Article","@id":"https:\/\/agrupacionespsoe.es\/melilla\/robles-destaca-que-los-fondos-europeos-ya-se-traducen-en-mas-oportunidades-para-melilla\/#article","isPartOf":{"@id":"https:\/\/agrupacionespsoe.es\/melilla\/robles-destaca-que-los-fondos-europeos-ya-se-traducen-en-mas-oportunidades-para-melilla\/"},"author":{"name":"melilla2","@id":"https:\/\/agrupacionespsoe.es\/melilla\/#\/schema\/person\/72bb3075a827d0ed0623682b96c92bd6"},"headline":"Robles destaca que los fondos europeos \u201cya se traducen en m\u00e1s oportunidades para Melilla\u201d","datePublished":"2026-08-14T11:43:10+00:00","dateModified":"2026-08-14T11:43:11+00:00","mainEntityOfPage":{"@id":"https:\/\/agrupacionespsoe.es\/melilla\/robles-destaca-que-los-fondos-europeos-ya-se-traducen-en-mas-oportunidades-para-melilla\/"},"wordCount":431,"commentCount":0,"publisher":{"@id":"https:\/\/agrupacionespsoe.es\/melilla\/#organization"},"image":{"@id":"https:\/\/agrupacionespsoe.es\/melilla\/robles-destaca-que-los-fondos-europeos-ya-se-traducen-en-mas-oportunidades-para-melilla\/#primaryimage"},"thumbnailUrl":"https:\/\/agrupacionespsoe.es\/melilla\/wp-content\/uploads\/sites\/120\/2026\/08\/2026-08-14_RRobles_88M-FondosEuropeos-scaled.jpg","articleSection":["Actualidad"],"inLanguage":"es","potentialAction":[{"@type":"CommentAction","name":"Comment","target":["https:\/\/agrupacionespsoe.es\/melilla\/robles-destaca-que-los-fondos-europeos-ya-se-traducen-en-mas-oportunidades-para-melilla\/#respond"]}]},{"@type":"WebPage","@id":"https:\/\/agrupacionespsoe.es\/melilla\/robles-destaca-que-los-fondos-europeos-ya-se-traducen-en-mas-oportunidades-para-melilla\/","url":"https:\/\/agrupacionespsoe.es\/melilla\/robles-destaca-que-los-fondos-europeos-ya-se-traducen-en-mas-oportunidades-para-melilla\/","name":"Robles destaca que los fondos europeos \u201cya se traducen en m\u00e1s oportunidades para Melilla\u201d - Agrupaci\u00f3n Socialista de Melilla","isPartOf":{"@id":"https:\/\/agrupacionespsoe.es\/melilla\/#website"},"primaryImageOfPage":{"@id":"https:\/\/agrupacionespsoe.es\/melilla\/robles-destaca-que-los-fondos-europeos-ya-se-traducen-en-mas-oportunidades-para-melilla\/#primaryimage"},"image":{"@id":"https:\/\/agrupacionespsoe.es\/melilla\/robles-destaca-que-los-fondos-europeos-ya-se-traducen-en-mas-oportunidades-para-melilla\/#primaryimage"},"thumbnailUrl":"https:\/\/agrupacionespsoe.es\/melilla\/wp-content\/uploads\/sites\/120\/2026\/08\/2026-08-14_RRobles_88M-FondosEuropeos-scaled.jpg","datePublished":"2026-08-14T11:43:10+00:00","dateModified":"2026-08-14T11:43:11+00:00","breadcrumb":{"@id":"https:\/\/agrupacionespsoe.es\/melilla\/robles-destaca-que-los-fondos-europeos-ya-se-traducen-en-mas-oportunidades-para-melilla\/#breadcrumb"},"inLanguage":"es","potentialAction":[{"@type":"ReadAction","target":["https:\/\/agrupacionespsoe.es\/melilla\/robles-destaca-que-los-fondos-europeos-ya-se-traducen-en-mas-oportunidades-para-melilla\/"]}]},{"@type":"ImageObject","inLanguage":"es","@id":"https:\/\/agrupacionespsoe.es\/melilla\/robles-destaca-que-los-fondos-europeos-ya-se-traducen-en-mas-oportunidades-para-melilla\/#primaryimage","url":"https:\/\/agrupacionespsoe.es\/melilla\/wp-content\/uploads\/sites\/120\/2026\/08\/2026-08-14_RRobles_88M-FondosEuropeos-scaled.jpg","contentUrl":"https:\/\/agrupacionespsoe.es\/melilla\/wp-content\/uploads\/sites\/120\/2026\/08\/2026-08-14_RRobles_88M-FondosEuropeos-scaled.jpg","width":2560,"height":1707},{"@type":"BreadcrumbList","@id":"https:\/\/agrupacionespsoe.es\/melilla\/robles-destaca-que-los-fondos-europeos-ya-se-traducen-en-mas-oportunidades-para-melilla\/#breadcrumb","itemListElement":[{"@type":"ListItem","position":1,"name":"Portada","item":"https:\/\/agrupacionespsoe.es\/melilla\/"},{"@type":"ListItem","position":2,"name":"Robles destaca que los fondos europeos \u201cya se traducen en m\u00e1s oportunidades para Melilla\u201d"}]},{"@type":"WebSite","@id":"https:\/\/agrupacionespsoe.es\/melilla\/#website","url":"https:\/\/agrupacionespsoe.es\/melilla\/","name":"Agrupaci\u00f3n Socialista de Melilla","description":"Agrupaci\u00f3n Socialista de Melilla","publisher":{"@id":"https:\/\/agrupacionespsoe.es\/melilla\/#organization"},"potentialAction":[{"@type":"SearchAction","target":{"@type":"EntryPoint","urlTemplate":"https:\/\/agrupacionespsoe.es\/melilla\/?s={search_term_string}"},"query-input":{"@type":"PropertyValueSpecification","valueRequired":true,"valueName":"search_term_string"}}],"inLanguage":"es"},{"@type":"Organization","@id":"https:\/\/agrupacionespsoe.es\/melilla\/#organization","name":"Agrupaci\u00f3n Socialista de Melilla","url":"https:\/\/agrupacionespsoe.es\/melilla\/","logo":{"@type":"ImageObject","inLanguage":"es","@id":"https:\/\/agrupacionespsoe.es\/melilla\/#\/schema\/logo\/image\/","url":"https:\/\/agrupacionespsoe.es\/wp-content\/uploads\/2022\/07\/Logotipo_electoral_del_PSOE.png","contentUrl":"https:\/\/agrupacionespsoe.es\/wp-content\/uploads\/2022\/07\/Logotipo_electoral_del_PSOE.png","width":422,"height":422,"caption":"Agrupaci\u00f3n Socialista de Melilla"},"image":{"@id":"https:\/\/agrupacionespsoe.es\/melilla\/#\/schema\/logo\/image\/"}},{"@type":"Person","@id":"https:\/\/agrupacionespsoe.es\/melilla\/#\/schema\/person\/72bb3075a827d0ed0623682b96c92bd6","name":"melilla2","image":{"@type":"ImageObject","inLanguage":"es","@id":"https:\/\/agrupacionespsoe.es\/melilla\/#\/schema\/person\/image\/","url":"https:\/\/secure.gravatar.com\/avatar\/489a178e794e59f00db13a448aabca16?s=96&d=mm&r=g","contentUrl":"https:\/\/secure.gravatar.com\/avatar\/489a178e794e59f00db13a448aabca16?s=96&d=mm&r=g","caption":"melilla2"},"url":"https:\/\/agrupacionespsoe.es\/melilla\/author\/melilla2\/"}]}},"jetpack_featured_media_url":"https:\/\/agrupacionespsoe.es\/melilla\/wp-content\/uploads\/sites\/120\/2026\/08\/2026-08-14_RRobles_88M-FondosEuropeos-scaled.jpg","jetpack_sharing_enabled":true,"_links":{"self":[{"href":"https:\/\/agrupacionespsoe.es\/melilla\/wp-json\/wp\/v2\/posts\/2982","targetHints":{"allow":["GET"]}}],"collection":[{"href":"https:\/\/agrupacionespsoe.es\/melilla\/wp-json\/wp\/v2\/posts"}],"about":[{"href":"https:\/\/agrupacionespsoe.es\/melilla\/wp-json\/wp\/v2\/types\/post"}],"author":[{"embeddable":true,"href":"https:\/\/agrupacionespsoe.es\/melilla\/wp-json\/wp\/v2\/users\/187"}],"replies":[{"embeddable":true,"href":"https:\/\/agrupacionespsoe.es\/melilla\/wp-json\/wp\/v2\/comments?post=2982"}],"version-history":[{"count":1,"href":"https:\/\/agrupacionespsoe.es\/melilla\/wp-json\/wp\/v2\/posts\/2982\/revisions"}],"predecessor-version":[{"id":2984,"href":"https:\/\/agrupacionespsoe.es\/melilla\/wp-json\/wp\/v2\/posts\/2982\/revisions\/2984"}],"wp:featuredmedia":[{"embeddable":true,"href":"https:\/\/agrupacionespsoe.es\/melilla\/wp-json\/wp\/v2\/media\/2983"}],"wp:attachment":[{"href":"https:\/\/agrupacionespsoe.es\/melilla\/wp-json\/wp\/v2\/media?parent=2982"}],"wp:term":[{"taxonomy":"category","embeddable":true,"href":"https:\/\/agrupacionespsoe.es\/melilla\/wp-json\/wp\/v2\/categories?post=2982"},{"taxonomy":"post_tag","embeddable":true,"href":"https:\/\/agrupacionespsoe.es\/melilla\/wp-json\/wp\/v2\/tags?post=2982"}],"curies":[{"name":"wp","href":"https:\/\/api.w.org\/{rel}","templated":true}]}}